{"id":28094,"date":"2016-12-14T11:00:44","date_gmt":"2016-12-14T10:00:44","guid":{"rendered":"http:\/\/www.tomajazz.com\/web\/?p=28094"},"modified":"2016-12-14T11:00:44","modified_gmt":"2016-12-14T10:00:44","slug":"jazz-in-california-fred-elizalde-and-the-hollywood-sunset-bands-1924-1926-timeless-holland-2000-por-julian-ruesga-bono-articulo","status":"publish","type":"post","link":"https:\/\/tomajazz.com\/web\/jazz-in-california-fred-elizalde-and-the-hollywood-sunset-bands-1924-1926-timeless-holland-2000-por-julian-ruesga-bono-articulo\/","title":{"rendered":"Jazz In California, Fred Elizalde and The Hollywood &#8211; Sunset Bands, 1924-1926 (Timeless Holland, 2000) por Juli\u00e1n Ruesga Bono [Art\u00edculo]"},"content":{"rendered":"<p style=\"text-align: justify;\"><img loading=\"lazy\" decoding=\"async\" class=\"alignleft wp-image-28095 size-medium\" src=\"http:\/\/www.tomajazz.com\/web\/wp-content\/uploads\/2016\/12\/Jazz-In-California-Fred-Elizalde-and-The-Hollywood-Sunset-Bands-1924-1926-Timeless-Holland-2000-200x198.jpg\" width=\"200\" height=\"198\" alt=\"\" title=\"\" srcset=\"https:\/\/tomajazz.com\/web\/wp-content\/uploads\/2016\/12\/Jazz-In-California-Fred-Elizalde-and-The-Hollywood-Sunset-Bands-1924-1926-Timeless-Holland-2000-200x198.jpg 200w, https:\/\/tomajazz.com\/web\/wp-content\/uploads\/2016\/12\/Jazz-In-California-Fred-Elizalde-and-The-Hollywood-Sunset-Bands-1924-1926-Timeless-Holland-2000-150x150.jpg 150w, https:\/\/tomajazz.com\/web\/wp-content\/uploads\/2016\/12\/Jazz-In-California-Fred-Elizalde-and-The-Hollywood-Sunset-Bands-1924-1926-Timeless-Holland-2000-600x595.jpg 600w, https:\/\/tomajazz.com\/web\/wp-content\/uploads\/2016\/12\/Jazz-In-California-Fred-Elizalde-and-The-Hollywood-Sunset-Bands-1924-1926-Timeless-Holland-2000-55x55.jpg 55w, https:\/\/tomajazz.com\/web\/wp-content\/uploads\/2016\/12\/Jazz-In-California-Fred-Elizalde-and-The-Hollywood-Sunset-Bands-1924-1926-Timeless-Holland-2000-50x50.jpg 50w, https:\/\/tomajazz.com\/web\/wp-content\/uploads\/2016\/12\/Jazz-In-California-Fred-Elizalde-and-The-Hollywood-Sunset-Bands-1924-1926-Timeless-Holland-2000.jpg 630w\" sizes=\"auto, (max-width: 200px) 100vw, 200px\" \/>Este CD presenta las que posiblemente sean las primeras grabaciones de un m\u00fasico de jazz espa\u00f1ol. Se llevaron a cabo en Hollywood, Los \u00c1ngeles, California, EUA, y las realiz\u00f3 Federico Elizalde \u2013<a href=\"http:\/\/www.tomajazz.com\/web\/?p=22701\">Fred Elizalde<\/a> en el mundo anglosaj\u00f3n. En el pasado mes de Junio se cumplieron noventa a\u00f1os de su realizaci\u00f3n. A falta de alguna rese\u00f1a, recuerdo, o simplemente cita, sirvan estas l\u00edneas como peque\u00f1o y b\u00e1sico homenaje al acontecimiento. A ver si en diez a\u00f1os hay m\u00e1s suerte y celebramos el centenario como corresponde.<\/p>\n<p style=\"text-align: justify;\">La corta y brillante presencia de <a href=\"https:\/\/www.youtube.com\/watch?v=fomrCOu86Yw\" target=\"_blank\" rel=\"noopener\">Federico Elizalde<\/a> en el mundo del jazz, poco m\u00e1s de cinco a\u00f1os, qued\u00f3 reducida casi exclusivamente al \u00e1mbito brit\u00e1nico. Elizalde naci\u00f3 en Manila en 1907 y se educ\u00f3 entre San Sebasti\u00e1n y Madrid. Fue un m\u00fasico precoz de gran talento, pianista, compositor, arreglista y director de orquesta. En 1924 se traslad\u00f3 a California con la intenci\u00f3n de estudiar Leyes en la Universidad de Stanford y es en este periodo cuando realiz\u00f3 estas grabaciones fonogr\u00e1ficas, en el mes de Junio de 1926, con la <a href=\"https:\/\/www.youtube.com\/watch?v=p3b5JuFfH4g\" target=\"_blank\" rel=\"noopener\">Cinderella Roof Orchestra<\/a>. Federico Elizalde ten\u00eda s\u00f3lo 19 a\u00f1os.<\/p>\n<p style=\"text-align: justify;\">Teniendo en cuenta que las famosas grabaciones de la Original Dixieland Jass Band, tomadas como las primeras grabaciones de jazz, fueron realizadas y editadas por la Victor Talking Machine Co. en 1917, estas grabaciones de Federico (Fred) Elizalde, s\u00f3lo nueve a\u00f1os despu\u00e9s, tienen su merito. Este CD, <a href=\"https:\/\/www.amazon.com\/Jazz-California-1924-1926-Fred-Elizalde\/dp\/B00004Y59L\/ref=sr_1_2?s=music&amp;ie=UTF8&amp;qid=1475649985&amp;sr=1-2&amp;keywords=fred+elizalde\" target=\"_blank\" rel=\"noopener\"><em>Fred Elizalde and the Hollywood\/Sunset Bands 1924-1926<\/em><\/a> (Timeless Holland, 2000), re\u00fane grabaciones de varias bandas de jazz californianas, realizadas a mitad de la d\u00e9cada de 1920 en Hollywood, para la empresa fonogr\u00e1fica Sunset. De Elizalde contiene un total de ocho temas con la <a href=\"https:\/\/www.youtube.com\/watch?v=dndRDepw2Iw\" target=\"_blank\" rel=\"noopener\">Cinderella Roof Orchestra<\/a>, y uno, \u00abSiam Blues\u00bb, composici\u00f3n de Elizalde, que graba solo al piano.<\/p>\n<p style=\"text-align: justify;\">Despu\u00e9s realizar estas grabaciones, en el Oto\u00f1o de 1926, Elizalde se instal\u00f3 en Londres y all\u00ed desarroll\u00f3 su exitosa y corta carrera en el jazz, entre 1927 y 1930, actuando en el famoso sal\u00f3n de bailes del Hotel Savoy y con grabaciones fonogr\u00e1ficas para British Brunswick y Decca. Algunos expertos mantienen que la m\u00fasica de Elizalde en Gran Breta\u00f1a represent\u00f3 la m\u00e1s aut\u00e9ntica e innovadora versi\u00f3n del jazz norteamericano en la Europa de entreguerras. Albert McCarthy, mantiene que la banda de Elizalde fue \u201csin ninguna duda el grupo m\u00e1s avanzado que toc\u00f3 en Gran Breta\u00f1a en la d\u00e9cada de 1920\u201d (McCarthy, 1974: 47). Eric Hobsbawm y Alyn Shipton, destacan la importante influencia que Elizalde y su banda ejercieron en la difusi\u00f3n y desarrollo de la m\u00fasica de jazz en Inglaterra durante la segunda mitad de la d\u00e9cada de 1920 (Hobsbawm, 2010: 310). Shipton se\u00f1ala que hasta la llegada a Gran Breta\u00f1a de las orquestas de Armstrong y Ellington, 1932-33, estil\u00edsticamente, la suya, fue la orquesta de jazz m\u00e1s influyente en la isla (Shipton 2007: 266). Peter Clayton y Peter Grammond, en la gu\u00eda, \u201cJazz, A-Z\u201d, escriben que la m\u00fasica que la banda tocaba \u201cera hot \u2013como se dec\u00eda entonces- y revolucionaria en el sentido ellingtoniano. Resultaba excesiva para la mayor\u00eda de los habituales del Savoy, pero aguant\u00f3 hasta 1929 e hizo en aquella \u00e9poca algunos discos raros y aun interesantes\u201d (Clayton y Gammond, 1990: 252). Por su parte, Daniel Nevers, en el <em>Diccionario del jazz<\/em> de Carles, Clergeat y Comolli, escribe la entrada sobre Elizalde y lo presenta como un \u201cdirector de orquesta y autor de arreglos claros y precisos, fue uno de los primeros en presentar en Inglaterra, de forma regular, una gran orquesta de estilo \u00e1gil y refinado, que contaba entre sus filas con varios de los mejores solistas blancos de la \u00e9poca\u201d (Carles, Clergeat y Comolli, 1995: 366).<\/p>\n<p style=\"text-align: justify;\">De la etapa inglesa de Elizalde dan cuenta dos \u00e1lbumes. Uno, <em>Cambridge University Jazz 1927-1936<\/em> (JOR-Jazz Oracle, 2009), un CD con grabaciones del jazz hecho por diferentes formaciones de la banda de la Universidad de Cambridge, seis de ellas con Elizalde dirigi\u00e9ndola en 1927. El otro \u00e1lbum es, <em>The Best of Fred Elizalde And His Anglo American Band 1928-1929 <\/em>(Retrieval, 2008), una selecci\u00f3n de sus mejores grabaciones, acompa\u00f1ado de su banda del Savoy, realizadas entre 1928 y 1929 en Londres.<\/p>\n<p style=\"text-align: justify;\">Para saber m\u00e1s de Elizalde se puede visitar esta p\u00e1gina de Tomajazz (<a href=\"http:\/\/www.tomajazz.com\/web\/?p=22701\">pinchar aqu\u00ed<\/a>) y tambi\u00e9n consultar: <em>Del Foxtrot al Jazz Flamenco, <\/em>de Jos\u00e9 Mar\u00eda Garc\u00eda Mart\u00ednez, que le dedica una extensa nota al final de su libro, en la p\u00e1gina 277. Lo dicho, sirvan estas l\u00edneas como m\u00ednimo recordatorio y celebraci\u00f3n.<\/p>\n<p style=\"text-align: right;\">\u00a9 Juli\u00e1n Ruesga Bono, 2016<\/p>\n<p>&nbsp;<\/p>\n<p><strong>Fuentes <\/strong><\/p>\n<ul>\n<li>Carles, Philippe; Clergeat, Andr\u00e9; Comolli, Jean-Louis.<br \/>\n1995. <em>Diccionario del Jazz<\/em>. Madrid: Anaya &amp; Mario Muchnick.<\/li>\n<li>Clayton, Peter; Gammond, Peter<br \/>\n1990. <em>Jazz A-Z. Gu\u00eda alfab\u00e9tica de los nombres, los lugares y la gente del jazz<\/em>. Madrid: Taurus.<\/li>\n<li>Garc\u00eda Mart\u00ednez, Jos\u00e9 Mar\u00eda<br \/>\n1996. <em>Del Foxtrot al Jazz Flamenco.<\/em> Madrid: Alianza Editorial.<\/li>\n<li>Hobsbawm, Eric J.<br \/>\n2010.<em> Historia Social do Jazz<\/em>. Sao Paulo: Edt. Paz e Terra.<\/li>\n<li>McCarthy, Albert<br \/>\n1974. <em>The Dance Band Era<\/em>. Londres: Spring Books.<\/li>\n<li>Shipton, Alyn<br \/>\n2007. <em>A new history of jazz.<\/em> Nueva York-Londres: Continuum.<\/li>\n<\/ul>\n","protected":false},"excerpt":{"rendered":"<p>Juli\u00e1n Ruesga Bono repasa las que probablemente sean las primeras grabaciones de jazz de un m\u00fasico espa\u00f1ol, Federico Elizalde, en el a\u00f1o en que se cumple su 90 aniversario. <span class=\"more-link\"><a href=\"https:\/\/tomajazz.com\/web\/jazz-in-california-fred-elizalde-and-the-hollywood-sunset-bands-1924-1926-timeless-holland-2000-por-julian-ruesga-bono-articulo\/\">Contin\u00faa leyendo<\/a><\/span><\/p>\n","protected":false},"author":1,"featured_media":28095,"comment_status":"open","ping_status":"closed","sticky":false,"template":"","format":"standard","meta":{"jetpack_post_was_ever_published":false,"_jetpack_newsletter_access":"","_jetpack_dont_email_post_to_subs":false,"_jetpack_newsletter_tier_id":0,"_jetpack_memberships_contains_paywalled_content":false,"_jetpack_memberships_contains_paid_content":false,"footnotes":""},"categories":[17854,78,15504,5,9,15517,1038],"tags":[13228,15305,12651,15698,12676,15185,18176,12696,16012,13,15699,12415,15295,603,15710,15307,15308,15309,15306,18177,16099,77,16100],"class_list":["entry","author-pachi","has-excerpt","post-28094","post","type-post","status-publish","format-standard","has-post-thumbnail","category-julian-ruesga-bono","category-afondo","category-articulos-afondo","category-grabaciones","category-perfiles","category-textos","category-contenidos","tag-articulo","tag-articulo-de-jazz","tag-cd","tag-cd-de-jazz","tag-critica","tag-federico-elizalde","tag-fred-elizalde","tag-grabaciones","tag-grabaciones-de-jazz","tag-jazz","tag-jazz-cd","tag-jazz-en-espana","tag-jazz-en-espanol","tag-julian-ruesga-bono","tag-la-actualidad-del-jazz-en-espana","tag-novedades-cd","tag-novedades-discograficas","tag-nuevas-ediciones","tag-resenas","tag-timeless-holland","tag-toma-jazz","tag-tomajazz","tag-tomajazz-toma-jazz"],"jetpack_featured_media_url":"https:\/\/tomajazz.com\/web\/wp-content\/uploads\/2016\/12\/Jazz-In-California-Fred-Elizalde-and-The-Hollywood-Sunset-Bands-1924-1926-Timeless-Holland-2000.jpg","jetpack_likes_enabled":true,"jetpack_sharing_enabled":true,"jetpack-related-posts":[{"id":22701,"url":"https:\/\/tomajazz.com\/web\/federico-fred-elizalde-por-julian-ruesga-bono\/","url_meta":{"origin":28094,"position":0},"title":"Federico (Fred) Elizalde. Por Juli\u00e1n Ruesga Bono","author":"Tomajazz","date":"22 marzo, 2016","format":false,"excerpt":"\u00a0 Cuando se habla o escribe de los primeros m\u00fasicos de jazz espa\u00f1oles, Federico Elizalde\u00a0nunca aparece, siempre queda fuera del relato. Es como si no hubiese existido, como si su vida cosmopolita lo hubiera difuminado, invisibiliz\u00e1ndolo. Los datos biogr\u00e1ficos, acerca de su carrera musical, se encuentran dispersos en infinidad de\u2026","rel":"","context":"En \u00ab*_Juli\u00e1n Ruesga Bono\u00bb","block_context":{"text":"*_Juli\u00e1n Ruesga Bono","link":"https:\/\/tomajazz.com\/web\/category\/julian-ruesga-bono\/"},"img":{"alt_text":"","src":"https:\/\/i0.wp.com\/tomajazz.com\/web\/wp-content\/uploads\/2016\/03\/image002.jpg?resize=350%2C200&ssl=1","width":350,"height":200,"srcset":"https:\/\/i0.wp.com\/tomajazz.com\/web\/wp-content\/uploads\/2016\/03\/image002.jpg?resize=350%2C200&ssl=1 1x, https:\/\/i0.wp.com\/tomajazz.com\/web\/wp-content\/uploads\/2016\/03\/image002.jpg?resize=525%2C300&ssl=1 1.5x"},"classes":[]},{"id":100004,"url":"https:\/\/tomajazz.com\/web\/todo-es-flamenco-rock-efe-eme-2025\/","url_meta":{"origin":28094,"position":1},"title":"Todo es flamenco rock (Efe Eme; 2025) por Antonio Jes\u00fas Garc\u00eda y Ram\u00f3n Garc\u00eda. Por Juli\u00e1n Ruesga Bono [Libro de jazz]","author":"Tomajazz","date":"2 octubre, 2025","format":false,"excerpt":"Juli\u00e1n Ruesga repasa el libro Todo es flamenco rock (Efe Eme; 2025) de Antonio Jes\u00fas Garc\u00eda y Ram\u00f3n Garc\u00eda","rel":"","context":"En \u00abLibros...\u00bb","block_context":{"text":"Libros...","link":"https:\/\/tomajazz.com\/web\/category\/contenidos\/textos\/libros\/"},"img":{"alt_text":"Todo es flamenco rock (Efe Eme; 2025) por Antonio Jes\u00fas Garc\u00eda y Ram\u00f3n Garc\u00eda. Por Juli\u00e1n Ruesga Bono [Libro de jazz] - Tomajazz","src":"https:\/\/i0.wp.com\/tomajazz.com\/web\/wp-content\/uploads\/2025\/10\/Antonio-Jesus-Garcia-y-Ramon-Garcia-Todo-es-flamenco-rock-2025-EfeEme-Tomajazz.jpg?resize=350%2C200&ssl=1","width":350,"height":200,"srcset":"https:\/\/i0.wp.com\/tomajazz.com\/web\/wp-content\/uploads\/2025\/10\/Antonio-Jesus-Garcia-y-Ramon-Garcia-Todo-es-flamenco-rock-2025-EfeEme-Tomajazz.jpg?resize=350%2C200&ssl=1 1x, https:\/\/i0.wp.com\/tomajazz.com\/web\/wp-content\/uploads\/2025\/10\/Antonio-Jesus-Garcia-y-Ramon-Garcia-Todo-es-flamenco-rock-2025-EfeEme-Tomajazz.jpg?resize=525%2C300&ssl=1 1.5x, https:\/\/i0.wp.com\/tomajazz.com\/web\/wp-content\/uploads\/2025\/10\/Antonio-Jesus-Garcia-y-Ramon-Garcia-Todo-es-flamenco-rock-2025-EfeEme-Tomajazz.jpg?resize=700%2C400&ssl=1 2x"},"classes":[]},{"id":35065,"url":"https:\/\/tomajazz.com\/web\/jazz-en-espanol-emision-7-de-febrero-de-2018-noticias\/","url_meta":{"origin":28094,"position":2},"title":"Jazz en espa\u00f1ol. Emisi\u00f3n 7 de febrero de 2018 [Noticias]","author":"Tomajazz","date":"7 febrero, 2018","format":false,"excerpt":"Jazz en espa\u00f1ol: m\u00fasica de dos continentes en un s\u00f3lo programa. Dirigido por Juli\u00e1n Ruesga Bono. Un programa en el que \"Intentamos conocer, y dar a conocer, el jazz de Latinoam\u00e9rica y Espa\u00f1a.\" El programa del 7 de febrero de 2018 lleva por t\u00edtulo \"Ariel Br\u00ednguez - Experience\". Presentaci\u00f3n del\u2026","rel":"","context":"En \u00ab*_Redacci\u00f3n\u00bb","block_context":{"text":"*_Redacci\u00f3n","link":"https:\/\/tomajazz.com\/web\/category\/redaccion\/"},"img":{"alt_text":"","src":"https:\/\/i0.wp.com\/tomajazz.com\/web\/wp-content\/uploads\/2017\/11\/Jazz-En-Espa%C3%B1ol.png?resize=350%2C200&ssl=1","width":350,"height":200,"srcset":"https:\/\/i0.wp.com\/tomajazz.com\/web\/wp-content\/uploads\/2017\/11\/Jazz-En-Espa%C3%B1ol.png?resize=350%2C200&ssl=1 1x, https:\/\/i0.wp.com\/tomajazz.com\/web\/wp-content\/uploads\/2017\/11\/Jazz-En-Espa%C3%B1ol.png?resize=525%2C300&ssl=1 1.5x"},"classes":[]},{"id":79174,"url":"https:\/\/tomajazz.com\/web\/revista-jazz-hitz-6\/","url_meta":{"origin":28094,"position":3},"title":"Revista Jazz Hitz 6 (Octubre de 2023) [Noticias de jazz]","author":"Tomajazz","date":"4 octubre, 2023","format":false,"excerpt":"Ya est\u00e1 disponible el n\u00famero de octubre de 2023 de la revista Jazz Hitz, Revista de investigaci\u00f3n de la m\u00fasica jazz #Noticiasdejazz","rel":"","context":"En \u00abNoticias\u00bb","block_context":{"text":"Noticias","link":"https:\/\/tomajazz.com\/web\/category\/contenidos\/noticias-2\/"},"img":{"alt_text":"Revista Jazz Hitz 6 (Octubre de 2023) [Noticias de jazz] - Tomajazz 9.0 - Ya est\u00e1 disponible el n\u00famero de octubre de 2023 de la revista Jazz Hitz, Revista de investigaci\u00f3n de la m\u00fasica jazz #Noticiasdejazz","src":"https:\/\/i0.wp.com\/tomajazz.com\/web\/wp-content\/uploads\/2023\/10\/Jazz-Hitz-6-2023-10.jpg?resize=350%2C200&ssl=1","width":350,"height":200,"srcset":"https:\/\/i0.wp.com\/tomajazz.com\/web\/wp-content\/uploads\/2023\/10\/Jazz-Hitz-6-2023-10.jpg?resize=350%2C200&ssl=1 1x, https:\/\/i0.wp.com\/tomajazz.com\/web\/wp-content\/uploads\/2023\/10\/Jazz-Hitz-6-2023-10.jpg?resize=525%2C300&ssl=1 1.5x"},"classes":[]},{"id":30703,"url":"https:\/\/tomajazz.com\/web\/rafael-garces-next-station-quadrant-records-2016-cd\/","url_meta":{"origin":28094,"position":4},"title":"Rafael Garc\u00e9s: Next Station (Quadrant Records, 2016) [CD]","author":"Tomajazz","date":"26 mayo, 2017","format":false,"excerpt":"Next Station, es un notable trabajo del cubano-espa\u00f1ol Rafael Garc\u00e9s, saxo y piano, adem\u00e1s de compositor y arreglista. Nacido en La Habana, Garc\u00e9s comenz\u00f3 su formaci\u00f3n musical muy joven, estudiando en el Conservatorio Nacional de M\u00fasica de La Habana y recibiendo posteriormente formaci\u00f3n de maestros como Rolando Ochoa o Carlos\u2026","rel":"","context":"En \u00ab*_Juli\u00e1n Ruesga Bono\u00bb","block_context":{"text":"*_Juli\u00e1n Ruesga Bono","link":"https:\/\/tomajazz.com\/web\/category\/julian-ruesga-bono\/"},"img":{"alt_text":"","src":"https:\/\/i0.wp.com\/tomajazz.com\/web\/wp-content\/uploads\/2016\/12\/Rafael-Garc%C3%A9s_Next-Station_Quadrant_2016.jpg?resize=350%2C200&ssl=1","width":350,"height":200},"classes":[]},{"id":100192,"url":"https:\/\/tomajazz.com\/web\/fredis-jazz-band-vol-2-temps-record-2024-por-pachi-tapiz-grabacion-de-jazz\/","url_meta":{"origin":28094,"position":5},"title":"Fredi&#8217;s Jazz Band: Vol. #2 (Temps Record; 2024) Por Pachi Tapiz [Grabaci\u00f3n de jazz]","author":"Tomajazz","date":"8 octubre, 2025","format":false,"excerpt":"Vol. #2 (Temps Record; 2024) es el t\u00edtulo del nuevo doble CD de Fredi's Jazz Band. Pachi Tapiz repasa la grabaci\u00f3n","rel":"","context":"En \u00abTomajazz (la revista) al completo\u00bb","block_context":{"text":"Tomajazz (la revista) al completo","link":"https:\/\/tomajazz.com\/web\/category\/contenidos\/"},"img":{"alt_text":"Fredi's Jazz Band: Vol. #2 (Temps Record; 2024) Por Pachi Tapiz [Grabaci\u00f3n de jazz] - Tomajazz - Vol. #2 (Temps Record; 2024) es el t\u00edtulo del nuevo doble CD de Fredi's Jazz Band.  Por Pachi Tapiz","src":"https:\/\/i0.wp.com\/tomajazz.com\/web\/wp-content\/uploads\/2025\/10\/Fredi-s-Jazz-Band-vol-2-2024-Tomajazz.jpg?resize=350%2C200&ssl=1","width":350,"height":200,"srcset":"https:\/\/i0.wp.com\/tomajazz.com\/web\/wp-content\/uploads\/2025\/10\/Fredi-s-Jazz-Band-vol-2-2024-Tomajazz.jpg?resize=350%2C200&ssl=1 1x, https:\/\/i0.wp.com\/tomajazz.com\/web\/wp-content\/uploads\/2025\/10\/Fredi-s-Jazz-Band-vol-2-2024-Tomajazz.jpg?resize=525%2C300&ssl=1 1.5x"},"classes":[]}],"_links":{"self":[{"href":"https:\/\/tomajazz.com\/web\/wp-json\/wp\/v2\/posts\/28094","targetHints":{"allow":["GET"]}}],"collection":[{"href":"https:\/\/tomajazz.com\/web\/wp-json\/wp\/v2\/posts"}],"about":[{"href":"https:\/\/tomajazz.com\/web\/wp-json\/wp\/v2\/types\/post"}],"author":[{"embeddable":true,"href":"https:\/\/tomajazz.com\/web\/wp-json\/wp\/v2\/users\/1"}],"replies":[{"embeddable":true,"href":"https:\/\/tomajazz.com\/web\/wp-json\/wp\/v2\/comments?post=28094"}],"version-history":[{"count":1,"href":"https:\/\/tomajazz.com\/web\/wp-json\/wp\/v2\/posts\/28094\/revisions"}],"predecessor-version":[{"id":28096,"href":"https:\/\/tomajazz.com\/web\/wp-json\/wp\/v2\/posts\/28094\/revisions\/28096"}],"wp:featuredmedia":[{"embeddable":true,"href":"https:\/\/tomajazz.com\/web\/wp-json\/wp\/v2\/media\/28095"}],"wp:attachment":[{"href":"https:\/\/tomajazz.com\/web\/wp-json\/wp\/v2\/media?parent=28094"}],"wp:term":[{"taxonomy":"category","embeddable":true,"href":"https:\/\/tomajazz.com\/web\/wp-json\/wp\/v2\/categories?post=28094"},{"taxonomy":"post_tag","embeddable":true,"href":"https:\/\/tomajazz.com\/web\/wp-json\/wp\/v2\/tags?post=28094"}],"curies":[{"name":"wp","href":"https:\/\/api.w.org\/{rel}","templated":true}]}}