{"id":28235,"date":"2016-12-21T14:18:45","date_gmt":"2016-12-21T13:18:45","guid":{"rendered":"http:\/\/www.tomajazz.com\/web\/?p=28235"},"modified":"2016-12-21T14:18:45","modified_gmt":"2016-12-21T13:18:45","slug":"hdo-212-novespain-2016-una-vez-mas-perico-sambeat-ensemble-plays-zappa-anthus-alfredo-garcia-quintet-pol-omedes-with-strings-seminal-jazz-eva-fernandez-podcast","status":"publish","type":"post","link":"https:\/\/tomajazz.com\/web\/hdo-212-novespain-2016-una-vez-mas-perico-sambeat-ensemble-plays-zappa-anthus-alfredo-garcia-quintet-pol-omedes-with-strings-seminal-jazz-eva-fernandez-podcast\/","title":{"rendered":"HDO 212. Novespain 2016&#8230; una vez m\u00e1s: Perico Sambeat Ensemble Plays Zappa, Anthus, Alfredo Garc\u00eda Quintet, Pol Omedes with Strings, Seminal Jazz, Eva Fern\u00e1ndez [Podcast]"},"content":{"rendered":"<p style=\"text-align: center;\"><img loading=\"lazy\" decoding=\"async\" class=\"aligncenter wp-image-28236 size-medium\" src=\"http:\/\/www.tomajazz.com\/web\/wp-content\/uploads\/2016\/12\/Alfredo-Garcia-Quintet_Blue-Line_Freecode-JazzRecords_2016-200x200.jpg\" width=\"200\" height=\"200\" alt=\"\" title=\"\" srcset=\"https:\/\/tomajazz.com\/web\/wp-content\/uploads\/2016\/12\/Alfredo-Garcia-Quintet_Blue-Line_Freecode-JazzRecords_2016-200x200.jpg 200w, https:\/\/tomajazz.com\/web\/wp-content\/uploads\/2016\/12\/Alfredo-Garcia-Quintet_Blue-Line_Freecode-JazzRecords_2016-150x150.jpg 150w, https:\/\/tomajazz.com\/web\/wp-content\/uploads\/2016\/12\/Alfredo-Garcia-Quintet_Blue-Line_Freecode-JazzRecords_2016-768x768.jpg 768w, https:\/\/tomajazz.com\/web\/wp-content\/uploads\/2016\/12\/Alfredo-Garcia-Quintet_Blue-Line_Freecode-JazzRecords_2016-600x600.jpg 600w, https:\/\/tomajazz.com\/web\/wp-content\/uploads\/2016\/12\/Alfredo-Garcia-Quintet_Blue-Line_Freecode-JazzRecords_2016-55x55.jpg 55w, https:\/\/tomajazz.com\/web\/wp-content\/uploads\/2016\/12\/Alfredo-Garcia-Quintet_Blue-Line_Freecode-JazzRecords_2016-50x50.jpg 50w, https:\/\/tomajazz.com\/web\/wp-content\/uploads\/2016\/12\/Alfredo-Garcia-Quintet_Blue-Line_Freecode-JazzRecords_2016.jpg 1200w\" sizes=\"auto, (max-width: 200px) 100vw, 200px\" \/><img loading=\"lazy\" decoding=\"async\" class=\"aligncenter wp-image-28237 size-medium\" src=\"http:\/\/www.tomajazz.com\/web\/wp-content\/uploads\/2016\/12\/Anthus_Calidoscopic_Temps-Record_2016-200x200.jpg\" width=\"200\" height=\"200\" alt=\"\" title=\"\" srcset=\"https:\/\/tomajazz.com\/web\/wp-content\/uploads\/2016\/12\/Anthus_Calidoscopic_Temps-Record_2016-200x200.jpg 200w, https:\/\/tomajazz.com\/web\/wp-content\/uploads\/2016\/12\/Anthus_Calidoscopic_Temps-Record_2016-150x150.jpg 150w, https:\/\/tomajazz.com\/web\/wp-content\/uploads\/2016\/12\/Anthus_Calidoscopic_Temps-Record_2016-600x600.jpg 600w, https:\/\/tomajazz.com\/web\/wp-content\/uploads\/2016\/12\/Anthus_Calidoscopic_Temps-Record_2016-55x55.jpg 55w, https:\/\/tomajazz.com\/web\/wp-content\/uploads\/2016\/12\/Anthus_Calidoscopic_Temps-Record_2016-50x50.jpg 50w, https:\/\/tomajazz.com\/web\/wp-content\/uploads\/2016\/12\/Anthus_Calidoscopic_Temps-Record_2016.jpg 701w\" sizes=\"auto, (max-width: 200px) 100vw, 200px\" \/><img loading=\"lazy\" decoding=\"async\" class=\"aligncenter wp-image-28238\" src=\"http:\/\/www.tomajazz.com\/web\/wp-content\/uploads\/2016\/12\/Eva-Fern\u00e1ndez_That-Darkness_Taller-de-Musics_2015.jpg\" width=\"200\" height=\"200\" alt=\"\" title=\"\" srcset=\"https:\/\/tomajazz.com\/web\/wp-content\/uploads\/2016\/12\/Eva-Fern\u00e1ndez_That-Darkness_Taller-de-Musics_2015.jpg 175w, https:\/\/tomajazz.com\/web\/wp-content\/uploads\/2016\/12\/Eva-Fern\u00e1ndez_That-Darkness_Taller-de-Musics_2015-150x150.jpg 150w, https:\/\/tomajazz.com\/web\/wp-content\/uploads\/2016\/12\/Eva-Fern\u00e1ndez_That-Darkness_Taller-de-Musics_2015-55x55.jpg 55w, https:\/\/tomajazz.com\/web\/wp-content\/uploads\/2016\/12\/Eva-Fern\u00e1ndez_That-Darkness_Taller-de-Musics_2015-50x50.jpg 50w\" sizes=\"auto, (max-width: 200px) 100vw, 200px\" \/><img loading=\"lazy\" decoding=\"async\" class=\"aligncenter wp-image-28239\" src=\"http:\/\/www.tomajazz.com\/web\/wp-content\/uploads\/2016\/12\/Perico-Sambeat_Plays-Zappa_Karonte_2016.jpeg\" width=\"200\" height=\"200\" alt=\"\" title=\"\" srcset=\"https:\/\/tomajazz.com\/web\/wp-content\/uploads\/2016\/12\/Perico-Sambeat_Plays-Zappa_Karonte_2016-150x150.jpeg 150w, https:\/\/tomajazz.com\/web\/wp-content\/uploads\/2016\/12\/Perico-Sambeat_Plays-Zappa_Karonte_2016-50x50.jpeg 50w\" sizes=\"auto, (max-width: 200px) 100vw, 200px\" \/><img loading=\"lazy\" decoding=\"async\" class=\"aligncenter wp-image-28240 size-medium\" src=\"http:\/\/www.tomajazz.com\/web\/wp-content\/uploads\/2016\/12\/Pol-Omedes-with-Strings_Mallorca_Fresh-Sound-New-Talent_2016-200x200.jpg\" width=\"200\" height=\"200\" alt=\"\" title=\"\" srcset=\"https:\/\/tomajazz.com\/web\/wp-content\/uploads\/2016\/12\/Pol-Omedes-with-Strings_Mallorca_Fresh-Sound-New-Talent_2016-200x200.jpg 200w, https:\/\/tomajazz.com\/web\/wp-content\/uploads\/2016\/12\/Pol-Omedes-with-Strings_Mallorca_Fresh-Sound-New-Talent_2016-150x150.jpg 150w, https:\/\/tomajazz.com\/web\/wp-content\/uploads\/2016\/12\/Pol-Omedes-with-Strings_Mallorca_Fresh-Sound-New-Talent_2016-55x55.jpg 55w, https:\/\/tomajazz.com\/web\/wp-content\/uploads\/2016\/12\/Pol-Omedes-with-Strings_Mallorca_Fresh-Sound-New-Talent_2016-50x50.jpg 50w, https:\/\/tomajazz.com\/web\/wp-content\/uploads\/2016\/12\/Pol-Omedes-with-Strings_Mallorca_Fresh-Sound-New-Talent_2016.jpg 600w\" sizes=\"auto, (max-width: 200px) 100vw, 200px\" \/><img loading=\"lazy\" decoding=\"async\" class=\"aligncenter wp-image-28241 size-medium\" src=\"http:\/\/www.tomajazz.com\/web\/wp-content\/uploads\/2016\/12\/Seminal-Jazz_Seminal-Jazz_Moskito-Rekords_2016-e1482314811931-200x179.jpg\" width=\"200\" height=\"200\" alt=\"\" title=\"\" srcset=\"https:\/\/tomajazz.com\/web\/wp-content\/uploads\/2016\/12\/Seminal-Jazz_Seminal-Jazz_Moskito-Rekords_2016-e1482314811931-150x150.jpg 150w, https:\/\/tomajazz.com\/web\/wp-content\/uploads\/2016\/12\/Seminal-Jazz_Seminal-Jazz_Moskito-Rekords_2016-e1482314811931-50x50.jpg 50w\" sizes=\"auto, (max-width: 200px) 100vw, 200px\" \/><\/p>\n<p style=\"text-align: justify;\">Media docena de novedades (casi) de 2016, que no hab\u00edan sonado todav\u00eda en HDO. En el programa de 21 de diciembre de 2016 escuchamos (a dos temas por obra) <strong>Perico Sambeat Ensemble<\/strong> <em>Plays Zappa <\/em>(Karonte, 2016) y que surje como una iniciativa del Jimmy Glass (\u00a1bravo desde aqu\u00ed!), <strong>Anthus<\/strong> <em>Calidosc\u00f2pic <\/em>(Temp Records, 2016), <strong>Alfredo Garc\u00eda Quintet <\/strong><em>Blue Line <\/em>(FreeCode JazzRecords, 2016), <strong>Pol Omedes with Strings <\/strong><em>Mallorca <\/em>(Fresh Sound New Talent, 2016), <strong><em>Seminal Jazz<\/em> <\/strong>(Moskito Rekords, 2016), y <strong>Eva Fern\u00e1ndez <\/strong><em>That Darkness <\/em>(Taller de M\u00fasics, 2015).<\/p>\n<p style=\"text-align: right;\">\u00a9 Pachi Tapiz, 2016<\/p>\n<p style=\"text-align: left;\"><strong>HDO <\/strong>es un <em>podcast <\/em>editado, presentado y producido por <strong>Pachi Tapiz<\/strong>.<\/p>\n<p><iframe id='audio_15245151' frameborder='0' allowfullscreen='' scrolling='no' height='200' style='border:1px solid #EEE; box-sizing:border-box; width:100%;' src=\"https:\/\/www.ivoox.com\/player_ej_15245151_4_1.html?c1=ff6600\"><\/iframe><\/p>\n<p>&nbsp;<\/p>\n<p style=\"text-align: left;\">En <strong>HDO 212<\/strong> participan:<\/p>\n<ul>\n<li style=\"text-align: left;\"><strong>Perico Sambeat Ensemble<\/strong> <em>Plays Zappa <\/em>(Karonte, 2016)<br \/>\nPerico Sambeat Ensemble: Perico Sambeat, Javier Vercher, Voro Garc\u00eda, Toni Belenguer, Santi Naval\u00f3n, Iv\u00e1n Cebri\u00e1n, Julio Fuster, Miquel Asensio \u00abRochet\u00bb<\/li>\n<li style=\"text-align: left;\"><strong>Anthus<\/strong> <em>Calidosc\u00f2pic <\/em>(Temp Records, 2016)<br \/>\nAnthus, Pol Padr\u00f3s, Max Villavecchia, Manel Forti\u00e0, Ram\u00f3n D\u00edaz<\/li>\n<li style=\"text-align: left;\"><strong>Alfredo Garc\u00eda Quintet <\/strong><em>Blue Line <\/em>(FreeCode JazzRecords, 2016)<br \/>\nAlfredo Garc\u00eda Quintet, Alfredo Garc\u00eda, Jos\u00e9 Garc\u00eda, Iago Mouri\u00f1o, Bruno Couceiro, Pablo P\u00e9rez<\/li>\n<li style=\"text-align: left;\"><strong>Pol Omedes with Strings <\/strong><em>Mallorca <\/em>(Fresh Sound New Talent, 2016)<br \/>\nPol Omedes, Lluc Casares, Kristina Trezune, M\u00e1ty\u00e1s Gayer, Maty\u00e1s Hofecker, Joan Terol; Strings: Jan Omedes, Pablo Kirschner, Laura Bosch, Guillem Vellv\u00e9; Cosmos Quartet: Bernat Prat, Helena Satu\u00e9, Alejandro Garrido<\/li>\n<li style=\"text-align: left;\"><strong><em>Seminal Jazz<\/em> <\/strong>(Moskito Rekords, 2016)<br \/>\nSeminal Jazz: Roberto Nieva, Daniel Ju\u00e1rez, Tana Santana, Borja Barrueta<\/li>\n<li style=\"text-align: left;\"><strong>Eva Fern\u00e1ndez <\/strong><em>That Darkness <\/em>(Taller de M\u00fasics, 2015)<br \/>\nEva Fernandez, David Pastor, Josep Llu\u00eds Guart, Miquel \u00c0ngel Cordero, Toni Pag\u00e9s<\/li>\n<\/ul>\n","protected":false},"excerpt":{"rendered":"<p>Media docena de novedades (casi) de 2016, que no hab\u00edan sonado todav\u00eda en HDO. En el programa de 21 de diciembre de 2016 escuchamos (a dos temas por obra) Perico Sambeat Ensemble Plays Zappa (Karonte, 2016) y que surje como una iniciativa del Jimmy Glass (\u00a1bravo desde aqu\u00ed!), Anthus Calidosc\u00f2pic<span class=\"more-link\"><a href=\"https:\/\/tomajazz.com\/web\/hdo-212-novespain-2016-una-vez-mas-perico-sambeat-ensemble-plays-zappa-anthus-alfredo-garcia-quintet-pol-omedes-with-strings-seminal-jazz-eva-fernandez-podcast\/\">Contin\u00faa leyendo<\/a><\/span><\/p>\n","protected":false},"author":1,"featured_media":0,"comment_status":"open","ping_status":"closed","sticky":false,"template":"","format":"standard","meta":{"jetpack_post_was_ever_published":false,"_jetpack_newsletter_access":"","_jetpack_dont_email_post_to_subs":false,"_jetpack_newsletter_tier_id":0,"_jetpack_memberships_contains_paywalled_content":false,"_jetpack_memberships_contains_paid_content":false,"footnotes":""},"categories":[17847,5,13298,17151,12814,15518,1038],"tags":[18299,18285,18284,18280,18297,18304,18286,12651,15698,18306,18296,12676,18302,7451,17428,18283,7964,12696,16012,18295,13300,13299,15712,15713,15714,18298,15528,14933,18292,378,13,15699,12415,15295,15245,6034,960,8022,18305,4882,1892,18288,15710,18294,10999,11843,18289,18290,18281,7954,18278,10809,15307,15308,15309,18293,18287,31,874,18277,18276,11342,5432,18282,15306,18301,10080,18300,18291,8313,18303,18279,16099,77,16100,7473,14072,120],"class_list":["entry","author-pachi","post-28235","post","type-post","status-publish","format-standard","category-pachi-tapiz","category-grabaciones","category-hablando-de-oidas-hdo","category-t03-2016-17","category-podcast","category-sonidos","category-contenidos","tag-alejandro-garrido-seminal-jazz","tag-alfredo-garcia","tag-alfredo-garcia-quintet","tag-anthus","tag-bernat-prat","tag-borja-barrueta-eva-fernandez-that-darkness","tag-bruno-couceiro","tag-cd","tag-cd-de-jazz","tag-chevi-martinez","tag-cosmos-quartet","tag-critica","tag-daniel-juarez","tag-david-pastor","tag-eva-fernandez","tag-freecode-jazzrecords","tag-fresh-sound-new-talent","tag-grabaciones","tag-grabaciones-de-jazz","tag-guillem-vellve","tag-hablando-de-oidas","tag-hdo","tag-hdo-el-podcast-de-jazz-de-pachi-tapiz","tag-hdo-el-podcast-de-pachi-tapiz","tag-hdo-hablando-de-oidas","tag-helena-satue","tag-iago-mourino","tag-ivan-cebrian","tag-jan-omedes","tag-javier-vercher","tag-jazz","tag-jazz-cd","tag-jazz-en-espana","tag-jazz-en-espanol","tag-jimmy-glass-valencia","tag-joan-terol","tag-jose-francisco-tapiz","tag-jose-garcia","tag-josep-lluis-guart","tag-julio-fuster","tag-karonte","tag-kristina-trezune","tag-la-actualidad-del-jazz-en-espana","tag-laura-bosch","tag-lluc-casares","tag-manel-fortia","tag-matyas-gayer","tag-matyas-hofecker","tag-max-villavecchia","tag-miquel-angel-cordero","tag-miquel-asensio-rochet-anthus-calidoscopic","tag-moskito-rekords","tag-novedades-cd","tag-novedades-discograficas","tag-nuevas-ediciones","tag-pablo-kirschner","tag-pablo-perez-pol-omedes-with-strings-mallorca","tag-pachi-tapiz","tag-perico-sambeat","tag-perico-sambeat-ensemble","tag-perico-sambeat-ensemble-plays-zappa","tag-pol-omedes","tag-pol-padros","tag-ramon-diaz-alfredo-garcia-quintet-blue-line","tag-resenas","tag-roberto-nieva","tag-santi-navalon","tag-seminal-jazz","tag-strings","tag-taller-de-musics","tag-tana-santana","tag-temp-records","tag-toma-jazz","tag-tomajazz","tag-tomajazz-toma-jazz","tag-toni-belenguer","tag-toni-pages","tag-voro-garcia"],"jetpack_featured_media_url":"","jetpack_likes_enabled":true,"jetpack_sharing_enabled":true,"jetpack-related-posts":[{"id":29916,"url":"https:\/\/tomajazz.com\/web\/hdo-253-perico-sambeat-sus-palabras-y-su-revision-de-la-musica-de-frank-zappa-entrevista-por-pachi-tapiz-podcast\/","url_meta":{"origin":28235,"position":0},"title":"HDO 253. Perico Sambeat: sus palabras y su revisi\u00f3n de la m\u00fasica de Frank Zappa. Entrevista por Pachi Tapiz [Podcast]","author":"Tomajazz","date":"28 marzo, 2017","format":false,"excerpt":"En el final del a\u00f1o 2016, el saxofonista\u00a0Perico Sambeat publicaba en Karonte el CD\u00a0Perico Sambeat Ensemble Plays Zappa. Esta es la grabaci\u00f3n de un proyecto nacido como iniciativa del Jimmy Glass Jazz Bar (incansable local con una sobresaliente programaci\u00f3n de jazz en directo en Valencia).\u00a0Sambeat\u00a0charl\u00f3 con\u00a0Pachi Tapiz sobre esta grabaci\u00f3n,\u2026","rel":"","context":"En \u00ab*_Joan Cort\u00e8s\u00bb","block_context":{"text":"*_Joan Cort\u00e8s","link":"https:\/\/tomajazz.com\/web\/category\/joan-cortes\/"},"img":{"alt_text":"","src":"https:\/\/i0.wp.com\/tomajazz.com\/web\/wp-content\/uploads\/2017\/03\/01_Prc-Snbt-nsmbl-Plys-Zpp-%C2%A9Joan-Cort%C3%A8s_04feb17_Jmbr_Bcn.jpg?resize=350%2C200&ssl=1","width":350,"height":200,"srcset":"https:\/\/i0.wp.com\/tomajazz.com\/web\/wp-content\/uploads\/2017\/03\/01_Prc-Snbt-nsmbl-Plys-Zpp-%C2%A9Joan-Cort%C3%A8s_04feb17_Jmbr_Bcn.jpg?resize=350%2C200&ssl=1 1x, https:\/\/i0.wp.com\/tomajazz.com\/web\/wp-content\/uploads\/2017\/03\/01_Prc-Snbt-nsmbl-Plys-Zpp-%C2%A9Joan-Cort%C3%A8s_04feb17_Jmbr_Bcn.jpg?resize=525%2C300&ssl=1 1.5x"},"classes":[]},{"id":31525,"url":"https:\/\/tomajazz.com\/web\/hdo-287-alex-goodman-magnarelli-sambeat-mut-kamaguchi-gerald-cannon-podcast\/","url_meta":{"origin":28235,"position":1},"title":"HDO 287. Alex Goodman &#8211; Magnarelli Sambeat &#8211; MUT Kamaguchi &#8211; Gerald Cannon [Podcast]","author":"Tomajazz","date":"20 julio, 2017","format":false,"excerpt":"Combinations (Woodneck Records, 2017) del contrabajista\u00a0Gerald Cannon;\u00a0My Ship\u00a0(Fresh Sound New Talent, 2017) de\u00a0MUT +\u00a0Masa Kamaguchi;\u00a0Portico\u00a0(Swing Alley - Fresh Sound, 2017)\u00a0de\u00a0Joe Magnarelli - Perico Sambeat Quartet;\u00a0Second Act\u00a0(Lyte Records, 2017) del guitarrista\u00a0Alex Goodman. Cuatro grabaciones en la entrega 287 de\u00a0HDO. Tomajazz: \u00a9 Pachi Tapiz, 2017 HDO es un podcast editado, presentado y\u2026","rel":"","context":"En \u00ab*_Pachi Tapiz\u00bb","block_context":{"text":"*_Pachi Tapiz","link":"https:\/\/tomajazz.com\/web\/category\/pachi-tapiz\/"},"img":{"alt_text":"","src":"https:\/\/i0.wp.com\/tomajazz.com\/web\/wp-content\/uploads\/2017\/07\/MUT_My-Ship_Fresh-Sound-New-Talent_2017.jpg?resize=350%2C200&ssl=1","width":350,"height":200,"srcset":"https:\/\/i0.wp.com\/tomajazz.com\/web\/wp-content\/uploads\/2017\/07\/MUT_My-Ship_Fresh-Sound-New-Talent_2017.jpg?resize=350%2C200&ssl=1 1x, https:\/\/i0.wp.com\/tomajazz.com\/web\/wp-content\/uploads\/2017\/07\/MUT_My-Ship_Fresh-Sound-New-Talent_2017.jpg?resize=525%2C300&ssl=1 1.5x"},"classes":[]},{"id":22618,"url":"https:\/\/tomajazz.com\/web\/en-concierto-con-kontxi-lorente-trio-en-bogui-hdo-0084-podcast\/","url_meta":{"origin":28235,"position":2},"title":"En concierto con&#8230; Kontxi Lorente Tr\u00edo en Bogui. HDO 0084 [Podcast]","author":"Tomajazz","date":"15 marzo, 2016","format":false,"excerpt":"El pr\u00f3ximo jueves 17 de marzo de 2016 la pianista Kontxi Lorente presentar\u00e1 en el madrile\u00f1o Bogui Jazz su grabaci\u00f3n About Me (Sedajazz Records, 2015) acompa\u00f1ada por el contrabajista Alessandro Cesarini y el baterista Borja Barrueta, los m\u00fasicos con los que grab\u00f3 su segundo CD. En HDO escuchamos la m\u00fasica\u2026","rel":"","context":"En \u00ab*_Pachi Tapiz\u00bb","block_context":{"text":"*_Pachi Tapiz","link":"https:\/\/tomajazz.com\/web\/category\/pachi-tapiz\/"},"img":{"alt_text":"","src":"https:\/\/i0.wp.com\/tomajazz.com\/web\/wp-content\/uploads\/2016\/01\/Kontxi-Lorente_About-Me_Sedajazz-Records_2015.jpg?resize=350%2C200&ssl=1","width":350,"height":200,"srcset":"https:\/\/i0.wp.com\/tomajazz.com\/web\/wp-content\/uploads\/2016\/01\/Kontxi-Lorente_About-Me_Sedajazz-Records_2015.jpg?resize=350%2C200&ssl=1 1x, https:\/\/i0.wp.com\/tomajazz.com\/web\/wp-content\/uploads\/2016\/01\/Kontxi-Lorente_About-Me_Sedajazz-Records_2015.jpg?resize=525%2C300&ssl=1 1.5x, https:\/\/i0.wp.com\/tomajazz.com\/web\/wp-content\/uploads\/2016\/01\/Kontxi-Lorente_About-Me_Sedajazz-Records_2015.jpg?resize=700%2C400&ssl=1 2x"},"classes":[]},{"id":22569,"url":"https:\/\/tomajazz.com\/web\/portujazz-i-especie-de-trio-andre-fernandes-cicero-lee-mariana-vergueir-hdo-0083-podcast\/","url_meta":{"origin":28235,"position":3},"title":"Portujazz I: Esp\u00e9cie de Trio, Andr\u00e9 Fernandes, Cicero Lee, Mariana Vergueiro. HDO 0083 [Podcast]","author":"Tomajazz","date":"12 marzo, 2016","format":false,"excerpt":"Portugal tiene una actividad jazz\u00edstica m\u00e1s que notable, no estar\u00eda de m\u00e1s tomar ejemplo de sus festivales y ciclos, con un buen n\u00famero de m\u00fasicos y grupos que trabajan con el jazz en todas sus expresiones y que no dejan de publicar nuevas referencias. Dentro de lo que se podr\u00eda\u2026","rel":"","context":"En \u00ab*_Pachi Tapiz\u00bb","block_context":{"text":"*_Pachi Tapiz","link":"https:\/\/tomajazz.com\/web\/category\/pachi-tapiz\/"},"img":{"alt_text":"","src":"https:\/\/i0.wp.com\/tomajazz.com\/web\/wp-content\/uploads\/2016\/03\/Andre-Fernandez_Dream-Keeper_Edition-Records_2015.jpg?resize=350%2C200&ssl=1","width":350,"height":200,"srcset":"https:\/\/i0.wp.com\/tomajazz.com\/web\/wp-content\/uploads\/2016\/03\/Andre-Fernandez_Dream-Keeper_Edition-Records_2015.jpg?resize=350%2C200&ssl=1 1x, https:\/\/i0.wp.com\/tomajazz.com\/web\/wp-content\/uploads\/2016\/03\/Andre-Fernandez_Dream-Keeper_Edition-Records_2015.jpg?resize=525%2C300&ssl=1 1.5x"},"classes":[]},{"id":21053,"url":"https:\/\/tomajazz.com\/web\/josep-maria-balanya-donantes-garcia-fons-caius-cat-juanma-barroso-perico-sambeat-abe-rabade-trio-jazzpain-hdo-0042-audioblog\/","url_meta":{"origin":28235,"position":4},"title":"Josep-Maria Balanya, Dorantes &#8211; Garcia-Fons, Caius Cat, Juanma Barroso, Perico Sambeat, Abe R\u00e1bade Tr\u00edo: Jazzpain. HDO (0042) [Audioblog]","author":"Tomajazz","date":"27 noviembre, 2015","format":"audio","excerpt":"Variedad en la entrega n\u00famero 42 de HDO con media docena de novedades discogr\u00e1ficas que tienen en com\u00fan la participaci\u00f3n de m\u00fasicos espa\u00f1oles. Josep-Maria Balanya en don't mind trabaja en solitario con el piano, tanto modificado como sin modificar. Cada una de las ocho piezas tienen una personalidad propia y\u2026","rel":"","context":"En \u00ab*_Pachi Tapiz\u00bb","block_context":{"text":"*_Pachi Tapiz","link":"https:\/\/tomajazz.com\/web\/category\/pachi-tapiz\/"},"img":{"alt_text":"","src":"https:\/\/i0.wp.com\/tomajazz.com\/web\/wp-content\/uploads\/2015\/11\/Josep-Maria-Balanya_Dont-Mind_Laika_2015.jpg?resize=350%2C200&ssl=1","width":350,"height":200,"srcset":"https:\/\/i0.wp.com\/tomajazz.com\/web\/wp-content\/uploads\/2015\/11\/Josep-Maria-Balanya_Dont-Mind_Laika_2015.jpg?resize=350%2C200&ssl=1 1x, https:\/\/i0.wp.com\/tomajazz.com\/web\/wp-content\/uploads\/2015\/11\/Josep-Maria-Balanya_Dont-Mind_Laika_2015.jpg?resize=525%2C300&ssl=1 1.5x"},"classes":[]},{"id":26200,"url":"https:\/\/tomajazz.com\/web\/hdo-0157-en-concierto-con-ruben-carles-presenta-water-lilly-en-jimmy-glass-podcast\/","url_meta":{"origin":28235,"position":5},"title":"HDO 0157. En concierto con&#8230; Rub\u00e9n Carl\u00e9s presenta Water Lilly en Jimmy Glass [Podcast]","author":"Tomajazz","date":"6 septiembre, 2016","format":false,"excerpt":"El contrabajista Rub\u00e9n Carl\u00e9s presenta en directo en Jimmy Glass, el martes 6 de septiembre de 2016 a las 20:45, su primer CD como l\u00edder titulado Water Lily (Fresh Sound New Talent, 2016). Para esta ocasi\u00f3n liderar\u00e1 el Rub\u00e9n Carles Quintet en el que participan Perico Sambeat, Javier Vercher, Albert\u2026","rel":"","context":"En \u00ab*_Pachi Tapiz\u00bb","block_context":{"text":"*_Pachi Tapiz","link":"https:\/\/tomajazz.com\/web\/category\/pachi-tapiz\/"},"img":{"alt_text":"","src":"https:\/\/i0.wp.com\/tomajazz.com\/web\/wp-content\/uploads\/2016\/09\/Rub%C3%A9n-Carles_Water-Lily_Fresh-Sound-New-Talent_2016.jpg?resize=350%2C200&ssl=1","width":350,"height":200,"srcset":"https:\/\/i0.wp.com\/tomajazz.com\/web\/wp-content\/uploads\/2016\/09\/Rub%C3%A9n-Carles_Water-Lily_Fresh-Sound-New-Talent_2016.jpg?resize=350%2C200&ssl=1 1x, https:\/\/i0.wp.com\/tomajazz.com\/web\/wp-content\/uploads\/2016\/09\/Rub%C3%A9n-Carles_Water-Lily_Fresh-Sound-New-Talent_2016.jpg?resize=525%2C300&ssl=1 1.5x"},"classes":[]}],"_links":{"self":[{"href":"https:\/\/tomajazz.com\/web\/wp-json\/wp\/v2\/posts\/28235","targetHints":{"allow":["GET"]}}],"collection":[{"href":"https:\/\/tomajazz.com\/web\/wp-json\/wp\/v2\/posts"}],"about":[{"href":"https:\/\/tomajazz.com\/web\/wp-json\/wp\/v2\/types\/post"}],"author":[{"embeddable":true,"href":"https:\/\/tomajazz.com\/web\/wp-json\/wp\/v2\/users\/1"}],"replies":[{"embeddable":true,"href":"https:\/\/tomajazz.com\/web\/wp-json\/wp\/v2\/comments?post=28235"}],"version-history":[{"count":5,"href":"https:\/\/tomajazz.com\/web\/wp-json\/wp\/v2\/posts\/28235\/revisions"}],"predecessor-version":[{"id":28247,"href":"https:\/\/tomajazz.com\/web\/wp-json\/wp\/v2\/posts\/28235\/revisions\/28247"}],"wp:attachment":[{"href":"https:\/\/tomajazz.com\/web\/wp-json\/wp\/v2\/media?parent=28235"}],"wp:term":[{"taxonomy":"category","embeddable":true,"href":"https:\/\/tomajazz.com\/web\/wp-json\/wp\/v2\/categories?post=28235"},{"taxonomy":"post_tag","embeddable":true,"href":"https:\/\/tomajazz.com\/web\/wp-json\/wp\/v2\/tags?post=28235"}],"curies":[{"name":"wp","href":"https:\/\/api.w.org\/{rel}","templated":true}]}}