{"id":28263,"date":"2016-12-26T10:59:53","date_gmt":"2016-12-26T09:59:53","guid":{"rendered":"http:\/\/www.tomajazz.com\/web\/?p=28263"},"modified":"2016-12-23T09:20:26","modified_gmt":"2016-12-23T08:20:26","slug":"instantzz-reijseger-fraanje-sylla-alternatilla-jazz-festival-in-mallorca-2016-12-02-galeria-fotografica","status":"publish","type":"post","link":"https:\/\/tomajazz.com\/web\/instantzz-reijseger-fraanje-sylla-alternatilla-jazz-festival-in-mallorca-2016-12-02-galeria-fotografica\/","title":{"rendered":"INSTANTZZ: Reijseger-Fraanje-Sylla (Alternatilla Jazz Festival in Mallorca. 2016-12-02) [Galer\u00eda fotogr\u00e1fica]"},"content":{"rendered":"<p>Alternatilla Jazz Festival in Mallorca<\/p>\n<ul>\n<li>Fecha: Viernes, 02 de diciembre de 2016. 20:30h.<\/li>\n<li>Lugar: Teatre Xesc Forteza. Palma de Mallorca<\/li>\n<li>Grupo:<br \/>\n<strong>Reijseger-Fraanje-Sylla<br \/>\n<\/strong>Formaci\u00f3n:<br \/>\nErnst Reijseger: violonchelo<br \/>\nHarmen Fraanje: piano<br \/>\nMola Sylla: voz, <em>m\u2019bira<\/em>, <em>xalam<\/em>, <em>kongoma<\/em><\/li>\n<\/ul>\n<p style=\"text-align: center;\"><img loading=\"lazy\" decoding=\"async\" class=\"aligncenter size-large wp-image-28264\" src=\"http:\/\/www.tomajazz.com\/web\/wp-content\/uploads\/2016\/12\/001-6-600x400.jpg\" alt=\"\" width=\"600\" height=\"400\" title=\"\" srcset=\"https:\/\/tomajazz.com\/web\/wp-content\/uploads\/2016\/12\/001-6.jpg 600w, https:\/\/tomajazz.com\/web\/wp-content\/uploads\/2016\/12\/001-6-200x133.jpg 200w, https:\/\/tomajazz.com\/web\/wp-content\/uploads\/2016\/12\/001-6-83x55.jpg 83w, https:\/\/tomajazz.com\/web\/wp-content\/uploads\/2016\/12\/001-6-60x40.jpg 60w, https:\/\/tomajazz.com\/web\/wp-content\/uploads\/2016\/12\/001-6-120x80.jpg 120w\" sizes=\"auto, (max-width: 600px) 100vw, 600px\" \/><\/p>\n<p style=\"text-align: center;\"><img loading=\"lazy\" decoding=\"async\" class=\"aligncenter size-large wp-image-28265\" src=\"http:\/\/www.tomajazz.com\/web\/wp-content\/uploads\/2016\/12\/002-6-600x400.jpg\" alt=\"\" width=\"600\" height=\"400\" title=\"\" srcset=\"https:\/\/tomajazz.com\/web\/wp-content\/uploads\/2016\/12\/002-6.jpg 600w, https:\/\/tomajazz.com\/web\/wp-content\/uploads\/2016\/12\/002-6-200x133.jpg 200w, https:\/\/tomajazz.com\/web\/wp-content\/uploads\/2016\/12\/002-6-83x55.jpg 83w, https:\/\/tomajazz.com\/web\/wp-content\/uploads\/2016\/12\/002-6-60x40.jpg 60w, https:\/\/tomajazz.com\/web\/wp-content\/uploads\/2016\/12\/002-6-120x80.jpg 120w\" sizes=\"auto, (max-width: 600px) 100vw, 600px\" \/><\/p>\n<p style=\"text-align: center;\"><img loading=\"lazy\" decoding=\"async\" class=\"aligncenter size-large wp-image-28266\" src=\"http:\/\/www.tomajazz.com\/web\/wp-content\/uploads\/2016\/12\/003-6-400x600.jpg\" alt=\"\" width=\"400\" height=\"600\" title=\"\" srcset=\"https:\/\/tomajazz.com\/web\/wp-content\/uploads\/2016\/12\/003-6.jpg 400w, https:\/\/tomajazz.com\/web\/wp-content\/uploads\/2016\/12\/003-6-200x300.jpg 200w, https:\/\/tomajazz.com\/web\/wp-content\/uploads\/2016\/12\/003-6-37x55.jpg 37w\" sizes=\"auto, (max-width: 400px) 100vw, 400px\" \/><\/p>\n<p style=\"text-align: center;\"><img loading=\"lazy\" decoding=\"async\" class=\"aligncenter size-large wp-image-28267\" src=\"http:\/\/www.tomajazz.com\/web\/wp-content\/uploads\/2016\/12\/004-6-600x400.jpg\" alt=\"\" width=\"600\" height=\"400\" title=\"\" srcset=\"https:\/\/tomajazz.com\/web\/wp-content\/uploads\/2016\/12\/004-6.jpg 600w, https:\/\/tomajazz.com\/web\/wp-content\/uploads\/2016\/12\/004-6-200x133.jpg 200w, https:\/\/tomajazz.com\/web\/wp-content\/uploads\/2016\/12\/004-6-83x55.jpg 83w, https:\/\/tomajazz.com\/web\/wp-content\/uploads\/2016\/12\/004-6-60x40.jpg 60w, https:\/\/tomajazz.com\/web\/wp-content\/uploads\/2016\/12\/004-6-120x80.jpg 120w\" sizes=\"auto, (max-width: 600px) 100vw, 600px\" \/><\/p>\n<p style=\"text-align: center;\"><img loading=\"lazy\" decoding=\"async\" class=\"aligncenter size-large wp-image-28268\" src=\"http:\/\/www.tomajazz.com\/web\/wp-content\/uploads\/2016\/12\/005-6-600x400.jpg\" alt=\"\" width=\"600\" height=\"400\" title=\"\" srcset=\"https:\/\/tomajazz.com\/web\/wp-content\/uploads\/2016\/12\/005-6.jpg 600w, https:\/\/tomajazz.com\/web\/wp-content\/uploads\/2016\/12\/005-6-200x133.jpg 200w, https:\/\/tomajazz.com\/web\/wp-content\/uploads\/2016\/12\/005-6-83x55.jpg 83w, https:\/\/tomajazz.com\/web\/wp-content\/uploads\/2016\/12\/005-6-60x40.jpg 60w, https:\/\/tomajazz.com\/web\/wp-content\/uploads\/2016\/12\/005-6-120x80.jpg 120w\" sizes=\"auto, (max-width: 600px) 100vw, 600px\" \/><\/p>\n<p style=\"text-align: center;\"><img loading=\"lazy\" decoding=\"async\" class=\"aligncenter size-large wp-image-28269\" src=\"http:\/\/www.tomajazz.com\/web\/wp-content\/uploads\/2016\/12\/006-6-600x400.jpg\" alt=\"\" width=\"600\" height=\"400\" title=\"\" srcset=\"https:\/\/tomajazz.com\/web\/wp-content\/uploads\/2016\/12\/006-6.jpg 600w, https:\/\/tomajazz.com\/web\/wp-content\/uploads\/2016\/12\/006-6-200x133.jpg 200w, https:\/\/tomajazz.com\/web\/wp-content\/uploads\/2016\/12\/006-6-83x55.jpg 83w, https:\/\/tomajazz.com\/web\/wp-content\/uploads\/2016\/12\/006-6-60x40.jpg 60w, https:\/\/tomajazz.com\/web\/wp-content\/uploads\/2016\/12\/006-6-120x80.jpg 120w\" sizes=\"auto, (max-width: 600px) 100vw, 600px\" \/><\/p>\n<p style=\"text-align: center;\"><img loading=\"lazy\" decoding=\"async\" class=\"aligncenter size-large wp-image-28270\" src=\"http:\/\/www.tomajazz.com\/web\/wp-content\/uploads\/2016\/12\/007-6-600x400.jpg\" alt=\"\" width=\"600\" height=\"400\" title=\"\" srcset=\"https:\/\/tomajazz.com\/web\/wp-content\/uploads\/2016\/12\/007-6.jpg 600w, https:\/\/tomajazz.com\/web\/wp-content\/uploads\/2016\/12\/007-6-200x133.jpg 200w, https:\/\/tomajazz.com\/web\/wp-content\/uploads\/2016\/12\/007-6-83x55.jpg 83w, https:\/\/tomajazz.com\/web\/wp-content\/uploads\/2016\/12\/007-6-60x40.jpg 60w, https:\/\/tomajazz.com\/web\/wp-content\/uploads\/2016\/12\/007-6-120x80.jpg 120w\" sizes=\"auto, (max-width: 600px) 100vw, 600px\" \/><\/p>\n<p style=\"text-align: center;\"><img loading=\"lazy\" decoding=\"async\" class=\"aligncenter size-large wp-image-28271\" src=\"http:\/\/www.tomajazz.com\/web\/wp-content\/uploads\/2016\/12\/008-6-400x600.jpg\" alt=\"\" width=\"400\" height=\"600\" title=\"\" srcset=\"https:\/\/tomajazz.com\/web\/wp-content\/uploads\/2016\/12\/008-6.jpg 400w, https:\/\/tomajazz.com\/web\/wp-content\/uploads\/2016\/12\/008-6-200x300.jpg 200w, https:\/\/tomajazz.com\/web\/wp-content\/uploads\/2016\/12\/008-6-37x55.jpg 37w\" sizes=\"auto, (max-width: 400px) 100vw, 400px\" \/><\/p>\n<p style=\"text-align: center;\"><img loading=\"lazy\" decoding=\"async\" class=\"aligncenter size-large wp-image-28272\" src=\"http:\/\/www.tomajazz.com\/web\/wp-content\/uploads\/2016\/12\/009-6-400x600.jpg\" alt=\"\" width=\"400\" height=\"600\" title=\"\" srcset=\"https:\/\/tomajazz.com\/web\/wp-content\/uploads\/2016\/12\/009-6.jpg 400w, https:\/\/tomajazz.com\/web\/wp-content\/uploads\/2016\/12\/009-6-200x300.jpg 200w, https:\/\/tomajazz.com\/web\/wp-content\/uploads\/2016\/12\/009-6-37x55.jpg 37w\" sizes=\"auto, (max-width: 400px) 100vw, 400px\" \/><\/p>\n<p style=\"text-align: center;\"><img loading=\"lazy\" decoding=\"async\" class=\"aligncenter size-large wp-image-28273\" src=\"http:\/\/www.tomajazz.com\/web\/wp-content\/uploads\/2016\/12\/010-6-600x400.jpg\" alt=\"\" width=\"600\" height=\"400\" title=\"\" srcset=\"https:\/\/tomajazz.com\/web\/wp-content\/uploads\/2016\/12\/010-6.jpg 600w, https:\/\/tomajazz.com\/web\/wp-content\/uploads\/2016\/12\/010-6-200x133.jpg 200w, https:\/\/tomajazz.com\/web\/wp-content\/uploads\/2016\/12\/010-6-83x55.jpg 83w, https:\/\/tomajazz.com\/web\/wp-content\/uploads\/2016\/12\/010-6-60x40.jpg 60w, https:\/\/tomajazz.com\/web\/wp-content\/uploads\/2016\/12\/010-6-120x80.jpg 120w\" sizes=\"auto, (max-width: 600px) 100vw, 600px\" \/><\/p>\n<p style=\"text-align: right;\">\u00a9 <a href=\"https:\/\/www.flickr.com\/photos\/joseluisluna1958\/\" target=\"_blank\" rel=\"noopener\">Jos\u00e9 Luis Luna Rocafort<\/a>, 2016<\/p>\n","protected":false},"excerpt":{"rendered":"<p>Cuarta entrega del Alternatilla Jazz Festival in Mallorca con Reijseger-Fraanje-Sylla. Las im\u00e1genes, son, como en todo este especial, de Jos\u00e9 Luis Luna Rocafort. <span class=\"more-link\"><a href=\"https:\/\/tomajazz.com\/web\/instantzz-reijseger-fraanje-sylla-alternatilla-jazz-festival-in-mallorca-2016-12-02-galeria-fotografica\/\">Contin\u00faa leyendo<\/a><\/span><\/p>\n","protected":false},"author":1,"featured_media":28265,"comment_status":"open","ping_status":"closed","sticky":false,"template":"","format":"standard","meta":{"jetpack_post_was_ever_published":false,"_jetpack_newsletter_access":"","_jetpack_dont_email_post_to_subs":false,"_jetpack_newsletter_tier_id":0,"_jetpack_memberships_contains_paywalled_content":false,"_jetpack_memberships_contains_paid_content":false,"footnotes":""},"categories":[17846,18189,11262,15516,11261,1038],"tags":[16976,18039,18040,18309,18310,16216,10088,18311,18308,18312],"class_list":["entry","author-pachi","has-excerpt","post-28263","post","type-post","status-publish","format-standard","has-post-thumbnail","category-jose-luis-luna-rocafort","category-alternatilla-jazz-festival-in-mallorca","category-photoblogs","category-imagenes","category-instantzz","category-contenidos","tag-16976","tag-alternatilla-jazz-festival-in-mallorca","tag-conciertos-de-jazz-en-mallorca","tag-ernst-reijseger","tag-harmen-fraanje","tag-jazz-en-mallorca","tag-jose-luis-luna-rocafort","tag-mola-sylla","tag-reijseger-fraanje-sylla","tag-teatre-xesc-forteja-palma-de-mallorca"],"jetpack_featured_media_url":"https:\/\/tomajazz.com\/web\/wp-content\/uploads\/2016\/12\/002-6.jpg","jetpack_likes_enabled":true,"jetpack_sharing_enabled":true,"jetpack-related-posts":[{"id":28295,"url":"https:\/\/tomajazz.com\/web\/nstantzz-harmen-fraanje-perico-sambeat-alternatilla-jazz-festival-in-mallorca-2016-12-03-galeria-fotografica\/","url_meta":{"origin":28263,"position":0},"title":"INSTANTZZ: Harmen Fraanje &#8211; Perico Sambeat (Alternatilla Jazz Festival in Mallorca. 2016-12-03) [Galer\u00eda fotogr\u00e1fica]","author":"Tomajazz","date":"30 diciembre, 2016","format":false,"excerpt":"Quinta entrega del especial Altenatilla Jazz Festival In Mallorca de Jos\u00e9 Luis Luna Rocafort con las im\u00e1genes de la actuaci\u00f3n de Perico Sambeat y Harmen Fraanje.","rel":"","context":"En \u00ab*_Jos\u00e9 Luis Luna Rocafort\u00bb","block_context":{"text":"*_Jos\u00e9 Luis Luna Rocafort","link":"https:\/\/tomajazz.com\/web\/category\/jose-luis-luna-rocafort\/"},"img":{"alt_text":"","src":"https:\/\/i0.wp.com\/tomajazz.com\/web\/wp-content\/uploads\/2016\/12\/007-7.jpg?resize=350%2C200&ssl=1","width":350,"height":200,"srcset":"https:\/\/i0.wp.com\/tomajazz.com\/web\/wp-content\/uploads\/2016\/12\/007-7.jpg?resize=350%2C200&ssl=1 1x, https:\/\/i0.wp.com\/tomajazz.com\/web\/wp-content\/uploads\/2016\/12\/007-7.jpg?resize=525%2C300&ssl=1 1.5x"},"classes":[]},{"id":34100,"url":"https:\/\/tomajazz.com\/web\/mats-eilertsen-trio-2o-alternatilla-jazz-in-mallorca-2017-12-05-galeria-fotografica\/","url_meta":{"origin":28263,"position":1},"title":"Mats Eilertsen Trio (2\u00ba Alternatilla Jazz in Mallorca. 2017-12-05) [Galer\u00eda fotogr\u00e1fica]","author":"Tomajazz","date":"21 diciembre, 2017","format":false,"excerpt":"2\u00ba Alternatilla Jazz in Mallorca Fecha: Martes, 05 de diciembre de 2017. 20:30h. Lugar: Teatre Xesc Forteza. Palma de Mallorca Grupo: Mats Eilertsen Trio Mats Eilertsen: contrabajo Harmen Fraanje: piano Thomas Stronen: bater\u00eda Tomajazz:\u00a0\u00a9\u00a0Jos\u00e9 Luis Luna Rocafort, 2017","rel":"","context":"En \u00ab*_Jos\u00e9 Luis Luna Rocafort\u00bb","block_context":{"text":"*_Jos\u00e9 Luis Luna Rocafort","link":"https:\/\/tomajazz.com\/web\/category\/jose-luis-luna-rocafort\/"},"img":{"alt_text":"","src":"https:\/\/i0.wp.com\/tomajazz.com\/web\/wp-content\/uploads\/2017\/12\/007-7.jpg?resize=350%2C200&ssl=1","width":350,"height":200,"srcset":"https:\/\/i0.wp.com\/tomajazz.com\/web\/wp-content\/uploads\/2017\/12\/007-7.jpg?resize=350%2C200&ssl=1 1x, https:\/\/i0.wp.com\/tomajazz.com\/web\/wp-content\/uploads\/2017\/12\/007-7.jpg?resize=525%2C300&ssl=1 1.5x"},"classes":[]},{"id":27862,"url":"https:\/\/tomajazz.com\/web\/alternatilla-jazz-in-mallorca-2016-noticias\/","url_meta":{"origin":28263,"position":2},"title":"Alternatilla Jazz In Mallorca 2016 [Noticias]","author":"Tomajazz","date":"30 noviembre, 2016","format":false,"excerpt":"Alternatilla Jazz Festival In Mallorca 2016. Del 25 de noviembre al 10\u00a0de diciembre de 2016. Mallorca 25 de noviembre. Pollen\u00e7a. Concierto Did\u00e1ctico. Breve paso por el jazz 26 de noviembre. Llucmajor. Concierto Did\u00e1ctico. Breve paso por el jazz 25 de noviembre. Porreres. Concierto Did\u00e1ctico. Breve paso por el jazz 25\u2026","rel":"","context":"En \u00ab*_Redacci\u00f3n\u00bb","block_context":{"text":"*_Redacci\u00f3n","link":"https:\/\/tomajazz.com\/web\/category\/redaccion\/"},"img":{"alt_text":"","src":"https:\/\/i0.wp.com\/tomajazz.com\/web\/wp-content\/uploads\/2016\/11\/alternatilla-jazz-2016.png?resize=350%2C200&ssl=1","width":350,"height":200},"classes":[]},{"id":103002,"url":"https:\/\/tomajazz.com\/web\/alternatilla-jazzband-version-25-2-2025\/","url_meta":{"origin":28263,"position":3},"title":"Alternatilla JazzBand versi\u00f3n 25.2 (9\u00ba Alternatilla Jazz Festival 2025. Teatre de Llub\u00ed, Mallorca. 2025-11-29) Por Jos\u00e9 Luis Luna Rocafort [INSTANTZZ AKA Galer\u00eda fotogr\u00e1fica AKA Fotoblog de jazz, impro\u2026 y algo m\u00e1s]","author":"Tomajazz","date":"27 diciembre, 2025","format":false,"excerpt":"Alternatilla JazzBand versi\u00f3n 25.2 actu\u00f3 en el 9\u00ba Alternatilla Jazz Festival 2025 en el Teatre de Llub\u00ed, Mallorca, el 29 de noviembre de 2025. Jos\u00e9 Luis Luna Rocafort lo retrata en INSTANTZZ. Con Le\u00efla Duclos, Camille Bertault, Julien Alour, Fady Farah, Joan Garc\u00edas, Enric Fuster","rel":"","context":"En \u00ab9\u00ba Alternatilla Jazz Festival 2025\u00bb","block_context":{"text":"9\u00ba Alternatilla Jazz Festival 2025","link":"https:\/\/tomajazz.com\/web\/category\/contenidos\/especial-contenidos\/9o-alternatilla-jazz-festival-2025\/"},"img":{"alt_text":"Alternatilla JazzBand versi\u00f3n 25.2 (9\u00ba Alternatilla Jazz Festival 2025. Teatre de Llub\u00ed, Mallorca. 2025-11-29) Por Jos\u00e9 Luis Luna Rocafort [INSTANTZZ AKA Galer\u00eda fotogr\u00e1fica AKA Fotoblog de jazz, impro\u2026 y algo m\u00e1s] - Tomajazz - Alternatilla JazzBand versi\u00f3n 25.2 actu\u00f3 en el 9\u00ba Alternatilla Jazz Festival 2025 en el Teatre de Llub\u00ed, Mallorca, el 29 de noviembre de 2025. Jos\u00e9 Luis Luna Rocafort lo retrata en INSTANTZZ. Con Le\u00efla Duclos, Camille Bertault, Julien Alour, Fady Farah, Joan Garc\u00edas, Enric Fuster","src":"https:\/\/i0.wp.com\/tomajazz.com\/web\/wp-content\/uploads\/2025\/12\/028.jpg?resize=350%2C200&ssl=1","width":350,"height":200,"srcset":"https:\/\/i0.wp.com\/tomajazz.com\/web\/wp-content\/uploads\/2025\/12\/028.jpg?resize=350%2C200&ssl=1 1x, https:\/\/i0.wp.com\/tomajazz.com\/web\/wp-content\/uploads\/2025\/12\/028.jpg?resize=525%2C300&ssl=1 1.5x"},"classes":[]},{"id":103037,"url":"https:\/\/tomajazz.com\/web\/leila-duclos-quartet-alternatilla-2025\/","url_meta":{"origin":28263,"position":4},"title":"Le\u00efla Duclos Quartet (9\u00ba Alternatilla Jazz Festival 2025. Teatre Sa Teulera, Andratx, Mallorca. 2025-11-30) Por Jos\u00e9 Luis Luna Rocafort [INSTANTZZ AKA Galer\u00eda fotogr\u00e1fica AKA Fotoblog de jazz, impro\u2026 y algo m\u00e1s]","author":"Tomajazz","date":"29 diciembre, 2025","format":false,"excerpt":"Le\u00efla Duclos Quartet actu\u00f3 en el 9\u00ba Alternatilla Jazz Festival 2025 en Andratx, Mallorca, el 30 de noviembre de 2025. Jos\u00e9 Luis Luna Rocafort lo retrata en INSTANTZZ. Actuaron Le\u00efla Duclos, Leandro Aconcha, Gilles Coquard, Jean-Marc Robin","rel":"","context":"En \u00ab9\u00ba Alternatilla Jazz Festival 2025\u00bb","block_context":{"text":"9\u00ba Alternatilla Jazz Festival 2025","link":"https:\/\/tomajazz.com\/web\/category\/contenidos\/especial-contenidos\/9o-alternatilla-jazz-festival-2025\/"},"img":{"alt_text":"Le\u00efla Duclos Quartet (9\u00ba Alternatilla Jazz Festival 2025. Teatre Sa Teulera, Andratx, Mallorca. 2025-11-30) Por Jos\u00e9 Luis Luna Rocafort [INSTANTZZ AKA Galer\u00eda fotogr\u00e1fica AKA Fotoblog de jazz, impro\u2026 y algo m\u00e1s] - Tomajazz - Le\u00efla Duclos Quartet actu\u00f3 en el 9\u00ba Alternatilla Jazz Festival 2025 en Andratx, Mallorca, el 30 de noviembre de 2025. Jos\u00e9 Luis Luna Rocafort lo retrata en INSTANTZZ. Actuaron Le\u00efla Duclos, Leandro Aconcha, Gilles Coquard, Jean-Marc Robin","src":"https:\/\/i0.wp.com\/tomajazz.com\/web\/wp-content\/uploads\/2025\/12\/005-11.jpg?resize=350%2C200&ssl=1","width":350,"height":200,"srcset":"https:\/\/i0.wp.com\/tomajazz.com\/web\/wp-content\/uploads\/2025\/12\/005-11.jpg?resize=350%2C200&ssl=1 1x, https:\/\/i0.wp.com\/tomajazz.com\/web\/wp-content\/uploads\/2025\/12\/005-11.jpg?resize=525%2C300&ssl=1 1.5x"},"classes":[]},{"id":102722,"url":"https:\/\/tomajazz.com\/web\/malena-moncadas-trio-alternatilla-2025\/","url_meta":{"origin":28263,"position":5},"title":"Malena Moncadas Tr\u00edo (9\u00ba Alternatilla Jazz Festival 2025. Claustre des Convent, Muro, Mallorca. 2025-11-23) Por Jos\u00e9 Luis Luna Rocafort [INSTANTZZ AKA Galer\u00eda fotogr\u00e1fica AKA Fotoblog de jazz, impro\u2026 y algo m\u00e1s]","author":"Tomajazz","date":"10 diciembre, 2025","format":false,"excerpt":"Malena Moncadas Tr\u00edo actu\u00f3 en el 9\u00ba Alternatilla Jazz Festival 2025 en Muro, Mallorca, el 23 de noviembre de 2025. Jos\u00e9 Luis Luna Rocafort lo retrata en INSTANTZZ. Actuaron Malena Moncadas, Pere Bujosa, Diego Hervalejo","rel":"","context":"En \u00ab*_Jos\u00e9 Luis Luna Rocafort\u00bb","block_context":{"text":"*_Jos\u00e9 Luis Luna Rocafort","link":"https:\/\/tomajazz.com\/web\/category\/jose-luis-luna-rocafort\/"},"img":{"alt_text":"Malena Moncadas Tr\u00edo (9\u00ba Alternatilla Jazz Festival 2025. Claustre des Convent, Muro, Mallorca. 2025-11-23) Por Jos\u00e9 Luis Luna Rocafort [INSTANTZZ AKA Galer\u00eda fotogr\u00e1fica AKA Fotoblog de jazz, impro\u2026 y algo m\u00e1s] - Tomajazz - Malena Moncadas Tr\u00edo actu\u00f3 en el 9\u00ba Alternatilla Jazz Festival 2025 en Muro, Mallorca, el 23 de noviembre de 2025. Jos\u00e9 Luis Luna Rocafort lo retrata en INSTANTZZ. Actuaron Malena Moncadas, Pere Bujosa, Diego Hervalejo","src":"https:\/\/i0.wp.com\/tomajazz.com\/web\/wp-content\/uploads\/2025\/12\/010-5.jpg?resize=350%2C200&ssl=1","width":350,"height":200,"srcset":"https:\/\/i0.wp.com\/tomajazz.com\/web\/wp-content\/uploads\/2025\/12\/010-5.jpg?resize=350%2C200&ssl=1 1x, https:\/\/i0.wp.com\/tomajazz.com\/web\/wp-content\/uploads\/2025\/12\/010-5.jpg?resize=525%2C300&ssl=1 1.5x"},"classes":[]}],"_links":{"self":[{"href":"https:\/\/tomajazz.com\/web\/wp-json\/wp\/v2\/posts\/28263","targetHints":{"allow":["GET"]}}],"collection":[{"href":"https:\/\/tomajazz.com\/web\/wp-json\/wp\/v2\/posts"}],"about":[{"href":"https:\/\/tomajazz.com\/web\/wp-json\/wp\/v2\/types\/post"}],"author":[{"embeddable":true,"href":"https:\/\/tomajazz.com\/web\/wp-json\/wp\/v2\/users\/1"}],"replies":[{"embeddable":true,"href":"https:\/\/tomajazz.com\/web\/wp-json\/wp\/v2\/comments?post=28263"}],"version-history":[{"count":1,"href":"https:\/\/tomajazz.com\/web\/wp-json\/wp\/v2\/posts\/28263\/revisions"}],"predecessor-version":[{"id":28274,"href":"https:\/\/tomajazz.com\/web\/wp-json\/wp\/v2\/posts\/28263\/revisions\/28274"}],"wp:featuredmedia":[{"embeddable":true,"href":"https:\/\/tomajazz.com\/web\/wp-json\/wp\/v2\/media\/28265"}],"wp:attachment":[{"href":"https:\/\/tomajazz.com\/web\/wp-json\/wp\/v2\/media?parent=28263"}],"wp:term":[{"taxonomy":"category","embeddable":true,"href":"https:\/\/tomajazz.com\/web\/wp-json\/wp\/v2\/categories?post=28263"},{"taxonomy":"post_tag","embeddable":true,"href":"https:\/\/tomajazz.com\/web\/wp-json\/wp\/v2\/tags?post=28263"}],"curies":[{"name":"wp","href":"https:\/\/api.w.org\/{rel}","templated":true}]}}