{"id":2854,"date":"2010-06-30T11:50:00","date_gmt":"2010-06-30T09:50:00","guid":{"rendered":"http:\/\/www.tomajazz.com\/web\/?p=2854"},"modified":"2016-04-10T23:06:41","modified_gmt":"2016-04-10T21:06:41","slug":"franz-koglmann-lo-lee-ta-music-on-nabokov-2009","status":"publish","type":"post","link":"https:\/\/tomajazz.com\/web\/franz-koglmann-lo-lee-ta-music-on-nabokov-2009\/","title":{"rendered":"Franz Koglmann: Lo-lee-ta. Music on Nabokov (2009)"},"content":{"rendered":"<p><a href=\"http:\/\/2.bp.blogspot.com\/_huJnG8dEQz8\/TCsfUcbnObI\/AAAAAAAABvI\/bpezX2FC6DM\/s1600\/franzkoglmann_lo-lee-ta.gif\" imageanchor=\"1\" target=\"_blank\" rel=\"noopener\"><img decoding=\"async\" border=\"1\" src=\"http:\/\/2.bp.blogspot.com\/_huJnG8dEQz8\/TCsfUcbnObI\/AAAAAAAABvI\/bpezX2FC6DM\/s320\/franzkoglmann_lo-lee-ta.gif\" alt=\"\" title=\"\"><\/a><\/p>\n<div>El austriaco Franz Koglmann (1947) es una de las figuras a reivindicar del jazz europeo. Sin tener un gran reconocimiento a nivel popular, el haber grabado un pu\u00f1ado de obras m\u00e1s que notables entre los a\u00f1os 1986 y 1996 en el sello suizo HatOlogy, y ser el director art\u00edstico del exquisito sello Between The Lines entre 1998 y 2004, hacen que sea un m\u00fasico muy apreciado entre ciertos aficionados.<\/div>\n<p><a name=\"more\"><\/a><\/p>\n<div>A lo largo de su carrera este trompetista ha trabajado y reivindicado una concepci\u00f3n del jazz en la que el <i>swing <\/i>no es su elemento m\u00e1s importante. Su m\u00fasica, en una parte muy importante de su carrera, estar\u00eda cercana a lo que podr\u00eda ser una concepci\u00f3n camer\u00edstica del jazz.<\/p>\n<p>En el a\u00f1o 2009 public\u00f3 en el sello austriaco col legno (especializado en cl\u00e1sica y cl\u00e1sica contempor\u00e1nea) <i>Lo-lee-ta. Music on Nabokov<\/i>. Inspirada en la obra del gran escritor ruso, recog\u00eda una colecci\u00f3n de composiciones originales junto con una lectura del tema principal de <i>Lolita <\/i>(pel\u00edcula dirigida en la d\u00e9cada de los a\u00f1os 60 por Stanley Kubrik y basada en la obra m\u00e1s conocida del novelista), y seis breves improvisaciones (duran entre 57 segundos y un minuto y 43 segundos), a d\u00fao con Wolfgang Mitterer, que adem\u00e1s del piano tambi\u00e9n empleaba la electr\u00f3nica. No obstante, el grueso de la grabaci\u00f3n estaba interpretado por el Monoblue Quartet. Un grupo que comenz\u00f3 su andadura en 1990, y que desde 2007 cuenta en su formaci\u00f3n con el guitarrista brit\u00e1nico Ed Renshaw.\u00a0<\/div>\n<div><\/div>\n<div>La m\u00fasica de <i>Lo-lee-ta<\/i> no sorprender\u00e1 a quienes ya conozcan la obra de Koglmann. Los arreglos y las improvisaciones, la vanguardia y el jazz de c\u00e1mara se van dando la mano a lo largo de 45 minutos, dejando en estos encuentros unas melod\u00edas sumamente inspiradas ejecutadas con la delicadeza y la maestr\u00eda de unos artesanos. Por momentos Tony Coe trae a la memoria el sonido de los saxofonistas de la West Coast, mientras que el guitarrista Ed Renshaw se destapa con menos de 30 a\u00f1os como un m\u00fasico a seguir en el futuro.\u00a0<\/div>\n<div><\/div>\n<div>Es m\u00e1s que probable que el disco pase desapercibido entre los aficionados al jazz (tampoco ayuda su edici\u00f3n en col legno). Sin embargo tambi\u00e9n es m\u00e1s que posible que quien se haga con el CD le haga un hueco destacado en su discoteca.<\/div>\n<div><\/div>\n<div>Pachi Tapiz<\/div>\n<div><\/div>\n<div>Franz Koglmann Monoblue Quartet presentar\u00e1 <i>Lo-lee-ta<\/i> en:<\/div>\n<div>Madrid. Fundaci\u00f3n Carlos de Amberes. Jueves 1 de julio a las 22:00 <a href=\"http:\/\/www.fcamberes.org\/\" target=\"_blank\" rel=\"noopener\">http:\/\/www.fcamberes.org<\/a>\n<\/div>\n<div>Vigo. Imaxinasons. 6\u00ba Festival de Jazz de Vigo. Auditorio Municipal. 3 de julio a las 20:30: <a href=\"http:\/\/www.imaxinasons.com\/es\/programa10\/franz-koglmann-monoblue-quartet\" target=\"_blank\" rel=\"noopener\">http:\/\/www.imaxinasons.com\/es\/programa10\/franz-koglmann-monoblue-quartet<\/a>\n<\/div>\n<div><\/div>\n<div>Franz Koglmann: <i>Lo-lee-ta. Music on Nabokov<\/i> (2009)\u00a0<\/div>\n<div><\/div>\n<div>Monoblue Quartet<\/div>\n<div>Tony Coe (clarinete, saxo alto), Franz Koglmann (trompeta, fiscorno), Ed Renshaw (guitarra), Peter Hebert (contrabajo)<\/div>\n<div>Temas 1, 3, 5, 7, 8, 10, 12, 14<\/div>\n<div><\/div>\n<div>D\u00fao Franz Koglmann &#8211; Wolfgang Mitterer<\/div>\n<div>D\u00fao Franz Koglmann (trompeta, fiscorno), Wolfgang Mitterer (piano, electr\u00f3nica)<\/div>\n<div>Temas 2, 4, 6, 9, 11, 13<\/div>\n<div><\/div>\n<div>\u00abLove Theme from Lolita\u00bb (Bob Harris arreglado por Franz Koglmann), \u00abHereafter #1\u00bb (Franz Koglmann, Wolfgang Mitherer), \u00abMontreux Palace\u00bb, \u00abHereafter #2\u00bb (Franz Koglmann, Wolfgang Mitherer), \u00abA Day&#8217;s Work (dedicated to Michael Turnheim)\u00bb, \u00abHereafter #3\u00bb (Franz Koglmann, Wolfgang Mitherer), \u00abAda and Van\u00bb, \u00abVadim Vadimovich N.\u00bb, \u00abHereafter #4\u00bb (Franz Koglmann, Wolfgang Mitherer), \u00abLaura\u00bb, \u00abHereafter #5\u00bb (Franz Koglmann, Wolfgang Mitherer), \u00abJust half a Shade\u00bb, \u00abHereafter #6\u00bb (Franz Koglmann, Wolfgang Mitherer), \u00abMartha Dreyer\u00bb<\/div>\n<div>Todas las composiciones por Franz Koglmann salvo las indicadas.<\/div>\n<div><\/div>\n<div>Publicado en 2009 por Col legno. WWE 1CD 30004<\/div>\n","protected":false},"excerpt":{"rendered":"<p>El austriaco Franz Koglmann (1947) es una de las figuras a reivindicar del jazz europeo. Sin tener un gran reconocimiento a nivel popular, el haber grabado un pu\u00f1ado de obras m\u00e1s que notables entre los a\u00f1os 1986 y 1996 en el sello suizo HatOlogy, y ser el director art\u00edstico del<span class=\"more-link\"><a href=\"https:\/\/tomajazz.com\/web\/franz-koglmann-lo-lee-ta-music-on-nabokov-2009\/\">Contin\u00faa leyendo<\/a><\/span><\/p>\n","protected":false},"author":1,"featured_media":0,"comment_status":"open","ping_status":"closed","sticky":false,"template":"","format":"standard","meta":{"jetpack_post_was_ever_published":false,"_jetpack_newsletter_access":"","_jetpack_dont_email_post_to_subs":false,"_jetpack_newsletter_tier_id":0,"_jetpack_memberships_contains_paywalled_content":false,"_jetpack_memberships_contains_paid_content":false,"footnotes":""},"categories":[5],"tags":[12651,12696,13,12415,15295,77],"class_list":["entry","author-pachi","post-2854","post","type-post","status-publish","format-standard","category-grabaciones","tag-cd","tag-grabaciones","tag-jazz","tag-jazz-en-espana","tag-jazz-en-espanol","tag-tomajazz"],"jetpack_featured_media_url":"","jetpack_likes_enabled":true,"jetpack_sharing_enabled":true,"jetpack-related-posts":[{"id":33366,"url":"https:\/\/tomajazz.com\/web\/365-razones-para-amar-el-jazz-un-album-opium-bill-dixon-franz-koglmann-steve-lacy-321\/","url_meta":{"origin":2854,"position":0},"title":"365 razones para amar el jazz: un \u00e1lbum. Opium (Bill Dixon, Franz Koglmann, Steve Lacy) [322]","author":"Tomajazz","date":"18 noviembre, 2017","format":false,"excerpt":"Un \u00e1lbum: Bill Dixon, Franz Koglmann, Steve Lacy: Opium (2001, Between The Lines Records [BTL 011] Si el jazz europeo tiene pilares sobre los que cimentarse, sostenerse y erguirse, uno de ellos, sin duda, es este \u00e1lbum: Opium. Editado en formato CD, recoge los dos primeros \u00e1lbumes en vinilo firmados\u2026","rel":"","context":"En \u00ab*_Juli\u00e1n Ruesga Bono\u00bb","block_context":{"text":"*_Juli\u00e1n Ruesga Bono","link":"https:\/\/tomajazz.com\/web\/category\/julian-ruesga-bono\/"},"img":{"alt_text":"","src":"https:\/\/i0.wp.com\/tomajazz.com\/web\/wp-content\/uploads\/2017\/11\/Bill-Dixon-Franz-Koglmann-Steve-Lacy-Opium-2001.png?resize=350%2C200&ssl=1","width":350,"height":200},"classes":[]},{"id":32700,"url":"https:\/\/tomajazz.com\/web\/365-razones-para-amar-el-jazz-una-grabacion-lheure-bleue-franz-koglmann-282\/","url_meta":{"origin":2854,"position":1},"title":"365 razones para amar el jazz: una grabaci\u00f3n. L&#8217;Heure Bleue (Franz Koglmann) [282]","author":"Tomajazz","date":"9 octubre, 2017","format":false,"excerpt":"Una grabaci\u00f3n.\u00a0Franz Koglmann:\u00a0L'Heure Bleue\u00a0(HatOlogy, 1991) Seleccionado por Quinito L. Mourelle Con Franz Koglmann, Tony Coe, Klaus Koch, Burkhard Stangl, Misha Mengelberg \u00a0","rel":"","context":"En \u00ab*_Quinito L\u00f3pez Mourelle\u00bb","block_context":{"text":"*_Quinito L\u00f3pez Mourelle","link":"https:\/\/tomajazz.com\/web\/category\/quinito-lopez-mourelle\/"},"img":{"alt_text":"","src":"https:\/\/i0.wp.com\/tomajazz.com\/web\/wp-content\/uploads\/2017\/10\/Franz-Koglmann_LHeure-Bleue.jpg?resize=350%2C200&ssl=1","width":350,"height":200},"classes":[]},{"id":22443,"url":"https:\/\/tomajazz.com\/web\/dueuasp-i-tejero-webster-serrato-diaz-trio-allalba-hristo-vitchev-quartet-dr-lonnie-smith-samo-salamon-bassless-trio-hdo-0079-podcast\/","url_meta":{"origin":2854,"position":2},"title":"DUEUASP I : Tejero \/ Webster \/ Serrato \/ D\u00edaz, Trio All\u2019Alba, Hristo Vitchev Quartet, Dr. Lonnie Smith, Samo Salamon Bassless Trio. HDO 0079 [Podcast]","author":"Tomajazz","date":"27 febrero, 2016","format":false,"excerpt":"De uno en uno a ser posible, viva la variedad en la que se dice que est\u00e1 el gusto (que quien sabe si es cierto), pero en la que de un modo u otro \u2013al menos algunas veces- se est\u00e1 la mar de a gusto. El cuarteto formado por Ricardo\u2026","rel":"","context":"En \u00ab*_Pachi Tapiz\u00bb","block_context":{"text":"*_Pachi Tapiz","link":"https:\/\/tomajazz.com\/web\/category\/pachi-tapiz\/"},"img":{"alt_text":"","src":"https:\/\/i0.wp.com\/tomajazz.com\/web\/wp-content\/uploads\/2016\/02\/Tejero-Webster-Serrato-Diaz_Spain-Is-The-Place_Raw-Tonk-Records_2016.jpg?resize=350%2C200&ssl=1","width":350,"height":200,"srcset":"https:\/\/i0.wp.com\/tomajazz.com\/web\/wp-content\/uploads\/2016\/02\/Tejero-Webster-Serrato-Diaz_Spain-Is-The-Place_Raw-Tonk-Records_2016.jpg?resize=350%2C200&ssl=1 1x, https:\/\/i0.wp.com\/tomajazz.com\/web\/wp-content\/uploads\/2016\/02\/Tejero-Webster-Serrato-Diaz_Spain-Is-The-Place_Raw-Tonk-Records_2016.jpg?resize=525%2C300&ssl=1 1.5x, https:\/\/i0.wp.com\/tomajazz.com\/web\/wp-content\/uploads\/2016\/02\/Tejero-Webster-Serrato-Diaz_Spain-Is-The-Place_Raw-Tonk-Records_2016.jpg?resize=700%2C400&ssl=1 2x"},"classes":[]},{"id":21760,"url":"https:\/\/tomajazz.com\/web\/homenaje-a-paul-bley-hdo-0058-audioblog\/","url_meta":{"origin":2854,"position":3},"title":"Homenaje a Paul Bley. HDO 0058 [Audioblog]","author":"Tomajazz","date":"6 enero, 2016","format":"audio","excerpt":"El pasado 3 de enero de 2016 fallec\u00eda el pianista Paul Bley a los 83 a\u00f1os. En homenaje a su figura pero especialmente a su m\u00fasica, en HDO realizamos un repaso a algunas de sus obras que sirven a su vez para mostrar distintas facetas de su manera de entender\u2026","rel":"","context":"En \u00ab*_Pachi Tapiz\u00bb","block_context":{"text":"*_Pachi Tapiz","link":"https:\/\/tomajazz.com\/web\/category\/pachi-tapiz\/"},"img":{"alt_text":"Paul Bley grabando a piano solo en 2006. Fotograf\u00eda por Carol Goss.","src":"https:\/\/i0.wp.com\/www.tomajazz.com\/web\/wp-content\/uploads\/2016\/01\/Photo-of-Paul-Bley-recording-solo-piano-in-2006-photographed-by-Carol-Goss.-200x267.jpg?resize=350%2C200","width":350,"height":200},"classes":[]},{"id":3118,"url":"https:\/\/tomajazz.com\/web\/dos-novedades-en-la-blogosfera-jazzistica\/","url_meta":{"origin":2854,"position":4},"title":"Dos novedades en la blogosfera jazz\u00edstica","author":"Tomajazz","date":"11 febrero, 2009","format":false,"excerpt":"En los \u00faltimos d\u00edas hay que dar la bienvenida a dos nuevas incorporaciones a la blogosfera jazz\u00edstica. Diego S\u00e1nchez Cascado promete en Nadar en la ambulancia contenidos variados, pero siempre interesantes. Su estreno ha sido con sendas entradas dedicadas a Franz Koglmann y a Bob Dylan. \u00bfQu\u00e9 ser\u00e1 lo siguiente?\u2026","rel":"","context":"Con 2 comentarios","block_context":{"text":"Con 2 comentarios","link":"https:\/\/tomajazz.com\/web\/dos-novedades-en-la-blogosfera-jazzistica\/#comments"},"img":{"alt_text":"","src":"","width":0,"height":0},"classes":[]},{"id":97649,"url":"https:\/\/tomajazz.com\/web\/keith-jarrett-new-vienna-ecm-2025\/","url_meta":{"origin":2854,"position":5},"title":"Keith Jarrett: New Vienna (ECM, 2025) Por Pachi Tapiz [Grabaci\u00f3n de jazz]","author":"Tomajazz","date":"7 agosto, 2025","format":false,"excerpt":"New Vienna (ECM, 2025) es el t\u00edtulo de la \u00faltima grabaci\u00f3n de Keith Jarrett publicada el sello ECM. Pachi Tapiz repasa la magistral grabaci\u00f3n a piano solo","rel":"","context":"En \u00abGrabaciones...\u00bb","block_context":{"text":"Grabaciones...","link":"https:\/\/tomajazz.com\/web\/category\/contenidos\/textos\/grabaciones\/"},"img":{"alt_text":"Keith Jarrett: New Vienna (ECM, 2025) Por Pachi Tapiz [Grabaci\u00f3n de jazz] - Tomajazz - New Vienna (ECM, 2025) es el t\u00edtulo de la \u00faltima grabaci\u00f3n de Keith Jarrett publicada el sello ECM. Pachi Tapiz repasa la magistral grabaci\u00f3n a piano solo","src":"https:\/\/i0.wp.com\/tomajazz.com\/web\/wp-content\/uploads\/2025\/08\/Keith-Jarrett-New-Vienna-ECM-2025.jpg?resize=350%2C200&ssl=1","width":350,"height":200,"srcset":"https:\/\/i0.wp.com\/tomajazz.com\/web\/wp-content\/uploads\/2025\/08\/Keith-Jarrett-New-Vienna-ECM-2025.jpg?resize=350%2C200&ssl=1 1x, https:\/\/i0.wp.com\/tomajazz.com\/web\/wp-content\/uploads\/2025\/08\/Keith-Jarrett-New-Vienna-ECM-2025.jpg?resize=525%2C300&ssl=1 1.5x, https:\/\/i0.wp.com\/tomajazz.com\/web\/wp-content\/uploads\/2025\/08\/Keith-Jarrett-New-Vienna-ECM-2025.jpg?resize=700%2C400&ssl=1 2x"},"classes":[]}],"_links":{"self":[{"href":"https:\/\/tomajazz.com\/web\/wp-json\/wp\/v2\/posts\/2854","targetHints":{"allow":["GET"]}}],"collection":[{"href":"https:\/\/tomajazz.com\/web\/wp-json\/wp\/v2\/posts"}],"about":[{"href":"https:\/\/tomajazz.com\/web\/wp-json\/wp\/v2\/types\/post"}],"author":[{"embeddable":true,"href":"https:\/\/tomajazz.com\/web\/wp-json\/wp\/v2\/users\/1"}],"replies":[{"embeddable":true,"href":"https:\/\/tomajazz.com\/web\/wp-json\/wp\/v2\/comments?post=2854"}],"version-history":[{"count":1,"href":"https:\/\/tomajazz.com\/web\/wp-json\/wp\/v2\/posts\/2854\/revisions"}],"predecessor-version":[{"id":23077,"href":"https:\/\/tomajazz.com\/web\/wp-json\/wp\/v2\/posts\/2854\/revisions\/23077"}],"wp:attachment":[{"href":"https:\/\/tomajazz.com\/web\/wp-json\/wp\/v2\/media?parent=2854"}],"wp:term":[{"taxonomy":"category","embeddable":true,"href":"https:\/\/tomajazz.com\/web\/wp-json\/wp\/v2\/categories?post=2854"},{"taxonomy":"post_tag","embeddable":true,"href":"https:\/\/tomajazz.com\/web\/wp-json\/wp\/v2\/tags?post=2854"}],"curies":[{"name":"wp","href":"https:\/\/api.w.org\/{rel}","templated":true}]}}