{"id":2912,"date":"2010-03-31T10:00:00","date_gmt":"2010-03-31T08:00:00","guid":{"rendered":"http:\/\/www.tomajazz.com\/web\/?p=2912"},"modified":"2016-04-10T23:06:48","modified_gmt":"2016-04-10T21:06:48","slug":"tirodarco-tirodarco","status":"publish","type":"post","link":"https:\/\/tomajazz.com\/web\/tirodarco-tirodarco\/","title":{"rendered":"Tirodarco: Tirodarco"},"content":{"rendered":"<div><a href=\"http:\/\/3.bp.blogspot.com\/_huJnG8dEQz8\/S7MBpjBvIxI\/AAAAAAAABYM\/kfRrJt73OxQ\/s1600\/tirodarco.jpg\" imageanchor=\"1\" target=\"_blank\" rel=\"noopener\"><img decoding=\"async\" border=\"1\" src=\"http:\/\/3.bp.blogspot.com\/_huJnG8dEQz8\/S7MBpjBvIxI\/AAAAAAAABYM\/kfRrJt73OxQ\/s320\/tirodarco.jpg\" alt=\"\" title=\"\"><\/a><\/div>\n<div>Tres instrumentos de cuerda y uno de viento. M\u00fasica con influencias de la parte europea del Mediterr\u00e1neo que abarca desde Espa\u00f1a (v\u00eda habaneras) hasta los Balcanes, pasando por supuesto por Italia. Temas propios que cuando miran hacia afuera lo hacen para quedarse en el legado de Shostakovich. Melod\u00eda y ritmo. Arreglos e improvisaciones. Tranquilidad y tensi\u00f3n. Belleza y emoci\u00f3n. Sofisticaci\u00f3n, pero tambi\u00e9n la sencillez de lo popular. Todo ello est\u00e1 en la m\u00fasica de este cuarteto con una formaci\u00f3n tan peculiar.<br \/><a name=\"more\"><\/a>\n<\/div>\n<p><\/p>\n<div>En m\u00e1s de una ocasi\u00f3n, a estas alturas del partido, se sigue discutiendo sobre la existencia o no del jazz europeo. Escuchando a estos cuatro maestros, el asunto no s\u00f3lo carece de sentido sino que tampoco tiene ninguna importancia. Lo propio es dejarse enamorar y disfrutar de esta m\u00fasica a la que no le hace falta ning\u00fan calificativo m\u00e1s. Es una de esas sorpresas que enamoran y, en lo personal, uno de mis discos de 2009.<\/div>\n<div><\/div>\n<div>Tirodarco &#8211; <i>Tirodarco<\/i>\n<\/div>\n<div><i><br \/><\/i><\/div>\n<div><\/div>\n<div>Achille Succi (clarinete, clarinete bajo), Dimitri Sillato (viol\u00edn), Salvatore Maiore (violonchelo), Roberto Bartoli (contrabajo).<\/div>\n<div><\/div>\n<div>Grabado en estudio en 2007. Publicado en 2009. El Gallo Rojo 314 23-2<\/div>\n","protected":false},"excerpt":{"rendered":"<p>Tres instrumentos de cuerda y uno de viento. M\u00fasica con influencias de la parte europea del Mediterr\u00e1neo que abarca desde Espa\u00f1a (v\u00eda habaneras) hasta los Balcanes, pasando por supuesto por Italia. Temas propios que cuando miran hacia afuera lo hacen para quedarse en el legado de Shostakovich. Melod\u00eda y ritmo.<span class=\"more-link\"><a href=\"https:\/\/tomajazz.com\/web\/tirodarco-tirodarco\/\">Contin\u00faa leyendo<\/a><\/span><\/p>\n","protected":false},"author":1,"featured_media":0,"comment_status":"open","ping_status":"closed","sticky":false,"template":"","format":"standard","meta":{"_jetpack_newsletter_access":"","_jetpack_dont_email_post_to_subs":false,"_jetpack_newsletter_tier_id":0,"_jetpack_memberships_contains_paywalled_content":false,"_jetpack_feature_clip_id":0,"_jetpack_memberships_contains_paid_content":false,"footnotes":"","jetpack_post_was_ever_published":false},"categories":[5],"tags":[12651,12696,13,12415,15295,77],"class_list":["entry","author-pachi","post-2912","post","type-post","status-publish","format-standard","category-grabaciones","tag-cd","tag-grabaciones","tag-jazz","tag-jazz-en-espana","tag-jazz-en-espanol","tag-tomajazz"],"jetpack_likes_enabled":true,"jetpack_sharing_enabled":true,"jetpack-related-posts":[{"id":101417,"url":"https:\/\/tomajazz.com\/web\/cesar-joaniquet-live-at-jazz-cava-2025\/","url_meta":{"origin":2912,"position":0},"title":"C\u00e8sar Joaniquet: Live at Jazz Cava (UnderPool Records; 2025) Por Carlos Lara [Grabaci\u00f3n de jazz]","author":"Tomajazz","date":"5 noviembre, 2025","format":false,"excerpt":"Live at Jazz Cava (UnderPool Records; 2025) es la nueva grabaci\u00f3n de C\u00e8sar Joaniquet:. Carlos Lara repasa la grabaci\u00f3n. Con C\u00e8sar Joaniquet, Artur Tu\u017anik), Brice Soniano, Kasper Tom Christiansen","rel":"","context":"En \u00abGrabaciones...\u00bb","block_context":{"text":"Grabaciones...","link":"https:\/\/tomajazz.com\/web\/category\/contenidos\/textos\/grabaciones\/"},"img":{"alt_text":"C\u00e8sar Joaniquet: Live at Jazz Cava (UnderPool Records; 2025) Por Carlos Lara [Grabaci\u00f3n de jazz] - Tomajazz - Live at Jazz Cava (UnderPool Records; 2025) es la nueva grabaci\u00f3n de C\u00e8sar Joaniquet:. Carlos Lara repasa la grabaci\u00f3n. Con C\u00e8sar Joaniquet, Artur Tu\u017anik), Brice Soniano, Kasper Tom Christiansen","src":"https:\/\/i0.wp.com\/tomajazz.com\/web\/wp-content\/uploads\/2025\/11\/Cesar-Joaniquet-Live-at-Jazz-Cava-UnderPool-Records-2025.jpg?resize=350%2C200&ssl=1","width":350,"height":200},"classes":[]},{"id":100838,"url":"https:\/\/tomajazz.com\/web\/zanussi-3-a-keen-beast-2025\/","url_meta":{"origin":2912,"position":1},"title":"Zanussi 3: A Keen Beast (Sauajazz; 2025) Por Pachi Tapiz [Grabaci\u00f3n de jazz]","author":"Tomajazz","date":"29 octubre, 2025","format":false,"excerpt":"A Keen Beast (Sauajazz; 2025) es la nueva grabaci\u00f3n de Zanussi 3. Pachi Tapiz repasa la grabaci\u00f3n. Con Per Zanussi, Kristoffer Berre Alberts, Per Oddvar Johansen","rel":"","context":"En \u00abGrabaciones...\u00bb","block_context":{"text":"Grabaciones...","link":"https:\/\/tomajazz.com\/web\/category\/contenidos\/textos\/grabaciones\/"},"img":{"alt_text":"Zanussi 3: A Keen Beast (Sauajazz; 2025) Por Pachi Tapiz [Grabaci\u00f3n de jazz] - Tomajazz - A Keen Beast (Sauajazz; 2025) es la nueva grabaci\u00f3n de Zanussi 3. Pachi Tapiz repasa la grabaci\u00f3n","src":"https:\/\/i0.wp.com\/tomajazz.com\/web\/wp-content\/uploads\/2025\/10\/Zanussi-3-A-Keen-Beast-2025-Sauajazz.jpg?resize=350%2C200&ssl=1","width":350,"height":200,"srcset":"https:\/\/i0.wp.com\/tomajazz.com\/web\/wp-content\/uploads\/2025\/10\/Zanussi-3-A-Keen-Beast-2025-Sauajazz.jpg?resize=350%2C200&ssl=1 1x, https:\/\/i0.wp.com\/tomajazz.com\/web\/wp-content\/uploads\/2025\/10\/Zanussi-3-A-Keen-Beast-2025-Sauajazz.jpg?resize=525%2C300&ssl=1 1.5x, https:\/\/i0.wp.com\/tomajazz.com\/web\/wp-content\/uploads\/2025\/10\/Zanussi-3-A-Keen-Beast-2025-Sauajazz.jpg?resize=700%2C400&ssl=1 2x"},"classes":[]},{"id":102403,"url":"https:\/\/tomajazz.com\/web\/joachim-kuhn-echappee-2025\/","url_meta":{"origin":2912,"position":2},"title":"Joachim K\u00fchn: \u00c9chapp\u00e9e (Intakt Records; 2025) Por Carlos Lara [Grabaci\u00f3n de jazz]","author":"Tomajazz","date":"1 diciembre, 2025","format":false,"excerpt":"\u00c9chapp\u00e9e (Intakt Records; 2025) es la nueva grabaci\u00f3n en solitario de Joachim K\u00fchn. Carlos Lara repasa la grabaci\u00f3n","rel":"","context":"En \u00abGrabaciones...\u00bb","block_context":{"text":"Grabaciones...","link":"https:\/\/tomajazz.com\/web\/category\/contenidos\/textos\/grabaciones\/"},"img":{"alt_text":"Joachim K\u00fchn: \u00c9chapp\u00e9e (Intakt Records; 2025) Por Carlos Lara [Grabaci\u00f3n de jazz] - Tomajazz - \u00c9chapp\u00e9e (Intakt Records; 2025) es la nueva grabaci\u00f3n en solitario de Joachim K\u00fchn. Carlos Lara repasa la grabaci\u00f3n","src":"https:\/\/i0.wp.com\/tomajazz.com\/web\/wp-content\/uploads\/2025\/11\/Joachim-Kuhn-Echappee-Intakt-Records-2025-Tomajazz.jpg?resize=350%2C200&ssl=1","width":350,"height":200,"srcset":"https:\/\/i0.wp.com\/tomajazz.com\/web\/wp-content\/uploads\/2025\/11\/Joachim-Kuhn-Echappee-Intakt-Records-2025-Tomajazz.jpg?resize=350%2C200&ssl=1 1x, https:\/\/i0.wp.com\/tomajazz.com\/web\/wp-content\/uploads\/2025\/11\/Joachim-Kuhn-Echappee-Intakt-Records-2025-Tomajazz.jpg?resize=525%2C300&ssl=1 1.5x, https:\/\/i0.wp.com\/tomajazz.com\/web\/wp-content\/uploads\/2025\/11\/Joachim-Kuhn-Echappee-Intakt-Records-2025-Tomajazz.jpg?resize=700%2C400&ssl=1 2x, https:\/\/i0.wp.com\/tomajazz.com\/web\/wp-content\/uploads\/2025\/11\/Joachim-Kuhn-Echappee-Intakt-Records-2025-Tomajazz.jpg?resize=1050%2C600&ssl=1 3x, https:\/\/i0.wp.com\/tomajazz.com\/web\/wp-content\/uploads\/2025\/11\/Joachim-Kuhn-Echappee-Intakt-Records-2025-Tomajazz.jpg?resize=1400%2C800&ssl=1 4x"},"classes":[]},{"id":102719,"url":"https:\/\/tomajazz.com\/web\/silvia-bolognesi-eric-mingus-is-that-jazz-2025\/","url_meta":{"origin":2912,"position":3},"title":"Silvia Bolognesi &#038; Eric Mingus: Is That Jazz? (Fonterossa Records; 2025) Por Pachi Tapiz [Grabaci\u00f3n de jazz]","author":"Tomajazz","date":"10 diciembre, 2025","format":false,"excerpt":"Is That Jazz? (Fonterossa Records; 2025) es el homenaje a Gil Scott-Heron realizado por Silvia Bolognesi y Eric Mingus. Pachi Tapiz repasa la grabaci\u00f3n","rel":"","context":"En \u00ab*_Pachi Tapiz\u00bb","block_context":{"text":"*_Pachi Tapiz","link":"https:\/\/tomajazz.com\/web\/category\/pachi-tapiz\/"},"img":{"alt_text":"Silvia Bolognesi & Eric Mingus: Is That Jazz? (Fonterossa Records; 2025) Por Pachi Tapiz [Grabaci\u00f3n de jazz] - Tomajazz - Is That Jazz? (Fonterossa Records; 2025) es el homenaje aPor Pachi Tapiz","src":"https:\/\/i0.wp.com\/tomajazz.com\/web\/wp-content\/uploads\/2025\/12\/Silvia-Bolognesi-and-Eric-Mingus-Is-That-Jazz-Fonterossa-Records-2025-Tomajazz.jpg?resize=350%2C200&ssl=1","width":350,"height":200,"srcset":"https:\/\/i0.wp.com\/tomajazz.com\/web\/wp-content\/uploads\/2025\/12\/Silvia-Bolognesi-and-Eric-Mingus-Is-That-Jazz-Fonterossa-Records-2025-Tomajazz.jpg?resize=350%2C200&ssl=1 1x, https:\/\/i0.wp.com\/tomajazz.com\/web\/wp-content\/uploads\/2025\/12\/Silvia-Bolognesi-and-Eric-Mingus-Is-That-Jazz-Fonterossa-Records-2025-Tomajazz.jpg?resize=525%2C300&ssl=1 1.5x, https:\/\/i0.wp.com\/tomajazz.com\/web\/wp-content\/uploads\/2025\/12\/Silvia-Bolognesi-and-Eric-Mingus-Is-That-Jazz-Fonterossa-Records-2025-Tomajazz.jpg?resize=700%2C400&ssl=1 2x"},"classes":[]},{"id":107009,"url":"https:\/\/tomajazz.com\/web\/pedro-molina-a-name-i-knew-2026\/","url_meta":{"origin":2912,"position":4},"title":"Pedro Molina: A Name I Knew (Carimbo Porta-Jazz, 2026) Por Jos\u00e9 Antonio Garc\u00eda L\u00f3pez [Grabaci\u00f3n de jazz]","author":"Tomajazz","date":"3 septiembre, 2026","format":false,"excerpt":"A Name I Knew (Carimbo Porta-Jazz, 2026) es la nueva grabaci\u00f3n de Pedro Molina. Jos\u00e9 Antonio Garc\u00eda L\u00f3pez repasa la grabaci\u00f3n. Participan Pedro Molina, Hugo Ferreira, Miguel Meirhinos, Gon\u00e7alo Ribeiro","rel":"","context":"En \u00ab*_Jos\u00e9 Antonio Garc\u00eda L\u00f3pez\u00bb","block_context":{"text":"*_Jos\u00e9 Antonio Garc\u00eda L\u00f3pez","link":"https:\/\/tomajazz.com\/web\/category\/jose-antonio-garcia-lopez\/"},"img":{"alt_text":"Pedro Molina: A Name I Knew (Carimbo Porta-Jazz, 2026) Por Jos\u00e9 Antonio Garc\u00eda L\u00f3pez [Grabaci\u00f3n de jazz] - Tomajazz - A Name I Knew (Carimbo Porta-Jazz, 2026) es la nueva grabaci\u00f3n de Pedro Molina. Jos\u00e9 Antonio Garc\u00eda L\u00f3pez repasa la grabaci\u00f3n. Participan Pedro Molina, Hugo Ferreira, Miguel Meirhinos, Gon\u00e7alo Ribeiro","src":"https:\/\/i0.wp.com\/tomajazz.com\/web\/wp-content\/uploads\/2026\/09\/Pedro-Molina-A-Name-I-Knew-Carimbo-Porta-Jazz-2026.jpg?resize=350%2C200&ssl=1","width":350,"height":200,"srcset":"https:\/\/i0.wp.com\/tomajazz.com\/web\/wp-content\/uploads\/2026\/09\/Pedro-Molina-A-Name-I-Knew-Carimbo-Porta-Jazz-2026.jpg?resize=350%2C200&ssl=1 1x, https:\/\/i0.wp.com\/tomajazz.com\/web\/wp-content\/uploads\/2026\/09\/Pedro-Molina-A-Name-I-Knew-Carimbo-Porta-Jazz-2026.jpg?resize=525%2C300&ssl=1 1.5x, https:\/\/i0.wp.com\/tomajazz.com\/web\/wp-content\/uploads\/2026\/09\/Pedro-Molina-A-Name-I-Knew-Carimbo-Porta-Jazz-2026.jpg?resize=700%2C400&ssl=1 2x"},"classes":[]},{"id":100684,"url":"https:\/\/tomajazz.com\/web\/anne-mette-iversen-marbles-2025\/","url_meta":{"origin":2912,"position":5},"title":"Anne Mette Iversen Ternion Q Expanded: Marbles (Brooklyn Jazz Underground Records; 2025) Por Pachi Tapiz [Grabaci\u00f3n de jazz]","author":"Tomajazz","date":"18 octubre, 2025","format":false,"excerpt":"Marbles (Brooklyn Jazz Underground Records; 2025) es la nueva grabaci\u00f3n de Anne Mette Iversen al frente del septeto Ternion Q Expanded. Pachi Tapiz repasa la grabaci\u00f3n. Con Percy Pursglove, Silke Eberhard, Julius Gawlik, Morris Kliphuis, Geoffroy De Masure, Anne Mette Iversen, Roland Schneider","rel":"","context":"En \u00abGrabaciones...\u00bb","block_context":{"text":"Grabaciones...","link":"https:\/\/tomajazz.com\/web\/category\/contenidos\/textos\/grabaciones\/"},"img":{"alt_text":"Anne Mette Iversen Ternion Q Expanded: Marbles (Brooklyn Jazz Underground Records; 2025) Por Pachi Tapiz [Grabaci\u00f3n de jazz] - Tomajazz - Marbles (Brooklyn Jazz Underground Records; 2025) es la nueva grabaci\u00f3n de Anne Mette Iversen al frente del septeto Ternion Q Expanded. Pachi Tapiz repasa la grabaci\u00f3n. Con Percy Pursglove, Silke Eberhard, Julius Gawlik, Morris Kliphuis, Geoffroy De Masure, Anne Mette Iversen, Roland Schneider","src":"https:\/\/i0.wp.com\/tomajazz.com\/web\/wp-content\/uploads\/2025\/10\/Anne-Mette-Iversen-Ternion-Q-Expanded-Marbles-Brooklyn-Jazz-Underground-Records-2025-Tomajazz.jpg?resize=350%2C200&ssl=1","width":350,"height":200,"srcset":"https:\/\/i0.wp.com\/tomajazz.com\/web\/wp-content\/uploads\/2025\/10\/Anne-Mette-Iversen-Ternion-Q-Expanded-Marbles-Brooklyn-Jazz-Underground-Records-2025-Tomajazz.jpg?resize=350%2C200&ssl=1 1x, https:\/\/i0.wp.com\/tomajazz.com\/web\/wp-content\/uploads\/2025\/10\/Anne-Mette-Iversen-Ternion-Q-Expanded-Marbles-Brooklyn-Jazz-Underground-Records-2025-Tomajazz.jpg?resize=525%2C300&ssl=1 1.5x, https:\/\/i0.wp.com\/tomajazz.com\/web\/wp-content\/uploads\/2025\/10\/Anne-Mette-Iversen-Ternion-Q-Expanded-Marbles-Brooklyn-Jazz-Underground-Records-2025-Tomajazz.jpg?resize=700%2C400&ssl=1 2x"},"classes":[]}],"jetpack_featured_media_url":"","_links":{"self":[{"href":"https:\/\/tomajazz.com\/web\/wp-json\/wp\/v2\/posts\/2912","targetHints":{"allow":["GET"]}}],"collection":[{"href":"https:\/\/tomajazz.com\/web\/wp-json\/wp\/v2\/posts"}],"about":[{"href":"https:\/\/tomajazz.com\/web\/wp-json\/wp\/v2\/types\/post"}],"author":[{"embeddable":true,"href":"https:\/\/tomajazz.com\/web\/wp-json\/wp\/v2\/users\/1"}],"replies":[{"embeddable":true,"href":"https:\/\/tomajazz.com\/web\/wp-json\/wp\/v2\/comments?post=2912"}],"version-history":[{"count":1,"href":"https:\/\/tomajazz.com\/web\/wp-json\/wp\/v2\/posts\/2912\/revisions"}],"predecessor-version":[{"id":23114,"href":"https:\/\/tomajazz.com\/web\/wp-json\/wp\/v2\/posts\/2912\/revisions\/23114"}],"wp:attachment":[{"href":"https:\/\/tomajazz.com\/web\/wp-json\/wp\/v2\/media?parent=2912"}],"wp:term":[{"taxonomy":"category","embeddable":true,"href":"https:\/\/tomajazz.com\/web\/wp-json\/wp\/v2\/categories?post=2912"},{"taxonomy":"post_tag","embeddable":true,"href":"https:\/\/tomajazz.com\/web\/wp-json\/wp\/v2\/tags?post=2912"}],"curies":[{"name":"wp","href":"https:\/\/api.w.org\/{rel}","templated":true}]}}