{"id":2934,"date":"2010-03-04T09:05:00","date_gmt":"2010-03-04T08:05:00","guid":{"rendered":"http:\/\/www.tomajazz.com\/web\/?p=2934"},"modified":"2010-03-04T09:05:00","modified_gmt":"2010-03-04T08:05:00","slug":"un-pensamiento-fugaz-sobre-marlango-y-los-festivales-de-jazz","status":"publish","type":"post","link":"https:\/\/tomajazz.com\/web\/un-pensamiento-fugaz-sobre-marlango-y-los-festivales-de-jazz\/","title":{"rendered":"Un pensamiento fugaz&#8230; sobre Marlango y los festivales de jazz"},"content":{"rendered":"<div>Marlango han publicado un nuevo disco. \u00bfVolver\u00e1n a intentar convencernos este a\u00f1o, tal y como pretendieron hacernos creer hace unos a\u00f1os,\u00a0festivales mediante, de que son un grupo de jazz?<\/div>\n<p>Pachi Tapiz<\/p>\n","protected":false},"excerpt":{"rendered":"<p>Marlango han publicado un nuevo disco. \u00bfVolver\u00e1n a intentar convencernos este a\u00f1o, tal y como pretendieron hacernos creer hace unos a\u00f1os,\u00a0festivales mediante, de que son un grupo de jazz? Pachi Tapiz<span class=\"more-link\"><a href=\"https:\/\/tomajazz.com\/web\/un-pensamiento-fugaz-sobre-marlango-y-los-festivales-de-jazz\/\">Contin\u00faa leyendo<\/a><\/span><\/p>\n","protected":false},"author":1,"featured_media":0,"comment_status":"open","ping_status":"closed","sticky":false,"template":"","format":"standard","meta":{"_jetpack_newsletter_access":"","_jetpack_dont_email_post_to_subs":false,"_jetpack_newsletter_tier_id":0,"_jetpack_memberships_contains_paywalled_content":false,"_jetpack_feature_clip_id":0,"_jetpack_memberships_contains_paid_content":false,"footnotes":"","jetpack_post_was_ever_published":false},"categories":[1],"tags":[],"class_list":["entry","author-pachi","post-2934","post","type-post","status-publish","format-standard","category-uncategorized"],"jetpack_likes_enabled":true,"jetpack_sharing_enabled":true,"jetpack-related-posts":[{"id":105871,"url":"https:\/\/tomajazz.com\/web\/jeppe-zeeberg-festival-jazz-vic-2026\/","url_meta":{"origin":2934,"position":0},"title":"Jeppe Zeeberg \u201cPian\u00edssim\u201d (28\u00e8 Festival Jazz Vic 2026 \/ Jazz Cava, 2026-05-14 \/ Vic -Barcelona-) [1] Por Joan Cort\u00e8s [INSTANTZZ AKA Galer\u00eda fotogr\u00e1fica AKA Fotoblog de jazz, impro\u2026 y algo m\u00e1s]","author":"Tomajazz","date":"15 junio, 2026","format":false,"excerpt":"Jeppe Zeeberg \u201cPian\u00edssim\u201d actu\u00f3 en el 28\u00e8 Festival Jazz Vic 2026 en la m\u00edtica Jazz Cava. Joan Cort\u00e8s lo retrata en INSTANTZZ","rel":"","context":"En \u00abINSTANTZZ\u00bb","block_context":{"text":"INSTANTZZ","link":"https:\/\/tomajazz.com\/web\/category\/contenidos\/imagenes\/photoblogs\/instantzz\/"},"img":{"alt_text":"Jeppe Zeeberg \u201cPian\u00edssim\u201d (28\u00e8 Festival Jazz Vic 2026 \/ Jazz Cava, 2026-05-14 \/ Vic -Barcelona-) [1] Por Joan Cort\u00e8s [INSTANTZZ AKA Galer\u00eda fotogr\u00e1fica AKA Fotoblog de jazz, impro\u2026 y algo m\u00e1s] - Tomajazz - Jeppe Zeeberg \u201cPian\u00edssim\u201d actu\u00f3 en el 28\u00e8 Festival Jazz Vic 2026 en la m\u00edtica Jazz Cava. Joan Cort\u00e8s lo retrata en INSTANTZZ","src":"https:\/\/i0.wp.com\/tomajazz.com\/web\/wp-content\/uploads\/2026\/06\/destacada-10-Jpp-Zbrg-pnssm-Photo-by-Joan-Cortes-14mg26-JC-28FJVc.jpg?resize=350%2C200&ssl=1","width":350,"height":200,"srcset":"https:\/\/i0.wp.com\/tomajazz.com\/web\/wp-content\/uploads\/2026\/06\/destacada-10-Jpp-Zbrg-pnssm-Photo-by-Joan-Cortes-14mg26-JC-28FJVc.jpg?resize=350%2C200&ssl=1 1x, https:\/\/i0.wp.com\/tomajazz.com\/web\/wp-content\/uploads\/2026\/06\/destacada-10-Jpp-Zbrg-pnssm-Photo-by-Joan-Cortes-14mg26-JC-28FJVc.jpg?resize=525%2C300&ssl=1 1.5x"},"classes":[]},{"id":106737,"url":"https:\/\/tomajazz.com\/web\/new-jazz-underground-vitoria-2026\/","url_meta":{"origin":2934,"position":1},"title":"New Jazz Underground (49 Festival de Jazz de Vitoria-Gasteiz 2026. 2026-07-14) Por Jos\u00e9 Luis Luna Rocafort [INSTANTZZ AKA Galer\u00eda fotogr\u00e1fica AKA Fotoblog de jazz, impro\u2026 y algo m\u00e1s]","author":"Tomajazz","date":"25 agosto, 2026","format":false,"excerpt":"New Jazz Underground actu\u00f3 en el 49 Festival de Jazz de Vitoria-Gasteiz 2026. Jos\u00e9 Luis Luna Rocafort lo retrata en INSTANTZZ. New Jazz Underground son Abdias Armenteros, Sebastian R\u00edos, TJ Reddick","rel":"","context":"En \u00ab49 Festival de Jazz de Vitoria-Gasteiz 2026\u00bb","block_context":{"text":"49 Festival de Jazz de Vitoria-Gasteiz 2026","link":"https:\/\/tomajazz.com\/web\/category\/contenidos\/especial-contenidos\/49-festival-de-jazz-de-vitoria-gasteiz-2026\/"},"img":{"alt_text":"New Jazz Underground (49 Festival de Jazz de Vitoria-Gasteiz 2026. 2026-07-14) Por Jos\u00e9 Luis Luna Rocafort [INSTANTZZ AKA Galer\u00eda fotogr\u00e1fica AKA Fotoblog de jazz, impro\u2026 y algo m\u00e1s] - Tomajazz - New Jazz Underground actu\u00f3 en el 49 Festival de Jazz de Vitoria-Gasteiz 2026. Jos\u00e9 Luis Luna Rocafort lo retrata en INSTANTZZ. New Jazz Underground son Abdias Armenteros, Sebastian R\u00edos, TJ Reddick","src":"https:\/\/i0.wp.com\/tomajazz.com\/web\/wp-content\/uploads\/2026\/08\/010-12.jpg?resize=350%2C200&ssl=1","width":350,"height":200,"srcset":"https:\/\/i0.wp.com\/tomajazz.com\/web\/wp-content\/uploads\/2026\/08\/010-12.jpg?resize=350%2C200&ssl=1 1x, https:\/\/i0.wp.com\/tomajazz.com\/web\/wp-content\/uploads\/2026\/08\/010-12.jpg?resize=525%2C300&ssl=1 1.5x"},"classes":[]},{"id":106170,"url":"https:\/\/tomajazz.com\/web\/28e-festival-jazz-vic-2026-resumen\/","url_meta":{"origin":2934,"position":2},"title":"28\u00e8 Festival Jazz Vic 2026 -resumen- [y 7] Por Joan Cort\u00e8s [INSTANTZZ AKA Galer\u00eda fotogr\u00e1fica AKA Fotoblog de jazz, impro\u2026 y algo m\u00e1s]","author":"Tomajazz","date":"5 agosto, 2026","format":false,"excerpt":"Concluye el repaso al Festival Jazz Vic 2026 por parte de Joan Cort\u00e8s con una selecci\u00f3n de im\u00e1genes de los conciertos del ciclo","rel":"","context":"En \u00ab28\u00e8 Festival Jazz Vic 2026\u00bb","block_context":{"text":"28\u00e8 Festival Jazz Vic 2026","link":"https:\/\/tomajazz.com\/web\/category\/contenidos\/especial-contenidos\/28e-festival-jazz-vic-2026\/"},"img":{"alt_text":"28\u00e8 Festival Jazz Vic 2026 -resumen- [y 7] Por Joan Cort\u00e8s [INSTANTZZ AKA Galer\u00eda fotogr\u00e1fica AKA Fotoblog de jazz, impro\u2026 y algo m\u00e1s] - Tomajazz - Concluye el repaso al Festival Jazz Vic 2026 por parte de Joan Cort\u00e8s con una selecci\u00f3n de im\u00e1genes de los conciertos del ciclo","src":"https:\/\/i0.wp.com\/tomajazz.com\/web\/wp-content\/uploads\/2026\/08\/destacada-07-lb-Crt-Group-Photo-by-Joan-Cortes-23mg26-PdC-28FJVc.jpg?resize=350%2C200&ssl=1","width":350,"height":200,"srcset":"https:\/\/i0.wp.com\/tomajazz.com\/web\/wp-content\/uploads\/2026\/08\/destacada-07-lb-Crt-Group-Photo-by-Joan-Cortes-23mg26-PdC-28FJVc.jpg?resize=350%2C200&ssl=1 1x, https:\/\/i0.wp.com\/tomajazz.com\/web\/wp-content\/uploads\/2026\/08\/destacada-07-lb-Crt-Group-Photo-by-Joan-Cortes-23mg26-PdC-28FJVc.jpg?resize=525%2C300&ssl=1 1.5x"},"classes":[]},{"id":106061,"url":"https:\/\/tomajazz.com\/web\/nik-bartsch-kaspar-rast-vic-2026\/","url_meta":{"origin":2934,"position":3},"title":"Nik B\u00e4rtsch &#038; Kaspar Rast (28\u00e8 Festival Jazz Vic \/ Jazz Cava, 2026-05-22 \/ Vic -Barcelona-) [5] Por Joan Cort\u00e8s [INSTANTZZ AKA Galer\u00eda fotogr\u00e1fica AKA Fotoblog de jazz, impro\u2026 y algo m\u00e1s]","author":"Tomajazz","date":"28 julio, 2026","format":false,"excerpt":"Nik B\u00e4rtsch & Kaspar Rast actuaron en el 28\u00e8 Festival Jazz Vic 2026. Joan Cort\u00e8s retrata el concierto en INSTANTZZ","rel":"","context":"En \u00ab28\u00e8 Festival Jazz Vic 2026\u00bb","block_context":{"text":"28\u00e8 Festival Jazz Vic 2026","link":"https:\/\/tomajazz.com\/web\/category\/contenidos\/especial-contenidos\/28e-festival-jazz-vic-2026\/"},"img":{"alt_text":"Nik B\u00e4rtsch & Kaspar Rast (28\u00e8 Festival Jazz Vic \/ Jazz Cava, 2026-05-22 \/ Vic -Barcelona-) [5] Por Joan Cort\u00e8s [INSTANTZZ AKA Galer\u00eda fotogr\u00e1fica AKA Fotoblog de jazz, impro\u2026 y algo m\u00e1s] - Tomajazz - Nik B\u00e4rtsch & Kaspar Rast actuaron en el 28\u00e8 Festival Jazz Vic 2026. Joan Cort\u00e8s retrata el concierto en INSTANTZZ","src":"https:\/\/i0.wp.com\/tomajazz.com\/web\/wp-content\/uploads\/2026\/07\/destacada-03-Nk-Brttsc-Kspr-Rst-Photo-by-Joan-Cortes-22mg26-JC-28FJVc.jpg?resize=350%2C200&ssl=1","width":350,"height":200,"srcset":"https:\/\/i0.wp.com\/tomajazz.com\/web\/wp-content\/uploads\/2026\/07\/destacada-03-Nk-Brttsc-Kspr-Rst-Photo-by-Joan-Cortes-22mg26-JC-28FJVc.jpg?resize=350%2C200&ssl=1 1x, https:\/\/i0.wp.com\/tomajazz.com\/web\/wp-content\/uploads\/2026\/07\/destacada-03-Nk-Brttsc-Kspr-Rst-Photo-by-Joan-Cortes-22mg26-JC-28FJVc.jpg?resize=525%2C300&ssl=1 1.5x"},"classes":[]},{"id":106032,"url":"https:\/\/tomajazz.com\/web\/seven-cycle-vic-2026\/","url_meta":{"origin":2934,"position":4},"title":"Seven Cycle \u201cLive at Jazz Cava\u201d (28\u00e8 Festival Jazz Vic \/ Jazz Cava, 2026-05-21 \/ Vic -Barcelona-) [4] Por Joan Cort\u00e8s [INSTANTZZ AKA Galer\u00eda fotogr\u00e1fica AKA Fotoblog de jazz, impro\u2026 y algo m\u00e1s]","author":"Tomajazz","date":"23 julio, 2026","format":false,"excerpt":"Seven Cycle grab\u00f3 su \u201cLive at Jazz Cava\u201d en el 28\u00e8 Festival Jazz Vic el 21 de mayo de 2026. Joan Cort\u00e8s lo retrata en INSTANTZZ. Seven Cycle son Tomas Majcherski, Toni Saigi, Romeu Tristao, Mark Johnson","rel":"","context":"En \u00ab28\u00e8 Festival Jazz Vic 2026\u00bb","block_context":{"text":"28\u00e8 Festival Jazz Vic 2026","link":"https:\/\/tomajazz.com\/web\/category\/contenidos\/especial-contenidos\/28e-festival-jazz-vic-2026\/"},"img":{"alt_text":"Seven Cycle \u201cLive at Jazz Cava\u201d (28\u00e8 Festival Jazz Vic \/ Jazz Cava, 2026-05-21 \/ Vic -Barcelona-) [4] Por Joan Cort\u00e8s [INSTANTZZ AKA Galer\u00eda fotogr\u00e1fica AKA Fotoblog de jazz, impro\u2026 y algo m\u00e1s] - Tomajazz - Seven Cycle grab\u00f3 su \u201cLive at Jazz Cava\u201d en el 28\u00e8 Festival Jazz Vic el 21 de mayo de 2026. Joan Cort\u00e8s lo retrata en INSTANTZZ. Seven Cycle son Tomas Majcherski, Toni Saigi, Romeu Tristao, Mark Johnson","src":"https:\/\/i0.wp.com\/tomajazz.com\/web\/wp-content\/uploads\/2026\/07\/destacada-05-Svn-Cycl-Photo-by-Joan-Cortes-21mg26-JC-28FJVc-bn.jpg?resize=350%2C200&ssl=1","width":350,"height":200,"srcset":"https:\/\/i0.wp.com\/tomajazz.com\/web\/wp-content\/uploads\/2026\/07\/destacada-05-Svn-Cycl-Photo-by-Joan-Cortes-21mg26-JC-28FJVc-bn.jpg?resize=350%2C200&ssl=1 1x, https:\/\/i0.wp.com\/tomajazz.com\/web\/wp-content\/uploads\/2026\/07\/destacada-05-Svn-Cycl-Photo-by-Joan-Cortes-21mg26-JC-28FJVc-bn.jpg?resize=525%2C300&ssl=1 1.5x"},"classes":[]},{"id":101956,"url":"https:\/\/tomajazz.com\/web\/chema-saiz-jazz-con-sabor-a-club-2025\/","url_meta":{"origin":2934,"position":5},"title":"Chema Saiz (Jazz Con Sabor a Club. Festival de Jazz de Madrid. Maravillas Club, Madrid. 2025-11-16) Por Sergio Cabanillas [INSTANTZZ AKA Galer\u00eda fotogr\u00e1fica AKA Fotoblog de jazz, impro\u2026 y algo m\u00e1s]","author":"Tomajazz","date":"19 noviembre, 2025","format":false,"excerpt":"Chema Saiz actu\u00f3 dentro del ciclo Jazz Con Sabor a Club en el Festival de Jazz de Madrid, en Maravillas Club de Madrid, el 16 de noviembre de 2025. Sergio Cabanillas lo retrata en INSTANTZZ","rel":"","context":"En \u00abFestival Internacional JazzMadrid 2025\u00bb","block_context":{"text":"Festival Internacional JazzMadrid 2025","link":"https:\/\/tomajazz.com\/web\/category\/contenidos\/especial-contenidos\/festival-internacional-jazzmadrid-2025\/"},"img":{"alt_text":"Chema Saiz (Jazz Con Sabor a Club. Festival de Jazz de Madrid. Maravillas Club, Madrid. 2025-11-16) Por Sergio Cabanillas [INSTANTZZ AKA Galer\u00eda fotogr\u00e1fica AKA Fotoblog de jazz, impro\u2026 y algo m\u00e1s] - Tomajazz - Chema Saiz actu\u00f3 dentro del ciclo Jazz Con Sabor a Club en el Festival de Jazz de Madrid, en Maravillas Club de Madrid, el 16 de noviembre de 2025. Sergio Cabanillas lo retrata en INSTANTZZ","src":"https:\/\/i0.wp.com\/tomajazz.com\/web\/wp-content\/uploads\/2025\/11\/900x600-CHEMA-SAIZ-2038-CABANIJAZZ-20251116.jpg?resize=350%2C200&ssl=1","width":350,"height":200,"srcset":"https:\/\/i0.wp.com\/tomajazz.com\/web\/wp-content\/uploads\/2025\/11\/900x600-CHEMA-SAIZ-2038-CABANIJAZZ-20251116.jpg?resize=350%2C200&ssl=1 1x, https:\/\/i0.wp.com\/tomajazz.com\/web\/wp-content\/uploads\/2025\/11\/900x600-CHEMA-SAIZ-2038-CABANIJAZZ-20251116.jpg?resize=525%2C300&ssl=1 1.5x, https:\/\/i0.wp.com\/tomajazz.com\/web\/wp-content\/uploads\/2025\/11\/900x600-CHEMA-SAIZ-2038-CABANIJAZZ-20251116.jpg?resize=700%2C400&ssl=1 2x"},"classes":[]}],"jetpack_featured_media_url":"","_links":{"self":[{"href":"https:\/\/tomajazz.com\/web\/wp-json\/wp\/v2\/posts\/2934","targetHints":{"allow":["GET"]}}],"collection":[{"href":"https:\/\/tomajazz.com\/web\/wp-json\/wp\/v2\/posts"}],"about":[{"href":"https:\/\/tomajazz.com\/web\/wp-json\/wp\/v2\/types\/post"}],"author":[{"embeddable":true,"href":"https:\/\/tomajazz.com\/web\/wp-json\/wp\/v2\/users\/1"}],"replies":[{"embeddable":true,"href":"https:\/\/tomajazz.com\/web\/wp-json\/wp\/v2\/comments?post=2934"}],"version-history":[{"count":0,"href":"https:\/\/tomajazz.com\/web\/wp-json\/wp\/v2\/posts\/2934\/revisions"}],"wp:attachment":[{"href":"https:\/\/tomajazz.com\/web\/wp-json\/wp\/v2\/media?parent=2934"}],"wp:term":[{"taxonomy":"category","embeddable":true,"href":"https:\/\/tomajazz.com\/web\/wp-json\/wp\/v2\/categories?post=2934"},{"taxonomy":"post_tag","embeddable":true,"href":"https:\/\/tomajazz.com\/web\/wp-json\/wp\/v2\/tags?post=2934"}],"curies":[{"name":"wp","href":"https:\/\/api.w.org\/{rel}","templated":true}]}}