{"id":29506,"date":"2017-02-27T10:58:58","date_gmt":"2017-02-27T09:58:58","guid":{"rendered":"http:\/\/www.tomajazz.com\/web\/?p=29506"},"modified":"2021-07-18T14:19:15","modified_gmt":"2021-07-18T12:19:15","slug":"10o-aniversario-ciclo-1906-a-coruna-madrid-barcelona-valencia-santiago-bilbao-girona-murcia-marzo-a-junio-2017-noticias","status":"publish","type":"post","link":"https:\/\/tomajazz.com\/web\/10o-aniversario-ciclo-1906-a-coruna-madrid-barcelona-valencia-santiago-bilbao-girona-murcia-marzo-a-junio-2017-noticias\/","title":{"rendered":"10\u00ba Aniversario Ciclo 1906 (A Coru\u00f1a, Madrid, Barcelona, Valencia, Santiago, Bilbao, Girona, Murcia. Marzo a Junio 2017) [Noticias]"},"content":{"rendered":"<p style=\"text-align: center;\"><img loading=\"lazy\" decoding=\"async\" class=\"aligncenter size-large wp-image-29507\" src=\"http:\/\/www.tomajazz.com\/web\/wp-content\/uploads\/2017\/02\/Ciclo-1906-2017-10-Aniversario-414x600.jpg\" alt=\"\" width=\"414\" height=\"600\" title=\"\"><\/p>\n<p style=\"text-align: justify;\">Entre el 13 de marzo y el 19 de junio de 2017, tendr\u00e1 lugar el d\u00e9cimo aniversario del Ciclo 1906, en el que se celebrar\u00e1n m\u00e1s de 30 conciertos en A Coru\u00f1a, Madrid, Barcelona, Valencia, Santiago, Bilbao, Girona y Murcia. El ciclo comenzar\u00e1 el 13 de marzo con la actuaci\u00f3n, en Madrid, de Nik West. Pepe Habichuela, Jack Broadbent, Aaron Parks Trio, Melissa Aldana, Javier Vargas Blues Band, Bruce Barth Trio feat. Jerry Bergonzi, Alfredo Rodr\u00edguez, Carlos Sarduy, The Huntertones, Noa Lur, Las Lollipops, David Regueiro Swingtet y Shirley Davis &amp; The Silverbacks completan la programaci\u00f3n que tendr\u00e1 lugar en los siguientes clubes: Caf\u00e9 Berl\u00edn (Madrid), Jamboree (Barcelona), Jimmy Glass (Valencia), Sunset (Girona), Jazzazza (Murcia), Bilba\u00edna Jazz Club (Bilbao), Jazz Filloa (A Coru\u00f1a), Clavic\u00e9mbalo (Lugo), Dado Dada (Santiago), Bla Bla Caf\u00e9 (Ferrol) y Caf\u00e9 Latino (Ourense). Adem\u00e1s tendr\u00e1n lugar conciertos en el Teatro Lara de Madrid en el concierto de apertura.<\/p>\n<p style=\"text-align: justify;\">El 19 de junio (19.06), como colof\u00f3n del 10\u00ba Aniversario tendr\u00e1 lugar un triple concierto simult\u00e1neo a ambos lados del Atl\u00e1ntico, en Santiago de Compostela, Madrid y S\u00e3o Paulo en Brasil. En la Plaza de la Quintana de Santiago de Compostela actuar\u00e1n Abe R\u00e1bade y Perico Sambeat. En Fnac de Callao en Madrid actuar\u00e1n Josemi Carmona y Javier Colina, m\u00e1s amigos. En las calles de S\u00e3o Paulo, en Brasil, actuar\u00e1 Daniel Daibem &amp; Banda.<\/p>\n<p style=\"text-align: justify;\">Toda la informaci\u00f3n en <a href=\"http:\/\/www.cerveza1906.es\/ciclos-1906-jazz\/\" target=\"_blank\" rel=\"noopener\">http:\/\/www.cerveza1906.es\/ciclos-1906-jazz\/<\/a><\/p>\n","protected":false},"excerpt":{"rendered":"<p>Entre el 13 de marzo y el 19 de junio de 2017, tendr\u00e1 lugar el d\u00e9cimo aniversario del Ciclo 1906, en el que se celebrar\u00e1n m\u00e1s de 30 conciertos en A Coru\u00f1a, Madrid, Barcelona, Valencia, Santiago, Bilbao, Girona y Murcia. El ciclo comenzar\u00e1 el 13 de marzo con la actuaci\u00f3n,<span class=\"more-link\"><a href=\"https:\/\/tomajazz.com\/web\/10o-aniversario-ciclo-1906-a-coruna-madrid-barcelona-valencia-santiago-bilbao-girona-murcia-marzo-a-junio-2017-noticias\/\">Contin\u00faa leyendo<\/a><\/span><\/p>\n","protected":false},"author":1,"featured_media":29507,"comment_status":"open","ping_status":"closed","sticky":false,"template":"","format":"standard","meta":{"jetpack_post_was_ever_published":false,"_jetpack_newsletter_access":"","_jetpack_dont_email_post_to_subs":false,"_jetpack_newsletter_tier_id":0,"_jetpack_memberships_contains_paywalled_content":false,"_jetpack_memberships_contains_paid_content":false,"footnotes":""},"categories":[17858,15795,1038],"tags":[609,15299,13,12415,15295,15297,15710,11856,15296,15298,16099,77,16100,19017],"class_list":["entry","author-pachi","post-29506","post","type-post","status-publish","format-standard","has-post-thumbnail","category-redaccion","category-noticias-2","category-contenidos","tag-ciclo-1906-de-jazz","tag-espana-en-jazz","tag-jazz","tag-jazz-en-espana","tag-jazz-en-espanol","tag-jazz-news","tag-la-actualidad-del-jazz-en-espana","tag-noticias","tag-noticias-de-jazz","tag-noticias-de-jazz-en-espana","tag-toma-jazz","tag-tomajazz","tag-tomajazz-toma-jazz","tag-x-ciclo-1906"],"jetpack_featured_media_url":"https:\/\/tomajazz.com\/web\/wp-content\/uploads\/2017\/02\/Ciclo-1906-2017-10-Aniversario-e1487974031415.jpg","jetpack_likes_enabled":true,"jetpack_sharing_enabled":true,"jetpack-related-posts":[{"id":103505,"url":"https:\/\/tomajazz.com\/web\/jazz-de-prop-2026-olot-girona\/","url_meta":{"origin":29506,"position":0},"title":"Jazz de prop 2026 (Olot, Girona. Del 25 de enero al 24 de mayo de 2026) [Noticias de jazz]","author":"Tomajazz","date":"18 enero, 2026","format":false,"excerpt":"El domingo 25 de enero dar\u00e1 comienzo el ciclo \u201cJazz de Prop 2026\u201d, en la capital de la Garrotxa. Cinco propuestas musicales repartidas entre enero y mayo de 2026 #Noticiasdejazz","rel":"","context":"En \u00ab*_Redacci\u00f3n\u00bb","block_context":{"text":"*_Redacci\u00f3n","link":"https:\/\/tomajazz.com\/web\/category\/redaccion\/"},"img":{"alt_text":"Jazz de prop 2026 (Olot, Girona. Del 25 de enero al 24 de mayo de 2026) [Noticias de jazz] - Tomajazz - El domingo 25 de enero dar\u00e1 comienzo el ciclo \u201cJazz de Prop 2026\u201d, en la capital de la Garrotxa. Cinco propuestas musicales repartidas entre enero y mayo de 2026 #Noticiasdejazz","src":"https:\/\/i0.wp.com\/tomajazz.com\/web\/wp-content\/uploads\/2026\/01\/Cartell-Jazz-de-Prop-2026.jpg?resize=350%2C200&ssl=1","width":350,"height":200,"srcset":"https:\/\/i0.wp.com\/tomajazz.com\/web\/wp-content\/uploads\/2026\/01\/Cartell-Jazz-de-Prop-2026.jpg?resize=350%2C200&ssl=1 1x, https:\/\/i0.wp.com\/tomajazz.com\/web\/wp-content\/uploads\/2026\/01\/Cartell-Jazz-de-Prop-2026.jpg?resize=525%2C300&ssl=1 1.5x, https:\/\/i0.wp.com\/tomajazz.com\/web\/wp-content\/uploads\/2026\/01\/Cartell-Jazz-de-Prop-2026.jpg?resize=700%2C400&ssl=1 2x"},"classes":[]},{"id":104748,"url":"https:\/\/tomajazz.com\/web\/ivan-lewis-trio-jaca-club-de-jazz-2026\/","url_meta":{"origin":29506,"position":1},"title":"Iv\u00e1n Lewis Tr\u00edo \u201cLuces y sombras\u201d (Ciclo Jaca Club de Jazz 2026. Palacio de Congresos, Jaca. 2026-03-28) Por Fabio Galicia [INSTANTZZ AKA Galer\u00eda fotogr\u00e1fica AKA Fotoblog de jazz, impro\u2026 y algo m\u00e1s]","author":"Tomajazz","date":"6 abril, 2026","format":false,"excerpt":"Iv\u00e1n Lewis Tr\u00edo \u201cLuces y sombras\u201d actu\u00f3 en el Ciclo Jaca Club de Jazz 2026, el 28 de marzo de 2026. Fabio Galicia lo retrata en INSTANTZZ. Actuaron Iv\u00e1n Lewis, Yandy Mart\u00ednez, Georvis Pico","rel":"","context":"En \u00abINSTANTZZ\u00bb","block_context":{"text":"INSTANTZZ","link":"https:\/\/tomajazz.com\/web\/category\/contenidos\/imagenes\/photoblogs\/instantzz\/"},"img":{"alt_text":"Iv\u00e1n Lewis Tr\u00edo \u201cLuces y sombras\u201d (Ciclo Jaca Club de Jazz 2026. Palacio de Congresos, Jaca. 2026-03-28) Por Fabio Galicia [INSTANTZZ AKA Galer\u00eda fotogr\u00e1fica AKA Fotoblog de jazz, impro\u2026 y algo m\u00e1s] - Tomajazz - Iv\u00e1n Lewis Tr\u00edo \u201cLuces y sombras\u201d actu\u00f3 en el Ciclo Jaca Club de Jazz 2026, el 28 de marzo de 2026. Fabio Galicia lo retrata en INSTANTZZ. Actuaron","src":"https:\/\/i0.wp.com\/tomajazz.com\/web\/wp-content\/uploads\/2026\/04\/260328-IVAN-LEWIS-9.jpg?resize=350%2C200&ssl=1","width":350,"height":200,"srcset":"https:\/\/i0.wp.com\/tomajazz.com\/web\/wp-content\/uploads\/2026\/04\/260328-IVAN-LEWIS-9.jpg?resize=350%2C200&ssl=1 1x, https:\/\/i0.wp.com\/tomajazz.com\/web\/wp-content\/uploads\/2026\/04\/260328-IVAN-LEWIS-9.jpg?resize=525%2C300&ssl=1 1.5x, https:\/\/i0.wp.com\/tomajazz.com\/web\/wp-content\/uploads\/2026\/04\/260328-IVAN-LEWIS-9.jpg?resize=700%2C400&ssl=1 2x, https:\/\/i0.wp.com\/tomajazz.com\/web\/wp-content\/uploads\/2026\/04\/260328-IVAN-LEWIS-9.jpg?resize=1050%2C600&ssl=1 3x"},"classes":[]},{"id":104197,"url":"https:\/\/tomajazz.com\/web\/ciclo-jazz-jaca-2026-news\/","url_meta":{"origin":29506,"position":2},"title":"Ciclo Jazz Jaca 2026 (Jaca. Marzo 2026) [Noticias de jazz]","author":"Tomajazz","date":"26 febrero, 2026","format":false,"excerpt":"Durante el mes de marzo de 2026 tendr\u00e1 lugar el Ciclo Jazz Jaca 2026 incluyendo conciertos y otras actividades #Noticiasdejazz","rel":"","context":"En \u00ab*_Redacci\u00f3n\u00bb","block_context":{"text":"*_Redacci\u00f3n","link":"https:\/\/tomajazz.com\/web\/category\/redaccion\/"},"img":{"alt_text":"Ciclo Jazz Jaca 2026 (Jaca. Marzo 2026) [Noticias de jazz] - Tomajazz - Durante el mes de marzo de 2026 tendr\u00e1 lugar el Ciclo Jazz Jaca 2026 incluyendo conciertos y otras actividades #Noticiasdejazz","src":"https:\/\/i0.wp.com\/tomajazz.com\/web\/wp-content\/uploads\/2026\/02\/Ciclo-Jazz-Jaca-2026-Noticias-Tomajazz.jpg?resize=350%2C200&ssl=1","width":350,"height":200,"srcset":"https:\/\/i0.wp.com\/tomajazz.com\/web\/wp-content\/uploads\/2026\/02\/Ciclo-Jazz-Jaca-2026-Noticias-Tomajazz.jpg?resize=350%2C200&ssl=1 1x, https:\/\/i0.wp.com\/tomajazz.com\/web\/wp-content\/uploads\/2026\/02\/Ciclo-Jazz-Jaca-2026-Noticias-Tomajazz.jpg?resize=525%2C300&ssl=1 1.5x, https:\/\/i0.wp.com\/tomajazz.com\/web\/wp-content\/uploads\/2026\/02\/Ciclo-Jazz-Jaca-2026-Noticias-Tomajazz.jpg?resize=700%2C400&ssl=1 2x"},"classes":[]},{"id":1040,"url":"https:\/\/tomajazz.com\/web\/kurt-rosenwinkel-band-ciclo-1906-de-jazz-teatro-rosalia-de-castro-a-coruna-4-v-2011\/","url_meta":{"origin":29506,"position":3},"title":"Kurt Rosenwinkel Band (Ciclo 1906 de Jazz, Teatro Rosal\u00eda de Castro, A Coru\u00f1a, 4-V-2011)","author":"Tomajazz","date":"16 mayo, 2011","format":false,"excerpt":"El Ciclo 1906 arrib\u00f3 a puerto en A Coru\u00f1a (en realidad lo hizo en el Teatro Lara de Madrid\u2026pero all\u00ed no hay mar) con la actuaci\u00f3n de Kurt Rosenwinkel. Hay m\u00fasicos que ofrecen caras muy diferentes en el estudio y en el escenario y confieso que el guitarrista de Filadelfia\u2026","rel":"","context":"En \u00ab*_Quinito L\u00f3pez Mourelle\u00bb","block_context":{"text":"*_Quinito L\u00f3pez Mourelle","link":"https:\/\/tomajazz.com\/web\/category\/quinito-lopez-mourelle\/"},"img":{"alt_text":"","src":"","width":0,"height":0},"classes":[]},{"id":105012,"url":"https:\/\/tomajazz.com\/web\/lage-lund-trio-granollers-2026\/","url_meta":{"origin":29506,"position":4},"title":"Lage Lund Trio (36\u00e8 Jazz Granollers Festival \/ Casino, 2026-03-13 \/ Granollers -Barcelona-) [y III] Por Joan Cort\u00e8s [INSTANTZZ AKA Galer\u00eda fotogr\u00e1fica AKA Fotoblog de jazz, impro\u2026 y algo m\u00e1s]","author":"Tomajazz","date":"23 abril, 2026","format":false,"excerpt":"Lage Lund Trio actu\u00f3 en el 36\u00e8 Jazz Granollers Festival, el 13 de marzo de 2026. Joan Cort\u00e8s lo retrata en INSTANTZZ. Lage Lund Trio son Lage Lund, Orlando Le Fleming, Greg Hutchinson","rel":"","context":"En \u00ab36 Jazz Granollers Festival 2026\u00bb","block_context":{"text":"36 Jazz Granollers Festival 2026","link":"https:\/\/tomajazz.com\/web\/category\/contenidos\/especial-contenidos\/36-jazz-granollers-festival-2026\/"},"img":{"alt_text":"Lage Lund Trio (36\u00e8 Jazz Granollers Festival \/ Casino, 2026-03-13 \/ Granollers -Barcelona-) [y III] Por Joan Cort\u00e8s [INSTANTZZ AKA Galer\u00eda fotogr\u00e1fica AKA Fotoblog de jazz, impro\u2026 y algo m\u00e1s] - Tomajazz - Lage Lund Trio actu\u00f3 en el 36\u00e8 Jazz Granollers Festival, el 13 de marzo de 2026. Joan Cort\u00e8s lo retrata en INSTANTZZ. Lage Lund Trio son Lage Lund, Orlando Le Fleming, Greg Hutchinson","src":"https:\/\/i0.wp.com\/tomajazz.com\/web\/wp-content\/uploads\/2026\/04\/destacada-02-Lg-Lnd-Photo-by-Joan-Cortes-13mrc26-36JGF-Csn-Gr-bn.jpg?resize=350%2C200&ssl=1","width":350,"height":200,"srcset":"https:\/\/i0.wp.com\/tomajazz.com\/web\/wp-content\/uploads\/2026\/04\/destacada-02-Lg-Lnd-Photo-by-Joan-Cortes-13mrc26-36JGF-Csn-Gr-bn.jpg?resize=350%2C200&ssl=1 1x, https:\/\/i0.wp.com\/tomajazz.com\/web\/wp-content\/uploads\/2026\/04\/destacada-02-Lg-Lnd-Photo-by-Joan-Cortes-13mrc26-36JGF-Csn-Gr-bn.jpg?resize=525%2C300&ssl=1 1.5x"},"classes":[]},{"id":104681,"url":"https:\/\/tomajazz.com\/web\/abe-rabade-jaca-club-de-jazz-2026\/","url_meta":{"origin":29506,"position":5},"title":"Abe R\u00e1bade (Ciclo Jaca Club de Jazz 2026. Palacio de Congresos, Jaca. 2026-03-21) Por Fabio Galicia [INSTANTZZ AKA Galer\u00eda fotogr\u00e1fica AKA Fotoblog de jazz, impro\u2026 y algo m\u00e1s]","author":"Tomajazz","date":"3 abril, 2026","format":false,"excerpt":"Abe R\u00e1bade actu\u00f3 en el Ciclo Jaca Club de Jazz 2026, el 21 de marzo de 2026. Fabio Galicia lo retrata en INSTANTZZ. Actuaron Abe R\u00e1bade y Ariel Br\u00ednguez","rel":"","context":"En \u00abINSTANTZZ\u00bb","block_context":{"text":"INSTANTZZ","link":"https:\/\/tomajazz.com\/web\/category\/contenidos\/imagenes\/photoblogs\/instantzz\/"},"img":{"alt_text":"Abe R\u00e1bade (Ciclo Jaca Club de Jazz 2026. Palacio de Congresos, Jaca. 2026-03-21) Por Fabio Galicia [INSTANTZZ AKA Galer\u00eda fotogr\u00e1fica AKA Fotoblog de jazz, impro\u2026 y algo m\u00e1s] - Tomajazz - Abe R\u00e1bade actu\u00f3 en el Ciclo Jaca Club de Jazz 2026, el 21 de marzo de 2026. Fabio Galicia lo retrata en INSTANTZZ. Actuaron Abe R\u00e1bade y Ariel Br\u00ednguez","src":"https:\/\/i0.wp.com\/tomajazz.com\/web\/wp-content\/uploads\/2026\/04\/2603021-ABE-RABADE-12.jpg?resize=350%2C200&ssl=1","width":350,"height":200,"srcset":"https:\/\/i0.wp.com\/tomajazz.com\/web\/wp-content\/uploads\/2026\/04\/2603021-ABE-RABADE-12.jpg?resize=350%2C200&ssl=1 1x, https:\/\/i0.wp.com\/tomajazz.com\/web\/wp-content\/uploads\/2026\/04\/2603021-ABE-RABADE-12.jpg?resize=525%2C300&ssl=1 1.5x, https:\/\/i0.wp.com\/tomajazz.com\/web\/wp-content\/uploads\/2026\/04\/2603021-ABE-RABADE-12.jpg?resize=700%2C400&ssl=1 2x, https:\/\/i0.wp.com\/tomajazz.com\/web\/wp-content\/uploads\/2026\/04\/2603021-ABE-RABADE-12.jpg?resize=1050%2C600&ssl=1 3x"},"classes":[]}],"_links":{"self":[{"href":"https:\/\/tomajazz.com\/web\/wp-json\/wp\/v2\/posts\/29506","targetHints":{"allow":["GET"]}}],"collection":[{"href":"https:\/\/tomajazz.com\/web\/wp-json\/wp\/v2\/posts"}],"about":[{"href":"https:\/\/tomajazz.com\/web\/wp-json\/wp\/v2\/types\/post"}],"author":[{"embeddable":true,"href":"https:\/\/tomajazz.com\/web\/wp-json\/wp\/v2\/users\/1"}],"replies":[{"embeddable":true,"href":"https:\/\/tomajazz.com\/web\/wp-json\/wp\/v2\/comments?post=29506"}],"version-history":[{"count":2,"href":"https:\/\/tomajazz.com\/web\/wp-json\/wp\/v2\/posts\/29506\/revisions"}],"predecessor-version":[{"id":55700,"href":"https:\/\/tomajazz.com\/web\/wp-json\/wp\/v2\/posts\/29506\/revisions\/55700"}],"wp:featuredmedia":[{"embeddable":true,"href":"https:\/\/tomajazz.com\/web\/wp-json\/wp\/v2\/media\/29507"}],"wp:attachment":[{"href":"https:\/\/tomajazz.com\/web\/wp-json\/wp\/v2\/media?parent=29506"}],"wp:term":[{"taxonomy":"category","embeddable":true,"href":"https:\/\/tomajazz.com\/web\/wp-json\/wp\/v2\/categories?post=29506"},{"taxonomy":"post_tag","embeddable":true,"href":"https:\/\/tomajazz.com\/web\/wp-json\/wp\/v2\/tags?post=29506"}],"curies":[{"name":"wp","href":"https:\/\/api.w.org\/{rel}","templated":true}]}}