{"id":2984,"date":"2009-11-12T23:59:00","date_gmt":"2009-11-12T22:59:00","guid":{"rendered":"http:\/\/www.tomajazz.com\/web\/?p=2984"},"modified":"2009-11-12T23:59:00","modified_gmt":"2009-11-12T22:59:00","slug":"peter-brotzmann-lost-found-brotzmann-solo","status":"publish","type":"post","link":"https:\/\/tomajazz.com\/web\/peter-brotzmann-lost-found-brotzmann-solo\/","title":{"rendered":"Peter Br\u00f6tzmann: Lost &amp; Found. Br\u00f6tzmann solo."},"content":{"rendered":"<div>\n<a href=\"http:\/\/www.tomajazz.com\/bun\/uploaded_images\/peter-brotzmann_lost-and-found-719627.jpg\" imageanchor=\"1\"><img decoding=\"async\" border=\"1\" src=\"http:\/\/www.tomajazz.com\/bun\/uploaded_images\/peter-brotzmann_lost-and-found-719620.jpg\" alt=\"\" title=\"\"><\/a>\n<\/div>\n<div>Es m\u00e1s que posible que la primera imagen que aparezca en la mente cuando se lea en el t\u00edtulo de un disco \u00abBr\u00f6tzmann solo\u00bb sea la de un torbellino musical, o quiz\u00e1s la de un pandem\u00f3nium sonoro. Y es que aunque en sus discos en solitario est\u00e1 su sonido plenamente reconocible, esa m\u00fasica recia caracter\u00edstica de sus grupos, no es menos cierto que permiten escuchar y disfrutar con otra cara del m\u00fasico de Wuppertal. Con un Peter Br\u00f6tzmann, quiz\u00e1s nuevo para quienes s\u00f3lo se quedan en las formas, para el que son m\u00e1s importantes las melod\u00edas que van surgiendo una tras otra, que ese supuesto \u00edmpetu y esa prisa por llegar a no se sabe muy bien donde que se le suponen a priori. Tal es el caso de su nuevo disco en solitario en FMP, grabado en directo y que con cinco temas, y muchas ideas, resulta un complemento ideal para <i>14 Love Poems Plus 10 More <\/i>tambi\u00e9n en solitario, tambi\u00e9n en FMP.\n<\/div>\n<div><\/div>\n<div>Peter Br\u00f6tzmann: <i>Lost &#038; Found. Br\u00f6tzmann solo.<\/i>\n<\/div>\n<div><\/div>\n<div>Peter Br\u00f6tzmann (saxos alto y tenor, clarinete, tarogato)\n<\/div>\n<div><\/div>\n<div>\u00abInternal Rotation\u00bb 15:15, \u00abLost + Found\u00bb 12:37, \u00abUniversal Madness\u00bb 7:25, \u00abGot A Hole In It\u00bb 8:34, \u00abTurmoil\u00bb 3:21\n<\/div>\n<div>Toda la m\u00fasica por Peter Br\u00f6tzmann\n<\/div>\n<div><\/div>\n<div>Grabado el 14 de julio de 2006 en Konfrontationen, Nickelsdorff, Austria. Publicado en 2009 por <a href=\"http:\/\/www.fmp-publishing.de\/\" target=\"_blank\" rel=\"noopener\">FMP<\/a>. FMP CD 134\n<\/div>\n","protected":false},"excerpt":{"rendered":"<p>Es m\u00e1s que posible que la primera imagen que aparezca en la mente cuando se lea en el t\u00edtulo de un disco \u00abBr\u00f6tzmann solo\u00bb sea la de un torbellino musical, o quiz\u00e1s la de un pandem\u00f3nium sonoro. Y es que aunque en sus discos en solitario est\u00e1 su sonido plenamente<span class=\"more-link\"><a href=\"https:\/\/tomajazz.com\/web\/peter-brotzmann-lost-found-brotzmann-solo\/\">Contin\u00faa leyendo<\/a><\/span><\/p>\n","protected":false},"author":1,"featured_media":0,"comment_status":"open","ping_status":"closed","sticky":false,"template":"","format":"standard","meta":{"jetpack_post_was_ever_published":false,"_jetpack_newsletter_access":"","_jetpack_dont_email_post_to_subs":false,"_jetpack_newsletter_tier_id":0,"_jetpack_memberships_contains_paywalled_content":false,"_jetpack_memberships_contains_paid_content":false,"footnotes":""},"categories":[1],"tags":[],"class_list":["entry","author-pachi","post-2984","post","type-post","status-publish","format-standard","category-uncategorized"],"jetpack_featured_media_url":"","jetpack_likes_enabled":true,"jetpack_sharing_enabled":true,"jetpack-related-posts":[{"id":19171,"url":"https:\/\/tomajazz.com\/web\/hdo-dos-hombres-y-una-mujer-solitarios-entrega-0002-podcast\/","url_meta":{"origin":2984,"position":0},"title":"Erik Friedlander \/ Peter Br\u00f6tzmann. HDO: dos hombres y una mujer solitarios (entrega 0002) [Audioblog]","author":"Tomajazz","date":"22 julio, 2015","format":"image","excerpt":"La segunda entrega de HDO tiene por t\u00edtulo \"Dos hombres y una mujer solitarios\". Los hombres solitarios son el violonchelista Erik Friedlander y el potente soplador Peter Br\u00f6tzmann, que acaban de publicar, respectivamente, sendas\u00a0grabaciones en solitario tituladas Illuminations (Skipstone Records) y M\u00fcnster Bern (Cubus Records). En cuanto a la mujer\u2026","rel":"","context":"En \u00ab*_Pachi Tapiz\u00bb","block_context":{"text":"*_Pachi Tapiz","link":"https:\/\/tomajazz.com\/web\/category\/pachi-tapiz\/"},"img":{"alt_text":"HDO_programa0002_animado","src":"https:\/\/i0.wp.com\/www.tomajazz.com\/web\/wp-content\/uploads\/2015\/07\/HDO_programa0002_animado-200x200.gif?resize=350%2C200","width":350,"height":200},"classes":[]},{"id":2713,"url":"https:\/\/tomajazz.com\/web\/hoy-no-puedo-dejar-de-escuchar-fmp-im-ruckblick-in-retrospect\/","url_meta":{"origin":2984,"position":1},"title":"Hoy no puedo dejar de escuchar&#8230; FMP Im R\u00fcckblick &#8211; In Retrospect","author":"Tomajazz","date":"11 enero, 2011","format":false,"excerpt":"Peter Br\u00f6tzmann Die LikeA DogClose UpFMP2010 \u00a0Justo ha comenzado 2011 y ya tengo un candidato a la edici\u00f3n monumental del a\u00f1o en una de esas listas que luego nunca publico. Resulta que el sello FMP acaba de publicar FMP Im R\u00fcckblick - In Retrospect. En su edici\u00f3n de lujo es\u2026","rel":"","context":"Entrada similar","block_context":{"text":"Entrada similar","link":""},"img":{"alt_text":"","src":"","width":0,"height":0},"classes":[]},{"id":2300,"url":"https:\/\/tomajazz.com\/web\/peter-brotzmann-jorg-fischer-live-in-wiesbaden-not-two-records-2011\/","url_meta":{"origin":2984,"position":2},"title":"Peter Br\u00f6tzmann &#8211; J\u00f6rg Fischer: Live In Wiesbaden (Not Two Records, 2011)","author":"Tomajazz","date":"22 junio, 2012","format":false,"excerpt":"Peter Br\u00f6tzmann sigue siendo, a pesar de sus a\u00f1os, una erupci\u00f3n de energ\u00eda que habitualmente sirve para dar un valor a\u00f1adido a sus acompa\u00f1antes. En la grabaci\u00f3n con un t\u00edtulo tan expl\u00edcito como Live In Wiesbaden este aguerrido soplador arranca como un torbellino, alcanzando casi nada m\u00e1s empezar \u201cProductive Cough\u201d\u2026","rel":"","context":"En \u00ab*_Pachi Tapiz\u00bb","block_context":{"text":"*_Pachi Tapiz","link":"https:\/\/tomajazz.com\/web\/category\/pachi-tapiz\/"},"img":{"alt_text":"brotzmann-fischer_PEQ","src":"https:\/\/i0.wp.com\/www.tomajazz.com\/web\/wp-content\/uploads\/2012\/06\/brotzmann-fischer_PEQ.jpg?resize=350%2C200","width":350,"height":200},"classes":[]},{"id":47719,"url":"https:\/\/tomajazz.com\/web\/peter-brotzmann-heather-leigh-jazzmadrid19-festival-internacional-de-jazz-de-madrid-concierto\/","url_meta":{"origin":2984,"position":3},"title":"Peter Br\u00f6tzmann &#038; Heather Leigh (JazzMadrid&#8217;19 &#8211; Festival Internacional de Jazz de Madrid) [Concierto]","author":"Tomajazz","date":"11 diciembre, 2019","format":false,"excerpt":"Roberto Garrc\u00eda (im\u00e1genes) y Coolcat (palabras), repasan la actuaci\u00f3n de Peter Br\u00f6tzmann - Heather Leigh en el Festival Internacional de Jazz de Madrid - JazzMadrid19: Peter Br\u00f6tzmann: flores en la trinchera","rel":"","context":"En \u00abConciertos...\u00bb","block_context":{"text":"Conciertos...","link":"https:\/\/tomajazz.com\/web\/category\/contenidos\/textos\/conciertos\/"},"img":{"alt_text":"Peter Brotzmann por Sergio Cabanillas. Madrid, 2010","src":"https:\/\/i0.wp.com\/tomajazz.com\/web\/wp-content\/uploads\/2019\/12\/Peter-Brotzmann.jpeg?resize=350%2C200&ssl=1","width":350,"height":200,"srcset":"https:\/\/i0.wp.com\/tomajazz.com\/web\/wp-content\/uploads\/2019\/12\/Peter-Brotzmann.jpeg?resize=350%2C200&ssl=1 1x, https:\/\/i0.wp.com\/tomajazz.com\/web\/wp-content\/uploads\/2019\/12\/Peter-Brotzmann.jpeg?resize=525%2C300&ssl=1 1.5x, https:\/\/i0.wp.com\/tomajazz.com\/web\/wp-content\/uploads\/2019\/12\/Peter-Brotzmann.jpeg?resize=700%2C400&ssl=1 2x, https:\/\/i0.wp.com\/tomajazz.com\/web\/wp-content\/uploads\/2019\/12\/Peter-Brotzmann.jpeg?resize=1050%2C600&ssl=1 3x, https:\/\/i0.wp.com\/tomajazz.com\/web\/wp-content\/uploads\/2019\/12\/Peter-Brotzmann.jpeg?resize=1400%2C800&ssl=1 4x"},"classes":[]},{"id":6392,"url":"https:\/\/tomajazz.com\/web\/konstrukt-feat-peter-brotzmann-huseyin-ertunc-dogan-dogusel-barlas-tan-ozemek-eklisia-sunday-not-two-2013\/","url_meta":{"origin":2984,"position":4},"title":"konstruKt feat. Peter Br\u00f6tzmann, H\u00fcseyin Ertun\u00e7, Do\u011fan Do\u011fusel, Barlas Tan \u00d6zemek: Eklisia Sunday (Not Two, 2013)","author":"Tomajazz","date":"17 mayo, 2013","format":false,"excerpt":"Peter Br\u00f6tzmann, que ya hab\u00eda grabado con el cuarteto\u00a0Konstrukt el CD Dolunay en 2008, repite en 2011 en\u00a0Eklisia Sunday. Para dicha ocasi\u00f3n el grupo turco cont\u00f3 adem\u00e1s de con el alem\u00e1n, con la participaci\u00f3n de\u00a0H\u00fcseyin Ertun\u00e7 (piano, gong), Do\u011fan Do\u011fusel (contrabajo) y Barlas Tan \u00d6zemek (guitarra el\u00e9ctrica). Una formaci\u00f3n de\u2026","rel":"","context":"En \u00ab*_Pachi Tapiz\u00bb","block_context":{"text":"*_Pachi Tapiz","link":"https:\/\/tomajazz.com\/web\/category\/pachi-tapiz\/"},"img":{"alt_text":"konstruKt feat. Peter Br\u00f6tzmann Eklisia Sunday","src":"https:\/\/i0.wp.com\/www.tomajazz.com\/web\/wp-content\/uploads\/2013\/05\/konstruKt-feat.-Peter-Br%C3%B6tzmann-Eklisia-Sunday.jpg?resize=350%2C200","width":350,"height":200},"classes":[]},{"id":3025,"url":"https:\/\/tomajazz.com\/web\/brotzmann-kondo-pupillo-nilssen-love-hairy-bones\/","url_meta":{"origin":2984,"position":5},"title":"Br\u00f6tzmann &#8211; Kondo &#8211; Pupillo &#8211; Nilssen-Love: Hairy Bones (Okka Disk, 2009)","author":"Tomajazz","date":"1 octubre, 2009","format":false,"excerpt":"Pocas novedades en la nueva grabaci\u00f3n de Peter Br\u00f6tzmann en Okka Disk. Una vez m\u00e1s es una grabaci\u00f3n en directo, una vez m\u00e1s son unos temas extensos (dos piezas por encima de los treinta minutos cada una) y una vez m\u00e1s aparecen por all\u00ed viejos conocidos en aventuras del saxofonista:\u2026","rel":"","context":"En \u00ab*_Pachi Tapiz\u00bb","block_context":{"text":"*_Pachi Tapiz","link":"https:\/\/tomajazz.com\/web\/category\/pachi-tapiz\/"},"img":{"alt_text":"brotzmann-kondo-pupilo-nilssenlove_hairy-bones-739885.gif","src":"https:\/\/i0.wp.com\/www.tomajazz.com\/web\/wp-content\/uploads\/2009\/10\/brotzmann-kondo-pupilo-nilssenlove_hairy-bones-739885.gif.png?resize=350%2C200","width":350,"height":200},"classes":[]}],"_links":{"self":[{"href":"https:\/\/tomajazz.com\/web\/wp-json\/wp\/v2\/posts\/2984","targetHints":{"allow":["GET"]}}],"collection":[{"href":"https:\/\/tomajazz.com\/web\/wp-json\/wp\/v2\/posts"}],"about":[{"href":"https:\/\/tomajazz.com\/web\/wp-json\/wp\/v2\/types\/post"}],"author":[{"embeddable":true,"href":"https:\/\/tomajazz.com\/web\/wp-json\/wp\/v2\/users\/1"}],"replies":[{"embeddable":true,"href":"https:\/\/tomajazz.com\/web\/wp-json\/wp\/v2\/comments?post=2984"}],"version-history":[{"count":0,"href":"https:\/\/tomajazz.com\/web\/wp-json\/wp\/v2\/posts\/2984\/revisions"}],"wp:attachment":[{"href":"https:\/\/tomajazz.com\/web\/wp-json\/wp\/v2\/media?parent=2984"}],"wp:term":[{"taxonomy":"category","embeddable":true,"href":"https:\/\/tomajazz.com\/web\/wp-json\/wp\/v2\/categories?post=2984"},{"taxonomy":"post_tag","embeddable":true,"href":"https:\/\/tomajazz.com\/web\/wp-json\/wp\/v2\/tags?post=2984"}],"curies":[{"name":"wp","href":"https:\/\/api.w.org\/{rel}","templated":true}]}}