{"id":3010,"date":"2009-10-19T21:16:00","date_gmt":"2009-10-19T19:16:00","guid":{"rendered":"http:\/\/www.tomajazz.com\/web\/?p=3010"},"modified":"2016-04-10T23:06:54","modified_gmt":"2016-04-10T21:06:54","slug":"rodrigo-amado-the-abstract-truth-motion-trio","status":"publish","type":"post","link":"https:\/\/tomajazz.com\/web\/rodrigo-amado-the-abstract-truth-motion-trio\/","title":{"rendered":"Rodrigo Amado: The Abstract Truth &#8211; Motion Trio"},"content":{"rendered":"<div>\n<a href=\"http:\/\/www.tomajazz.com\/bun\/uploaded_images\/amado_kessler_nilssen-love_the-abstrac-truth_peq-793787.gif\" imageanchor=\"1\"><img decoding=\"async\" border=\"1\" src=\"http:\/\/www.tomajazz.com\/bun\/uploaded_images\/amado_kessler_nilssen-love_the-abstrac-truth_peq-793787.gif\" alt=\"\" title=\"\"><\/a>\n<\/div>\n<div>\n<a href=\"http:\/\/www.tomajazz.com\/bun\/uploaded_images\/rodrigo-amado_motion-trio-720117.gif\" imageanchor=\"1\"><img decoding=\"async\" border=\"1\" src=\"http:\/\/www.tomajazz.com\/bun\/uploaded_images\/rodrigo-amado_motion-trio-720117.gif\" alt=\"\" title=\"\"><\/a>El saxofonista y fot\u00f3grafo portugu\u00e9s Rodrigo Amado contin\u00faa con la actividad de European Echoes)). En 2009 son dos las referencias publicadas por este sello. En ellas sigue demostrando ser uno de los mejores, si no el mejor, de los saxofonistas portugueses del momento. \n<\/div>\n<div>Ambas grabaciones (<i>The Abstract Truth <\/i>y <i>Motion Trio<\/i>) est\u00e1n realizadas en tr\u00edo. En ellas tanto \u00e9l como sus compa\u00f1eros demuestran que conocen bien la tradici\u00f3n del jazz, aunque por fortuna no se contentan con realizar un papel de meros imitadores o clones. Esa tradici\u00f3n (que se enmarcar\u00eda temporalmente entre finales de los a\u00f1os cincuenta y principios de los sesenta, y que simplificando y a grandes rasgos tomar\u00eda como referencia al Sonny Rollins de grabaciones como \u00abFreedom Suite\u00bb o los directos en el Village Gate), es empleada para tomar una serie de elementos b\u00e1sicos a partir de los cuales ambos tr\u00edos construyen su discurso propio y articulan sus di\u00e1logos. La m\u00fasica resultante, magn\u00edficamente grabada, es la mayor parte del tiempo energ\u00e9tica y propulsiva, y muestra a los tres m\u00fasicos en constante interacci\u00f3n. \n<\/div>\n<div><\/div>\n<div>Ambas grabaciones, que con unas duraciones en torno a 50 minutos resultan perfectas para dejar al oyente con ganas de m\u00e1s m\u00fasica o en su defecto de ver a los implicados en directo, son m\u00e1s que recomendables. Si tuviera que elegir una de ellas, que tampoco es obligatorio, me quedar\u00eda con <i>The Abstract Truth<\/i>, la realizada por el tr\u00edo con Kent Kessler y Paal Nilssen-Love. Sin desmerecer el trabajo de Rodrigo Amado, que demuestra estar a la altura de sus compa\u00f1eros, resulta un placer escuchar a estos dos artistas trabajando en un rol m\u00e1s cl\u00e1sico al que acostumbran, sin dejar por ello de demostrar lo magn\u00edficos instrumentistas que son. \n<\/div>\n<div><\/div>\n<div>Pachi Tapiz\n<\/div>\n<div><\/div>\n<div><\/div>\n<div>Rodrigo Amado \/ Kent Kessler \/ Paal Nilssen-Love &#8211; <i>The Abstract Truth<\/i>\n<\/div>\n<div><\/div>\n<div>Rodrigo Amado (saxos tenor y bar\u00edtono), Kent Kessler (contrabajo), Paal Nilssen-Love (bater\u00eda)\n<\/div>\n<div><\/div>\n<div>\u00abIntro \/ The Red Tower\u00bb 4:42, \u00abClouds And Shadows\u00bb 4:38, \u00abHuman Condition\u00bb 5:14, \u00abThe Kiss\u00bb 9:50, \u00abUniverse Unmasked\u00bb 7:14, \u00abA Dream Transformed\u00bb 7:10, \u00abThe Enchanted Room\u00bb 6:45, \u00abEnigma Of The Arrival\u00bb 7:04\n<\/div>\n<div>Todos los temas por Amado, Kessler, Nilssen-Love.\n<\/div>\n<div><\/div>\n<div>Disco grabado en Est\u00fadios Valentim de Carvalho, Lisboa, Portugal, el 14 de julio de 2008. Publicado en 2009 por <a href=\"http:\/\/rodrigoamado.com\/\" target=\"_blank\" rel=\"noopener\">((European Echoes<\/a>. ((European Echoes 003\n<\/div>\n<div><\/div>\n<div>Rodrigo Amado \/ Miguel Mira \/ Gabriel Ferrandini &#8211; <i>Motion Trio<\/i>\n<\/div>\n<div><\/div>\n<div>Rodrigo Amado (saxo tenor), Miguel Mira (violonchelo), Gabriel Ferrandini (bater\u00eda)\n<\/div>\n<div><\/div>\n<div>\u00abLanguaje Call\u00bb 11:30, \u00abTestify!\u00bb 11:02, \u00abRadical Leaves\u00bb 7:27, \u00abAs We Move&#8230;\u00bb 6:58, \u00abBallad\u00bb 2:22, \u00abIn All Languajes\u00bb 13:06\n<\/div>\n<div>Todos los temas por Amado, Mira, Ferrandini.\n<\/div>\n<div><\/div>\n<div>Disco grabado en Namouche Studios, Lisboa, Portugal, el 16 de julio de 2009. Publicado en 2009 por <a href=\"http:\/\/rodrigoamado.com\/\" target=\"_blank\" rel=\"noopener\">((European Echoes<\/a>. ((European Echoes 004\n<\/div>\n","protected":false},"excerpt":{"rendered":"<p>El saxofonista y fot\u00f3grafo portugu\u00e9s Rodrigo Amado contin\u00faa con la actividad de European Echoes)). En 2009 son dos las referencias publicadas por este sello. En ellas sigue demostrando ser uno de los mejores, si no el mejor, de los saxofonistas portugueses del momento. Ambas grabaciones (The Abstract Truth y Motion<span class=\"more-link\"><a href=\"https:\/\/tomajazz.com\/web\/rodrigo-amado-the-abstract-truth-motion-trio\/\">Contin\u00faa leyendo<\/a><\/span><\/p>\n","protected":false},"author":1,"featured_media":0,"comment_status":"open","ping_status":"closed","sticky":false,"template":"","format":"standard","meta":{"jetpack_post_was_ever_published":false,"_jetpack_newsletter_access":"","_jetpack_dont_email_post_to_subs":false,"_jetpack_newsletter_tier_id":0,"_jetpack_memberships_contains_paywalled_content":false,"_jetpack_memberships_contains_paid_content":false,"footnotes":""},"categories":[5],"tags":[12651,12696,13,12415,15295,77],"class_list":["entry","author-pachi","post-3010","post","type-post","status-publish","format-standard","category-grabaciones","tag-cd","tag-grabaciones","tag-jazz","tag-jazz-en-espana","tag-jazz-en-espanol","tag-tomajazz"],"jetpack_featured_media_url":"","jetpack_likes_enabled":true,"jetpack_sharing_enabled":true,"jetpack-related-posts":[{"id":6228,"url":"https:\/\/tomajazz.com\/web\/rodrigo-amado-motion-trio-jeb-bishop-the-flame-alphabet-not-two-2012\/","url_meta":{"origin":3010,"position":0},"title":"Rodrigo Amado Motion Trio + Jeb Bishop: The Flame Alphabet (Not Two, 2012)","author":"Tomajazz","date":"7 mayo, 2013","format":false,"excerpt":"El saxofonista luso Rodrigo Amado sigue construyendo entrega a entrega una discograf\u00eda algo m\u00e1s que s\u00f3lida. Su nueva grabaci\u00f3n, The Flame Alphabet, muestra el trabajo en estudio de su formaci\u00f3n Motion Trio en compa\u00f1\u00eda del trombonista Jeb Bishop. En 2012, unos meses antes de la publicaci\u00f3n de este CD en\u2026","rel":"","context":"En \u00ab*_Pachi Tapiz\u00bb","block_context":{"text":"*_Pachi Tapiz","link":"https:\/\/tomajazz.com\/web\/category\/pachi-tapiz\/"},"img":{"alt_text":"rodrigo amado motion trio plus jeb bishop_the flame alphabet_nottwo 2012","src":"https:\/\/i0.wp.com\/www.tomajazz.com\/web\/wp-content\/uploads\/2013\/05\/rodrigo-amado-motion-trio-plus-jeb-bishop_the-flame-alphabet_nottwo-2012.jpg?resize=350%2C200","width":350,"height":200},"classes":[]},{"id":13228,"url":"https:\/\/tomajazz.com\/web\/rodrigo-amado-tres-de-2014-rodrigo-amado-wire-quartet-wire-quartet-clean-feed-2014-rodrigo-amado-motion-trio-peter-evans-the-freedom-principle-live-in-lisbon-lp-nobusiness-records-2014\/","url_meta":{"origin":3010,"position":1},"title":"Rodrigo Amado: tres de 2014. Rodrigo Amado Wire Quartet: Wire Quartet (Clean Feed, 2014) Rodrigo Amado Motion Trio &#038; Peter Evans: The Freedom Principle \/ Live In Lisbon (LP) (NoBusiness Records, 2014)","author":"Tomajazz","date":"25 julio, 2014","format":false,"excerpt":"\u00a0Rodrigo Amado es uno de los mejores saxofonistas de Portugal. Aunque la suya no es una discograf\u00eda muy extensa, puede presumir adem\u00e1s de la calidad de sus grabaciones, tanto del gran nivel de sus acompa\u00f1antes, como del que estas obras han sido editadas en sellos con un gran reconocimiento a\u2026","rel":"","context":"En \u00ab*_Pachi Tapiz\u00bb","block_context":{"text":"*_Pachi Tapiz","link":"https:\/\/tomajazz.com\/web\/category\/pachi-tapiz\/"},"img":{"alt_text":"","src":"https:\/\/i0.wp.com\/tomajazz.com\/web\/wp-content\/uploads\/2014\/07\/Rodrigo-Amado-Wire-Quartet.jpg?resize=350%2C200&ssl=1","width":350,"height":200},"classes":[]},{"id":27850,"url":"https:\/\/tomajazz.com\/web\/hdo-203-podcast\/","url_meta":{"origin":3010,"position":2},"title":"HDO 203. Albert Cirera Lisbon Trio + Agust\u00ed Fern\u00e1ndez, Rodrigo Amado Motion Trio, Clastrier &#8211; Kamperman, Mark Dresser&#8230; [Podcast]","author":"Tomajazz","date":"30 noviembre, 2016","format":false,"excerpt":"En la entrega 203 hincamos el diente, a tema por CD, a cinco novedades discogr\u00e1ficas: \"The\" de\u00a0Before The Silence\u00a0(del siempre interesante sello lituano\u00a0NoBusiness Records) del cuarteto formado por\u00a0Albert Cirera,\u00a0Hern\u00e2ni Faustino,\u00a0Gabriel Ferrandini, Agust\u00ed Fern\u00e1ndez -anunciado inicialmente como\u00a0Albert Cirera Lisbon Trio + Agust\u00ed Fern\u00e1ndez-, en una grabaci\u00f3n realizada en la Jazz Cava\u2026","rel":"","context":"En \u00ab*_Pachi Tapiz\u00bb","block_context":{"text":"*_Pachi Tapiz","link":"https:\/\/tomajazz.com\/web\/category\/pachi-tapiz\/"},"img":{"alt_text":"","src":"https:\/\/i0.wp.com\/tomajazz.com\/web\/wp-content\/uploads\/2016\/11\/Mark-Dresser-Seven_Sedimental-You_Clean-Feed_2016.jpeg?resize=350%2C200&ssl=1","width":350,"height":200,"srcset":"https:\/\/i0.wp.com\/tomajazz.com\/web\/wp-content\/uploads\/2016\/11\/Mark-Dresser-Seven_Sedimental-You_Clean-Feed_2016.jpeg?resize=350%2C200&ssl=1 1x, https:\/\/i0.wp.com\/tomajazz.com\/web\/wp-content\/uploads\/2016\/11\/Mark-Dresser-Seven_Sedimental-You_Clean-Feed_2016.jpeg?resize=525%2C300&ssl=1 1.5x, https:\/\/i0.wp.com\/tomajazz.com\/web\/wp-content\/uploads\/2016\/11\/Mark-Dresser-Seven_Sedimental-You_Clean-Feed_2016.jpeg?resize=700%2C400&ssl=1 2x"},"classes":[]},{"id":2289,"url":"https:\/\/tomajazz.com\/web\/rodrigo-amado-motion-trio-jeb-bishop-burning-live-at-jazz-ao-centro-jacc-2012\/","url_meta":{"origin":3010,"position":3},"title":"Rodrigo Amado Motion Trio &amp; Jeb Bishop: Burning Live At Jazz Ao Centro (Jacc, 2012)","author":"Tomajazz","date":"5 julio, 2012","format":false,"excerpt":"El saxofonista portugu\u00e9s Rodrigo Amado ha contado en su discograf\u00eda\u00a0con la colaboraci\u00f3n de m\u00fasicos internacionales como Paal Nilssen-Love y Kent Kessler, as\u00ed que no es extra\u00f1o encontrar que en el segundo CD del Rodrigo Amado Motion Trio el invitado sea el trombonista Jeb Bishop, m\u00fasico que como los dos anteriores\u2026","rel":"","context":"En \u00ab*_Pachi Tapiz\u00bb","block_context":{"text":"*_Pachi Tapiz","link":"https:\/\/tomajazz.com\/web\/category\/pachi-tapiz\/"},"img":{"alt_text":"rodrigo amado burning jazz","src":"https:\/\/i0.wp.com\/www.tomajazz.com\/web\/wp-content\/uploads\/2012\/07\/rodrigo-amado-burning-jazz.jpg?resize=350%2C200","width":350,"height":200},"classes":[]},{"id":210,"url":"https:\/\/tomajazz.com\/web\/210\/","url_meta":{"origin":3010,"position":4},"title":"Rodrigo Amado: ecos europeos. Entrevista por Pachi Tapiz","author":"Tomajazz","date":"2 abril, 2011","format":false,"excerpt":"El saxofonista y fot\u00f3grafo portugu\u00e9s Rodrigo Amado es uno de los m\u00fasicos con mayor proyecci\u00f3n internacional de su pa\u00eds. En el \u00faltimo a\u00f1o ha aparecido en grabaciones en Not Two (Searching For Adam), su propio sello European Echoes (The Abstract Truth y\u00a0Motion Trio) y tambi\u00e9n en Ayler Records (Electricity de\u2026","rel":"","context":"En \u00ab*_Pachi Tapiz\u00bb","block_context":{"text":"*_Pachi Tapiz","link":"https:\/\/tomajazz.com\/web\/category\/pachi-tapiz\/"},"img":{"alt_text":"Rodrigo Amado \u00a9 Cristina Cortez","src":"https:\/\/i0.wp.com\/www.tomajazz.com\/web\/wp-content\/uploads\/2011\/04\/1.jpg?resize=350%2C200","width":350,"height":200},"classes":[]},{"id":2614,"url":"https:\/\/tomajazz.com\/web\/carteles-de-conciertos-rodrigo-amado-motion-trio-jeb-bishop\/","url_meta":{"origin":3010,"position":5},"title":"Carteles de conciertos: Rodrigo Amado Motion Trio + Jeb Bishop","author":"Tomajazz","date":"25 mayo, 2011","format":false,"excerpt":"Autor: Anoik Cartel anunciador de los conciertos de Rodrigo Amado Motion Trio + Jeb Bishop Rodrigo Amado (saxos), Miguel Mira (contrabajo), Gabriel Ferrandini (bater\u00eda) y Jeb Bishop (tromb\u00f3n). 25 de mayo de 2011 - ZDB, Lisboa 26\u00a0de mayo de 2011\u00a0\u00a0- Pa\u00e7o dos Condes, Barcelos 28\u00a0\u00a0de mayo de 2011\u00a0\u00a0- Festival Jazz\u2026","rel":"","context":"En \u00abToma Jazz\u00bb","block_context":{"text":"Toma Jazz","link":"https:\/\/tomajazz.com\/web\/tag\/toma-jazz\/"},"img":{"alt_text":"","src":"https:\/\/i0.wp.com\/2.bp.blogspot.com\/-g5Z0hr1YeBM\/TdzIqUA26TI\/AAAAAAAAC0g\/JrOU_bXoWDg\/s200\/rodrigoamadomotiontrio_2011.jpg?resize=350%2C200","width":350,"height":200},"classes":[]}],"_links":{"self":[{"href":"https:\/\/tomajazz.com\/web\/wp-json\/wp\/v2\/posts\/3010","targetHints":{"allow":["GET"]}}],"collection":[{"href":"https:\/\/tomajazz.com\/web\/wp-json\/wp\/v2\/posts"}],"about":[{"href":"https:\/\/tomajazz.com\/web\/wp-json\/wp\/v2\/types\/post"}],"author":[{"embeddable":true,"href":"https:\/\/tomajazz.com\/web\/wp-json\/wp\/v2\/users\/1"}],"replies":[{"embeddable":true,"href":"https:\/\/tomajazz.com\/web\/wp-json\/wp\/v2\/comments?post=3010"}],"version-history":[{"count":1,"href":"https:\/\/tomajazz.com\/web\/wp-json\/wp\/v2\/posts\/3010\/revisions"}],"predecessor-version":[{"id":23152,"href":"https:\/\/tomajazz.com\/web\/wp-json\/wp\/v2\/posts\/3010\/revisions\/23152"}],"wp:attachment":[{"href":"https:\/\/tomajazz.com\/web\/wp-json\/wp\/v2\/media?parent=3010"}],"wp:term":[{"taxonomy":"category","embeddable":true,"href":"https:\/\/tomajazz.com\/web\/wp-json\/wp\/v2\/categories?post=3010"},{"taxonomy":"post_tag","embeddable":true,"href":"https:\/\/tomajazz.com\/web\/wp-json\/wp\/v2\/tags?post=3010"}],"curies":[{"name":"wp","href":"https:\/\/api.w.org\/{rel}","templated":true}]}}