{"id":30134,"date":"2017-04-12T11:00:52","date_gmt":"2017-04-12T09:00:52","guid":{"rendered":"http:\/\/www.tomajazz.com\/web\/?p=30134"},"modified":"2017-04-12T00:12:44","modified_gmt":"2017-04-11T22:12:44","slug":"instantzz-the-newborn-jazz-ciclo-the-jazz-wine-club-novo-cafe-lisboa-palma-de-mallorca-2017-04-06-galeria-fotografica","status":"publish","type":"post","link":"https:\/\/tomajazz.com\/web\/instantzz-the-newborn-jazz-ciclo-the-jazz-wine-club-novo-cafe-lisboa-palma-de-mallorca-2017-04-06-galeria-fotografica\/","title":{"rendered":"INSTANTZZ: The Newborn Jazz (Ciclo \u201cThe Jazz &#038; Wine Club\u201d. Novo Caf\u00e9 Lisboa. Palma de Mallorca. 2017-04-06) [Galer\u00eda fotogr\u00e1fica]"},"content":{"rendered":"<ul>\n<li>Fecha: Jueves, 06 de abril de 2017. 22.30<\/li>\n<li>Lugar: Novo Caf\u00e9 Lisboa. Ciclo \u00abThe Jazz &amp; Wine Club\u00bb (Palma de Mallorca)<\/li>\n<li>Grupo:<br \/>\n<strong>The Newborn Jazz<br \/>\n<\/strong>Guillem Nadal: trompeta, tromb\u00f3n<br \/>\nMarcos Herrada: piano el\u00e9ctrico<br \/>\nLlu\u00eds Gener: contrabajo<br \/>\nPascual Carpena: bater\u00eda<br \/>\nM\u00fasico invitado:<br \/>\nMiquel \u00c0ngel Rigo: saxo tenor<\/li>\n<\/ul>\n<p style=\"text-align: center;\"><img loading=\"lazy\" decoding=\"async\" class=\"aligncenter size-large wp-image-30135\" src=\"http:\/\/www.tomajazz.com\/web\/wp-content\/uploads\/2017\/04\/001-2-600x400.jpg\" alt=\"\" width=\"600\" height=\"400\" title=\"\" srcset=\"https:\/\/tomajazz.com\/web\/wp-content\/uploads\/2017\/04\/001-2.jpg 600w, https:\/\/tomajazz.com\/web\/wp-content\/uploads\/2017\/04\/001-2-200x133.jpg 200w, https:\/\/tomajazz.com\/web\/wp-content\/uploads\/2017\/04\/001-2-83x55.jpg 83w, https:\/\/tomajazz.com\/web\/wp-content\/uploads\/2017\/04\/001-2-60x40.jpg 60w, https:\/\/tomajazz.com\/web\/wp-content\/uploads\/2017\/04\/001-2-120x80.jpg 120w\" sizes=\"auto, (max-width: 600px) 100vw, 600px\" \/><\/p>\n<p style=\"text-align: center;\"><img loading=\"lazy\" decoding=\"async\" class=\"aligncenter size-large wp-image-30136\" src=\"http:\/\/www.tomajazz.com\/web\/wp-content\/uploads\/2017\/04\/002-2-400x600.jpg\" alt=\"\" width=\"400\" height=\"600\" title=\"\" srcset=\"https:\/\/tomajazz.com\/web\/wp-content\/uploads\/2017\/04\/002-2.jpg 400w, https:\/\/tomajazz.com\/web\/wp-content\/uploads\/2017\/04\/002-2-200x300.jpg 200w, https:\/\/tomajazz.com\/web\/wp-content\/uploads\/2017\/04\/002-2-37x55.jpg 37w\" sizes=\"auto, (max-width: 400px) 100vw, 400px\" \/><\/p>\n<p style=\"text-align: center;\"><img loading=\"lazy\" decoding=\"async\" class=\"aligncenter size-large wp-image-30137\" src=\"http:\/\/www.tomajazz.com\/web\/wp-content\/uploads\/2017\/04\/003-2-600x400.jpg\" alt=\"\" width=\"600\" height=\"400\" title=\"\" srcset=\"https:\/\/tomajazz.com\/web\/wp-content\/uploads\/2017\/04\/003-2.jpg 600w, https:\/\/tomajazz.com\/web\/wp-content\/uploads\/2017\/04\/003-2-200x133.jpg 200w, https:\/\/tomajazz.com\/web\/wp-content\/uploads\/2017\/04\/003-2-83x55.jpg 83w, https:\/\/tomajazz.com\/web\/wp-content\/uploads\/2017\/04\/003-2-60x40.jpg 60w, https:\/\/tomajazz.com\/web\/wp-content\/uploads\/2017\/04\/003-2-120x80.jpg 120w\" sizes=\"auto, (max-width: 600px) 100vw, 600px\" \/><\/p>\n<p style=\"text-align: center;\"><img loading=\"lazy\" decoding=\"async\" class=\"aligncenter size-large wp-image-30138\" src=\"http:\/\/www.tomajazz.com\/web\/wp-content\/uploads\/2017\/04\/004-2-600x400.jpg\" alt=\"\" width=\"600\" height=\"400\" title=\"\" srcset=\"https:\/\/tomajazz.com\/web\/wp-content\/uploads\/2017\/04\/004-2.jpg 600w, https:\/\/tomajazz.com\/web\/wp-content\/uploads\/2017\/04\/004-2-200x133.jpg 200w, https:\/\/tomajazz.com\/web\/wp-content\/uploads\/2017\/04\/004-2-83x55.jpg 83w, https:\/\/tomajazz.com\/web\/wp-content\/uploads\/2017\/04\/004-2-60x40.jpg 60w, https:\/\/tomajazz.com\/web\/wp-content\/uploads\/2017\/04\/004-2-120x80.jpg 120w\" sizes=\"auto, (max-width: 600px) 100vw, 600px\" \/><\/p>\n<p style=\"text-align: center;\"><img loading=\"lazy\" decoding=\"async\" class=\"aligncenter size-large wp-image-30139\" src=\"http:\/\/www.tomajazz.com\/web\/wp-content\/uploads\/2017\/04\/005-2-400x600.jpg\" alt=\"\" width=\"400\" height=\"600\" title=\"\" srcset=\"https:\/\/tomajazz.com\/web\/wp-content\/uploads\/2017\/04\/005-2.jpg 400w, https:\/\/tomajazz.com\/web\/wp-content\/uploads\/2017\/04\/005-2-200x300.jpg 200w, https:\/\/tomajazz.com\/web\/wp-content\/uploads\/2017\/04\/005-2-37x55.jpg 37w\" sizes=\"auto, (max-width: 400px) 100vw, 400px\" \/><\/p>\n<p style=\"text-align: center;\"><img loading=\"lazy\" decoding=\"async\" class=\"aligncenter size-large wp-image-30140\" src=\"http:\/\/www.tomajazz.com\/web\/wp-content\/uploads\/2017\/04\/006-2-600x400.jpg\" alt=\"\" width=\"600\" height=\"400\" title=\"\" srcset=\"https:\/\/tomajazz.com\/web\/wp-content\/uploads\/2017\/04\/006-2.jpg 600w, https:\/\/tomajazz.com\/web\/wp-content\/uploads\/2017\/04\/006-2-200x133.jpg 200w, https:\/\/tomajazz.com\/web\/wp-content\/uploads\/2017\/04\/006-2-83x55.jpg 83w, https:\/\/tomajazz.com\/web\/wp-content\/uploads\/2017\/04\/006-2-60x40.jpg 60w, https:\/\/tomajazz.com\/web\/wp-content\/uploads\/2017\/04\/006-2-120x80.jpg 120w\" sizes=\"auto, (max-width: 600px) 100vw, 600px\" \/><\/p>\n<p style=\"text-align: center;\"><img loading=\"lazy\" decoding=\"async\" class=\"aligncenter size-large wp-image-30141\" src=\"http:\/\/www.tomajazz.com\/web\/wp-content\/uploads\/2017\/04\/007-2-600x400.jpg\" alt=\"\" width=\"600\" height=\"400\" title=\"\" srcset=\"https:\/\/tomajazz.com\/web\/wp-content\/uploads\/2017\/04\/007-2.jpg 600w, https:\/\/tomajazz.com\/web\/wp-content\/uploads\/2017\/04\/007-2-200x133.jpg 200w, https:\/\/tomajazz.com\/web\/wp-content\/uploads\/2017\/04\/007-2-83x55.jpg 83w, https:\/\/tomajazz.com\/web\/wp-content\/uploads\/2017\/04\/007-2-60x40.jpg 60w, https:\/\/tomajazz.com\/web\/wp-content\/uploads\/2017\/04\/007-2-120x80.jpg 120w\" sizes=\"auto, (max-width: 600px) 100vw, 600px\" \/><\/p>\n<p style=\"text-align: center;\"><img loading=\"lazy\" decoding=\"async\" class=\"aligncenter size-large wp-image-30142\" src=\"http:\/\/www.tomajazz.com\/web\/wp-content\/uploads\/2017\/04\/008-2-600x400.jpg\" alt=\"\" width=\"600\" height=\"400\" title=\"\" srcset=\"https:\/\/tomajazz.com\/web\/wp-content\/uploads\/2017\/04\/008-2.jpg 600w, https:\/\/tomajazz.com\/web\/wp-content\/uploads\/2017\/04\/008-2-200x133.jpg 200w, https:\/\/tomajazz.com\/web\/wp-content\/uploads\/2017\/04\/008-2-83x55.jpg 83w, https:\/\/tomajazz.com\/web\/wp-content\/uploads\/2017\/04\/008-2-60x40.jpg 60w, https:\/\/tomajazz.com\/web\/wp-content\/uploads\/2017\/04\/008-2-120x80.jpg 120w\" sizes=\"auto, (max-width: 600px) 100vw, 600px\" \/><\/p>\n<p style=\"text-align: center;\"><img loading=\"lazy\" decoding=\"async\" class=\"aligncenter size-large wp-image-30143\" src=\"http:\/\/www.tomajazz.com\/web\/wp-content\/uploads\/2017\/04\/009-1-400x600.jpg\" alt=\"\" width=\"400\" height=\"600\" title=\"\" srcset=\"https:\/\/tomajazz.com\/web\/wp-content\/uploads\/2017\/04\/009-1.jpg 400w, https:\/\/tomajazz.com\/web\/wp-content\/uploads\/2017\/04\/009-1-200x300.jpg 200w, https:\/\/tomajazz.com\/web\/wp-content\/uploads\/2017\/04\/009-1-37x55.jpg 37w\" sizes=\"auto, (max-width: 400px) 100vw, 400px\" \/><\/p>\n<p style=\"text-align: center;\"><img loading=\"lazy\" decoding=\"async\" class=\"aligncenter size-large wp-image-30144\" src=\"http:\/\/www.tomajazz.com\/web\/wp-content\/uploads\/2017\/04\/010-1-600x400.jpg\" alt=\"\" width=\"600\" height=\"400\" title=\"\" srcset=\"https:\/\/tomajazz.com\/web\/wp-content\/uploads\/2017\/04\/010-1.jpg 600w, https:\/\/tomajazz.com\/web\/wp-content\/uploads\/2017\/04\/010-1-200x133.jpg 200w, https:\/\/tomajazz.com\/web\/wp-content\/uploads\/2017\/04\/010-1-83x55.jpg 83w, https:\/\/tomajazz.com\/web\/wp-content\/uploads\/2017\/04\/010-1-60x40.jpg 60w, https:\/\/tomajazz.com\/web\/wp-content\/uploads\/2017\/04\/010-1-120x80.jpg 120w\" sizes=\"auto, (max-width: 600px) 100vw, 600px\" \/><\/p>\n<p style=\"text-align: right;\">Tomajazz:\u00a0\u00a9 <a href=\"https:\/\/www.flickr.com\/photos\/joseluisluna1958\/\" target=\"_blank\" rel=\"noopener\">Jos\u00e9 Luis Luna Rocafort<\/a>, 2017<\/p>\n<p>&nbsp;<\/p>\n","protected":false},"excerpt":{"rendered":"<p>Fecha: Jueves, 06 de abril de 2017. 22.30 Lugar: Novo Caf\u00e9 Lisboa. Ciclo \u00abThe Jazz &amp; Wine Club\u00bb (Palma de Mallorca) Grupo: The Newborn Jazz Guillem Nadal: trompeta, tromb\u00f3n Marcos Herrada: piano el\u00e9ctrico Llu\u00eds Gener: contrabajo Pascual Carpena: bater\u00eda M\u00fasico invitado: Miquel \u00c0ngel Rigo: saxo tenor Tomajazz:\u00a0\u00a9 Jos\u00e9 Luis Luna<span class=\"more-link\"><a href=\"https:\/\/tomajazz.com\/web\/instantzz-the-newborn-jazz-ciclo-the-jazz-wine-club-novo-cafe-lisboa-palma-de-mallorca-2017-04-06-galeria-fotografica\/\">Contin\u00faa leyendo<\/a><\/span><\/p>\n","protected":false},"author":1,"featured_media":30140,"comment_status":"open","ping_status":"closed","sticky":false,"template":"","format":"standard","meta":{"jetpack_post_was_ever_published":false,"_jetpack_newsletter_access":"","_jetpack_dont_email_post_to_subs":false,"_jetpack_newsletter_tier_id":0,"_jetpack_memberships_contains_paywalled_content":false,"_jetpack_memberships_contains_paid_content":false,"footnotes":""},"categories":[17846,11262,15516,11261,1038],"tags":[19276,15656,12656,12796,12755,15318,15317,15655,15275,15654,12147,11263,13,12415,15295,10088,15710,19288,19274,11546,18980,19289,12657,19287,16099,77,16100],"class_list":["entry","author-pachi","post-30134","post","type-post","status-publish","format-standard","has-post-thumbnail","category-jose-luis-luna-rocafort","category-photoblogs","category-imagenes","category-instantzz","category-contenidos","tag-ciclo-the-jazz-and-wine-club","tag-foto-galeria-de-jazz","tag-fotoblog","tag-fotografia-de-jazz","tag-fotografias-de-jazz","tag-fotografos-de-jazz","tag-fotos-de-jazz","tag-galeria-de-fotos-de-jazz","tag-galeria-fotografica","tag-galeria-fotografica-de-jazz","tag-guillem-nadal","tag-instantzz-2","tag-jazz","tag-jazz-en-espana","tag-jazz-en-espanol","tag-jose-luis-luna-rocafort","tag-la-actualidad-del-jazz-en-espana","tag-lluis-gener","tag-marcos-herrada","tag-miquel-angel-rigo","tag-novo-cafe-lisboa-palma-de-mallorca","tag-pascual-carpena","tag-photoblog","tag-the-newborn-jazz","tag-toma-jazz","tag-tomajazz","tag-tomajazz-toma-jazz"],"jetpack_featured_media_url":"https:\/\/tomajazz.com\/web\/wp-content\/uploads\/2017\/04\/006-2.jpg","jetpack_likes_enabled":true,"jetpack_sharing_enabled":true,"jetpack-related-posts":[{"id":103548,"url":"https:\/\/tomajazz.com\/web\/the-jazz-room-es-gremi-2025\/","url_meta":{"origin":30134,"position":0},"title":"The Jazz Room (Es Gremi. Palma de\u00a0Mallorca. 2025-12-16) Por Jos\u00e9 Luis Luna Rocafort [INSTANTZZ AKA Galer\u00eda fotogr\u00e1fica AKA Fotoblog de jazz, impro\u2026 y algo m\u00e1s]","author":"Tomajazz","date":"19 enero, 2026","format":false,"excerpt":"The Jazz Room actu\u00f3 en Es Gremi de Palma de\u00a0Mallorca, el 16 de diciembre de 2025. Jos\u00e9 Luis Luna Rocafort lo retrata en INSTANTZZ. Con Guillermo Valero, David Romero, David Sam, Carlos Pic\u00f3, Eric Barrachina","rel":"","context":"En \u00abINSTANTZZ\u00bb","block_context":{"text":"INSTANTZZ","link":"https:\/\/tomajazz.com\/web\/category\/contenidos\/imagenes\/photoblogs\/instantzz\/"},"img":{"alt_text":"The Jazz Room (Es Gremi. Palma de\u00a0Mallorca. 2025-12-16) Por Jos\u00e9 Luis Luna Rocafort [INSTANTZZ AKA Galer\u00eda fotogr\u00e1fica AKA Fotoblog de jazz, impro\u2026 y algo m\u00e1s] - Tomajazz - The Jazz Room actu\u00f3 en Es Gremi de Palma de\u00a0Mallorca, el 16 de diciembre de 2025. Jos\u00e9 Luis Luna Rocafort lo retrata en INSTANTZZ. Con Guillermo Valero, David Romero, David Sam, Carlos Pic\u00f3, Erc Barrachina","src":"https:\/\/i0.wp.com\/tomajazz.com\/web\/wp-content\/uploads\/2026\/01\/013-5.jpg?resize=350%2C200&ssl=1","width":350,"height":200,"srcset":"https:\/\/i0.wp.com\/tomajazz.com\/web\/wp-content\/uploads\/2026\/01\/013-5.jpg?resize=350%2C200&ssl=1 1x, https:\/\/i0.wp.com\/tomajazz.com\/web\/wp-content\/uploads\/2026\/01\/013-5.jpg?resize=525%2C300&ssl=1 1.5x"},"classes":[]},{"id":103603,"url":"https:\/\/tomajazz.com\/web\/ara-malikian-trui-teatre-palma-2025\/","url_meta":{"origin":30134,"position":1},"title":"Ara Malikian (Trui Teatre. Palma de\u00a0Mallorca. 2026-01-11) Por Jos\u00e9 Luis Luna Rocafort [INSTANTZZ AKA Galer\u00eda fotogr\u00e1fica AKA Fotoblog de jazz, impro\u2026 y algo m\u00e1s]","author":"Tomajazz","date":"23 enero, 2026","format":false,"excerpt":"Ara Malikian actu\u00f3 en Trui Teatre de Palma de\u00a0Mallorca el 11 de enero de 2026. Jos\u00e9 Luis Luna Rocafort lo retrata en INSTANTZZ. Con Ara Malikian, Iv\u00e1n \"Mel\u00f3n\" Lewis, Dayan Abad Garc\u00eda, Iv\u00e1n Ruiz Machado, Georvis Pico Mill\u00e1n","rel":"","context":"En \u00ab*_Jos\u00e9 Luis Luna Rocafort\u00bb","block_context":{"text":"*_Jos\u00e9 Luis Luna Rocafort","link":"https:\/\/tomajazz.com\/web\/category\/jose-luis-luna-rocafort\/"},"img":{"alt_text":"Ara Malikian (Trui Teatre. Palma de\u00a0Mallorca. 2026-01-11) Por Jos\u00e9 Luis Luna Rocafort [INSTANTZZ AKA Galer\u00eda fotogr\u00e1fica AKA Fotoblog de jazz, impro\u2026 y algo m\u00e1s] - Tomajazz - Ara Malikian actu\u00f3 en Trui Teatre de Palma de\u00a0Mallorca el 11 de enero de 2026. Jos\u00e9 Luis Luna Rocafort lo retrata en INSTANTZZ. Con Ara Malikian, Iv\u00e1n \"Mel\u00f3n\" Lewis, Dayan Abad Garc\u00eda, Iv\u00e1n Ruiz Machado, Georvis ico Mill\u00e1n","src":"https:\/\/i0.wp.com\/tomajazz.com\/web\/wp-content\/uploads\/2026\/01\/016-6.jpg?resize=350%2C200&ssl=1","width":350,"height":200,"srcset":"https:\/\/i0.wp.com\/tomajazz.com\/web\/wp-content\/uploads\/2026\/01\/016-6.jpg?resize=350%2C200&ssl=1 1x, https:\/\/i0.wp.com\/tomajazz.com\/web\/wp-content\/uploads\/2026\/01\/016-6.jpg?resize=525%2C300&ssl=1 1.5x"},"classes":[]},{"id":101757,"url":"https:\/\/tomajazz.com\/web\/sa-pobla-jazz-collective-sa-pobla-2025\/","url_meta":{"origin":30134,"position":2},"title":"Sa Pobla Jazz Collective (31 Mallorca Jazz Sa Pobla 2025. Sa Pobla. Mallorca. 2025-08-11) Por Jos\u00e9 Luis Luna Rocafort [INSTANTZZ AKA Galer\u00eda fotogr\u00e1fica AKA Fotoblog de jazz, impro\u2026 y algo m\u00e1s]","author":"Tomajazz","date":"14 noviembre, 2025","format":false,"excerpt":"Sa Pobla Jazz Collective actu\u00f3 en el 31 Mallorca Jazz Sa Pobla 2025 el 11 de agosto de 2025. Jos\u00e9 Luis Luna Rocafort retrata el concierto en INSTANTZZ","rel":"","context":"En \u00abINSTANTZZ\u00bb","block_context":{"text":"INSTANTZZ","link":"https:\/\/tomajazz.com\/web\/category\/contenidos\/imagenes\/photoblogs\/instantzz\/"},"img":{"alt_text":"Sa Pobla Jazz Collective (31 Mallorca Jazz Sa Pobla 2025. Sa Pobla. Mallorca. 2025-08-11) Por Jos\u00e9 Luis Luna Rocafort [INSTANTZZ AKA Galer\u00eda fotogr\u00e1fica AKA Fotoblog de jazz, impro\u2026 y algo m\u00e1s] - Tomajazz - Sa Pobla Jazz Collective actu\u00f3 en el 31 Mallorca Jazz Sa Pobla 2025 el 11 de agosto de 2025. Jos\u00e9 Luis Luna Rocafort retrata el concierto en INSTANTZZ","src":"https:\/\/i0.wp.com\/tomajazz.com\/web\/wp-content\/uploads\/2025\/11\/014-9.jpg?resize=350%2C200&ssl=1","width":350,"height":200,"srcset":"https:\/\/i0.wp.com\/tomajazz.com\/web\/wp-content\/uploads\/2025\/11\/014-9.jpg?resize=350%2C200&ssl=1 1x, https:\/\/i0.wp.com\/tomajazz.com\/web\/wp-content\/uploads\/2025\/11\/014-9.jpg?resize=525%2C300&ssl=1 1.5x"},"classes":[]},{"id":101399,"url":"https:\/\/tomajazz.com\/web\/tinons-march-reapertura-blue-jazz-club-2025\/","url_meta":{"origin":30134,"position":3},"title":"Tinons March (Reapertura Blue Jazz Club. Hotel Saratoga. Palma. 2025-10-30) Por Jos\u00e9 Luis Luna Rocafort [INSTANTZZ AKA Galer\u00eda fotogr\u00e1fica AKA Fotoblog de jazz, impro\u2026 y algo m\u00e1s]","author":"Tomajazz","date":"5 noviembre, 2025","format":false,"excerpt":"Tinons March actu\u00f3 en la reapertura del Blue Jazz Club del Hotel Saratoga (Palma), el 30 de octubre de 2025. Jos\u00e9 Luis Luna Rocafort retrata el concierto en INSTANTZZ. Actuaron Tinons March, Jaume Riera, Teo Salv\u00e0","rel":"","context":"En \u00abINSTANTZZ\u00bb","block_context":{"text":"INSTANTZZ","link":"https:\/\/tomajazz.com\/web\/category\/contenidos\/imagenes\/photoblogs\/instantzz\/"},"img":{"alt_text":"Tinons March (Reapertura Blue Jazz Club. Hotel Saratoga. Palma. 2025-10-30) Por Jos\u00e9 Luis Luna Rocafort [INSTANTZZ AKA Galer\u00eda fotogr\u00e1fica AKA Fotoblog de jazz, impro\u2026 y algo m\u00e1s] - Tomajazz - Tinons March actu\u00f3 en la reapertura del Blue Jazz Club del Hotel Saratoga (Palma), el 30 de octubre de 2025. Jos\u00e9 Luis Luna Rocafort retrata el concierto en INSTANTZZ. Actuaron Tinons March, Jaume Riera, Teo Salv\u00e0","src":"https:\/\/i0.wp.com\/tomajazz.com\/web\/wp-content\/uploads\/2025\/11\/016-3.jpg?resize=350%2C200&ssl=1","width":350,"height":200,"srcset":"https:\/\/i0.wp.com\/tomajazz.com\/web\/wp-content\/uploads\/2025\/11\/016-3.jpg?resize=350%2C200&ssl=1 1x, https:\/\/i0.wp.com\/tomajazz.com\/web\/wp-content\/uploads\/2025\/11\/016-3.jpg?resize=525%2C300&ssl=1 1.5x"},"classes":[]},{"id":104472,"url":"https:\/\/tomajazz.com\/web\/opera-dels-tres-centims-palma-2026\/","url_meta":{"origin":30134,"position":4},"title":"\u00d2pera dels tres C\u00e8ntims (Teatre Xesc Forteza, Palma. 2026-03-15) Por Jos\u00e9 Luis Luna Rocafort [INSTANTZZ AKA Galer\u00eda fotogr\u00e1fica AKA Fotoblog de jazz, impro\u2026 y algo m\u00e1s]","author":"Tomajazz","date":"20 marzo, 2026","format":false,"excerpt":"\u00d2pera dels tres C\u00e8ntims se represent\u00f3 en Teatre Xesc Forteza de Palma, el 15 de marzo de 2026. Jos\u00e9 Luis Luna Rocafort lo retrata en INSTANTZZ","rel":"","context":"En \u00abINSTANTZZ\u00bb","block_context":{"text":"INSTANTZZ","link":"https:\/\/tomajazz.com\/web\/category\/contenidos\/imagenes\/photoblogs\/instantzz\/"},"img":{"alt_text":"\u00d2pera dels tres C\u00e8ntims (Teatre Xesc Forteza, Palma. 2026-03-15) Por Jos\u00e9 Luis Luna Rocafort [INSTANTZZ AKA Galer\u00eda fotogr\u00e1fica AKA Fotoblog de jazz, impro\u2026 y algo m\u00e1s] - Tomajazz - \u00d2pera dels tres C\u00e8ntims se represent\u00f3 en Teatre Xesc Forteza de Palma, el 15 de marzo de 2026. Jos\u00e9 Luis Luna Rocafort lo retrata en INSTANTZZ AKA Galer\u00eda fotogr\u00e1fica AKA Fotoblog de jazz, impro\u2026 y algo m\u00e1s]","src":"https:\/\/i0.wp.com\/tomajazz.com\/web\/wp-content\/uploads\/2026\/03\/006-1.jpg?resize=350%2C200&ssl=1","width":350,"height":200,"srcset":"https:\/\/i0.wp.com\/tomajazz.com\/web\/wp-content\/uploads\/2026\/03\/006-1.jpg?resize=350%2C200&ssl=1 1x, https:\/\/i0.wp.com\/tomajazz.com\/web\/wp-content\/uploads\/2026\/03\/006-1.jpg?resize=525%2C300&ssl=1 1.5x"},"classes":[]},{"id":100289,"url":"https:\/\/tomajazz.com\/web\/glenda-e-jazz-palma-festival-2025\/","url_meta":{"origin":30134,"position":5},"title":"Glenda E (Jazz Palma Festival 2025. Castell de Bellver. Palma. 2025-08-14) Por Jos\u00e9 Luis Luna Rocafort [INSTANTZZ AKA Galer\u00eda fotogr\u00e1fica AKA Fotoblog de jazz, impro\u2026 y algo m\u00e1s]","author":"Tomajazz","date":"9 octubre, 2025","format":false,"excerpt":"Glenda E actu\u00f3 en el Jazz Palma Festival 2025 en Castell de Bellver. Jos\u00e9 Luis Luna Rocafort lo retrata en INSTANTZZ. Actuaron Glenda E, Carlos Mart\u00edn, Shayan Fathi, Abel Sanabria","rel":"","context":"En \u00ab*_Jos\u00e9 Luis Luna Rocafort\u00bb","block_context":{"text":"*_Jos\u00e9 Luis Luna Rocafort","link":"https:\/\/tomajazz.com\/web\/category\/jose-luis-luna-rocafort\/"},"img":{"alt_text":"Glenda E (Jazz Palma Festival 2025. Castell de Bellver. Palma. 2025-08-07) Por Jos\u00e9 Luis Luna Rocafort [INSTANTZZ AKA Galer\u00eda fotogr\u00e1fica AKA Fotoblog de jazz, impro\u2026 y algo m\u00e1s] - Tomajazz - Glenda E actu\u00f3 en el Jazz Palma Festival 2025 en Castell de Bellver. Jos\u00e9 Luis Luna Rocafort lo retrata en INSTANTZZ. Actuaron Glenda E, Carlos Mart\u00edn, Shayan Fathi, Abel Sanabria","src":"https:\/\/i0.wp.com\/tomajazz.com\/web\/wp-content\/uploads\/2025\/10\/009-4.jpg?resize=350%2C200&ssl=1","width":350,"height":200,"srcset":"https:\/\/i0.wp.com\/tomajazz.com\/web\/wp-content\/uploads\/2025\/10\/009-4.jpg?resize=350%2C200&ssl=1 1x, https:\/\/i0.wp.com\/tomajazz.com\/web\/wp-content\/uploads\/2025\/10\/009-4.jpg?resize=525%2C300&ssl=1 1.5x"},"classes":[]}],"_links":{"self":[{"href":"https:\/\/tomajazz.com\/web\/wp-json\/wp\/v2\/posts\/30134","targetHints":{"allow":["GET"]}}],"collection":[{"href":"https:\/\/tomajazz.com\/web\/wp-json\/wp\/v2\/posts"}],"about":[{"href":"https:\/\/tomajazz.com\/web\/wp-json\/wp\/v2\/types\/post"}],"author":[{"embeddable":true,"href":"https:\/\/tomajazz.com\/web\/wp-json\/wp\/v2\/users\/1"}],"replies":[{"embeddable":true,"href":"https:\/\/tomajazz.com\/web\/wp-json\/wp\/v2\/comments?post=30134"}],"version-history":[{"count":1,"href":"https:\/\/tomajazz.com\/web\/wp-json\/wp\/v2\/posts\/30134\/revisions"}],"predecessor-version":[{"id":30145,"href":"https:\/\/tomajazz.com\/web\/wp-json\/wp\/v2\/posts\/30134\/revisions\/30145"}],"wp:featuredmedia":[{"embeddable":true,"href":"https:\/\/tomajazz.com\/web\/wp-json\/wp\/v2\/media\/30140"}],"wp:attachment":[{"href":"https:\/\/tomajazz.com\/web\/wp-json\/wp\/v2\/media?parent=30134"}],"wp:term":[{"taxonomy":"category","embeddable":true,"href":"https:\/\/tomajazz.com\/web\/wp-json\/wp\/v2\/categories?post=30134"},{"taxonomy":"post_tag","embeddable":true,"href":"https:\/\/tomajazz.com\/web\/wp-json\/wp\/v2\/tags?post=30134"}],"curies":[{"name":"wp","href":"https:\/\/api.w.org\/{rel}","templated":true}]}}