{"id":30410,"date":"2017-05-02T11:00:48","date_gmt":"2017-05-02T09:00:48","guid":{"rendered":"http:\/\/www.tomajazz.com\/web\/?p=30410"},"modified":"2017-05-02T11:07:26","modified_gmt":"2017-05-02T09:07:26","slug":"instantzz-tom-harrell-trip-nova-jazz-cava-36e-jazz-terrassa-festival-terrassa-2017-03-25-galeria-fotografica","status":"publish","type":"post","link":"https:\/\/tomajazz.com\/web\/instantzz-tom-harrell-trip-nova-jazz-cava-36e-jazz-terrassa-festival-terrassa-2017-03-25-galeria-fotografica\/","title":{"rendered":"INSTANTZZ: Tom Harrell Trip (Nova Jazz Cava, 36\u00e8 Jazz Terrassa Festival. Terrassa. 2017-03-25) [Galer\u00eda fotogr\u00e1fica]"},"content":{"rendered":"<ul>\n<li>Fecha: S\u00e1bado, 25 de marzo de 2017<\/li>\n<li>Lugar: Nova Jazz Cava (Terrassa \u2013Barcelona-)<\/li>\n<li>Grupo:<br \/>\n<strong>Tom Harrell Trip<br \/>\n<\/strong>Tom Harrell, trompeta y fiscorno.<br \/>\nSanti de la Rubia, saxo tenor.<br \/>\nUgonna Okegwo, contrabajo.<br \/>\nAdam Cruz, bater\u00eda.<\/li>\n<\/ul>\n<p style=\"text-align: center;\"><img loading=\"lazy\" decoding=\"async\" class=\"aligncenter size-large wp-image-30411\" src=\"http:\/\/www.tomajazz.com\/web\/wp-content\/uploads\/2017\/05\/01_Tm-Hrrll-Qrtt-\u00a9Joan-Cort\u00e8s_25mar17_36JTF_NvJzzCv_Trrss-600x399.jpg\" alt=\"\" width=\"600\" height=\"399\" title=\"\" srcset=\"https:\/\/tomajazz.com\/web\/wp-content\/uploads\/2017\/05\/01_Tm-Hrrll-Qrtt-\u00a9Joan-Cort\u00e8s_25mar17_36JTF_NvJzzCv_Trrss.jpg 600w, https:\/\/tomajazz.com\/web\/wp-content\/uploads\/2017\/05\/01_Tm-Hrrll-Qrtt-\u00a9Joan-Cort\u00e8s_25mar17_36JTF_NvJzzCv_Trrss-200x133.jpg 200w, https:\/\/tomajazz.com\/web\/wp-content\/uploads\/2017\/05\/01_Tm-Hrrll-Qrtt-\u00a9Joan-Cort\u00e8s_25mar17_36JTF_NvJzzCv_Trrss-83x55.jpg 83w, https:\/\/tomajazz.com\/web\/wp-content\/uploads\/2017\/05\/01_Tm-Hrrll-Qrtt-\u00a9Joan-Cort\u00e8s_25mar17_36JTF_NvJzzCv_Trrss-60x40.jpg 60w, https:\/\/tomajazz.com\/web\/wp-content\/uploads\/2017\/05\/01_Tm-Hrrll-Qrtt-\u00a9Joan-Cort\u00e8s_25mar17_36JTF_NvJzzCv_Trrss-120x80.jpg 120w\" sizes=\"auto, (max-width: 600px) 100vw, 600px\" \/><\/p>\n<p style=\"text-align: center;\"><img loading=\"lazy\" decoding=\"async\" class=\"aligncenter size-large wp-image-30412\" src=\"http:\/\/www.tomajazz.com\/web\/wp-content\/uploads\/2017\/05\/02_Tm-Hrrll-Qrtt-\u00a9Joan-Cort\u00e8s_25mar17_36JTF_NvJzzCv_Trrss-399x600.jpg\" alt=\"\" width=\"399\" height=\"600\" title=\"\" srcset=\"https:\/\/tomajazz.com\/web\/wp-content\/uploads\/2017\/05\/02_Tm-Hrrll-Qrtt-\u00a9Joan-Cort\u00e8s_25mar17_36JTF_NvJzzCv_Trrss.jpg 399w, https:\/\/tomajazz.com\/web\/wp-content\/uploads\/2017\/05\/02_Tm-Hrrll-Qrtt-\u00a9Joan-Cort\u00e8s_25mar17_36JTF_NvJzzCv_Trrss-200x300.jpg 200w, https:\/\/tomajazz.com\/web\/wp-content\/uploads\/2017\/05\/02_Tm-Hrrll-Qrtt-\u00a9Joan-Cort\u00e8s_25mar17_36JTF_NvJzzCv_Trrss-37x55.jpg 37w\" sizes=\"auto, (max-width: 399px) 100vw, 399px\" \/><\/p>\n<p style=\"text-align: center;\"><img loading=\"lazy\" decoding=\"async\" class=\"aligncenter size-large wp-image-30413\" src=\"http:\/\/www.tomajazz.com\/web\/wp-content\/uploads\/2017\/05\/03_Tm-Hrrll-Qrtt-\u00a9Joan-Cort\u00e8s_25mar17_36JTF_NvJzzCv_Trrss-399x600.jpg\" alt=\"\" width=\"399\" height=\"600\" title=\"\" srcset=\"https:\/\/tomajazz.com\/web\/wp-content\/uploads\/2017\/05\/03_Tm-Hrrll-Qrtt-\u00a9Joan-Cort\u00e8s_25mar17_36JTF_NvJzzCv_Trrss.jpg 399w, https:\/\/tomajazz.com\/web\/wp-content\/uploads\/2017\/05\/03_Tm-Hrrll-Qrtt-\u00a9Joan-Cort\u00e8s_25mar17_36JTF_NvJzzCv_Trrss-200x300.jpg 200w, https:\/\/tomajazz.com\/web\/wp-content\/uploads\/2017\/05\/03_Tm-Hrrll-Qrtt-\u00a9Joan-Cort\u00e8s_25mar17_36JTF_NvJzzCv_Trrss-37x55.jpg 37w\" sizes=\"auto, (max-width: 399px) 100vw, 399px\" \/><\/p>\n<p style=\"text-align: center;\"><img loading=\"lazy\" decoding=\"async\" class=\"aligncenter size-large wp-image-30414\" src=\"http:\/\/www.tomajazz.com\/web\/wp-content\/uploads\/2017\/05\/04_Tm-Hrrll-Qrtt-\u00a9Joan-Cort\u00e8s_25mar17_36JTF_NvJzzCv_Trrss-399x600.jpg\" alt=\"\" width=\"399\" height=\"600\" title=\"\" srcset=\"https:\/\/tomajazz.com\/web\/wp-content\/uploads\/2017\/05\/04_Tm-Hrrll-Qrtt-\u00a9Joan-Cort\u00e8s_25mar17_36JTF_NvJzzCv_Trrss.jpg 399w, https:\/\/tomajazz.com\/web\/wp-content\/uploads\/2017\/05\/04_Tm-Hrrll-Qrtt-\u00a9Joan-Cort\u00e8s_25mar17_36JTF_NvJzzCv_Trrss-200x300.jpg 200w, https:\/\/tomajazz.com\/web\/wp-content\/uploads\/2017\/05\/04_Tm-Hrrll-Qrtt-\u00a9Joan-Cort\u00e8s_25mar17_36JTF_NvJzzCv_Trrss-37x55.jpg 37w\" sizes=\"auto, (max-width: 399px) 100vw, 399px\" \/><\/p>\n<p style=\"text-align: center;\"><img loading=\"lazy\" decoding=\"async\" class=\"aligncenter size-large wp-image-30415\" src=\"http:\/\/www.tomajazz.com\/web\/wp-content\/uploads\/2017\/05\/05_Tm-Hrrll-Qrtt-\u00a9Joan-Cort\u00e8s_25mar17_36JTF_NvJzzCv_Trrss-399x600.jpg\" alt=\"\" width=\"399\" height=\"600\" title=\"\" srcset=\"https:\/\/tomajazz.com\/web\/wp-content\/uploads\/2017\/05\/05_Tm-Hrrll-Qrtt-\u00a9Joan-Cort\u00e8s_25mar17_36JTF_NvJzzCv_Trrss.jpg 399w, https:\/\/tomajazz.com\/web\/wp-content\/uploads\/2017\/05\/05_Tm-Hrrll-Qrtt-\u00a9Joan-Cort\u00e8s_25mar17_36JTF_NvJzzCv_Trrss-200x300.jpg 200w, https:\/\/tomajazz.com\/web\/wp-content\/uploads\/2017\/05\/05_Tm-Hrrll-Qrtt-\u00a9Joan-Cort\u00e8s_25mar17_36JTF_NvJzzCv_Trrss-37x55.jpg 37w\" sizes=\"auto, (max-width: 399px) 100vw, 399px\" \/><\/p>\n<p style=\"text-align: center;\"><img loading=\"lazy\" decoding=\"async\" class=\"aligncenter size-large wp-image-30416\" src=\"http:\/\/www.tomajazz.com\/web\/wp-content\/uploads\/2017\/05\/06_Tm-Hrrll-Qrtt-\u00a9Joan-Cort\u00e8s_25mar17_36JTF_NvJzzCv_Trrss-600x399.jpg\" alt=\"\" width=\"600\" height=\"399\" title=\"\" srcset=\"https:\/\/tomajazz.com\/web\/wp-content\/uploads\/2017\/05\/06_Tm-Hrrll-Qrtt-\u00a9Joan-Cort\u00e8s_25mar17_36JTF_NvJzzCv_Trrss.jpg 600w, https:\/\/tomajazz.com\/web\/wp-content\/uploads\/2017\/05\/06_Tm-Hrrll-Qrtt-\u00a9Joan-Cort\u00e8s_25mar17_36JTF_NvJzzCv_Trrss-200x133.jpg 200w, https:\/\/tomajazz.com\/web\/wp-content\/uploads\/2017\/05\/06_Tm-Hrrll-Qrtt-\u00a9Joan-Cort\u00e8s_25mar17_36JTF_NvJzzCv_Trrss-83x55.jpg 83w, https:\/\/tomajazz.com\/web\/wp-content\/uploads\/2017\/05\/06_Tm-Hrrll-Qrtt-\u00a9Joan-Cort\u00e8s_25mar17_36JTF_NvJzzCv_Trrss-60x40.jpg 60w, https:\/\/tomajazz.com\/web\/wp-content\/uploads\/2017\/05\/06_Tm-Hrrll-Qrtt-\u00a9Joan-Cort\u00e8s_25mar17_36JTF_NvJzzCv_Trrss-120x80.jpg 120w\" sizes=\"auto, (max-width: 600px) 100vw, 600px\" \/><\/p>\n<p style=\"text-align: center;\"><img loading=\"lazy\" decoding=\"async\" class=\"aligncenter size-large wp-image-30417\" src=\"http:\/\/www.tomajazz.com\/web\/wp-content\/uploads\/2017\/05\/07_Tm-Hrrll-Qrtt-\u00a9Joan-Cort\u00e8s_25mar17_36JTF_NvJzzCv_Trrss-399x600.jpg\" alt=\"\" width=\"399\" height=\"600\" title=\"\" srcset=\"https:\/\/tomajazz.com\/web\/wp-content\/uploads\/2017\/05\/07_Tm-Hrrll-Qrtt-\u00a9Joan-Cort\u00e8s_25mar17_36JTF_NvJzzCv_Trrss.jpg 399w, https:\/\/tomajazz.com\/web\/wp-content\/uploads\/2017\/05\/07_Tm-Hrrll-Qrtt-\u00a9Joan-Cort\u00e8s_25mar17_36JTF_NvJzzCv_Trrss-200x300.jpg 200w, https:\/\/tomajazz.com\/web\/wp-content\/uploads\/2017\/05\/07_Tm-Hrrll-Qrtt-\u00a9Joan-Cort\u00e8s_25mar17_36JTF_NvJzzCv_Trrss-37x55.jpg 37w\" sizes=\"auto, (max-width: 399px) 100vw, 399px\" \/><\/p>\n<p style=\"text-align: center;\"><img loading=\"lazy\" decoding=\"async\" class=\"aligncenter size-large wp-image-30418\" src=\"http:\/\/www.tomajazz.com\/web\/wp-content\/uploads\/2017\/05\/08_Tm-Hrrll-Qrtt-\u00a9Joan-Cort\u00e8s_25mar17_36JTF_NvJzzCv_Trrss-399x600.jpg\" alt=\"\" width=\"399\" height=\"600\" title=\"\" srcset=\"https:\/\/tomajazz.com\/web\/wp-content\/uploads\/2017\/05\/08_Tm-Hrrll-Qrtt-\u00a9Joan-Cort\u00e8s_25mar17_36JTF_NvJzzCv_Trrss.jpg 399w, https:\/\/tomajazz.com\/web\/wp-content\/uploads\/2017\/05\/08_Tm-Hrrll-Qrtt-\u00a9Joan-Cort\u00e8s_25mar17_36JTF_NvJzzCv_Trrss-200x300.jpg 200w, https:\/\/tomajazz.com\/web\/wp-content\/uploads\/2017\/05\/08_Tm-Hrrll-Qrtt-\u00a9Joan-Cort\u00e8s_25mar17_36JTF_NvJzzCv_Trrss-37x55.jpg 37w\" sizes=\"auto, (max-width: 399px) 100vw, 399px\" \/><\/p>\n<p style=\"text-align: center;\"><img loading=\"lazy\" decoding=\"async\" class=\"aligncenter size-large wp-image-30419\" src=\"http:\/\/www.tomajazz.com\/web\/wp-content\/uploads\/2017\/05\/09_Tm-Hrrll-Qrtt-\u00a9Joan-Cort\u00e8s_25mar17_36JTF_NvJzzCv_Trrss-600x399.jpg\" alt=\"\" width=\"600\" height=\"399\" title=\"\" srcset=\"https:\/\/tomajazz.com\/web\/wp-content\/uploads\/2017\/05\/09_Tm-Hrrll-Qrtt-\u00a9Joan-Cort\u00e8s_25mar17_36JTF_NvJzzCv_Trrss.jpg 600w, https:\/\/tomajazz.com\/web\/wp-content\/uploads\/2017\/05\/09_Tm-Hrrll-Qrtt-\u00a9Joan-Cort\u00e8s_25mar17_36JTF_NvJzzCv_Trrss-200x133.jpg 200w, https:\/\/tomajazz.com\/web\/wp-content\/uploads\/2017\/05\/09_Tm-Hrrll-Qrtt-\u00a9Joan-Cort\u00e8s_25mar17_36JTF_NvJzzCv_Trrss-83x55.jpg 83w, https:\/\/tomajazz.com\/web\/wp-content\/uploads\/2017\/05\/09_Tm-Hrrll-Qrtt-\u00a9Joan-Cort\u00e8s_25mar17_36JTF_NvJzzCv_Trrss-60x40.jpg 60w, https:\/\/tomajazz.com\/web\/wp-content\/uploads\/2017\/05\/09_Tm-Hrrll-Qrtt-\u00a9Joan-Cort\u00e8s_25mar17_36JTF_NvJzzCv_Trrss-120x80.jpg 120w\" sizes=\"auto, (max-width: 600px) 100vw, 600px\" \/><\/p>\n<p style=\"text-align: right;\">Tomajazz: \u00a9 Joan Cort\u00e8s, 2017<\/p>\n","protected":false},"excerpt":{"rendered":"<p>Fecha: S\u00e1bado, 25 de marzo de 2017 Lugar: Nova Jazz Cava (Terrassa \u2013Barcelona-) Grupo: Tom Harrell Trip Tom Harrell, trompeta y fiscorno. Santi de la Rubia, saxo tenor. Ugonna Okegwo, contrabajo. Adam Cruz, bater\u00eda. Tomajazz: \u00a9 Joan Cort\u00e8s, 2017<span class=\"more-link\"><a href=\"https:\/\/tomajazz.com\/web\/instantzz-tom-harrell-trip-nova-jazz-cava-36e-jazz-terrassa-festival-terrassa-2017-03-25-galeria-fotografica\/\">Contin\u00faa leyendo<\/a><\/span><\/p>\n","protected":false},"author":1,"featured_media":30416,"comment_status":"open","ping_status":"closed","sticky":false,"template":"","format":"standard","meta":{"jetpack_post_was_ever_published":false,"_jetpack_newsletter_access":"","_jetpack_dont_email_post_to_subs":false,"_jetpack_newsletter_tier_id":0,"_jetpack_memberships_contains_paywalled_content":false,"_jetpack_memberships_contains_paid_content":false,"footnotes":""},"categories":[17853,11262,15516,11261,1038],"tags":[19438,19440,5257,15656,12656,12796,12755,15318,15317,15655,15275,15654,11263,13,12415,15295,19439,1041,15710,19437,12657,15630,5253,19436,16099,77,16100,5256],"class_list":["entry","author-pachi","post-30410","post","type-post","status-publish","format-standard","has-post-thumbnail","category-joan-cortes","category-photoblogs","category-imagenes","category-instantzz","category-contenidos","tag-36e-jazz-terrassa-festival","tag-36e-jazz-terrassa-festival-2017","tag-adam-cruz","tag-foto-galeria-de-jazz","tag-fotoblog","tag-fotografia-de-jazz","tag-fotografias-de-jazz","tag-fotografos-de-jazz","tag-fotos-de-jazz","tag-galeria-de-fotos-de-jazz","tag-galeria-fotografica","tag-galeria-fotografica-de-jazz","tag-instantzz-2","tag-jazz","tag-jazz-en-espana","tag-jazz-en-espanol","tag-jazz-terrassa-festival","tag-joan-cortes","tag-la-actualidad-del-jazz-en-espana","tag-nova-jazz-cava-terrassa","tag-photoblog","tag-santi-de-la-rubia","tag-tom-harrell","tag-tom-harrell-trip","tag-toma-jazz","tag-tomajazz","tag-tomajazz-toma-jazz","tag-ugonna-okegwo"],"jetpack_featured_media_url":"https:\/\/tomajazz.com\/web\/wp-content\/uploads\/2017\/05\/06_Tm-Hrrll-Qrtt-\u00a9Joan-Cort\u00e8s_25mar17_36JTF_NvJzzCv_Trrss.jpg","jetpack_likes_enabled":true,"jetpack_sharing_enabled":true,"jetpack-related-posts":[{"id":30535,"url":"https:\/\/tomajazz.com\/web\/instantzz-antonio-serrano-tribut-a-toots-thielemans-nova-jazz-cava-36e-jazz-terrassa-festival-terrassa-2017-03-31-galeria-fotografica\/","url_meta":{"origin":30410,"position":0},"title":"INSTANTZZ: Antonio Serrano \u201cTribut a Toots Thielemans\u201d (Nova Jazz Cava, 36\u00e8 Jazz Terrassa Festival. Terrassa. 2017-03-31) [Galer\u00eda fotogr\u00e1fica]","author":"Tomajazz","date":"11 mayo, 2017","format":false,"excerpt":"Fecha: Viernes, 31 de marzo de 2017 Lugar: Nova Jazz Cava (Terrassa -Barcelona-) Grupo: Antonio Serrano \u201cTribut a Toots Thielemans\u201d Antonio Serrano, arm\u00f3nicas Albert Sanz, piano Dee Jay Foster, contrabajo Esteve Pi, bateria Tomajazz: \u00a9 Joan Cort\u00e8s, 2017","rel":"","context":"En \u00ab*_Joan Cort\u00e8s\u00bb","block_context":{"text":"*_Joan Cort\u00e8s","link":"https:\/\/tomajazz.com\/web\/category\/joan-cortes\/"},"img":{"alt_text":"","src":"https:\/\/i0.wp.com\/tomajazz.com\/web\/wp-content\/uploads\/2017\/05\/09_ntn-Srrn.jpg?resize=350%2C200&ssl=1","width":350,"height":200,"srcset":"https:\/\/i0.wp.com\/tomajazz.com\/web\/wp-content\/uploads\/2017\/05\/09_ntn-Srrn.jpg?resize=350%2C200&ssl=1 1x, https:\/\/i0.wp.com\/tomajazz.com\/web\/wp-content\/uploads\/2017\/05\/09_ntn-Srrn.jpg?resize=525%2C300&ssl=1 1.5x"},"classes":[]},{"id":30508,"url":"https:\/\/tomajazz.com\/web\/instantzz-michel-portal-trio-nova-jazz-cava-36e-jazz-terrassa-festival-terrassa-2017-03-30-galeria-fotografica\/","url_meta":{"origin":30410,"position":1},"title":"INSTANTZZ: Michel Portal Trio (Nova Jazz Cava, 36\u00e8 Jazz Terrassa Festival. Terrassa. 2017-03-30) [Galer\u00eda fotogr\u00e1fica]","author":"Tomajazz","date":"9 mayo, 2017","format":false,"excerpt":"Fecha: Jueves, 30 de marzo de 2017 Lugar: Nova Jazz Cava (Terrassa -Barcelona-) Componentes: Michel Portal Trio Michel Portal, clarinete bajo y saxo soprano Daniel Humair, bater\u00eda Bruno Chevillon, contrabajo. Tomajazz: \u00a9 Joan Cort\u00e8s, 2017","rel":"","context":"En \u00ab*_Joan Cort\u00e8s\u00bb","block_context":{"text":"*_Joan Cort\u00e8s","link":"https:\/\/tomajazz.com\/web\/category\/joan-cortes\/"},"img":{"alt_text":"","src":"https:\/\/i0.wp.com\/tomajazz.com\/web\/wp-content\/uploads\/2017\/05\/08_Prtl-Hmr-Chvlln-%C2%A9Joan-Cort%C3%A8s_30mar17_NvJzzCv_36JTF_Trrss.jpg?resize=350%2C200&ssl=1","width":350,"height":200,"srcset":"https:\/\/i0.wp.com\/tomajazz.com\/web\/wp-content\/uploads\/2017\/05\/08_Prtl-Hmr-Chvlln-%C2%A9Joan-Cort%C3%A8s_30mar17_NvJzzCv_36JTF_Trrss.jpg?resize=350%2C200&ssl=1 1x, https:\/\/i0.wp.com\/tomajazz.com\/web\/wp-content\/uploads\/2017\/05\/08_Prtl-Hmr-Chvlln-%C2%A9Joan-Cort%C3%A8s_30mar17_NvJzzCv_36JTF_Trrss.jpg?resize=525%2C300&ssl=1 1.5x"},"classes":[]},{"id":30570,"url":"https:\/\/tomajazz.com\/web\/instantzz-baldo-martinez-cuarteto-europa-nova-jazz-cava-36e-jazz-terrassa-festival-terrassa-2017-04-01-galeria-fotografica\/","url_meta":{"origin":30410,"position":2},"title":"INSTANTZZ: Baldo Mart\u00ednez Cuarteto Europa (Nova Jazz Cava, 36\u00e8 Jazz Terrassa Festival. Terrassa. 2017-04-01) [Galer\u00eda fotogr\u00e1fica]","author":"Tomajazz","date":"16 mayo, 2017","format":false,"excerpt":"Fecha: S\u00e1bado, 1 de abril de 2017 Lugar: Nova Jazz Cava (Terrassa -Barcelona-) Grupo: Baldo Mart\u00ednez Cuarteto Europa Baldo Mart\u00ednez, contrabajo Samuel Blaser, tromb\u00f3n Maciej Obara, saxo alto Ram\u00f3n L\u00f3pez, bater\u00eda Tomajazz: \u00a9 Joan Cort\u00e8s, 2017","rel":"","context":"En \u00ab*_Joan Cort\u00e8s\u00bb","block_context":{"text":"*_Joan Cort\u00e8s","link":"https:\/\/tomajazz.com\/web\/category\/joan-cortes\/"},"img":{"alt_text":"","src":"https:\/\/i0.wp.com\/tomajazz.com\/web\/wp-content\/uploads\/2017\/05\/06_Bld-Mrtnz-Crtt-rp.jpg?resize=350%2C200&ssl=1","width":350,"height":200,"srcset":"https:\/\/i0.wp.com\/tomajazz.com\/web\/wp-content\/uploads\/2017\/05\/06_Bld-Mrtnz-Crtt-rp.jpg?resize=350%2C200&ssl=1 1x, https:\/\/i0.wp.com\/tomajazz.com\/web\/wp-content\/uploads\/2017\/05\/06_Bld-Mrtnz-Crtt-rp.jpg?resize=525%2C300&ssl=1 1.5x"},"classes":[]},{"id":105012,"url":"https:\/\/tomajazz.com\/web\/lage-lund-trio-granollers-2026\/","url_meta":{"origin":30410,"position":3},"title":"Lage Lund Trio (36\u00e8 Jazz Granollers Festival \/ Casino, 2026-03-13 \/ Granollers -Barcelona-) [y III] Por Joan Cort\u00e8s [INSTANTZZ AKA Galer\u00eda fotogr\u00e1fica AKA Fotoblog de jazz, impro\u2026 y algo m\u00e1s]","author":"Tomajazz","date":"23 abril, 2026","format":false,"excerpt":"Lage Lund Trio actu\u00f3 en el 36\u00e8 Jazz Granollers Festival, el 13 de marzo de 2026. Joan Cort\u00e8s lo retrata en INSTANTZZ. Lage Lund Trio son Lage Lund, Orlando Le Fleming, Greg Hutchinson","rel":"","context":"En \u00ab36 Jazz Granollers Festival 2026\u00bb","block_context":{"text":"36 Jazz Granollers Festival 2026","link":"https:\/\/tomajazz.com\/web\/category\/contenidos\/especial-contenidos\/36-jazz-granollers-festival-2026\/"},"img":{"alt_text":"Lage Lund Trio (36\u00e8 Jazz Granollers Festival \/ Casino, 2026-03-13 \/ Granollers -Barcelona-) [y III] Por Joan Cort\u00e8s [INSTANTZZ AKA Galer\u00eda fotogr\u00e1fica AKA Fotoblog de jazz, impro\u2026 y algo m\u00e1s] - Tomajazz - Lage Lund Trio actu\u00f3 en el 36\u00e8 Jazz Granollers Festival, el 13 de marzo de 2026. Joan Cort\u00e8s lo retrata en INSTANTZZ. Lage Lund Trio son Lage Lund, Orlando Le Fleming, Greg Hutchinson","src":"https:\/\/i0.wp.com\/tomajazz.com\/web\/wp-content\/uploads\/2026\/04\/destacada-02-Lg-Lnd-Photo-by-Joan-Cortes-13mrc26-36JGF-Csn-Gr-bn.jpg?resize=350%2C200&ssl=1","width":350,"height":200,"srcset":"https:\/\/i0.wp.com\/tomajazz.com\/web\/wp-content\/uploads\/2026\/04\/destacada-02-Lg-Lnd-Photo-by-Joan-Cortes-13mrc26-36JGF-Csn-Gr-bn.jpg?resize=350%2C200&ssl=1 1x, https:\/\/i0.wp.com\/tomajazz.com\/web\/wp-content\/uploads\/2026\/04\/destacada-02-Lg-Lnd-Photo-by-Joan-Cortes-13mrc26-36JGF-Csn-Gr-bn.jpg?resize=525%2C300&ssl=1 1.5x"},"classes":[]},{"id":104657,"url":"https:\/\/tomajazz.com\/web\/joan-sanmarti-5t-36-jazz-granollers-2026\/","url_meta":{"origin":30410,"position":4},"title":"Joan Sanmart\u00ed 5t (36\u00e8 Jazz Granollers Festival 2026\/ Casino, 2026-02-20 \/ Granollers -Barcelona-) [I] Por Joan Cort\u00e8s [INSTANTZZ AKA Galer\u00eda fotogr\u00e1fica AKA Fotoblog de jazz, impro\u2026 y algo m\u00e1s]","author":"Tomajazz","date":"2 abril, 2026","format":false,"excerpt":"Joan Sanmart\u00ed 5t actu\u00f3 en el 36\u00e8 Jazz Granollers Festival 2026, el 20 de febrero de 2026. Joan Cort\u00e8s lo retrata en INSTANTZZ. Joan Sanmart\u00ed 5t son Joan Sanmart\u00ed, Gabriel Amargant, Pau Dom\u00e8nech, Marc Cuevas, Joan Vidal","rel":"","context":"En \u00ab36 Jazz Granollers Festival 2026\u00bb","block_context":{"text":"36 Jazz Granollers Festival 2026","link":"https:\/\/tomajazz.com\/web\/category\/contenidos\/especial-contenidos\/36-jazz-granollers-festival-2026\/"},"img":{"alt_text":"Joan Sanmart\u00ed 5t (36\u00e8 Jazz Granollers Festival 2026\/ Casino, 2026-02-20 \/ Granollers -Barcelona-) [I] Por Joan Cort\u00e8s [INSTANTZZ AKA Galer\u00eda fotogr\u00e1fica AKA Fotoblog de jazz, impro\u2026 y algo m\u00e1s] - Tomajazz - Joan Sanmart\u00ed 5t actu\u00f3 en el 36\u00e8 Jazz Granollers Festival 2026, el 20 de febrero de 2026. Joan Cort\u00e8s lo retrata en INSTANTZZ. Joan Sanmart\u00ed 5t son Joan Sanmart\u00ed, Gabriel Amargant, Pau Dom\u00e8nech, Marc Cuevas, Joan Vidal\n","src":"https:\/\/i0.wp.com\/tomajazz.com\/web\/wp-content\/uploads\/2026\/04\/destacada-09-Jn-Snmrt-5t-Photo-By-Joan-Cortes-20fbr26-36FJG-Csn-Grn.jpg?resize=350%2C200&ssl=1","width":350,"height":200},"classes":[]},{"id":104847,"url":"https:\/\/tomajazz.com\/web\/alba-careta-group-panical-jazz-granollers-2026\/","url_meta":{"origin":30410,"position":5},"title":"Alba Careta Group \u201cPanical\u201d (36\u00e8 Jazz Granollers Festival \/ Casino, 2026-02-27 \/ Granollers -Barcelona-) [II] Por Joan Cort\u00e8s [INSTANTZZ AKA Galer\u00eda fotogr\u00e1fica AKA Fotoblog de jazz, impro\u2026 y algo m\u00e1s]","author":"Tomajazz","date":"12 abril, 2026","format":false,"excerpt":"Alba Careta Group \u201cPanical\u201d actu\u00f3 en el 36\u00e8 Jazz Granollers Festival, el 27 de febrero de 2026. Joan Cort\u00e8s lo retrata en INSTANTZZ. Alba Careta Group \u201cPanical\u201d son Alba Careta, Lucas Mart\u00ednez, Roger Santacana, Giuseppe Campisi, Jordi Pallar\u00e9s","rel":"","context":"En \u00ab36 Jazz Granollers Festival 2026\u00bb","block_context":{"text":"36 Jazz Granollers Festival 2026","link":"https:\/\/tomajazz.com\/web\/category\/contenidos\/especial-contenidos\/36-jazz-granollers-festival-2026\/"},"img":{"alt_text":"Alba Careta Group \u201cPanical\u201d (36\u00e8 Jazz Granollers Festival \/ Casino, 2026-02-27 \/ Granollers -Barcelona-) [II] Por Joan Cort\u00e8s [INSTANTZZ AKA Galer\u00eda fotogr\u00e1fica AKA Fotoblog de jazz, impro\u2026 y algo m\u00e1s] - Tomajazz - Alba Careta Group \u201cPanical\u201d actu\u00f3 en el 36\u00e8 Jazz Granollers Festival, el 27 de febrero de 2026. Joan Cort\u00e8s lo retrata en INSTANTZZ. Alba Careta Group \u201cPanical\u201d son Alba Careta, Lucas Mart\u00ednez, Roger Santacana, Giuseppe Campisi, Jordi Pallar\u00e9s\n","src":"https:\/\/i0.wp.com\/tomajazz.com\/web\/wp-content\/uploads\/2026\/04\/destacada-03-lb-Crt-Grp-Photo-by-Joan-Cortes-27fbr26-36JGF-CG-CR-Grnllrs.jpg?resize=350%2C200&ssl=1","width":350,"height":200,"srcset":"https:\/\/i0.wp.com\/tomajazz.com\/web\/wp-content\/uploads\/2026\/04\/destacada-03-lb-Crt-Grp-Photo-by-Joan-Cortes-27fbr26-36JGF-CG-CR-Grnllrs.jpg?resize=350%2C200&ssl=1 1x, https:\/\/i0.wp.com\/tomajazz.com\/web\/wp-content\/uploads\/2026\/04\/destacada-03-lb-Crt-Grp-Photo-by-Joan-Cortes-27fbr26-36JGF-CG-CR-Grnllrs.jpg?resize=525%2C300&ssl=1 1.5x"},"classes":[]}],"_links":{"self":[{"href":"https:\/\/tomajazz.com\/web\/wp-json\/wp\/v2\/posts\/30410","targetHints":{"allow":["GET"]}}],"collection":[{"href":"https:\/\/tomajazz.com\/web\/wp-json\/wp\/v2\/posts"}],"about":[{"href":"https:\/\/tomajazz.com\/web\/wp-json\/wp\/v2\/types\/post"}],"author":[{"embeddable":true,"href":"https:\/\/tomajazz.com\/web\/wp-json\/wp\/v2\/users\/1"}],"replies":[{"embeddable":true,"href":"https:\/\/tomajazz.com\/web\/wp-json\/wp\/v2\/comments?post=30410"}],"version-history":[{"count":1,"href":"https:\/\/tomajazz.com\/web\/wp-json\/wp\/v2\/posts\/30410\/revisions"}],"predecessor-version":[{"id":30420,"href":"https:\/\/tomajazz.com\/web\/wp-json\/wp\/v2\/posts\/30410\/revisions\/30420"}],"wp:featuredmedia":[{"embeddable":true,"href":"https:\/\/tomajazz.com\/web\/wp-json\/wp\/v2\/media\/30416"}],"wp:attachment":[{"href":"https:\/\/tomajazz.com\/web\/wp-json\/wp\/v2\/media?parent=30410"}],"wp:term":[{"taxonomy":"category","embeddable":true,"href":"https:\/\/tomajazz.com\/web\/wp-json\/wp\/v2\/categories?post=30410"},{"taxonomy":"post_tag","embeddable":true,"href":"https:\/\/tomajazz.com\/web\/wp-json\/wp\/v2\/tags?post=30410"}],"curies":[{"name":"wp","href":"https:\/\/api.w.org\/{rel}","templated":true}]}}