{"id":30605,"date":"2017-05-18T12:00:28","date_gmt":"2017-05-18T10:00:28","guid":{"rendered":"http:\/\/www.tomajazz.com\/web\/?p=30605"},"modified":"2017-12-29T21:35:19","modified_gmt":"2017-12-29T20:35:19","slug":"365-razones-para-amar-el-jazz-un-disco-deer-wan-kenny-wheeler-138","status":"publish","type":"post","link":"https:\/\/tomajazz.com\/web\/365-razones-para-amar-el-jazz-un-disco-deer-wan-kenny-wheeler-138\/","title":{"rendered":"365 razones para amar el jazz: un disco. Deer Wan (Kenny Wheeler) [138]"},"content":{"rendered":"<p><img loading=\"lazy\" decoding=\"async\" class=\"alignleft wp-image-30606 size-medium\" src=\"http:\/\/www.tomajazz.com\/web\/wp-content\/uploads\/2017\/05\/Kenny-Wheeler_Deer-Wan_ECM-200x202.jpg\" alt=\"\" width=\"200\" height=\"202\" title=\"\" srcset=\"https:\/\/tomajazz.com\/web\/wp-content\/uploads\/2017\/05\/Kenny-Wheeler_Deer-Wan_ECM-200x202.jpg 200w, https:\/\/tomajazz.com\/web\/wp-content\/uploads\/2017\/05\/Kenny-Wheeler_Deer-Wan_ECM-594x600.jpg 594w, https:\/\/tomajazz.com\/web\/wp-content\/uploads\/2017\/05\/Kenny-Wheeler_Deer-Wan_ECM-54x55.jpg 54w, https:\/\/tomajazz.com\/web\/wp-content\/uploads\/2017\/05\/Kenny-Wheeler_Deer-Wan_ECM-50x50.jpg 50w, https:\/\/tomajazz.com\/web\/wp-content\/uploads\/2017\/05\/Kenny-Wheeler_Deer-Wan_ECM.jpg 643w\" sizes=\"auto, (max-width: 200px) 100vw, 200px\" \/>Un disco. <strong>Kenny Wheeler<\/strong>: <em>Deer Wan<\/em> (ECM, 1977)<\/p>\n<p>Seleccionado por <strong>Enrique Farelo<\/strong><\/p>\n<p>Con <strong>Kenny<\/strong> <strong>Wheeler<\/strong>, <strong>Jan<\/strong> <strong>Garbarek<\/strong>, <strong>John<\/strong> <strong>Abercrombie<\/strong>, <strong>Dave<\/strong> <strong>Holland<\/strong>, <strong>Jack<\/strong> <strong>DeJohnette<\/strong>, <strong>Ralph<\/strong> <strong>Towner365 razones para amar el jazz: un disco. Deer Wan (Kenny Wheeler) [138]<\/strong><\/p>\n","protected":false},"excerpt":{"rendered":"<p>Un disco. Kenny Wheeler: Deer Wan (ECM, 1977) Seleccionado por Enrique Farelo Con Kenny Wheeler, Jan Garbarek, John Abercrombie, Dave Holland, Jack DeJohnette, Ralph Towner365 razones para amar el jazz: un disco. Deer Wan (Kenny Wheeler) [138]<span class=\"more-link\"><a href=\"https:\/\/tomajazz.com\/web\/365-razones-para-amar-el-jazz-un-disco-deer-wan-kenny-wheeler-138\/\">Contin\u00faa leyendo<\/a><\/span><\/p>\n","protected":false},"author":1,"featured_media":30606,"comment_status":"open","ping_status":"closed","sticky":false,"template":"","format":"standard","meta":{"jetpack_post_was_ever_published":false,"_jetpack_newsletter_access":"","_jetpack_dont_email_post_to_subs":false,"_jetpack_newsletter_tier_id":0,"_jetpack_memberships_contains_paywalled_content":false,"_jetpack_memberships_contains_paid_content":false,"footnotes":""},"categories":[17848,18155,20689,15517,1038],"tags":[18715,18716,18165,18719,7148,1663,304,4796,54,13,12415,15295,18720,18717,421,6212,15710,18718,8983,16099,77,16100],"class_list":["entry","author-pachi","post-30605","post","type-post","status-publish","format-standard","has-post-thumbnail","category-enrique-farelo","category-365-razones-para-amar-el-jazz","category-razones-para-el-jazz","category-textos","category-contenidos","tag-100-anos-de-jazz","tag-100-anos-de-la-primera-grabacion-de-jazz","tag-365-razones-para-amar-el-jazz","tag-cien-anos-de-grabaciones-de-jazz","tag-dave-holland","tag-ecm","tag-enrique-farelo","tag-jack-dejohnette","tag-jan-garbarek","tag-jazz","tag-jazz-en-espana","tag-jazz-en-espanol","tag-jazz100","tag-jazzrecords100","tag-john-abercrombie","tag-kenny-wheeler","tag-la-actualidad-del-jazz-en-espana","tag-primer-centenario-de-las-grabaciones-de-jazz","tag-ralph-towner","tag-toma-jazz","tag-tomajazz","tag-tomajazz-toma-jazz"],"jetpack_featured_media_url":"https:\/\/tomajazz.com\/web\/wp-content\/uploads\/2017\/05\/Kenny-Wheeler_Deer-Wan_ECM.jpg","jetpack_likes_enabled":true,"jetpack_sharing_enabled":true,"jetpack-related-posts":[{"id":55928,"url":"https:\/\/tomajazz.com\/web\/jazzx5220-kenny-wheeler-3-4-in-the-afternoon-deer-wan-1978-minipodcast-por-pachi-tapiz\/","url_meta":{"origin":30605,"position":0},"title":"JazzX5#220. Kenny Wheeler: \u00ab3\/4 In The Afternoon\u00bb [Deer Wan (1978)] [Minipodcast] Por Pachi Tapiz","author":"Tomajazz","date":"25 julio, 2021","format":false,"excerpt":"En JazzX5 un tema de Deer Wan, un disco cl\u00e1sico de la d\u00e9cada de los a\u00f1os 70.","rel":"","context":"En \u00ab*_Pachi Tapiz\u00bb","block_context":{"text":"*_Pachi Tapiz","link":"https:\/\/tomajazz.com\/web\/category\/pachi-tapiz\/"},"img":{"alt_text":"","src":"https:\/\/i0.wp.com\/tomajazz.com\/web\/wp-content\/uploads\/2021\/07\/JazzX5_220.jpg?resize=350%2C200&ssl=1","width":350,"height":200,"srcset":"https:\/\/i0.wp.com\/tomajazz.com\/web\/wp-content\/uploads\/2021\/07\/JazzX5_220.jpg?resize=350%2C200&ssl=1 1x, https:\/\/i0.wp.com\/tomajazz.com\/web\/wp-content\/uploads\/2021\/07\/JazzX5_220.jpg?resize=525%2C300&ssl=1 1.5x, https:\/\/i0.wp.com\/tomajazz.com\/web\/wp-content\/uploads\/2021\/07\/JazzX5_220.jpg?resize=700%2C400&ssl=1 2x"},"classes":[]},{"id":104979,"url":"https:\/\/tomajazz.com\/web\/dave-holland-vital-spark-2026\/","url_meta":{"origin":30605,"position":1},"title":"Dave Holland: Vital Spark (Music of Kenny Wheeler) (Edition Records, 2026) Por Carlos Lara [Grabaci\u00f3n de jazz]","author":"Tomajazz","date":"20 abril, 2026","format":false,"excerpt":"Vital Spark (Music of Kenny Wheeler) (Edition Records, 2026) es la nueva grabaci\u00f3n de Dave Holland. Carlos Lara repasa la grabaci\u00f3n. Con Norma Winstone, Mark Lockheart, John Parricelli, Nikki Iles, Dave Holland, James Maddren, The London Vocal Project","rel":"","context":"En \u00abGrabaciones...\u00bb","block_context":{"text":"Grabaciones...","link":"https:\/\/tomajazz.com\/web\/category\/contenidos\/textos\/grabaciones\/"},"img":{"alt_text":"Dave Holland: Vital Spark (Music of Kenny Wheeler) (Edition Records, 2026) Por Carlos Lara [Grabaci\u00f3n de jazz] - Tomajazz - Vital Spark (Music of Kenny Wheeler) (Edition Records, 2026) es la nueva grabaci\u00f3n de Dave Holland. Carlos Lara repasa la grabaci\u00f3n. Con Norma Winstone, Mark Lockheart, John Parricelli, Nikki Iles, Dave Holland, James Maddren, The London Vocal Project \n","src":"https:\/\/i0.wp.com\/tomajazz.com\/web\/wp-content\/uploads\/2026\/04\/Dave-Holland-Vital-Spark-Music-of-Kenny-Wheeler-Edition-Records-2026.jpg?resize=350%2C200&ssl=1","width":350,"height":200,"srcset":"https:\/\/i0.wp.com\/tomajazz.com\/web\/wp-content\/uploads\/2026\/04\/Dave-Holland-Vital-Spark-Music-of-Kenny-Wheeler-Edition-Records-2026.jpg?resize=350%2C200&ssl=1 1x, https:\/\/i0.wp.com\/tomajazz.com\/web\/wp-content\/uploads\/2026\/04\/Dave-Holland-Vital-Spark-Music-of-Kenny-Wheeler-Edition-Records-2026.jpg?resize=525%2C300&ssl=1 1.5x, https:\/\/i0.wp.com\/tomajazz.com\/web\/wp-content\/uploads\/2026\/04\/Dave-Holland-Vital-Spark-Music-of-Kenny-Wheeler-Edition-Records-2026.jpg?resize=700%2C400&ssl=1 2x"},"classes":[]},{"id":33067,"url":"https:\/\/tomajazz.com\/web\/365-razones-para-amar-el-jazz-unas-grabaciones-azimuth-the-touchstone-depart-azimuth-307\/","url_meta":{"origin":30605,"position":2},"title":"365 razones para amar el jazz: unas grabaciones. Azimuth \/ The Touchstone \/ D\u00e9part (Azimuth) [308]","author":"Tomajazz","date":"4 noviembre, 2017","format":false,"excerpt":"Unas grabaciones.\u00a0Azimuth:\u00a0Azimuth - The Touchstone - D\u00e9part\u00a0(ECM) Seleccionado por Enrique Farelo Azimuth:\u00a0John Taylor, Kenny Wheeler, Norma Winstone","rel":"","context":"En \u00ab*_Enrique Farelo\u00bb","block_context":{"text":"*_Enrique Farelo","link":"https:\/\/tomajazz.com\/web\/category\/enrique-farelo\/"},"img":{"alt_text":"","src":"https:\/\/i0.wp.com\/tomajazz.com\/web\/wp-content\/uploads\/2017\/11\/Azimuth_Azimuth_ECM-e1509748230977.png?resize=350%2C200&ssl=1","width":350,"height":200,"srcset":"https:\/\/i0.wp.com\/tomajazz.com\/web\/wp-content\/uploads\/2017\/11\/Azimuth_Azimuth_ECM-e1509748230977.png?resize=350%2C200&ssl=1 1x, https:\/\/i0.wp.com\/tomajazz.com\/web\/wp-content\/uploads\/2017\/11\/Azimuth_Azimuth_ECM-e1509748230977.png?resize=525%2C300&ssl=1 1.5x"},"classes":[]},{"id":29974,"url":"https:\/\/tomajazz.com\/web\/365-razones-para-amar-el-jazz-un-disco-solstice-ralph-towner-1975-92\/","url_meta":{"origin":30605,"position":3},"title":"365 razones para amar el jazz: un disco. Solstice (Ralph Towner, 1975) [93]","author":"Tomajazz","date":"3 abril, 2017","format":false,"excerpt":"Un disco.\u00a0Solstice\u00a0(Ralph Towner. ECM, 1975) Seleccionado por\u00a0Enrique Farelo Con Ralph Towner, Jan Garbarek, Eberhard Weber, Jon Christensen","rel":"","context":"En \u00ab*_Enrique Farelo\u00bb","block_context":{"text":"*_Enrique Farelo","link":"https:\/\/tomajazz.com\/web\/category\/enrique-farelo\/"},"img":{"alt_text":"","src":"https:\/\/i0.wp.com\/tomajazz.com\/web\/wp-content\/uploads\/2017\/03\/Ralph-Towner_Solstice_ECM.jpg?resize=350%2C200&ssl=1","width":350,"height":200},"classes":[]},{"id":30068,"url":"https:\/\/tomajazz.com\/web\/365-razones-para-amar-el-jazz-un-disco-five-pieces-1975-anthony-braxton-1975-100\/","url_meta":{"origin":30605,"position":4},"title":"365 razones para amar el jazz: un disco. Five Pieces 1975 (Anthony Braxton, 1975) [100]","author":"Tomajazz","date":"10 abril, 2017","format":false,"excerpt":"Un disco.\u00a0Anthony Braxton:\u00a0Five Pieces 1975\u00a0(Arista, 1975) Seleccionado por\u00a0Diego S\u00e1nchez Cascado Con Anthony Braxton, Kenny Wheeler, Dave Holland, Barry Altschul.","rel":"","context":"En \u00ab*_Diego S\u00e1nchez Cascado\u00bb","block_context":{"text":"*_Diego S\u00e1nchez Cascado","link":"https:\/\/tomajazz.com\/web\/category\/diego-sanchez-cascado\/"},"img":{"alt_text":"","src":"https:\/\/i0.wp.com\/tomajazz.com\/web\/wp-content\/uploads\/2017\/04\/Anthony-Braxton_Five-Pieces-1975_Arista_1975.jpg?resize=350%2C200&ssl=1","width":350,"height":200,"srcset":"https:\/\/i0.wp.com\/tomajazz.com\/web\/wp-content\/uploads\/2017\/04\/Anthony-Braxton_Five-Pieces-1975_Arista_1975.jpg?resize=350%2C200&ssl=1 1x, https:\/\/i0.wp.com\/tomajazz.com\/web\/wp-content\/uploads\/2017\/04\/Anthony-Braxton_Five-Pieces-1975_Arista_1975.jpg?resize=525%2C300&ssl=1 1.5x"},"classes":[]},{"id":33363,"url":"https:\/\/tomajazz.com\/web\/365-razones-para-amar-el-jazz-una-grabacion-rambler-bill-frisell-320\/","url_meta":{"origin":30605,"position":5},"title":"365 razones para amar el jazz: una grabaci\u00f3n. Rambler (Bill Frisell) [321]","author":"Tomajazz","date":"17 noviembre, 2017","format":false,"excerpt":"Una grabaci\u00f3n.\u00a0Bill Frisell:\u00a0Rambler\u00a0(ECM, 1985) Seleccionado por\u00a0Enrique Farelo Con\u00a0Bill Frisel, Kenny Wheeler, Bob Stewart, Jerome Harris, Paul Motian","rel":"","context":"En \u00ab*_Enrique Farelo\u00bb","block_context":{"text":"*_Enrique Farelo","link":"https:\/\/tomajazz.com\/web\/category\/enrique-farelo\/"},"img":{"alt_text":"","src":"https:\/\/i0.wp.com\/tomajazz.com\/web\/wp-content\/uploads\/2017\/11\/Bill-Frisell_Rambler_ECM_1985.png?resize=350%2C200&ssl=1","width":350,"height":200,"srcset":"https:\/\/i0.wp.com\/tomajazz.com\/web\/wp-content\/uploads\/2017\/11\/Bill-Frisell_Rambler_ECM_1985.png?resize=350%2C200&ssl=1 1x, https:\/\/i0.wp.com\/tomajazz.com\/web\/wp-content\/uploads\/2017\/11\/Bill-Frisell_Rambler_ECM_1985.png?resize=525%2C300&ssl=1 1.5x, https:\/\/i0.wp.com\/tomajazz.com\/web\/wp-content\/uploads\/2017\/11\/Bill-Frisell_Rambler_ECM_1985.png?resize=700%2C400&ssl=1 2x"},"classes":[]}],"_links":{"self":[{"href":"https:\/\/tomajazz.com\/web\/wp-json\/wp\/v2\/posts\/30605","targetHints":{"allow":["GET"]}}],"collection":[{"href":"https:\/\/tomajazz.com\/web\/wp-json\/wp\/v2\/posts"}],"about":[{"href":"https:\/\/tomajazz.com\/web\/wp-json\/wp\/v2\/types\/post"}],"author":[{"embeddable":true,"href":"https:\/\/tomajazz.com\/web\/wp-json\/wp\/v2\/users\/1"}],"replies":[{"embeddable":true,"href":"https:\/\/tomajazz.com\/web\/wp-json\/wp\/v2\/comments?post=30605"}],"version-history":[{"count":1,"href":"https:\/\/tomajazz.com\/web\/wp-json\/wp\/v2\/posts\/30605\/revisions"}],"predecessor-version":[{"id":30607,"href":"https:\/\/tomajazz.com\/web\/wp-json\/wp\/v2\/posts\/30605\/revisions\/30607"}],"wp:featuredmedia":[{"embeddable":true,"href":"https:\/\/tomajazz.com\/web\/wp-json\/wp\/v2\/media\/30606"}],"wp:attachment":[{"href":"https:\/\/tomajazz.com\/web\/wp-json\/wp\/v2\/media?parent=30605"}],"wp:term":[{"taxonomy":"category","embeddable":true,"href":"https:\/\/tomajazz.com\/web\/wp-json\/wp\/v2\/categories?post=30605"},{"taxonomy":"post_tag","embeddable":true,"href":"https:\/\/tomajazz.com\/web\/wp-json\/wp\/v2\/tags?post=30605"}],"curies":[{"name":"wp","href":"https:\/\/api.w.org\/{rel}","templated":true}]}}