{"id":30782,"date":"2017-06-05T11:03:46","date_gmt":"2017-06-05T09:03:46","guid":{"rendered":"http:\/\/www.tomajazz.com\/web\/?p=30782"},"modified":"2021-07-18T14:18:58","modified_gmt":"2021-07-18T12:18:58","slug":"41-festival-de-jazz-de-vitoria-gasteiz-11-al-15-de-julio-de-2017-noticias","status":"publish","type":"post","link":"https:\/\/tomajazz.com\/web\/41-festival-de-jazz-de-vitoria-gasteiz-11-al-15-de-julio-de-2017-noticias\/","title":{"rendered":"41 Festival de Jazz de Vitoria \u2013 Gasteiz (11 al 15 de julio de 2017) [Noticias]"},"content":{"rendered":"<p style=\"text-align: center;\"><img loading=\"lazy\" decoding=\"async\" class=\"aligncenter size-large wp-image-30783\" src=\"http:\/\/www.tomajazz.com\/web\/wp-content\/uploads\/2017\/06\/41-Festival-Jazz-Vitoria-Gasteiz-600x269.jpg\" alt=\"\" width=\"600\" height=\"269\" title=\"\" srcset=\"https:\/\/tomajazz.com\/web\/wp-content\/uploads\/2017\/06\/41-Festival-Jazz-Vitoria-Gasteiz-600x269.jpg 600w, https:\/\/tomajazz.com\/web\/wp-content\/uploads\/2017\/06\/41-Festival-Jazz-Vitoria-Gasteiz-200x90.jpg 200w, https:\/\/tomajazz.com\/web\/wp-content\/uploads\/2017\/06\/41-Festival-Jazz-Vitoria-Gasteiz-768x344.jpg 768w, https:\/\/tomajazz.com\/web\/wp-content\/uploads\/2017\/06\/41-Festival-Jazz-Vitoria-Gasteiz-123x55.jpg 123w, https:\/\/tomajazz.com\/web\/wp-content\/uploads\/2017\/06\/41-Festival-Jazz-Vitoria-Gasteiz.jpg 1185w\" sizes=\"auto, (max-width: 600px) 100vw, 600px\" \/><\/p>\n<p>41 Festival de Jazz de Vitoria \u2013 Gasteiz<br \/>\nVitoria \u2013 Gasteiz. Del 11 al 15 de julio de 2017<\/p>\n<p>11 de Julio, martes\u00a0 20:30<\/p>\n<ul>\n<li>Concierto de Gospel<\/li>\n<li>The Brown Sisters<\/li>\n<li>Konexioa: Hasier Oleaga Trio + Jorge Rossy<\/li>\n<\/ul>\n<p>12 de Julio, mi\u00e9rcoles\u00a0 21:00<\/p>\n<ul>\n<li>Larry Carlton<\/li>\n<li>Stanley Clarke Quartet<\/li>\n<li>Harold L\u00f3pez Nussa Trio<\/li>\n<\/ul>\n<p>13 de Julio, jueves 21:00<\/p>\n<ul>\n<li>Homenaje A Thelonious Monk. Monk by 4 by Kenny Barron, Cyrus Chestnut, Benny Green &amp; Eric Reed<\/li>\n<li>TS Monk Sextet Con Nnenna Freelon<\/li>\n<li>Joel Ross con Raynald Colom Quartet<\/li>\n<\/ul>\n<p>14 de Julio, viernes 21:00<\/p>\n<ul>\n<li>Jean Luc Ponty, Bir\u00e9li Lagr\u00e8ne &amp; Kyle Eastwood<\/li>\n<li>Patti Austin \u201cFor Ella\u201d<\/li>\n<li>Linda May Han Oh<\/li>\n<\/ul>\n<p>15 de Julio, s\u00e1bado 21:00<\/p>\n<ul>\n<li>Woman To Woman<\/li>\n<li>Rub\u00e9n Blades Con La Orquesta De Roberto Delgado Gira \u201cCaminando, Adios y Gracias\u201d<\/li>\n<li>Theo Croker \u00abESCAPE Velocity\u00bb<\/li>\n<\/ul>\n<p>Toda la informaci\u00f3n en <a href=\"https:\/\/www.jazzvitoria.com\/\" target=\"_blank\" rel=\"noopener noreferrer\">https:\/\/www.jazzvitoria.com\/<\/a><\/p>\n","protected":false},"excerpt":{"rendered":"<p>41 Festival de Jazz de Vitoria \u2013 Gasteiz Vitoria \u2013 Gasteiz. Del 11 al 15 de julio de 2017 11 de Julio, martes\u00a0 20:30 Concierto de Gospel The Brown Sisters Konexioa: Hasier Oleaga Trio + Jorge Rossy 12 de Julio, mi\u00e9rcoles\u00a0 21:00 Larry Carlton Stanley Clarke Quartet Harold L\u00f3pez Nussa<span class=\"more-link\"><a href=\"https:\/\/tomajazz.com\/web\/41-festival-de-jazz-de-vitoria-gasteiz-11-al-15-de-julio-de-2017-noticias\/\">Contin\u00faa leyendo<\/a><\/span><\/p>\n","protected":false},"author":1,"featured_media":30783,"comment_status":"open","ping_status":"closed","sticky":false,"template":"","format":"standard","meta":{"_jetpack_newsletter_access":"","_jetpack_dont_email_post_to_subs":false,"_jetpack_newsletter_tier_id":0,"_jetpack_memberships_contains_paywalled_content":false,"_jetpack_feature_clip_id":0,"_jetpack_memberships_contains_paid_content":false,"footnotes":"","jetpack_post_was_ever_published":false},"categories":[17858,19584,15795,1038],"tags":[19577,15299,15607,19578,15608,13571,15609,19583,19582,13,12415,15295,15297,15710,11856,15296,15298,16099,77,16100],"class_list":["entry","author-pachi","post-30782","post","type-post","status-publish","format-standard","has-post-thumbnail","category-redaccion","category-festivales-verano-2017","category-noticias-2","category-contenidos","tag-41-festival-de-jazz-de-vitoria-gasteiz","tag-espana-en-jazz","tag-festival-de-jazz","tag-festival-de-jazz-de-vitoria-gasteiz","tag-festival-de-jazz-en-espana","tag-festivales-de-jazz","tag-festivales-de-jazz-en-espana","tag-festivales-de-jazz-verano","tag-festivales-de-jazz-verano-2017","tag-jazz","tag-jazz-en-espana","tag-jazz-en-espanol","tag-jazz-news","tag-la-actualidad-del-jazz-en-espana","tag-noticias","tag-noticias-de-jazz","tag-noticias-de-jazz-en-espana","tag-toma-jazz","tag-tomajazz","tag-tomajazz-toma-jazz"],"jetpack_likes_enabled":true,"jetpack_sharing_enabled":true,"jetpack-related-posts":[{"id":106468,"url":"https:\/\/tomajazz.com\/web\/amaro-freitas-trio-vitoria-2026\/","url_meta":{"origin":30782,"position":0},"title":"Amaro Freitas Tr\u00edo (49 Festival de Jazz de Vitoria-Gasteiz 2026. 2026-07-13) Por Jos\u00e9 Luis Luna Rocafort [INSTANTZZ AKA Galer\u00eda fotogr\u00e1fica AKA Fotoblog de jazz, impro\u2026 y algo m\u00e1s]","author":"Tomajazz","date":"14 agosto, 2026","format":false,"excerpt":"Amaro Freitas Tr\u00edo actu\u00f3 en el 49 Festival de Jazz de Vitoria-Gasteiz 2026, el 13 de julio de 2026. Jos\u00e9 Luis Luna Rocafort lo retrata en INSTANTZZ. Actuaron Amaro Freitas, Sidiel Vieira, Rodrigo Digao Brez","rel":"","context":"En \u00ab*_Jos\u00e9 Luis Luna Rocafort\u00bb","block_context":{"text":"*_Jos\u00e9 Luis Luna Rocafort","link":"https:\/\/tomajazz.com\/web\/category\/jose-luis-luna-rocafort\/"},"img":{"alt_text":"Amaro Freitas Tr\u00edo (49 Festival de Jazz de Vitoria-Gasteiz 2026. 2026-07-13) Por Jos\u00e9 Luis Luna Rocafort [INSTANTZZ AKA Galer\u00eda fotogr\u00e1fica AKA Fotoblog de jazz, impro\u2026 y algo m\u00e1s] - Tomajazz - Amaro Freitas Tr\u00edo actu\u00f3 en el 49 Festival de Jazz de Vitoria-Gasteiz 2026, el 13 de julio de 2026. Jos\u00e9 Luis Luna Rocafort lo retrata en INSTANTZZ. Actuaron Amaro Freitas, Sidiel Vieira, Rodrigo Digao Brez","src":"https:\/\/i0.wp.com\/tomajazz.com\/web\/wp-content\/uploads\/2026\/08\/020-3.jpg?resize=350%2C200&ssl=1","width":350,"height":200,"srcset":"https:\/\/i0.wp.com\/tomajazz.com\/web\/wp-content\/uploads\/2026\/08\/020-3.jpg?resize=350%2C200&ssl=1 1x, https:\/\/i0.wp.com\/tomajazz.com\/web\/wp-content\/uploads\/2026\/08\/020-3.jpg?resize=525%2C300&ssl=1 1.5x"},"classes":[]},{"id":106797,"url":"https:\/\/tomajazz.com\/web\/gasteiz-big-band-vitoria-2026\/","url_meta":{"origin":30782,"position":1},"title":"Gasteiz Big Band (49 Festival de Jazz de Vitoria-Gasteiz 2026. 2026-07-11) Por Jos\u00e9 Luis Luna Rocafort [INSTANTZZ AKA Galer\u00eda fotogr\u00e1fica AKA Fotoblog de jazz, impro\u2026 y algo m\u00e1s]","author":"Tomajazz","date":"27 agosto, 2026","format":false,"excerpt":"Gasteiz Big Band actu\u00f3 en el 49 Festival de Jazz de Vitoria-Gasteiz 2026. Jos\u00e9 Luis Luna Rocafort lo retrata en INSTANTZZ","rel":"","context":"En \u00ab49 Festival de Jazz de Vitoria-Gasteiz 2026\u00bb","block_context":{"text":"49 Festival de Jazz de Vitoria-Gasteiz 2026","link":"https:\/\/tomajazz.com\/web\/category\/contenidos\/especial-contenidos\/49-festival-de-jazz-de-vitoria-gasteiz-2026\/"},"img":{"alt_text":"Gasteiz Big Band (49 Festival de Jazz de Vitoria-Gasteiz 2026. 2026-07-11) Por Jos\u00e9 Luis Luna Rocafort [INSTANTZZ AKA Galer\u00eda fotogr\u00e1fica AKA Fotoblog de jazz, impro\u2026 y algo m\u00e1s] - Tomajazz - Gasteiz Big Band actu\u00f3 en el 49 Festival de Jazz de Vitoria-Gasteiz 2026. Jos\u00e9 Luis Luna Rocafort lo retrata en INSTANTZZ","src":"https:\/\/i0.wp.com\/tomajazz.com\/web\/wp-content\/uploads\/2026\/08\/014-12.jpg?resize=350%2C200&ssl=1","width":350,"height":200,"srcset":"https:\/\/i0.wp.com\/tomajazz.com\/web\/wp-content\/uploads\/2026\/08\/014-12.jpg?resize=350%2C200&ssl=1 1x, https:\/\/i0.wp.com\/tomajazz.com\/web\/wp-content\/uploads\/2026\/08\/014-12.jpg?resize=525%2C300&ssl=1 1.5x"},"classes":[]},{"id":106737,"url":"https:\/\/tomajazz.com\/web\/new-jazz-underground-vitoria-2026\/","url_meta":{"origin":30782,"position":2},"title":"New Jazz Underground (49 Festival de Jazz de Vitoria-Gasteiz 2026. 2026-07-14) Por Jos\u00e9 Luis Luna Rocafort [INSTANTZZ AKA Galer\u00eda fotogr\u00e1fica AKA Fotoblog de jazz, impro\u2026 y algo m\u00e1s]","author":"Tomajazz","date":"25 agosto, 2026","format":false,"excerpt":"New Jazz Underground actu\u00f3 en el 49 Festival de Jazz de Vitoria-Gasteiz 2026. Jos\u00e9 Luis Luna Rocafort lo retrata en INSTANTZZ. New Jazz Underground son Abdias Armenteros, Sebastian R\u00edos, TJ Reddick","rel":"","context":"En \u00ab49 Festival de Jazz de Vitoria-Gasteiz 2026\u00bb","block_context":{"text":"49 Festival de Jazz de Vitoria-Gasteiz 2026","link":"https:\/\/tomajazz.com\/web\/category\/contenidos\/especial-contenidos\/49-festival-de-jazz-de-vitoria-gasteiz-2026\/"},"img":{"alt_text":"New Jazz Underground (49 Festival de Jazz de Vitoria-Gasteiz 2026. 2026-07-14) Por Jos\u00e9 Luis Luna Rocafort [INSTANTZZ AKA Galer\u00eda fotogr\u00e1fica AKA Fotoblog de jazz, impro\u2026 y algo m\u00e1s] - Tomajazz - New Jazz Underground actu\u00f3 en el 49 Festival de Jazz de Vitoria-Gasteiz 2026. Jos\u00e9 Luis Luna Rocafort lo retrata en INSTANTZZ. New Jazz Underground son Abdias Armenteros, Sebastian R\u00edos, TJ Reddick","src":"https:\/\/i0.wp.com\/tomajazz.com\/web\/wp-content\/uploads\/2026\/08\/010-12.jpg?resize=350%2C200&ssl=1","width":350,"height":200,"srcset":"https:\/\/i0.wp.com\/tomajazz.com\/web\/wp-content\/uploads\/2026\/08\/010-12.jpg?resize=350%2C200&ssl=1 1x, https:\/\/i0.wp.com\/tomajazz.com\/web\/wp-content\/uploads\/2026\/08\/010-12.jpg?resize=525%2C300&ssl=1 1.5x"},"classes":[]},{"id":106565,"url":"https:\/\/tomajazz.com\/web\/rupanco-vitoria-2026\/","url_meta":{"origin":30782,"position":3},"title":"Rupanco (49 Festival de Jazz de Vitoria-Gasteiz 2026. 2026-07-10) Por Jos\u00e9 Luis Luna Rocafort [INSTANTZZ AKA Galer\u00eda fotogr\u00e1fica AKA Fotoblog de jazz, impro\u2026 y algo m\u00e1s]","author":"Tomajazz","date":"18 agosto, 2026","format":false,"excerpt":"Rupanco actu\u00f3 en el 49 Festival de Jazz de Vitoria-Gasteiz 2026. Jos\u00e9 Luis Luna Rocafort lo retrata en INSTANTZZ. Rupanco son Agust\u00edn Chaves, Jon G. Labat, Jorge S\u00e1nchez, Aritza Castro, Aimar Palacios","rel":"","context":"En \u00ab49 Festival de Jazz de Vitoria-Gasteiz 2026\u00bb","block_context":{"text":"49 Festival de Jazz de Vitoria-Gasteiz 2026","link":"https:\/\/tomajazz.com\/web\/category\/contenidos\/especial-contenidos\/49-festival-de-jazz-de-vitoria-gasteiz-2026\/"},"img":{"alt_text":"Rupanco (49 Festival de Jazz de Vitoria-Gasteiz 2026. 2026-07-08) Por Jos\u00e9 Luis Luna Rocafort [INSTANTZZ AKA Galer\u00eda fotogr\u00e1fica AKA Fotoblog de jazz, impro\u2026 y algo m\u00e1s] - Tomajazz - Rupanco actu\u00f3 en el 49 Festival de Jazz de Vitoria-Gasteiz 2026. Jos\u00e9 Luis Luna Rocafort lo retrata en INSTANTZZ. Rupanco son Agust\u00edn Chaves, Jon G. Labat, Jorge S\u00e1nchez, Aritza Castro, Aimar Palacios","src":"https:\/\/i0.wp.com\/tomajazz.com\/web\/wp-content\/uploads\/2026\/08\/002-7.jpg?resize=350%2C200&ssl=1","width":350,"height":200,"srcset":"https:\/\/i0.wp.com\/tomajazz.com\/web\/wp-content\/uploads\/2026\/08\/002-7.jpg?resize=350%2C200&ssl=1 1x, https:\/\/i0.wp.com\/tomajazz.com\/web\/wp-content\/uploads\/2026\/08\/002-7.jpg?resize=525%2C300&ssl=1 1.5x"},"classes":[]},{"id":85944,"url":"https:\/\/tomajazz.com\/web\/47-festival-de-jazz-de-vitoria-gasteiz-2024\/","url_meta":{"origin":30782,"position":4},"title":"47 Festival de Jazz de Vitoria Gasteiz 2024 (Vitoria. 15 al 20 de julio de 2024) [Noticias de jazz]","author":"Tomajazz","date":"26 abril, 2024","format":false,"excerpt":"Entre el 15 y el 20 de julio de 2024 tendr\u00e1 lugar en Vitoria (\u00c1lava), el 47 Festival de Jazz de Vitoria Gasteiz 2024. #Ciclodejazz #FestivalDeJazz #Festivalesdejazz #Noticiasdejazz","rel":"","context":"En \u00ab47 Festival de Jazz de Vitoria Gasteiz 2024\u00bb","block_context":{"text":"47 Festival de Jazz de Vitoria Gasteiz 2024","link":"https:\/\/tomajazz.com\/web\/category\/contenidos\/especial-contenidos\/47-festival-de-jazz-de-vitoria-gasteiz-2024\/"},"img":{"alt_text":"47 Festival de Jazz de Vitoria - Gasteiz 2024 (Vitoria. 15 al 20 de julio de 2024) [Noticias de jazz] - Tomajazz - Entre el 15 y el 20 de julio de 2024 tendr\u00e1 lugar en Vitoria (\u00c1lava), el 47 Festival de Jazz de Vitoria - Gasteiz 2024. #Ciclodejazz #FestivalDeJazz #Festivalesdejazz #Noticiasdejazz","src":"https:\/\/i0.wp.com\/tomajazz.com\/web\/wp-content\/uploads\/2024\/04\/47-Festival-de-Jazz-de-Vitoria-Gasteiz-2024-Tomajazz-Noticias.jpg?resize=350%2C200&ssl=1","width":350,"height":200,"srcset":"https:\/\/i0.wp.com\/tomajazz.com\/web\/wp-content\/uploads\/2024\/04\/47-Festival-de-Jazz-de-Vitoria-Gasteiz-2024-Tomajazz-Noticias.jpg?resize=350%2C200&ssl=1 1x, https:\/\/i0.wp.com\/tomajazz.com\/web\/wp-content\/uploads\/2024\/04\/47-Festival-de-Jazz-de-Vitoria-Gasteiz-2024-Tomajazz-Noticias.jpg?resize=525%2C300&ssl=1 1.5x, https:\/\/i0.wp.com\/tomajazz.com\/web\/wp-content\/uploads\/2024\/04\/47-Festival-de-Jazz-de-Vitoria-Gasteiz-2024-Tomajazz-Noticias.jpg?resize=700%2C400&ssl=1 2x"},"classes":[]},{"id":73736,"url":"https:\/\/tomajazz.com\/web\/46-festival-de-jazz-de-vitoria-gasteiz-2023\/","url_meta":{"origin":30782,"position":5},"title":"46 Festival de Jazz de Vitoria Gasteiz 2023 ( Vitoria &#8211; Gasteiz, \u00c1lava. 3 al 8 de julio de 2023) [Noticias de jazz]","author":"Tomajazz","date":"8 mayo, 2023","format":false,"excerpt":"Entre el 3 y el 8 de julio de 2023 tendr\u00e1 lugar el 46 Festival de Jazz de Vitoria - Gasteiz 2023. Brad Mehldau Trio, The Bad Plus o Maria Schneider & Oslo Jazz Ensemble dirigiendo un encargo del Festival a Baldo Martinez son algunos de los artistas que actuar\u00e1n\u2026","rel":"","context":"En \u00abNoticias\u00bb","block_context":{"text":"Noticias","link":"https:\/\/tomajazz.com\/web\/category\/contenidos\/noticias-2\/"},"img":{"alt_text":"46 Festival de Jazz de Vitoria - Gasteiz 2023 ( Vitoria - Gasteiz, \u00c1lava. 3 al 8 de julio de 2023) [Noticias de jazz] - Tomajazz 9.0 - Entre el 3 y el 8 de julio de 2023 tendr\u00e1 lugar el 46 Festival de Jazz de Vitoria - Gasteiz 2023. Brad Mehldau Trio, The Bad Plus o Maria Schneider & Oslo Jazz Ensemble dirigiendo un encargo del Festival a Baldo Martinez son algunos de los artistas que actuar\u00e1n en esta edici\u00f3n.","src":"https:\/\/i0.wp.com\/tomajazz.com\/web\/wp-content\/uploads\/2023\/05\/46-Festival-de-Jazz-de-Vitoria-Gasteiz-2023-Tomajazz-news.jpg?resize=350%2C200&ssl=1","width":350,"height":200,"srcset":"https:\/\/i0.wp.com\/tomajazz.com\/web\/wp-content\/uploads\/2023\/05\/46-Festival-de-Jazz-de-Vitoria-Gasteiz-2023-Tomajazz-news.jpg?resize=350%2C200&ssl=1 1x, https:\/\/i0.wp.com\/tomajazz.com\/web\/wp-content\/uploads\/2023\/05\/46-Festival-de-Jazz-de-Vitoria-Gasteiz-2023-Tomajazz-news.jpg?resize=525%2C300&ssl=1 1.5x"},"classes":[]}],"jetpack_featured_media_url":"https:\/\/tomajazz.com\/web\/wp-content\/uploads\/2017\/06\/41-Festival-Jazz-Vitoria-Gasteiz.jpg","_links":{"self":[{"href":"https:\/\/tomajazz.com\/web\/wp-json\/wp\/v2\/posts\/30782","targetHints":{"allow":["GET"]}}],"collection":[{"href":"https:\/\/tomajazz.com\/web\/wp-json\/wp\/v2\/posts"}],"about":[{"href":"https:\/\/tomajazz.com\/web\/wp-json\/wp\/v2\/types\/post"}],"author":[{"embeddable":true,"href":"https:\/\/tomajazz.com\/web\/wp-json\/wp\/v2\/users\/1"}],"replies":[{"embeddable":true,"href":"https:\/\/tomajazz.com\/web\/wp-json\/wp\/v2\/comments?post=30782"}],"version-history":[{"count":1,"href":"https:\/\/tomajazz.com\/web\/wp-json\/wp\/v2\/posts\/30782\/revisions"}],"predecessor-version":[{"id":30784,"href":"https:\/\/tomajazz.com\/web\/wp-json\/wp\/v2\/posts\/30782\/revisions\/30784"}],"wp:featuredmedia":[{"embeddable":true,"href":"https:\/\/tomajazz.com\/web\/wp-json\/wp\/v2\/media\/30783"}],"wp:attachment":[{"href":"https:\/\/tomajazz.com\/web\/wp-json\/wp\/v2\/media?parent=30782"}],"wp:term":[{"taxonomy":"category","embeddable":true,"href":"https:\/\/tomajazz.com\/web\/wp-json\/wp\/v2\/categories?post=30782"},{"taxonomy":"post_tag","embeddable":true,"href":"https:\/\/tomajazz.com\/web\/wp-json\/wp\/v2\/tags?post=30782"}],"curies":[{"name":"wp","href":"https:\/\/api.w.org\/{rel}","templated":true}]}}