{"id":30936,"date":"2017-06-16T11:00:42","date_gmt":"2017-06-16T09:00:42","guid":{"rendered":"http:\/\/www.tomajazz.com\/web\/?p=30936"},"modified":"2017-06-09T20:44:48","modified_gmt":"2017-06-09T18:44:48","slug":"instantzz-piccola-orchestra-gagarin-vostok-sala-la-2-de-apolo-barcelona-2017-05-02-galeria-fotografica","status":"publish","type":"post","link":"https:\/\/tomajazz.com\/web\/instantzz-piccola-orchestra-gagarin-vostok-sala-la-2-de-apolo-barcelona-2017-05-02-galeria-fotografica\/","title":{"rendered":"INSTANTZZ: Piccola Orchestra Gagarin \u201cVostok\u201d (Sala la [2] de Apolo,  Barcelona. 2017-05-02) [Galer\u00eda fotogr\u00e1fica]"},"content":{"rendered":"<ul>\n<li>Fecha: Martes, 02 de mayo de 2017<\/li>\n<li>Lugar: Sala la [2] de Apolo<\/li>\n<li>Grupo:<br \/>\n<strong>Piccola Orchestra Gagarin \u201cVostok\u201d<br \/>\n<\/strong>Paolo Angeli, guitarra sarda preparada y voz<br \/>\nSasha Agranov, violoncelo y voz<br \/>\nOriol Roca, bater\u00eda, percusi\u00f3n y objetos<\/li>\n<\/ul>\n<p style=\"text-align: center;\"><img loading=\"lazy\" decoding=\"async\" class=\"aligncenter size-large wp-image-30937\" src=\"http:\/\/www.tomajazz.com\/web\/wp-content\/uploads\/2017\/06\/01_Pccl-rchstr-Ggrn-\u00a9Joan-Cort\u00e8s_02mai17_l2dpl_Brcln-399x600.jpg\" alt=\"\" width=\"399\" height=\"600\" title=\"\" srcset=\"https:\/\/tomajazz.com\/web\/wp-content\/uploads\/2017\/06\/01_Pccl-rchstr-Ggrn-\u00a9Joan-Cort\u00e8s_02mai17_l2dpl_Brcln.jpg 399w, https:\/\/tomajazz.com\/web\/wp-content\/uploads\/2017\/06\/01_Pccl-rchstr-Ggrn-\u00a9Joan-Cort\u00e8s_02mai17_l2dpl_Brcln-200x300.jpg 200w, https:\/\/tomajazz.com\/web\/wp-content\/uploads\/2017\/06\/01_Pccl-rchstr-Ggrn-\u00a9Joan-Cort\u00e8s_02mai17_l2dpl_Brcln-37x55.jpg 37w\" sizes=\"auto, (max-width: 399px) 100vw, 399px\" \/><\/p>\n<p style=\"text-align: center;\"><img loading=\"lazy\" decoding=\"async\" class=\"aligncenter size-large wp-image-30938\" src=\"http:\/\/www.tomajazz.com\/web\/wp-content\/uploads\/2017\/06\/02_Pccl-rchstr-Ggrn-\u00a9Joan-Cort\u00e8s_02mai17_l2dpl_Brcln-600x399.jpg\" alt=\"\" width=\"600\" height=\"399\" title=\"\" srcset=\"https:\/\/tomajazz.com\/web\/wp-content\/uploads\/2017\/06\/02_Pccl-rchstr-Ggrn-\u00a9Joan-Cort\u00e8s_02mai17_l2dpl_Brcln.jpg 600w, https:\/\/tomajazz.com\/web\/wp-content\/uploads\/2017\/06\/02_Pccl-rchstr-Ggrn-\u00a9Joan-Cort\u00e8s_02mai17_l2dpl_Brcln-200x133.jpg 200w, https:\/\/tomajazz.com\/web\/wp-content\/uploads\/2017\/06\/02_Pccl-rchstr-Ggrn-\u00a9Joan-Cort\u00e8s_02mai17_l2dpl_Brcln-83x55.jpg 83w, https:\/\/tomajazz.com\/web\/wp-content\/uploads\/2017\/06\/02_Pccl-rchstr-Ggrn-\u00a9Joan-Cort\u00e8s_02mai17_l2dpl_Brcln-60x40.jpg 60w, https:\/\/tomajazz.com\/web\/wp-content\/uploads\/2017\/06\/02_Pccl-rchstr-Ggrn-\u00a9Joan-Cort\u00e8s_02mai17_l2dpl_Brcln-120x80.jpg 120w\" sizes=\"auto, (max-width: 600px) 100vw, 600px\" \/><\/p>\n<p style=\"text-align: center;\"><img loading=\"lazy\" decoding=\"async\" class=\"aligncenter size-large wp-image-30939\" src=\"http:\/\/www.tomajazz.com\/web\/wp-content\/uploads\/2017\/06\/03_Pccl-rchstr-Ggrn-\u00a9Joan-Cort\u00e8s_02mai17_l2dpl_Brcln-600x399.jpg\" alt=\"\" width=\"600\" height=\"399\" title=\"\" srcset=\"https:\/\/tomajazz.com\/web\/wp-content\/uploads\/2017\/06\/03_Pccl-rchstr-Ggrn-\u00a9Joan-Cort\u00e8s_02mai17_l2dpl_Brcln.jpg 600w, https:\/\/tomajazz.com\/web\/wp-content\/uploads\/2017\/06\/03_Pccl-rchstr-Ggrn-\u00a9Joan-Cort\u00e8s_02mai17_l2dpl_Brcln-200x133.jpg 200w, https:\/\/tomajazz.com\/web\/wp-content\/uploads\/2017\/06\/03_Pccl-rchstr-Ggrn-\u00a9Joan-Cort\u00e8s_02mai17_l2dpl_Brcln-83x55.jpg 83w, https:\/\/tomajazz.com\/web\/wp-content\/uploads\/2017\/06\/03_Pccl-rchstr-Ggrn-\u00a9Joan-Cort\u00e8s_02mai17_l2dpl_Brcln-60x40.jpg 60w, https:\/\/tomajazz.com\/web\/wp-content\/uploads\/2017\/06\/03_Pccl-rchstr-Ggrn-\u00a9Joan-Cort\u00e8s_02mai17_l2dpl_Brcln-120x80.jpg 120w\" sizes=\"auto, (max-width: 600px) 100vw, 600px\" \/><\/p>\n<p style=\"text-align: center;\"><img loading=\"lazy\" decoding=\"async\" class=\"aligncenter size-large wp-image-30940\" src=\"http:\/\/www.tomajazz.com\/web\/wp-content\/uploads\/2017\/06\/04_Pccl-rchstr-Ggrn-\u00a9Joan-Cort\u00e8s_02mai17_l2dpl_Brcln-600x399.jpg\" alt=\"\" width=\"600\" height=\"399\" title=\"\" srcset=\"https:\/\/tomajazz.com\/web\/wp-content\/uploads\/2017\/06\/04_Pccl-rchstr-Ggrn-\u00a9Joan-Cort\u00e8s_02mai17_l2dpl_Brcln.jpg 600w, https:\/\/tomajazz.com\/web\/wp-content\/uploads\/2017\/06\/04_Pccl-rchstr-Ggrn-\u00a9Joan-Cort\u00e8s_02mai17_l2dpl_Brcln-200x133.jpg 200w, https:\/\/tomajazz.com\/web\/wp-content\/uploads\/2017\/06\/04_Pccl-rchstr-Ggrn-\u00a9Joan-Cort\u00e8s_02mai17_l2dpl_Brcln-83x55.jpg 83w, https:\/\/tomajazz.com\/web\/wp-content\/uploads\/2017\/06\/04_Pccl-rchstr-Ggrn-\u00a9Joan-Cort\u00e8s_02mai17_l2dpl_Brcln-60x40.jpg 60w, https:\/\/tomajazz.com\/web\/wp-content\/uploads\/2017\/06\/04_Pccl-rchstr-Ggrn-\u00a9Joan-Cort\u00e8s_02mai17_l2dpl_Brcln-120x80.jpg 120w\" sizes=\"auto, (max-width: 600px) 100vw, 600px\" \/><\/p>\n<p style=\"text-align: center;\"><img loading=\"lazy\" decoding=\"async\" class=\"aligncenter size-large wp-image-30941\" src=\"http:\/\/www.tomajazz.com\/web\/wp-content\/uploads\/2017\/06\/05_Pccl-rchstr-Ggrn-\u00a9Joan-Cort\u00e8s_02mai17_l2dpl_Brcln-600x399.jpg\" alt=\"\" width=\"600\" height=\"399\" title=\"\" srcset=\"https:\/\/tomajazz.com\/web\/wp-content\/uploads\/2017\/06\/05_Pccl-rchstr-Ggrn-\u00a9Joan-Cort\u00e8s_02mai17_l2dpl_Brcln.jpg 600w, https:\/\/tomajazz.com\/web\/wp-content\/uploads\/2017\/06\/05_Pccl-rchstr-Ggrn-\u00a9Joan-Cort\u00e8s_02mai17_l2dpl_Brcln-200x133.jpg 200w, https:\/\/tomajazz.com\/web\/wp-content\/uploads\/2017\/06\/05_Pccl-rchstr-Ggrn-\u00a9Joan-Cort\u00e8s_02mai17_l2dpl_Brcln-83x55.jpg 83w, https:\/\/tomajazz.com\/web\/wp-content\/uploads\/2017\/06\/05_Pccl-rchstr-Ggrn-\u00a9Joan-Cort\u00e8s_02mai17_l2dpl_Brcln-60x40.jpg 60w, https:\/\/tomajazz.com\/web\/wp-content\/uploads\/2017\/06\/05_Pccl-rchstr-Ggrn-\u00a9Joan-Cort\u00e8s_02mai17_l2dpl_Brcln-120x80.jpg 120w\" sizes=\"auto, (max-width: 600px) 100vw, 600px\" \/><\/p>\n<p style=\"text-align: center;\"><img loading=\"lazy\" decoding=\"async\" class=\"aligncenter size-large wp-image-30942\" src=\"http:\/\/www.tomajazz.com\/web\/wp-content\/uploads\/2017\/06\/06_Pccl-rchstr-Ggrn-\u00a9Joan-Cort\u00e8s_02mai17_l2dpl_Brcln-600x399.jpg\" alt=\"\" width=\"600\" height=\"399\" title=\"\" srcset=\"https:\/\/tomajazz.com\/web\/wp-content\/uploads\/2017\/06\/06_Pccl-rchstr-Ggrn-\u00a9Joan-Cort\u00e8s_02mai17_l2dpl_Brcln.jpg 600w, https:\/\/tomajazz.com\/web\/wp-content\/uploads\/2017\/06\/06_Pccl-rchstr-Ggrn-\u00a9Joan-Cort\u00e8s_02mai17_l2dpl_Brcln-200x133.jpg 200w, https:\/\/tomajazz.com\/web\/wp-content\/uploads\/2017\/06\/06_Pccl-rchstr-Ggrn-\u00a9Joan-Cort\u00e8s_02mai17_l2dpl_Brcln-83x55.jpg 83w, https:\/\/tomajazz.com\/web\/wp-content\/uploads\/2017\/06\/06_Pccl-rchstr-Ggrn-\u00a9Joan-Cort\u00e8s_02mai17_l2dpl_Brcln-60x40.jpg 60w, https:\/\/tomajazz.com\/web\/wp-content\/uploads\/2017\/06\/06_Pccl-rchstr-Ggrn-\u00a9Joan-Cort\u00e8s_02mai17_l2dpl_Brcln-120x80.jpg 120w\" sizes=\"auto, (max-width: 600px) 100vw, 600px\" \/><\/p>\n<p style=\"text-align: center;\"><img loading=\"lazy\" decoding=\"async\" class=\"aligncenter size-large wp-image-30943\" src=\"http:\/\/www.tomajazz.com\/web\/wp-content\/uploads\/2017\/06\/07_Pccl-rchstr-Ggrn-\u00a9Joan-Cort\u00e8s_02mai17_l2dpl_Brcln-600x399.jpg\" alt=\"\" width=\"600\" height=\"399\" title=\"\" srcset=\"https:\/\/tomajazz.com\/web\/wp-content\/uploads\/2017\/06\/07_Pccl-rchstr-Ggrn-\u00a9Joan-Cort\u00e8s_02mai17_l2dpl_Brcln.jpg 600w, https:\/\/tomajazz.com\/web\/wp-content\/uploads\/2017\/06\/07_Pccl-rchstr-Ggrn-\u00a9Joan-Cort\u00e8s_02mai17_l2dpl_Brcln-200x133.jpg 200w, https:\/\/tomajazz.com\/web\/wp-content\/uploads\/2017\/06\/07_Pccl-rchstr-Ggrn-\u00a9Joan-Cort\u00e8s_02mai17_l2dpl_Brcln-83x55.jpg 83w, https:\/\/tomajazz.com\/web\/wp-content\/uploads\/2017\/06\/07_Pccl-rchstr-Ggrn-\u00a9Joan-Cort\u00e8s_02mai17_l2dpl_Brcln-60x40.jpg 60w, https:\/\/tomajazz.com\/web\/wp-content\/uploads\/2017\/06\/07_Pccl-rchstr-Ggrn-\u00a9Joan-Cort\u00e8s_02mai17_l2dpl_Brcln-120x80.jpg 120w\" sizes=\"auto, (max-width: 600px) 100vw, 600px\" \/><\/p>\n<p style=\"text-align: center;\"><img loading=\"lazy\" decoding=\"async\" class=\"aligncenter size-large wp-image-30944\" src=\"http:\/\/www.tomajazz.com\/web\/wp-content\/uploads\/2017\/06\/08_Pccl-rchstr-Ggrn-\u00a9Joan-Cort\u00e8s_02mai17_l2dpl_Brcln-399x600.jpg\" alt=\"\" width=\"399\" height=\"600\" title=\"\" srcset=\"https:\/\/tomajazz.com\/web\/wp-content\/uploads\/2017\/06\/08_Pccl-rchstr-Ggrn-\u00a9Joan-Cort\u00e8s_02mai17_l2dpl_Brcln.jpg 399w, https:\/\/tomajazz.com\/web\/wp-content\/uploads\/2017\/06\/08_Pccl-rchstr-Ggrn-\u00a9Joan-Cort\u00e8s_02mai17_l2dpl_Brcln-200x300.jpg 200w, https:\/\/tomajazz.com\/web\/wp-content\/uploads\/2017\/06\/08_Pccl-rchstr-Ggrn-\u00a9Joan-Cort\u00e8s_02mai17_l2dpl_Brcln-37x55.jpg 37w\" sizes=\"auto, (max-width: 399px) 100vw, 399px\" \/><\/p>\n<p style=\"text-align: center;\"><img loading=\"lazy\" decoding=\"async\" class=\"aligncenter size-large wp-image-30945\" src=\"http:\/\/www.tomajazz.com\/web\/wp-content\/uploads\/2017\/06\/09_Pccl-rchstr-Ggrn-\u00a9Joan-Cort\u00e8s_02mai17_l2dpl_Brcln-600x399.jpg\" alt=\"\" width=\"600\" height=\"399\" title=\"\" srcset=\"https:\/\/tomajazz.com\/web\/wp-content\/uploads\/2017\/06\/09_Pccl-rchstr-Ggrn-\u00a9Joan-Cort\u00e8s_02mai17_l2dpl_Brcln.jpg 600w, https:\/\/tomajazz.com\/web\/wp-content\/uploads\/2017\/06\/09_Pccl-rchstr-Ggrn-\u00a9Joan-Cort\u00e8s_02mai17_l2dpl_Brcln-200x133.jpg 200w, https:\/\/tomajazz.com\/web\/wp-content\/uploads\/2017\/06\/09_Pccl-rchstr-Ggrn-\u00a9Joan-Cort\u00e8s_02mai17_l2dpl_Brcln-83x55.jpg 83w, https:\/\/tomajazz.com\/web\/wp-content\/uploads\/2017\/06\/09_Pccl-rchstr-Ggrn-\u00a9Joan-Cort\u00e8s_02mai17_l2dpl_Brcln-60x40.jpg 60w, https:\/\/tomajazz.com\/web\/wp-content\/uploads\/2017\/06\/09_Pccl-rchstr-Ggrn-\u00a9Joan-Cort\u00e8s_02mai17_l2dpl_Brcln-120x80.jpg 120w\" sizes=\"auto, (max-width: 600px) 100vw, 600px\" \/><\/p>\n<p style=\"text-align: right;\"><strong>Tomajazz<\/strong>:\u00a0\u00a9 Joan Cort\u00e8s, 2017<\/p>\n","protected":false},"excerpt":{"rendered":"<p>Fecha: Martes, 02 de mayo de 2017 Lugar: Sala la [2] de Apolo Grupo: Piccola Orchestra Gagarin \u201cVostok\u201d Paolo Angeli, guitarra sarda preparada y voz Sasha Agranov, violoncelo y voz Oriol Roca, bater\u00eda, percusi\u00f3n y objetos Tomajazz:\u00a0\u00a9 Joan Cort\u00e8s, 2017<span class=\"more-link\"><a href=\"https:\/\/tomajazz.com\/web\/instantzz-piccola-orchestra-gagarin-vostok-sala-la-2-de-apolo-barcelona-2017-05-02-galeria-fotografica\/\">Contin\u00faa leyendo<\/a><\/span><\/p>\n","protected":false},"author":1,"featured_media":30941,"comment_status":"open","ping_status":"closed","sticky":false,"template":"","format":"standard","meta":{"jetpack_post_was_ever_published":false,"_jetpack_newsletter_access":"","_jetpack_dont_email_post_to_subs":false,"_jetpack_newsletter_tier_id":0,"_jetpack_memberships_contains_paywalled_content":false,"_jetpack_memberships_contains_paid_content":false,"footnotes":""},"categories":[17853,11262,15516,11261,1038],"tags":[15656,12656,12796,12755,15318,15317,15655,15275,15654,11263,13,12415,15295,15710,1045,5562,12657,8863,19646,8910,16099,77,16100],"class_list":["entry","author-pachi","post-30936","post","type-post","status-publish","format-standard","has-post-thumbnail","category-joan-cortes","category-photoblogs","category-imagenes","category-instantzz","category-contenidos","tag-foto-galeria-de-jazz","tag-fotoblog","tag-fotografia-de-jazz","tag-fotografias-de-jazz","tag-fotografos-de-jazz","tag-fotos-de-jazz","tag-galeria-de-fotos-de-jazz","tag-galeria-fotografica","tag-galeria-fotografica-de-jazz","tag-instantzz-2","tag-jazz","tag-jazz-en-espana","tag-jazz-en-espanol","tag-la-actualidad-del-jazz-en-espana","tag-oriol-roca","tag-paolo-angeli","tag-photoblog","tag-piccola-orchestra-gagarin","tag-piccola-orchestra-gagarin-vostok","tag-sasha-agranov","tag-toma-jazz","tag-tomajazz","tag-tomajazz-toma-jazz"],"jetpack_featured_media_url":"https:\/\/tomajazz.com\/web\/wp-content\/uploads\/2017\/06\/05_Pccl-rchstr-Ggrn-\u00a9Joan-Cort\u00e8s_02mai17_l2dpl_Brcln.jpg","jetpack_likes_enabled":true,"jetpack_sharing_enabled":true,"jetpack-related-posts":[{"id":28666,"url":"https:\/\/tomajazz.com\/web\/hdo-217-noveimprovispainando-con-irene-aranda-carlos-costa-y-la-piccola-orchestra-gagarin-podcast\/","url_meta":{"origin":30936,"position":0},"title":"HDO 217. Noveimprovispainando con Irene Aranda, Carlos Costa y la Piccola Orchestra Gagarin [Podcast]","author":"Tomajazz","date":"10 enero, 2017","format":false,"excerpt":"Lo que el a\u00f1o pasado era un 3X3, en 2017 es un repaso -sin etiquetas- a tres novedades discogr\u00e1ficas (a tres temas por grabaci\u00f3n). En la entrega de HDO del 10 de enero de 207, suena lo siguiente: Irene Aranda:\u00a0Phonophobia\u00a0(Vector Sounds, 2016); Carlos Costa: Door Of No Return\u00a0(Aural Terrains, 2016);\u2026","rel":"","context":"En \u00ab*_Pachi Tapiz\u00bb","block_context":{"text":"*_Pachi Tapiz","link":"https:\/\/tomajazz.com\/web\/category\/pachi-tapiz\/"},"img":{"alt_text":"","src":"https:\/\/i0.wp.com\/tomajazz.com\/web\/wp-content\/uploads\/2017\/01\/Irene-Aranda_Phonophobia_Vector-Sounds_2016.jpg?resize=350%2C200&ssl=1","width":350,"height":200,"srcset":"https:\/\/i0.wp.com\/tomajazz.com\/web\/wp-content\/uploads\/2017\/01\/Irene-Aranda_Phonophobia_Vector-Sounds_2016.jpg?resize=350%2C200&ssl=1 1x, https:\/\/i0.wp.com\/tomajazz.com\/web\/wp-content\/uploads\/2017\/01\/Irene-Aranda_Phonophobia_Vector-Sounds_2016.jpg?resize=525%2C300&ssl=1 1.5x, https:\/\/i0.wp.com\/tomajazz.com\/web\/wp-content\/uploads\/2017\/01\/Irene-Aranda_Phonophobia_Vector-Sounds_2016.jpg?resize=700%2C400&ssl=1 2x"},"classes":[]},{"id":2593,"url":"https:\/\/tomajazz.com\/web\/piccola-orchestra-gagarin-platos-combinados-whatabout-jazz-2011\/","url_meta":{"origin":30936,"position":1},"title":"Piccola Orchestra Gagarin: Platos Combinados (Whatabout Jazz, 2011)","author":"Tomajazz","date":"21 junio, 2011","format":false,"excerpt":"Platos Combinados, el estreno del tr\u00edo formado por el especialista en guitarra sarda preparada Paolo Angeli, el violonchelista Sasha Agranov y el baterista Oriol Roca, formaci\u00f3n que atiende por el nombre de Piccola Orchestra Gagarin, es un disco conceptual en homenaje al m\u00edtico cosmonauta ruso. La m\u00fasica del grupo transita\u2026","rel":"","context":"En \u00abToma Jazz\u00bb","block_context":{"text":"Toma Jazz","link":"https:\/\/tomajazz.com\/web\/tag\/toma-jazz\/"},"img":{"alt_text":"","src":"https:\/\/i0.wp.com\/4.bp.blogspot.com\/-CzGtLEzh-64\/Tf-voielAyI\/AAAAAAAAC70\/tpGwvCDlWYI\/s200\/pog_platos-combinados.jpg?resize=350%2C200","width":350,"height":200},"classes":[]},{"id":103528,"url":"https:\/\/tomajazz.com\/web\/barcelona-art-orchestra-57-festival-de-jazz-de-barcelona-2025\/","url_meta":{"origin":30936,"position":2},"title":"Barcelona Art Orchestra -BAO- &#038; Miguel Zen\u00f3n \u201cExpressions\u201d (57\u00e8 Festival de Jazz de Barcelona \/ L\u2019Auditori -S2OM-, 2025-11-29 \/ Barcelona) [09] Por Joan Cort\u00e8s [INSTANTZZ AKA Galer\u00eda fotogr\u00e1fica AKA Fotoblog de jazz, impro\u2026 y algo m\u00e1s]","author":"Tomajazz","date":"18 enero, 2026","format":false,"excerpt":"Barcelona Art Orchestra -BAO- & Miguel Zen\u00f3n \u201cExpressions\u201d actuaron en el 57\u00e8 Festival de Jazz de Barcelona 2026 en L\u2019Auditori, el 29 de noviembre de 2025. Joan Cort\u00e8s lo retrata en INSTANTZZ","rel":"","context":"En \u00ab57 Festival de Jazz de Barcelona 2025\u00bb","block_context":{"text":"57 Festival de Jazz de Barcelona 2025","link":"https:\/\/tomajazz.com\/web\/category\/contenidos\/especial-contenidos\/57-festival-de-jazz-de-barcelona-2025\/"},"img":{"alt_text":"Barcelona Art Orchestra -BAO- & Miguel Zen\u00f3n \u201cExpressions\u201d (57\u00e8 Festival de Jazz de Barcelona \/ L\u2019Auditori -S2OM-, 2025-11-29 \/ Barcelona) [09] Por Joan Cort\u00e8s [INSTANTZZ AKA Galer\u00eda fotogr\u00e1fica AKA Fotoblog de jazz, impro\u2026 y algo m\u00e1s] - Tomajazz - Barcelona Art Orchestra -BAO- & Miguel Zen\u00f3n \u201cExpressions\u201d actuaron en el 57\u00e8 Festival de Jazz de Barcelona 2026 en L\u2019Auditori, el 29 de noviembre de 2025. Joan Cort\u00e8s lo retrata en INSTANTZZ","src":"https:\/\/i0.wp.com\/tomajazz.com\/web\/wp-content\/uploads\/2026\/01\/11-Bc-rt-ch-Mgl-Znn-%C2%A9Joan-Cortes-29ctb25-L-dtr-S2-Bcn.jpg?resize=350%2C200&ssl=1","width":350,"height":200,"srcset":"https:\/\/i0.wp.com\/tomajazz.com\/web\/wp-content\/uploads\/2026\/01\/11-Bc-rt-ch-Mgl-Znn-%C2%A9Joan-Cortes-29ctb25-L-dtr-S2-Bcn.jpg?resize=350%2C200&ssl=1 1x, https:\/\/i0.wp.com\/tomajazz.com\/web\/wp-content\/uploads\/2026\/01\/11-Bc-rt-ch-Mgl-Znn-%C2%A9Joan-Cortes-29ctb25-L-dtr-S2-Bcn.jpg?resize=525%2C300&ssl=1 1.5x"},"classes":[]},{"id":104881,"url":"https:\/\/tomajazz.com\/web\/raul-refree-nino-de-elche-l-auditori-2026\/","url_meta":{"origin":30936,"position":3},"title":"Ra\u00fcl Refree &#038; Ni\u00f1o de Elche \u201cCru+es\u00bb (L\u2019Auditori, Sala 2 Oriol Martorell, 2026-02-28 \/ Barcelona-) Por Joan Cort\u00e8s [INSTANTZZ AKA Galer\u00eda fotogr\u00e1fica AKA Fotoblog de jazz, impro\u2026 y algo m\u00e1s]","author":"Tomajazz","date":"14 abril, 2026","format":false,"excerpt":"Ra\u00fcl Refree & Ni\u00f1o de Elche \u201cCru+es\" actuaron en L\u2019Auditori de Barcelona, el d\u00eda 28 de febrero de 2026. Joan Cort\u00e8s lo retrata en INSTANTZZ","rel":"","context":"En \u00abINSTANTZZ\u00bb","block_context":{"text":"INSTANTZZ","link":"https:\/\/tomajazz.com\/web\/category\/contenidos\/imagenes\/photoblogs\/instantzz\/"},"img":{"alt_text":"Ra\u00fcl Refree & Ni\u00f1o de Elche \u201cCru+es\" (L\u2019Auditori, Sala 2 Oriol Martorell, 2026-02-28 \/ Barcelona-) Por Joan Cort\u00e8s [INSTANTZZ AKA Galer\u00eda fotogr\u00e1fica AKA Fotoblog de jazz, impro\u2026 y algo m\u00e1s] - Tomajazz - Ra\u00fcl Refree & Ni\u00f1o de Elche \u201cCru+es\" actuaron en L\u2019Auditori de Barcelona, el d\u00eda 28 de febrero de 2026. Joan Cort\u00e8s lo retrata en INSTANTZZ","src":"https:\/\/i0.wp.com\/tomajazz.com\/web\/wp-content\/uploads\/2026\/04\/destacado-10-Rfr-Nn-lch-Joan-Cortes-28fbr26-L-dtr-Bcn.jpg?resize=350%2C200&ssl=1","width":350,"height":200,"srcset":"https:\/\/i0.wp.com\/tomajazz.com\/web\/wp-content\/uploads\/2026\/04\/destacado-10-Rfr-Nn-lch-Joan-Cortes-28fbr26-L-dtr-Bcn.jpg?resize=350%2C200&ssl=1 1x, https:\/\/i0.wp.com\/tomajazz.com\/web\/wp-content\/uploads\/2026\/04\/destacado-10-Rfr-Nn-lch-Joan-Cortes-28fbr26-L-dtr-Bcn.jpg?resize=525%2C300&ssl=1 1.5x"},"classes":[]},{"id":104200,"url":"https:\/\/tomajazz.com\/web\/paolo-angeli-museu-de-la-musica-2026\/","url_meta":{"origin":30936,"position":4},"title":"Paolo Angeli \u201cLema\u201d (Cicle Guitarres \/ Museu de la M\u00fasica, 2026-01-15 \/ Barcelona) Por Joan Cort\u00e8s [INSTANTZZ AKA Galer\u00eda fotogr\u00e1fica AKA Fotoblog de jazz, impro\u2026 y algo m\u00e1s]","author":"Tomajazz","date":"26 febrero, 2026","format":false,"excerpt":"Paolo Angeli \u201cLema\u201d actu\u00f3 en el Cicle Guitarres en el Museu de la M\u00fasica de Barcelona el 15 de enero de 2026. Joan Cort\u00e8s lo retrata en INSTANTZZ","rel":"","context":"En \u00abINSTANTZZ\u00bb","block_context":{"text":"INSTANTZZ","link":"https:\/\/tomajazz.com\/web\/category\/contenidos\/imagenes\/photoblogs\/instantzz\/"},"img":{"alt_text":"Paolo Angeli \u201cLema\u201d (Cicle Guitarres \/ Museu de la M\u00fasica, 2026-01-15 \/ Barcelona) Por Joan Cort\u00e8s [INSTANTZZ AKA Galer\u00eda fotogr\u00e1fica AKA Fotoblog de jazz, impro\u2026 y algo m\u00e1s] - Tomajazz - Paolo Angeli \u201cLema\u201d actu\u00f3 en el Cicle Guitarres en el Museu de la M\u00fasica de Barcelona el 15 de enero de 2026. Joan Cort\u00e8s lo retrata en INSTANTZZ","src":"https:\/\/i0.wp.com\/tomajazz.com\/web\/wp-content\/uploads\/2026\/02\/destacada-03-Pl-ngl-Photo-by-Joan-Cortes-15gnr26-Ms-d-l-Msc-Bcn.jpg?resize=350%2C200&ssl=1","width":350,"height":200,"srcset":"https:\/\/i0.wp.com\/tomajazz.com\/web\/wp-content\/uploads\/2026\/02\/destacada-03-Pl-ngl-Photo-by-Joan-Cortes-15gnr26-Ms-d-l-Msc-Bcn.jpg?resize=350%2C200&ssl=1 1x, https:\/\/i0.wp.com\/tomajazz.com\/web\/wp-content\/uploads\/2026\/02\/destacada-03-Pl-ngl-Photo-by-Joan-Cortes-15gnr26-Ms-d-l-Msc-Bcn.jpg?resize=525%2C300&ssl=1 1.5x"},"classes":[]},{"id":101040,"url":"https:\/\/tomajazz.com\/web\/le-discobole-orchestra-jazzebre-2025\/","url_meta":{"origin":30936,"position":5},"title":"Le Discobole Orchestra invit\u00e9 Christine Salem \u00abKaf\u00e9 Gry\u00e9\u00bb (37 Jazz\u00e8bre \/ Th\u00e9\u00e2tre Municipal, 2025-10-11 \/ Perpignan -France-) [5] Por Joan Cort\u00e8s [INSTANTZZ AKA Galer\u00eda fotogr\u00e1fica AKA Fotoblog de jazz, impro\u2026 y algo m\u00e1s]","author":"Tomajazz","date":"28 octubre, 2025","format":false,"excerpt":"Le Discobole Orchestra invit\u00e9 Christine Salem \u00abKaf\u00e9 Gry\u00e9\u00bb actu\u00f3 en el 37 Jazz\u00e8bre el 11 de octubre de 2025. Joan Cort\u00e8s lo retrata en INSTANTZZ","rel":"","context":"En \u00ab37 Jazz\u00e8bre 2025\u00bb","block_context":{"text":"37 Jazz\u00e8bre 2025","link":"https:\/\/tomajazz.com\/web\/category\/contenidos\/especial-contenidos\/37-jazzebre-2025\/"},"img":{"alt_text":"Le Discobole Orchestra invit\u00e9 Christine Salem \u00abKaf\u00e9 Gry\u00e9\u00bb (37 Jazz\u00e8bre \/ Th\u00e9\u00e2tre Municipal, 2025-10-11 \/ Perpignan -France-) [5] Por Joan Cort\u00e8s [INSTANTZZ AKA Galer\u00eda fotogr\u00e1fica AKA Fotoblog de jazz, impro\u2026 y algo m\u00e1s] - Tomajazz - Le Discobole Orchestra invit\u00e9 Christine Salem \u00abKaf\u00e9 Gry\u00e9\u00bb actu\u00f3 en el 37 Jazz\u00e8bre el 11 de octubre de 2025. Joan Cort\u00e8s lo retrata en INSTANTZZ","src":"https:\/\/i0.wp.com\/tomajazz.com\/web\/wp-content\/uploads\/2025\/10\/destacada-11-L-Dscbl-rchstr-Photo-By-Joan-Cortes-11ctb25-37Jzzbr-TM-Prpgnn-.jpg?resize=350%2C200&ssl=1","width":350,"height":200,"srcset":"https:\/\/i0.wp.com\/tomajazz.com\/web\/wp-content\/uploads\/2025\/10\/destacada-11-L-Dscbl-rchstr-Photo-By-Joan-Cortes-11ctb25-37Jzzbr-TM-Prpgnn-.jpg?resize=350%2C200&ssl=1 1x, https:\/\/i0.wp.com\/tomajazz.com\/web\/wp-content\/uploads\/2025\/10\/destacada-11-L-Dscbl-rchstr-Photo-By-Joan-Cortes-11ctb25-37Jzzbr-TM-Prpgnn-.jpg?resize=525%2C300&ssl=1 1.5x"},"classes":[]}],"_links":{"self":[{"href":"https:\/\/tomajazz.com\/web\/wp-json\/wp\/v2\/posts\/30936","targetHints":{"allow":["GET"]}}],"collection":[{"href":"https:\/\/tomajazz.com\/web\/wp-json\/wp\/v2\/posts"}],"about":[{"href":"https:\/\/tomajazz.com\/web\/wp-json\/wp\/v2\/types\/post"}],"author":[{"embeddable":true,"href":"https:\/\/tomajazz.com\/web\/wp-json\/wp\/v2\/users\/1"}],"replies":[{"embeddable":true,"href":"https:\/\/tomajazz.com\/web\/wp-json\/wp\/v2\/comments?post=30936"}],"version-history":[{"count":1,"href":"https:\/\/tomajazz.com\/web\/wp-json\/wp\/v2\/posts\/30936\/revisions"}],"predecessor-version":[{"id":30946,"href":"https:\/\/tomajazz.com\/web\/wp-json\/wp\/v2\/posts\/30936\/revisions\/30946"}],"wp:featuredmedia":[{"embeddable":true,"href":"https:\/\/tomajazz.com\/web\/wp-json\/wp\/v2\/media\/30941"}],"wp:attachment":[{"href":"https:\/\/tomajazz.com\/web\/wp-json\/wp\/v2\/media?parent=30936"}],"wp:term":[{"taxonomy":"category","embeddable":true,"href":"https:\/\/tomajazz.com\/web\/wp-json\/wp\/v2\/categories?post=30936"},{"taxonomy":"post_tag","embeddable":true,"href":"https:\/\/tomajazz.com\/web\/wp-json\/wp\/v2\/tags?post=30936"}],"curies":[{"name":"wp","href":"https:\/\/api.w.org\/{rel}","templated":true}]}}