{"id":3100,"date":"2009-04-07T10:14:00","date_gmt":"2009-04-07T08:14:00","guid":{"rendered":"http:\/\/www.tomajazz.com\/web\/?p=3100"},"modified":"2009-04-07T10:14:00","modified_gmt":"2009-04-07T08:14:00","slug":"conference-call-y-espana-a-dos-velas-una-vez-mas","status":"publish","type":"post","link":"https:\/\/tomajazz.com\/web\/conference-call-y-espana-a-dos-velas-una-vez-mas\/","title":{"rendered":"Conference Call: \u00bfy Espa\u00f1a?&#8230; a dos velas, una vez m\u00e1s."},"content":{"rendered":"<div>\n<a href=\"http:\/\/www.sonicbids.com\/ConferenceCall\" target=\"_blank\" rel=\"noopener\"><img decoding=\"async\" src=\"http:\/\/www.sonicbids.com\/epk\/epk_get_band_pic.asp?epk_id=67142\" alt=\"\" border=\"1\" title=\"\"><\/a>Una vez m\u00e1s (y van&#8230;) Espa\u00f1a se queda fuera de las giras  europeas de grupos m\u00e1s que interesantes. Reci\u00e9n publicada en <a href=\"http:\/\/www.tomajazz.com\/bun\/2009\/04\/poesia-en-accion.html\" target=\"_blank\">Buscando un nombre<\/a> la rese\u00f1a de <span>Poetry In Motion<\/span>, \u00faltima grabaci\u00f3n de Conference Call, el cuarteto anuncia las fechas de su pr\u00f3xima gira europea:<\/p>\n<ul>\n<li>8 de abril. Kurz &#038; Klein Kunstb\u00fchne. Jena, Alemania<\/li>\n<li>9 de abril. Discover US Festival. Uferhallen. Berlin, Alemania<\/li>\n<li>11 de abril. N.O.E.W.A. Jazz Workshop. Szekesfehervar, Hungria<\/li>\n<li>12 de abril. Jazzgalerie. Nickelsdorf, Austria<\/li>\n<li>15 de abril. Godor Klub. Budapest, Hungria<\/li>\n<li>17 de abril. Kulak Jazz. Stanzerei (Merker Areal). Baden, Suiza<\/li>\n<li>18 de abril. Jazzkeller Esslingen. Esslingen, Alemania<\/li>\n<li>19 de abril. Caf\u00e9 du Boulevard. Melle, Francia<\/li>\n<\/ul>\n<\/div>\n<p>En el correo en el que inclu\u00edan estas fechas indicaban: \u00abConference Call will be appearing at a club near you.\u00bb \u00a1En Espa\u00f1a va a ser que no (una vez m\u00e1s)!<\/p>\n<p>Pachi Tapiz<\/p>\n<p>Conference Call son:<br \/>Gebhard Ullmann: saxos tenor y soprano, clarinete bajo<br \/>Joe Fonda: contrabajo<br \/>George Schuller: bater\u00eda y percusi\u00f3n<br \/>Michael Jefry Stevens: piano<\/p>\n<p><a href=\"http:\/\/www.sonicbids.com\/ConferenceCall\" target=\"_blank\" rel=\"noopener\">http:\/\/www.sonicbids.com\/ConferenceCall<\/a><\/p>\n","protected":false},"excerpt":{"rendered":"<p>Una vez m\u00e1s (y van&#8230;) Espa\u00f1a se queda fuera de las giras europeas de grupos m\u00e1s que interesantes. Reci\u00e9n publicada en Buscando un nombre la rese\u00f1a de Poetry In Motion, \u00faltima grabaci\u00f3n de Conference Call, el cuarteto anuncia las fechas de su pr\u00f3xima gira europea: 8 de abril. Kurz &#038;<span class=\"more-link\"><a href=\"https:\/\/tomajazz.com\/web\/conference-call-y-espana-a-dos-velas-una-vez-mas\/\">Contin\u00faa leyendo<\/a><\/span><\/p>\n","protected":false},"author":1,"featured_media":0,"comment_status":"open","ping_status":"closed","sticky":false,"template":"","format":"standard","meta":{"jetpack_post_was_ever_published":false,"_jetpack_newsletter_access":"","_jetpack_dont_email_post_to_subs":false,"_jetpack_newsletter_tier_id":0,"_jetpack_memberships_contains_paywalled_content":false,"_jetpack_memberships_contains_paid_content":false,"footnotes":""},"categories":[1],"tags":[],"class_list":["entry","author-pachi","post-3100","post","type-post","status-publish","format-standard","category-uncategorized"],"jetpack_featured_media_url":"","jetpack_likes_enabled":true,"jetpack_sharing_enabled":true,"jetpack-related-posts":[{"id":103475,"url":"https:\/\/tomajazz.com\/web\/txeih-jazz-factory-gira-girando-por-salas-gps16-2026\/","url_meta":{"origin":3100,"position":0},"title":"Txeih Jazz Factory inicia su gira de seis conciertos con Girando Por Salas #GPS16 (enero \u2013 abril 2026) [Noticias de jazz]","author":"Tomajazz","date":"16 enero, 2026","format":false,"excerpt":"Entre enero y abril de 2026, el quinteto navarro Txeih Jazz Factory realizar\u00e1 una gira de seis conciertos dentro del programa Girando Por Salas #GPS16 #Noticiasdejazz","rel":"","context":"En \u00ab*_Redacci\u00f3n\u00bb","block_context":{"text":"*_Redacci\u00f3n","link":"https:\/\/tomajazz.com\/web\/category\/redaccion\/"},"img":{"alt_text":"Txeih Jazz Factory inicia su gira de seis conciertos con Girando Por Salas #GPS16 (enero \u2013 abril 2026) [Noticias de jazz] - Tomajazz - Entre enero y abril de 2026, el quinteto navarro Txeih Jazz Factory realizar\u00e1 una gira de seis conciertos dentro del programa Girando Por Salas #GPS16 #Noticiasdejazz","src":"https:\/\/i0.wp.com\/tomajazz.com\/web\/wp-content\/uploads\/2026\/01\/Txeih-Jazz-Factory-Gira-GPS16.jpg?resize=350%2C200&ssl=1","width":350,"height":200,"srcset":"https:\/\/i0.wp.com\/tomajazz.com\/web\/wp-content\/uploads\/2026\/01\/Txeih-Jazz-Factory-Gira-GPS16.jpg?resize=350%2C200&ssl=1 1x, https:\/\/i0.wp.com\/tomajazz.com\/web\/wp-content\/uploads\/2026\/01\/Txeih-Jazz-Factory-Gira-GPS16.jpg?resize=525%2C300&ssl=1 1.5x, https:\/\/i0.wp.com\/tomajazz.com\/web\/wp-content\/uploads\/2026\/01\/Txeih-Jazz-Factory-Gira-GPS16.jpg?resize=700%2C400&ssl=1 2x"},"classes":[]},{"id":62213,"url":"https:\/\/tomajazz.com\/web\/pocket-corner-gira-espanola-2022-25-de-marzo-a-2-de-abril-noticias-de-jazz\/","url_meta":{"origin":3100,"position":1},"title":"Pocket Corner: gira espa\u00f1ola 2022 (25 de marzo a 2 de abril) [Noticias de jazz]","author":"Tomajazz","date":"25 marzo, 2022","format":false,"excerpt":"El cuarteto noruego Pocket Corner girar\u00e1 por Espa\u00f1a entre el 25 de marzo y el 2 de abril de 2022. Presentar\u00e1 su und\u00e9cimo disco titulado Spanish Carrot.","rel":"","context":"En \u00abNoticias\u00bb","block_context":{"text":"Noticias","link":"https:\/\/tomajazz.com\/web\/category\/contenidos\/noticias-2\/"},"img":{"alt_text":"Pocket Corner Spanish Tour 2022. Pocket Corner: gira espa\u00f1ola 2022 (25 de marzo a 2 de abril) [Noticias de jazz]","src":"https:\/\/i0.wp.com\/tomajazz.com\/web\/wp-content\/uploads\/2022\/03\/Pocket-Corner-Spanish-Tour-2022.jpg?resize=350%2C200&ssl=1","width":350,"height":200,"srcset":"https:\/\/i0.wp.com\/tomajazz.com\/web\/wp-content\/uploads\/2022\/03\/Pocket-Corner-Spanish-Tour-2022.jpg?resize=350%2C200&ssl=1 1x, https:\/\/i0.wp.com\/tomajazz.com\/web\/wp-content\/uploads\/2022\/03\/Pocket-Corner-Spanish-Tour-2022.jpg?resize=525%2C300&ssl=1 1.5x"},"classes":[]},{"id":105120,"url":"https:\/\/tomajazz.com\/web\/universos-paralelos-up-t31-p27-2025-26\/","url_meta":{"origin":3100,"position":2},"title":"Universos Paralelos: emisi\u00f3n 30 de abril de 2026 (UP.T.31 P.27) [Noticias de jazz]","author":"Tomajazz","date":"30 abril, 2026","format":false,"excerpt":"En el programa del 30 de abril de 2026 de los Universos Paralelos de Sergio Cabanillas el disco de portada es lo nuevo de Xavi Reija #Noticiasdejazz","rel":"","context":"En \u00abUniversos Paralelos - UP\u00bb","block_context":{"text":"Universos Paralelos - UP","link":"https:\/\/tomajazz.com\/web\/category\/contenidos\/noticias-2\/universos-paralelos-up\/"},"img":{"alt_text":"Universos Paralelos: emisi\u00f3n 30 de abril de 2026 (UP.T.31 P.27) [Noticias de jazz] - Tomajazz - En el programa del 30 de abril de 2026 de los Universos Paralelos de Sergio Cabanillas el disco de portada es lo nuevo de Xavi Reija #Noticiasdejazz","src":"https:\/\/i0.wp.com\/tomajazz.com\/web\/wp-content\/uploads\/2026\/04\/destacada-Xavi-Reija-EQ-Nu-Breed-1080.jpg?resize=350%2C200&ssl=1","width":350,"height":200,"srcset":"https:\/\/i0.wp.com\/tomajazz.com\/web\/wp-content\/uploads\/2026\/04\/destacada-Xavi-Reija-EQ-Nu-Breed-1080.jpg?resize=350%2C200&ssl=1 1x, https:\/\/i0.wp.com\/tomajazz.com\/web\/wp-content\/uploads\/2026\/04\/destacada-Xavi-Reija-EQ-Nu-Breed-1080.jpg?resize=525%2C300&ssl=1 1.5x, https:\/\/i0.wp.com\/tomajazz.com\/web\/wp-content\/uploads\/2026\/04\/destacada-Xavi-Reija-EQ-Nu-Breed-1080.jpg?resize=700%2C400&ssl=1 2x"},"classes":[]},{"id":104735,"url":"https:\/\/tomajazz.com\/web\/teheran-era-una-fiesta-y-vlady-bas-estaba-invitado-2026-04\/","url_meta":{"origin":3100,"position":3},"title":"Teher\u00e1n era una fiesta\u2026 y Vlady Bas estaba invitado. Por Chema Garc\u00eda [Escrito de jazz AKA El Rinc\u00f3n de Chema] [Marzo de 2026]","author":"Tomajazz","date":"6 abril, 2026","format":false,"excerpt":"Teher\u00e1n era una fiesta\u2026 y Vlady Bas estaba invitado. Es la entrega de abril de 2026 de Chema Garc\u00eda en El Rinc\u00f3n de Chema","rel":"","context":"En \u00abEl rinc\u00f3n de Chema\u00bb","block_context":{"text":"El rinc\u00f3n de Chema","link":"https:\/\/tomajazz.com\/web\/category\/contenidos\/especial-contenidos\/el-rincon-de-chema\/"},"img":{"alt_text":"Teher\u00e1n era una fiesta\u2026 y Vlady Bas estaba invitado. Por Chema Garc\u00eda [Escrito de jazz AKA El Rinc\u00f3n de Chema] [Abril de 2026] - Tomajazz - Teher\u00e1n era una fiesta\u2026 y Vlady Bas estaba invitado. Es la entrega de abril de 2026 de Chema Garc\u00eda en El Rinc\u00f3n de Chema","src":"https:\/\/i0.wp.com\/tomajazz.com\/web\/wp-content\/uploads\/2026\/04\/Free-Jazz-Vlady-Bas-en-la-Universidad.jpeg?resize=350%2C200&ssl=1","width":350,"height":200,"srcset":"https:\/\/i0.wp.com\/tomajazz.com\/web\/wp-content\/uploads\/2026\/04\/Free-Jazz-Vlady-Bas-en-la-Universidad.jpeg?resize=350%2C200&ssl=1 1x, https:\/\/i0.wp.com\/tomajazz.com\/web\/wp-content\/uploads\/2026\/04\/Free-Jazz-Vlady-Bas-en-la-Universidad.jpeg?resize=525%2C300&ssl=1 1.5x"},"classes":[]},{"id":104926,"url":"https:\/\/tomajazz.com\/web\/ringmasters-caixaforum-palma-2026\/","url_meta":{"origin":3100,"position":4},"title":"Ringmasters (Caixaforum Palma. 2026-04-14) Por Jos\u00e9 Luis Luna Rocafort [INSTANTZZ AKA Galer\u00eda fotogr\u00e1fica AKA Fotoblog de jazz, impro\u2026 y algo m\u00e1s]","author":"Tomajazz","date":"17 abril, 2026","format":false,"excerpt":"Ringmasters actu\u00f3 en Caixaforum Palma, el 14 de abril de 2026. Jos\u00e9 Luis Luna Rocafort retrata el concierto en INSTANTZZ. Con Jakob Stenberg, V\u00edctor Nilsson, Didier Linder, Philip H\u00e4llstr\u00f6m","rel":"","context":"En \u00ab*_Jos\u00e9 Luis Luna Rocafort\u00bb","block_context":{"text":"*_Jos\u00e9 Luis Luna Rocafort","link":"https:\/\/tomajazz.com\/web\/category\/jose-luis-luna-rocafort\/"},"img":{"alt_text":"Ringmasters (Caixaforum Palma. 2026-04-14) Por Jos\u00e9 Luis Luna Rocafort [INSTANTZZ AKA Galer\u00eda fotogr\u00e1fica AKA Fotoblog de jazz, impro\u2026 y algo m\u00e1s] - Tomajazz - Ringmasters actu\u00f3 en Caixaforum Palma, el 14 de abril de 2026. Jos\u00e9 Luis Luna Rocafort retrata el concierto en INSTANTZZ. Con Jakob Stenberg, V\u00edctor Nilsson, Didier Linder","src":"https:\/\/i0.wp.com\/tomajazz.com\/web\/wp-content\/uploads\/2026\/04\/007.jpg?resize=350%2C200&ssl=1","width":350,"height":200,"srcset":"https:\/\/i0.wp.com\/tomajazz.com\/web\/wp-content\/uploads\/2026\/04\/007.jpg?resize=350%2C200&ssl=1 1x, https:\/\/i0.wp.com\/tomajazz.com\/web\/wp-content\/uploads\/2026\/04\/007.jpg?resize=525%2C300&ssl=1 1.5x"},"classes":[]},{"id":2845,"url":"https:\/\/tomajazz.com\/web\/conference-call-what-about-2010\/","url_meta":{"origin":3100,"position":5},"title":"Conference Call: What About&#8230;? (2010)","author":"Tomajazz","date":"16 julio, 2010","format":false,"excerpt":"Sin ambages: Conference Call es un supergrupo. Es posible que los nombres de Gebhard Ullmann, Michael Jefry Stevens, Joe Fonda y George Schuller no sean muy conocidos a nivel popular. Desde luego ni graban habitualmente en las grandes discogr\u00e1ficas, ni frecuentan esos festivales que florecen con el verano. Sin embargo,\u2026","rel":"","context":"Con 2 comentarios","block_context":{"text":"Con 2 comentarios","link":"https:\/\/tomajazz.com\/web\/conference-call-what-about-2010\/#comments"},"img":{"alt_text":"","src":"","width":0,"height":0},"classes":[]}],"_links":{"self":[{"href":"https:\/\/tomajazz.com\/web\/wp-json\/wp\/v2\/posts\/3100","targetHints":{"allow":["GET"]}}],"collection":[{"href":"https:\/\/tomajazz.com\/web\/wp-json\/wp\/v2\/posts"}],"about":[{"href":"https:\/\/tomajazz.com\/web\/wp-json\/wp\/v2\/types\/post"}],"author":[{"embeddable":true,"href":"https:\/\/tomajazz.com\/web\/wp-json\/wp\/v2\/users\/1"}],"replies":[{"embeddable":true,"href":"https:\/\/tomajazz.com\/web\/wp-json\/wp\/v2\/comments?post=3100"}],"version-history":[{"count":0,"href":"https:\/\/tomajazz.com\/web\/wp-json\/wp\/v2\/posts\/3100\/revisions"}],"wp:attachment":[{"href":"https:\/\/tomajazz.com\/web\/wp-json\/wp\/v2\/media?parent=3100"}],"wp:term":[{"taxonomy":"category","embeddable":true,"href":"https:\/\/tomajazz.com\/web\/wp-json\/wp\/v2\/categories?post=3100"},{"taxonomy":"post_tag","embeddable":true,"href":"https:\/\/tomajazz.com\/web\/wp-json\/wp\/v2\/tags?post=3100"}],"curies":[{"name":"wp","href":"https:\/\/api.w.org\/{rel}","templated":true}]}}