{"id":31347,"date":"2017-07-10T11:00:25","date_gmt":"2017-07-10T09:00:25","guid":{"rendered":"http:\/\/www.tomajazz.com\/web\/?p=31347"},"modified":"2017-07-10T10:52:08","modified_gmt":"2017-07-10T08:52:08","slug":"instantzz-ericson-nastesjo-berre-festival-demergencies-musicals-de-banyoles-fem-jazz-fundacio-lluis-coromia-espai-eat-art-banyoles-girona-2017-05-26-galeria-fotografica","status":"publish","type":"post","link":"https:\/\/tomajazz.com\/web\/instantzz-ericson-nastesjo-berre-festival-demergencies-musicals-de-banyoles-fem-jazz-fundacio-lluis-coromia-espai-eat-art-banyoles-girona-2017-05-26-galeria-fotografica\/","title":{"rendered":"INSTANTZZ: Ericson-N\u00e4stesj\u00f6-Berre (Festival d\u2019Emerg\u00e8ncies Musicals de Banyoles, FEM Jazz, Fundaci\u00f3 Llu\u00eds Coromia, Espai Eat Art, Banyoles -Girona-. 2017-05-26) [Galer\u00eda fotogr\u00e1fica]"},"content":{"rendered":"<ul>\n<li>Fecha: Viernes, 26 de mayo de 2017<\/li>\n<li>Lugar: Festival d\u2019Emerg\u00e8ncies Musicals de Banyoles, FEM Jazz, Fundaci\u00f3 Llu\u00eds Coromina, Espai Eat Art, Banyoles, Girona<\/li>\n<li>Componentes:<br \/>\n<strong>Ericson-N\u00e4stesj\u00f6-Berre<br \/>\n<\/strong>Sture Ericson, saxo alto y clarinete<br \/>\nJohannes N\u00e4stesj\u00f6, contrabajo<br \/>\nH\u00e5kon Berre, bater\u00eda y percusi\u00f3n<\/li>\n<\/ul>\n<p style=\"text-align: center;\"><img loading=\"lazy\" decoding=\"async\" class=\"aligncenter size-large wp-image-31348\" src=\"http:\/\/www.tomajazz.com\/web\/wp-content\/uploads\/2017\/07\/01_rcsnNstsjBrr-\u00a9Joan-Cort\u00e8s_26mai17_FLC-EEA_FEMJzz_Bnyls--399x600.jpg\" alt=\"\" width=\"399\" height=\"600\" title=\"\" srcset=\"https:\/\/tomajazz.com\/web\/wp-content\/uploads\/2017\/07\/01_rcsnNstsjBrr-\u00a9Joan-Cort\u00e8s_26mai17_FLC-EEA_FEMJzz_Bnyls-.jpg 399w, https:\/\/tomajazz.com\/web\/wp-content\/uploads\/2017\/07\/01_rcsnNstsjBrr-\u00a9Joan-Cort\u00e8s_26mai17_FLC-EEA_FEMJzz_Bnyls--200x300.jpg 200w, https:\/\/tomajazz.com\/web\/wp-content\/uploads\/2017\/07\/01_rcsnNstsjBrr-\u00a9Joan-Cort\u00e8s_26mai17_FLC-EEA_FEMJzz_Bnyls--37x55.jpg 37w\" sizes=\"auto, (max-width: 399px) 100vw, 399px\" \/> <img loading=\"lazy\" decoding=\"async\" class=\"aligncenter size-large wp-image-31349\" src=\"http:\/\/www.tomajazz.com\/web\/wp-content\/uploads\/2017\/07\/02_rcsnNstsjBrr-\u00a9Joan-Cort\u00e8s_26mai17_FLC-EEA_FEMJzz_Bnyls--600x399.jpg\" alt=\"\" width=\"600\" height=\"399\" title=\"\" srcset=\"https:\/\/tomajazz.com\/web\/wp-content\/uploads\/2017\/07\/02_rcsnNstsjBrr-\u00a9Joan-Cort\u00e8s_26mai17_FLC-EEA_FEMJzz_Bnyls-.jpg 600w, https:\/\/tomajazz.com\/web\/wp-content\/uploads\/2017\/07\/02_rcsnNstsjBrr-\u00a9Joan-Cort\u00e8s_26mai17_FLC-EEA_FEMJzz_Bnyls--200x133.jpg 200w, https:\/\/tomajazz.com\/web\/wp-content\/uploads\/2017\/07\/02_rcsnNstsjBrr-\u00a9Joan-Cort\u00e8s_26mai17_FLC-EEA_FEMJzz_Bnyls--83x55.jpg 83w, https:\/\/tomajazz.com\/web\/wp-content\/uploads\/2017\/07\/02_rcsnNstsjBrr-\u00a9Joan-Cort\u00e8s_26mai17_FLC-EEA_FEMJzz_Bnyls--60x40.jpg 60w, https:\/\/tomajazz.com\/web\/wp-content\/uploads\/2017\/07\/02_rcsnNstsjBrr-\u00a9Joan-Cort\u00e8s_26mai17_FLC-EEA_FEMJzz_Bnyls--120x80.jpg 120w\" sizes=\"auto, (max-width: 600px) 100vw, 600px\" \/> <img loading=\"lazy\" decoding=\"async\" class=\"aligncenter size-large wp-image-31350\" src=\"http:\/\/www.tomajazz.com\/web\/wp-content\/uploads\/2017\/07\/03_rcsnNstsjBrr-\u00a9Joan-Cort\u00e8s_26mai17_FLC-EEA_FEMJzz_Bnyls--399x600.jpg\" alt=\"\" width=\"399\" height=\"600\" title=\"\" srcset=\"https:\/\/tomajazz.com\/web\/wp-content\/uploads\/2017\/07\/03_rcsnNstsjBrr-\u00a9Joan-Cort\u00e8s_26mai17_FLC-EEA_FEMJzz_Bnyls-.jpg 399w, https:\/\/tomajazz.com\/web\/wp-content\/uploads\/2017\/07\/03_rcsnNstsjBrr-\u00a9Joan-Cort\u00e8s_26mai17_FLC-EEA_FEMJzz_Bnyls--200x300.jpg 200w, https:\/\/tomajazz.com\/web\/wp-content\/uploads\/2017\/07\/03_rcsnNstsjBrr-\u00a9Joan-Cort\u00e8s_26mai17_FLC-EEA_FEMJzz_Bnyls--37x55.jpg 37w\" sizes=\"auto, (max-width: 399px) 100vw, 399px\" \/> <img loading=\"lazy\" decoding=\"async\" class=\"aligncenter size-large wp-image-31351\" src=\"http:\/\/www.tomajazz.com\/web\/wp-content\/uploads\/2017\/07\/04_rcsnNstsjBrr-\u00a9Joan-Cort\u00e8s_26mai17_FLC-EEA_FEMJzz_Bnyls--399x600.jpg\" alt=\"\" width=\"399\" height=\"600\" title=\"\" srcset=\"https:\/\/tomajazz.com\/web\/wp-content\/uploads\/2017\/07\/04_rcsnNstsjBrr-\u00a9Joan-Cort\u00e8s_26mai17_FLC-EEA_FEMJzz_Bnyls-.jpg 399w, https:\/\/tomajazz.com\/web\/wp-content\/uploads\/2017\/07\/04_rcsnNstsjBrr-\u00a9Joan-Cort\u00e8s_26mai17_FLC-EEA_FEMJzz_Bnyls--200x300.jpg 200w, https:\/\/tomajazz.com\/web\/wp-content\/uploads\/2017\/07\/04_rcsnNstsjBrr-\u00a9Joan-Cort\u00e8s_26mai17_FLC-EEA_FEMJzz_Bnyls--37x55.jpg 37w\" sizes=\"auto, (max-width: 399px) 100vw, 399px\" \/> <img loading=\"lazy\" decoding=\"async\" class=\"aligncenter size-large wp-image-31352\" src=\"http:\/\/www.tomajazz.com\/web\/wp-content\/uploads\/2017\/07\/05_rcsnNstsjBrr-\u00a9Joan-Cort\u00e8s_26mai17_FLC-EEA_FEMJzz_Bnyls--399x600.jpg\" alt=\"\" width=\"399\" height=\"600\" title=\"\" srcset=\"https:\/\/tomajazz.com\/web\/wp-content\/uploads\/2017\/07\/05_rcsnNstsjBrr-\u00a9Joan-Cort\u00e8s_26mai17_FLC-EEA_FEMJzz_Bnyls-.jpg 399w, https:\/\/tomajazz.com\/web\/wp-content\/uploads\/2017\/07\/05_rcsnNstsjBrr-\u00a9Joan-Cort\u00e8s_26mai17_FLC-EEA_FEMJzz_Bnyls--200x300.jpg 200w, https:\/\/tomajazz.com\/web\/wp-content\/uploads\/2017\/07\/05_rcsnNstsjBrr-\u00a9Joan-Cort\u00e8s_26mai17_FLC-EEA_FEMJzz_Bnyls--37x55.jpg 37w\" sizes=\"auto, (max-width: 399px) 100vw, 399px\" \/> <img loading=\"lazy\" decoding=\"async\" class=\"aligncenter size-large wp-image-31353\" src=\"http:\/\/www.tomajazz.com\/web\/wp-content\/uploads\/2017\/07\/06_rcsnNstsjBrr-\u00a9Joan-Cort\u00e8s_26mai17_FLC-EEA_FEMJzz_Bnyls--600x399.jpg\" alt=\"\" width=\"600\" height=\"399\" title=\"\" srcset=\"https:\/\/tomajazz.com\/web\/wp-content\/uploads\/2017\/07\/06_rcsnNstsjBrr-\u00a9Joan-Cort\u00e8s_26mai17_FLC-EEA_FEMJzz_Bnyls-.jpg 600w, https:\/\/tomajazz.com\/web\/wp-content\/uploads\/2017\/07\/06_rcsnNstsjBrr-\u00a9Joan-Cort\u00e8s_26mai17_FLC-EEA_FEMJzz_Bnyls--200x133.jpg 200w, https:\/\/tomajazz.com\/web\/wp-content\/uploads\/2017\/07\/06_rcsnNstsjBrr-\u00a9Joan-Cort\u00e8s_26mai17_FLC-EEA_FEMJzz_Bnyls--83x55.jpg 83w, https:\/\/tomajazz.com\/web\/wp-content\/uploads\/2017\/07\/06_rcsnNstsjBrr-\u00a9Joan-Cort\u00e8s_26mai17_FLC-EEA_FEMJzz_Bnyls--60x40.jpg 60w, https:\/\/tomajazz.com\/web\/wp-content\/uploads\/2017\/07\/06_rcsnNstsjBrr-\u00a9Joan-Cort\u00e8s_26mai17_FLC-EEA_FEMJzz_Bnyls--120x80.jpg 120w\" sizes=\"auto, (max-width: 600px) 100vw, 600px\" \/> <img loading=\"lazy\" decoding=\"async\" class=\"aligncenter size-large wp-image-31354\" src=\"http:\/\/www.tomajazz.com\/web\/wp-content\/uploads\/2017\/07\/07_rcsnNstsjBrr-\u00a9Joan-Cort\u00e8s_26mai17_FLC-EEA_FEMJzz_Bnyls--600x399.jpg\" alt=\"\" width=\"600\" height=\"399\" title=\"\" srcset=\"https:\/\/tomajazz.com\/web\/wp-content\/uploads\/2017\/07\/07_rcsnNstsjBrr-\u00a9Joan-Cort\u00e8s_26mai17_FLC-EEA_FEMJzz_Bnyls-.jpg 600w, https:\/\/tomajazz.com\/web\/wp-content\/uploads\/2017\/07\/07_rcsnNstsjBrr-\u00a9Joan-Cort\u00e8s_26mai17_FLC-EEA_FEMJzz_Bnyls--200x133.jpg 200w, https:\/\/tomajazz.com\/web\/wp-content\/uploads\/2017\/07\/07_rcsnNstsjBrr-\u00a9Joan-Cort\u00e8s_26mai17_FLC-EEA_FEMJzz_Bnyls--83x55.jpg 83w, https:\/\/tomajazz.com\/web\/wp-content\/uploads\/2017\/07\/07_rcsnNstsjBrr-\u00a9Joan-Cort\u00e8s_26mai17_FLC-EEA_FEMJzz_Bnyls--60x40.jpg 60w, https:\/\/tomajazz.com\/web\/wp-content\/uploads\/2017\/07\/07_rcsnNstsjBrr-\u00a9Joan-Cort\u00e8s_26mai17_FLC-EEA_FEMJzz_Bnyls--120x80.jpg 120w\" sizes=\"auto, (max-width: 600px) 100vw, 600px\" \/> <img loading=\"lazy\" decoding=\"async\" class=\"aligncenter size-large wp-image-31355\" src=\"http:\/\/www.tomajazz.com\/web\/wp-content\/uploads\/2017\/07\/08_rcsnNstsjBrr-\u00a9Joan-Cort\u00e8s_26mai17_FLC-EEA_FEMJzz_Bnyls--399x600.jpg\" alt=\"\" width=\"399\" height=\"600\" title=\"\" srcset=\"https:\/\/tomajazz.com\/web\/wp-content\/uploads\/2017\/07\/08_rcsnNstsjBrr-\u00a9Joan-Cort\u00e8s_26mai17_FLC-EEA_FEMJzz_Bnyls-.jpg 399w, https:\/\/tomajazz.com\/web\/wp-content\/uploads\/2017\/07\/08_rcsnNstsjBrr-\u00a9Joan-Cort\u00e8s_26mai17_FLC-EEA_FEMJzz_Bnyls--200x300.jpg 200w, https:\/\/tomajazz.com\/web\/wp-content\/uploads\/2017\/07\/08_rcsnNstsjBrr-\u00a9Joan-Cort\u00e8s_26mai17_FLC-EEA_FEMJzz_Bnyls--37x55.jpg 37w\" sizes=\"auto, (max-width: 399px) 100vw, 399px\" \/> <img loading=\"lazy\" decoding=\"async\" class=\"aligncenter size-large wp-image-31356\" src=\"http:\/\/www.tomajazz.com\/web\/wp-content\/uploads\/2017\/07\/09_rcsnNstsjBrr-\u00a9Joan-Cort\u00e8s_26mai17_FLC-EEA_FEMJzz_Bnyls--600x399.jpg\" alt=\"\" width=\"600\" height=\"399\" title=\"\" srcset=\"https:\/\/tomajazz.com\/web\/wp-content\/uploads\/2017\/07\/09_rcsnNstsjBrr-\u00a9Joan-Cort\u00e8s_26mai17_FLC-EEA_FEMJzz_Bnyls-.jpg 600w, https:\/\/tomajazz.com\/web\/wp-content\/uploads\/2017\/07\/09_rcsnNstsjBrr-\u00a9Joan-Cort\u00e8s_26mai17_FLC-EEA_FEMJzz_Bnyls--200x133.jpg 200w, https:\/\/tomajazz.com\/web\/wp-content\/uploads\/2017\/07\/09_rcsnNstsjBrr-\u00a9Joan-Cort\u00e8s_26mai17_FLC-EEA_FEMJzz_Bnyls--83x55.jpg 83w, https:\/\/tomajazz.com\/web\/wp-content\/uploads\/2017\/07\/09_rcsnNstsjBrr-\u00a9Joan-Cort\u00e8s_26mai17_FLC-EEA_FEMJzz_Bnyls--60x40.jpg 60w, https:\/\/tomajazz.com\/web\/wp-content\/uploads\/2017\/07\/09_rcsnNstsjBrr-\u00a9Joan-Cort\u00e8s_26mai17_FLC-EEA_FEMJzz_Bnyls--120x80.jpg 120w\" sizes=\"auto, (max-width: 600px) 100vw, 600px\" \/> <img loading=\"lazy\" decoding=\"async\" class=\"aligncenter size-large wp-image-31357\" src=\"http:\/\/www.tomajazz.com\/web\/wp-content\/uploads\/2017\/07\/10_rcsnNstsjBrr-\u00a9Joan-Cort\u00e8s_26mai17_FLC-EEA_FEMJzz_Bnyls--399x600.jpg\" alt=\"\" width=\"399\" height=\"600\" title=\"\" srcset=\"https:\/\/tomajazz.com\/web\/wp-content\/uploads\/2017\/07\/10_rcsnNstsjBrr-\u00a9Joan-Cort\u00e8s_26mai17_FLC-EEA_FEMJzz_Bnyls-.jpg 399w, https:\/\/tomajazz.com\/web\/wp-content\/uploads\/2017\/07\/10_rcsnNstsjBrr-\u00a9Joan-Cort\u00e8s_26mai17_FLC-EEA_FEMJzz_Bnyls--200x300.jpg 200w, https:\/\/tomajazz.com\/web\/wp-content\/uploads\/2017\/07\/10_rcsnNstsjBrr-\u00a9Joan-Cort\u00e8s_26mai17_FLC-EEA_FEMJzz_Bnyls--37x55.jpg 37w\" sizes=\"auto, (max-width: 399px) 100vw, 399px\" \/><\/p>\n<p style=\"text-align: right;\"><strong>Tomajazz<\/strong>:\u00a0\u00a9 <strong>Joan Cort\u00e8s<\/strong>, 2017<\/p>\n","protected":false},"excerpt":{"rendered":"<p>Fecha: Viernes, 26 de mayo de 2017 Lugar: Festival d\u2019Emerg\u00e8ncies Musicals de Banyoles, FEM Jazz, Fundaci\u00f3 Llu\u00eds Coromina, Espai Eat Art, Banyoles, Girona Componentes: Ericson-N\u00e4stesj\u00f6-Berre Sture Ericson, saxo alto y clarinete Johannes N\u00e4stesj\u00f6, contrabajo H\u00e5kon Berre, bater\u00eda y percusi\u00f3n Tomajazz:\u00a0\u00a9 Joan Cort\u00e8s, 2017<span class=\"more-link\"><a href=\"https:\/\/tomajazz.com\/web\/instantzz-ericson-nastesjo-berre-festival-demergencies-musicals-de-banyoles-fem-jazz-fundacio-lluis-coromia-espai-eat-art-banyoles-girona-2017-05-26-galeria-fotografica\/\">Contin\u00faa leyendo<\/a><\/span><\/p>\n","protected":false},"author":1,"featured_media":31354,"comment_status":"open","ping_status":"closed","sticky":false,"template":"","format":"standard","meta":{"jetpack_post_was_ever_published":false,"_jetpack_newsletter_access":"","_jetpack_dont_email_post_to_subs":false,"_jetpack_newsletter_tier_id":0,"_jetpack_memberships_contains_paywalled_content":false,"_jetpack_memberships_contains_paid_content":false,"footnotes":""},"categories":[17853,11262,15516,11261,1038],"tags":[19807,19808,16075,15656,12656,12796,12755,15318,15317,19809,15655,15275,15654,14610,11263,13,12415,15295,1041,8060,15710,12657,19810,16099,77,16100],"class_list":["entry","author-pachi","post-31347","post","type-post","status-publish","format-standard","has-post-thumbnail","category-joan-cortes","category-photoblogs","category-imagenes","category-instantzz","category-contenidos","tag-ericson-nastesjo-berre","tag-fem-jazz-banyoles-girona","tag-festival-demergencies-musicals-de-banyoles","tag-foto-galeria-de-jazz","tag-fotoblog","tag-fotografia-de-jazz","tag-fotografias-de-jazz","tag-fotografos-de-jazz","tag-fotos-de-jazz","tag-fundacio-lluis-coromina-espai-eat-art-banyoles-girona","tag-galeria-de-fotos-de-jazz","tag-galeria-fotografica","tag-galeria-fotografica-de-jazz","tag-hakon-berre","tag-instantzz-2","tag-jazz","tag-jazz-en-espana","tag-jazz-en-espanol","tag-joan-cortes","tag-johannes-nastesjo","tag-la-actualidad-del-jazz-en-espana","tag-photoblog","tag-sture-ericson","tag-toma-jazz","tag-tomajazz","tag-tomajazz-toma-jazz"],"jetpack_featured_media_url":"https:\/\/tomajazz.com\/web\/wp-content\/uploads\/2017\/07\/07_rcsnNstsjBrr-\u00a9Joan-Cort\u00e8s_26mai17_FLC-EEA_FEMJzz_Bnyls-.jpg","jetpack_likes_enabled":true,"jetpack_sharing_enabled":true,"jetpack-related-posts":[{"id":31366,"url":"https:\/\/tomajazz.com\/web\/instantzz-arnau-obiols-liberrim-festival-demergencies-musicals-de-banyoles-fem-jazz-el-pati-de-ca-la-flora-banyoles-girona-2017-05-26-galeria-fotografica\/","url_meta":{"origin":31347,"position":0},"title":"INSTANTZZ: Arnau Obiols \u201cLib\u00e8rrim\u201d (Festival d\u2019Emerg\u00e8ncies Musicals de Banyoles, FEM Jazz, El pati de ca la Flora, Banyoles -Girona-. 2017-05-26) [Galer\u00eda fotogr\u00e1fica]","author":"Tomajazz","date":"12 julio, 2017","format":false,"excerpt":"Fecha: Viernes, 26 de mayo de 2017 Lugar: El pati de ca la Flora (Banyoles \u2013Girona-) Grupo: Arnau Obiols \u201cLib\u00e8rrim\u201d Pol Padr\u00f3s, trompeta Marcel\u00b7l\u00ed Bayer, clarinetes M\u00edriam F\u00e8liz, violonchelo Amaiur Gonz\u00e1lez, tuba Arnau Obiols, bater\u00eda Tomajazz:\u00a0\u00a9\u00a0Joan Cort\u00e8s, 2017","rel":"","context":"En \u00ab*_Joan Cort\u00e8s\u00bb","block_context":{"text":"*_Joan Cort\u00e8s","link":"https:\/\/tomajazz.com\/web\/category\/joan-cortes\/"},"img":{"alt_text":"","src":"https:\/\/i0.wp.com\/tomajazz.com\/web\/wp-content\/uploads\/2017\/07\/07_nOblsLbrrm-%C2%A9Joan-Cort%C3%A8s_26mai17_PdClF_FEMJzz_Bnyls-.jpg?resize=350%2C200&ssl=1","width":350,"height":200,"srcset":"https:\/\/i0.wp.com\/tomajazz.com\/web\/wp-content\/uploads\/2017\/07\/07_nOblsLbrrm-%C2%A9Joan-Cort%C3%A8s_26mai17_PdClF_FEMJzz_Bnyls-.jpg?resize=350%2C200&ssl=1 1x, https:\/\/i0.wp.com\/tomajazz.com\/web\/wp-content\/uploads\/2017\/07\/07_nOblsLbrrm-%C2%A9Joan-Cort%C3%A8s_26mai17_PdClF_FEMJzz_Bnyls-.jpg?resize=525%2C300&ssl=1 1.5x"},"classes":[]},{"id":25632,"url":"https:\/\/tomajazz.com\/web\/instantzz-fred-hersch-trio-femjazz-2016-festival-demergencies-musicals-de-banyoles-ateneu-de-lauditori-banyoles-girona-2016-05-28\/","url_meta":{"origin":31347,"position":1},"title":"INSTANTZZ: Fred Hersch Trio (Femjazz! 2016 -Festival d\u2019Emerg\u00e8ncies Musicals de Banyoles-, Ateneu de l\u2019Auditori, Banyoles -Girona-. 2016-05-28) [Galer\u00eda fotogr\u00e1fica]","author":"Tomajazz","date":"23 julio, 2016","format":false,"excerpt":"Fecha: S\u00e1bado, 28 de mayo de 2016 Lugar: Auditori de l\u2019Ateneu, Banyoles (Girona) Componentes: Fred Hersch Trio Fred Hersch, piano John Hebert, contrabajo Eric McPherson, bater\u00eda \u00a9 Joan Cort\u00e8s, 2016","rel":"","context":"En \u00ab*_Joan Cort\u00e8s\u00bb","block_context":{"text":"*_Joan Cort\u00e8s","link":"https:\/\/tomajazz.com\/web\/category\/joan-cortes\/"},"img":{"alt_text":"","src":"https:\/\/i0.wp.com\/tomajazz.com\/web\/wp-content\/uploads\/2016\/07\/01_Frd-Hrscht-tr-%C2%A9Joan-Cort%C3%A8s_28mai16_ditr-d-ltn_Fmjzz_Bnyls.jpg?resize=350%2C200&ssl=1","width":350,"height":200,"srcset":"https:\/\/i0.wp.com\/tomajazz.com\/web\/wp-content\/uploads\/2016\/07\/01_Frd-Hrscht-tr-%C2%A9Joan-Cort%C3%A8s_28mai16_ditr-d-ltn_Fmjzz_Bnyls.jpg?resize=350%2C200&ssl=1 1x, https:\/\/i0.wp.com\/tomajazz.com\/web\/wp-content\/uploads\/2016\/07\/01_Frd-Hrscht-tr-%C2%A9Joan-Cort%C3%A8s_28mai16_ditr-d-ltn_Fmjzz_Bnyls.jpg?resize=525%2C300&ssl=1 1.5x"},"classes":[]},{"id":26398,"url":"https:\/\/tomajazz.com\/web\/instantzz-free-art-ensemble-residencia-octet-fundacio-lluis-coromina-espai-eat-art-banyoles-2016-08-30-galeria-fotografica\/","url_meta":{"origin":31347,"position":2},"title":"INSTANTZZ: Free Art Ensemble -resid\u00e8ncia octet-  (Fundaci\u00f3 Llu\u00eds Coromina-Espai Eat Art, Banyoles. 2016-08-30) [Galer\u00eda fotogr\u00e1fica]","author":"Tomajazz","date":"20 septiembre, 2016","format":false,"excerpt":"Instantzz de Joan Cort\u00e8s con la residencia del Free Art Ensemble en Fundaci\u00f3 Llu\u00eds Coromina-Espai Eat Art de Banyoles (Gerona).","rel":"","context":"En \u00ab*_Joan Cort\u00e8s\u00bb","block_context":{"text":"*_Joan Cort\u00e8s","link":"https:\/\/tomajazz.com\/web\/category\/joan-cortes\/"},"img":{"alt_text":"","src":"https:\/\/i0.wp.com\/tomajazz.com\/web\/wp-content\/uploads\/2016\/09\/05_Fr-rt-nsmbl-%C2%A9Joan-Cort%C3%A8s_FLC-EEA_Bnyls.jpg?resize=350%2C200&ssl=1","width":350,"height":200,"srcset":"https:\/\/i0.wp.com\/tomajazz.com\/web\/wp-content\/uploads\/2016\/09\/05_Fr-rt-nsmbl-%C2%A9Joan-Cort%C3%A8s_FLC-EEA_Bnyls.jpg?resize=350%2C200&ssl=1 1x, https:\/\/i0.wp.com\/tomajazz.com\/web\/wp-content\/uploads\/2016\/09\/05_Fr-rt-nsmbl-%C2%A9Joan-Cort%C3%A8s_FLC-EEA_Bnyls.jpg?resize=525%2C300&ssl=1 1.5x"},"classes":[]},{"id":71976,"url":"https:\/\/tomajazz.com\/web\/ramon-prats-solot-31-dies-2023\/","url_meta":{"origin":31347,"position":3},"title":"Ramon Prats \u201cSolot -31 dies, 31 improvisacions\u201d (Fundaci\u00f3 Llu\u00eds Coromina, Espai Eat Art, 2023-01-11. Banyoles -Girona-) Por Joan Cort\u00e8s [INSTANTZZ AKA Galer\u00eda fotogr\u00e1fica AKA Fotoblog de jazz, impro\u2026 y algo m\u00e1s]","author":"Tomajazz","date":"11 marzo, 2023","format":false,"excerpt":"Ramon Prats ha realizado 31 improvisaciones en solitario en enero de 2023. Joan Cort\u00e8s trae a INSTANTZZ una galer\u00eda fotogr\u00e1fica del und\u00e9cimo d\u00eda.","rel":"","context":"En \u00abINSTANTZZ\u00bb","block_context":{"text":"INSTANTZZ","link":"https:\/\/tomajazz.com\/web\/category\/contenidos\/imagenes\/photoblogs\/instantzz\/"},"img":{"alt_text":"Ramon Prats \u201cSolot -31 dies, 31 improvisacions\u201d (Fundaci\u00f3 Llu\u00eds Coromina, Espai Eat Art, 2023-01-11. Banyoles -Girona-) Por Joan Cort\u00e8s [INSTANTZZ AKA Galer\u00eda fotogr\u00e1fica AKA Fotoblog de jazz, impro\u2026 y algo m\u00e1s]","src":"https:\/\/i0.wp.com\/tomajazz.com\/web\/wp-content\/uploads\/2023\/03\/11_Rmn-Prts-slt-%C2%A9Joan-Cortes_11gen23_FLlC_Bnyls_bn.jpg?resize=350%2C200&ssl=1","width":350,"height":200,"srcset":"https:\/\/i0.wp.com\/tomajazz.com\/web\/wp-content\/uploads\/2023\/03\/11_Rmn-Prts-slt-%C2%A9Joan-Cortes_11gen23_FLlC_Bnyls_bn.jpg?resize=350%2C200&ssl=1 1x, https:\/\/i0.wp.com\/tomajazz.com\/web\/wp-content\/uploads\/2023\/03\/11_Rmn-Prts-slt-%C2%A9Joan-Cortes_11gen23_FLlC_Bnyls_bn.jpg?resize=525%2C300&ssl=1 1.5x"},"classes":[]},{"id":103528,"url":"https:\/\/tomajazz.com\/web\/barcelona-art-orchestra-57-festival-de-jazz-de-barcelona-2025\/","url_meta":{"origin":31347,"position":4},"title":"Barcelona Art Orchestra -BAO- &#038; Miguel Zen\u00f3n \u201cExpressions\u201d (57\u00e8 Festival de Jazz de Barcelona \/ L\u2019Auditori -S2OM-, 2025-11-29 \/ Barcelona) [09] Por Joan Cort\u00e8s [INSTANTZZ AKA Galer\u00eda fotogr\u00e1fica AKA Fotoblog de jazz, impro\u2026 y algo m\u00e1s]","author":"Tomajazz","date":"18 enero, 2026","format":false,"excerpt":"Barcelona Art Orchestra -BAO- & Miguel Zen\u00f3n \u201cExpressions\u201d actuaron en el 57\u00e8 Festival de Jazz de Barcelona 2026 en L\u2019Auditori, el 29 de noviembre de 2025. Joan Cort\u00e8s lo retrata en INSTANTZZ","rel":"","context":"En \u00ab57 Festival de Jazz de Barcelona 2025\u00bb","block_context":{"text":"57 Festival de Jazz de Barcelona 2025","link":"https:\/\/tomajazz.com\/web\/category\/contenidos\/especial-contenidos\/57-festival-de-jazz-de-barcelona-2025\/"},"img":{"alt_text":"Barcelona Art Orchestra -BAO- & Miguel Zen\u00f3n \u201cExpressions\u201d (57\u00e8 Festival de Jazz de Barcelona \/ L\u2019Auditori -S2OM-, 2025-11-29 \/ Barcelona) [09] Por Joan Cort\u00e8s [INSTANTZZ AKA Galer\u00eda fotogr\u00e1fica AKA Fotoblog de jazz, impro\u2026 y algo m\u00e1s] - Tomajazz - Barcelona Art Orchestra -BAO- & Miguel Zen\u00f3n \u201cExpressions\u201d actuaron en el 57\u00e8 Festival de Jazz de Barcelona 2026 en L\u2019Auditori, el 29 de noviembre de 2025. Joan Cort\u00e8s lo retrata en INSTANTZZ","src":"https:\/\/i0.wp.com\/tomajazz.com\/web\/wp-content\/uploads\/2026\/01\/11-Bc-rt-ch-Mgl-Znn-%C2%A9Joan-Cortes-29ctb25-L-dtr-S2-Bcn.jpg?resize=350%2C200&ssl=1","width":350,"height":200,"srcset":"https:\/\/i0.wp.com\/tomajazz.com\/web\/wp-content\/uploads\/2026\/01\/11-Bc-rt-ch-Mgl-Znn-%C2%A9Joan-Cortes-29ctb25-L-dtr-S2-Bcn.jpg?resize=350%2C200&ssl=1 1x, https:\/\/i0.wp.com\/tomajazz.com\/web\/wp-content\/uploads\/2026\/01\/11-Bc-rt-ch-Mgl-Znn-%C2%A9Joan-Cortes-29ctb25-L-dtr-S2-Bcn.jpg?resize=525%2C300&ssl=1 1.5x"},"classes":[]},{"id":103926,"url":"https:\/\/tomajazz.com\/web\/chano-dominguez-sextet-girona-2025\/","url_meta":{"origin":31347,"position":5},"title":"Chano Dom\u00ednguez Sextet &#038; Girona Jazz Project Big Band \u201cDe Cai a New Orleans\u201d (Auditori de Girona, 2025-12-13 \/ Girona) Por Joan Cort\u00e8s [INSTANTZZ AKA Galer\u00eda fotogr\u00e1fica AKA Fotoblog de jazz, impro\u2026 y algo m\u00e1s]","author":"Tomajazz","date":"8 febrero, 2026","format":false,"excerpt":"Chano Dom\u00ednguez Sextet & Girona Jazz Project Big Band \u201cDe Cai a New Orleans\u201d actu\u00f3 el 13 de diciembre de 2025 en el Auditori de Girona. Joan Cort\u00e8s lo retrata en INSTANTZZ. Actuaron Chano Dom\u00ednguez, Marc Miralta, Manel Forti\u00e0, Mosquito, Blas C\u00f3rdoba \u201cEl Kej\u00edo\u201d, Ni\u00f1o de los Reyes","rel":"","context":"En \u00ab*_Joan Cort\u00e8s\u00bb","block_context":{"text":"*_Joan Cort\u00e8s","link":"https:\/\/tomajazz.com\/web\/category\/joan-cortes\/"},"img":{"alt_text":"Chano Dom\u00ednguez Sextet & Girona Jazz Project Big Band \u201cDe Cai a New Orleans\u201d (Auditori de Girona, 2025-12-13 \/ Girona) Por Joan Cort\u00e8s [INSTANTZZ AKA Galer\u00eda fotogr\u00e1fica AKA Fotoblog de jazz, impro\u2026 y algo m\u00e1s] - Tomajazz - Chano Dom\u00ednguez Sextet & Girona Jazz Project Big Band \u201cDe Cai a New Orleans\u201d actu\u00f3 el 13 de diciembre de 2025 en el Auditori de Girona. Joan Cort\u00e8s lo retrata en INSTANTZZ. Actuaron Chano Dom\u00ednguez, Marc Miralta, Manel Forti\u00e0, Mosquito, Blas C\u00f3rdoba \u201cEl Kej\u00edo\u201d, Ni\u00f1o de los Reyes\n","src":"https:\/\/i0.wp.com\/tomajazz.com\/web\/wp-content\/uploads\/2026\/02\/destacado-10-ChD6-GJPBB-Photo-By-Joan-Cortes-13dsm25-dtr-Grn-.jpg?resize=350%2C200&ssl=1","width":350,"height":200,"srcset":"https:\/\/i0.wp.com\/tomajazz.com\/web\/wp-content\/uploads\/2026\/02\/destacado-10-ChD6-GJPBB-Photo-By-Joan-Cortes-13dsm25-dtr-Grn-.jpg?resize=350%2C200&ssl=1 1x, https:\/\/i0.wp.com\/tomajazz.com\/web\/wp-content\/uploads\/2026\/02\/destacado-10-ChD6-GJPBB-Photo-By-Joan-Cortes-13dsm25-dtr-Grn-.jpg?resize=525%2C300&ssl=1 1.5x"},"classes":[]}],"_links":{"self":[{"href":"https:\/\/tomajazz.com\/web\/wp-json\/wp\/v2\/posts\/31347","targetHints":{"allow":["GET"]}}],"collection":[{"href":"https:\/\/tomajazz.com\/web\/wp-json\/wp\/v2\/posts"}],"about":[{"href":"https:\/\/tomajazz.com\/web\/wp-json\/wp\/v2\/types\/post"}],"author":[{"embeddable":true,"href":"https:\/\/tomajazz.com\/web\/wp-json\/wp\/v2\/users\/1"}],"replies":[{"embeddable":true,"href":"https:\/\/tomajazz.com\/web\/wp-json\/wp\/v2\/comments?post=31347"}],"version-history":[{"count":1,"href":"https:\/\/tomajazz.com\/web\/wp-json\/wp\/v2\/posts\/31347\/revisions"}],"predecessor-version":[{"id":31358,"href":"https:\/\/tomajazz.com\/web\/wp-json\/wp\/v2\/posts\/31347\/revisions\/31358"}],"wp:featuredmedia":[{"embeddable":true,"href":"https:\/\/tomajazz.com\/web\/wp-json\/wp\/v2\/media\/31354"}],"wp:attachment":[{"href":"https:\/\/tomajazz.com\/web\/wp-json\/wp\/v2\/media?parent=31347"}],"wp:term":[{"taxonomy":"category","embeddable":true,"href":"https:\/\/tomajazz.com\/web\/wp-json\/wp\/v2\/categories?post=31347"},{"taxonomy":"post_tag","embeddable":true,"href":"https:\/\/tomajazz.com\/web\/wp-json\/wp\/v2\/tags?post=31347"}],"curies":[{"name":"wp","href":"https:\/\/api.w.org\/{rel}","templated":true}]}}