{"id":31536,"date":"2017-07-22T11:00:38","date_gmt":"2017-07-22T09:00:38","guid":{"rendered":"http:\/\/www.tomajazz.com\/web\/?p=31536"},"modified":"2017-07-26T23:28:18","modified_gmt":"2017-07-26T21:28:18","slug":"hdo-289-una-hora-con-peggy-lee-podcast","status":"publish","type":"post","link":"https:\/\/tomajazz.com\/web\/hdo-289-una-hora-con-peggy-lee-podcast\/","title":{"rendered":"HDO 289. Una hora con\u2026 Peggy Lee [Podcast]"},"content":{"rendered":"<p style=\"text-align: left;\"><strong><img loading=\"lazy\" decoding=\"async\" class=\"alignleft wp-image-26194 size-medium\" src=\"http:\/\/www.tomajazz.com\/web\/wp-content\/uploads\/2016\/09\/Peggy_Lee_Billboard-Magazine-1945-200x224.jpg\" alt=\"\" width=\"200\" height=\"224\" title=\"\" srcset=\"https:\/\/tomajazz.com\/web\/wp-content\/uploads\/2016\/09\/Peggy_Lee_Billboard-Magazine-1945-200x224.jpg 200w, https:\/\/tomajazz.com\/web\/wp-content\/uploads\/2016\/09\/Peggy_Lee_Billboard-Magazine-1945-134x150.jpg 134w, https:\/\/tomajazz.com\/web\/wp-content\/uploads\/2016\/09\/Peggy_Lee_Billboard-Magazine-1945-536x600.jpg 536w, https:\/\/tomajazz.com\/web\/wp-content\/uploads\/2016\/09\/Peggy_Lee_Billboard-Magazine-1945-49x55.jpg 49w, https:\/\/tomajazz.com\/web\/wp-content\/uploads\/2016\/09\/Peggy_Lee_Billboard-Magazine-1945.jpg 575w\" sizes=\"auto, (max-width: 200px) 100vw, 200px\" \/>Peggy Lee\u00a0<\/strong>(1920 \u2013 2002) es lo m\u00e1s parecido a una artista total: cantante, compositora, actriz, con gran \u00e9xito en todos estos campos. <strong>HDO 289<\/strong>\u00a0es la segunda entrega de la serie de programas\u00a0<a href=\"http:\/\/www.tomajazz.com\/web\/?cat=19730\" target=\"_blank\" rel=\"noopener\"><em>Una hora con\u2026<\/em><\/a>\u00a0en la que escuchamos algunos de sus temas m\u00e1s emblem\u00e1ticos. Como complemento a la m\u00fasica se recomienda la escucha de las entregas <a href=\"http:\/\/www.tomajazz.com\/web\/?p=26192\" target=\"_blank\" rel=\"noopener\">62<\/a> y <a href=\"http:\/\/www.tomajazz.com\/web\/?p=26257\" target=\"_blank\" rel=\"noopener\">63<\/a> de\u00a0<em>La Odisea de la M\u00fasica Afroamericana\u00a0<\/em>de\u00a0<strong>Luis Escalante Ozalla<\/strong>, dedicadas a la carrera de esta gran artista.<\/p>\n<p style=\"text-align: right;\"><strong>Tomajazz<\/strong>: \u00a9\u00a0<strong>Pachi Tapiz<\/strong>, 2017<\/p>\n<p style=\"text-align: left;\">HDO es un podcast editado, presentado y producido por Pachi Tapiz.<\/p>\n<p><iframe loading=\"lazy\" id=\"audio_19897639\" style=\"border: 1px solid #EEE; box-sizing: border-box; width: 100%;\" src=\"https:\/\/www.ivoox.com\/player_ej_19897639_4_1.html?c1=ff6600\" width=\"300\" height=\"200\" frameborder=\"0\" scrolling=\"no\" allowfullscreen=\"allowfullscreen\"><\/iframe><\/p>\n","protected":false},"excerpt":{"rendered":"<p>Peggy Lee\u00a0(1920 \u2013 2002) es lo m\u00e1s parecido a una artista total: cantante, compositora, actriz, con gran \u00e9xito en todos estos campos. HDO 289\u00a0es la segunda entrega de la serie de programas\u00a0Una hora con\u2026\u00a0en la que escuchamos algunos de sus temas m\u00e1s emblem\u00e1ticos. Como complemento a la m\u00fasica se recomienda<span class=\"more-link\"><a href=\"https:\/\/tomajazz.com\/web\/hdo-289-una-hora-con-peggy-lee-podcast\/\">Contin\u00faa leyendo<\/a><\/span><\/p>\n","protected":false},"author":1,"featured_media":26194,"comment_status":"open","ping_status":"closed","sticky":false,"template":"","format":"standard","meta":{"jetpack_post_was_ever_published":false,"_jetpack_newsletter_access":"","_jetpack_dont_email_post_to_subs":false,"_jetpack_newsletter_tier_id":0,"_jetpack_memberships_contains_paywalled_content":false,"_jetpack_memberships_contains_paid_content":false,"footnotes":""},"categories":[17847,13298,17151,12814,15518,1038,19730],"tags":[13370,13300,13299,15712,15713,15714,13,12415,15295,15278,960,15710,12817,31,14586,12818,15310,15709,15711,16099,77,16100,19735,19881],"class_list":["entry","author-pachi","post-31536","post","type-post","status-publish","format-standard","has-post-thumbnail","category-pachi-tapiz","category-hablando-de-oidas-hdo","category-t03-2016-17","category-podcast","category-sonidos","category-contenidos","category-una-hora-con","tag-audioblog","tag-hablando-de-oidas","tag-hdo","tag-hdo-el-podcast-de-jazz-de-pachi-tapiz","tag-hdo-el-podcast-de-pachi-tapiz","tag-hdo-hablando-de-oidas","tag-jazz","tag-jazz-en-espana","tag-jazz-en-espanol","tag-jazz-podcast","tag-jose-francisco-tapiz","tag-la-actualidad-del-jazz-en-espana","tag-la-odisea-de-la-musica-afroamericana","tag-pachi-tapiz","tag-peggy-lee","tag-podcast","tag-podcast-de-jazz","tag-podcast-de-jazz-en-espana","tag-podcast-de-jazz-en-espanol","tag-toma-jazz","tag-tomajazz","tag-tomajazz-toma-jazz","tag-una-hora-con","tag-una-hora-con-peggy-lee"],"jetpack_featured_media_url":"https:\/\/tomajazz.com\/web\/wp-content\/uploads\/2016\/09\/Peggy_Lee_Billboard-Magazine-1945.jpg","jetpack_likes_enabled":true,"jetpack_sharing_enabled":true,"jetpack-related-posts":[{"id":27801,"url":"https:\/\/tomajazz.com\/web\/hdo-202-why-dont-you-do-right-podcast\/","url_meta":{"origin":31536,"position":0},"title":"HDO 202: Why Don&#8217;t You Do Right? [Podcast]","author":"Tomajazz","date":"27 noviembre, 2016","format":false,"excerpt":"La versi\u00f3n del cl\u00e1sico de Joe Mc Mcoy \"Why Don't You Do Right?\", interpretado por la cantante\u00a0China Moses en el CD\u00a0Jazz Loves Disney\u00a0(Verve, 2016), es el punto de partida para una edici\u00f3n especial centrada en este tema, que inicialmente tom\u00f3 el t\u00edtulo \"Weed Smoker's Dream\". Este tema, compuesto en 1936\u2026","rel":"","context":"En \u00ab*_Pachi Tapiz\u00bb","block_context":{"text":"*_Pachi Tapiz","link":"https:\/\/tomajazz.com\/web\/category\/pachi-tapiz\/"},"img":{"alt_text":"","src":"https:\/\/i0.wp.com\/tomajazz.com\/web\/wp-content\/uploads\/2016\/11\/Varios-autores_Jazz-Loves-Disney_Verve_2016.jpg?resize=350%2C200&ssl=1","width":350,"height":200,"srcset":"https:\/\/i0.wp.com\/tomajazz.com\/web\/wp-content\/uploads\/2016\/11\/Varios-autores_Jazz-Loves-Disney_Verve_2016.jpg?resize=350%2C200&ssl=1 1x, https:\/\/i0.wp.com\/tomajazz.com\/web\/wp-content\/uploads\/2016\/11\/Varios-autores_Jazz-Loves-Disney_Verve_2016.jpg?resize=525%2C300&ssl=1 1.5x, https:\/\/i0.wp.com\/tomajazz.com\/web\/wp-content\/uploads\/2016\/11\/Varios-autores_Jazz-Loves-Disney_Verve_2016.jpg?resize=700%2C400&ssl=1 2x, https:\/\/i0.wp.com\/tomajazz.com\/web\/wp-content\/uploads\/2016\/11\/Varios-autores_Jazz-Loves-Disney_Verve_2016.jpg?resize=1050%2C600&ssl=1 3x, https:\/\/i0.wp.com\/tomajazz.com\/web\/wp-content\/uploads\/2016\/11\/Varios-autores_Jazz-Loves-Disney_Verve_2016.jpg?resize=1400%2C800&ssl=1 4x"},"classes":[]},{"id":33635,"url":"https:\/\/tomajazz.com\/web\/hdo-354-y-hoy-un-estandar-the-way-you-look-tonight-ii-003-podcast\/","url_meta":{"origin":31536,"position":1},"title":"HDO 354. Y hoy\u2026 un est\u00e1ndar: The Way You Look Tonight II (003) [Podcast]","author":"Tomajazz","date":"29 noviembre, 2017","format":false,"excerpt":"Y hoy\u2026 un est\u00e1ndar. Es el turno de la segunda entrega dedicada a \u201cThe Way You Look Tonight\u201d, el cl\u00e1sico con m\u00fasica de Jerome Kern y letra de Dorothy Fields. Suenan las versiones del tema por Peggy Lee junto a la orquesta de Benny Goodman, Ella Fitzgerald, Oscar Peterson, Paul\u2026","rel":"","context":"En \u00ab*_Pachi Tapiz\u00bb","block_context":{"text":"*_Pachi Tapiz","link":"https:\/\/tomajazz.com\/web\/category\/pachi-tapiz\/"},"img":{"alt_text":"","src":"https:\/\/i0.wp.com\/tomajazz.com\/web\/wp-content\/uploads\/2017\/11\/The-Way-You-Look-Tonight_partitura.png?resize=350%2C200&ssl=1","width":350,"height":200},"classes":[]},{"id":31676,"url":"https:\/\/tomajazz.com\/web\/hdo-292-una-hora-con-george-russell-podcast\/","url_meta":{"origin":31536,"position":2},"title":"HDO 292. Una hora con&#8230; George Russell [Podcast]","author":"Tomajazz","date":"26 julio, 2017","format":false,"excerpt":"Una hora con\u00a0George Russell en la entrega 292 de\u00a0HDO. Un m\u00fasico con una carrera que va bastante m\u00e1s all\u00e1 del desarrollo del concepto lidio crom\u00e1tico, con unas cuantas grabaciones m\u00e1s que recomendables. En concreto, en esta entrega de HDO escuchamos\u00a0las grabaciones\u00a0New York, N.Y.\u00a0(Decca, 1959), y la obra maestra\u00a0Jazz In The\u2026","rel":"","context":"En \u00ab*_Pachi Tapiz\u00bb","block_context":{"text":"*_Pachi Tapiz","link":"https:\/\/tomajazz.com\/web\/category\/pachi-tapiz\/"},"img":{"alt_text":"","src":"https:\/\/i0.wp.com\/tomajazz.com\/web\/wp-content\/uploads\/2017\/07\/George-Russell_Jazz_in_the_Space_Age_Decca_1960.jpg?resize=350%2C200&ssl=1","width":350,"height":200},"classes":[]},{"id":29926,"url":"https:\/\/tomajazz.com\/web\/hdo-0254-veteranos-en-la-brecha-lee-konitz-billy-hart-con-aaron-parks-reggie-workman-andrew-cyrille-oliver-lake-trio-3-podcast\/","url_meta":{"origin":31536,"position":3},"title":"HDO 0254. Veteranos en la brecha: Lee Konitz; Billy Hart (con Aaron Parks); Reggie Workman, Andrew Cyrille, Oliver Lake (Trio 3) [Podcast]","author":"Tomajazz","date":"29 marzo, 2017","format":false,"excerpt":"La edici\u00f3n 254 de\u00a0HDO del 29 de marzo de 2017 es un 3X3 dedicado a esos veteranos del jazz que siguen en la brecha:\u00a0Lee Konitz\u00a0que se ha estrenado en\u00a0Impulse! con\u00a0frescalalto, grabaci\u00f3n en la que le acompa\u00f1an\u00a0Kenny Barron,\u00a0Peter Washington\u00a0 y\u00a0Kenny Washington;\u00a0Billy Hart, integrante del tr\u00edo de\u00a0Aaron Parks\u00a0(que completa\u00a0Ben Street), con el\u2026","rel":"","context":"En \u00ab*_Pachi Tapiz\u00bb","block_context":{"text":"*_Pachi Tapiz","link":"https:\/\/tomajazz.com\/web\/category\/pachi-tapiz\/"},"img":{"alt_text":"","src":"https:\/\/i0.wp.com\/tomajazz.com\/web\/wp-content\/uploads\/2017\/03\/Aaron-Parks_Find-The-Way_ECM_2017.jpg?resize=350%2C200&ssl=1","width":350,"height":200,"srcset":"https:\/\/i0.wp.com\/tomajazz.com\/web\/wp-content\/uploads\/2017\/03\/Aaron-Parks_Find-The-Way_ECM_2017.jpg?resize=350%2C200&ssl=1 1x, https:\/\/i0.wp.com\/tomajazz.com\/web\/wp-content\/uploads\/2017\/03\/Aaron-Parks_Find-The-Way_ECM_2017.jpg?resize=525%2C300&ssl=1 1.5x, https:\/\/i0.wp.com\/tomajazz.com\/web\/wp-content\/uploads\/2017\/03\/Aaron-Parks_Find-The-Way_ECM_2017.jpg?resize=700%2C400&ssl=1 2x, https:\/\/i0.wp.com\/tomajazz.com\/web\/wp-content\/uploads\/2017\/03\/Aaron-Parks_Find-The-Way_ECM_2017.jpg?resize=1050%2C600&ssl=1 3x"},"classes":[]},{"id":22569,"url":"https:\/\/tomajazz.com\/web\/portujazz-i-especie-de-trio-andre-fernandes-cicero-lee-mariana-vergueir-hdo-0083-podcast\/","url_meta":{"origin":31536,"position":4},"title":"Portujazz I: Esp\u00e9cie de Trio, Andr\u00e9 Fernandes, Cicero Lee, Mariana Vergueiro. HDO 0083 [Podcast]","author":"Tomajazz","date":"12 marzo, 2016","format":false,"excerpt":"Portugal tiene una actividad jazz\u00edstica m\u00e1s que notable, no estar\u00eda de m\u00e1s tomar ejemplo de sus festivales y ciclos, con un buen n\u00famero de m\u00fasicos y grupos que trabajan con el jazz en todas sus expresiones y que no dejan de publicar nuevas referencias. Dentro de lo que se podr\u00eda\u2026","rel":"","context":"En \u00ab*_Pachi Tapiz\u00bb","block_context":{"text":"*_Pachi Tapiz","link":"https:\/\/tomajazz.com\/web\/category\/pachi-tapiz\/"},"img":{"alt_text":"","src":"https:\/\/i0.wp.com\/tomajazz.com\/web\/wp-content\/uploads\/2016\/03\/Andre-Fernandez_Dream-Keeper_Edition-Records_2015.jpg?resize=350%2C200&ssl=1","width":350,"height":200,"srcset":"https:\/\/i0.wp.com\/tomajazz.com\/web\/wp-content\/uploads\/2016\/03\/Andre-Fernandez_Dream-Keeper_Edition-Records_2015.jpg?resize=350%2C200&ssl=1 1x, https:\/\/i0.wp.com\/tomajazz.com\/web\/wp-content\/uploads\/2016\/03\/Andre-Fernandez_Dream-Keeper_Edition-Records_2015.jpg?resize=525%2C300&ssl=1 1.5x"},"classes":[]},{"id":31696,"url":"https:\/\/tomajazz.com\/web\/hdo-295-una-hora-con-frank-wess-podcast\/","url_meta":{"origin":31536,"position":5},"title":"HDO 295. Una hora con\u2026 Frank Wess [Podcast]","author":"Tomajazz","date":"29 julio, 2017","format":false,"excerpt":"Frank Wess\u00a0(1922 - 2013) es un flautista y saxofonista bien conocido por su pertenencia durante m\u00e1s de una d\u00e9cada a la orquesta de\u00a0Count Basie, con una larga carrera como\u00a0sideman\u00a0y acompa\u00f1ante de otros artistas. En\u00a0HDO 295 dedicamos una nueva entrega de\u00a0Una hora con...\u00a0a sus grabaciones de mediados de los a\u00f1os 50\u00a0Jazz\u2026","rel":"","context":"En \u00ab*_Pachi Tapiz\u00bb","block_context":{"text":"*_Pachi Tapiz","link":"https:\/\/tomajazz.com\/web\/category\/pachi-tapiz\/"},"img":{"alt_text":"HDO 295. Una hora con\u2026 Frank Wess [Podcast]","src":"https:\/\/i0.wp.com\/tomajazz.com\/web\/wp-content\/uploads\/2017\/07\/Frank-Wess_Steamin_Prestige_1963.jpg?resize=350%2C200&ssl=1","width":350,"height":200},"classes":[]}],"_links":{"self":[{"href":"https:\/\/tomajazz.com\/web\/wp-json\/wp\/v2\/posts\/31536","targetHints":{"allow":["GET"]}}],"collection":[{"href":"https:\/\/tomajazz.com\/web\/wp-json\/wp\/v2\/posts"}],"about":[{"href":"https:\/\/tomajazz.com\/web\/wp-json\/wp\/v2\/types\/post"}],"author":[{"embeddable":true,"href":"https:\/\/tomajazz.com\/web\/wp-json\/wp\/v2\/users\/1"}],"replies":[{"embeddable":true,"href":"https:\/\/tomajazz.com\/web\/wp-json\/wp\/v2\/comments?post=31536"}],"version-history":[{"count":4,"href":"https:\/\/tomajazz.com\/web\/wp-json\/wp\/v2\/posts\/31536\/revisions"}],"predecessor-version":[{"id":31577,"href":"https:\/\/tomajazz.com\/web\/wp-json\/wp\/v2\/posts\/31536\/revisions\/31577"}],"wp:featuredmedia":[{"embeddable":true,"href":"https:\/\/tomajazz.com\/web\/wp-json\/wp\/v2\/media\/26194"}],"wp:attachment":[{"href":"https:\/\/tomajazz.com\/web\/wp-json\/wp\/v2\/media?parent=31536"}],"wp:term":[{"taxonomy":"category","embeddable":true,"href":"https:\/\/tomajazz.com\/web\/wp-json\/wp\/v2\/categories?post=31536"},{"taxonomy":"post_tag","embeddable":true,"href":"https:\/\/tomajazz.com\/web\/wp-json\/wp\/v2\/tags?post=31536"}],"curies":[{"name":"wp","href":"https:\/\/api.w.org\/{rel}","templated":true}]}}