{"id":31613,"date":"2017-07-28T11:01:49","date_gmt":"2017-07-28T09:01:49","guid":{"rendered":"http:\/\/www.tomajazz.com\/web\/?p=31613"},"modified":"2018-04-19T11:35:34","modified_gmt":"2018-04-19T09:35:34","slug":"instantzz-sonia-sanchez-improvisando-circunstancias-vermut-concert-tarambana-espai-cultural-i-gastronomic-cardedeu-barcelona-2017-06-04-galeria-fotografica","status":"publish","type":"post","link":"https:\/\/tomajazz.com\/web\/instantzz-sonia-sanchez-improvisando-circunstancias-vermut-concert-tarambana-espai-cultural-i-gastronomic-cardedeu-barcelona-2017-06-04-galeria-fotografica\/","title":{"rendered":"INSTANTZZ: S\u00f2nia S\u00e1nchez \u201cImprovisando Circunstancias\u201d (Vermut Concert, Tarambana &#8211; Espai Cultural i Gastron\u00f2mic, Cardedeu \u2013Barcelona-. 2017-06-04) [Galer\u00eda fotogr\u00e1fica]"},"content":{"rendered":"<ul>\n<li>Fecha: Domingo, 04 de junio de 2017<\/li>\n<li>Lugar: Tarambana \u2013 Espai Cultural i Gastron\u00f2mic (Cardedeu -Barcelona-)<\/li>\n<li>Grupo:<br \/>\n<strong>S\u00f2nia S\u00e1nchez \u201cImprovisando Circunstancias\u201d<\/strong><br \/>\nS\u00f2nia S\u00e1nchez, baile<br \/>\nJordina Mill\u00e0, piano<br \/>\nAnnika Francke, saxo alto<\/li>\n<\/ul>\n<p style=\"text-align: center;\"><img loading=\"lazy\" decoding=\"async\" class=\"aligncenter size-large wp-image-31614\" src=\"http:\/\/www.tomajazz.com\/web\/wp-content\/uploads\/2017\/07\/01_SnSnchzTr-\u00a9Joan-Cort\u00e8s_04jun17_Vrmt-Cncrt_Trmbn_Crdd-600x399.jpg\" alt=\"\" width=\"600\" height=\"399\" title=\"\" srcset=\"https:\/\/tomajazz.com\/web\/wp-content\/uploads\/2017\/07\/01_SnSnchzTr-\u00a9Joan-Cort\u00e8s_04jun17_Vrmt-Cncrt_Trmbn_Crdd.jpg 600w, https:\/\/tomajazz.com\/web\/wp-content\/uploads\/2017\/07\/01_SnSnchzTr-\u00a9Joan-Cort\u00e8s_04jun17_Vrmt-Cncrt_Trmbn_Crdd-200x133.jpg 200w, https:\/\/tomajazz.com\/web\/wp-content\/uploads\/2017\/07\/01_SnSnchzTr-\u00a9Joan-Cort\u00e8s_04jun17_Vrmt-Cncrt_Trmbn_Crdd-83x55.jpg 83w, https:\/\/tomajazz.com\/web\/wp-content\/uploads\/2017\/07\/01_SnSnchzTr-\u00a9Joan-Cort\u00e8s_04jun17_Vrmt-Cncrt_Trmbn_Crdd-60x40.jpg 60w, https:\/\/tomajazz.com\/web\/wp-content\/uploads\/2017\/07\/01_SnSnchzTr-\u00a9Joan-Cort\u00e8s_04jun17_Vrmt-Cncrt_Trmbn_Crdd-120x80.jpg 120w\" sizes=\"auto, (max-width: 600px) 100vw, 600px\" \/> <img loading=\"lazy\" decoding=\"async\" class=\"aligncenter size-large wp-image-31615\" src=\"http:\/\/www.tomajazz.com\/web\/wp-content\/uploads\/2017\/07\/02_SnSnchzTr-\u00a9Joan-Cort\u00e8s_04jun17_Vrmt-Cncrt_Trmbn_Crdd-600x399.jpg\" alt=\"\" width=\"600\" height=\"399\" title=\"\" srcset=\"https:\/\/tomajazz.com\/web\/wp-content\/uploads\/2017\/07\/02_SnSnchzTr-\u00a9Joan-Cort\u00e8s_04jun17_Vrmt-Cncrt_Trmbn_Crdd.jpg 600w, https:\/\/tomajazz.com\/web\/wp-content\/uploads\/2017\/07\/02_SnSnchzTr-\u00a9Joan-Cort\u00e8s_04jun17_Vrmt-Cncrt_Trmbn_Crdd-200x133.jpg 200w, https:\/\/tomajazz.com\/web\/wp-content\/uploads\/2017\/07\/02_SnSnchzTr-\u00a9Joan-Cort\u00e8s_04jun17_Vrmt-Cncrt_Trmbn_Crdd-83x55.jpg 83w, https:\/\/tomajazz.com\/web\/wp-content\/uploads\/2017\/07\/02_SnSnchzTr-\u00a9Joan-Cort\u00e8s_04jun17_Vrmt-Cncrt_Trmbn_Crdd-60x40.jpg 60w, https:\/\/tomajazz.com\/web\/wp-content\/uploads\/2017\/07\/02_SnSnchzTr-\u00a9Joan-Cort\u00e8s_04jun17_Vrmt-Cncrt_Trmbn_Crdd-120x80.jpg 120w\" sizes=\"auto, (max-width: 600px) 100vw, 600px\" \/> <img loading=\"lazy\" decoding=\"async\" class=\"aligncenter size-large wp-image-31616\" src=\"http:\/\/www.tomajazz.com\/web\/wp-content\/uploads\/2017\/07\/03_SnSnchzTr-\u00a9Joan-Cort\u00e8s_04jun17_Vrmt-Cncrt_Trmbn_Crdd-600x399.jpg\" alt=\"\" width=\"600\" height=\"399\" title=\"\" srcset=\"https:\/\/tomajazz.com\/web\/wp-content\/uploads\/2017\/07\/03_SnSnchzTr-\u00a9Joan-Cort\u00e8s_04jun17_Vrmt-Cncrt_Trmbn_Crdd.jpg 600w, https:\/\/tomajazz.com\/web\/wp-content\/uploads\/2017\/07\/03_SnSnchzTr-\u00a9Joan-Cort\u00e8s_04jun17_Vrmt-Cncrt_Trmbn_Crdd-200x133.jpg 200w, https:\/\/tomajazz.com\/web\/wp-content\/uploads\/2017\/07\/03_SnSnchzTr-\u00a9Joan-Cort\u00e8s_04jun17_Vrmt-Cncrt_Trmbn_Crdd-83x55.jpg 83w, https:\/\/tomajazz.com\/web\/wp-content\/uploads\/2017\/07\/03_SnSnchzTr-\u00a9Joan-Cort\u00e8s_04jun17_Vrmt-Cncrt_Trmbn_Crdd-60x40.jpg 60w, https:\/\/tomajazz.com\/web\/wp-content\/uploads\/2017\/07\/03_SnSnchzTr-\u00a9Joan-Cort\u00e8s_04jun17_Vrmt-Cncrt_Trmbn_Crdd-120x80.jpg 120w\" sizes=\"auto, (max-width: 600px) 100vw, 600px\" \/> <img loading=\"lazy\" decoding=\"async\" class=\"aligncenter size-large wp-image-31617\" src=\"http:\/\/www.tomajazz.com\/web\/wp-content\/uploads\/2017\/07\/04_SnSnchzTr-\u00a9Joan-Cort\u00e8s_04jun17_Vrmt-Cncrt_Trmbn_Crdd-399x600.jpg\" alt=\"\" width=\"399\" height=\"600\" title=\"\" srcset=\"https:\/\/tomajazz.com\/web\/wp-content\/uploads\/2017\/07\/04_SnSnchzTr-\u00a9Joan-Cort\u00e8s_04jun17_Vrmt-Cncrt_Trmbn_Crdd.jpg 399w, https:\/\/tomajazz.com\/web\/wp-content\/uploads\/2017\/07\/04_SnSnchzTr-\u00a9Joan-Cort\u00e8s_04jun17_Vrmt-Cncrt_Trmbn_Crdd-200x300.jpg 200w, https:\/\/tomajazz.com\/web\/wp-content\/uploads\/2017\/07\/04_SnSnchzTr-\u00a9Joan-Cort\u00e8s_04jun17_Vrmt-Cncrt_Trmbn_Crdd-37x55.jpg 37w\" sizes=\"auto, (max-width: 399px) 100vw, 399px\" \/> <img loading=\"lazy\" decoding=\"async\" class=\"aligncenter size-large wp-image-31618\" src=\"http:\/\/www.tomajazz.com\/web\/wp-content\/uploads\/2017\/07\/05_SnSnchzTr-\u00a9Joan-Cort\u00e8s_04jun17_Vrmt-Cncrt_Trmbn_Crdd-600x399.jpg\" alt=\"\" width=\"600\" height=\"399\" title=\"\" srcset=\"https:\/\/tomajazz.com\/web\/wp-content\/uploads\/2017\/07\/05_SnSnchzTr-\u00a9Joan-Cort\u00e8s_04jun17_Vrmt-Cncrt_Trmbn_Crdd.jpg 600w, https:\/\/tomajazz.com\/web\/wp-content\/uploads\/2017\/07\/05_SnSnchzTr-\u00a9Joan-Cort\u00e8s_04jun17_Vrmt-Cncrt_Trmbn_Crdd-200x133.jpg 200w, https:\/\/tomajazz.com\/web\/wp-content\/uploads\/2017\/07\/05_SnSnchzTr-\u00a9Joan-Cort\u00e8s_04jun17_Vrmt-Cncrt_Trmbn_Crdd-83x55.jpg 83w, https:\/\/tomajazz.com\/web\/wp-content\/uploads\/2017\/07\/05_SnSnchzTr-\u00a9Joan-Cort\u00e8s_04jun17_Vrmt-Cncrt_Trmbn_Crdd-60x40.jpg 60w, https:\/\/tomajazz.com\/web\/wp-content\/uploads\/2017\/07\/05_SnSnchzTr-\u00a9Joan-Cort\u00e8s_04jun17_Vrmt-Cncrt_Trmbn_Crdd-120x80.jpg 120w\" sizes=\"auto, (max-width: 600px) 100vw, 600px\" \/> <img loading=\"lazy\" decoding=\"async\" class=\"aligncenter size-large wp-image-31619\" src=\"http:\/\/www.tomajazz.com\/web\/wp-content\/uploads\/2017\/07\/06_SnSnchzTr-\u00a9Joan-Cort\u00e8s_04jun17_Vrmt-Cncrt_Trmbn_Crdd-399x600.jpg\" alt=\"\" width=\"399\" height=\"600\" title=\"\" srcset=\"https:\/\/tomajazz.com\/web\/wp-content\/uploads\/2017\/07\/06_SnSnchzTr-\u00a9Joan-Cort\u00e8s_04jun17_Vrmt-Cncrt_Trmbn_Crdd.jpg 399w, https:\/\/tomajazz.com\/web\/wp-content\/uploads\/2017\/07\/06_SnSnchzTr-\u00a9Joan-Cort\u00e8s_04jun17_Vrmt-Cncrt_Trmbn_Crdd-200x300.jpg 200w, https:\/\/tomajazz.com\/web\/wp-content\/uploads\/2017\/07\/06_SnSnchzTr-\u00a9Joan-Cort\u00e8s_04jun17_Vrmt-Cncrt_Trmbn_Crdd-37x55.jpg 37w\" sizes=\"auto, (max-width: 399px) 100vw, 399px\" \/> <img loading=\"lazy\" decoding=\"async\" class=\"aligncenter size-large wp-image-31620\" src=\"http:\/\/www.tomajazz.com\/web\/wp-content\/uploads\/2017\/07\/07_SnSnchzTr-\u00a9Joan-Cort\u00e8s_04jun17_Vrmt-Cncrt_Trmbn_Crdd-399x600.jpg\" alt=\"\" width=\"399\" height=\"600\" title=\"\" srcset=\"https:\/\/tomajazz.com\/web\/wp-content\/uploads\/2017\/07\/07_SnSnchzTr-\u00a9Joan-Cort\u00e8s_04jun17_Vrmt-Cncrt_Trmbn_Crdd.jpg 399w, https:\/\/tomajazz.com\/web\/wp-content\/uploads\/2017\/07\/07_SnSnchzTr-\u00a9Joan-Cort\u00e8s_04jun17_Vrmt-Cncrt_Trmbn_Crdd-200x300.jpg 200w, https:\/\/tomajazz.com\/web\/wp-content\/uploads\/2017\/07\/07_SnSnchzTr-\u00a9Joan-Cort\u00e8s_04jun17_Vrmt-Cncrt_Trmbn_Crdd-37x55.jpg 37w\" sizes=\"auto, (max-width: 399px) 100vw, 399px\" \/> <img loading=\"lazy\" decoding=\"async\" class=\"aligncenter size-large wp-image-31621\" src=\"http:\/\/www.tomajazz.com\/web\/wp-content\/uploads\/2017\/07\/08_SnSnchzTr-\u00a9Joan-Cort\u00e8s_04jun17_Vrmt-Cncrt_Trmbn_Crdd-600x399.jpg\" alt=\"\" width=\"600\" height=\"399\" title=\"\" srcset=\"https:\/\/tomajazz.com\/web\/wp-content\/uploads\/2017\/07\/08_SnSnchzTr-\u00a9Joan-Cort\u00e8s_04jun17_Vrmt-Cncrt_Trmbn_Crdd.jpg 600w, https:\/\/tomajazz.com\/web\/wp-content\/uploads\/2017\/07\/08_SnSnchzTr-\u00a9Joan-Cort\u00e8s_04jun17_Vrmt-Cncrt_Trmbn_Crdd-200x133.jpg 200w, https:\/\/tomajazz.com\/web\/wp-content\/uploads\/2017\/07\/08_SnSnchzTr-\u00a9Joan-Cort\u00e8s_04jun17_Vrmt-Cncrt_Trmbn_Crdd-83x55.jpg 83w, https:\/\/tomajazz.com\/web\/wp-content\/uploads\/2017\/07\/08_SnSnchzTr-\u00a9Joan-Cort\u00e8s_04jun17_Vrmt-Cncrt_Trmbn_Crdd-60x40.jpg 60w, https:\/\/tomajazz.com\/web\/wp-content\/uploads\/2017\/07\/08_SnSnchzTr-\u00a9Joan-Cort\u00e8s_04jun17_Vrmt-Cncrt_Trmbn_Crdd-120x80.jpg 120w\" sizes=\"auto, (max-width: 600px) 100vw, 600px\" \/> <img loading=\"lazy\" decoding=\"async\" class=\"aligncenter size-large wp-image-31622\" src=\"http:\/\/www.tomajazz.com\/web\/wp-content\/uploads\/2017\/07\/09_SnSnchzTr-\u00a9Joan-Cort\u00e8s_04jun17_Vrmt-Cncrt_Trmbn_Crdd-399x600.jpg\" alt=\"\" width=\"399\" height=\"600\" title=\"\" srcset=\"https:\/\/tomajazz.com\/web\/wp-content\/uploads\/2017\/07\/09_SnSnchzTr-\u00a9Joan-Cort\u00e8s_04jun17_Vrmt-Cncrt_Trmbn_Crdd.jpg 399w, https:\/\/tomajazz.com\/web\/wp-content\/uploads\/2017\/07\/09_SnSnchzTr-\u00a9Joan-Cort\u00e8s_04jun17_Vrmt-Cncrt_Trmbn_Crdd-200x300.jpg 200w, https:\/\/tomajazz.com\/web\/wp-content\/uploads\/2017\/07\/09_SnSnchzTr-\u00a9Joan-Cort\u00e8s_04jun17_Vrmt-Cncrt_Trmbn_Crdd-37x55.jpg 37w\" sizes=\"auto, (max-width: 399px) 100vw, 399px\" \/> <img loading=\"lazy\" decoding=\"async\" class=\"aligncenter size-large wp-image-31623\" src=\"http:\/\/www.tomajazz.com\/web\/wp-content\/uploads\/2017\/07\/10_SnSnchzTr-\u00a9Joan-Cort\u00e8s_04jun17_Vrmt-Cncrt_Trmbn_Crdd-399x600.jpg\" alt=\"\" width=\"399\" height=\"600\" title=\"\" srcset=\"https:\/\/tomajazz.com\/web\/wp-content\/uploads\/2017\/07\/10_SnSnchzTr-\u00a9Joan-Cort\u00e8s_04jun17_Vrmt-Cncrt_Trmbn_Crdd.jpg 399w, https:\/\/tomajazz.com\/web\/wp-content\/uploads\/2017\/07\/10_SnSnchzTr-\u00a9Joan-Cort\u00e8s_04jun17_Vrmt-Cncrt_Trmbn_Crdd-200x300.jpg 200w, https:\/\/tomajazz.com\/web\/wp-content\/uploads\/2017\/07\/10_SnSnchzTr-\u00a9Joan-Cort\u00e8s_04jun17_Vrmt-Cncrt_Trmbn_Crdd-37x55.jpg 37w\" sizes=\"auto, (max-width: 399px) 100vw, 399px\" \/> <img loading=\"lazy\" decoding=\"async\" class=\"aligncenter size-large wp-image-31624\" src=\"http:\/\/www.tomajazz.com\/web\/wp-content\/uploads\/2017\/07\/11_SnSnchzTr-\u00a9Joan-Cort\u00e8s_04jun17_Vrmt-Cncrt_Trmbn_Crdd-399x600.jpg\" alt=\"\" width=\"399\" height=\"600\" title=\"\" srcset=\"https:\/\/tomajazz.com\/web\/wp-content\/uploads\/2017\/07\/11_SnSnchzTr-\u00a9Joan-Cort\u00e8s_04jun17_Vrmt-Cncrt_Trmbn_Crdd.jpg 399w, https:\/\/tomajazz.com\/web\/wp-content\/uploads\/2017\/07\/11_SnSnchzTr-\u00a9Joan-Cort\u00e8s_04jun17_Vrmt-Cncrt_Trmbn_Crdd-200x300.jpg 200w, https:\/\/tomajazz.com\/web\/wp-content\/uploads\/2017\/07\/11_SnSnchzTr-\u00a9Joan-Cort\u00e8s_04jun17_Vrmt-Cncrt_Trmbn_Crdd-37x55.jpg 37w\" sizes=\"auto, (max-width: 399px) 100vw, 399px\" \/><\/p>\n<p style=\"text-align: right;\"><strong>Tomajazz<\/strong>. Fotograf\u00edas:\u00a0<strong>Joan Cort\u00e8s<\/strong>, 2017<\/p>\n","protected":false},"excerpt":{"rendered":"<p>Fecha: Domingo, 04 de junio de 2017 Lugar: Tarambana \u2013 Espai Cultural i Gastron\u00f2mic (Cardedeu -Barcelona-) Grupo: S\u00f2nia S\u00e1nchez \u201cImprovisando Circunstancias\u201d S\u00f2nia S\u00e1nchez, baile Jordina Mill\u00e0, piano Annika Francke, saxo alto Tomajazz. Fotograf\u00edas:\u00a0Joan Cort\u00e8s, 2017<span class=\"more-link\"><a href=\"https:\/\/tomajazz.com\/web\/instantzz-sonia-sanchez-improvisando-circunstancias-vermut-concert-tarambana-espai-cultural-i-gastronomic-cardedeu-barcelona-2017-06-04-galeria-fotografica\/\">Contin\u00faa leyendo<\/a><\/span><\/p>\n","protected":false},"author":1,"featured_media":31621,"comment_status":"open","ping_status":"closed","sticky":false,"template":"","format":"standard","meta":{"jetpack_post_was_ever_published":false,"_jetpack_newsletter_access":"","_jetpack_dont_email_post_to_subs":false,"_jetpack_newsletter_tier_id":0,"_jetpack_memberships_contains_paywalled_content":false,"_jetpack_memberships_contains_paid_content":false,"footnotes":""},"categories":[17853,21243,11262,15516,11261,1038],"tags":[19908,21267,15656,12656,12796,12755,15318,15317,15655,15275,15654,11263,13,12415,15295,1041,16398,15710,12657,6038,17494,19909,16099,77,16100],"class_list":["entry","author-pachi","post-31613","post","type-post","status-publish","format-standard","has-post-thumbnail","category-joan-cortes","category-flamencuras","category-photoblogs","category-imagenes","category-instantzz","category-contenidos","tag-annika-francke","tag-flamencuras","tag-foto-galeria-de-jazz","tag-fotoblog","tag-fotografia-de-jazz","tag-fotografias-de-jazz","tag-fotografos-de-jazz","tag-fotos-de-jazz","tag-galeria-de-fotos-de-jazz","tag-galeria-fotografica","tag-galeria-fotografica-de-jazz","tag-instantzz-2","tag-jazz","tag-jazz-en-espana","tag-jazz-en-espanol","tag-joan-cortes","tag-jordina-milla","tag-la-actualidad-del-jazz-en-espana","tag-photoblog","tag-sonia-sanchez","tag-sonia-sanchez-improvisando-circunstancias","tag-tarambana-espai-cultural-i-gastronomic-cardedeu-barcelona","tag-toma-jazz","tag-tomajazz","tag-tomajazz-toma-jazz"],"jetpack_featured_media_url":"https:\/\/tomajazz.com\/web\/wp-content\/uploads\/2017\/07\/08_SnSnchzTr-\u00a9Joan-Cort\u00e8s_04jun17_Vrmt-Cncrt_Trmbn_Crdd.jpg","jetpack_likes_enabled":true,"jetpack_sharing_enabled":true,"jetpack-related-posts":[{"id":77005,"url":"https:\/\/tomajazz.com\/web\/flamenco-vibes-instantzz-2023\/","url_meta":{"origin":31613,"position":0},"title":"Flamenco Vibes -estreno absoluto- (Tarambana -Espai Cultural i Gastron\u00f2mic-, 2023-06-25. Cardedeu -Barcelona-) Por Joan Cort\u00e8s [INSTANTZZ AKA Galer\u00eda fotogr\u00e1fica AKA Fotoblog de jazz, impro\u2026 y algo m\u00e1s]","author":"Tomajazz","date":"5 agosto, 2023","format":false,"excerpt":"Flamenco Vibes se estren\u00f3 en Tarambana (Cardedeu, Barcelona) el 25 de junio de 2023. Joan Cort\u00e8s retrata el proyecto en INSTANTZZ.","rel":"","context":"En \u00abINSTANTZZ\u00bb","block_context":{"text":"INSTANTZZ","link":"https:\/\/tomajazz.com\/web\/category\/contenidos\/imagenes\/photoblogs\/instantzz\/"},"img":{"alt_text":"Flamenco Vibes -estreno absoluto- (Tarambana -Espai Cultural i Gastron\u00f2mic-, 2023-06-25. Cardedeu -Barcelona-) Por Joan Cort\u00e8s [INSTANTZZ AKA Galer\u00eda fotogr\u00e1fica AKA Fotoblog de jazz, impro\u2026 y algo m\u00e1s] - Tomajazz 9.0 - Flamenco Vibes se estren\u00f3 en Tarambana (Cardedeu, Barcelona) el 25 de junio de 2023. Joan Cort\u00e8s retrata el proyecto en INSTANTZZ.","src":"https:\/\/i0.wp.com\/tomajazz.com\/web\/wp-content\/uploads\/2023\/08\/05-Flmnc-Vbs-%C2%A9Joan-Cortes-25jny23-Trmbn-Crdd-Bcn-Flamenco-Vibes-Tarambana-2023-06-25-Cardedeu-Barcelona-INSTANTZZ.jpg?resize=350%2C200&ssl=1","width":350,"height":200,"srcset":"https:\/\/i0.wp.com\/tomajazz.com\/web\/wp-content\/uploads\/2023\/08\/05-Flmnc-Vbs-%C2%A9Joan-Cortes-25jny23-Trmbn-Crdd-Bcn-Flamenco-Vibes-Tarambana-2023-06-25-Cardedeu-Barcelona-INSTANTZZ.jpg?resize=350%2C200&ssl=1 1x, https:\/\/i0.wp.com\/tomajazz.com\/web\/wp-content\/uploads\/2023\/08\/05-Flmnc-Vbs-%C2%A9Joan-Cortes-25jny23-Trmbn-Crdd-Bcn-Flamenco-Vibes-Tarambana-2023-06-25-Cardedeu-Barcelona-INSTANTZZ.jpg?resize=525%2C300&ssl=1 1.5x"},"classes":[]},{"id":104518,"url":"https:\/\/tomajazz.com\/web\/agusti-fernandez-sonia-sanchez-lucia-martinez-cdj25-2026\/","url_meta":{"origin":31613,"position":1},"title":"Agust\u00ed Fern\u00e1ndez, S\u00f2nia S\u00e1nchez &#038; Luc\u00eda Mart\u00ednez (25 aniversario Club de Jazz \/ Jamboree-01, 2026-02-14 \/ Barcelona) [II] Por Joan Cort\u00e8s [INSTANTZZ AKA Galer\u00eda fotogr\u00e1fica AKA Fotoblog de jazz, impro\u2026 y algo m\u00e1s]","author":"Tomajazz","date":"22 marzo, 2026","format":false,"excerpt":"Agust\u00ed Fern\u00e1ndez, S\u00f2nia S\u00e1nchez & Luc\u00eda Mart\u00ednez actuaron en Jamboree, Barcelona, en el 25 aniversario de CDJ. Joan Cort\u00e8s lo retrata en INSTANTZZ","rel":"","context":"En \u00ab*_Joan Cort\u00e8s\u00bb","block_context":{"text":"*_Joan Cort\u00e8s","link":"https:\/\/tomajazz.com\/web\/category\/joan-cortes\/"},"img":{"alt_text":"Agust\u00ed Fern\u00e1ndez, S\u00f2nia S\u00e1nchez & Luc\u00eda Mart\u00ednez (25 aniversario Club de Jazz \/ Jamboree-01, 2026-02-14 \/ Barcelona) [II] Por Joan Cort\u00e8s [INSTANTZZ AKA Galer\u00eda fotogr\u00e1fica AKA Fotoblog de jazz, impro\u2026 y algo m\u00e1s] - Tomajazz - Agust\u00ed Fern\u00e1ndez, S\u00f2nia S\u00e1nchez & Luc\u00eda Mart\u00ednez actuaron en Jamboree, Barcelona, en el 25 aniversario de CDJ. Joan Cort\u00e8s lo retrata en INSTANTZZ","src":"https:\/\/i0.wp.com\/tomajazz.com\/web\/wp-content\/uploads\/2026\/03\/destacada-07-Frnndz-Snchz-Mrtnz-Photo-by-Joan-Cortes-14fbr26-25nCdJ-Jmbr-Bcn.jpg?resize=350%2C200&ssl=1","width":350,"height":200,"srcset":"https:\/\/i0.wp.com\/tomajazz.com\/web\/wp-content\/uploads\/2026\/03\/destacada-07-Frnndz-Snchz-Mrtnz-Photo-by-Joan-Cortes-14fbr26-25nCdJ-Jmbr-Bcn.jpg?resize=350%2C200&ssl=1 1x, https:\/\/i0.wp.com\/tomajazz.com\/web\/wp-content\/uploads\/2026\/03\/destacada-07-Frnndz-Snchz-Mrtnz-Photo-by-Joan-Cortes-14fbr26-25nCdJ-Jmbr-Bcn.jpg?resize=525%2C300&ssl=1 1.5x"},"classes":[]},{"id":26747,"url":"https:\/\/tomajazz.com\/web\/instantzz-sonia-sanchez-improvisando-circunstancias-lestacio-es-alla-cardedeu-2016-09-24-galeria-fotografica\/","url_meta":{"origin":31613,"position":2},"title":"INSTANTZZ: S\u00f2nia S\u00e1nchez \u201cImprovisando Circunstancias\u201d (L\u2019Estaci\u00f3 \u00e9s all\u00e0&#8230;, Cardedeu. 2016-09-24) [Galer\u00eda fotogr\u00e1fica]","author":"Tomajazz","date":"6 octubre, 2016","format":false,"excerpt":"Galer\u00eda fotogr\u00e1fica de Joan Cort\u00e8s con la actuaci\u00f3n de S\u00f2nia S\u00e1nchez, Iv\u00e1n Gonz\u00e1lez y Marcel\u2022l\u00ed Bayer con el proyecto \u201cImprovisando Circunstancias\u201d.","rel":"","context":"En \u00ab*_Joan Cort\u00e8s\u00bb","block_context":{"text":"*_Joan Cort\u00e8s","link":"https:\/\/tomajazz.com\/web\/category\/joan-cortes\/"},"img":{"alt_text":"","src":"https:\/\/i0.wp.com\/tomajazz.com\/web\/wp-content\/uploads\/2016\/10\/05_07_Sn-Snchz-%C2%A9Joan-Cort%C3%A8s_24set16-Lstc-s-ll_Crdd.jpg?resize=350%2C200&ssl=1","width":350,"height":200,"srcset":"https:\/\/i0.wp.com\/tomajazz.com\/web\/wp-content\/uploads\/2016\/10\/05_07_Sn-Snchz-%C2%A9Joan-Cort%C3%A8s_24set16-Lstc-s-ll_Crdd.jpg?resize=350%2C200&ssl=1 1x, https:\/\/i0.wp.com\/tomajazz.com\/web\/wp-content\/uploads\/2016\/10\/05_07_Sn-Snchz-%C2%A9Joan-Cort%C3%A8s_24set16-Lstc-s-ll_Crdd.jpg?resize=525%2C300&ssl=1 1.5x"},"classes":[]},{"id":104591,"url":"https:\/\/tomajazz.com\/web\/marco-mezquida-25cdj-2026\/","url_meta":{"origin":31613,"position":3},"title":"Marco Mezquida (25 aniversario Club de Jazz \/ Jamboree-01, 2026-02-14 \/ Barcelona) [y III] Por Joan Cort\u00e8s [INSTANTZZ AKA Galer\u00eda fotogr\u00e1fica AKA Fotoblog de jazz, impro\u2026 y algo m\u00e1s]","author":"Tomajazz","date":"26 marzo, 2026","format":false,"excerpt":"Marco Mezquida actu\u00f3 en Jamboree en la celebraci\u00f3n CDJ25, el 14 de febrero de 2026. Joan Cort\u00e8s lo retrata en INSTANTZZ","rel":"","context":"En \u00abINSTANTZZ\u00bb","block_context":{"text":"INSTANTZZ","link":"https:\/\/tomajazz.com\/web\/category\/contenidos\/imagenes\/photoblogs\/instantzz\/"},"img":{"alt_text":"Marco Mezquida (25 aniversario Club de Jazz \/ Jamboree-01, 2026-02-14 \/ Barcelona) [y III] Por Joan Cort\u00e8s [INSTANTZZ AKA Galer\u00eda fotogr\u00e1fica AKA Fotoblog de jazz, impro\u2026 y algo m\u00e1s] - Tomajazz - Marco Mezquida actu\u00f3 en Jamboree en la celebraci\u00f3n CDJ25, el 14 de febrero de 2026. Joan Cort\u00e8s lo retrata en INSTANTZZ","src":"https:\/\/i0.wp.com\/tomajazz.com\/web\/wp-content\/uploads\/2026\/03\/destacada-10-Mrc-Mzqd-Photo-by-Joan-Cortes-14fbr26-25CdJ-Jmbrr01-Bcn-.jpg?resize=350%2C200&ssl=1","width":350,"height":200,"srcset":"https:\/\/i0.wp.com\/tomajazz.com\/web\/wp-content\/uploads\/2026\/03\/destacada-10-Mrc-Mzqd-Photo-by-Joan-Cortes-14fbr26-25CdJ-Jmbrr01-Bcn-.jpg?resize=350%2C200&ssl=1 1x, https:\/\/i0.wp.com\/tomajazz.com\/web\/wp-content\/uploads\/2026\/03\/destacada-10-Mrc-Mzqd-Photo-by-Joan-Cortes-14fbr26-25CdJ-Jmbrr01-Bcn-.jpg?resize=525%2C300&ssl=1 1.5x"},"classes":[]},{"id":101727,"url":"https:\/\/tomajazz.com\/web\/sara-jimenez-ciutat-flamenco-2025\/","url_meta":{"origin":31613,"position":4},"title":"Sara Jim\u00e9nez \u201cAve de Plata\u201d (Ciutat Flamenco \/ Fabra i Coats, 2025-10-18 \/ Barcelona) Por Joan Cort\u00e8s [Flamencuras AKA INSTANTZZ AKA Galer\u00eda fotogr\u00e1fica AKA Fotoblog de jazz, impro\u2026 y algo m\u00e1s]","author":"Tomajazz","date":"13 noviembre, 2025","format":false,"excerpt":"Sara Jim\u00e9nez \u201cAve de Plata\u201d actu\u00f3 en Ciutat Flamenco de Barcelona el 18 de octubre de 2025. Joan Cort\u00e8s lo retrata en las Flamencuras de INSTANTZZ","rel":"","context":"En \u00abFlamencuras\u00bb","block_context":{"text":"Flamencuras","link":"https:\/\/tomajazz.com\/web\/category\/contenidos\/imagenes\/photoblogs\/flamencuras\/"},"img":{"alt_text":"Sara Jim\u00e9nez \u201cAve de Plata\u201d (Ciutat Flamenco \/ Fabra i Coats, 2025-10-18 \/ Barcelona) Por Joan Cort\u00e8s [Flamencuras AKA INSTANTZZ AKA Galer\u00eda fotogr\u00e1fica AKA Fotoblog de jazz, impro\u2026 y algo m\u00e1s] - Tomajazz - Sara Jim\u00e9nez \u201cAve de Plata\u201d actu\u00f3 en Ciutat Flamenco de Barcelona el 18 de octubre de 2025. Joan Cort\u00e8s lo retrata en las Flamencuras de INSTANTZZ","src":"https:\/\/i0.wp.com\/tomajazz.com\/web\/wp-content\/uploads\/2025\/11\/destacada-02-Sr-Jmnz-Photo-By-Joan-Cortes-18ctb25-Ctt-Flmnc-Fbr-Cts-Bc.jpg?resize=350%2C200&ssl=1","width":350,"height":200,"srcset":"https:\/\/i0.wp.com\/tomajazz.com\/web\/wp-content\/uploads\/2025\/11\/destacada-02-Sr-Jmnz-Photo-By-Joan-Cortes-18ctb25-Ctt-Flmnc-Fbr-Cts-Bc.jpg?resize=350%2C200&ssl=1 1x, https:\/\/i0.wp.com\/tomajazz.com\/web\/wp-content\/uploads\/2025\/11\/destacada-02-Sr-Jmnz-Photo-By-Joan-Cortes-18ctb25-Ctt-Flmnc-Fbr-Cts-Bc.jpg?resize=525%2C300&ssl=1 1.5x"},"classes":[]},{"id":103903,"url":"https:\/\/tomajazz.com\/web\/diego-amador-ebano-marfil-jamboree-2025\/","url_meta":{"origin":31613,"position":5},"title":"Diego Amador \u201c\u00c9bano &#038; Marfil\u201d (Jamboree-03, 2025-12-12 \/ Barcelona) Por Joan Cort\u00e8s [Flamencuras AKA INSTANTZZ AKA Galer\u00eda fotogr\u00e1fica AKA Fotoblog de jazz, impro\u2026 y algo m\u00e1s]","author":"Tomajazz","date":"7 febrero, 2026","format":false,"excerpt":"Diego Amador \u201c\u00c9bano & Marfil\u201d actu\u00f3 en Jamboree el 12 de diciembre de 2025. Joan Cort\u00e8s lo retrata en las Flamencuras de INSTANTZZ","rel":"","context":"En \u00abFlamencuras\u00bb","block_context":{"text":"Flamencuras","link":"https:\/\/tomajazz.com\/web\/category\/contenidos\/imagenes\/photoblogs\/flamencuras\/"},"img":{"alt_text":"Diego Amador \u201c\u00c9bano & Marfil\u201d (Jamboree-03, 2025-12-12 \/ Barcelona) Por Joan Cort\u00e8s [Flamencuras AKA INSTANTZZ AKA Galer\u00eda fotogr\u00e1fica AKA Fotoblog de jazz, impro\u2026 y algo m\u00e1s] - Tomajazz - Diego Amador \u201c\u00c9bano & Marfil\u201d actu\u00f3 en Jamboree el 12 de diciembre de 2025. Joan Cort\u00e8s lo retrata en las Flamencuras de INSTANTZZ","src":"https:\/\/i0.wp.com\/tomajazz.com\/web\/wp-content\/uploads\/2026\/02\/destacada-06-Dg-mdr-Photo-by-Joan-Cortes-12dsm25-Jmbr-03-Bcn.jpg?resize=350%2C200&ssl=1","width":350,"height":200,"srcset":"https:\/\/i0.wp.com\/tomajazz.com\/web\/wp-content\/uploads\/2026\/02\/destacada-06-Dg-mdr-Photo-by-Joan-Cortes-12dsm25-Jmbr-03-Bcn.jpg?resize=350%2C200&ssl=1 1x, https:\/\/i0.wp.com\/tomajazz.com\/web\/wp-content\/uploads\/2026\/02\/destacada-06-Dg-mdr-Photo-by-Joan-Cortes-12dsm25-Jmbr-03-Bcn.jpg?resize=525%2C300&ssl=1 1.5x"},"classes":[]}],"_links":{"self":[{"href":"https:\/\/tomajazz.com\/web\/wp-json\/wp\/v2\/posts\/31613","targetHints":{"allow":["GET"]}}],"collection":[{"href":"https:\/\/tomajazz.com\/web\/wp-json\/wp\/v2\/posts"}],"about":[{"href":"https:\/\/tomajazz.com\/web\/wp-json\/wp\/v2\/types\/post"}],"author":[{"embeddable":true,"href":"https:\/\/tomajazz.com\/web\/wp-json\/wp\/v2\/users\/1"}],"replies":[{"embeddable":true,"href":"https:\/\/tomajazz.com\/web\/wp-json\/wp\/v2\/comments?post=31613"}],"version-history":[{"count":1,"href":"https:\/\/tomajazz.com\/web\/wp-json\/wp\/v2\/posts\/31613\/revisions"}],"predecessor-version":[{"id":31625,"href":"https:\/\/tomajazz.com\/web\/wp-json\/wp\/v2\/posts\/31613\/revisions\/31625"}],"wp:featuredmedia":[{"embeddable":true,"href":"https:\/\/tomajazz.com\/web\/wp-json\/wp\/v2\/media\/31621"}],"wp:attachment":[{"href":"https:\/\/tomajazz.com\/web\/wp-json\/wp\/v2\/media?parent=31613"}],"wp:term":[{"taxonomy":"category","embeddable":true,"href":"https:\/\/tomajazz.com\/web\/wp-json\/wp\/v2\/categories?post=31613"},{"taxonomy":"post_tag","embeddable":true,"href":"https:\/\/tomajazz.com\/web\/wp-json\/wp\/v2\/tags?post=31613"}],"curies":[{"name":"wp","href":"https:\/\/api.w.org\/{rel}","templated":true}]}}