{"id":31683,"date":"2017-07-27T11:00:49","date_gmt":"2017-07-27T09:00:49","guid":{"rendered":"http:\/\/www.tomajazz.com\/web\/?p=31683"},"modified":"2017-07-25T23:58:13","modified_gmt":"2017-07-25T21:58:13","slug":"hdo-293-de-cuartetos-o-casi-charles-lloyd-new-quartet-ambrose-akinmusire-hanging-hearts-podcast","status":"publish","type":"post","link":"https:\/\/tomajazz.com\/web\/hdo-293-de-cuartetos-o-casi-charles-lloyd-new-quartet-ambrose-akinmusire-hanging-hearts-podcast\/","title":{"rendered":"HDO 293. De cuartetos&#8230; o casi: Charles Lloyd New Quartet &#8211; Ambrose Akinmusire &#8211; Hanging Hearts [Podcast]"},"content":{"rendered":"<p><center><img loading=\"lazy\" decoding=\"async\" class=\"aligncenter wp-image-31684 size-medium\" src=\"http:\/\/www.tomajazz.com\/web\/wp-content\/uploads\/2017\/07\/Charles-Lloyd-New-Quartet_Passin-Thru_Blue-Note_2017-200x200.jpg\" alt=\"\" width=\"200\" height=\"200\" title=\"\" srcset=\"https:\/\/tomajazz.com\/web\/wp-content\/uploads\/2017\/07\/Charles-Lloyd-New-Quartet_Passin-Thru_Blue-Note_2017-200x200.jpg 200w, https:\/\/tomajazz.com\/web\/wp-content\/uploads\/2017\/07\/Charles-Lloyd-New-Quartet_Passin-Thru_Blue-Note_2017-150x150.jpg 150w, https:\/\/tomajazz.com\/web\/wp-content\/uploads\/2017\/07\/Charles-Lloyd-New-Quartet_Passin-Thru_Blue-Note_2017-768x768.jpg 768w, https:\/\/tomajazz.com\/web\/wp-content\/uploads\/2017\/07\/Charles-Lloyd-New-Quartet_Passin-Thru_Blue-Note_2017-600x600.jpg 600w, https:\/\/tomajazz.com\/web\/wp-content\/uploads\/2017\/07\/Charles-Lloyd-New-Quartet_Passin-Thru_Blue-Note_2017-55x55.jpg 55w, https:\/\/tomajazz.com\/web\/wp-content\/uploads\/2017\/07\/Charles-Lloyd-New-Quartet_Passin-Thru_Blue-Note_2017-50x50.jpg 50w, https:\/\/tomajazz.com\/web\/wp-content\/uploads\/2017\/07\/Charles-Lloyd-New-Quartet_Passin-Thru_Blue-Note_2017.jpg 1200w\" sizes=\"auto, (max-width: 200px) 100vw, 200px\" \/><br \/>\n<img loading=\"lazy\" decoding=\"async\" class=\"aligncenter wp-image-31685 size-medium\" src=\"http:\/\/www.tomajazz.com\/web\/wp-content\/uploads\/2017\/07\/Ambrose-Akinmurire_A-Rift-In-Decorum-Live-At-Village-Vanguard_Blue-Note_2017_2CD-200x200.jpg\" alt=\"\" width=\"200\" height=\"200\" title=\"\" srcset=\"https:\/\/tomajazz.com\/web\/wp-content\/uploads\/2017\/07\/Ambrose-Akinmurire_A-Rift-In-Decorum-Live-At-Village-Vanguard_Blue-Note_2017_2CD-200x200.jpg 200w, https:\/\/tomajazz.com\/web\/wp-content\/uploads\/2017\/07\/Ambrose-Akinmurire_A-Rift-In-Decorum-Live-At-Village-Vanguard_Blue-Note_2017_2CD-150x150.jpg 150w, https:\/\/tomajazz.com\/web\/wp-content\/uploads\/2017\/07\/Ambrose-Akinmurire_A-Rift-In-Decorum-Live-At-Village-Vanguard_Blue-Note_2017_2CD-55x55.jpg 55w, https:\/\/tomajazz.com\/web\/wp-content\/uploads\/2017\/07\/Ambrose-Akinmurire_A-Rift-In-Decorum-Live-At-Village-Vanguard_Blue-Note_2017_2CD-50x50.jpg 50w, https:\/\/tomajazz.com\/web\/wp-content\/uploads\/2017\/07\/Ambrose-Akinmurire_A-Rift-In-Decorum-Live-At-Village-Vanguard_Blue-Note_2017_2CD.jpg 400w\" sizes=\"auto, (max-width: 200px) 100vw, 200px\" \/> <img loading=\"lazy\" decoding=\"async\" class=\"aligncenter wp-image-31686 size-medium\" src=\"http:\/\/www.tomajazz.com\/web\/wp-content\/uploads\/2017\/07\/Hanging-Hearts_Into-A-Myth_Shifting-Paradigm-Records_2017-200x200.jpg\" alt=\"\" width=\"200\" height=\"200\" title=\"\" srcset=\"https:\/\/tomajazz.com\/web\/wp-content\/uploads\/2017\/07\/Hanging-Hearts_Into-A-Myth_Shifting-Paradigm-Records_2017-200x200.jpg 200w, https:\/\/tomajazz.com\/web\/wp-content\/uploads\/2017\/07\/Hanging-Hearts_Into-A-Myth_Shifting-Paradigm-Records_2017-150x150.jpg 150w, https:\/\/tomajazz.com\/web\/wp-content\/uploads\/2017\/07\/Hanging-Hearts_Into-A-Myth_Shifting-Paradigm-Records_2017-768x768.jpg 768w, https:\/\/tomajazz.com\/web\/wp-content\/uploads\/2017\/07\/Hanging-Hearts_Into-A-Myth_Shifting-Paradigm-Records_2017-600x600.jpg 600w, https:\/\/tomajazz.com\/web\/wp-content\/uploads\/2017\/07\/Hanging-Hearts_Into-A-Myth_Shifting-Paradigm-Records_2017-55x55.jpg 55w, https:\/\/tomajazz.com\/web\/wp-content\/uploads\/2017\/07\/Hanging-Hearts_Into-A-Myth_Shifting-Paradigm-Records_2017-50x50.jpg 50w, https:\/\/tomajazz.com\/web\/wp-content\/uploads\/2017\/07\/Hanging-Hearts_Into-A-Myth_Shifting-Paradigm-Records_2017.jpg 1200w\" sizes=\"auto, (max-width: 200px) 100vw, 200px\" \/><\/center><\/p>\n<p>Tres grabaciones en cuarteto (al menos en parte): el magn\u00edfico <em>Passin&#8217; Thru<\/em> (Blue Note, 2017)\u00a0del\u00a0<strong>Charles Lloyd New Quartet\u00a0<\/strong>(con Lloyd flanqueado por\u00a0<strong>Jason Moran<\/strong>,\u00a0<strong>Reuben Rogers<\/strong> y\u00a0<strong>Eric Harland<\/strong>, en directo, en el d\u00e9cimo aniversario de esta formaci\u00f3n); el tr\u00edo multifocal\u00a0<strong>Hanging Hearts<\/strong> (<strong>Cole Degenova<\/strong>,\u00a0<strong>Devin Drobka<\/strong>,\u00a0<strong> Chris Weller<\/strong>) que es producido y acompa\u00f1ado por\u00a0<strong>Dave King\u00a0<\/strong>(<strong>The Bad Plus<\/strong>) en\u00a0<em>Into A Myth\u00a0<\/em>(Shifting Paradigm Records, 2017); finalmente, el m\u00e1s ambicioso que efectivo doble CD\u00a0<em>A Rift In Decorum. Live At The Village Vanguard\u00a0<\/em>(Blue Note, 2CD) del trompetista\u00a0<strong>Ambrose Akinmusire<\/strong>, a quien acompa\u00f1an\u00a0<strong>Sam Harris<\/strong>,\u00a0<strong>Harish Raghavan<\/strong>,\u00a0<strong>Justin Brown<\/strong>.<\/p>\n<p style=\"text-align: right;\">Tomajazz: \u00a9 Pachi Tapiz, 2017<\/p>\n<p>HDO es un podcast editado, presentado y producido por Pachi Tapiz.<\/p>\n<p><iframe id='audio_19997984' frameborder='0' allowfullscreen='' scrolling='no' height='200' style='border:1px solid #EEE; box-sizing:border-box; width:100%;' src=\"https:\/\/www.ivoox.com\/player_ej_19997984_4_1.html?c1=ff6600\"><\/iframe><\/p>\n","protected":false},"excerpt":{"rendered":"<p>Tres grabaciones en cuarteto (al menos en parte): el magn\u00edfico Passin&#8217; Thru (Blue Note, 2017)\u00a0del\u00a0Charles Lloyd New Quartet\u00a0(con Lloyd flanqueado por\u00a0Jason Moran,\u00a0Reuben Rogers y\u00a0Eric Harland, en directo, en el d\u00e9cimo aniversario de esta formaci\u00f3n); el tr\u00edo multifocal\u00a0Hanging Hearts (Cole Degenova,\u00a0Devin Drobka,\u00a0 Chris Weller) que es producido y acompa\u00f1ado por\u00a0Dave King\u00a0(The<span class=\"more-link\"><a href=\"https:\/\/tomajazz.com\/web\/hdo-293-de-cuartetos-o-casi-charles-lloyd-new-quartet-ambrose-akinmusire-hanging-hearts-podcast\/\">Contin\u00faa leyendo<\/a><\/span><\/p>\n","protected":false},"author":1,"featured_media":31684,"comment_status":"open","ping_status":"closed","sticky":false,"template":"","format":"standard","meta":{"jetpack_post_was_ever_published":false,"_jetpack_newsletter_access":"","_jetpack_dont_email_post_to_subs":false,"_jetpack_newsletter_tier_id":0,"_jetpack_memberships_contains_paywalled_content":false,"_jetpack_memberships_contains_paid_content":false,"footnotes":""},"categories":[17847,5,13298,17151,12814,15518,1038],"tags":[167,13370,1487,12651,15698,8565,16754,11623,11625,12676,11339,11626,8566,12696,16012,13300,19937,14910,13299,15712,15713,15714,5606,13,15699,12415,15295,15278,960,14911,15710,15307,15308,15309,31,12818,15310,15709,15711,15306,6597,12874,19663,6251,16099,77,16100],"class_list":["entry","author-pachi","post-31683","post","type-post","status-publish","format-standard","has-post-thumbnail","category-pachi-tapiz","category-grabaciones","category-hablando-de-oidas-hdo","category-t03-2016-17","category-podcast","category-sonidos","category-contenidos","tag-ambrose-akinmusire","tag-audioblog","tag-blue-note","tag-cd","tag-cd-de-jazz","tag-charles-lloyd","tag-charles-lloyd-new-quartet","tag-chris-weller","tag-cole-degenova","tag-critica","tag-dave-king","tag-devin-drobka","tag-eric-harland","tag-grabaciones","tag-grabaciones-de-jazz","tag-hablando-de-oidas","tag-hanging-hearts","tag-harish-raghavan","tag-hdo","tag-hdo-el-podcast-de-jazz-de-pachi-tapiz","tag-hdo-el-podcast-de-pachi-tapiz","tag-hdo-hablando-de-oidas","tag-jason-moran","tag-jazz","tag-jazz-cd","tag-jazz-en-espana","tag-jazz-en-espanol","tag-jazz-podcast","tag-jose-francisco-tapiz","tag-justin-brown","tag-la-actualidad-del-jazz-en-espana","tag-novedades-cd","tag-novedades-discograficas","tag-nuevas-ediciones","tag-pachi-tapiz","tag-podcast","tag-podcast-de-jazz","tag-podcast-de-jazz-en-espana","tag-podcast-de-jazz-en-espanol","tag-resenas","tag-reuben-rogers","tag-sam-harris","tag-shifting-paradigm-records","tag-the-bad-plus","tag-toma-jazz","tag-tomajazz","tag-tomajazz-toma-jazz"],"jetpack_featured_media_url":"https:\/\/tomajazz.com\/web\/wp-content\/uploads\/2017\/07\/Charles-Lloyd-New-Quartet_Passin-Thru_Blue-Note_2017.jpg","jetpack_likes_enabled":true,"jetpack_sharing_enabled":true,"jetpack-related-posts":[{"id":58550,"url":"https:\/\/tomajazz.com\/web\/hdo-536-en-directo-en-jazzmadrid21-segunda-parte-podcast-de-jazz-por-pachi-tapiz\/","url_meta":{"origin":31683,"position":0},"title":"HDO 536: En directo en&#8230; JazzMadrid21 Segunda parte [Podcast de jazz] Por Pachi Tapiz","author":"Tomajazz","date":"14 noviembre, 2021","format":false,"excerpt":"En HDO realizamos un repaso a los conciertos de la segunda mitad de JazzMadrid21. Suenan en el programa Duot & Andy Moor, Julian Lage, Charles Lloyd, Kenny Garrett, Mar\u00eda Toro entre otros.","rel":"","context":"En \u00abHDO\u00bb","block_context":{"text":"HDO","link":"https:\/\/tomajazz.com\/web\/category\/contenidos\/sonidos\/podcast\/hablando-de-oidas-hdo\/"},"img":{"alt_text":"JazzMadrid21","src":"https:\/\/i0.wp.com\/tomajazz.com\/web\/wp-content\/uploads\/2021\/11\/Collage_programa-0536_En-concierto-en...-JazzMadrid21-Parte-2.jpg?resize=350%2C200&ssl=1","width":350,"height":200,"srcset":"https:\/\/i0.wp.com\/tomajazz.com\/web\/wp-content\/uploads\/2021\/11\/Collage_programa-0536_En-concierto-en...-JazzMadrid21-Parte-2.jpg?resize=350%2C200&ssl=1 1x, https:\/\/i0.wp.com\/tomajazz.com\/web\/wp-content\/uploads\/2021\/11\/Collage_programa-0536_En-concierto-en...-JazzMadrid21-Parte-2.jpg?resize=525%2C300&ssl=1 1.5x, https:\/\/i0.wp.com\/tomajazz.com\/web\/wp-content\/uploads\/2021\/11\/Collage_programa-0536_En-concierto-en...-JazzMadrid21-Parte-2.jpg?resize=700%2C400&ssl=1 2x"},"classes":[]},{"id":32177,"url":"https:\/\/tomajazz.com\/web\/hdo-306-yoko-miwa-mike-downes-lasse-morck-jon-de-lucia-uno-dos-novedades-podcast\/","url_meta":{"origin":31683,"position":1},"title":"HDO 306. Yoko Miwa, Mike Downes, Lasse M\u00f8rck, Jon de Lucia: uno, dos&#8230; novedades [Podcast]","author":"Tomajazz","date":"8 septiembre, 2017","format":false,"excerpt":"Yoko Miwa Trio (Pathways -\u00a0Ocean Blue Tear Music, 2017), Mike Downes (Root Structure\u00a0- Addo Records, 2017),\u00a0Lasse M\u00f8rck Quartet (Imagining Places I've Never Been\u00a0- Believe Music, 2017),\u00a0Jon de Lucia Group (As The River Sings - Fresh Sound New Talent, 2017) son las cuatro novedades que suenan, a dos temas por grabaci\u00f3n,\u2026","rel":"","context":"En \u00ab*_Pachi Tapiz\u00bb","block_context":{"text":"*_Pachi Tapiz","link":"https:\/\/tomajazz.com\/web\/category\/pachi-tapiz\/"},"img":{"alt_text":"","src":"https:\/\/i0.wp.com\/tomajazz.com\/web\/wp-content\/uploads\/2017\/09\/Yoko-Miwa-Trio_Pathways.png?resize=350%2C200&ssl=1","width":350,"height":200,"srcset":"https:\/\/i0.wp.com\/tomajazz.com\/web\/wp-content\/uploads\/2017\/09\/Yoko-Miwa-Trio_Pathways.png?resize=350%2C200&ssl=1 1x, https:\/\/i0.wp.com\/tomajazz.com\/web\/wp-content\/uploads\/2017\/09\/Yoko-Miwa-Trio_Pathways.png?resize=525%2C300&ssl=1 1.5x, https:\/\/i0.wp.com\/tomajazz.com\/web\/wp-content\/uploads\/2017\/09\/Yoko-Miwa-Trio_Pathways.png?resize=700%2C400&ssl=1 2x, https:\/\/i0.wp.com\/tomajazz.com\/web\/wp-content\/uploads\/2017\/09\/Yoko-Miwa-Trio_Pathways.png?resize=1050%2C600&ssl=1 3x"},"classes":[]},{"id":31525,"url":"https:\/\/tomajazz.com\/web\/hdo-287-alex-goodman-magnarelli-sambeat-mut-kamaguchi-gerald-cannon-podcast\/","url_meta":{"origin":31683,"position":2},"title":"HDO 287. Alex Goodman &#8211; Magnarelli Sambeat &#8211; MUT Kamaguchi &#8211; Gerald Cannon [Podcast]","author":"Tomajazz","date":"20 julio, 2017","format":false,"excerpt":"Combinations (Woodneck Records, 2017) del contrabajista\u00a0Gerald Cannon;\u00a0My Ship\u00a0(Fresh Sound New Talent, 2017) de\u00a0MUT +\u00a0Masa Kamaguchi;\u00a0Portico\u00a0(Swing Alley - Fresh Sound, 2017)\u00a0de\u00a0Joe Magnarelli - Perico Sambeat Quartet;\u00a0Second Act\u00a0(Lyte Records, 2017) del guitarrista\u00a0Alex Goodman. Cuatro grabaciones en la entrega 287 de\u00a0HDO. Tomajazz: \u00a9 Pachi Tapiz, 2017 HDO es un podcast editado, presentado y\u2026","rel":"","context":"En \u00ab*_Pachi Tapiz\u00bb","block_context":{"text":"*_Pachi Tapiz","link":"https:\/\/tomajazz.com\/web\/category\/pachi-tapiz\/"},"img":{"alt_text":"","src":"https:\/\/i0.wp.com\/tomajazz.com\/web\/wp-content\/uploads\/2017\/07\/MUT_My-Ship_Fresh-Sound-New-Talent_2017.jpg?resize=350%2C200&ssl=1","width":350,"height":200,"srcset":"https:\/\/i0.wp.com\/tomajazz.com\/web\/wp-content\/uploads\/2017\/07\/MUT_My-Ship_Fresh-Sound-New-Talent_2017.jpg?resize=350%2C200&ssl=1 1x, https:\/\/i0.wp.com\/tomajazz.com\/web\/wp-content\/uploads\/2017\/07\/MUT_My-Ship_Fresh-Sound-New-Talent_2017.jpg?resize=525%2C300&ssl=1 1.5x"},"classes":[]},{"id":26923,"url":"https:\/\/tomajazz.com\/web\/hdo-179-baldo-martinez-vientos-cruzados-sus-palabras-y-su-musica-entrevista-por-pachi-tapiz-podcast\/","url_meta":{"origin":31683,"position":3},"title":"HDO 179. Baldo Mart\u00ednez Vientos Cruzados. Sus palabras y su m\u00fasica. Entrevista por Pachi Tapiz [Podcast]","author":"Tomajazz","date":"18 octubre, 2016","format":false,"excerpt":"El contrabajista y compositor Baldo Mart\u00ednez ha publicado en octubre de 2016 Vientos cruzados (Karonte). Esta grabaci\u00f3n est\u00e1 editada a nombre del Baldo Mart\u00ednez Grupo, que presenta una nueva formaci\u00f3n. A\u00a0 los habituales David Herrington (trompeta y fliscornio) y Pedro L\u00f3pez (bater\u00eda), se une el joven flautista y saxofonista Juan\u2026","rel":"","context":"En \u00ab*_Pachi Tapiz\u00bb","block_context":{"text":"*_Pachi Tapiz","link":"https:\/\/tomajazz.com\/web\/category\/pachi-tapiz\/"},"img":{"alt_text":"","src":"https:\/\/i0.wp.com\/tomajazz.com\/web\/wp-content\/uploads\/2016\/10\/Baldo-Mart%C3%ADnez-Grupo_Vientos-Cruzados_Karonte_2016-e1476711176893.jpg?resize=350%2C200&ssl=1","width":350,"height":200,"srcset":"https:\/\/i0.wp.com\/tomajazz.com\/web\/wp-content\/uploads\/2016\/10\/Baldo-Mart%C3%ADnez-Grupo_Vientos-Cruzados_Karonte_2016-e1476711176893.jpg?resize=350%2C200&ssl=1 1x, https:\/\/i0.wp.com\/tomajazz.com\/web\/wp-content\/uploads\/2016\/10\/Baldo-Mart%C3%ADnez-Grupo_Vientos-Cruzados_Karonte_2016-e1476711176893.jpg?resize=525%2C300&ssl=1 1.5x"},"classes":[]},{"id":31085,"url":"https:\/\/tomajazz.com\/web\/hdo-275-feefifofum-quartet-sergio-pamies-valentin-caamano-trio-podcast\/","url_meta":{"origin":31683,"position":4},"title":"HDO 275. FeeFiFoFum Quartet, Sergio Pamies, Valent\u00edn Caama\u00f1o Tr\u00edo [Podcast]","author":"Tomajazz","date":"22 junio, 2017","format":false,"excerpt":"Tres grabaciones nacionales publicadas a lo largo de los primeros meses de 2017 en\u00a0HDO 275:\u00a0FeeFiFoFum Quartet\u00a0(Youkali Music, 2017), estreno hom\u00f3nimo del cuarteto formado por Jordi Ballar\u00edn, Carlos Murillo, Carlos Ib\u00e1\u00f1ez y Miquel Asensio;\u00a0What Brought You Here?\u00a0(BeByNe Records, 2017) de\u00a0Sergio Pamies;\u00a0Green With Envy\u00a0(Free Code JazzRecords, 2017) de\u00a0Valent\u00edn Caama\u00f1o junto a\u00a0Juyma Est\u00e9vez\u2026","rel":"","context":"En \u00ab*_Pachi Tapiz\u00bb","block_context":{"text":"*_Pachi Tapiz","link":"https:\/\/tomajazz.com\/web\/category\/pachi-tapiz\/"},"img":{"alt_text":"","src":"https:\/\/i0.wp.com\/tomajazz.com\/web\/wp-content\/uploads\/2017\/06\/FeeFiFoFum-Quartet_FeeFiFoFum-Quartet_Youkali_2017.jpg?resize=350%2C200&ssl=1","width":350,"height":200,"srcset":"https:\/\/i0.wp.com\/tomajazz.com\/web\/wp-content\/uploads\/2017\/06\/FeeFiFoFum-Quartet_FeeFiFoFum-Quartet_Youkali_2017.jpg?resize=350%2C200&ssl=1 1x, https:\/\/i0.wp.com\/tomajazz.com\/web\/wp-content\/uploads\/2017\/06\/FeeFiFoFum-Quartet_FeeFiFoFum-Quartet_Youkali_2017.jpg?resize=525%2C300&ssl=1 1.5x, https:\/\/i0.wp.com\/tomajazz.com\/web\/wp-content\/uploads\/2017\/06\/FeeFiFoFum-Quartet_FeeFiFoFum-Quartet_Youkali_2017.jpg?resize=700%2C400&ssl=1 2x"},"classes":[]},{"id":23493,"url":"https:\/\/tomajazz.com\/web\/hdo-gonzalo-del-val-sus-palabras-y-sus-musicas-entrevista-por-pachi-tapiz-0094-podcast\/","url_meta":{"origin":31683,"position":5},"title":"HDO: Gonzalo del Val, sus palabras y sus m\u00fasicas. Entrevista por Pachi Tapiz (0094) [Podcast]","author":"Tomajazz","date":"12 abril, 2016","format":false,"excerpt":"El baterista Gonzalo del Val ha publicado en el inicio del a\u00f1o 2016 su nueva grabaci\u00f3n en formato de tr\u00edo titulada Koin\u00e9 (Fresh Sound New Talent). De nuevo le acompa\u00f1an el pianista Marco Mezquida y el contrabajista David Mengual. Pachi Tapiz charl\u00f3 con el m\u00fasico de Miranda de Ebro acerca\u2026","rel":"","context":"En \u00ab*_Pachi Tapiz\u00bb","block_context":{"text":"*_Pachi Tapiz","link":"https:\/\/tomajazz.com\/web\/category\/pachi-tapiz\/"},"img":{"alt_text":"","src":"https:\/\/i0.wp.com\/tomajazz.com\/web\/wp-content\/uploads\/2016\/04\/IMG_9387.JPG-Gonzalo-del-ValWM-1.jpg?resize=350%2C200&ssl=1","width":350,"height":200,"srcset":"https:\/\/i0.wp.com\/tomajazz.com\/web\/wp-content\/uploads\/2016\/04\/IMG_9387.JPG-Gonzalo-del-ValWM-1.jpg?resize=350%2C200&ssl=1 1x, https:\/\/i0.wp.com\/tomajazz.com\/web\/wp-content\/uploads\/2016\/04\/IMG_9387.JPG-Gonzalo-del-ValWM-1.jpg?resize=525%2C300&ssl=1 1.5x"},"classes":[]}],"_links":{"self":[{"href":"https:\/\/tomajazz.com\/web\/wp-json\/wp\/v2\/posts\/31683","targetHints":{"allow":["GET"]}}],"collection":[{"href":"https:\/\/tomajazz.com\/web\/wp-json\/wp\/v2\/posts"}],"about":[{"href":"https:\/\/tomajazz.com\/web\/wp-json\/wp\/v2\/types\/post"}],"author":[{"embeddable":true,"href":"https:\/\/tomajazz.com\/web\/wp-json\/wp\/v2\/users\/1"}],"replies":[{"embeddable":true,"href":"https:\/\/tomajazz.com\/web\/wp-json\/wp\/v2\/comments?post=31683"}],"version-history":[{"count":2,"href":"https:\/\/tomajazz.com\/web\/wp-json\/wp\/v2\/posts\/31683\/revisions"}],"predecessor-version":[{"id":31688,"href":"https:\/\/tomajazz.com\/web\/wp-json\/wp\/v2\/posts\/31683\/revisions\/31688"}],"wp:featuredmedia":[{"embeddable":true,"href":"https:\/\/tomajazz.com\/web\/wp-json\/wp\/v2\/media\/31684"}],"wp:attachment":[{"href":"https:\/\/tomajazz.com\/web\/wp-json\/wp\/v2\/media?parent=31683"}],"wp:term":[{"taxonomy":"category","embeddable":true,"href":"https:\/\/tomajazz.com\/web\/wp-json\/wp\/v2\/categories?post=31683"},{"taxonomy":"post_tag","embeddable":true,"href":"https:\/\/tomajazz.com\/web\/wp-json\/wp\/v2\/tags?post=31683"}],"curies":[{"name":"wp","href":"https:\/\/api.w.org\/{rel}","templated":true}]}}