{"id":32624,"date":"2017-10-04T22:07:05","date_gmt":"2017-10-04T20:07:05","guid":{"rendered":"https:\/\/www.tomajazz.com\/web\/?p=32624"},"modified":"2021-07-18T14:20:13","modified_gmt":"2021-07-18T12:20:13","slug":"hiromi-duet-feat-edmar-castaneda-madrid-barcelona-2017-10-17-y-18-noticias","status":"publish","type":"post","link":"https:\/\/tomajazz.com\/web\/hiromi-duet-feat-edmar-castaneda-madrid-barcelona-2017-10-17-y-18-noticias\/","title":{"rendered":"Hiromi Duet feat. Edmar Casta\u00f1eda (Madrid &#8211; Barcelona. 2017-10-17 y 18) [Noticias]"},"content":{"rendered":"<p style=\"text-align: center;\"><img loading=\"lazy\" decoding=\"async\" class=\"aligncenter size-full wp-image-32625\" src=\"https:\/\/tomajazz.com\/web\/wp-content\/uploads\/2017\/10\/Hiromi-Feat-Edmar-Casta\u00f1eda.jpg\" alt=\"\" width=\"229\" height=\"330\" title=\"\" srcset=\"https:\/\/tomajazz.com\/web\/wp-content\/uploads\/2017\/10\/Hiromi-Feat-Edmar-Casta\u00f1eda.jpg 229w, https:\/\/tomajazz.com\/web\/wp-content\/uploads\/2017\/10\/Hiromi-Feat-Edmar-Casta\u00f1eda-200x288.jpg 200w, https:\/\/tomajazz.com\/web\/wp-content\/uploads\/2017\/10\/Hiromi-Feat-Edmar-Casta\u00f1eda-38x55.jpg 38w\" sizes=\"auto, (max-width: 229px) 100vw, 229px\" \/><\/p>\n<p>Hiromi (piano, teclados) &#8211; Edmar Casta\u00f1eda (arpa)<\/p>\n<p>Martes 17 de octubre de 2017<br \/>\nTeatro Nuevo Apolo<br \/>\nMadrid<\/p>\n<p>Mi\u00e9rcoles 18 de octubre de 2017<br \/>\nSala Barts<br \/>\nBarcelona<\/p>\n","protected":false},"excerpt":{"rendered":"<p>Hiromi (piano, teclados) &#8211; Edmar Casta\u00f1eda (arpa) Martes 17 de octubre de 2017 Teatro Nuevo Apolo Madrid Mi\u00e9rcoles 18 de octubre de 2017 Sala Barts Barcelona<span class=\"more-link\"><a href=\"https:\/\/tomajazz.com\/web\/hiromi-duet-feat-edmar-castaneda-madrid-barcelona-2017-10-17-y-18-noticias\/\">Contin\u00faa leyendo<\/a><\/span><\/p>\n","protected":false},"author":1,"featured_media":32625,"comment_status":"open","ping_status":"closed","sticky":false,"template":"","format":"standard","meta":{"jetpack_post_was_ever_published":false,"_jetpack_newsletter_access":"","_jetpack_dont_email_post_to_subs":false,"_jetpack_newsletter_tier_id":0,"_jetpack_memberships_contains_paywalled_content":false,"_jetpack_memberships_contains_paid_content":false,"footnotes":""},"categories":[17858,15795,1038],"tags":[11856,15296],"class_list":["entry","author-pachi","post-32624","post","type-post","status-publish","format-standard","has-post-thumbnail","category-redaccion","category-noticias-2","category-contenidos","tag-noticias","tag-noticias-de-jazz"],"jetpack_featured_media_url":"https:\/\/tomajazz.com\/web\/wp-content\/uploads\/2017\/10\/Hiromi-Feat-Edmar-Casta\u00f1eda.jpg","jetpack_likes_enabled":true,"jetpack_sharing_enabled":true,"jetpack-related-posts":[{"id":30791,"url":"https:\/\/tomajazz.com\/web\/jazz-en-la-costa-almunecar-granada-del-17-al-22-de-julio-de-2017-noticias\/","url_meta":{"origin":32624,"position":0},"title":"Jazz En La Costa (Almu\u00f1\u00e9car, Granada. Del 17 al 22 de julio de 2017) [Noticias]","author":"Tomajazz","date":"5 junio, 2017","format":false,"excerpt":"Jazz en la Costa. XXX Edici\u00f3n Almu\u00f1\u00e9car, Granada. Del 17 al 22 de julio de 2017 Lunes, 17 De Julio John Pizzarelli & Daniel Jobim \" Sinatra - Jobim @ 50\" Martes, 18 De Julio. Charles Lloyd Quartet Con Gerald Clayton, Reuben Rogers y\u00a0Eric Harland.\u00a0Medalla De Oro Ciudad De Almu\u00f1\u00e9car\u2026","rel":"","context":"En \u00ab*_Redacci\u00f3n\u00bb","block_context":{"text":"*_Redacci\u00f3n","link":"https:\/\/tomajazz.com\/web\/category\/redaccion\/"},"img":{"alt_text":"","src":"https:\/\/i0.wp.com\/www.tomajazz.com\/web\/wp-content\/uploads\/2017\/06\/JAZZ-COSTA-2017-cartel-imagen-peq2.jpg?resize=350%2C200","width":350,"height":200},"classes":[]},{"id":30779,"url":"https:\/\/tomajazz.com\/web\/52-heineken-jazzaldia-san-sebastian-donosti-20-al-25-de-julio-de-2017-noticias\/","url_meta":{"origin":32624,"position":1},"title":"52 Heineken Jazzaldia (San Sebasti\u00e1n \u2013 Donosti, 20 al 25 de julio de 2017) [Noticias]","author":"Tomajazz","date":"5 junio, 2017","format":false,"excerpt":"52 Heineken Jazzaldia. San Sebasti\u00e1n - Donosti. 20 al 25 de julio de 2017 21 de julio de 2017 Wayne Shorter Quartet El Quinteto De Deborah Carter: 100 A\u00f1os Del Nacimiento De Ella Fitzgerald Jazz Band Ball 22 de julio de 2017 Charles Lloyd New Quartet Saxophone Summit Hiromi, Edmar\u2026","rel":"","context":"En \u00ab*_Redacci\u00f3n\u00bb","block_context":{"text":"*_Redacci\u00f3n","link":"https:\/\/tomajazz.com\/web\/category\/redaccion\/"},"img":{"alt_text":"","src":"https:\/\/i0.wp.com\/tomajazz.com\/web\/wp-content\/uploads\/2017\/06\/Cartel-52-Heineken-Jazzaldia-2017.jpg?resize=350%2C200&ssl=1","width":350,"height":200,"srcset":"https:\/\/i0.wp.com\/tomajazz.com\/web\/wp-content\/uploads\/2017\/06\/Cartel-52-Heineken-Jazzaldia-2017.jpg?resize=350%2C200&ssl=1 1x, https:\/\/i0.wp.com\/tomajazz.com\/web\/wp-content\/uploads\/2017\/06\/Cartel-52-Heineken-Jazzaldia-2017.jpg?resize=525%2C300&ssl=1 1.5x"},"classes":[]},{"id":32633,"url":"https:\/\/tomajazz.com\/web\/49-voll-damm-festival-internacional-de-jazz-de-barcelona-octubre-a-diciembre-de-2017-noticias\/","url_meta":{"origin":32624,"position":2},"title":"49 Voll-Damm Festival Internacional de Jazz de Barcelona (Octubre a diciembre de 2017) [Noticias]","author":"Tomajazz","date":"4 octubre, 2017","format":false,"excerpt":"Entre octubre y diciembre de 2017 tendr\u00e1 lugar el 49 Voll-Damm Festival Internacional de Jazz de Barcelona. En los 119 conciertos programados actuar\u00e1n, entre otros, Diana Krall, Avishai Cohen, Chick Corea, Chucho Vald\u00e9s, Gonzalo Rubalcaba, Fred Hersch, The Bad Plus, Trombone Shorty, Hiromi y Maceo Parker; Marco Mezquida con cinco\u2026","rel":"","context":"En \u00ab*_Redacci\u00f3n\u00bb","block_context":{"text":"*_Redacci\u00f3n","link":"https:\/\/tomajazz.com\/web\/category\/redaccion\/"},"img":{"alt_text":"","src":"https:\/\/i0.wp.com\/tomajazz.com\/web\/wp-content\/uploads\/2017\/10\/49-Voll-Damm-Festival-Internacional-Jazz-Barcelona-2017-c.jpg?resize=350%2C200&ssl=1","width":350,"height":200,"srcset":"https:\/\/i0.wp.com\/tomajazz.com\/web\/wp-content\/uploads\/2017\/10\/49-Voll-Damm-Festival-Internacional-Jazz-Barcelona-2017-c.jpg?resize=350%2C200&ssl=1 1x, https:\/\/i0.wp.com\/tomajazz.com\/web\/wp-content\/uploads\/2017\/10\/49-Voll-Damm-Festival-Internacional-Jazz-Barcelona-2017-c.jpg?resize=525%2C300&ssl=1 1.5x, https:\/\/i0.wp.com\/tomajazz.com\/web\/wp-content\/uploads\/2017\/10\/49-Voll-Damm-Festival-Internacional-Jazz-Barcelona-2017-c.jpg?resize=700%2C400&ssl=1 2x"},"classes":[]},{"id":101795,"url":"https:\/\/tomajazz.com\/web\/hiromis-sonicwonder-jazzmadrid-2025\/","url_meta":{"origin":32624,"position":3},"title":"Hiromi&#8217;s Sonicwonder (Festival Internacional JazzMadrid 2025, Fern\u00e1n G\u00f3mez. Centro Cultural de la Villa, Sala Guirau Madrid. 2025-11-11) Por Enrique Farelo [Concierto de jazz]","author":"Tomajazz","date":"14 noviembre, 2025","format":false,"excerpt":"Hiromi's Sonicwonder actu\u00f3 en el Festival Internacional JazzMadrid 2025, el 11 de noviembre de 2025. Enrique Farelo lo retrata y relata. Actuaron Adam O'Farrill, Hiromi Uehara, Hadrien Feraud, Gene Coye","rel":"","context":"En \u00abFestival Internacional JazzMadrid 2025\u00bb","block_context":{"text":"Festival Internacional JazzMadrid 2025","link":"https:\/\/tomajazz.com\/web\/category\/contenidos\/especial-contenidos\/festival-internacional-jazzmadrid-2025\/"},"img":{"alt_text":"Hiromi's Sonicwonder (Festival Internacional JazzMadrid 2025, Fern\u00e1n G\u00f3mez. Centro Cultural de la Villa, Sala Guirau Madrid. 2025-11-11) Por Enrique Farelo [Concierto de jazz] - Tomajazz - Hiromi's Sonicwonder actu\u00f3 en el Festival Internacional JazzMadrid 2025, el 11 de noviembre de 2025. Enrique Farelo lo retrata y relata. Actuaron Adam O'Farrill, Hiromi Uehara, Hadrien Feraud, Gene Coye\n","src":"https:\/\/i0.wp.com\/tomajazz.com\/web\/wp-content\/uploads\/2025\/11\/destacada-Hiromi-2.jpg?resize=350%2C200&ssl=1","width":350,"height":200,"srcset":"https:\/\/i0.wp.com\/tomajazz.com\/web\/wp-content\/uploads\/2025\/11\/destacada-Hiromi-2.jpg?resize=350%2C200&ssl=1 1x, https:\/\/i0.wp.com\/tomajazz.com\/web\/wp-content\/uploads\/2025\/11\/destacada-Hiromi-2.jpg?resize=525%2C300&ssl=1 1.5x, https:\/\/i0.wp.com\/tomajazz.com\/web\/wp-content\/uploads\/2025\/11\/destacada-Hiromi-2.jpg?resize=700%2C400&ssl=1 2x"},"classes":[]},{"id":43064,"url":"https:\/\/tomajazz.com\/web\/jam-en-bogui-i-bogui-jazz-madrid-2019-04-07-galeria-fotografica\/","url_meta":{"origin":32624,"position":4},"title":"Jam en Bogui (I) (Bogui Jazz, Madrid. 2019-04-07) [Galer\u00eda fotogr\u00e1fica]","author":"Tomajazz","date":"24 abril, 2019","format":false,"excerpt":"Por\u00a0Jos\u00e9 Luis Luna Rocafort. Fecha: Domingo, 07 de abril de 2019. 21:00h. Lugar: Bogui Jazz. Madrid Formaci\u00f3n: Jam en Bogui Formaci\u00f3n base: Sebasti\u00e1n Chames: piano Rub\u00e9n Carles: contrabajo Juanma Barroso: bater\u00eda M\u00fasicos invitados: Jorge Vistel: trompeta Maikel Vistel: saxo tenor Inoidel Gonz\u00e1lez: saxo tenor Sean Clapis: guitarra el\u00e9ctrica Edmar Matos:\u2026","rel":"","context":"En \u00ab*_Jos\u00e9 Luis Luna Rocafort\u00bb","block_context":{"text":"*_Jos\u00e9 Luis Luna Rocafort","link":"https:\/\/tomajazz.com\/web\/category\/jose-luis-luna-rocafort\/"},"img":{"alt_text":"","src":"https:\/\/i0.wp.com\/tomajazz.com\/web\/wp-content\/uploads\/2019\/04\/012-2.jpg?resize=350%2C200&ssl=1","width":350,"height":200,"srcset":"https:\/\/i0.wp.com\/tomajazz.com\/web\/wp-content\/uploads\/2019\/04\/012-2.jpg?resize=350%2C200&ssl=1 1x, https:\/\/i0.wp.com\/tomajazz.com\/web\/wp-content\/uploads\/2019\/04\/012-2.jpg?resize=525%2C300&ssl=1 1.5x"},"classes":[]},{"id":7064,"url":"https:\/\/tomajazz.com\/web\/tomajazz-recupera-hiromi-mas-alla-de-la-energia-entrevista-por-arturo-mora\/","url_meta":{"origin":32624,"position":5},"title":"Tomajazz recupera&#8230; Hiromi: M\u00e1s all\u00e1 de la energ\u00eda. Entrevista por Arturo Mora","author":"Arturo Mora","date":"25 junio, 2013","format":false,"excerpt":"ARTURO MORA: \u00bfQu\u00e9 diferencias encuentras entre el p\u00fablico europeo, el estadounidense y el japon\u00e9s? HIROMI: Bueno, realmente depende del contexto en el que sucede el concierto. A veces es distinto cuando es en un auditorio o en un club de jazz, o cuando es al aire libre o en local\u2026","rel":"","context":"En \u00ab*_Arturo Mora Rioja\u00bb","block_context":{"text":"*_Arturo Mora Rioja","link":"https:\/\/tomajazz.com\/web\/category\/arturo-mora-rioja\/"},"img":{"alt_text":"hiromi4","src":"https:\/\/i0.wp.com\/www.tomajazz.com\/web\/wp-content\/uploads\/2013\/06\/hiromi4.jpg?resize=350%2C200","width":350,"height":200},"classes":[]}],"_links":{"self":[{"href":"https:\/\/tomajazz.com\/web\/wp-json\/wp\/v2\/posts\/32624","targetHints":{"allow":["GET"]}}],"collection":[{"href":"https:\/\/tomajazz.com\/web\/wp-json\/wp\/v2\/posts"}],"about":[{"href":"https:\/\/tomajazz.com\/web\/wp-json\/wp\/v2\/types\/post"}],"author":[{"embeddable":true,"href":"https:\/\/tomajazz.com\/web\/wp-json\/wp\/v2\/users\/1"}],"replies":[{"embeddable":true,"href":"https:\/\/tomajazz.com\/web\/wp-json\/wp\/v2\/comments?post=32624"}],"version-history":[{"count":1,"href":"https:\/\/tomajazz.com\/web\/wp-json\/wp\/v2\/posts\/32624\/revisions"}],"predecessor-version":[{"id":32626,"href":"https:\/\/tomajazz.com\/web\/wp-json\/wp\/v2\/posts\/32624\/revisions\/32626"}],"wp:featuredmedia":[{"embeddable":true,"href":"https:\/\/tomajazz.com\/web\/wp-json\/wp\/v2\/media\/32625"}],"wp:attachment":[{"href":"https:\/\/tomajazz.com\/web\/wp-json\/wp\/v2\/media?parent=32624"}],"wp:term":[{"taxonomy":"category","embeddable":true,"href":"https:\/\/tomajazz.com\/web\/wp-json\/wp\/v2\/categories?post=32624"},{"taxonomy":"post_tag","embeddable":true,"href":"https:\/\/tomajazz.com\/web\/wp-json\/wp\/v2\/tags?post=32624"}],"curies":[{"name":"wp","href":"https:\/\/api.w.org\/{rel}","templated":true}]}}