{"id":32637,"date":"2017-10-29T21:25:59","date_gmt":"2017-10-29T20:25:59","guid":{"rendered":"https:\/\/www.tomajazz.com\/web\/?p=32637"},"modified":"2021-07-18T14:20:08","modified_gmt":"2021-07-18T12:20:08","slug":"jazzmadrid17-2-al-30-de-noviembre-de-2017-noticias","status":"publish","type":"post","link":"https:\/\/tomajazz.com\/web\/jazzmadrid17-2-al-30-de-noviembre-de-2017-noticias\/","title":{"rendered":"JazzMadrid17 (2 al 30 de noviembre de 2017) [Noticias]"},"content":{"rendered":"<p><center><img loading=\"lazy\" decoding=\"async\" class=\"aligncenter size-large wp-image-32653\" src=\"https:\/\/tomajazz.com\/web\/wp-content\/uploads\/2017\/10\/JazzMadrid-2017_logo-fechas-600x305.png\" alt=\"\" width=\"600\" height=\"305\" title=\"\" srcset=\"https:\/\/tomajazz.com\/web\/wp-content\/uploads\/2017\/10\/JazzMadrid-2017_logo-fechas.png 600w, https:\/\/tomajazz.com\/web\/wp-content\/uploads\/2017\/10\/JazzMadrid-2017_logo-fechas-200x102.png 200w, https:\/\/tomajazz.com\/web\/wp-content\/uploads\/2017\/10\/JazzMadrid-2017_logo-fechas-108x55.png 108w\" sizes=\"auto, (max-width: 600px) 100vw, 600px\" \/><\/center>&nbsp;<\/p>\n<p>Entre el 2 y el 30 de noviembre de 2017 tendr\u00e1 lugar, con conciertos repartidos en distintos escenarios, el Festival Internacional de Jazz de Madrid JazzMadrid17. Dave Holland, Dave Douglas, Tigran Hamasyan, Jorge Pardo \u00abDjinn\u00bb, Kyle Eastwood, Benny Golson, Baldo Mart\u00ednez Cuarteto Europa, Potter &#8211; Rogers &#8211; Harland, Fred Hersch, Collective, Dee Dee Bridgewater, Tania Giannoulli, Anouar Brahem, Uri Caine, Steve Coleman, Henri Texier, Mark Guilliana, Tingvall Trio o Jean Luc Ponty son algunos de los artistas que actuar\u00e1n en esta cita.<br \/>\nProgramaci\u00f3n:<br \/>\n2 noviembre &#8211; Nola Brass Band &#8211; Plaza de las Comendadoras<br \/>\n2 noviembre &#8211; Mark Guiliana Jazz Trio &#8211; Conde Duque<br \/>\n2 noviembre &#8211; Daym\u00e9 Arocena &#8211; Fern\u00e1n G\u00f3mez Centro Cultural de la Villa<br \/>\n2-4 noviembre &#8211; Pedro Iturralde Quartet &#8211; Bogui Jazz<br \/>\n3 noviembre &#8211; Henri Texier Hope Quartet &#8211; Conde Duque<br \/>\n3 noviembre &#8211; Tingvall Trio &#8211; Fern\u00e1n G\u00f3mez Centro Cultural de la Villa<br \/>\n4 noviembre &#8211; Marilyn Mazur Group &#8211; Conde Duque<br \/>\n4 noviembre &#8211; Becca Stevens &#8211; Fern\u00e1n G\u00f3mez Centro Cultural de la Villa<br \/>\n5 noviembre &#8211; Nola Brass Band &#8211; Fern\u00e1n G\u00f3mez Centro Cultural de la Villa<br \/>\n5 noviembre &#8211; Shai Maestro Trio &#8211; Fern\u00e1n G\u00f3mez Centro Cultural de la Villa<br \/>\n7 noviembre &#8211; Steve Coleman &amp; Five Elements &#8211; Conde Duque<br \/>\n7 noviembre &#8211; Vieux Farka Tour\u00e9 &#8211; Fern\u00e1n G\u00f3mez Centro Cultural de la Villa<br \/>\n8 noviembre &#8211; Uri Caine Solo &#8211; Conde Duque<br \/>\n8 noviembre &#8211; Jean Luc Ponty &amp; His Band &#8211; Fern\u00e1n G\u00f3mez Centro Cultural de la Villa<br \/>\n9 noviembre &#8211; Amaniel Big Band &#8211; Fern\u00e1n G\u00f3mez Centro Cultural de la Villa<br \/>\n9 noviembre &#8211; Sheila Jordan &#8211; Conde Duque<br \/>\n10 noviembre &#8211; Mostly Other People Do The Killing &#8211; Conde Duque<br \/>\n10 noviembre &#8211; Ron Carter \u2013 Golden Striker Trio &#8211; Fern\u00e1n G\u00f3mez Centro Cultural de la Villa<br \/>\n11 noviembre &#8211; Bill Frisell Music For Strings &#8211; Conde Duque<br \/>\n11 noviembre &#8211; Roberto Fonseca \u2013 Abuc &#8211; Fern\u00e1n G\u00f3mez Centro Cultural de la Villa<br \/>\n12 noviembre &#8211; Medeski\u2019s Mad Skillet &#8211; Fern\u00e1n G\u00f3mez Centro Cultural de la Villa<br \/>\n14 noviembre &#8211; Mulatu Astatke &#8211; Conde Duque<br \/>\n14 noviembre &#8211; Dee Dee Bridgewater &amp; The Memphis Soulphony &#8211; Fern\u00e1n G\u00f3mez Centro Cultural de La Villa<br \/>\n15 noviembre &#8211; Collective &#8211; Conde Duque<br \/>\n15 noviembre &#8211; James Carter\u2019s Elektrik Outlet &#8211; Fern\u00e1n G\u00f3mez Centro Cultural de la Villa<br \/>\n15 noviembre &#8211; Cyrille Aym\u00e9e &#8211; Clamores<br \/>\n16 noviembre &#8211; Anouar Brahem 4rtet &#8211; Conde Duque<br \/>\n16 noviembre &#8211; Fred Hersch Trio &#8211; Fern\u00e1n G\u00f3mez Centro Cultural de la Villa<br \/>\n17 noviembre &#8211; Tania Giannouli Ensemble &#8211; Conde Duque<br \/>\n17 noviembre &#8211; David Pastor &amp; Nu-Roots &#8211; Fern\u00e1n G\u00f3mez Centro Cultural de la Villa<br \/>\n18 noviembre &#8211; Jonah Smith &amp; David Soler &#8211; Auditorio Caja de M\u00fasica CentroCentro Cibeles<br \/>\n18 noviembre &#8211; Melissa Aldana Quartet- Conde Duque<br \/>\n18 noviembre &#8211; Mois\u00e9s P. S\u00e1nchez Project Metamorfosis &#8211; Fern\u00e1n G\u00f3mez Centro Cultural de la Villa<br \/>\n19 noviembre &#8211; Potter \u2013 Rogers \u2013 Harland &#8211; Fern\u00e1n G\u00f3mez Centro Cultural de la Villa<br \/>\n20 noviembre &#8211; Cory Henry &amp; The Funk Apostles &#8211; Clamores<br \/>\n21 noviembre &#8211; Delgres &#8211; Conde Duque<br \/>\n21 noviembre &#8211; Benny Golson Quartet- Clamores<br \/>\n21 noviembre &#8211; Vargas Blues Band &#8211; Fern\u00e1n G\u00f3mez Centro Cultural de la Villa<br \/>\n22 noviembre &#8211; Maciej Obara Quartet &#8211; Conde Duque<br \/>\n22 noviembre &#8211; Kyle Eastwood Quintet &#8211; Fern\u00e1n G\u00f3mez Centro Cultural de la Villa<br \/>\n23 noviembre &#8211; Perico Sambeat Plays Zappa &#8211; Conde Duque<br \/>\n23 noviembre &#8211; Benavent, Di Geraldo, Pardo &#8211; Fern\u00e1n G\u00f3mez Centro Cultural de la Villa<br \/>\n23 noviembre \u2013 Lila Downs \u2013 La Riviera<br \/>\n23 noviembre &#8211; Creativa Junior Big Band &#8211; Fern\u00e1n G\u00f3mez Centro Cultural de la Villa<br \/>\n24 noviembre &#8211; Baldo Mart\u00ednez Cuarteto Europa &#8211; Conde Duque<br \/>\n25 noviembre &#8211; Guillermo Mcgill Quintet &#8211; Conde Duque<br \/>\n25 noviembre &#8211; Joe Louis Walker &#8211; Fern\u00e1n G\u00f3mez Centro Cultural de la Villa<br \/>\n26 noviembre &#8211; Big Band Arturo Soria &#8211; Fern\u00e1n G\u00f3mez Centro Cultural de la Villa<br \/>\n28 noviembre &#8211; Big Mama Montse Band &#8211; Conde Duque<br \/>\n28 noviembre &#8211; Philip Catherine Trio &#8211; Fern\u00e1n G\u00f3mez Centro Cultural de la Villa<br \/>\n28 noviembre &#8211; Dave Holland Trio &#8211; Clamores<br \/>\n29 noviembre &#8211; Dave Douglas &amp; Chet Doxas: Riverside \/ with Carla Bley Feat. Steve Swallow and Jim Doxas &#8211; Conde Duque<br \/>\n29 noviembre &#8211; Tigran Hamasyan- Fern\u00e1n G\u00f3mez Centro Cultural de la Villa<br \/>\n30 noviembre &#8211; Aru\u00e1n Ortiz &amp; Don Byron Duo &#8211; Conde Duque<br \/>\n30 noviembre &#8211; Jorge Pardo \u201cDjinn\u201d &#8211; Fern\u00e1n G\u00f3mez Centro Cultural de la Villa<br \/>\nToda la informaci\u00f3n en <a href=\"http:\/\/www.festivaldejazzmadrid.com\/eventos\/categoria\/conciertos-jazz-madrid-2017\/\" target=\"_blank\" rel=\"noopener\">http:\/\/www.festivaldejazzmadrid.com\/eventos\/categoria\/conciertos-jazz-madrid-2017\/<\/a><\/p>\n","protected":false},"excerpt":{"rendered":"<p>&nbsp; Entre el 2 y el 30 de noviembre de 2017 tendr\u00e1 lugar, con conciertos repartidos en distintos escenarios, el Festival Internacional de Jazz de Madrid JazzMadrid17. Dave Holland, Dave Douglas, Tigran Hamasyan, Jorge Pardo \u00abDjinn\u00bb, Kyle Eastwood, Benny Golson, Baldo Mart\u00ednez Cuarteto Europa, Potter &#8211; Rogers &#8211; Harland, Fred<span class=\"more-link\"><a href=\"https:\/\/tomajazz.com\/web\/jazzmadrid17-2-al-30-de-noviembre-de-2017-noticias\/\">Contin\u00faa leyendo<\/a><\/span><\/p>\n","protected":false},"author":1,"featured_media":32651,"comment_status":"open","ping_status":"closed","sticky":false,"template":"","format":"standard","meta":{"jetpack_post_was_ever_published":false,"_jetpack_newsletter_access":"","_jetpack_dont_email_post_to_subs":false,"_jetpack_newsletter_tier_id":0,"_jetpack_memberships_contains_paywalled_content":false,"_jetpack_memberships_contains_paid_content":false,"footnotes":""},"categories":[17858,20384,15795,1038],"tags":[11856,15296],"class_list":["entry","author-pachi","post-32637","post","type-post","status-publish","format-standard","has-post-thumbnail","category-redaccion","category-jazzmadrid17","category-noticias-2","category-contenidos","tag-noticias","tag-noticias-de-jazz"],"jetpack_featured_media_url":"https:\/\/tomajazz.com\/web\/wp-content\/uploads\/2017\/10\/Jazz-Madrid-2017.png","jetpack_likes_enabled":true,"jetpack_sharing_enabled":true,"jetpack-related-posts":[{"id":33011,"url":"https:\/\/tomajazz.com\/web\/madrid-en-jazz-festival-internacional-de-jazz-de-madrid-2017-noviembre-2017-articulo\/","url_meta":{"origin":32637,"position":0},"title":"Madrid en Jazz (Festival Internacional de Jazz de Madrid 2017. Noviembre 2017) [Art\u00edculo]","author":"Tomajazz","date":"1 noviembre, 2017","format":false,"excerpt":"\u00a0 Con m\u00e1s de cien actividades entre conciertos, exposiciones, charlas y clases magistrales, el Festival Internacional de Jazz de Madrid contin\u00faa en 2017 haciendo de esta cita oto\u00f1al (que abarca todo el mes de noviembre, en 2017 del d\u00eda 2 al 30), en una de las m\u00e1s importantes de nuestro\u2026","rel":"","context":"En \u00ab*_Pachi Tapiz\u00bb","block_context":{"text":"*_Pachi Tapiz","link":"https:\/\/tomajazz.com\/web\/category\/pachi-tapiz\/"},"img":{"alt_text":"","src":"https:\/\/i0.wp.com\/tomajazz.com\/web\/wp-content\/uploads\/2017\/10\/Jazz-Madrid-2017.png?resize=350%2C200&ssl=1","width":350,"height":200,"srcset":"https:\/\/i0.wp.com\/tomajazz.com\/web\/wp-content\/uploads\/2017\/10\/Jazz-Madrid-2017.png?resize=350%2C200&ssl=1 1x, https:\/\/i0.wp.com\/tomajazz.com\/web\/wp-content\/uploads\/2017\/10\/Jazz-Madrid-2017.png?resize=525%2C300&ssl=1 1.5x"},"classes":[]},{"id":33297,"url":"https:\/\/tomajazz.com\/web\/hdo-348-al-habla-y-en-concierto-con-moises-p-sanchez-podcast\/","url_meta":{"origin":32637,"position":1},"title":"HDO 348. Al habla (y en concierto) con\u2026 Mois\u00e9s P. S\u00e1nchez [Podcast]","author":"Tomajazz","date":"15 noviembre, 2017","format":false,"excerpt":"El pianista Mois\u00e9s P. S\u00e1nchez vuelve a actuar en el Festival Internacional de Jazz de Madrid. En 2015 present\u00f3 su grabaci\u00f3n en solitario\u00a0Soliloquio. En 2017, el s\u00e1bado 18 de noviembre a las 21:30, va a ser el turno de defender en directo su nueva grabaci\u00f3n,\u00a0Metamorfosis, acompa\u00f1ado por su tr\u00edo que\u2026","rel":"","context":"En \u00ab*_Jos\u00e9 Luis Luna Rocafort\u00bb","block_context":{"text":"*_Jos\u00e9 Luis Luna Rocafort","link":"https:\/\/tomajazz.com\/web\/category\/jose-luis-luna-rocafort\/"},"img":{"alt_text":"","src":"https:\/\/i0.wp.com\/tomajazz.com\/web\/wp-content\/uploads\/2016\/09\/012-Moises-P-Sanchez.jpg?resize=350%2C200&ssl=1","width":350,"height":200,"srcset":"https:\/\/i0.wp.com\/tomajazz.com\/web\/wp-content\/uploads\/2016\/09\/012-Moises-P-Sanchez.jpg?resize=350%2C200&ssl=1 1x, https:\/\/i0.wp.com\/tomajazz.com\/web\/wp-content\/uploads\/2016\/09\/012-Moises-P-Sanchez.jpg?resize=525%2C300&ssl=1 1.5x"},"classes":[]},{"id":33374,"url":"https:\/\/tomajazz.com\/web\/instantzz-raynald-colom-steel-jazz-en-los-distritos-festival-de-jazz-de-madrid-2017-11-12-galeria-fotografica\/","url_meta":{"origin":32637,"position":2},"title":"INSTANTZZ: Raynald Colom Steel (Jazz en los distritos. Festival de Jazz de Madrid. 2017-11-12) [Galer\u00eda fotogr\u00e1fica]","author":"Tomajazz","date":"19 noviembre, 2017","format":false,"excerpt":"Jazz en los distritos. Festival Internacional de Jazz de Madrid Fecha: Domingo 12 noviembre de 2017 Lugar: Centro Cultural \"El Torito\".Avd. Moratalaz,130. Madrid. Grupo: Raynald Colom Steel Raynald Colom: trompeta, piano y teclados Daniel Soler: guitarra el\u00e9ctrica y steel guitar Tito Bonacera: bajo el\u00e9ctrico Jos\u00e9 Ben\u00edtez: bater\u00eda Tomajazz:\u00a0\u00a9 Enrique Farelo,\u2026","rel":"","context":"En \u00ab*_Enrique Farelo\u00bb","block_context":{"text":"*_Enrique Farelo","link":"https:\/\/tomajazz.com\/web\/category\/enrique-farelo\/"},"img":{"alt_text":"","src":"https:\/\/i0.wp.com\/tomajazz.com\/web\/wp-content\/uploads\/2017\/11\/07_Raynald-Colom-IV-e1511037046768.jpg?resize=350%2C200&ssl=1","width":350,"height":200,"srcset":"https:\/\/i0.wp.com\/tomajazz.com\/web\/wp-content\/uploads\/2017\/11\/07_Raynald-Colom-IV-e1511037046768.jpg?resize=350%2C200&ssl=1 1x, https:\/\/i0.wp.com\/tomajazz.com\/web\/wp-content\/uploads\/2017\/11\/07_Raynald-Colom-IV-e1511037046768.jpg?resize=525%2C300&ssl=1 1.5x, https:\/\/i0.wp.com\/tomajazz.com\/web\/wp-content\/uploads\/2017\/11\/07_Raynald-Colom-IV-e1511037046768.jpg?resize=700%2C400&ssl=1 2x"},"classes":[]},{"id":33119,"url":"https:\/\/tomajazz.com\/web\/hdo-327-al-habla-y-en-concierto-con-moppa-elliott-mopdtk-podcast\/","url_meta":{"origin":32637,"position":3},"title":"HDO 341. Al habla (y en concierto) con\u2026 Moppa Elliott (MOPDTK) [Podcast]","author":"Tomajazz","date":"7 noviembre, 2017","format":false,"excerpt":"El viernes 10 de noviembre actuar\u00e1 en JazzMadrid17 el grupo Mostly Other People Do The Killing. Este grupo jazz\u00edsticamente iconoclasta se encuentra en un momento muy interesante. Tras sus primeras grabaciones en cuarteto (con Peter Evans, Jon Irabagon, Kevin Shea y su l\u00edder, Moppa Elliott), el grupo incorpor\u00f3 al pianista\u2026","rel":"","context":"En \u00ab*_Pachi Tapiz\u00bb","block_context":{"text":"*_Pachi Tapiz","link":"https:\/\/tomajazz.com\/web\/category\/pachi-tapiz\/"},"img":{"alt_text":"","src":"https:\/\/i0.wp.com\/tomajazz.com\/web\/wp-content\/uploads\/2017\/11\/MOPDTK2_by_Peter_Gannushkin-17.jpg?resize=350%2C200&ssl=1","width":350,"height":200,"srcset":"https:\/\/i0.wp.com\/tomajazz.com\/web\/wp-content\/uploads\/2017\/11\/MOPDTK2_by_Peter_Gannushkin-17.jpg?resize=350%2C200&ssl=1 1x, https:\/\/i0.wp.com\/tomajazz.com\/web\/wp-content\/uploads\/2017\/11\/MOPDTK2_by_Peter_Gannushkin-17.jpg?resize=525%2C300&ssl=1 1.5x, https:\/\/i0.wp.com\/tomajazz.com\/web\/wp-content\/uploads\/2017\/11\/MOPDTK2_by_Peter_Gannushkin-17.jpg?resize=700%2C400&ssl=1 2x"},"classes":[]},{"id":33229,"url":"https:\/\/tomajazz.com\/web\/hdo-345-al-habla-y-en-concierto-con-tania-giannouli-podcast\/","url_meta":{"origin":32637,"position":4},"title":"HDO 345. Al habla (y en concierto) con\u2026 Tania Giannouli [Podcast]","author":"Tomajazz","date":"11 noviembre, 2017","format":false,"excerpt":"La pianista griega\u00a0Tania Giannoulli actuar\u00e1 el viernes 17 de noviembre en el\u00a0Festival Internacional de Jazz de Madrid 2017\u00a0al frente del Tania Giannoulli Ensemble, un\u00a0quinteto con el que presentar\u00e1 su grabaci\u00f3n\u00a0Transcendence. Esta obra,\u00a0de fuerte inspiraci\u00f3n mediterr\u00e1nea, que tambi\u00e9n bebe de la m\u00fasica cl\u00e1sica (la formaci\u00f3n de la artista), y que se\u2026","rel":"","context":"En \u00ab*_Pachi Tapiz\u00bb","block_context":{"text":"*_Pachi Tapiz","link":"https:\/\/tomajazz.com\/web\/category\/pachi-tapiz\/"},"img":{"alt_text":"","src":"https:\/\/i0.wp.com\/tomajazz.com\/web\/wp-content\/uploads\/2017\/11\/Tania-Giannouli-e1510343715620.jpg?resize=350%2C200&ssl=1","width":350,"height":200,"srcset":"https:\/\/i0.wp.com\/tomajazz.com\/web\/wp-content\/uploads\/2017\/11\/Tania-Giannouli-e1510343715620.jpg?resize=350%2C200&ssl=1 1x, https:\/\/i0.wp.com\/tomajazz.com\/web\/wp-content\/uploads\/2017\/11\/Tania-Giannouli-e1510343715620.jpg?resize=525%2C300&ssl=1 1.5x, https:\/\/i0.wp.com\/tomajazz.com\/web\/wp-content\/uploads\/2017\/11\/Tania-Giannouli-e1510343715620.jpg?resize=700%2C400&ssl=1 2x"},"classes":[]},{"id":33283,"url":"https:\/\/tomajazz.com\/web\/hdo-347-al-habla-y-en-concierto-con-david-pastor-podcast\/","url_meta":{"origin":32637,"position":5},"title":"HDO 347. Al habla (y en concierto) con\u2026 David Pastor [Podcast]","author":"Tomajazz","date":"14 noviembre, 2017","format":false,"excerpt":"El viernes 17 de noviembre a las 21:30, David Pastor & Nu Roots actuar\u00e1 en la Sala Guirau del Centro Cultural de la Villa Fern\u00e1n G\u00f3mez dentro de la programaci\u00f3n de JazzMadrid 2017, presentando su grabaci\u00f3n Motion\u00a0(2017). En HDO 347\u00a0se puede escuchar la charla del trompetista con Pachi Tapiz. Como\u2026","rel":"","context":"En \u00ab*_Pachi Tapiz\u00bb","block_context":{"text":"*_Pachi Tapiz","link":"https:\/\/tomajazz.com\/web\/category\/pachi-tapiz\/"},"img":{"alt_text":"","src":"https:\/\/i0.wp.com\/tomajazz.com\/web\/wp-content\/uploads\/2015\/10\/001-600x4007.jpg?resize=350%2C200&ssl=1","width":350,"height":200,"srcset":"https:\/\/i0.wp.com\/tomajazz.com\/web\/wp-content\/uploads\/2015\/10\/001-600x4007.jpg?resize=350%2C200&ssl=1 1x, https:\/\/i0.wp.com\/tomajazz.com\/web\/wp-content\/uploads\/2015\/10\/001-600x4007.jpg?resize=525%2C300&ssl=1 1.5x"},"classes":[]}],"_links":{"self":[{"href":"https:\/\/tomajazz.com\/web\/wp-json\/wp\/v2\/posts\/32637","targetHints":{"allow":["GET"]}}],"collection":[{"href":"https:\/\/tomajazz.com\/web\/wp-json\/wp\/v2\/posts"}],"about":[{"href":"https:\/\/tomajazz.com\/web\/wp-json\/wp\/v2\/types\/post"}],"author":[{"embeddable":true,"href":"https:\/\/tomajazz.com\/web\/wp-json\/wp\/v2\/users\/1"}],"replies":[{"embeddable":true,"href":"https:\/\/tomajazz.com\/web\/wp-json\/wp\/v2\/comments?post=32637"}],"version-history":[{"count":6,"href":"https:\/\/tomajazz.com\/web\/wp-json\/wp\/v2\/posts\/32637\/revisions"}],"predecessor-version":[{"id":32960,"href":"https:\/\/tomajazz.com\/web\/wp-json\/wp\/v2\/posts\/32637\/revisions\/32960"}],"wp:featuredmedia":[{"embeddable":true,"href":"https:\/\/tomajazz.com\/web\/wp-json\/wp\/v2\/media\/32651"}],"wp:attachment":[{"href":"https:\/\/tomajazz.com\/web\/wp-json\/wp\/v2\/media?parent=32637"}],"wp:term":[{"taxonomy":"category","embeddable":true,"href":"https:\/\/tomajazz.com\/web\/wp-json\/wp\/v2\/categories?post=32637"},{"taxonomy":"post_tag","embeddable":true,"href":"https:\/\/tomajazz.com\/web\/wp-json\/wp\/v2\/tags?post=32637"}],"curies":[{"name":"wp","href":"https:\/\/api.w.org\/{rel}","templated":true}]}}