{"id":32664,"date":"2017-10-08T12:00:56","date_gmt":"2017-10-08T10:00:56","guid":{"rendered":"https:\/\/www.tomajazz.com\/web\/?p=32664"},"modified":"2017-12-29T21:33:34","modified_gmt":"2017-12-29T20:33:34","slug":"365-razones-para-amar-el-jazz-una-grabacion-nightfall-charlie-haden-john-taylor-281","status":"publish","type":"post","link":"https:\/\/tomajazz.com\/web\/365-razones-para-amar-el-jazz-una-grabacion-nightfall-charlie-haden-john-taylor-281\/","title":{"rendered":"365 razones para amar el jazz: una grabaci\u00f3n. Nightfall (Charlie Haden &#8211; John Taylor) [281]"},"content":{"rendered":"<p><img loading=\"lazy\" decoding=\"async\" class=\"alignleft wp-image-32665 size-medium\" src=\"https:\/\/tomajazz.com\/web\/wp-content\/uploads\/2017\/10\/Charlie-Haden-John-Taylor_Nightfall-200x198.jpg\" alt=\"\" width=\"200\" height=\"198\" title=\"\" srcset=\"https:\/\/tomajazz.com\/web\/wp-content\/uploads\/2017\/10\/Charlie-Haden-John-Taylor_Nightfall-200x198.jpg 200w, https:\/\/tomajazz.com\/web\/wp-content\/uploads\/2017\/10\/Charlie-Haden-John-Taylor_Nightfall-150x150.jpg 150w, https:\/\/tomajazz.com\/web\/wp-content\/uploads\/2017\/10\/Charlie-Haden-John-Taylor_Nightfall-55x55.jpg 55w, https:\/\/tomajazz.com\/web\/wp-content\/uploads\/2017\/10\/Charlie-Haden-John-Taylor_Nightfall-50x50.jpg 50w, https:\/\/tomajazz.com\/web\/wp-content\/uploads\/2017\/10\/Charlie-Haden-John-Taylor_Nightfall.jpg 500w\" sizes=\"auto, (max-width: 200px) 100vw, 200px\" \/>Una grabaci\u00f3n:\u00a0<strong>John Taylor &#8211; Charlie Haden<\/strong>:\u00a0<em>Nightfall\u00a0<\/em>(Naim Label, 2004)<\/p>\n<p>Seleccionado por\u00a0<strong>Arturo Mora Rioja<\/strong><\/p>\n","protected":false},"excerpt":{"rendered":"<p>Una grabaci\u00f3n:\u00a0John Taylor &#8211; Charlie Haden:\u00a0Nightfall\u00a0(Naim Label, 2004) Seleccionado por\u00a0Arturo Mora Rioja<span class=\"more-link\"><a href=\"https:\/\/tomajazz.com\/web\/365-razones-para-amar-el-jazz-una-grabacion-nightfall-charlie-haden-john-taylor-281\/\">Contin\u00faa leyendo<\/a><\/span><\/p>\n","protected":false},"author":1,"featured_media":32665,"comment_status":"open","ping_status":"closed","sticky":false,"template":"","format":"standard","meta":{"jetpack_post_was_ever_published":false,"_jetpack_newsletter_access":"","_jetpack_dont_email_post_to_subs":false,"_jetpack_newsletter_tier_id":0,"_jetpack_memberships_contains_paywalled_content":false,"_jetpack_memberships_contains_paid_content":false,"footnotes":""},"categories":[17861,18155,20689,15517,1038],"tags":[260,1557,6221,20263,20264],"class_list":["entry","author-pachi","post-32664","post","type-post","status-publish","format-standard","has-post-thumbnail","category-arturo-mora-rioja","category-365-razones-para-amar-el-jazz","category-razones-para-el-jazz","category-textos","category-contenidos","tag-arturo-mora-rioja","tag-charlie-haden","tag-john-taylor","tag-john-taylor-charlie-haden","tag-naim-label"],"jetpack_featured_media_url":"https:\/\/tomajazz.com\/web\/wp-content\/uploads\/2017\/10\/Charlie-Haden-John-Taylor_Nightfall.jpg","jetpack_likes_enabled":true,"jetpack_sharing_enabled":true,"jetpack-related-posts":[{"id":29028,"url":"https:\/\/tomajazz.com\/web\/365-razones-para-amar-el-jazz-una-portada-thelonious-monk-underground-john-berg-y-richard-mantel-37\/","url_meta":{"origin":32664,"position":0},"title":"365 razones para amar el jazz: una portada. Thelonious Monk: Underground (John Berg y Richard Mantel) [37]","author":"Tomajazz","date":"6 febrero, 2017","format":false,"excerpt":"Una portada de John Berg y Richard Mantel. Thelonious Monk: Underground (Columbia, 1968) Seleccionado por\u00a0Arturo Mora Rioja. Con Thelonious Monk, Charlie Rouse, Larry Gales, Ben Riley.","rel":"","context":"En \u00ab*_Arturo Mora Rioja\u00bb","block_context":{"text":"*_Arturo Mora Rioja","link":"https:\/\/tomajazz.com\/web\/category\/arturo-mora-rioja\/"},"img":{"alt_text":"","src":"https:\/\/i0.wp.com\/tomajazz.com\/web\/wp-content\/uploads\/2017\/01\/Thelonious-Monk_Underground_Columbia_1968.jpg?resize=350%2C200&ssl=1","width":350,"height":200},"classes":[]},{"id":12976,"url":"https:\/\/tomajazz.com\/web\/charlie-haden-el-resto-es-silencio\/","url_meta":{"origin":32664,"position":1},"title":"Charlie Haden: El resto es silencio","author":"Arturo Mora","date":"13 julio, 2014","format":false,"excerpt":"Se ve\u00eda a s\u00ed mismo como un m\u00fasico de folk. Cimentado en la humildad dio forma al jazz que estaba por venir de la mano de Ornette Coleman, nos hizo disfrutar con su Quartet West, agit\u00f3 nuestra conciencia pol\u00edtica gracias a su Liberation Orchestra, nos asom\u00f3 a los cielos de\u2026","rel":"","context":"En \u00ab*_Arturo Mora Rioja\u00bb","block_context":{"text":"*_Arturo Mora Rioja","link":"https:\/\/tomajazz.com\/web\/category\/arturo-mora-rioja\/"},"img":{"alt_text":"Festival de Jazz de Vitoria, 14 de julio de 2005 \u00a9 Sergio Cabanillas","src":"https:\/\/i0.wp.com\/www.tomajazz.com\/web\/wp-content\/uploads\/2013\/06\/charlie_haden_4198.jpg?resize=350%2C200","width":350,"height":200},"classes":[]},{"id":33664,"url":"https:\/\/tomajazz.com\/web\/365-razones-para-amar-el-jazz-una-grabacion-charlie-haden-quartet-west-331\/","url_meta":{"origin":32664,"position":2},"title":"365 razones para amar el jazz: una grabaci\u00f3n. Charlie Haden Quartet West [332]","author":"Tomajazz","date":"28 noviembre, 2017","format":false,"excerpt":"Una grabaci\u00f3n.\u00a0Charlie Haden Quartet West:\u00a0Charlie Haden Quartet West\u00a0(Verve, 1987) Seleccionado por\u00a0Pachi Tapiz Con Charlie Haden, Ernie Watts, Alan Broadbent, Billy Higgins","rel":"","context":"En \u00ab*_Pachi Tapiz\u00bb","block_context":{"text":"*_Pachi Tapiz","link":"https:\/\/tomajazz.com\/web\/category\/pachi-tapiz\/"},"img":{"alt_text":"","src":"https:\/\/i0.wp.com\/tomajazz.com\/web\/wp-content\/uploads\/2017\/11\/Charlie-Haden-Quartet-West.jpg?resize=350%2C200&ssl=1","width":350,"height":200},"classes":[]},{"id":33788,"url":"https:\/\/tomajazz.com\/web\/365-razones-para-amar-el-jazz-una-grabacion-dialogues-charlie-haden-carlos-paredes-339\/","url_meta":{"origin":32664,"position":3},"title":"365 razones para amar el jazz: una grabaci\u00f3n. Dialogues (Charlie Haden &#038; Carlos Paredes) [339]","author":"Tomajazz","date":"5 diciembre, 2017","format":false,"excerpt":"Una grabaci\u00f3n.\u00a0 Charlie Haden & Carlos Paredes:\u00a0Dialogues (Verve, 1990) Seleccionado por\u00a0Mart\u00ed Farr\u00e9","rel":"","context":"En \u00ab*_Luis Escalante Ozalla\u00bb","block_context":{"text":"*_Luis Escalante Ozalla","link":"https:\/\/tomajazz.com\/web\/category\/luis-escalante-ozalla\/"},"img":{"alt_text":"","src":"https:\/\/i0.wp.com\/tomajazz.com\/web\/wp-content\/uploads\/2017\/12\/Charlie-Haden-Carlos-Paredes_Dialogues_Verve_1990-200x204.jpg?resize=350%2C200&ssl=1","width":350,"height":200},"classes":[]},{"id":29566,"url":"https:\/\/tomajazz.com\/web\/365-razones-para-amar-el-jazz-un-disco-crescent-john-coltrane-67\/","url_meta":{"origin":32664,"position":4},"title":"365 razones para amar el jazz: un disco. Crescent (John Coltrane) [67]","author":"Tomajazz","date":"8 marzo, 2017","format":false,"excerpt":"Un disco.\u00a0John Coltrane:\u00a0Crescent (Impulse!, 1964) Seleccionado por\u00a0Arturo Mora Rioja. Con John Coltrane, McCoy Tyner, Jimmy Garrison, Elvin Jones.","rel":"","context":"En \u00ab*_Arturo Mora Rioja\u00bb","block_context":{"text":"*_Arturo Mora Rioja","link":"https:\/\/tomajazz.com\/web\/category\/arturo-mora-rioja\/"},"img":{"alt_text":"","src":"https:\/\/i0.wp.com\/www.tomajazz.com\/web\/wp-content\/uploads\/2017\/03\/John_Coltrane_-_Crescent_Impulse_1964-200x177.jpg?resize=350%2C200","width":350,"height":200},"classes":[]},{"id":32891,"url":"https:\/\/tomajazz.com\/web\/365-razones-para-amar-el-jazz-una-grabacion-magico-haden-garbarek-gismonti-297\/","url_meta":{"origin":32664,"position":5},"title":"365 razones para amar el jazz: una grabaci\u00f3n. Magico (Haden &#8211; Garbarek &#8211; Gismonti) [298]","author":"Tomajazz","date":"25 octubre, 2017","format":false,"excerpt":"Una grabaci\u00f3n.\u00a0Charlie Haden, Jan Garbarek, Egberto Gismonti: Magico (ECM, 1980) Seleccionado por\u00a0Enrique Farelo","rel":"","context":"En \u00ab*_Pachi Tapiz\u00bb","block_context":{"text":"*_Pachi Tapiz","link":"https:\/\/tomajazz.com\/web\/category\/pachi-tapiz\/"},"img":{"alt_text":"","src":"https:\/\/i0.wp.com\/tomajazz.com\/web\/wp-content\/uploads\/2017\/10\/Charlie-Haden-Jan-Garbarek-Egberto-Gismonti_Magico_ECM.jpg?resize=350%2C200&ssl=1","width":350,"height":200},"classes":[]}],"_links":{"self":[{"href":"https:\/\/tomajazz.com\/web\/wp-json\/wp\/v2\/posts\/32664","targetHints":{"allow":["GET"]}}],"collection":[{"href":"https:\/\/tomajazz.com\/web\/wp-json\/wp\/v2\/posts"}],"about":[{"href":"https:\/\/tomajazz.com\/web\/wp-json\/wp\/v2\/types\/post"}],"author":[{"embeddable":true,"href":"https:\/\/tomajazz.com\/web\/wp-json\/wp\/v2\/users\/1"}],"replies":[{"embeddable":true,"href":"https:\/\/tomajazz.com\/web\/wp-json\/wp\/v2\/comments?post=32664"}],"version-history":[{"count":1,"href":"https:\/\/tomajazz.com\/web\/wp-json\/wp\/v2\/posts\/32664\/revisions"}],"predecessor-version":[{"id":32666,"href":"https:\/\/tomajazz.com\/web\/wp-json\/wp\/v2\/posts\/32664\/revisions\/32666"}],"wp:featuredmedia":[{"embeddable":true,"href":"https:\/\/tomajazz.com\/web\/wp-json\/wp\/v2\/media\/32665"}],"wp:attachment":[{"href":"https:\/\/tomajazz.com\/web\/wp-json\/wp\/v2\/media?parent=32664"}],"wp:term":[{"taxonomy":"category","embeddable":true,"href":"https:\/\/tomajazz.com\/web\/wp-json\/wp\/v2\/categories?post=32664"},{"taxonomy":"post_tag","embeddable":true,"href":"https:\/\/tomajazz.com\/web\/wp-json\/wp\/v2\/tags?post=32664"}],"curies":[{"name":"wp","href":"https:\/\/api.w.org\/{rel}","templated":true}]}}