{"id":32766,"date":"2017-10-17T11:00:30","date_gmt":"2017-10-17T09:00:30","guid":{"rendered":"https:\/\/www.tomajazz.com\/web\/?p=32766"},"modified":"2021-07-18T14:20:10","modified_gmt":"2021-07-18T12:20:10","slug":"hdo-327-al-habla-y-en-concierto-con-josep-maria-balanya-podcast","status":"publish","type":"post","link":"https:\/\/tomajazz.com\/web\/hdo-327-al-habla-y-en-concierto-con-josep-maria-balanya-podcast\/","title":{"rendered":"HDO 327. Al habla (y en concierto) con&#8230; Josep-Maria Balany\u00e0 [Podcast]"},"content":{"rendered":"<p style=\"text-align: center;\"><img loading=\"lazy\" decoding=\"async\" class=\"aligncenter size-large wp-image-27743\" src=\"https:\/\/tomajazz.com\/web\/wp-content\/uploads\/2016\/11\/05_NstsjPrtsBlny-\u00a9Joan-Cort\u00e8s_21oct16_Rbdrs_Bcn-600x399.jpg\" alt=\"\" width=\"600\" height=\"399\" title=\"\" srcset=\"https:\/\/tomajazz.com\/web\/wp-content\/uploads\/2016\/11\/05_NstsjPrtsBlny-\u00a9Joan-Cort\u00e8s_21oct16_Rbdrs_Bcn.jpg 600w, https:\/\/tomajazz.com\/web\/wp-content\/uploads\/2016\/11\/05_NstsjPrtsBlny-\u00a9Joan-Cort\u00e8s_21oct16_Rbdrs_Bcn-200x133.jpg 200w, https:\/\/tomajazz.com\/web\/wp-content\/uploads\/2016\/11\/05_NstsjPrtsBlny-\u00a9Joan-Cort\u00e8s_21oct16_Rbdrs_Bcn-83x55.jpg 83w, https:\/\/tomajazz.com\/web\/wp-content\/uploads\/2016\/11\/05_NstsjPrtsBlny-\u00a9Joan-Cort\u00e8s_21oct16_Rbdrs_Bcn-60x40.jpg 60w, https:\/\/tomajazz.com\/web\/wp-content\/uploads\/2016\/11\/05_NstsjPrtsBlny-\u00a9Joan-Cort\u00e8s_21oct16_Rbdrs_Bcn-120x80.jpg 120w\" sizes=\"auto, (max-width: 600px) 100vw, 600px\" \/><\/p>\n<p>El jueves 19 de octubre de 2017, el pianista barcelon\u00e9s residente en Bruselas <strong>Josep-Maria Balany\u00e0<\/strong> actuar\u00e1 dentro de la programaci\u00f3n del LEM Festival en Nota 79 (C\/ Vallirana, 79, Barcelona), protagonizando un concierto titulado \u00abContra la represi\u00f3n y para la democracia\u00bb.<\/p>\n<p><img loading=\"lazy\" decoding=\"async\" class=\"alignleft wp-image-21054 size-medium\" src=\"https:\/\/tomajazz.com\/web\/wp-content\/uploads\/2015\/11\/Josep-Maria-Balanya_Dont-Mind_Laika_2015-200x200.jpg\" alt=\"\" width=\"200\" height=\"200\" title=\"\" srcset=\"https:\/\/tomajazz.com\/web\/wp-content\/uploads\/2015\/11\/Josep-Maria-Balanya_Dont-Mind_Laika_2015-200x200.jpg 200w, https:\/\/tomajazz.com\/web\/wp-content\/uploads\/2015\/11\/Josep-Maria-Balanya_Dont-Mind_Laika_2015-150x150.jpg 150w, https:\/\/tomajazz.com\/web\/wp-content\/uploads\/2015\/11\/Josep-Maria-Balanya_Dont-Mind_Laika_2015-55x55.jpg 55w, https:\/\/tomajazz.com\/web\/wp-content\/uploads\/2015\/11\/Josep-Maria-Balanya_Dont-Mind_Laika_2015-50x50.jpg 50w, https:\/\/tomajazz.com\/web\/wp-content\/uploads\/2015\/11\/Josep-Maria-Balanya_Dont-Mind_Laika_2015.jpg 584w\" sizes=\"auto, (max-width: 200px) 100vw, 200px\" \/>Este veterano comenz\u00f3 su formaci\u00f3n en la m\u00fasica cl\u00e1sica; de ah\u00ed pas\u00f3 al jazz y al rock, para llegar finalmente a la improvisaci\u00f3n libre. De ese modo ha desarrollado su trabajo como improvisador, compositor, conductor y artista sonoro. Unos d\u00edas antes de pasar por el festival de M\u00fasica Experimental de Gr\u00e1cia &#8211; Barcelona, lo entrevistamos en HDO. Como es habitual, adem\u00e1s de su voz, se pueden escuchar tres piezas de su \u00faltima grabaci\u00f3n titulada\u00a0<em>don&#8217;t mind\u00a0<\/em>que sirven para aproximarse a las m\u00faltiples facetas de este grande del piano y de la improvisaci\u00f3n de nuestro pa\u00eds.<\/p>\n<p style=\"text-align: right;\">Tomajazz: \u00a9 Pachi Tapiz, 2017<br \/>\n<a href=\"https:\/\/tomajazz.com\/web\/?p=27738\">Fotograf\u00edas de Josep-Maria Balany\u00e0 en la actuaci\u00f3n de N\u00e4stesj\u00f6-Prats-Balany\u00e0 (Robadors 23, Barcelona, 2016-10-21)<\/a>:\u00a0\u00a9 Joan Cort\u00e8s, 2016<\/p>\n<p>HDO es un podcast editado, presentado y producido por Pachi Tapiz.<\/p>\n<p>&nbsp;<\/p>\n<p><iframe id='audio_21490806' frameborder='0' allowfullscreen='' scrolling='no' height='200' style='border:1px solid #EEE; box-sizing:border-box; width:100%;' src=\"https:\/\/www.ivoox.com\/player_ej_21490806_4_1.html?c1=ff6600\"><\/iframe><\/p>\n","protected":false},"excerpt":{"rendered":"<p>El jueves 19 de octubre de 2017, el pianista barcelon\u00e9s residente en Bruselas Josep-Maria Balany\u00e0 actuar\u00e1 dentro de la programaci\u00f3n del LEM Festival en Nota 79 (C\/ Vallirana, 79, Barcelona), protagonizando un concierto titulado \u00abContra la represi\u00f3n y para la democracia\u00bb. Este veterano comenz\u00f3 su formaci\u00f3n en la m\u00fasica cl\u00e1sica;<span class=\"more-link\"><a href=\"https:\/\/tomajazz.com\/web\/hdo-327-al-habla-y-en-concierto-con-josep-maria-balanya-podcast\/\">Contin\u00faa leyendo<\/a><\/span><\/p>\n","protected":false},"author":1,"featured_media":27746,"comment_status":"open","ping_status":"closed","sticky":false,"template":"","format":"standard","meta":{"jetpack_post_was_ever_published":false,"_jetpack_newsletter_access":"","_jetpack_dont_email_post_to_subs":false,"_jetpack_newsletter_tier_id":0,"_jetpack_memberships_contains_paywalled_content":false,"_jetpack_memberships_contains_paid_content":false,"footnotes":""},"categories":[17847,17858,78,17048,15537,13298,20041,15795,9,12814,15518,1038],"tags":[1041,12117,11856,15296,31],"class_list":["entry","author-pachi","post-32766","post","type-post","status-publish","format-standard","has-post-thumbnail","category-pachi-tapiz","category-redaccion","category-afondo","category-audioentrevistas-en-hdo","category-entrevistas","category-hablando-de-oidas-hdo","category-hdo-t04-2017-18","category-noticias-2","category-perfiles","category-podcast","category-sonidos","category-contenidos","tag-joan-cortes","tag-josep-maria-balanya","tag-noticias","tag-noticias-de-jazz","tag-pachi-tapiz"],"jetpack_featured_media_url":"https:\/\/tomajazz.com\/web\/wp-content\/uploads\/2016\/11\/08_NstsjPrtsBlny-\u00a9Joan-Cort\u00e8s_21oct16_Rbdrs_Bcn.jpg","jetpack_likes_enabled":true,"jetpack_sharing_enabled":true,"jetpack-related-posts":[{"id":33318,"url":"https:\/\/tomajazz.com\/web\/instantzz-josep-maria-balanya-nota-79-festival-lem-barcelona-2017-10-19-galeria-fotografica\/","url_meta":{"origin":32766,"position":0},"title":"INSTANTZZ: Josep-Maria Balany\u00e0 (Nota 79, Festival LEM , Barcelona-.  2017-10-19) [Galer\u00eda fotogr\u00e1fica]","author":"Tomajazz","date":"16 noviembre, 2017","format":false,"excerpt":"Fecha: Jueves, 19 de octubre de 2017 Lugar: Nota 79 (Barcelona) Grupo: Josep-Maria Balany\u00e0 Josep-Maria Balany\u00e0, piano, voz y percusi\u00f3n Tomajazz:\u00a0\u00a9\u00a0Joan Cort\u00e8s, 2017","rel":"","context":"En \u00ab*_Joan Cort\u00e8s\u00bb","block_context":{"text":"*_Joan Cort\u00e8s","link":"https:\/\/tomajazz.com\/web\/category\/joan-cortes\/"},"img":{"alt_text":"","src":"https:\/\/i0.wp.com\/tomajazz.com\/web\/wp-content\/uploads\/2017\/11\/01_Jsp-M-Blny-%C2%A9Joan-Cort%C3%A8s_19oct17_Nt79_LEM_Bcn.jpg?resize=350%2C200&ssl=1","width":350,"height":200,"srcset":"https:\/\/i0.wp.com\/tomajazz.com\/web\/wp-content\/uploads\/2017\/11\/01_Jsp-M-Blny-%C2%A9Joan-Cort%C3%A8s_19oct17_Nt79_LEM_Bcn.jpg?resize=350%2C200&ssl=1 1x, https:\/\/i0.wp.com\/tomajazz.com\/web\/wp-content\/uploads\/2017\/11\/01_Jsp-M-Blny-%C2%A9Joan-Cort%C3%A8s_19oct17_Nt79_LEM_Bcn.jpg?resize=525%2C300&ssl=1 1.5x"},"classes":[]},{"id":42096,"url":"https:\/\/tomajazz.com\/web\/instantzz-josep-maria-balanya-ramon-lopez-furious-yellow-prueba-de-sonido-y-concierto-nota-79-barcelona-2019-01-17-galeria-fotografica\/","url_meta":{"origin":32766,"position":1},"title":"INSTANTZZ: Josep Maria Balany\u00e0 &#038; Ram\u00f3n L\u00f3pez \u201cFurious Yellow\u201d -prueba de sonido y concierto- (Nota 79, Barcelona. 2019-01-17) [Galer\u00eda fotogr\u00e1fica]","author":"Tomajazz","date":"2 marzo, 2019","format":false,"excerpt":"Por\u00a0Joan Cort\u00e8s. Fecha: Jueves, 17 de enero de 2019 Lugar: Nota 79 (Barcelona) Grupo: Josep Maria Balany\u00e0 & Ram\u00f3n L\u00f3pez \u201cFurious Yellow\u201d Josep Maria Balany\u00e0, piano y voz Ram\u00f3n L\u00f3pez, bater\u00eda y tabla Tomajazz: \u00a9 Joan Cort\u00e8s, 2019","rel":"","context":"En \u00ab*_Joan Cort\u00e8s\u00bb","block_context":{"text":"*_Joan Cort\u00e8s","link":"https:\/\/tomajazz.com\/web\/category\/joan-cortes\/"},"img":{"alt_text":"","src":"https:\/\/i0.wp.com\/tomajazz.com\/web\/wp-content\/uploads\/2019\/02\/05_JMBlny-RmnLpz-%C2%A9Joan-Cort%C3%A8s_Nota-79_Bcn.jpg?resize=350%2C200&ssl=1","width":350,"height":200,"srcset":"https:\/\/i0.wp.com\/tomajazz.com\/web\/wp-content\/uploads\/2019\/02\/05_JMBlny-RmnLpz-%C2%A9Joan-Cort%C3%A8s_Nota-79_Bcn.jpg?resize=350%2C200&ssl=1 1x, https:\/\/i0.wp.com\/tomajazz.com\/web\/wp-content\/uploads\/2019\/02\/05_JMBlny-RmnLpz-%C2%A9Joan-Cort%C3%A8s_Nota-79_Bcn.jpg?resize=525%2C300&ssl=1 1.5x"},"classes":[]},{"id":22725,"url":"https:\/\/tomajazz.com\/web\/bcn-impro-fest-un-festival-diferente-al-habla-con-miquel-jorda-hdo-0089-podcast\/","url_meta":{"origin":32766,"position":2},"title":"BCN Impro Fest: un festival diferente. Al habla con Miquel Jord\u00e0. HDO 0089 [Podcast]","author":"Tomajazz","date":"22 marzo, 2016","format":false,"excerpt":"Entre el 9 de febrero y el 1 de marzo de 2016 ha tenido lugar en la Sala F\u00e8nix de Barcelona la primera edici\u00f3n del BCN Impro Fest. Un festival en el que\u00a0al contrario de lo que ocurre habitualmente en otras citas similares,\u00a0los m\u00fasicos y\/o grupos que intervinieron en cada\u2026","rel":"","context":"En \u00ab*_Joan Cort\u00e8s\u00bb","block_context":{"text":"*_Joan Cort\u00e8s","link":"https:\/\/tomajazz.com\/web\/category\/joan-cortes\/"},"img":{"alt_text":"","src":"https:\/\/i0.wp.com\/tomajazz.com\/web\/wp-content\/uploads\/2016\/03\/bcn-impro-fest-conciertos.jpg?resize=350%2C200&ssl=1","width":350,"height":200,"srcset":"https:\/\/i0.wp.com\/tomajazz.com\/web\/wp-content\/uploads\/2016\/03\/bcn-impro-fest-conciertos.jpg?resize=350%2C200&ssl=1 1x, https:\/\/i0.wp.com\/tomajazz.com\/web\/wp-content\/uploads\/2016\/03\/bcn-impro-fest-conciertos.jpg?resize=525%2C300&ssl=1 1.5x, https:\/\/i0.wp.com\/tomajazz.com\/web\/wp-content\/uploads\/2016\/03\/bcn-impro-fest-conciertos.jpg?resize=700%2C400&ssl=1 2x"},"classes":[]},{"id":37378,"url":"https:\/\/tomajazz.com\/web\/instantzz-josep-maria-balanya-groc-rabios-la-jazz-cava-20e-festival-de-jazz-vic-barcelona-2018-05-03-galeria-fotografica\/","url_meta":{"origin":32766,"position":3},"title":"INSTANTZZ: Josep Maria Balany\u00e0 \u201cGroc Rabi\u00f3s\u201d (La Jazz Cava, 20\u00e8 Festival de Jazz, Vic -Barcelona-. 2018-05-03) [Galer\u00eda fotogr\u00e1fica]","author":"Tomajazz","date":"22 junio, 2018","format":false,"excerpt":"Fecha: Jueves, 03 de mayo de 2018 Lugar: La Jazz Cava (Vic -Barcelona-) Grupo: Josep Maria Balany\u00e0 \u201cGroc Rabi\u00f3s\u201d Josep Maria Balany\u00e0, piano Tomajazz: \u00a9\u00a0Joan Cort\u00e8s, 2018","rel":"","context":"En \u00ab*_Joan Cort\u00e8s\u00bb","block_context":{"text":"*_Joan Cort\u00e8s","link":"https:\/\/tomajazz.com\/web\/category\/joan-cortes\/"},"img":{"alt_text":"","src":"https:\/\/i0.wp.com\/tomajazz.com\/web\/wp-content\/uploads\/2018\/06\/03_JspMrBlny-%C2%A9Joan-Cort%C3%A8s_03mai18_LJzzCv_20FstvlJzzVc_Vc.jpg?resize=350%2C200&ssl=1","width":350,"height":200,"srcset":"https:\/\/i0.wp.com\/tomajazz.com\/web\/wp-content\/uploads\/2018\/06\/03_JspMrBlny-%C2%A9Joan-Cort%C3%A8s_03mai18_LJzzCv_20FstvlJzzVc_Vc.jpg?resize=350%2C200&ssl=1 1x, https:\/\/i0.wp.com\/tomajazz.com\/web\/wp-content\/uploads\/2018\/06\/03_JspMrBlny-%C2%A9Joan-Cort%C3%A8s_03mai18_LJzzCv_20FstvlJzzVc_Vc.jpg?resize=525%2C300&ssl=1 1.5x"},"classes":[]},{"id":28760,"url":"https:\/\/tomajazz.com\/web\/josep-maria-balanya-agenda-de-conciertos-espana-portugal-final-enero-2017-noticias\/","url_meta":{"origin":32766,"position":4},"title":"Josep-Maria Balany\u00e0: agenda de conciertos (Espa\u00f1a &#8211; Portugal. Final enero 2017) [Noticias]","author":"Tomajazz","date":"16 enero, 2017","format":false,"excerpt":"Agenda de conciertos de Josep-Maria Balany\u00e0 en Espa\u00f1a y Portugal. 17 al 25 de enero de 2017. Martes 17. Josep-Maria Balany\u00e0 - Lorena Izquierdo. Taller de Fuencisla. Valencia Mi\u00e9rcoles 18. Josep Llu\u00eds Galiana - Josep-Maria Balany\u00e0. Universitat de Val\u00e8ncia Jueves 19. Josep-Maria Balany\u00e0. Masterclass. Clasijazz. Almer\u00eda Jueves 19. Josep-Maria Balany\u00e0.\u2026","rel":"","context":"En \u00ab*_Redacci\u00f3n\u00bb","block_context":{"text":"*_Redacci\u00f3n","link":"https:\/\/tomajazz.com\/web\/category\/redaccion\/"},"img":{"alt_text":"","src":"https:\/\/i0.wp.com\/tomajazz.com\/web\/wp-content\/uploads\/2017\/01\/Josep-Maria-Balany%C3%A0_conciertos-Espa%C3%B1a-Portugal_2017-enero-fin-e1484556339473.jpg?resize=350%2C200&ssl=1","width":350,"height":200,"srcset":"https:\/\/i0.wp.com\/tomajazz.com\/web\/wp-content\/uploads\/2017\/01\/Josep-Maria-Balany%C3%A0_conciertos-Espa%C3%B1a-Portugal_2017-enero-fin-e1484556339473.jpg?resize=350%2C200&ssl=1 1x, https:\/\/i0.wp.com\/tomajazz.com\/web\/wp-content\/uploads\/2017\/01\/Josep-Maria-Balany%C3%A0_conciertos-Espa%C3%B1a-Portugal_2017-enero-fin-e1484556339473.jpg?resize=525%2C300&ssl=1 1.5x"},"classes":[]},{"id":22394,"url":"https:\/\/tomajazz.com\/web\/josep-maria-balanya-agenda-de-conciertos-barcelona-febrero-marzo-2016-noticias\/","url_meta":{"origin":32766,"position":5},"title":"Josep-Maria Balany\u00e0: agenda de conciertos Barcelona (febrero &#8211; marzo 2016) [Noticias]","author":"Tomajazz","date":"24 febrero, 2016","format":false,"excerpt":"Jueves 25 de febrero. Impro Session Josep-Maria Balany\u00e0, Ramon Prats y otros Robadors 23 Robadors 23 08001 Barcelona Domingo 6 de marzo. 20:00 y 22:00 Presentaci\u00f3n oficial del CD Don't Mind Josep-Maria Balany\u00e0 (piano solo) Jamboree Pla\u00e7a Reial 17 08002 Barcelona Todos los conciertos y toda la informaci\u00f3n en www.balanya.net\u00a0\/\u2026","rel":"","context":"En \u00ab*_Redacci\u00f3n\u00bb","block_context":{"text":"*_Redacci\u00f3n","link":"https:\/\/tomajazz.com\/web\/category\/redaccion\/"},"img":{"alt_text":"","src":"https:\/\/i0.wp.com\/tomajazz.com\/web\/wp-content\/uploads\/2015\/11\/Josep-Maria-Balanya_Dont-Mind_Laika_2015.jpg?resize=350%2C200&ssl=1","width":350,"height":200,"srcset":"https:\/\/i0.wp.com\/tomajazz.com\/web\/wp-content\/uploads\/2015\/11\/Josep-Maria-Balanya_Dont-Mind_Laika_2015.jpg?resize=350%2C200&ssl=1 1x, https:\/\/i0.wp.com\/tomajazz.com\/web\/wp-content\/uploads\/2015\/11\/Josep-Maria-Balanya_Dont-Mind_Laika_2015.jpg?resize=525%2C300&ssl=1 1.5x"},"classes":[]}],"_links":{"self":[{"href":"https:\/\/tomajazz.com\/web\/wp-json\/wp\/v2\/posts\/32766","targetHints":{"allow":["GET"]}}],"collection":[{"href":"https:\/\/tomajazz.com\/web\/wp-json\/wp\/v2\/posts"}],"about":[{"href":"https:\/\/tomajazz.com\/web\/wp-json\/wp\/v2\/types\/post"}],"author":[{"embeddable":true,"href":"https:\/\/tomajazz.com\/web\/wp-json\/wp\/v2\/users\/1"}],"replies":[{"embeddable":true,"href":"https:\/\/tomajazz.com\/web\/wp-json\/wp\/v2\/comments?post=32766"}],"version-history":[{"count":3,"href":"https:\/\/tomajazz.com\/web\/wp-json\/wp\/v2\/posts\/32766\/revisions"}],"predecessor-version":[{"id":32770,"href":"https:\/\/tomajazz.com\/web\/wp-json\/wp\/v2\/posts\/32766\/revisions\/32770"}],"wp:featuredmedia":[{"embeddable":true,"href":"https:\/\/tomajazz.com\/web\/wp-json\/wp\/v2\/media\/27746"}],"wp:attachment":[{"href":"https:\/\/tomajazz.com\/web\/wp-json\/wp\/v2\/media?parent=32766"}],"wp:term":[{"taxonomy":"category","embeddable":true,"href":"https:\/\/tomajazz.com\/web\/wp-json\/wp\/v2\/categories?post=32766"},{"taxonomy":"post_tag","embeddable":true,"href":"https:\/\/tomajazz.com\/web\/wp-json\/wp\/v2\/tags?post=32766"}],"curies":[{"name":"wp","href":"https:\/\/api.w.org\/{rel}","templated":true}]}}