{"id":34236,"date":"2017-12-28T18:00:41","date_gmt":"2017-12-28T17:00:41","guid":{"rendered":"https:\/\/www.tomajazz.com\/web\/?p=34236"},"modified":"2022-12-05T15:44:42","modified_gmt":"2022-12-05T14:44:42","slug":"ajim17-jazz-quintet2o-alternatilla-jazz-in-mallorca-2017-12-09-galeria-fotografica","status":"publish","type":"post","link":"https:\/\/tomajazz.com\/web\/ajim17-jazz-quintet2o-alternatilla-jazz-in-mallorca-2017-12-09-galeria-fotografica\/","title":{"rendered":"AJIM&#8217;17 Jazz Quintet(2\u00ba Alternatilla Jazz in Mallorca. 2017-12-09) [Galer\u00eda fotogr\u00e1fica]"},"content":{"rendered":"<p>2\u00ba Alternatilla Jazz in Mallorca<\/p>\n<ul>\n<li>Fecha: S\u00e1bado, 09 de diciembre de 2017. 20:30h.<\/li>\n<li>Lugar: Teatre Xesc Forteza. Palma de Mallorca.<\/li>\n<li>Grupo:<br \/>\n<strong>AJIM&#8217;17 Jazz Quintet<br \/>\n<\/strong>Hanna Paulsberg: saxo tenor<br \/>\nOmar Lanuti: guitarra el\u00e9ctrica<br \/>\nMarko Lohikari: contrabajo<br \/>\nGuillem Pons: bater\u00eda<br \/>\nJ\u00falia Colom: Voz<\/li>\n<\/ul>\n<p style=\"text-align: center;\"><img loading=\"lazy\" decoding=\"async\" class=\"aligncenter size-large wp-image-34238\" src=\"https:\/\/tomajazz.com\/web\/wp-content\/uploads\/2017\/12\/001-11-600x400.jpg\" alt=\"\" width=\"600\" height=\"400\" title=\"\" srcset=\"https:\/\/tomajazz.com\/web\/wp-content\/uploads\/2017\/12\/001-11.jpg 600w, https:\/\/tomajazz.com\/web\/wp-content\/uploads\/2017\/12\/001-11-200x133.jpg 200w, https:\/\/tomajazz.com\/web\/wp-content\/uploads\/2017\/12\/001-11-83x55.jpg 83w, https:\/\/tomajazz.com\/web\/wp-content\/uploads\/2017\/12\/001-11-60x40.jpg 60w, https:\/\/tomajazz.com\/web\/wp-content\/uploads\/2017\/12\/001-11-120x80.jpg 120w\" sizes=\"auto, (max-width: 600px) 100vw, 600px\" \/> <img loading=\"lazy\" decoding=\"async\" class=\"aligncenter size-large wp-image-34239\" src=\"https:\/\/tomajazz.com\/web\/wp-content\/uploads\/2017\/12\/002-12-400x600.jpg\" alt=\"\" width=\"400\" height=\"600\" title=\"\" srcset=\"https:\/\/tomajazz.com\/web\/wp-content\/uploads\/2017\/12\/002-12.jpg 400w, https:\/\/tomajazz.com\/web\/wp-content\/uploads\/2017\/12\/002-12-200x300.jpg 200w, https:\/\/tomajazz.com\/web\/wp-content\/uploads\/2017\/12\/002-12-37x55.jpg 37w\" sizes=\"auto, (max-width: 400px) 100vw, 400px\" \/> <img loading=\"lazy\" decoding=\"async\" class=\"aligncenter size-large wp-image-34240\" src=\"https:\/\/tomajazz.com\/web\/wp-content\/uploads\/2017\/12\/003-11-400x600.jpg\" alt=\"\" width=\"400\" height=\"600\" title=\"\" srcset=\"https:\/\/tomajazz.com\/web\/wp-content\/uploads\/2017\/12\/003-11.jpg 400w, https:\/\/tomajazz.com\/web\/wp-content\/uploads\/2017\/12\/003-11-200x300.jpg 200w, https:\/\/tomajazz.com\/web\/wp-content\/uploads\/2017\/12\/003-11-37x55.jpg 37w\" sizes=\"auto, (max-width: 400px) 100vw, 400px\" \/> <img loading=\"lazy\" decoding=\"async\" class=\"aligncenter size-large wp-image-34241\" src=\"https:\/\/tomajazz.com\/web\/wp-content\/uploads\/2017\/12\/004-11-600x400.jpg\" alt=\"\" width=\"600\" height=\"400\" title=\"\" srcset=\"https:\/\/tomajazz.com\/web\/wp-content\/uploads\/2017\/12\/004-11.jpg 600w, https:\/\/tomajazz.com\/web\/wp-content\/uploads\/2017\/12\/004-11-200x133.jpg 200w, https:\/\/tomajazz.com\/web\/wp-content\/uploads\/2017\/12\/004-11-83x55.jpg 83w, https:\/\/tomajazz.com\/web\/wp-content\/uploads\/2017\/12\/004-11-60x40.jpg 60w, https:\/\/tomajazz.com\/web\/wp-content\/uploads\/2017\/12\/004-11-120x80.jpg 120w\" sizes=\"auto, (max-width: 600px) 100vw, 600px\" \/> <img loading=\"lazy\" decoding=\"async\" class=\"aligncenter size-large wp-image-34242\" src=\"https:\/\/tomajazz.com\/web\/wp-content\/uploads\/2017\/12\/005-11-600x400.jpg\" alt=\"\" width=\"600\" height=\"400\" title=\"\" srcset=\"https:\/\/tomajazz.com\/web\/wp-content\/uploads\/2017\/12\/005-11.jpg 600w, https:\/\/tomajazz.com\/web\/wp-content\/uploads\/2017\/12\/005-11-200x133.jpg 200w, https:\/\/tomajazz.com\/web\/wp-content\/uploads\/2017\/12\/005-11-83x55.jpg 83w, https:\/\/tomajazz.com\/web\/wp-content\/uploads\/2017\/12\/005-11-60x40.jpg 60w, https:\/\/tomajazz.com\/web\/wp-content\/uploads\/2017\/12\/005-11-120x80.jpg 120w\" sizes=\"auto, (max-width: 600px) 100vw, 600px\" \/> <img loading=\"lazy\" decoding=\"async\" class=\"aligncenter size-large wp-image-34243\" src=\"https:\/\/tomajazz.com\/web\/wp-content\/uploads\/2017\/12\/006-11-600x400.jpg\" alt=\"\" width=\"600\" height=\"400\" title=\"\" srcset=\"https:\/\/tomajazz.com\/web\/wp-content\/uploads\/2017\/12\/006-11.jpg 600w, https:\/\/tomajazz.com\/web\/wp-content\/uploads\/2017\/12\/006-11-200x133.jpg 200w, https:\/\/tomajazz.com\/web\/wp-content\/uploads\/2017\/12\/006-11-83x55.jpg 83w, https:\/\/tomajazz.com\/web\/wp-content\/uploads\/2017\/12\/006-11-60x40.jpg 60w, https:\/\/tomajazz.com\/web\/wp-content\/uploads\/2017\/12\/006-11-120x80.jpg 120w\" sizes=\"auto, (max-width: 600px) 100vw, 600px\" \/> <img loading=\"lazy\" decoding=\"async\" class=\"aligncenter size-large wp-image-34244\" src=\"https:\/\/tomajazz.com\/web\/wp-content\/uploads\/2017\/12\/007-10-600x400.jpg\" alt=\"\" width=\"600\" height=\"400\" title=\"\" srcset=\"https:\/\/tomajazz.com\/web\/wp-content\/uploads\/2017\/12\/007-10.jpg 600w, https:\/\/tomajazz.com\/web\/wp-content\/uploads\/2017\/12\/007-10-200x133.jpg 200w, https:\/\/tomajazz.com\/web\/wp-content\/uploads\/2017\/12\/007-10-83x55.jpg 83w, https:\/\/tomajazz.com\/web\/wp-content\/uploads\/2017\/12\/007-10-60x40.jpg 60w, https:\/\/tomajazz.com\/web\/wp-content\/uploads\/2017\/12\/007-10-120x80.jpg 120w\" sizes=\"auto, (max-width: 600px) 100vw, 600px\" \/> <img loading=\"lazy\" decoding=\"async\" class=\"aligncenter size-large wp-image-34245\" src=\"https:\/\/tomajazz.com\/web\/wp-content\/uploads\/2017\/12\/008-12-600x400.jpg\" alt=\"\" width=\"600\" height=\"400\" title=\"\" srcset=\"https:\/\/tomajazz.com\/web\/wp-content\/uploads\/2017\/12\/008-12.jpg 600w, https:\/\/tomajazz.com\/web\/wp-content\/uploads\/2017\/12\/008-12-200x133.jpg 200w, https:\/\/tomajazz.com\/web\/wp-content\/uploads\/2017\/12\/008-12-83x55.jpg 83w, https:\/\/tomajazz.com\/web\/wp-content\/uploads\/2017\/12\/008-12-60x40.jpg 60w, https:\/\/tomajazz.com\/web\/wp-content\/uploads\/2017\/12\/008-12-120x80.jpg 120w\" sizes=\"auto, (max-width: 600px) 100vw, 600px\" \/> <img loading=\"lazy\" decoding=\"async\" class=\"aligncenter size-large wp-image-34246\" src=\"https:\/\/tomajazz.com\/web\/wp-content\/uploads\/2017\/12\/009-11-600x400.jpg\" alt=\"\" width=\"600\" height=\"400\" title=\"\" srcset=\"https:\/\/tomajazz.com\/web\/wp-content\/uploads\/2017\/12\/009-11.jpg 600w, https:\/\/tomajazz.com\/web\/wp-content\/uploads\/2017\/12\/009-11-200x133.jpg 200w, https:\/\/tomajazz.com\/web\/wp-content\/uploads\/2017\/12\/009-11-83x55.jpg 83w, https:\/\/tomajazz.com\/web\/wp-content\/uploads\/2017\/12\/009-11-60x40.jpg 60w, https:\/\/tomajazz.com\/web\/wp-content\/uploads\/2017\/12\/009-11-120x80.jpg 120w\" sizes=\"auto, (max-width: 600px) 100vw, 600px\" \/> <img loading=\"lazy\" decoding=\"async\" class=\"aligncenter size-large wp-image-34247\" src=\"https:\/\/tomajazz.com\/web\/wp-content\/uploads\/2017\/12\/010-12-600x400.jpg\" alt=\"\" width=\"600\" height=\"400\" title=\"\" srcset=\"https:\/\/tomajazz.com\/web\/wp-content\/uploads\/2017\/12\/010-12.jpg 600w, https:\/\/tomajazz.com\/web\/wp-content\/uploads\/2017\/12\/010-12-200x133.jpg 200w, https:\/\/tomajazz.com\/web\/wp-content\/uploads\/2017\/12\/010-12-83x55.jpg 83w, https:\/\/tomajazz.com\/web\/wp-content\/uploads\/2017\/12\/010-12-60x40.jpg 60w, https:\/\/tomajazz.com\/web\/wp-content\/uploads\/2017\/12\/010-12-120x80.jpg 120w\" sizes=\"auto, (max-width: 600px) 100vw, 600px\" \/><\/p>\n<p style=\"text-align: right;\"><strong>Tomajazz<\/strong>:\u00a0<strong>\u00a9\u00a0<a href=\"https:\/\/www.flickr.com\/photos\/joseluisluna1958\/\" target=\"_blank\" rel=\"noopener noreferrer\">Jos\u00e9 Luis Luna Rocafort<\/a>, 2017<\/strong><\/p>\n","protected":false},"excerpt":{"rendered":"<p>2\u00ba Alternatilla Jazz in Mallorca Fecha: S\u00e1bado, 09 de diciembre de 2017. 20:30h. Lugar: Teatre Xesc Forteza. Palma de Mallorca. Grupo: AJIM&#8217;17 Jazz Quintet Hanna Paulsberg: saxo tenor Omar Lanuti: guitarra el\u00e9ctrica Marko Lohikari: contrabajo Guillem Pons: bater\u00eda J\u00falia Colom: Voz Tomajazz:\u00a0\u00a9\u00a0Jos\u00e9 Luis Luna Rocafort, 2017<span class=\"more-link\"><a href=\"https:\/\/tomajazz.com\/web\/ajim17-jazz-quintet2o-alternatilla-jazz-in-mallorca-2017-12-09-galeria-fotografica\/\">Contin\u00faa leyendo<\/a><\/span><\/p>\n","protected":false},"author":1,"featured_media":34238,"comment_status":"open","ping_status":"closed","sticky":false,"template":"","format":"standard","meta":{"jetpack_post_was_ever_published":false,"_jetpack_newsletter_access":"","_jetpack_dont_email_post_to_subs":false,"_jetpack_newsletter_tier_id":0,"_jetpack_memberships_contains_paywalled_content":false,"_jetpack_memberships_contains_paid_content":false,"footnotes":""},"categories":[17846,18189,11262,15516,11261,1038],"tags":[20611,20676,20612,20677,20673,10088,20678,520,18979],"class_list":["entry","author-pachi","post-34236","post","type-post","status-publish","format-standard","has-post-thumbnail","category-jose-luis-luna-rocafort","category-alternatilla-jazz-festival-in-mallorca","category-photoblogs","category-imagenes","category-instantzz","category-contenidos","tag-2o-alternatilla-jazz-in-mallorca","tag-ajim17-jazz-quintet","tag-alternatilla-jazz-in-mallorca","tag-guillem-pons","tag-hanna-paulsberg","tag-jose-luis-luna-rocafort","tag-julia-colom","tag-marko-lohikari","tag-omar-lanuti"],"jetpack_featured_media_url":"https:\/\/tomajazz.com\/web\/wp-content\/uploads\/2017\/12\/001-11.jpg","jetpack_likes_enabled":true,"jetpack_sharing_enabled":true,"jetpack-related-posts":[{"id":33469,"url":"https:\/\/tomajazz.com\/web\/alternatilla-jazz-festival-in-mallorca-2017-noticias\/","url_meta":{"origin":34236,"position":0},"title":"Alternatilla Jazz Festival In Mallorca 2017 [Noticias]","author":"Tomajazz","date":"22 noviembre, 2017","format":false,"excerpt":"Entre el 24 de noviembre y el 10 de diciembre de 2017 se celebrar\u00e1 Alternatilla Jazz Festival In Mallorca 2017 con conciertos Algaida, Calvi\u00e0, Esporles, Inca, Muro, Palma, Pollen\u00e7a, Porreres, SantLloren\u00e7 des Cardassar, Santa Margalida y Sa Pobla. Participar\u00e1n Pere Bujosa Group, Xan Campos ESD, Rebekka Bakken, Llibert Fortuny Gasband,\u2026","rel":"","context":"En \u00ab*_Redacci\u00f3n\u00bb","block_context":{"text":"*_Redacci\u00f3n","link":"https:\/\/tomajazz.com\/web\/category\/redaccion\/"},"img":{"alt_text":"","src":"https:\/\/i0.wp.com\/tomajazz.com\/web\/wp-content\/uploads\/2017\/11\/Alternatilla-Jazz-In-Mallorca-2017-e1511365818535.jpeg?resize=350%2C200&ssl=1","width":350,"height":200,"srcset":"https:\/\/i0.wp.com\/tomajazz.com\/web\/wp-content\/uploads\/2017\/11\/Alternatilla-Jazz-In-Mallorca-2017-e1511365818535.jpeg?resize=350%2C200&ssl=1 1x, https:\/\/i0.wp.com\/tomajazz.com\/web\/wp-content\/uploads\/2017\/11\/Alternatilla-Jazz-In-Mallorca-2017-e1511365818535.jpeg?resize=525%2C300&ssl=1 1.5x"},"classes":[]},{"id":103002,"url":"https:\/\/tomajazz.com\/web\/alternatilla-jazzband-version-25-2-2025\/","url_meta":{"origin":34236,"position":1},"title":"Alternatilla JazzBand versi\u00f3n 25.2 (9\u00ba Alternatilla Jazz Festival 2025. Teatre de Llub\u00ed, Mallorca. 2025-11-29) Por Jos\u00e9 Luis Luna Rocafort [INSTANTZZ AKA Galer\u00eda fotogr\u00e1fica AKA Fotoblog de jazz, impro\u2026 y algo m\u00e1s]","author":"Tomajazz","date":"27 diciembre, 2025","format":false,"excerpt":"Alternatilla JazzBand versi\u00f3n 25.2 actu\u00f3 en el 9\u00ba Alternatilla Jazz Festival 2025 en el Teatre de Llub\u00ed, Mallorca, el 29 de noviembre de 2025. Jos\u00e9 Luis Luna Rocafort lo retrata en INSTANTZZ. Con Le\u00efla Duclos, Camille Bertault, Julien Alour, Fady Farah, Joan Garc\u00edas, Enric Fuster","rel":"","context":"En \u00ab9\u00ba Alternatilla Jazz Festival 2025\u00bb","block_context":{"text":"9\u00ba Alternatilla Jazz Festival 2025","link":"https:\/\/tomajazz.com\/web\/category\/contenidos\/especial-contenidos\/9o-alternatilla-jazz-festival-2025\/"},"img":{"alt_text":"Alternatilla JazzBand versi\u00f3n 25.2 (9\u00ba Alternatilla Jazz Festival 2025. Teatre de Llub\u00ed, Mallorca. 2025-11-29) Por Jos\u00e9 Luis Luna Rocafort [INSTANTZZ AKA Galer\u00eda fotogr\u00e1fica AKA Fotoblog de jazz, impro\u2026 y algo m\u00e1s] - Tomajazz - Alternatilla JazzBand versi\u00f3n 25.2 actu\u00f3 en el 9\u00ba Alternatilla Jazz Festival 2025 en el Teatre de Llub\u00ed, Mallorca, el 29 de noviembre de 2025. Jos\u00e9 Luis Luna Rocafort lo retrata en INSTANTZZ. Con Le\u00efla Duclos, Camille Bertault, Julien Alour, Fady Farah, Joan Garc\u00edas, Enric Fuster","src":"https:\/\/i0.wp.com\/tomajazz.com\/web\/wp-content\/uploads\/2025\/12\/028.jpg?resize=350%2C200&ssl=1","width":350,"height":200,"srcset":"https:\/\/i0.wp.com\/tomajazz.com\/web\/wp-content\/uploads\/2025\/12\/028.jpg?resize=350%2C200&ssl=1 1x, https:\/\/i0.wp.com\/tomajazz.com\/web\/wp-content\/uploads\/2025\/12\/028.jpg?resize=525%2C300&ssl=1 1.5x"},"classes":[]},{"id":102964,"url":"https:\/\/tomajazz.com\/web\/camille-bertault-quartet-alternatilla-2025\/","url_meta":{"origin":34236,"position":2},"title":"Camille Bertault Quartet (9\u00ba Alternatilla Jazz Festival 2025. Espai 36. Sant Lloren\u00e7 des Cardassar, Mallorca. 2025-11-23) Por Jos\u00e9 Luis Luna Rocafort [INSTANTZZ AKA Galer\u00eda fotogr\u00e1fica AKA Fotoblog de jazz, impro\u2026 y algo m\u00e1s]","author":"Tomajazz","date":"24 diciembre, 2025","format":false,"excerpt":"Camille Bertault Quartet actu\u00f3 en el 9\u00ba Alternatilla Jazz Festival en Sant Lloren\u00e7 des Cardassar, Mallorca, el 23 de noviembre de 2025. Jos\u00e9 Luis Luna Rocafort lo retrata en INSTANTZZ. Actuaron Camille Bertault, Julien Alour, Fady Farah, Minino Garay","rel":"","context":"En \u00ab9\u00ba Alternatilla Jazz Festival 2025\u00bb","block_context":{"text":"9\u00ba Alternatilla Jazz Festival 2025","link":"https:\/\/tomajazz.com\/web\/category\/contenidos\/especial-contenidos\/9o-alternatilla-jazz-festival-2025\/"},"img":{"alt_text":"Camille Bertault Quartet (9\u00ba Alternatilla Jazz Festival 2025. Espai 36. Sant Lloren\u00e7 des Cardassar, Mallorca. 2025-11-23) Por Jos\u00e9 Luis Luna Rocafort [INSTANTZZ AKA Galer\u00eda fotogr\u00e1fica AKA Fotoblog de jazz, impro\u2026 y algo m\u00e1s] - Tomajazz - Camille Bertault Quartet actu\u00f3 en el 9\u00ba Alternatilla Jazz Festival en Sant Lloren\u00e7 des Cardassar, Mallorca, el 23 de noviembre de 2025. Jos\u00e9 Luis Luna Rocafort lo retrata en INSTANTZZ. Actuaron Camille Bertault, Julien Alour, Fady Farah, Minino Garay","src":"https:\/\/i0.wp.com\/tomajazz.com\/web\/wp-content\/uploads\/2025\/12\/005-9.jpg?resize=350%2C200&ssl=1","width":350,"height":200,"srcset":"https:\/\/i0.wp.com\/tomajazz.com\/web\/wp-content\/uploads\/2025\/12\/005-9.jpg?resize=350%2C200&ssl=1 1x, https:\/\/i0.wp.com\/tomajazz.com\/web\/wp-content\/uploads\/2025\/12\/005-9.jpg?resize=525%2C300&ssl=1 1.5x"},"classes":[]},{"id":102722,"url":"https:\/\/tomajazz.com\/web\/malena-moncadas-trio-alternatilla-2025\/","url_meta":{"origin":34236,"position":3},"title":"Malena Moncadas Tr\u00edo (9\u00ba Alternatilla Jazz Festival 2025. Claustre des Convent, Muro, Mallorca. 2025-11-23) Por Jos\u00e9 Luis Luna Rocafort [INSTANTZZ AKA Galer\u00eda fotogr\u00e1fica AKA Fotoblog de jazz, impro\u2026 y algo m\u00e1s]","author":"Tomajazz","date":"10 diciembre, 2025","format":false,"excerpt":"Malena Moncadas Tr\u00edo actu\u00f3 en el 9\u00ba Alternatilla Jazz Festival 2025 en Muro, Mallorca, el 23 de noviembre de 2025. Jos\u00e9 Luis Luna Rocafort lo retrata en INSTANTZZ. Actuaron Malena Moncadas, Pere Bujosa, Diego Hervalejo","rel":"","context":"En \u00ab*_Jos\u00e9 Luis Luna Rocafort\u00bb","block_context":{"text":"*_Jos\u00e9 Luis Luna Rocafort","link":"https:\/\/tomajazz.com\/web\/category\/jose-luis-luna-rocafort\/"},"img":{"alt_text":"Malena Moncadas Tr\u00edo (9\u00ba Alternatilla Jazz Festival 2025. Claustre des Convent, Muro, Mallorca. 2025-11-23) Por Jos\u00e9 Luis Luna Rocafort [INSTANTZZ AKA Galer\u00eda fotogr\u00e1fica AKA Fotoblog de jazz, impro\u2026 y algo m\u00e1s] - Tomajazz - Malena Moncadas Tr\u00edo actu\u00f3 en el 9\u00ba Alternatilla Jazz Festival 2025 en Muro, Mallorca, el 23 de noviembre de 2025. Jos\u00e9 Luis Luna Rocafort lo retrata en INSTANTZZ. Actuaron Malena Moncadas, Pere Bujosa, Diego Hervalejo","src":"https:\/\/i0.wp.com\/tomajazz.com\/web\/wp-content\/uploads\/2025\/12\/010-5.jpg?resize=350%2C200&ssl=1","width":350,"height":200,"srcset":"https:\/\/i0.wp.com\/tomajazz.com\/web\/wp-content\/uploads\/2025\/12\/010-5.jpg?resize=350%2C200&ssl=1 1x, https:\/\/i0.wp.com\/tomajazz.com\/web\/wp-content\/uploads\/2025\/12\/010-5.jpg?resize=525%2C300&ssl=1 1.5x"},"classes":[]},{"id":102647,"url":"https:\/\/tomajazz.com\/web\/joachim-govin-quartet-alternatilla-2025\/","url_meta":{"origin":34236,"position":4},"title":"Joachim Govin Quartet (9\u00ba Alternatilla Jazz Festival 2025. Casa des Poble, Esporles, Mallorca. 2025-11-22) Por Jos\u00e9 Luis Luna Rocafort [INSTANTZZ AKA Galer\u00eda fotogr\u00e1fica AKA Fotoblog de jazz, impro\u2026 y algo m\u00e1s]","author":"Tomajazz","date":"8 diciembre, 2025","format":false,"excerpt":"Joachim Govin Quartet actu\u00f3 en el 9\u00ba Alternatilla Jazz Festival 2025 en Esporles, Mallorca, el 22 de noviembre de 2025. Jos\u00e9 Luis Luna Rocafort lo retrata en INSTANTZZ. Actuaron Joachim Govin, Ben Van Gelder, Tony Tixier, Gautier Garrigue","rel":"","context":"En \u00ab*_Jos\u00e9 Luis Luna Rocafort\u00bb","block_context":{"text":"*_Jos\u00e9 Luis Luna Rocafort","link":"https:\/\/tomajazz.com\/web\/category\/jose-luis-luna-rocafort\/"},"img":{"alt_text":"Joachim Govin Quartet (9\u00ba Alternatilla Jazz Festival 2025. Casa des Pobla, Esporles, Mallorca. 2025-11-22) Por Jos\u00e9 Luis Luna Rocafort [INSTANTZZ AKA Galer\u00eda fotogr\u00e1fica AKA Fotoblog de jazz, impro\u2026 y algo m\u00e1s] - Tomajazz - Joachim Govin Quartet actu\u00f3 en el 9\u00ba Alternatilla Jazz Festival 2025 en Esporles, Mallorca, el 22 de noviembre de 2025. Jos\u00e9 Luis Luna Rocafort lo retrata en INSTANTZZ. Actuaron Joachim Govin, Ben Van Galder, Tony Tixier, Gautier Garrigue","src":"https:\/\/i0.wp.com\/tomajazz.com\/web\/wp-content\/uploads\/2025\/12\/006-4.jpg?resize=350%2C200&ssl=1","width":350,"height":200,"srcset":"https:\/\/i0.wp.com\/tomajazz.com\/web\/wp-content\/uploads\/2025\/12\/006-4.jpg?resize=350%2C200&ssl=1 1x, https:\/\/i0.wp.com\/tomajazz.com\/web\/wp-content\/uploads\/2025\/12\/006-4.jpg?resize=525%2C300&ssl=1 1.5x"},"classes":[]},{"id":102836,"url":"https:\/\/tomajazz.com\/web\/levi-harvey-jeremie-lucchese-alternatilla-2025\/","url_meta":{"origin":34236,"position":5},"title":"Levi Harvey &#038; J\u00e9r\u00e9mie Lucchese (9\u00ba Alternatilla Jazz Festival 2025. Claustre de Sant Bonaventura, Llucmajor, Mallorca. 2025-11-23) Por Jos\u00e9 Luis Luna Rocafort [INSTANTZZ AKA Galer\u00eda fotogr\u00e1fica AKA Fotoblog de jazz, impro\u2026 y algo m\u00e1s]","author":"Tomajazz","date":"16 diciembre, 2025","format":false,"excerpt":"Levi Harvey & J\u00e9r\u00e9mie Lucchese actuaron en el 9\u00ba Alternatilla Jazz Festival 2025, en el Claustre de Sant Bonaventura, en Llucmajor, Mallorca, el 23 de noviembre de 2025. Jos\u00e9 Luis Luna Rocafort lo retrata en INSTANTZZ","rel":"","context":"En \u00ab*_Jos\u00e9 Luis Luna Rocafort\u00bb","block_context":{"text":"*_Jos\u00e9 Luis Luna Rocafort","link":"https:\/\/tomajazz.com\/web\/category\/jose-luis-luna-rocafort\/"},"img":{"alt_text":"Levi Harvey & J\u00e9r\u00e9mie Lucchese (9\u00ba Alternatilla Jazz Festival 2025. Claustre de Sant Bonaventura, Llucmajor, Mallorca. 2025-11-23) Por Jos\u00e9 Luis Luna Rocafort [INSTANTZZ AKA Galer\u00eda fotogr\u00e1fica AKA Fotoblog de jazz, impro\u2026 y algo m\u00e1s] - Tomajazz - Levi Harvey & J\u00e9r\u00e9mie Lucchese actuaron en el 9\u00ba Alternatilla Jazz Festival 2025, en el Claustre de Sant Bonaventura, en Llucmajor, Mallorca, el 23 de noviembre de 2025. Jos\u00e9 Luis Luna Rocafort lo retrata en INSTANTZZ","src":"https:\/\/i0.wp.com\/tomajazz.com\/web\/wp-content\/uploads\/2025\/12\/007-6.jpg?resize=350%2C200&ssl=1","width":350,"height":200,"srcset":"https:\/\/i0.wp.com\/tomajazz.com\/web\/wp-content\/uploads\/2025\/12\/007-6.jpg?resize=350%2C200&ssl=1 1x, https:\/\/i0.wp.com\/tomajazz.com\/web\/wp-content\/uploads\/2025\/12\/007-6.jpg?resize=525%2C300&ssl=1 1.5x"},"classes":[]}],"_links":{"self":[{"href":"https:\/\/tomajazz.com\/web\/wp-json\/wp\/v2\/posts\/34236","targetHints":{"allow":["GET"]}}],"collection":[{"href":"https:\/\/tomajazz.com\/web\/wp-json\/wp\/v2\/posts"}],"about":[{"href":"https:\/\/tomajazz.com\/web\/wp-json\/wp\/v2\/types\/post"}],"author":[{"embeddable":true,"href":"https:\/\/tomajazz.com\/web\/wp-json\/wp\/v2\/users\/1"}],"replies":[{"embeddable":true,"href":"https:\/\/tomajazz.com\/web\/wp-json\/wp\/v2\/comments?post=34236"}],"version-history":[{"count":2,"href":"https:\/\/tomajazz.com\/web\/wp-json\/wp\/v2\/posts\/34236\/revisions"}],"predecessor-version":[{"id":34248,"href":"https:\/\/tomajazz.com\/web\/wp-json\/wp\/v2\/posts\/34236\/revisions\/34248"}],"wp:featuredmedia":[{"embeddable":true,"href":"https:\/\/tomajazz.com\/web\/wp-json\/wp\/v2\/media\/34238"}],"wp:attachment":[{"href":"https:\/\/tomajazz.com\/web\/wp-json\/wp\/v2\/media?parent=34236"}],"wp:term":[{"taxonomy":"category","embeddable":true,"href":"https:\/\/tomajazz.com\/web\/wp-json\/wp\/v2\/categories?post=34236"},{"taxonomy":"post_tag","embeddable":true,"href":"https:\/\/tomajazz.com\/web\/wp-json\/wp\/v2\/tags?post=34236"}],"curies":[{"name":"wp","href":"https:\/\/api.w.org\/{rel}","templated":true}]}}