{"id":34417,"date":"2018-01-05T11:11:14","date_gmt":"2018-01-05T10:11:14","guid":{"rendered":"https:\/\/www.tomajazz.com\/web\/?p=34417"},"modified":"2022-09-24T19:31:22","modified_gmt":"2022-09-24T17:31:22","slug":"instantzz-dadada-theatre-municipal-29eme-festival-jazzebre-perpignan-france-2017-10-13","status":"publish","type":"post","link":"https:\/\/tomajazz.com\/web\/instantzz-dadada-theatre-municipal-29eme-festival-jazzebre-perpignan-france-2017-10-13\/","title":{"rendered":"INSTANTZZ: Dadada (Th\u00e9\u00e2tre Municipal, 29\u00e8me Festival Jazz\u00e8bre, Perpignan -France-.  2017-10-13)"},"content":{"rendered":"<ul>\n<li>Fecha: Viernes, 13 de octubre de 2017<\/li>\n<li>Lugar: Th\u00e9\u00e2tre Municipal (Perpignan \/ France )<\/li>\n<li>Grupo:<br \/>\n<strong>Dadada<br \/>\n<\/strong>Roberto Negro, piano<br \/>\nEmile Parisien, saxo soprano<br \/>\nMichele Rabbia, bater\u00eda, percusi\u00f3n y electr\u00f3nica<\/li>\n<\/ul>\n<p style=\"text-align: center;\"><img loading=\"lazy\" decoding=\"async\" class=\"aligncenter size-large wp-image-34418\" src=\"https:\/\/tomajazz.com\/web\/wp-content\/uploads\/2017\/12\/01_DDD-\u00a9Joan-Cort\u00e8s_13ct17_ThtrMncpl_29Jzzbr_Prpgnn-600x388.jpg\" alt=\"\" width=\"600\" height=\"388\" title=\"\" srcset=\"https:\/\/tomajazz.com\/web\/wp-content\/uploads\/2017\/12\/01_DDD-\u00a9Joan-Cort\u00e8s_13ct17_ThtrMncpl_29Jzzbr_Prpgnn.jpg 600w, https:\/\/tomajazz.com\/web\/wp-content\/uploads\/2017\/12\/01_DDD-\u00a9Joan-Cort\u00e8s_13ct17_ThtrMncpl_29Jzzbr_Prpgnn-200x129.jpg 200w, https:\/\/tomajazz.com\/web\/wp-content\/uploads\/2017\/12\/01_DDD-\u00a9Joan-Cort\u00e8s_13ct17_ThtrMncpl_29Jzzbr_Prpgnn-85x55.jpg 85w, https:\/\/tomajazz.com\/web\/wp-content\/uploads\/2017\/12\/01_DDD-\u00a9Joan-Cort\u00e8s_13ct17_ThtrMncpl_29Jzzbr_Prpgnn-60x40.jpg 60w\" sizes=\"auto, (max-width: 600px) 100vw, 600px\" \/> <img loading=\"lazy\" decoding=\"async\" class=\"aligncenter size-large wp-image-34419\" src=\"https:\/\/tomajazz.com\/web\/wp-content\/uploads\/2017\/12\/02_DDD-\u00a9Joan-Cort\u00e8s_13ct17_ThtrMncpl_29Jzzbr_Prpgnn-600x399.jpg\" alt=\"\" width=\"600\" height=\"399\" title=\"\" srcset=\"https:\/\/tomajazz.com\/web\/wp-content\/uploads\/2017\/12\/02_DDD-\u00a9Joan-Cort\u00e8s_13ct17_ThtrMncpl_29Jzzbr_Prpgnn.jpg 600w, https:\/\/tomajazz.com\/web\/wp-content\/uploads\/2017\/12\/02_DDD-\u00a9Joan-Cort\u00e8s_13ct17_ThtrMncpl_29Jzzbr_Prpgnn-200x133.jpg 200w, https:\/\/tomajazz.com\/web\/wp-content\/uploads\/2017\/12\/02_DDD-\u00a9Joan-Cort\u00e8s_13ct17_ThtrMncpl_29Jzzbr_Prpgnn-83x55.jpg 83w, https:\/\/tomajazz.com\/web\/wp-content\/uploads\/2017\/12\/02_DDD-\u00a9Joan-Cort\u00e8s_13ct17_ThtrMncpl_29Jzzbr_Prpgnn-60x40.jpg 60w, https:\/\/tomajazz.com\/web\/wp-content\/uploads\/2017\/12\/02_DDD-\u00a9Joan-Cort\u00e8s_13ct17_ThtrMncpl_29Jzzbr_Prpgnn-120x80.jpg 120w\" sizes=\"auto, (max-width: 600px) 100vw, 600px\" \/> <img loading=\"lazy\" decoding=\"async\" class=\"aligncenter size-large wp-image-34420\" src=\"https:\/\/tomajazz.com\/web\/wp-content\/uploads\/2017\/12\/03_DDD-\u00a9Joan-Cort\u00e8s_13ct17_ThtrMncpl_29Jzzbr_Prpgnn-399x600.jpg\" alt=\"\" width=\"399\" height=\"600\" title=\"\" srcset=\"https:\/\/tomajazz.com\/web\/wp-content\/uploads\/2017\/12\/03_DDD-\u00a9Joan-Cort\u00e8s_13ct17_ThtrMncpl_29Jzzbr_Prpgnn.jpg 399w, https:\/\/tomajazz.com\/web\/wp-content\/uploads\/2017\/12\/03_DDD-\u00a9Joan-Cort\u00e8s_13ct17_ThtrMncpl_29Jzzbr_Prpgnn-200x300.jpg 200w, https:\/\/tomajazz.com\/web\/wp-content\/uploads\/2017\/12\/03_DDD-\u00a9Joan-Cort\u00e8s_13ct17_ThtrMncpl_29Jzzbr_Prpgnn-37x55.jpg 37w\" sizes=\"auto, (max-width: 399px) 100vw, 399px\" \/> <img loading=\"lazy\" decoding=\"async\" class=\"aligncenter size-large wp-image-34421\" src=\"https:\/\/tomajazz.com\/web\/wp-content\/uploads\/2017\/12\/04_DDD-\u00a9Joan-Cort\u00e8s_13ct17_ThtrMncpl_29Jzzbr_Prpgnn-600x399.jpg\" alt=\"\" width=\"600\" height=\"399\" title=\"\" srcset=\"https:\/\/tomajazz.com\/web\/wp-content\/uploads\/2017\/12\/04_DDD-\u00a9Joan-Cort\u00e8s_13ct17_ThtrMncpl_29Jzzbr_Prpgnn.jpg 600w, https:\/\/tomajazz.com\/web\/wp-content\/uploads\/2017\/12\/04_DDD-\u00a9Joan-Cort\u00e8s_13ct17_ThtrMncpl_29Jzzbr_Prpgnn-200x133.jpg 200w, https:\/\/tomajazz.com\/web\/wp-content\/uploads\/2017\/12\/04_DDD-\u00a9Joan-Cort\u00e8s_13ct17_ThtrMncpl_29Jzzbr_Prpgnn-83x55.jpg 83w, https:\/\/tomajazz.com\/web\/wp-content\/uploads\/2017\/12\/04_DDD-\u00a9Joan-Cort\u00e8s_13ct17_ThtrMncpl_29Jzzbr_Prpgnn-60x40.jpg 60w, https:\/\/tomajazz.com\/web\/wp-content\/uploads\/2017\/12\/04_DDD-\u00a9Joan-Cort\u00e8s_13ct17_ThtrMncpl_29Jzzbr_Prpgnn-120x80.jpg 120w\" sizes=\"auto, (max-width: 600px) 100vw, 600px\" \/> <img loading=\"lazy\" decoding=\"async\" class=\"aligncenter size-large wp-image-34422\" src=\"https:\/\/tomajazz.com\/web\/wp-content\/uploads\/2017\/12\/05_DDD-\u00a9Joan-Cort\u00e8s_13ct17_ThtrMncpl_29Jzzbr_Prpgnn-600x399.jpg\" alt=\"\" width=\"600\" height=\"399\" title=\"\" srcset=\"https:\/\/tomajazz.com\/web\/wp-content\/uploads\/2017\/12\/05_DDD-\u00a9Joan-Cort\u00e8s_13ct17_ThtrMncpl_29Jzzbr_Prpgnn.jpg 600w, https:\/\/tomajazz.com\/web\/wp-content\/uploads\/2017\/12\/05_DDD-\u00a9Joan-Cort\u00e8s_13ct17_ThtrMncpl_29Jzzbr_Prpgnn-200x133.jpg 200w, https:\/\/tomajazz.com\/web\/wp-content\/uploads\/2017\/12\/05_DDD-\u00a9Joan-Cort\u00e8s_13ct17_ThtrMncpl_29Jzzbr_Prpgnn-83x55.jpg 83w, https:\/\/tomajazz.com\/web\/wp-content\/uploads\/2017\/12\/05_DDD-\u00a9Joan-Cort\u00e8s_13ct17_ThtrMncpl_29Jzzbr_Prpgnn-60x40.jpg 60w, https:\/\/tomajazz.com\/web\/wp-content\/uploads\/2017\/12\/05_DDD-\u00a9Joan-Cort\u00e8s_13ct17_ThtrMncpl_29Jzzbr_Prpgnn-120x80.jpg 120w\" sizes=\"auto, (max-width: 600px) 100vw, 600px\" \/> <img loading=\"lazy\" decoding=\"async\" class=\"aligncenter size-large wp-image-34423\" src=\"https:\/\/tomajazz.com\/web\/wp-content\/uploads\/2017\/12\/06_DDD-\u00a9Joan-Cort\u00e8s_13ct17_ThtrMncpl_29Jzzbr_Prpgnn-600x399.jpg\" alt=\"\" width=\"600\" height=\"399\" title=\"\" srcset=\"https:\/\/tomajazz.com\/web\/wp-content\/uploads\/2017\/12\/06_DDD-\u00a9Joan-Cort\u00e8s_13ct17_ThtrMncpl_29Jzzbr_Prpgnn.jpg 600w, https:\/\/tomajazz.com\/web\/wp-content\/uploads\/2017\/12\/06_DDD-\u00a9Joan-Cort\u00e8s_13ct17_ThtrMncpl_29Jzzbr_Prpgnn-200x133.jpg 200w, https:\/\/tomajazz.com\/web\/wp-content\/uploads\/2017\/12\/06_DDD-\u00a9Joan-Cort\u00e8s_13ct17_ThtrMncpl_29Jzzbr_Prpgnn-83x55.jpg 83w, https:\/\/tomajazz.com\/web\/wp-content\/uploads\/2017\/12\/06_DDD-\u00a9Joan-Cort\u00e8s_13ct17_ThtrMncpl_29Jzzbr_Prpgnn-60x40.jpg 60w, https:\/\/tomajazz.com\/web\/wp-content\/uploads\/2017\/12\/06_DDD-\u00a9Joan-Cort\u00e8s_13ct17_ThtrMncpl_29Jzzbr_Prpgnn-120x80.jpg 120w\" sizes=\"auto, (max-width: 600px) 100vw, 600px\" \/> <img loading=\"lazy\" decoding=\"async\" class=\"aligncenter size-large wp-image-34424\" src=\"https:\/\/tomajazz.com\/web\/wp-content\/uploads\/2017\/12\/07_DDD-\u00a9Joan-Cort\u00e8s_13ct17_ThtrMncpl_29Jzzbr_Prpgnn-600x399.jpg\" alt=\"\" width=\"600\" height=\"399\" title=\"\" srcset=\"https:\/\/tomajazz.com\/web\/wp-content\/uploads\/2017\/12\/07_DDD-\u00a9Joan-Cort\u00e8s_13ct17_ThtrMncpl_29Jzzbr_Prpgnn.jpg 600w, https:\/\/tomajazz.com\/web\/wp-content\/uploads\/2017\/12\/07_DDD-\u00a9Joan-Cort\u00e8s_13ct17_ThtrMncpl_29Jzzbr_Prpgnn-200x133.jpg 200w, https:\/\/tomajazz.com\/web\/wp-content\/uploads\/2017\/12\/07_DDD-\u00a9Joan-Cort\u00e8s_13ct17_ThtrMncpl_29Jzzbr_Prpgnn-83x55.jpg 83w, https:\/\/tomajazz.com\/web\/wp-content\/uploads\/2017\/12\/07_DDD-\u00a9Joan-Cort\u00e8s_13ct17_ThtrMncpl_29Jzzbr_Prpgnn-60x40.jpg 60w, https:\/\/tomajazz.com\/web\/wp-content\/uploads\/2017\/12\/07_DDD-\u00a9Joan-Cort\u00e8s_13ct17_ThtrMncpl_29Jzzbr_Prpgnn-120x80.jpg 120w\" sizes=\"auto, (max-width: 600px) 100vw, 600px\" \/> <img loading=\"lazy\" decoding=\"async\" class=\"aligncenter size-large wp-image-34425\" src=\"https:\/\/tomajazz.com\/web\/wp-content\/uploads\/2017\/12\/08_DDD-\u00a9Joan-Cort\u00e8s_13ct17_ThtrMncpl_29Jzzbr_Prpgnn-600x399.jpg\" alt=\"\" width=\"600\" height=\"399\" title=\"\" srcset=\"https:\/\/tomajazz.com\/web\/wp-content\/uploads\/2017\/12\/08_DDD-\u00a9Joan-Cort\u00e8s_13ct17_ThtrMncpl_29Jzzbr_Prpgnn.jpg 600w, https:\/\/tomajazz.com\/web\/wp-content\/uploads\/2017\/12\/08_DDD-\u00a9Joan-Cort\u00e8s_13ct17_ThtrMncpl_29Jzzbr_Prpgnn-200x133.jpg 200w, https:\/\/tomajazz.com\/web\/wp-content\/uploads\/2017\/12\/08_DDD-\u00a9Joan-Cort\u00e8s_13ct17_ThtrMncpl_29Jzzbr_Prpgnn-83x55.jpg 83w, https:\/\/tomajazz.com\/web\/wp-content\/uploads\/2017\/12\/08_DDD-\u00a9Joan-Cort\u00e8s_13ct17_ThtrMncpl_29Jzzbr_Prpgnn-60x40.jpg 60w, https:\/\/tomajazz.com\/web\/wp-content\/uploads\/2017\/12\/08_DDD-\u00a9Joan-Cort\u00e8s_13ct17_ThtrMncpl_29Jzzbr_Prpgnn-120x80.jpg 120w\" sizes=\"auto, (max-width: 600px) 100vw, 600px\" \/> <img loading=\"lazy\" decoding=\"async\" class=\"aligncenter size-large wp-image-34426\" src=\"https:\/\/tomajazz.com\/web\/wp-content\/uploads\/2017\/12\/09_DDD-\u00a9Joan-Cort\u00e8s_13ct17_ThtrMncpl_29Jzzbr_Prpgnn-600x399.jpg\" alt=\"\" width=\"600\" height=\"399\" title=\"\" srcset=\"https:\/\/tomajazz.com\/web\/wp-content\/uploads\/2017\/12\/09_DDD-\u00a9Joan-Cort\u00e8s_13ct17_ThtrMncpl_29Jzzbr_Prpgnn.jpg 600w, https:\/\/tomajazz.com\/web\/wp-content\/uploads\/2017\/12\/09_DDD-\u00a9Joan-Cort\u00e8s_13ct17_ThtrMncpl_29Jzzbr_Prpgnn-200x133.jpg 200w, https:\/\/tomajazz.com\/web\/wp-content\/uploads\/2017\/12\/09_DDD-\u00a9Joan-Cort\u00e8s_13ct17_ThtrMncpl_29Jzzbr_Prpgnn-83x55.jpg 83w, https:\/\/tomajazz.com\/web\/wp-content\/uploads\/2017\/12\/09_DDD-\u00a9Joan-Cort\u00e8s_13ct17_ThtrMncpl_29Jzzbr_Prpgnn-60x40.jpg 60w, https:\/\/tomajazz.com\/web\/wp-content\/uploads\/2017\/12\/09_DDD-\u00a9Joan-Cort\u00e8s_13ct17_ThtrMncpl_29Jzzbr_Prpgnn-120x80.jpg 120w\" sizes=\"auto, (max-width: 600px) 100vw, 600px\" \/> <img loading=\"lazy\" decoding=\"async\" class=\"aligncenter size-large wp-image-34427\" src=\"https:\/\/tomajazz.com\/web\/wp-content\/uploads\/2017\/12\/10_DDD-\u00a9Joan-Cort\u00e8s_13ct17_ThtrMncpl_29Jzzbr_Prpgnn-600x399.jpg\" alt=\"\" width=\"600\" height=\"399\" title=\"\" srcset=\"https:\/\/tomajazz.com\/web\/wp-content\/uploads\/2017\/12\/10_DDD-\u00a9Joan-Cort\u00e8s_13ct17_ThtrMncpl_29Jzzbr_Prpgnn.jpg 600w, https:\/\/tomajazz.com\/web\/wp-content\/uploads\/2017\/12\/10_DDD-\u00a9Joan-Cort\u00e8s_13ct17_ThtrMncpl_29Jzzbr_Prpgnn-200x133.jpg 200w, https:\/\/tomajazz.com\/web\/wp-content\/uploads\/2017\/12\/10_DDD-\u00a9Joan-Cort\u00e8s_13ct17_ThtrMncpl_29Jzzbr_Prpgnn-83x55.jpg 83w, https:\/\/tomajazz.com\/web\/wp-content\/uploads\/2017\/12\/10_DDD-\u00a9Joan-Cort\u00e8s_13ct17_ThtrMncpl_29Jzzbr_Prpgnn-60x40.jpg 60w, https:\/\/tomajazz.com\/web\/wp-content\/uploads\/2017\/12\/10_DDD-\u00a9Joan-Cort\u00e8s_13ct17_ThtrMncpl_29Jzzbr_Prpgnn-120x80.jpg 120w\" sizes=\"auto, (max-width: 600px) 100vw, 600px\" \/><\/p>\n<p style=\"text-align: right;\"><strong>Tomajazz<\/strong>:\u00a0\u00a9\u00a0<strong>Joan Cort\u00e8s<\/strong>, 2018<\/p>\n","protected":false},"excerpt":{"rendered":"<p>Fecha: Viernes, 13 de octubre de 2017 Lugar: Th\u00e9\u00e2tre Municipal (Perpignan \/ France ) Grupo: Dadada Roberto Negro, piano Emile Parisien, saxo soprano Michele Rabbia, bater\u00eda, percusi\u00f3n y electr\u00f3nica Tomajazz:\u00a0\u00a9\u00a0Joan Cort\u00e8s, 2018<span class=\"more-link\"><a href=\"https:\/\/tomajazz.com\/web\/instantzz-dadada-theatre-municipal-29eme-festival-jazzebre-perpignan-france-2017-10-13\/\">Contin\u00faa leyendo<\/a><\/span><\/p>\n","protected":false},"author":1,"featured_media":34421,"comment_status":"open","ping_status":"closed","sticky":false,"template":"","format":"standard","meta":{"_jetpack_newsletter_access":"","_jetpack_dont_email_post_to_subs":false,"_jetpack_newsletter_tier_id":0,"_jetpack_memberships_contains_paywalled_content":false,"_jetpack_feature_clip_id":0,"_jetpack_memberships_contains_paid_content":false,"footnotes":"","jetpack_post_was_ever_published":false},"categories":[17853,11262,15516,11261,1038],"tags":[20701,7125,1041,20702,14145],"class_list":["entry","author-pachi","post-34417","post","type-post","status-publish","format-standard","has-post-thumbnail","category-joan-cortes","category-photoblogs","category-imagenes","category-instantzz","category-contenidos","tag-dadada","tag-emile-parisien","tag-joan-cortes","tag-michele-rabbia","tag-roberto-negro"],"jetpack_likes_enabled":true,"jetpack_sharing_enabled":true,"jetpack-related-posts":[{"id":51293,"url":"https:\/\/tomajazz.com\/web\/instantzz-emile-parisien-monografico-galeria-fotografica-aka-fotoblog-de-jazz-impro-y-algo-mas\/","url_meta":{"origin":34417,"position":0},"title":"INSTANTZZ: Emile Parisien (monogr\u00e1fico) [Galer\u00eda fotogr\u00e1fica AKA Fotoblog de jazz, impro&#8230; y algo m\u00e1s]","author":"Tomajazz","date":"30 julio, 2020","format":false,"excerpt":"Emile Parisien es el protagonista del monongr\u00e1fico en INSTANTZZ. Joan Cort\u00e8s recopila quince fotograf\u00edas del m\u00fasico frances (tres son in\u00e9ditas), tomadas entre 2010 y 2018 en distintas formaciones.","rel":"","context":"En \u00abFotoblog - Galer\u00eda fotogr\u00e1fica\u00bb","block_context":{"text":"Fotoblog - Galer\u00eda fotogr\u00e1fica","link":"https:\/\/tomajazz.com\/web\/category\/contenidos\/imagenes\/photoblogs\/"},"img":{"alt_text":"","src":"https:\/\/i0.wp.com\/tomajazz.com\/web\/wp-content\/uploads\/2020\/07\/03_EMILE-PARISIEN-%C2%A9Joan-Cort%C3%A8s_05oct13_Espace-Gavroche_25Jazz%C3%A8bre_Elne.jpg?resize=350%2C200&ssl=1","width":350,"height":200,"srcset":"https:\/\/i0.wp.com\/tomajazz.com\/web\/wp-content\/uploads\/2020\/07\/03_EMILE-PARISIEN-%C2%A9Joan-Cort%C3%A8s_05oct13_Espace-Gavroche_25Jazz%C3%A8bre_Elne.jpg?resize=350%2C200&ssl=1 1x, https:\/\/i0.wp.com\/tomajazz.com\/web\/wp-content\/uploads\/2020\/07\/03_EMILE-PARISIEN-%C2%A9Joan-Cort%C3%A8s_05oct13_Espace-Gavroche_25Jazz%C3%A8bre_Elne.jpg?resize=525%2C300&ssl=1 1.5x"},"classes":[]},{"id":51121,"url":"https:\/\/tomajazz.com\/web\/instantzz-vincent-peirani-monografico-galeria-fotografica-aka-fotoblog-de-jazz-impro-y-algo-mas\/","url_meta":{"origin":34417,"position":1},"title":"INSTANTZZ: Vincent Peirani (monogr\u00e1fico) [Galer\u00eda fotogr\u00e1fica AKA Fotoblog de jazz, impro&#8230; y algo m\u00e1s]","author":"Tomajazz","date":"16 julio, 2020","format":false,"excerpt":"El acordeonista Vincent Peirani es el protagonista del especial en INSTANTZZ. La galer\u00eda fotogr\u00e1fica recoge quince instant\u00e1neas del m\u00fasico, incluyendo tres fotograf\u00edas in\u00e9ditas en Tomajazz.","rel":"","context":"En \u00abFotoblog - Galer\u00eda fotogr\u00e1fica\u00bb","block_context":{"text":"Fotoblog - Galer\u00eda fotogr\u00e1fica","link":"https:\/\/tomajazz.com\/web\/category\/contenidos\/imagenes\/photoblogs\/"},"img":{"alt_text":"","src":"https:\/\/i0.wp.com\/tomajazz.com\/web\/wp-content\/uploads\/2020\/07\/08_Vncnt-Prn-Joan-Cort%C3%A8s_05oct13_spc-Gvrch_25Jzzbr_ln.jpg?resize=350%2C200&ssl=1","width":350,"height":200,"srcset":"https:\/\/i0.wp.com\/tomajazz.com\/web\/wp-content\/uploads\/2020\/07\/08_Vncnt-Prn-Joan-Cort%C3%A8s_05oct13_spc-Gvrch_25Jzzbr_ln.jpg?resize=350%2C200&ssl=1 1x, https:\/\/i0.wp.com\/tomajazz.com\/web\/wp-content\/uploads\/2020\/07\/08_Vncnt-Prn-Joan-Cort%C3%A8s_05oct13_spc-Gvrch_25Jzzbr_ln.jpg?resize=525%2C300&ssl=1 1.5x"},"classes":[]},{"id":52496,"url":"https:\/\/tomajazz.com\/web\/instantzz-michel-portal-monografico-galeria-fotografica-aka-fotoblog-de-jazz-impro-y-algo-mas-por-joan-cortes\/","url_meta":{"origin":34417,"position":2},"title":"INSTANTZZ: Michel Portal (monogr\u00e1fico) [Galer\u00eda fotogr\u00e1fica AKA Fotoblog de jazz, impro&#8230; y algo m\u00e1s] Por Joan Cort\u00e8s","author":"Tomajazz","date":"8 octubre, 2020","format":false,"excerpt":"Contin\u00faan los monogr\u00e1ficos de Joan Cort\u00e8s en INSTANTZZ. En esta ocasi\u00f3n, es el turno del veterano Michel Portal.","rel":"","context":"En \u00abIm\u00e1genes\u00bb","block_context":{"text":"Im\u00e1genes","link":"https:\/\/tomajazz.com\/web\/category\/contenidos\/imagenes\/"},"img":{"alt_text":"","src":"https:\/\/i0.wp.com\/tomajazz.com\/web\/wp-content\/uploads\/2020\/10\/05_-MP_Ll-d-dlphnt-%C2%A9Joan-Cortes_29nov12_FIJBcn_nstt-Frncs_Bcn.jpg?resize=350%2C200&ssl=1","width":350,"height":200,"srcset":"https:\/\/i0.wp.com\/tomajazz.com\/web\/wp-content\/uploads\/2020\/10\/05_-MP_Ll-d-dlphnt-%C2%A9Joan-Cortes_29nov12_FIJBcn_nstt-Frncs_Bcn.jpg?resize=350%2C200&ssl=1 1x, https:\/\/i0.wp.com\/tomajazz.com\/web\/wp-content\/uploads\/2020\/10\/05_-MP_Ll-d-dlphnt-%C2%A9Joan-Cortes_29nov12_FIJBcn_nstt-Frncs_Bcn.jpg?resize=525%2C300&ssl=1 1.5x"},"classes":[]},{"id":34829,"url":"https:\/\/tomajazz.com\/web\/instantzz-2017-en-25-imagenes-de-jazz-improvisacion-y-2-galeria-fotografica\/","url_meta":{"origin":34417,"position":3},"title":"INSTANTZZ: 2017 en 27 (im\u00e1genes de jazz, improvisaci\u00f3n, \u2026) [y 2] [Galer\u00eda fotogr\u00e1fica]","author":"Tomajazz","date":"31 enero, 2018","format":false,"excerpt":"Fecha: Esta segunda parte desde el 20 de julio hasta el 14 de diciembre de 2017 (anotadas en cada imagen) Lugar: Escenarios y localidades varias (especificadas en cada fotograf\u00eda) Componentes: 27 formaciones (detalladas en los enlaces respectivos) Ir a la primera parte... \u00a0 Emile Parisien & Michel Portal https:\/\/tomajazz.com\/web\/?p=34015 Ernie\u2026","rel":"","context":"En \u00ab*_Joan Cort\u00e8s\u00bb","block_context":{"text":"*_Joan Cort\u00e8s","link":"https:\/\/tomajazz.com\/web\/category\/joan-cortes\/"},"img":{"alt_text":"","src":"https:\/\/i0.wp.com\/tomajazz.com\/web\/wp-content\/uploads\/2018\/01\/15_17n25_rn-Wtts-Qrtt-%C2%A9Joan-Cort%C3%A8s_29jul17_FMM_Jmbrr-Jzz_Brcln.jpg?resize=350%2C200&ssl=1","width":350,"height":200},"classes":[]},{"id":94939,"url":"https:\/\/tomajazz.com\/web\/les-egares-larchipel-2025\/","url_meta":{"origin":34417,"position":4},"title":"Sissoko-Segal-Parisien-Peirani \u00abLes \u00c9gar\u00e9s\u00bb (L\u2019Archipel -Le Grenat-, 2024-12-13 \/ Perpignan -France-) Por Joan Cort\u00e8s [INSTANTZZ AKA Galer\u00eda fotogr\u00e1fica AKA Fotoblog de jazz, impro\u2026 y algo m\u00e1s]","author":"Tomajazz","date":"11 marzo, 2025","format":false,"excerpt":"Sissoko-Segal-Parisien-Peirani \u00abLes \u00c9gar\u00e9s\u00bb actuaron en L\u2019Archipel, Perpignan, el 13 de diciembre de 2024. Joan Cort\u00e8s los retrata en INSTANTZZ. Actuaron Ballak\u00e9 Sissoko, Vincent Segal, Emile Parisien, Vincent Perirani","rel":"","context":"En \u00abINSTANTZZ\u00bb","block_context":{"text":"INSTANTZZ","link":"https:\/\/tomajazz.com\/web\/category\/contenidos\/imagenes\/photoblogs\/instantzz\/"},"img":{"alt_text":"Sissoko-Segal-Parisien-Peirani \u00abLes \u00c9gar\u00e9s\u00bb (L\u2019Archipel -Le Grenat-, 2024-12-13 \/ Perpignan -France-) Por Joan Cort\u00e8s [INSTANTZZ AKA Galer\u00eda fotogr\u00e1fica AKA Fotoblog de jazz, impro\u2026 y algo m\u00e1s] - Tomajazz - Sissoko-Segal-Parisien-Peirani \u00abLes \u00c9gar\u00e9s\u00bb actuaron en L\u2019Archipel, Perpignan, el 13 de diciembre de 2024. Joan Cort\u00e8s los retrata en INSTANTZZ. Actuaron Ballak\u00e9 Sissoko, Vincent Segal, Emile Parisien, Vincent Perirani\n","src":"https:\/\/i0.wp.com\/tomajazz.com\/web\/wp-content\/uploads\/2025\/03\/destadada-09-Sssk-Sgl-Prn-Prsn-Photo-By-Joan-Cortes-L-rchpl-Prpny-bn.jpg?resize=350%2C200&ssl=1","width":350,"height":200,"srcset":"https:\/\/i0.wp.com\/tomajazz.com\/web\/wp-content\/uploads\/2025\/03\/destadada-09-Sssk-Sgl-Prn-Prsn-Photo-By-Joan-Cortes-L-rchpl-Prpny-bn.jpg?resize=350%2C200&ssl=1 1x, https:\/\/i0.wp.com\/tomajazz.com\/web\/wp-content\/uploads\/2025\/03\/destadada-09-Sssk-Sgl-Prn-Prsn-Photo-By-Joan-Cortes-L-rchpl-Prpny-bn.jpg?resize=525%2C300&ssl=1 1.5x"},"classes":[]},{"id":34015,"url":"https:\/\/tomajazz.com\/web\/instantzz-emile-parisien-quintet-avec-joachim-kuhn-et-michel-portal-sfumato-carrieres-festival-jazz-a-junas-junas-france-2017-07-20-galeria-fotografica\/","url_meta":{"origin":34417,"position":5},"title":"INSTANTZZ: Emile Parisien Quintet avec Joachim K\u00fchn et Michel Portal \u201cSfumato\u201d (Carri\u00e8res, Festival Jazz \u00e0 Junas, Junas -France-.  2017-07-20) [Galer\u00eda fotogr\u00e1fica]","author":"Tomajazz","date":"18 diciembre, 2017","format":false,"excerpt":"Fecha: Jueves, 20 de julio de 2017 Lugar: Carri\u00e8res (Junas \/ France) Grupo: Emile Parisien Quintet avec Joachim Kh\u00fcn et Michel Portal \u201cSfumato\u201d Emile Parisien, saxo soprano Michel Portal, clarinete bajo Joachim Kh\u00fcn, piano Manu Codjia, guitarra Simon Tailleu, contrabajo Mario Costa, bater\u00eda Tomajazz:\u00a0\u00a9\u00a0Joan Cort\u00e8s, 2017","rel":"","context":"En \u00ab*_Joan Cort\u00e8s\u00bb","block_context":{"text":"*_Joan Cort\u00e8s","link":"https:\/\/tomajazz.com\/web\/category\/joan-cortes\/"},"img":{"alt_text":"","src":"https:\/\/i0.wp.com\/tomajazz.com\/web\/wp-content\/uploads\/2017\/12\/10_ml-Prsn-Qntt-Sfmt-%C2%A9Joan-Cort%C3%A8s_20jul17_Crrrs_FJzzJns_Jns.jpg?resize=350%2C200&ssl=1","width":350,"height":200,"srcset":"https:\/\/i0.wp.com\/tomajazz.com\/web\/wp-content\/uploads\/2017\/12\/10_ml-Prsn-Qntt-Sfmt-%C2%A9Joan-Cort%C3%A8s_20jul17_Crrrs_FJzzJns_Jns.jpg?resize=350%2C200&ssl=1 1x, https:\/\/i0.wp.com\/tomajazz.com\/web\/wp-content\/uploads\/2017\/12\/10_ml-Prsn-Qntt-Sfmt-%C2%A9Joan-Cort%C3%A8s_20jul17_Crrrs_FJzzJns_Jns.jpg?resize=525%2C300&ssl=1 1.5x"},"classes":[]}],"jetpack_featured_media_url":"https:\/\/tomajazz.com\/web\/wp-content\/uploads\/2017\/12\/04_DDD-\u00a9Joan-Cort\u00e8s_13ct17_ThtrMncpl_29Jzzbr_Prpgnn.jpg","_links":{"self":[{"href":"https:\/\/tomajazz.com\/web\/wp-json\/wp\/v2\/posts\/34417","targetHints":{"allow":["GET"]}}],"collection":[{"href":"https:\/\/tomajazz.com\/web\/wp-json\/wp\/v2\/posts"}],"about":[{"href":"https:\/\/tomajazz.com\/web\/wp-json\/wp\/v2\/types\/post"}],"author":[{"embeddable":true,"href":"https:\/\/tomajazz.com\/web\/wp-json\/wp\/v2\/users\/1"}],"replies":[{"embeddable":true,"href":"https:\/\/tomajazz.com\/web\/wp-json\/wp\/v2\/comments?post=34417"}],"version-history":[{"count":1,"href":"https:\/\/tomajazz.com\/web\/wp-json\/wp\/v2\/posts\/34417\/revisions"}],"predecessor-version":[{"id":34428,"href":"https:\/\/tomajazz.com\/web\/wp-json\/wp\/v2\/posts\/34417\/revisions\/34428"}],"wp:featuredmedia":[{"embeddable":true,"href":"https:\/\/tomajazz.com\/web\/wp-json\/wp\/v2\/media\/34421"}],"wp:attachment":[{"href":"https:\/\/tomajazz.com\/web\/wp-json\/wp\/v2\/media?parent=34417"}],"wp:term":[{"taxonomy":"category","embeddable":true,"href":"https:\/\/tomajazz.com\/web\/wp-json\/wp\/v2\/categories?post=34417"},{"taxonomy":"post_tag","embeddable":true,"href":"https:\/\/tomajazz.com\/web\/wp-json\/wp\/v2\/tags?post=34417"}],"curies":[{"name":"wp","href":"https:\/\/api.w.org\/{rel}","templated":true}]}}