{"id":34672,"date":"2018-01-21T11:15:38","date_gmt":"2018-01-21T10:15:38","guid":{"rendered":"https:\/\/www.tomajazz.com\/web\/?p=34672"},"modified":"2022-09-24T19:03:43","modified_gmt":"2022-09-24T17:03:43","slug":"sinestesia-aranda-malfon-andorra-ciclo-de-musica-improvisada-barcelona-2017-01-23-noticias","status":"publish","type":"post","link":"https:\/\/tomajazz.com\/web\/sinestesia-aranda-malfon-andorra-ciclo-de-musica-improvisada-barcelona-2017-01-23-noticias\/","title":{"rendered":"Sinestesia: Aranda \u2013 Malfon \u2013 Andorr\u00e0. Ciclo de M\u00fasica Improvisada (Barcelona. 2018-01-23) [Noticias]"},"content":{"rendered":"<p style=\"text-align: center;\"><img loading=\"lazy\" decoding=\"async\" class=\"aligncenter size-full wp-image-34674\" src=\"https:\/\/tomajazz.com\/web\/wp-content\/uploads\/2018\/01\/Sinestesia_20180123.jpg\" alt=\"\" width=\"600\" height=\"600\" title=\"\" srcset=\"https:\/\/tomajazz.com\/web\/wp-content\/uploads\/2018\/01\/Sinestesia_20180123.jpg 600w, https:\/\/tomajazz.com\/web\/wp-content\/uploads\/2018\/01\/Sinestesia_20180123-150x150.jpg 150w, https:\/\/tomajazz.com\/web\/wp-content\/uploads\/2018\/01\/Sinestesia_20180123-200x200.jpg 200w, https:\/\/tomajazz.com\/web\/wp-content\/uploads\/2018\/01\/Sinestesia_20180123-55x55.jpg 55w, https:\/\/tomajazz.com\/web\/wp-content\/uploads\/2018\/01\/Sinestesia_20180123-50x50.jpg 50w\" sizes=\"auto, (max-width: 600px) 100vw, 600px\" \/><\/p>\n<p>Sinestesia<br \/>\nCiclo de M\u00fasica Improvisada<br \/>\nMartes 23 de enero de 2018 a las 20:00<br \/>\nConcierto de\u00a0<strong>Irene Aranda &#8211; Don Malfon &#8211; N\u00faria Andorr\u00e0<\/strong><br \/>\nCon la colaboraci\u00f3n de Marianne Brull<br \/>\nSinestesia<br \/>\nC\/Santa Caterina 52-54<br \/>\nBarcelona \u2013 Sants<\/p>\n","protected":false},"excerpt":{"rendered":"<p>Sinestesia Ciclo de M\u00fasica Improvisada Martes 23 de enero de 2018 a las 20:00 Concierto de\u00a0Irene Aranda &#8211; Don Malfon &#8211; N\u00faria Andorr\u00e0 Con la colaboraci\u00f3n de Marianne Brull Sinestesia C\/Santa Caterina 52-54 Barcelona \u2013 Sants<span class=\"more-link\"><a href=\"https:\/\/tomajazz.com\/web\/sinestesia-aranda-malfon-andorra-ciclo-de-musica-improvisada-barcelona-2017-01-23-noticias\/\">Contin\u00faa leyendo<\/a><\/span><\/p>\n","protected":false},"author":1,"featured_media":34674,"comment_status":"open","ping_status":"closed","sticky":false,"template":"","format":"standard","meta":{"jetpack_post_was_ever_published":false,"_jetpack_newsletter_access":"","_jetpack_dont_email_post_to_subs":false,"_jetpack_newsletter_tier_id":0,"_jetpack_memberships_contains_paywalled_content":false,"_jetpack_memberships_contains_paid_content":false,"footnotes":""},"categories":[17858,15795,1038],"tags":[128,12075,20752,11856,15296,9113],"class_list":["entry","author-pachi","post-34672","post","type-post","status-publish","format-standard","has-post-thumbnail","category-redaccion","category-noticias-2","category-contenidos","tag-don-malfon","tag-irene-aranda","tag-irene-aranda-don-malfon-nuria-andorra","tag-noticias","tag-noticias-de-jazz","tag-nuria-andorra"],"jetpack_featured_media_url":"https:\/\/tomajazz.com\/web\/wp-content\/uploads\/2018\/01\/Sinestesia_20180123.jpg","jetpack_likes_enabled":true,"jetpack_sharing_enabled":true,"jetpack-related-posts":[{"id":35715,"url":"https:\/\/tomajazz.com\/web\/instantzz-irene-aranda-nuria-andorra-i-don-malfon-som-hi-som-hi-sinestesia-barcelona-2017-02-23-galeria-fotografica\/","url_meta":{"origin":34672,"position":0},"title":"INSTANTZZ: Irene Aranda, N\u00faria Andorr\u00e0 i Don Malfon (Som-hi? Som-hi!, Sinestesia, Barcelona. 2017-02-23) [Galer\u00eda fotogr\u00e1fica]","author":"Tomajazz","date":"21 marzo, 2018","format":false,"excerpt":"Fecha: Martes, 23 de enero de 2018 Lugar: Sinestesia (Barcelona) Grupo: Irene Aranda - N\u00faria Andorr\u00e0 - Don Malfon Irene Aranda, piano N\u00faria Andorr\u00e0, percusi\u00f3n Don Malfon, saxo alto Tomajazz:\u00a0\u00a9 Joan Cort\u00e8s, 2018","rel":"","context":"En \u00ab*_Joan Cort\u00e8s\u00bb","block_context":{"text":"*_Joan Cort\u00e8s","link":"https:\/\/tomajazz.com\/web\/category\/joan-cortes\/"},"img":{"alt_text":"","src":"https:\/\/i0.wp.com\/tomajazz.com\/web\/wp-content\/uploads\/2018\/03\/04_rn-rnd-Nr-ndrr-Dn-Mlfn-%C2%A9Joan-Cort%C3%A8s_23gen18_Snsts_Brcln.jpg?resize=350%2C200&ssl=1","width":350,"height":200,"srcset":"https:\/\/i0.wp.com\/tomajazz.com\/web\/wp-content\/uploads\/2018\/03\/04_rn-rnd-Nr-ndrr-Dn-Mlfn-%C2%A9Joan-Cort%C3%A8s_23gen18_Snsts_Brcln.jpg?resize=350%2C200&ssl=1 1x, https:\/\/i0.wp.com\/tomajazz.com\/web\/wp-content\/uploads\/2018\/03\/04_rn-rnd-Nr-ndrr-Dn-Mlfn-%C2%A9Joan-Cort%C3%A8s_23gen18_Snsts_Brcln.jpg?resize=525%2C300&ssl=1 1.5x"},"classes":[]},{"id":35467,"url":"https:\/\/tomajazz.com\/web\/sinestesia-malfon-prats-valles-ciclo-de-musica-improvisada-barcelona-2018-03-065-noticias\/","url_meta":{"origin":34672,"position":1},"title":"Sinestesia: Malfon- Prats &#8211; Vall\u00e8s. Ciclo de M\u00fasica Improvisada (Barcelona. 2018-03-065) [Noticias]","author":"Tomajazz","date":"4 marzo, 2018","format":false,"excerpt":"Sinestesia Ciclo de M\u00fasica Improvisada Martes 6 de marzo de 2018 a las 20:00 Concierto de\u00a0Don Malfon - Ram\u00f3n Prats - Laia Vall\u00e8s Impulsado por Marianne Brull Sinestesia C\/Santa Caterina 52-54 Barcelona \u2013 Sants","rel":"","context":"En \u00ab*_Redacci\u00f3n\u00bb","block_context":{"text":"*_Redacci\u00f3n","link":"https:\/\/tomajazz.com\/web\/category\/redaccion\/"},"img":{"alt_text":"","src":"https:\/\/i0.wp.com\/tomajazz.com\/web\/wp-content\/uploads\/2018\/03\/270218_Sinestesia-17.jpg?resize=350%2C200&ssl=1","width":350,"height":200,"srcset":"https:\/\/i0.wp.com\/tomajazz.com\/web\/wp-content\/uploads\/2018\/03\/270218_Sinestesia-17.jpg?resize=350%2C200&ssl=1 1x, https:\/\/i0.wp.com\/tomajazz.com\/web\/wp-content\/uploads\/2018\/03\/270218_Sinestesia-17.jpg?resize=525%2C300&ssl=1 1.5x"},"classes":[]},{"id":51049,"url":"https:\/\/tomajazz.com\/web\/instantzz-nuria-andorra-monografico-galeria-fotografica-aka-fotoblog-de-jazz-impro-y-algo-mas\/","url_meta":{"origin":34672,"position":2},"title":"INSTANTZZ: N\u00faria Andorr\u00e0 (monogr\u00e1fico) [Galer\u00eda fotogr\u00e1fica AKA Fotoblog de jazz, impro&#8230; y algo m\u00e1s]","author":"Tomajazz","date":"9 julio, 2020","format":false,"excerpt":"N\u00faria Andorr\u00e0 es la protagonista del monogr\u00e1fico de Joan Cort\u00e8s en INSTANTZZ. El especial recoge instant\u00e1neas de la percusionista en siete formaciones, entre 2015 y 2019.","rel":"","context":"En \u00abFotoblog - Galer\u00eda fotogr\u00e1fica\u00bb","block_context":{"text":"Fotoblog - Galer\u00eda fotogr\u00e1fica","link":"https:\/\/tomajazz.com\/web\/category\/contenidos\/imagenes\/photoblogs\/"},"img":{"alt_text":"","src":"https:\/\/i0.wp.com\/tomajazz.com\/web\/wp-content\/uploads\/2020\/07\/01_vn-Gnzlz-Mmr-n-Drms-%C2%A9Joan-Cort%C3%A8s_30mai18_2BsmntBcnJazzFst_Rbdrs23_Brcln.jpg?resize=350%2C200&ssl=1","width":350,"height":200,"srcset":"https:\/\/i0.wp.com\/tomajazz.com\/web\/wp-content\/uploads\/2020\/07\/01_vn-Gnzlz-Mmr-n-Drms-%C2%A9Joan-Cort%C3%A8s_30mai18_2BsmntBcnJazzFst_Rbdrs23_Brcln.jpg?resize=350%2C200&ssl=1 1x, https:\/\/i0.wp.com\/tomajazz.com\/web\/wp-content\/uploads\/2020\/07\/01_vn-Gnzlz-Mmr-n-Drms-%C2%A9Joan-Cort%C3%A8s_30mai18_2BsmntBcnJazzFst_Rbdrs23_Brcln.jpg?resize=525%2C300&ssl=1 1.5x"},"classes":[]},{"id":34012,"url":"https:\/\/tomajazz.com\/web\/sinestesia-malfon-rebelo-prats-ciclo-de-musica-improvisada-barcelona-2017-12-22-noticias\/","url_meta":{"origin":34672,"position":3},"title":"Sinestesia: Malfon &#8211; Rebelo &#8211; Prats. Ciclo de M\u00fasica Improvisada (Barcelona. 2017-12-22) [Noticias]","author":"Tomajazz","date":"19 diciembre, 2017","format":false,"excerpt":"Sinestesia Ciclo de M\u00fasica Improvisada Viernes 22 de diciembre de 2017 a las 20:30 Concierto de Don Malfon, Nuno Rebelo, Ram\u00f3n Prats Con la colaboraci\u00f3n de Marianne Brull Sinestesia C\/Santa Caterina 52-54 Barcelona \u2013 Sants","rel":"","context":"En \u00ab*_Redacci\u00f3n\u00bb","block_context":{"text":"*_Redacci\u00f3n","link":"https:\/\/tomajazz.com\/web\/category\/redaccion\/"},"img":{"alt_text":"","src":"https:\/\/i0.wp.com\/tomajazz.com\/web\/wp-content\/uploads\/2017\/12\/Sinestesia_171222_Sinestesia-1.jpg?resize=350%2C200&ssl=1","width":350,"height":200,"srcset":"https:\/\/i0.wp.com\/tomajazz.com\/web\/wp-content\/uploads\/2017\/12\/Sinestesia_171222_Sinestesia-1.jpg?resize=350%2C200&ssl=1 1x, https:\/\/i0.wp.com\/tomajazz.com\/web\/wp-content\/uploads\/2017\/12\/Sinestesia_171222_Sinestesia-1.jpg?resize=525%2C300&ssl=1 1.5x"},"classes":[]},{"id":37074,"url":"https:\/\/tomajazz.com\/web\/sinestesia-cirera-malfon-rebelo-trilla-barcelona-2018-06-05-noticias\/","url_meta":{"origin":34672,"position":4},"title":"Sinestesia: Cirera &#8211; Malfon &#8211; Rebelo &#8211; Trilla (Barcelona. 2018-06-05) [Noticias]","author":"Tomajazz","date":"4 junio, 2018","format":false,"excerpt":"Sinestesia Som-Hi? Som-Hi! Ciclo de M\u00fasica Improvisada Martes 5 de junio de 2018 a las 20:00 Concierto de Albert Cirera - Don Malfon - Nuno Rebelo - Vasco Trilla Laboratorio de improvisaci\u00f3n libre impulsado por Marianne Brull Sinestesia C\/Santa Caterina 52-54 Barcelona \u2013 Sant https:\/\/sinestesia.barcelona\/programacion\/","rel":"","context":"En \u00ab*_Redacci\u00f3n\u00bb","block_context":{"text":"*_Redacci\u00f3n","link":"https:\/\/tomajazz.com\/web\/category\/redaccion\/"},"img":{"alt_text":"","src":"https:\/\/i0.wp.com\/tomajazz.com\/web\/wp-content\/uploads\/2018\/06\/180605_Sinestesia-29.jpg?resize=350%2C200&ssl=1","width":350,"height":200,"srcset":"https:\/\/i0.wp.com\/tomajazz.com\/web\/wp-content\/uploads\/2018\/06\/180605_Sinestesia-29.jpg?resize=350%2C200&ssl=1 1x, https:\/\/i0.wp.com\/tomajazz.com\/web\/wp-content\/uploads\/2018\/06\/180605_Sinestesia-29.jpg?resize=525%2C300&ssl=1 1.5x"},"classes":[]},{"id":33837,"url":"https:\/\/tomajazz.com\/web\/sinestesia-chant-malfon-nastesjo-roca-ciclo-de-musica-improvisada-barcelona-2017-12-12-noticias\/","url_meta":{"origin":34672,"position":5},"title":"Sinestesia: Chant &#8211; Malfon &#8211; N\u00e4stesj\u00f6 Roca. Ciclo de M\u00fasica Improvisada (Barcelona. 2017-12-12) [Noticias]","author":"Tomajazz","date":"7 diciembre, 2017","format":false,"excerpt":"Sinestesia Ciclo de M\u00fasica Improvisada Martes 12 de diciembre de 2017 a las 20:00 Concierto de Tom Chant, Don Malfon, Johannes N\u00e4stesj\u00f6, Oriol Roca Con la colaboraci\u00f3n de Marianne Brull Sinestesia C\/Santa Caterina 52-54 Barcelona - Sants","rel":"","context":"En \u00ab*_Redacci\u00f3n\u00bb","block_context":{"text":"*_Redacci\u00f3n","link":"https:\/\/tomajazz.com\/web\/category\/redaccion\/"},"img":{"alt_text":"","src":"https:\/\/i0.wp.com\/tomajazz.com\/web\/wp-content\/uploads\/2017\/12\/Sinestesia_171212.jpg?resize=350%2C200&ssl=1","width":350,"height":200,"srcset":"https:\/\/i0.wp.com\/tomajazz.com\/web\/wp-content\/uploads\/2017\/12\/Sinestesia_171212.jpg?resize=350%2C200&ssl=1 1x, https:\/\/i0.wp.com\/tomajazz.com\/web\/wp-content\/uploads\/2017\/12\/Sinestesia_171212.jpg?resize=525%2C300&ssl=1 1.5x"},"classes":[]}],"_links":{"self":[{"href":"https:\/\/tomajazz.com\/web\/wp-json\/wp\/v2\/posts\/34672","targetHints":{"allow":["GET"]}}],"collection":[{"href":"https:\/\/tomajazz.com\/web\/wp-json\/wp\/v2\/posts"}],"about":[{"href":"https:\/\/tomajazz.com\/web\/wp-json\/wp\/v2\/types\/post"}],"author":[{"embeddable":true,"href":"https:\/\/tomajazz.com\/web\/wp-json\/wp\/v2\/users\/1"}],"replies":[{"embeddable":true,"href":"https:\/\/tomajazz.com\/web\/wp-json\/wp\/v2\/comments?post=34672"}],"version-history":[{"count":2,"href":"https:\/\/tomajazz.com\/web\/wp-json\/wp\/v2\/posts\/34672\/revisions"}],"predecessor-version":[{"id":34804,"href":"https:\/\/tomajazz.com\/web\/wp-json\/wp\/v2\/posts\/34672\/revisions\/34804"}],"wp:featuredmedia":[{"embeddable":true,"href":"https:\/\/tomajazz.com\/web\/wp-json\/wp\/v2\/media\/34674"}],"wp:attachment":[{"href":"https:\/\/tomajazz.com\/web\/wp-json\/wp\/v2\/media?parent=34672"}],"wp:term":[{"taxonomy":"category","embeddable":true,"href":"https:\/\/tomajazz.com\/web\/wp-json\/wp\/v2\/categories?post=34672"},{"taxonomy":"post_tag","embeddable":true,"href":"https:\/\/tomajazz.com\/web\/wp-json\/wp\/v2\/tags?post=34672"}],"curies":[{"name":"wp","href":"https:\/\/api.w.org\/{rel}","templated":true}]}}