{"id":34689,"date":"2018-01-23T11:11:09","date_gmt":"2018-01-23T10:11:09","guid":{"rendered":"https:\/\/www.tomajazz.com\/web\/?p=34689"},"modified":"2022-09-24T18:56:51","modified_gmt":"2022-09-24T16:56:51","slug":"instantzz-sergi-verges-y-la-big-band-del-conservatori-de-palma-teatre-xesc-forteza-palma-de-mallorca-2018-01-13-galeria-fotografica","status":"publish","type":"post","link":"https:\/\/tomajazz.com\/web\/instantzz-sergi-verges-y-la-big-band-del-conservatori-de-palma-teatre-xesc-forteza-palma-de-mallorca-2018-01-13-galeria-fotografica\/","title":{"rendered":"INSTANTZZ: Sergi Verg\u00e9s y la Big Band del Conservatori de Palma (Teatre Xesc Forteza. Palma de Mallorca. 2018-01-13) [Galer\u00eda fotogr\u00e1fica]"},"content":{"rendered":"<ul>\n<li>Fecha: S\u00e1bado, 13 de enero de 2018. 21:00h.<\/li>\n<li>Lugar: Teatre Xesc Forteza. Palma de Mallorca.<\/li>\n<li>Formaci\u00f3n:<br \/>\n<strong>Sergi Verg\u00e9s y la Big Band del Conservatori de Palma.<br \/>\n<\/strong>Sergi Verg\u00e9s: direcci\u00f3n, arreglos<br \/>\nIvan Caro: flabiol sec,tambor\u00ed, gralla dol\u00e7a, ocarina, caramella, pandereta<br \/>\nAlfredo Ardanaz: viol\u00edn<br \/>\nCarlos Sanchis: acorde\u00f3n<br \/>\nMargulis Rotger, Roger &#8216;Pistola&#8217;, Mas\u00e9 Jara Llin\u00e0s, Alejandra Cabello: voz<br \/>\nGuillem Calvillo: voz, percusi\u00f3n<br \/>\nNacho Tomillo, Angel Rivero, Miquel \u00c0ngel Rigo Roig, Simone Geda, Isaac Verd\u00fa, Marc Forteza: saxo<br \/>\nMarta Alcover, Cati Pic\u00f3 Ximelis: flauta<br \/>\nLupe Vidal, Carla Pl\u00e0: clarinete<br \/>\n<span class=\"m_-6204955945939559664gmail-textexposedshow\">Jaume Bl\u00e0zquez,\u00a0<\/span>Jaume Cerd\u00e0 Amengual,\u00a0Guillem Nadal, Carlos Ortiz, Adrian Selles Serra, Paco Grancha Garrido: trompeta<br \/>\nMiquel Gay\u00e0, Miquel Amengual, Xema Borr\u00e0s Sbert, Diego Riudavets: tromb\u00f3n<br \/>\nJoan Frontera Luna, Richard Vinton, Marcos Herrada, Jaume Riera Mestre: piano<br \/>\nFrancisco Javier Gonzalez Garcia, Jaume Rossell\u00f3 Salleras, Miguel Mateu, Joan Palerm: guitarra<br \/>\nMarco Valero: contrabajo<br \/>\nEsteve Huguet, Pep Aspas Peris, Omar Jover Garcia, Pablo S\u00e1nchez P\u00e9rez: bater\u00eda<br \/>\nGerard Olives, Pep Aspas: percusi\u00f3n<\/li>\n<\/ul>\n<p style=\"text-align: center;\"><img loading=\"lazy\" decoding=\"async\" class=\"aligncenter size-large wp-image-34690\" src=\"https:\/\/tomajazz.com\/web\/wp-content\/uploads\/2018\/01\/001-1-600x400.jpg\" alt=\"\" width=\"600\" height=\"400\" title=\"\" srcset=\"https:\/\/tomajazz.com\/web\/wp-content\/uploads\/2018\/01\/001-1.jpg 600w, https:\/\/tomajazz.com\/web\/wp-content\/uploads\/2018\/01\/001-1-200x133.jpg 200w, https:\/\/tomajazz.com\/web\/wp-content\/uploads\/2018\/01\/001-1-83x55.jpg 83w, https:\/\/tomajazz.com\/web\/wp-content\/uploads\/2018\/01\/001-1-60x40.jpg 60w, https:\/\/tomajazz.com\/web\/wp-content\/uploads\/2018\/01\/001-1-120x80.jpg 120w\" sizes=\"auto, (max-width: 600px) 100vw, 600px\" \/> <img loading=\"lazy\" decoding=\"async\" class=\"aligncenter size-large wp-image-34691\" src=\"https:\/\/tomajazz.com\/web\/wp-content\/uploads\/2018\/01\/002-1-600x400.jpg\" alt=\"\" width=\"600\" height=\"400\" title=\"\" srcset=\"https:\/\/tomajazz.com\/web\/wp-content\/uploads\/2018\/01\/002-1.jpg 600w, https:\/\/tomajazz.com\/web\/wp-content\/uploads\/2018\/01\/002-1-200x133.jpg 200w, https:\/\/tomajazz.com\/web\/wp-content\/uploads\/2018\/01\/002-1-83x55.jpg 83w, https:\/\/tomajazz.com\/web\/wp-content\/uploads\/2018\/01\/002-1-60x40.jpg 60w, https:\/\/tomajazz.com\/web\/wp-content\/uploads\/2018\/01\/002-1-120x80.jpg 120w\" sizes=\"auto, (max-width: 600px) 100vw, 600px\" \/> <img loading=\"lazy\" decoding=\"async\" class=\"aligncenter size-large wp-image-34692\" src=\"https:\/\/tomajazz.com\/web\/wp-content\/uploads\/2018\/01\/003-1-600x400.jpg\" alt=\"\" width=\"600\" height=\"400\" title=\"\" srcset=\"https:\/\/tomajazz.com\/web\/wp-content\/uploads\/2018\/01\/003-1.jpg 600w, https:\/\/tomajazz.com\/web\/wp-content\/uploads\/2018\/01\/003-1-200x133.jpg 200w, https:\/\/tomajazz.com\/web\/wp-content\/uploads\/2018\/01\/003-1-83x55.jpg 83w, https:\/\/tomajazz.com\/web\/wp-content\/uploads\/2018\/01\/003-1-60x40.jpg 60w, https:\/\/tomajazz.com\/web\/wp-content\/uploads\/2018\/01\/003-1-120x80.jpg 120w\" sizes=\"auto, (max-width: 600px) 100vw, 600px\" \/> <img loading=\"lazy\" decoding=\"async\" class=\"aligncenter size-large wp-image-34693\" src=\"https:\/\/tomajazz.com\/web\/wp-content\/uploads\/2018\/01\/004-1-600x400.jpg\" alt=\"\" width=\"600\" height=\"400\" title=\"\" srcset=\"https:\/\/tomajazz.com\/web\/wp-content\/uploads\/2018\/01\/004-1.jpg 600w, https:\/\/tomajazz.com\/web\/wp-content\/uploads\/2018\/01\/004-1-200x133.jpg 200w, https:\/\/tomajazz.com\/web\/wp-content\/uploads\/2018\/01\/004-1-83x55.jpg 83w, https:\/\/tomajazz.com\/web\/wp-content\/uploads\/2018\/01\/004-1-60x40.jpg 60w, https:\/\/tomajazz.com\/web\/wp-content\/uploads\/2018\/01\/004-1-120x80.jpg 120w\" sizes=\"auto, (max-width: 600px) 100vw, 600px\" \/> <img loading=\"lazy\" decoding=\"async\" class=\"aligncenter size-large wp-image-34694\" src=\"https:\/\/tomajazz.com\/web\/wp-content\/uploads\/2018\/01\/005-1-600x400.jpg\" alt=\"\" width=\"600\" height=\"400\" title=\"\" srcset=\"https:\/\/tomajazz.com\/web\/wp-content\/uploads\/2018\/01\/005-1.jpg 600w, https:\/\/tomajazz.com\/web\/wp-content\/uploads\/2018\/01\/005-1-200x133.jpg 200w, https:\/\/tomajazz.com\/web\/wp-content\/uploads\/2018\/01\/005-1-83x55.jpg 83w, https:\/\/tomajazz.com\/web\/wp-content\/uploads\/2018\/01\/005-1-60x40.jpg 60w, https:\/\/tomajazz.com\/web\/wp-content\/uploads\/2018\/01\/005-1-120x80.jpg 120w\" sizes=\"auto, (max-width: 600px) 100vw, 600px\" \/> <img loading=\"lazy\" decoding=\"async\" class=\"aligncenter size-large wp-image-34695\" src=\"https:\/\/tomajazz.com\/web\/wp-content\/uploads\/2018\/01\/006-1-600x400.jpg\" alt=\"\" width=\"600\" height=\"400\" title=\"\" srcset=\"https:\/\/tomajazz.com\/web\/wp-content\/uploads\/2018\/01\/006-1.jpg 600w, https:\/\/tomajazz.com\/web\/wp-content\/uploads\/2018\/01\/006-1-200x133.jpg 200w, https:\/\/tomajazz.com\/web\/wp-content\/uploads\/2018\/01\/006-1-83x55.jpg 83w, https:\/\/tomajazz.com\/web\/wp-content\/uploads\/2018\/01\/006-1-60x40.jpg 60w, https:\/\/tomajazz.com\/web\/wp-content\/uploads\/2018\/01\/006-1-120x80.jpg 120w\" sizes=\"auto, (max-width: 600px) 100vw, 600px\" \/> <img loading=\"lazy\" decoding=\"async\" class=\"aligncenter size-large wp-image-34696\" src=\"https:\/\/tomajazz.com\/web\/wp-content\/uploads\/2018\/01\/007-1-600x400.jpg\" alt=\"\" width=\"600\" height=\"400\" title=\"\" srcset=\"https:\/\/tomajazz.com\/web\/wp-content\/uploads\/2018\/01\/007-1.jpg 600w, https:\/\/tomajazz.com\/web\/wp-content\/uploads\/2018\/01\/007-1-200x133.jpg 200w, https:\/\/tomajazz.com\/web\/wp-content\/uploads\/2018\/01\/007-1-83x55.jpg 83w, https:\/\/tomajazz.com\/web\/wp-content\/uploads\/2018\/01\/007-1-60x40.jpg 60w, https:\/\/tomajazz.com\/web\/wp-content\/uploads\/2018\/01\/007-1-120x80.jpg 120w\" sizes=\"auto, (max-width: 600px) 100vw, 600px\" \/> <img loading=\"lazy\" decoding=\"async\" class=\"aligncenter size-large wp-image-34697\" src=\"https:\/\/tomajazz.com\/web\/wp-content\/uploads\/2018\/01\/08-600x400.jpg\" alt=\"\" width=\"600\" height=\"400\" title=\"\" srcset=\"https:\/\/tomajazz.com\/web\/wp-content\/uploads\/2018\/01\/08.jpg 600w, https:\/\/tomajazz.com\/web\/wp-content\/uploads\/2018\/01\/08-200x133.jpg 200w, https:\/\/tomajazz.com\/web\/wp-content\/uploads\/2018\/01\/08-83x55.jpg 83w, https:\/\/tomajazz.com\/web\/wp-content\/uploads\/2018\/01\/08-60x40.jpg 60w, https:\/\/tomajazz.com\/web\/wp-content\/uploads\/2018\/01\/08-120x80.jpg 120w\" sizes=\"auto, (max-width: 600px) 100vw, 600px\" \/> <img loading=\"lazy\" decoding=\"async\" class=\"aligncenter size-large wp-image-34698\" src=\"https:\/\/tomajazz.com\/web\/wp-content\/uploads\/2018\/01\/009-1-600x400.jpg\" alt=\"\" width=\"600\" height=\"400\" title=\"\" srcset=\"https:\/\/tomajazz.com\/web\/wp-content\/uploads\/2018\/01\/009-1.jpg 600w, https:\/\/tomajazz.com\/web\/wp-content\/uploads\/2018\/01\/009-1-200x133.jpg 200w, https:\/\/tomajazz.com\/web\/wp-content\/uploads\/2018\/01\/009-1-83x55.jpg 83w, https:\/\/tomajazz.com\/web\/wp-content\/uploads\/2018\/01\/009-1-60x40.jpg 60w, https:\/\/tomajazz.com\/web\/wp-content\/uploads\/2018\/01\/009-1-120x80.jpg 120w\" sizes=\"auto, (max-width: 600px) 100vw, 600px\" \/> <img loading=\"lazy\" decoding=\"async\" class=\"aligncenter size-large wp-image-34699\" src=\"https:\/\/tomajazz.com\/web\/wp-content\/uploads\/2018\/01\/010-1-600x400.jpg\" alt=\"\" width=\"600\" height=\"400\" title=\"\" srcset=\"https:\/\/tomajazz.com\/web\/wp-content\/uploads\/2018\/01\/010-1.jpg 600w, https:\/\/tomajazz.com\/web\/wp-content\/uploads\/2018\/01\/010-1-200x133.jpg 200w, https:\/\/tomajazz.com\/web\/wp-content\/uploads\/2018\/01\/010-1-83x55.jpg 83w, https:\/\/tomajazz.com\/web\/wp-content\/uploads\/2018\/01\/010-1-60x40.jpg 60w, https:\/\/tomajazz.com\/web\/wp-content\/uploads\/2018\/01\/010-1-120x80.jpg 120w\" sizes=\"auto, (max-width: 600px) 100vw, 600px\" \/><\/p>\n<p style=\"text-align: right;\"><strong>Tomajazz<\/strong>:\u00a0<strong>\u00a9\u00a0<a href=\"https:\/\/www.flickr.com\/photos\/joseluisluna1958\/\" target=\"_blank\" rel=\"noopener noreferrer\">Jos\u00e9 Luis Luna Rocafort<\/a>, 2018<\/strong><\/p>\n","protected":false},"excerpt":{"rendered":"<p>Fecha: S\u00e1bado, 13 de enero de 2018. 21:00h. Lugar: Teatre Xesc Forteza. Palma de Mallorca. Formaci\u00f3n: Sergi Verg\u00e9s y la Big Band del Conservatori de Palma. Sergi Verg\u00e9s: direcci\u00f3n, arreglos Ivan Caro: flabiol sec,tambor\u00ed, gralla dol\u00e7a, ocarina, caramella, pandereta Alfredo Ardanaz: viol\u00edn Carlos Sanchis: acorde\u00f3n Margulis Rotger, Roger &#8216;Pistola&#8217;, Mas\u00e9<span class=\"more-link\"><a href=\"https:\/\/tomajazz.com\/web\/instantzz-sergi-verges-y-la-big-band-del-conservatori-de-palma-teatre-xesc-forteza-palma-de-mallorca-2018-01-13-galeria-fotografica\/\">Contin\u00faa leyendo<\/a><\/span><\/p>\n","protected":false},"author":1,"featured_media":34698,"comment_status":"open","ping_status":"closed","sticky":false,"template":"","format":"standard","meta":{"jetpack_post_was_ever_published":false,"_jetpack_newsletter_access":"","_jetpack_dont_email_post_to_subs":false,"_jetpack_newsletter_tier_id":0,"_jetpack_memberships_contains_paywalled_content":false,"_jetpack_memberships_contains_paid_content":false,"footnotes":""},"categories":[17846,11262,15516,11261,1038],"tags":[20772,20758,11558,20761,20769,20771,20754,20767,11549,20783,20778,20787,20759,12147,20764,20308,11553,20770,20777,20779,20775,20781,20768,20765,20782,19274,20755,20766,20757,20780,12145,20762,19264,20760,20785,20786,20773,19275,20784,20776,20756,10058,20753,20763,20774],"class_list":["entry","author-pachi","post-34689","post","type-post","status-publish","format-standard","has-post-thumbnail","category-jose-luis-luna-rocafort","category-photoblogs","category-imagenes","category-instantzz","category-contenidos","tag-adrian-selles-serra","tag-alejandra-cabello","tag-alfredo-ardanaz","tag-angel-rivero","tag-carla-pla","tag-carlos-ortiz","tag-carlos-sanchis","tag-cati-pico-ximelis","tag-diego-riudavets","tag-esteve-huguet","tag-francisco-javier-gonzalez-garcia","tag-gerard-olives","tag-guillem-calvillo","tag-guillem-nadal","tag-isaac-verdu","tag-ivan-caro","tag-jaume-blazquez","tag-jaume-cerda-amengual","tag-jaume-riera-mestre","tag-jaume-rossello-salleras","tag-joan-frontera-luna","tag-joan-palerm","tag-lupe-vidal","tag-marc-forteza","tag-marco-valero","tag-marcos-herrada","tag-margulis-rotger","tag-marta-alcover","tag-mase-jara-llinas","tag-miguel-mateu","tag-miquel-amengual","tag-miquel-angel-rigo-roig","tag-miquel-gaya","tag-nacho-tomillo","tag-omar-jover-garcia","tag-pablo-sanchez-perez","tag-paco-grancha-garrido","tag-pep-aspas","tag-pep-aspas-peris","tag-richard-vinton","tag-roger-pistola","tag-sergi-verges","tag-sergi-verges-y-la-big-band-del-conservatori-de-palma","tag-simone-geda","tag-xema-borras-sbert"],"jetpack_featured_media_url":"https:\/\/tomajazz.com\/web\/wp-content\/uploads\/2018\/01\/009-1.jpg","jetpack_likes_enabled":true,"jetpack_sharing_enabled":true,"jetpack-related-posts":[{"id":48669,"url":"https:\/\/tomajazz.com\/web\/instantzz-glissando-big-band-4o-alternatilla-jazz-in-mallorca-galeria-fotografica\/","url_meta":{"origin":34689,"position":0},"title":"INSTANTZZ: Glissando Big Band (4\u00ba Alternatilla Jazz in Mallorca) [Galer\u00eda fotogr\u00e1fica]","author":"Tomajazz","date":"24 enero, 2020","format":false,"excerpt":"Jos\u00e9 Luis Luna Rocafort termina con las im\u00e1genes de la actuaci\u00f3n de la Glissando Big Band, su repaso visual al 4\u00ba Alternatilla Jazz in Mallorca en el fotoblog INSTANTZZ.","rel":"","context":"En \u00abFotoblog - Galer\u00eda fotogr\u00e1fica\u00bb","block_context":{"text":"Fotoblog - Galer\u00eda fotogr\u00e1fica","link":"https:\/\/tomajazz.com\/web\/category\/contenidos\/imagenes\/photoblogs\/"},"img":{"alt_text":"","src":"https:\/\/i0.wp.com\/tomajazz.com\/web\/wp-content\/uploads\/2020\/01\/001-9.jpg?resize=350%2C200&ssl=1","width":350,"height":200,"srcset":"https:\/\/i0.wp.com\/tomajazz.com\/web\/wp-content\/uploads\/2020\/01\/001-9.jpg?resize=350%2C200&ssl=1 1x, https:\/\/i0.wp.com\/tomajazz.com\/web\/wp-content\/uploads\/2020\/01\/001-9.jpg?resize=525%2C300&ssl=1 1.5x"},"classes":[]},{"id":17062,"url":"https:\/\/tomajazz.com\/web\/glissando-big-band-sergi-verges-teatre-de-manacor-manacor-teatre-xesc-forteza-palma-de-mallorca-mallorca-2015-02-0607\/","url_meta":{"origin":34689,"position":1},"title":"Glissando Big Band + Sergi Verg\u00e8s (Teatre de Manacor, Manacor \/ Teatre Xesc Forteza, Palma de Mallorca. Mallorca. 2015-02-06\/07)","author":"Jes\u00fas Mateu Rossell\u00f3","date":"16 febrero, 2015","format":false,"excerpt":"Lugares y Fechas: Concierto: Teatre de Manacor, Manacor, Mallorca. Domingo 8 de febrero de 2015 Fotograf\u00edas:\u00a0Teatre Xesc Forteza, Palma de Mallorca, Mallorca. Viernes 6 de febrero de 2015 Formaci\u00f3n: Glissando Big Band + Sergi Verg\u00e8s Jaume Riera: piano Joan Garcies: contrabajo Salvador Font: bater\u00eda Guillem Fullana: guitarra Kiko Guerrero: saxo\u2026","rel":"","context":"En \u00ab*_Jes\u00fas Mateu Rossell\u00f3\u00bb","block_context":{"text":"*_Jes\u00fas Mateu Rossell\u00f3","link":"https:\/\/tomajazz.com\/web\/category\/jesus-mateu-rossello\/"},"img":{"alt_text":"","src":"https:\/\/i0.wp.com\/tomajazz.com\/web\/wp-content\/uploads\/2015\/02\/01-Glissando-Big-Band-600.jpg?resize=350%2C200&ssl=1","width":350,"height":200,"srcset":"https:\/\/i0.wp.com\/tomajazz.com\/web\/wp-content\/uploads\/2015\/02\/01-Glissando-Big-Band-600.jpg?resize=350%2C200&ssl=1 1x, https:\/\/i0.wp.com\/tomajazz.com\/web\/wp-content\/uploads\/2015\/02\/01-Glissando-Big-Band-600.jpg?resize=525%2C300&ssl=1 1.5x"},"classes":[]},{"id":45094,"url":"https:\/\/tomajazz.com\/web\/instantzz-glissando-big-band-25o-mallorca-jazz-sa-pobla-2019-08-13-galeria-fotografica\/","url_meta":{"origin":34689,"position":2},"title":"INSTANTZZ: Glissando Big Band (25\u00ba Mallorca Jazz Sa Pobla. 2019-08-13) [Galer\u00eda fotogr\u00e1fica]","author":"Tomajazz","date":"19 agosto, 2019","format":false,"excerpt":"Por\u00a0Jos\u00e9 Luis Luna Rocafort. Fecha: Martes, 13 de agosto de 2019. 22:30h. Lugar: Sa Pobla. Mallorca 25\u00ba Mallorca Jazz Sa Pobla Grupo: Glissando Big Band Toni Vaquer: direcci\u00f3n y arreglos Guillem Nadal, Julian Abad, Jaume Bl\u00e0zquez, Pep Garau: trompeta, fliscorno Miguel Mois\u00e9s, Miquel Amengual, Joan Amengual: tromb\u00f3n Miquel Gay\u00e0: tromb\u00f3n\u2026","rel":"","context":"En \u00ab*_Jos\u00e9 Luis Luna Rocafort\u00bb","block_context":{"text":"*_Jos\u00e9 Luis Luna Rocafort","link":"https:\/\/tomajazz.com\/web\/category\/jose-luis-luna-rocafort\/"},"img":{"alt_text":"","src":"https:\/\/i0.wp.com\/tomajazz.com\/web\/wp-content\/uploads\/2019\/08\/001-6.jpg?resize=350%2C200&ssl=1","width":350,"height":200,"srcset":"https:\/\/i0.wp.com\/tomajazz.com\/web\/wp-content\/uploads\/2019\/08\/001-6.jpg?resize=350%2C200&ssl=1 1x, https:\/\/i0.wp.com\/tomajazz.com\/web\/wp-content\/uploads\/2019\/08\/001-6.jpg?resize=525%2C300&ssl=1 1.5x"},"classes":[]},{"id":52222,"url":"https:\/\/tomajazz.com\/web\/instantzz-glissando-big-band-xx-alcudiajazz-festival-mallorca-2020-09-18-galeria-fotografica-aka-fotoblog-de-jazz-impro-y-algo-mas-por-jose-luis-luna-rocafort\/","url_meta":{"origin":34689,"position":3},"title":"INSTANTZZ: Glissando Big Band (XX Alc\u00fadiaJazz\u00a0Festival, Mallorca. 2020-09-18) [Galer\u00eda fotogr\u00e1fica AKA Fotoblog de jazz, impro\u2026 y algo m\u00e1s] Por Jos\u00e9 Luis Luna Rocafort","author":"Tomajazz","date":"23 septiembre, 2020","format":false,"excerpt":"Jos\u00e9 Luis Luna Rocafort retrata en INSTANTZZ, la actuaci\u00f3n de Glissando Big Band en XX Alc\u00fadiaJazz Festival (Alc\u00fadia, Mallorca).","rel":"","context":"En \u00abFotoblog - Galer\u00eda fotogr\u00e1fica\u00bb","block_context":{"text":"Fotoblog - Galer\u00eda fotogr\u00e1fica","link":"https:\/\/tomajazz.com\/web\/category\/contenidos\/imagenes\/photoblogs\/"},"img":{"alt_text":"","src":"https:\/\/i0.wp.com\/tomajazz.com\/web\/wp-content\/uploads\/2020\/09\/016-3.jpg?resize=350%2C200&ssl=1","width":350,"height":200,"srcset":"https:\/\/i0.wp.com\/tomajazz.com\/web\/wp-content\/uploads\/2020\/09\/016-3.jpg?resize=350%2C200&ssl=1 1x, https:\/\/i0.wp.com\/tomajazz.com\/web\/wp-content\/uploads\/2020\/09\/016-3.jpg?resize=525%2C300&ssl=1 1.5x"},"classes":[]},{"id":44804,"url":"https:\/\/tomajazz.com\/web\/instantzz-glissando-big-band-inca-jazz-2019-mallorca-2019-07-28-galeria-fotografica\/","url_meta":{"origin":34689,"position":4},"title":"INSTANTZZ: Glissando Big Band (Inca Jazz 2019. Mallorca. 2019-07-28) [Galer\u00eda fotogr\u00e1fica]","author":"Tomajazz","date":"5 agosto, 2019","format":false,"excerpt":"Por\u00a0Jos\u00e9 Luis Luna Rocafort. Fecha: Domingo, 28 de julio de 2019. 21:00h. Lugar: Claustre de Sant Domingo. Inca. Festival: Inca Jazz 2019 Grupo: Glissando Big Band Toni Vaquer: direcci\u00f3n y arreglos Guillem Nadal, Julian Abad, Jaume Bl\u00e0zquez, Maria Ant\u00f2nia Gili: trompeta, fliscorno Miguel Mois\u00e9s, Miquel Amengual, Joan Amengual: tromb\u00f3n Miquel\u2026","rel":"","context":"En \u00ab*_Jos\u00e9 Luis Luna Rocafort\u00bb","block_context":{"text":"*_Jos\u00e9 Luis Luna Rocafort","link":"https:\/\/tomajazz.com\/web\/category\/jose-luis-luna-rocafort\/"},"img":{"alt_text":"","src":"https:\/\/i0.wp.com\/tomajazz.com\/web\/wp-content\/uploads\/2019\/08\/001-1.jpg?resize=350%2C200&ssl=1","width":350,"height":200,"srcset":"https:\/\/i0.wp.com\/tomajazz.com\/web\/wp-content\/uploads\/2019\/08\/001-1.jpg?resize=350%2C200&ssl=1 1x, https:\/\/i0.wp.com\/tomajazz.com\/web\/wp-content\/uploads\/2019\/08\/001-1.jpg?resize=525%2C300&ssl=1 1.5x"},"classes":[]},{"id":105083,"url":"https:\/\/tomajazz.com\/web\/mopia-xesc-forteza-palma-2026\/","url_meta":{"origin":34689,"position":5},"title":"M\u00f2pia (Teatre Xesc Forteza. Palma. 2026-04-24)  Por Jos\u00e9 Luis Luna Rocafort [INSTANTZZ AKA Galer\u00eda fotogr\u00e1fica AKA Fotoblog de jazz, impro\u2026 y algo m\u00e1s]","author":"Tomajazz","date":"27 abril, 2026","format":false,"excerpt":"M\u00f2pia present\u00f3 en Teatre Xesc Forteza de Palma su primera grabaci\u00f3n. Fue el 24 de abril de 2026. Jos\u00e9 Luis Luna Rocafort lo retrata en INSTANTZZ. M\u00f2pia son Josep Oliver, Jaume Rossell\u00f3, Pere Miquel Molina, Miki Ramon, Javier Nieto, Tom\u00e0s Montero, Jaume Bl\u00e0zquez, Samuel Mart\u00ednez, Dialen Niang Ka:, Sergio Vicente,\u2026","rel":"","context":"En \u00ab*_Jos\u00e9 Luis Luna Rocafort\u00bb","block_context":{"text":"*_Jos\u00e9 Luis Luna Rocafort","link":"https:\/\/tomajazz.com\/web\/category\/jose-luis-luna-rocafort\/"},"img":{"alt_text":"M\u00f2pia (Teatre Xesc Forteza. Palma. 2026-04-24)  Por Jos\u00e9 Luis Luna Rocafort [INSTANTZZ AKA Galer\u00eda fotogr\u00e1fica AKA Fotoblog de jazz, impro\u2026 y algo m\u00e1s] - Tomajazz - M\u00f2pia present\u00f3 en Teatre Xesc Forteza de Palma su primera grabaci\u00f3n. Fue el 24 de abril de 2026. Jos\u00e9 Luis Luna Rocafort lo retrata en INSTANTZZ. M\u00f2pia son Josep Oliver, Jaume Rossell\u00f3, Pere Miquel Molina, Miki Ramon, Javier Nieto, Tom\u00e0s Montero, Jaume Bl\u00e0zquez, Samuel Mart\u00ednez, Dialen Niang Ka:, Sergio Vicente, Diego Riudavets, Joan Frontera, Josep Sina, Toni Beltr\u00e1n","src":"https:\/\/i0.wp.com\/tomajazz.com\/web\/wp-content\/uploads\/2026\/04\/013-1.jpg?resize=350%2C200&ssl=1","width":350,"height":200,"srcset":"https:\/\/i0.wp.com\/tomajazz.com\/web\/wp-content\/uploads\/2026\/04\/013-1.jpg?resize=350%2C200&ssl=1 1x, https:\/\/i0.wp.com\/tomajazz.com\/web\/wp-content\/uploads\/2026\/04\/013-1.jpg?resize=525%2C300&ssl=1 1.5x"},"classes":[]}],"_links":{"self":[{"href":"https:\/\/tomajazz.com\/web\/wp-json\/wp\/v2\/posts\/34689","targetHints":{"allow":["GET"]}}],"collection":[{"href":"https:\/\/tomajazz.com\/web\/wp-json\/wp\/v2\/posts"}],"about":[{"href":"https:\/\/tomajazz.com\/web\/wp-json\/wp\/v2\/types\/post"}],"author":[{"embeddable":true,"href":"https:\/\/tomajazz.com\/web\/wp-json\/wp\/v2\/users\/1"}],"replies":[{"embeddable":true,"href":"https:\/\/tomajazz.com\/web\/wp-json\/wp\/v2\/comments?post=34689"}],"version-history":[{"count":2,"href":"https:\/\/tomajazz.com\/web\/wp-json\/wp\/v2\/posts\/34689\/revisions"}],"predecessor-version":[{"id":34752,"href":"https:\/\/tomajazz.com\/web\/wp-json\/wp\/v2\/posts\/34689\/revisions\/34752"}],"wp:featuredmedia":[{"embeddable":true,"href":"https:\/\/tomajazz.com\/web\/wp-json\/wp\/v2\/media\/34698"}],"wp:attachment":[{"href":"https:\/\/tomajazz.com\/web\/wp-json\/wp\/v2\/media?parent=34689"}],"wp:term":[{"taxonomy":"category","embeddable":true,"href":"https:\/\/tomajazz.com\/web\/wp-json\/wp\/v2\/categories?post=34689"},{"taxonomy":"post_tag","embeddable":true,"href":"https:\/\/tomajazz.com\/web\/wp-json\/wp\/v2\/tags?post=34689"}],"curies":[{"name":"wp","href":"https:\/\/api.w.org\/{rel}","templated":true}]}}