{"id":35216,"date":"2018-02-18T12:00:18","date_gmt":"2018-02-18T11:00:18","guid":{"rendered":"https:\/\/www.tomajazz.com\/web\/?p=35216"},"modified":"2022-09-24T18:21:26","modified_gmt":"2022-09-24T16:21:26","slug":"razones-para-el-jazz-un-disco-atmosphere-for-lovers-and-thieves-ben-webster-387","status":"publish","type":"post","link":"https:\/\/tomajazz.com\/web\/razones-para-el-jazz-un-disco-atmosphere-for-lovers-and-thieves-ben-webster-387\/","title":{"rendered":"Razones para el jazz: un disco. Atmosphere for lovers and thieves (Ben Webster) [387]"},"content":{"rendered":"<p><img loading=\"lazy\" decoding=\"async\" class=\"alignleft wp-image-35217 size-medium\" src=\"https:\/\/tomajazz.com\/web\/wp-content\/uploads\/2018\/02\/Ben-Webster_Atmosphere-For-Lovers-And-Thieves-200x199.jpg\" alt=\"\" width=\"200\" height=\"199\" title=\"\" srcset=\"https:\/\/tomajazz.com\/web\/wp-content\/uploads\/2018\/02\/Ben-Webster_Atmosphere-For-Lovers-And-Thieves-200x199.jpg 200w, https:\/\/tomajazz.com\/web\/wp-content\/uploads\/2018\/02\/Ben-Webster_Atmosphere-For-Lovers-And-Thieves-150x150.jpg 150w, https:\/\/tomajazz.com\/web\/wp-content\/uploads\/2018\/02\/Ben-Webster_Atmosphere-For-Lovers-And-Thieves.jpg 600w, https:\/\/tomajazz.com\/web\/wp-content\/uploads\/2018\/02\/Ben-Webster_Atmosphere-For-Lovers-And-Thieves-55x55.jpg 55w, https:\/\/tomajazz.com\/web\/wp-content\/uploads\/2018\/02\/Ben-Webster_Atmosphere-For-Lovers-And-Thieves-50x50.jpg 50w\" sizes=\"auto, (max-width: 200px) 100vw, 200px\" \/>Un disco.\u00a0<strong>Ben Webster<\/strong>:\u00a0<em>Atmosphere for lovers and thieves<\/em> (<em>Pure Pleasure\/Black Lion | BLPP 30105,\u00a0<\/em>1971)<\/p>\n<p>\u00c1lbum en vinilo, de 1971. Ocho temas grabados por Ben Wesbter en el Jazzhus Montmartre de Copenhague en Septiembre de 1965. <em>M\u00fasica para amantes y ladrones<\/em>, relajada, intimista y sensual. Atm\u00f3sferas para la evasi\u00f3n nocturna.<\/p>\n<p>El \u00e1lbum se reedit\u00f3 en CD en su momento, pero ahora es dif\u00edcil de encontrar en este formato. Los ochos temas est\u00e1n incluidos en otro \u00e1lbum que recoge m\u00fasica grabada en tres sesiones distintas celebradas en el Jazzhus Montmartre de Copenhague, <em>Ben Webster in Copenhagen<\/em>, (Jazz colours 874739-2). Tambi\u00e9n en el \u00e1lbum, <em>Ben Webster Live at the Jazzhus Montmatre, vol, 1 y 2.<\/em><\/p>\n<p><strong><em>Atmosphere for lovers and thieves<\/em><\/strong> se ha vuelto a reeditar en vinilo de 180 gr.<\/p>\n<p>Una muestra, \u201cAutumn Leaves\u201d:<\/p>\n<p><iframe loading=\"lazy\" src=\"https:\/\/www.youtube.com\/embed\/w6QpVGF6v6M\" width=\"560\" height=\"315\" frameborder=\"0\" allowfullscreen=\"allowfullscreen\"><\/iframe><\/p>\n<p>Seleccionado y comentado por <strong>Juli\u00e1n Ruesga Bono<\/strong><\/p>\n","protected":false},"excerpt":{"rendered":"<p>Un disco.\u00a0Ben Webster:\u00a0Atmosphere for lovers and thieves (Pure Pleasure\/Black Lion | BLPP 30105,\u00a01971) \u00c1lbum en vinilo, de 1971. Ocho temas grabados por Ben Wesbter en el Jazzhus Montmartre de Copenhague en Septiembre de 1965. M\u00fasica para amantes y ladrones, relajada, intimista y sensual. Atm\u00f3sferas para la evasi\u00f3n nocturna. El \u00e1lbum<span class=\"more-link\"><a href=\"https:\/\/tomajazz.com\/web\/razones-para-el-jazz-un-disco-atmosphere-for-lovers-and-thieves-ben-webster-387\/\">Contin\u00faa leyendo<\/a><\/span><\/p>\n","protected":false},"author":1,"featured_media":35217,"comment_status":"open","ping_status":"closed","sticky":false,"template":"","format":"standard","meta":{"jetpack_post_was_ever_published":false,"_jetpack_newsletter_access":"","_jetpack_dont_email_post_to_subs":false,"_jetpack_newsletter_tier_id":0,"_jetpack_memberships_contains_paywalled_content":false,"_jetpack_memberships_contains_paid_content":false,"footnotes":""},"categories":[17854,20689,15517,1038],"tags":[2340,603],"class_list":["entry","author-pachi","post-35216","post","type-post","status-publish","format-standard","has-post-thumbnail","category-julian-ruesga-bono","category-razones-para-el-jazz","category-textos","category-contenidos","tag-webster-ben","tag-julian-ruesga-bono"],"jetpack_featured_media_url":"https:\/\/tomajazz.com\/web\/wp-content\/uploads\/2018\/02\/Ben-Webster_Atmosphere-For-Lovers-And-Thieves.jpg","jetpack_likes_enabled":true,"jetpack_sharing_enabled":true,"jetpack-related-posts":[{"id":39914,"url":"https:\/\/tomajazz.com\/web\/instantzz-katrine-madsen-kvartet-jazzhus-montmartre-copenhagen-dinamarca-2018-08-17-galeria-fotografica\/","url_meta":{"origin":35216,"position":0},"title":"INSTANTZZ: Katrine Madsen Kvartet (Jazzhus Montmartre, Copenhagen \u2013Dinamarca-. 2018-08-17) [Galer\u00eda fotogr\u00e1fica]","author":"Tomajazz","date":"20 noviembre, 2018","format":false,"excerpt":"Por\u00a0Joan Cort\u00e8s. Fecha: Viernes, 31 de agosto de 2018 Lugar: Jazzhus Montmartre (Copenhagen \u2013Dinamarca-) Grupo: Katrine Madsen Kvartet Katrine Madsen, voz Henrik Gunde, piano Jesper Bodilsen, contrabajo Jonas Johansen, bater\u00eda Tomajazz:\u00a0\u00a9\u00a0Joan Cort\u00e8s, 2018","rel":"","context":"En \u00ab*_Joan Cort\u00e8s\u00bb","block_context":{"text":"*_Joan Cort\u00e8s","link":"https:\/\/tomajazz.com\/web\/category\/joan-cortes\/"},"img":{"alt_text":"","src":"https:\/\/i0.wp.com\/tomajazz.com\/web\/wp-content\/uploads\/2018\/11\/09_Ktrn-Mdsn-Kvrtt_31ago18_Jzzhs-Mntmrtr_Cpnhgn.jpg?resize=350%2C200&ssl=1","width":350,"height":200,"srcset":"https:\/\/i0.wp.com\/tomajazz.com\/web\/wp-content\/uploads\/2018\/11\/09_Ktrn-Mdsn-Kvrtt_31ago18_Jzzhs-Mntmrtr_Cpnhgn.jpg?resize=350%2C200&ssl=1 1x, https:\/\/i0.wp.com\/tomajazz.com\/web\/wp-content\/uploads\/2018\/11\/09_Ktrn-Mdsn-Kvrtt_31ago18_Jzzhs-Mntmrtr_Cpnhgn.jpg?resize=525%2C300&ssl=1 1.5x"},"classes":[]},{"id":26903,"url":"https:\/\/tomajazz.com\/web\/duke-ellington-v-la-odisea-de-la-musica-afroamericana-068-podcast\/","url_meta":{"origin":35216,"position":1},"title":"Duke Ellington (V). La Odisea de la M\u00fasica Afroamericana (068) [Podcast]","author":"Tomajazz","date":"17 octubre, 2016","format":false,"excerpt":"La quinta entrega de La Odisea de la M\u00fasica Afroamericana dedicada a la figura de Duke Ellington contin\u00faa realizando un repaso por los grandes solistas de las orquestas del Duque. La Odisea de la M\u00fasica Afroamericana es un programa de radio dirigido, presentado y producido por Luis Escalante Ozalla, autor\u2026","rel":"","context":"En \u00ab*_Luis Escalante Ozalla\u00bb","block_context":{"text":"*_Luis Escalante Ozalla","link":"https:\/\/tomajazz.com\/web\/category\/luis-escalante-ozalla\/"},"img":{"alt_text":"","src":"https:\/\/i0.wp.com\/tomajazz.com\/web\/wp-content\/uploads\/2016\/10\/Duke_Ellington_Aventure_du_Jazz-e1476618183564.jpg?resize=350%2C200&ssl=1","width":350,"height":200,"srcset":"https:\/\/i0.wp.com\/tomajazz.com\/web\/wp-content\/uploads\/2016\/10\/Duke_Ellington_Aventure_du_Jazz-e1476618183564.jpg?resize=350%2C200&ssl=1 1x, https:\/\/i0.wp.com\/tomajazz.com\/web\/wp-content\/uploads\/2016\/10\/Duke_Ellington_Aventure_du_Jazz-e1476618183564.jpg?resize=525%2C300&ssl=1 1.5x, https:\/\/i0.wp.com\/tomajazz.com\/web\/wp-content\/uploads\/2016\/10\/Duke_Ellington_Aventure_du_Jazz-e1476618183564.jpg?resize=700%2C400&ssl=1 2x"},"classes":[]},{"id":30801,"url":"https:\/\/tomajazz.com\/web\/365-razones-para-amar-el-jazz-un-disco-gentle-ben-ben-webster-tete-montoliu-156\/","url_meta":{"origin":35216,"position":2},"title":"365 razones para amar el jazz: un disco. Gentle Ben (Ben Webster &#8211; Tete Montoliu) [156]","author":"Tomajazz","date":"5 junio, 2017","format":false,"excerpt":"Un disco. Ben Webster - Tete Montoliu:\u00a0Gentle Ben (Ensayo, 1972) Seleccionado por Juanma Castro Medina Con Ben Webster, Tete Montoliu, Eric Peter, Peer Wyboris","rel":"","context":"En \u00ab*_Juanma Castro Medina\u00bb","block_context":{"text":"*_Juanma Castro Medina","link":"https:\/\/tomajazz.com\/web\/category\/juanma-castro-medina\/"},"img":{"alt_text":"","src":"https:\/\/i0.wp.com\/tomajazz.com\/web\/wp-content\/uploads\/2017\/06\/Ben-Webster-Tete-Montoliu-Trio_Gentle-Ben_Ensayo_1972.jpg?resize=350%2C200&ssl=1","width":350,"height":200},"classes":[]},{"id":32193,"url":"https:\/\/tomajazz.com\/web\/hdo-306-una-hora-con-billie-holiday-podcast\/","url_meta":{"origin":35216,"position":3},"title":"HDO 307. Una hora con&#8230; Billie Holiday [Podcast]","author":"Tomajazz","date":"10 septiembre, 2017","format":false,"excerpt":"En agosto de 1956 y enero de 1957 tuvieron lugar las \u00faltimas sesiones de grabaci\u00f3n de Billie Holiday producidas por\u00a0Norman Granz. Adem\u00e1s de un repertorio de cl\u00e1sicos incontestables, el productor eligi\u00f3 como acompa\u00f1antes de\u00a0Lady Day a unos m\u00fasicos de tanto nivel como Ben Webster (saxo tenor), Harry \"Sweets\" Edison (trompeta),\u2026","rel":"","context":"En \u00ab*_Pachi Tapiz\u00bb","block_context":{"text":"*_Pachi Tapiz","link":"https:\/\/tomajazz.com\/web\/category\/pachi-tapiz\/"},"img":{"alt_text":"","src":"https:\/\/i0.wp.com\/tomajazz.com\/web\/wp-content\/uploads\/2017\/09\/Billie-Holiday_Songs-For-Distingu%C3%A9-Lovers.jpg?resize=350%2C200&ssl=1","width":350,"height":200,"srcset":"https:\/\/i0.wp.com\/tomajazz.com\/web\/wp-content\/uploads\/2017\/09\/Billie-Holiday_Songs-For-Distingu%C3%A9-Lovers.jpg?resize=350%2C200&ssl=1 1x, https:\/\/i0.wp.com\/tomajazz.com\/web\/wp-content\/uploads\/2017\/09\/Billie-Holiday_Songs-For-Distingu%C3%A9-Lovers.jpg?resize=525%2C300&ssl=1 1.5x"},"classes":[]},{"id":39751,"url":"https:\/\/tomajazz.com\/web\/instantzz-taylor-wakenius-wakenius-guitar-extravaganzajazzhus-montmartre-copenhague-dinamarca-2018-08-17-galeria-fotografica\/","url_meta":{"origin":35216,"position":4},"title":"INSTANTZZ: Taylor-Wakenius-Wakenius \u201cGuitar Extravaganza\u201d(Jazzhus Montmartre, Copenhague \u2013Dinamarca-. 2018-08-17) [Galer\u00eda fotogr\u00e1fica]","author":"Tomajazz","date":"13 noviembre, 2018","format":false,"excerpt":"Por\u00a0Joan Cort\u00e8s. Fecha: Viernes, 17 de agosto de 2018 Lugar: Jazzhus Montmartre (Copenhague \u2013Dinamarca-)) Grupo: Taylor-Wakenius-Wakenius Martin Taylor, guitarra Ulf Wakenius, guitarras Eric Wakenius, guitarra y voz Tomajazz:\u00a0\u00a9\u00a0Joan Cort\u00e8s, 2018","rel":"","context":"En \u00ab*_Joan Cort\u00e8s\u00bb","block_context":{"text":"*_Joan Cort\u00e8s","link":"https:\/\/tomajazz.com\/web\/category\/joan-cortes\/"},"img":{"alt_text":"","src":"https:\/\/i0.wp.com\/tomajazz.com\/web\/wp-content\/uploads\/2018\/11\/02_Tyl-Wkns-Wkns-%C2%A9Joan-Cort%C3%A8s_17ago18_JzzHsMntmrtr_Cpnhg.jpg?resize=350%2C200&ssl=1","width":350,"height":200,"srcset":"https:\/\/i0.wp.com\/tomajazz.com\/web\/wp-content\/uploads\/2018\/11\/02_Tyl-Wkns-Wkns-%C2%A9Joan-Cort%C3%A8s_17ago18_JzzHsMntmrtr_Cpnhg.jpg?resize=350%2C200&ssl=1 1x, https:\/\/i0.wp.com\/tomajazz.com\/web\/wp-content\/uploads\/2018\/11\/02_Tyl-Wkns-Wkns-%C2%A9Joan-Cort%C3%A8s_17ago18_JzzHsMntmrtr_Cpnhg.jpg?resize=525%2C300&ssl=1 1.5x"},"classes":[]},{"id":12455,"url":"https:\/\/tomajazz.com\/web\/tomajazz-recomienda-un-cddvd-during-this-time-oscar-peterson-ben-webster-1972\/","url_meta":{"origin":35216,"position":5},"title":"Tomajazz recomienda&#8230; un CD\/DVD: During This Time (Oscar Peterson, Ben Webster, 1972)","author":"Tomajazz","date":"2 junio, 2014","format":false,"excerpt":"14 de diciembre de 1972. La NDR (la radiotelevisi\u00f3n p\u00fablica del norte de Alemania) celebra su octog\u00e9simo cuarto Jazz Workshop. Unas citas jazz\u00edsticas que hab\u00edan comenzado el 21 de febrero de 1958 con la participaci\u00f3n, entre otros, de Albert Mansgeldorff y Attila Zoller. Veinticuatro a\u00f1os m\u00e1s tarde los invitados a\u2026","rel":"","context":"En \u00ab*_Adolphus van Tenzing\u00bb","block_context":{"text":"*_Adolphus van Tenzing","link":"https:\/\/tomajazz.com\/web\/category\/adolphus-van-tenzing\/"},"img":{"alt_text":"","src":"https:\/\/i0.wp.com\/tomajazz.com\/web\/wp-content\/uploads\/2014\/05\/Oscar-Peterson-Ben-Webster-During-This-Time.jpg?resize=350%2C200&ssl=1","width":350,"height":200},"classes":[]}],"_links":{"self":[{"href":"https:\/\/tomajazz.com\/web\/wp-json\/wp\/v2\/posts\/35216","targetHints":{"allow":["GET"]}}],"collection":[{"href":"https:\/\/tomajazz.com\/web\/wp-json\/wp\/v2\/posts"}],"about":[{"href":"https:\/\/tomajazz.com\/web\/wp-json\/wp\/v2\/types\/post"}],"author":[{"embeddable":true,"href":"https:\/\/tomajazz.com\/web\/wp-json\/wp\/v2\/users\/1"}],"replies":[{"embeddable":true,"href":"https:\/\/tomajazz.com\/web\/wp-json\/wp\/v2\/comments?post=35216"}],"version-history":[{"count":1,"href":"https:\/\/tomajazz.com\/web\/wp-json\/wp\/v2\/posts\/35216\/revisions"}],"predecessor-version":[{"id":35218,"href":"https:\/\/tomajazz.com\/web\/wp-json\/wp\/v2\/posts\/35216\/revisions\/35218"}],"wp:featuredmedia":[{"embeddable":true,"href":"https:\/\/tomajazz.com\/web\/wp-json\/wp\/v2\/media\/35217"}],"wp:attachment":[{"href":"https:\/\/tomajazz.com\/web\/wp-json\/wp\/v2\/media?parent=35216"}],"wp:term":[{"taxonomy":"category","embeddable":true,"href":"https:\/\/tomajazz.com\/web\/wp-json\/wp\/v2\/categories?post=35216"},{"taxonomy":"post_tag","embeddable":true,"href":"https:\/\/tomajazz.com\/web\/wp-json\/wp\/v2\/tags?post=35216"}],"curies":[{"name":"wp","href":"https:\/\/api.w.org\/{rel}","templated":true}]}}