{"id":35435,"date":"2018-03-01T11:00:51","date_gmt":"2018-03-01T10:00:51","guid":{"rendered":"https:\/\/www.tomajazz.com\/web\/?p=35435"},"modified":"2022-09-24T18:03:53","modified_gmt":"2022-09-24T16:03:53","slug":"hdo-379-en-concierto-con-christoph-irniger-pilgrim-podcast","status":"publish","type":"post","link":"https:\/\/tomajazz.com\/web\/hdo-379-en-concierto-con-christoph-irniger-pilgrim-podcast\/","title":{"rendered":"HDO 379. En concierto con&#8230; Christoph Irniger \u00abPilgrim\u00bb [Podcast]"},"content":{"rendered":"<p style=\"text-align: center;\"><img loading=\"lazy\" decoding=\"async\" class=\"aligncenter size-large wp-image-35436\" src=\"https:\/\/tomajazz.com\/web\/wp-content\/uploads\/2018\/02\/Christoph-Irniger-Foto-Promocional-600x401.jpg\" alt=\"\" width=\"600\" height=\"401\" title=\"\" srcset=\"https:\/\/tomajazz.com\/web\/wp-content\/uploads\/2018\/02\/Christoph-Irniger-Foto-Promocional-600x401.jpg 600w, https:\/\/tomajazz.com\/web\/wp-content\/uploads\/2018\/02\/Christoph-Irniger-Foto-Promocional-200x134.jpg 200w, https:\/\/tomajazz.com\/web\/wp-content\/uploads\/2018\/02\/Christoph-Irniger-Foto-Promocional-768x513.jpg 768w, https:\/\/tomajazz.com\/web\/wp-content\/uploads\/2018\/02\/Christoph-Irniger-Foto-Promocional-82x55.jpg 82w, https:\/\/tomajazz.com\/web\/wp-content\/uploads\/2018\/02\/Christoph-Irniger-Foto-Promocional-60x40.jpg 60w, https:\/\/tomajazz.com\/web\/wp-content\/uploads\/2018\/02\/Christoph-Irniger-Foto-Promocional-120x80.jpg 120w, https:\/\/tomajazz.com\/web\/wp-content\/uploads\/2018\/02\/Christoph-Irniger-Foto-Promocional.jpg 936w\" sizes=\"auto, (max-width: 600px) 100vw, 600px\" \/><\/p>\n<p><img loading=\"lazy\" decoding=\"async\" class=\"alignleft wp-image-27139 size-medium\" src=\"https:\/\/tomajazz.com\/web\/wp-content\/uploads\/2016\/10\/Christoph-Irniger-Pilgrim_Big-Wheel-Live_Intakt_2016-200x200.jpg\" alt=\"\" width=\"200\" height=\"200\" title=\"\" srcset=\"https:\/\/tomajazz.com\/web\/wp-content\/uploads\/2016\/10\/Christoph-Irniger-Pilgrim_Big-Wheel-Live_Intakt_2016-200x200.jpg 200w, https:\/\/tomajazz.com\/web\/wp-content\/uploads\/2016\/10\/Christoph-Irniger-Pilgrim_Big-Wheel-Live_Intakt_2016-150x150.jpg 150w, https:\/\/tomajazz.com\/web\/wp-content\/uploads\/2016\/10\/Christoph-Irniger-Pilgrim_Big-Wheel-Live_Intakt_2016-55x55.jpg 55w, https:\/\/tomajazz.com\/web\/wp-content\/uploads\/2016\/10\/Christoph-Irniger-Pilgrim_Big-Wheel-Live_Intakt_2016-50x50.jpg 50w, https:\/\/tomajazz.com\/web\/wp-content\/uploads\/2016\/10\/Christoph-Irniger-Pilgrim_Big-Wheel-Live_Intakt_2016.jpg 340w\" sizes=\"auto, (max-width: 200px) 100vw, 200px\" \/>Entre el 6 y el 11 de marzo de 2018 el quinteto <strong>Pilgrim<\/strong> del saxofonista <strong>Christoph<\/strong> <strong>Irniger<\/strong> actuar\u00e1 en Espa\u00f1a dando conciertos en <strong>Valencia<\/strong> (Jimmy Glass, <strong>martes 6<\/strong>); G<strong>r<\/strong>anada (Asociaci\u00f3n Ool-Ya-Koo, <strong>mi\u00e9rcoles 7<\/strong>); <strong>Alicante<\/strong> (<strong>jueves 8<\/strong>); <strong>Madrid<\/strong> (Bogui Jazz,<strong> viernes 9<\/strong>); <strong>M\u00e1laga<\/strong> (Clarence Jazzclub, <strong>s\u00e1bado\u00a010<\/strong>); y <strong>Dos Hermanas<\/strong> (Soberao Jazz, Sevilla, <strong>domingo 11<\/strong>).<\/p>\n<p>En HDO 379 suenan tres temas de <em>Big Wheel Live<\/em> (Intakt, 2016), una grabaci\u00f3n en directo &#8211;<a href=\"https:\/\/tomajazz.com\/web\/?p=27138\" target=\"_blank\" rel=\"noopener\">que ya son\u00f3 en HDO<\/a>&#8211; registrada por la misma formaci\u00f3n que actuar\u00e1 en nuestro pa\u00eds y que es\u00e1 integrada por el propio Irniger (saxo tenor y composiciones), <strong>Stefan Aeby<\/strong> (piano), <strong>Dave Gisler<\/strong> (guitarra), <strong>Raffaele Bossard<\/strong> (contrabajo), y <strong>Michi Stulz<\/strong> (bater\u00eda).<\/p>\n<p style=\"text-align: right;\">Tomajazz. Texto y podcast: \u00a9 <strong>Pachi Tapiz<\/strong>, 2018<br \/>\nFotograf\u00eda promocional:\u00a0\u00a9\u00a0<strong>Christoph Irniger<\/strong>, 2018<\/p>\n<p>HDO es un podcast editado, presentado y producido por Pachi Tapiz.<\/p>\n<p><iframe loading=\"lazy\" id=\"audio_24043568\" style=\"border: 1px solid #EEE; box-sizing: border-box; width: 100%;\" src=\"https:\/\/www.ivoox.com\/player_ej_24043568_4_1.html?c1=ff6600\" width=\"300\" height=\"200\" frameborder=\"0\" scrolling=\"no\" allowfullscreen=\"allowfullscreen\"><\/iframe><\/p>\n","protected":false},"excerpt":{"rendered":"<p>Entre el 6 y el 11 de marzo de 2018 el quinteto Pilgrim del saxofonista Christoph Irniger actuar\u00e1 en Espa\u00f1a dando conciertos en Valencia (Jimmy Glass, martes 6); Granada (Asociaci\u00f3n Ool-Ya-Koo, mi\u00e9rcoles 7); Alicante (jueves 8); Madrid (Bogui Jazz, viernes 9); M\u00e1laga (Clarence Jazzclub, s\u00e1bado\u00a010); y Dos Hermanas (Soberao Jazz,<span class=\"more-link\"><a href=\"https:\/\/tomajazz.com\/web\/hdo-379-en-concierto-con-christoph-irniger-pilgrim-podcast\/\">Contin\u00faa leyendo<\/a><\/span><\/p>\n","protected":false},"author":1,"featured_media":35436,"comment_status":"open","ping_status":"closed","sticky":false,"template":"","format":"standard","meta":{"jetpack_post_was_ever_published":false,"_jetpack_newsletter_access":"","_jetpack_dont_email_post_to_subs":false,"_jetpack_newsletter_tier_id":0,"_jetpack_memberships_contains_paywalled_content":false,"_jetpack_memberships_contains_paid_content":false,"footnotes":""},"categories":[17847,17858,5,13298,20041,15795,12814,15518,1038],"tags":[17711,17713,5084,18180,11856,15296,31,17714,17712],"class_list":["entry","author-pachi","post-35435","post","type-post","status-publish","format-standard","has-post-thumbnail","category-pachi-tapiz","category-redaccion","category-grabaciones","category-hablando-de-oidas-hdo","category-hdo-t04-2017-18","category-noticias-2","category-podcast","category-sonidos","category-contenidos","tag-christoph-irniger","tag-dave-gisler","tag-intakt","tag-michi-stulz","tag-noticias","tag-noticias-de-jazz","tag-pachi-tapiz","tag-raffaele-bossard","tag-stefan-aeby"],"jetpack_featured_media_url":"https:\/\/tomajazz.com\/web\/wp-content\/uploads\/2018\/02\/Christoph-Irniger-Foto-Promocional.jpg","jetpack_likes_enabled":true,"jetpack_sharing_enabled":true,"jetpack-related-posts":[{"id":27135,"url":"https:\/\/tomajazz.com\/web\/hdo-183-redux\/","url_meta":{"origin":35435,"position":0},"title":"HDO 183 Redux","author":"Tomajazz","date":"26 octubre, 2016","format":false,"excerpt":"Adelanto en menos de cuatro minutos de HDO 183 en el que escucharemos a Christopher Irniger Pilgrim, Dwiki Dharmawan y Eric St. Laurent. Pr\u00f3ximamente la versi\u00f3n extendida de HDO 183 Redux AKA\u00a0HDO 183. Eric St. Laurent \u2013 Dwiki Kharmawan \u2013 Christoph Irniger Pilgrim. 3X3.","rel":"","context":"En \u00ab*_Pachi Tapiz\u00bb","block_context":{"text":"*_Pachi Tapiz","link":"https:\/\/tomajazz.com\/web\/category\/pachi-tapiz\/"},"img":{"alt_text":"","src":"https:\/\/i0.wp.com\/tomajazz.com\/web\/wp-content\/uploads\/2016\/10\/HDO-183-Redux-e1477518883774.png?resize=350%2C200&ssl=1","width":350,"height":200,"srcset":"https:\/\/i0.wp.com\/tomajazz.com\/web\/wp-content\/uploads\/2016\/10\/HDO-183-Redux-e1477518883774.png?resize=350%2C200&ssl=1 1x, https:\/\/i0.wp.com\/tomajazz.com\/web\/wp-content\/uploads\/2016\/10\/HDO-183-Redux-e1477518883774.png?resize=525%2C300&ssl=1 1.5x, https:\/\/i0.wp.com\/tomajazz.com\/web\/wp-content\/uploads\/2016\/10\/HDO-183-Redux-e1477518883774.png?resize=700%2C400&ssl=1 2x, https:\/\/i0.wp.com\/tomajazz.com\/web\/wp-content\/uploads\/2016\/10\/HDO-183-Redux-e1477518883774.png?resize=1050%2C600&ssl=1 3x"},"classes":[]},{"id":27138,"url":"https:\/\/tomajazz.com\/web\/hdo-183-eric-st-laurent-dwiki-kharmawan-christoph-irniger-pilgrim-3x3-podcast\/","url_meta":{"origin":35435,"position":1},"title":"HDO 183. Eric St. Laurent \u2013 Dwiki Kharmawan \u2013 Christoph Irniger Pilgrim. 3X3 [Podcast]","author":"Tomajazz","date":"27 octubre, 2016","format":false,"excerpt":"Dwiki Dharmawan con el CD doble Pasar Klewer (Moonjune Records, 2016), Eric St. Laurent con Planet (Katzenmusik, 2016), y Christoph Irniger con su formaci\u00f3n Pilgrim en la grabaci\u00f3n Big Wheel Live (Intakt Records, 2016) en la entrega 183 de HDO, un especial 3X3 en el que se pueden escuchar tres\u2026","rel":"","context":"En \u00ab*_Pachi Tapiz\u00bb","block_context":{"text":"*_Pachi Tapiz","link":"https:\/\/tomajazz.com\/web\/category\/pachi-tapiz\/"},"img":{"alt_text":"","src":"https:\/\/i0.wp.com\/tomajazz.com\/web\/wp-content\/uploads\/2016\/10\/Dwiki-Dharmawan_Pasar-Klewer_Moonjune_2016_2CD-1-e1477549341829.jpg?resize=350%2C200&ssl=1","width":350,"height":200,"srcset":"https:\/\/i0.wp.com\/tomajazz.com\/web\/wp-content\/uploads\/2016\/10\/Dwiki-Dharmawan_Pasar-Klewer_Moonjune_2016_2CD-1-e1477549341829.jpg?resize=350%2C200&ssl=1 1x, https:\/\/i0.wp.com\/tomajazz.com\/web\/wp-content\/uploads\/2016\/10\/Dwiki-Dharmawan_Pasar-Klewer_Moonjune_2016_2CD-1-e1477549341829.jpg?resize=525%2C300&ssl=1 1.5x"},"classes":[]},{"id":99926,"url":"https:\/\/tomajazz.com\/web\/christoph-irniger-pilgrim-human-intelligence-2025\/","url_meta":{"origin":35435,"position":2},"title":"Christoph Irniger Pilgrim: Human Intelligence Live (Intakt; 2025) Por Carlos Lara [Grabaci\u00f3n de jazz]","author":"Tomajazz","date":"1 octubre, 2025","format":false,"excerpt":"Human Intelligence Live (Intakt; 2025) es lo nuevo de Christoph Irniger Pilgrim. Carlos Lara repasa la grabaci\u00f3n. Con Christoph Irniger, Stefan Aeby, Dave Gisler, Raffaele Bossard, Michael Stulz","rel":"","context":"En \u00ab*_Carlos Lara\u00bb","block_context":{"text":"*_Carlos Lara","link":"https:\/\/tomajazz.com\/web\/category\/carlos-lara\/"},"img":{"alt_text":"Christoph Irniger Pilgrim: Human Intelligence Live (Intakt; 2025) Por Carlos Lara [Grabaci\u00f3n de jazz] - Tomajazz - Human Intelligence Live (Intakt; 2025) es lo nuevo de Christoph Irniger Pilgrim. Carlos Lara repasa la grabaci\u00f3n. Con Christoph Irniger, Stefan Aeby, Dave Gisler, Raffaele Bossard, Michael Stulz","src":"https:\/\/i0.wp.com\/tomajazz.com\/web\/wp-content\/uploads\/2025\/10\/Christoph-Irniger-Pilgrim-Human-Intelligence-Live-2025-Intakt-Tomajazz.jpg?resize=350%2C200&ssl=1","width":350,"height":200,"srcset":"https:\/\/i0.wp.com\/tomajazz.com\/web\/wp-content\/uploads\/2025\/10\/Christoph-Irniger-Pilgrim-Human-Intelligence-Live-2025-Intakt-Tomajazz.jpg?resize=350%2C200&ssl=1 1x, https:\/\/i0.wp.com\/tomajazz.com\/web\/wp-content\/uploads\/2025\/10\/Christoph-Irniger-Pilgrim-Human-Intelligence-Live-2025-Intakt-Tomajazz.jpg?resize=525%2C300&ssl=1 1.5x, https:\/\/i0.wp.com\/tomajazz.com\/web\/wp-content\/uploads\/2025\/10\/Christoph-Irniger-Pilgrim-Human-Intelligence-Live-2025-Intakt-Tomajazz.jpg?resize=700%2C400&ssl=1 2x"},"classes":[]},{"id":43874,"url":"https:\/\/tomajazz.com\/web\/hdo-515-especial-intakt-records-ingrid-laubrock-alexander-hawkins-tom-rainey-kaja-draksler-trio-heinz-herbert-y-otros-podcast\/","url_meta":{"origin":35435,"position":3},"title":"HDO 515. Especial Intakt Records: Ingrid Laubrock, Alexander Hawkins, Tom Rainey, Kaja Draksler, Trio Heinz Herbert&#8230; y otros [Podcast]","author":"Tomajazz","date":"18 junio, 2019","format":false,"excerpt":"Por\u00a0Pachi Tapiz. En HDO 515 un especial dedicado al sello suizo Intakt Records en el que suenan: Tom Rainey Trio: Combobulated \/ Trio Heinz Herbert: Yes \/ Kaja Draksler, Petter Eldh, Christian Lillinger: Punkt\u200b.\u200bVrt\u200b.\u200bPlastik \/ Ingrid Laubrock: Contemporary Chaos Practices - Two Works For Orchestra With Soloists \/ Human Feel:\u2026","rel":"","context":"En \u00ab*_Pachi Tapiz\u00bb","block_context":{"text":"*_Pachi Tapiz","link":"https:\/\/tomajazz.com\/web\/category\/pachi-tapiz\/"},"img":{"alt_text":"","src":"https:\/\/i0.wp.com\/tomajazz.com\/web\/wp-content\/uploads\/2019\/06\/Collage_programa-0515_Especial-Intakt-Records.jpg?resize=350%2C200&ssl=1","width":350,"height":200,"srcset":"https:\/\/i0.wp.com\/tomajazz.com\/web\/wp-content\/uploads\/2019\/06\/Collage_programa-0515_Especial-Intakt-Records.jpg?resize=350%2C200&ssl=1 1x, https:\/\/i0.wp.com\/tomajazz.com\/web\/wp-content\/uploads\/2019\/06\/Collage_programa-0515_Especial-Intakt-Records.jpg?resize=525%2C300&ssl=1 1.5x, https:\/\/i0.wp.com\/tomajazz.com\/web\/wp-content\/uploads\/2019\/06\/Collage_programa-0515_Especial-Intakt-Records.jpg?resize=700%2C400&ssl=1 2x"},"classes":[]},{"id":2339,"url":"https:\/\/tomajazz.com\/web\/christoph-irniger-pilgrim-mt-tongariro-between-the-lines-2011\/","url_meta":{"origin":35435,"position":4},"title":"Christoph Irniger &#8211; Pilgrim: Mt. Tongariro (Between the Lines, 2011)","author":"Tomajazz","date":"4 mayo, 2012","format":false,"excerpt":"Gran trabajo el del saxofonista Christoph Irniger al frente del cuarteto Pilgrim en Mt. Tongariro. El leitmotiv de esta obra es el volc\u00e1n que da nombre al parque natural de Nueva Zelanda. Las seis composiciones, todas obra de Irniger, plantean distintas estrategias en su desarrollo. La principal sensaci\u00f3n que queda\u2026","rel":"","context":"En \u00abGrabaciones...\u00bb","block_context":{"text":"Grabaciones...","link":"https:\/\/tomajazz.com\/web\/category\/contenidos\/textos\/grabaciones\/"},"img":{"alt_text":"","src":"https:\/\/i0.wp.com\/3.bp.blogspot.com\/-tiU6rRjmVRk\/T2IOgbBJQJI\/AAAAAAAAEP4\/JFHxY5AIOJo\/s200\/Mt.%2BTongariro%2BCover.jpeg?resize=350%2C200","width":350,"height":200},"classes":[]},{"id":2291,"url":"https:\/\/tomajazz.com\/web\/no-reduce-jaywalkin-nwog-2012\/","url_meta":{"origin":35435,"position":5},"title":"No Reduce: Jaywalkin\u2019 (nwog, 2012)","author":"Tomajazz","date":"29 junio, 2012","format":false,"excerpt":"Jaywalkin\u2019 es el estreno del cuarteto No Reduce, formado por los m\u00fasicos suizos Christoph Irniger (saxo tenor), Dave Gisler (guitarra) y Raffaele Bossard (contrabajo), junto al baterista Nasheet Waits. Los suizos son quienes se reparten la autor\u00eda de todas las composiciones. Unas creaciones de magn\u00edfica factura, muy variadas, que entroncan\u2026","rel":"","context":"En \u00abGrabaciones...\u00bb","block_context":{"text":"Grabaciones...","link":"https:\/\/tomajazz.com\/web\/category\/contenidos\/textos\/grabaciones\/"},"img":{"alt_text":"","src":"https:\/\/i0.wp.com\/3.bp.blogspot.com\/-t0s2tpLO_-0\/T-2nV06O5yI\/AAAAAAAAE8I\/7vawjUWX4qg\/s200\/no%2Breduce%2Bjaywalkin_peq.jpg?resize=350%2C200","width":350,"height":200},"classes":[]}],"_links":{"self":[{"href":"https:\/\/tomajazz.com\/web\/wp-json\/wp\/v2\/posts\/35435","targetHints":{"allow":["GET"]}}],"collection":[{"href":"https:\/\/tomajazz.com\/web\/wp-json\/wp\/v2\/posts"}],"about":[{"href":"https:\/\/tomajazz.com\/web\/wp-json\/wp\/v2\/types\/post"}],"author":[{"embeddable":true,"href":"https:\/\/tomajazz.com\/web\/wp-json\/wp\/v2\/users\/1"}],"replies":[{"embeddable":true,"href":"https:\/\/tomajazz.com\/web\/wp-json\/wp\/v2\/comments?post=35435"}],"version-history":[{"count":4,"href":"https:\/\/tomajazz.com\/web\/wp-json\/wp\/v2\/posts\/35435\/revisions"}],"predecessor-version":[{"id":35440,"href":"https:\/\/tomajazz.com\/web\/wp-json\/wp\/v2\/posts\/35435\/revisions\/35440"}],"wp:featuredmedia":[{"embeddable":true,"href":"https:\/\/tomajazz.com\/web\/wp-json\/wp\/v2\/media\/35436"}],"wp:attachment":[{"href":"https:\/\/tomajazz.com\/web\/wp-json\/wp\/v2\/media?parent=35435"}],"wp:term":[{"taxonomy":"category","embeddable":true,"href":"https:\/\/tomajazz.com\/web\/wp-json\/wp\/v2\/categories?post=35435"},{"taxonomy":"post_tag","embeddable":true,"href":"https:\/\/tomajazz.com\/web\/wp-json\/wp\/v2\/tags?post=35435"}],"curies":[{"name":"wp","href":"https:\/\/api.w.org\/{rel}","templated":true}]}}