{"id":35740,"date":"2018-03-23T11:11:50","date_gmt":"2018-03-23T10:11:50","guid":{"rendered":"https:\/\/www.tomajazz.com\/web\/?p=35740"},"modified":"2022-09-08T21:44:41","modified_gmt":"2022-09-08T19:44:41","slug":"instantzz-celeste-alias-homenatge-a-montserrat-abello-45e-cicle-de-jazz-al-casino-casino-de-granollers-club-de-ritme-granollers-barcelona-2017-12-22-galeria-fotografica","status":"publish","type":"post","link":"https:\/\/tomajazz.com\/web\/instantzz-celeste-alias-homenatge-a-montserrat-abello-45e-cicle-de-jazz-al-casino-casino-de-granollers-club-de-ritme-granollers-barcelona-2017-12-22-galeria-fotografica\/","title":{"rendered":"INSTANTZZ: Celeste Al\u00edas \u201cHomenatge a Montserrat Abell\u00f3\u201d (45\u00e8 Cicle de Jazz al Casino, Casino de Granollers &#8211; Club de Ritme, Granollers -Barcelona-.  2017-12-22) [Galer\u00eda fotogr\u00e1fica]"},"content":{"rendered":"<ul>\n<li>Fecha: Viernes, 15 de diciembre de 2017<\/li>\n<li>Lugar: Casino de Granollers &#8211; Club de Ritme (Granollers -Barcelona-)<\/li>\n<li>Grupo:<br \/>\n<strong>Celeste Al\u00edas \u201cHomenatge a Montserrat Abell\u00f3\u201d<br \/>\n<\/strong>Celeste Al\u00edas, voz<strong><br \/>\n<\/strong>S\u00f2nia Moya, recitado<br \/>\nDani P\u00e9rez, guitarra<br \/>\nDavid Mengual, contrabajo<br \/>\nOriol Roca, bater\u00eda<\/li>\n<\/ul>\n<p style=\"text-align: center;\"><img loading=\"lazy\" decoding=\"async\" class=\"aligncenter size-large wp-image-35741\" src=\"https:\/\/tomajazz.com\/web\/wp-content\/uploads\/2018\/03\/01_Cslst-ls-\u00a9Joan-Cort\u00e8s_15des18_45CldJzzlCsn_Grnllrs-399x600.jpg\" alt=\"\" width=\"399\" height=\"600\" title=\"\" srcset=\"https:\/\/tomajazz.com\/web\/wp-content\/uploads\/2018\/03\/01_Cslst-ls-\u00a9Joan-Cort\u00e8s_15des18_45CldJzzlCsn_Grnllrs.jpg 399w, https:\/\/tomajazz.com\/web\/wp-content\/uploads\/2018\/03\/01_Cslst-ls-\u00a9Joan-Cort\u00e8s_15des18_45CldJzzlCsn_Grnllrs-200x300.jpg 200w, https:\/\/tomajazz.com\/web\/wp-content\/uploads\/2018\/03\/01_Cslst-ls-\u00a9Joan-Cort\u00e8s_15des18_45CldJzzlCsn_Grnllrs-37x55.jpg 37w\" sizes=\"auto, (max-width: 399px) 100vw, 399px\" \/> <img loading=\"lazy\" decoding=\"async\" class=\"aligncenter size-large wp-image-35742\" src=\"https:\/\/tomajazz.com\/web\/wp-content\/uploads\/2018\/03\/02_Cslst-ls-\u00a9Joan-Cort\u00e8s_15des18_45CldJzzlCsn_Grnllrs-399x600.jpg\" alt=\"\" width=\"399\" height=\"600\" title=\"\" srcset=\"https:\/\/tomajazz.com\/web\/wp-content\/uploads\/2018\/03\/02_Cslst-ls-\u00a9Joan-Cort\u00e8s_15des18_45CldJzzlCsn_Grnllrs.jpg 399w, https:\/\/tomajazz.com\/web\/wp-content\/uploads\/2018\/03\/02_Cslst-ls-\u00a9Joan-Cort\u00e8s_15des18_45CldJzzlCsn_Grnllrs-200x300.jpg 200w, https:\/\/tomajazz.com\/web\/wp-content\/uploads\/2018\/03\/02_Cslst-ls-\u00a9Joan-Cort\u00e8s_15des18_45CldJzzlCsn_Grnllrs-37x55.jpg 37w\" sizes=\"auto, (max-width: 399px) 100vw, 399px\" \/> <img loading=\"lazy\" decoding=\"async\" class=\"aligncenter size-large wp-image-35743\" src=\"https:\/\/tomajazz.com\/web\/wp-content\/uploads\/2018\/03\/03_Cslst-ls-\u00a9Joan-Cort\u00e8s_15des18_45CldJzzlCsn_Grnllrs-600x399.jpg\" alt=\"\" width=\"600\" height=\"399\" title=\"\" srcset=\"https:\/\/tomajazz.com\/web\/wp-content\/uploads\/2018\/03\/03_Cslst-ls-\u00a9Joan-Cort\u00e8s_15des18_45CldJzzlCsn_Grnllrs.jpg 600w, https:\/\/tomajazz.com\/web\/wp-content\/uploads\/2018\/03\/03_Cslst-ls-\u00a9Joan-Cort\u00e8s_15des18_45CldJzzlCsn_Grnllrs-200x133.jpg 200w, https:\/\/tomajazz.com\/web\/wp-content\/uploads\/2018\/03\/03_Cslst-ls-\u00a9Joan-Cort\u00e8s_15des18_45CldJzzlCsn_Grnllrs-83x55.jpg 83w, https:\/\/tomajazz.com\/web\/wp-content\/uploads\/2018\/03\/03_Cslst-ls-\u00a9Joan-Cort\u00e8s_15des18_45CldJzzlCsn_Grnllrs-60x40.jpg 60w, https:\/\/tomajazz.com\/web\/wp-content\/uploads\/2018\/03\/03_Cslst-ls-\u00a9Joan-Cort\u00e8s_15des18_45CldJzzlCsn_Grnllrs-120x80.jpg 120w\" sizes=\"auto, (max-width: 600px) 100vw, 600px\" \/> <img loading=\"lazy\" decoding=\"async\" class=\"aligncenter size-large wp-image-35744\" src=\"https:\/\/tomajazz.com\/web\/wp-content\/uploads\/2018\/03\/04_Cslst-ls-\u00a9Joan-Cort\u00e8s_15des18_45CldJzzlCsn_Grnllrs-600x399.jpg\" alt=\"\" width=\"600\" height=\"399\" title=\"\" srcset=\"https:\/\/tomajazz.com\/web\/wp-content\/uploads\/2018\/03\/04_Cslst-ls-\u00a9Joan-Cort\u00e8s_15des18_45CldJzzlCsn_Grnllrs.jpg 600w, https:\/\/tomajazz.com\/web\/wp-content\/uploads\/2018\/03\/04_Cslst-ls-\u00a9Joan-Cort\u00e8s_15des18_45CldJzzlCsn_Grnllrs-200x133.jpg 200w, https:\/\/tomajazz.com\/web\/wp-content\/uploads\/2018\/03\/04_Cslst-ls-\u00a9Joan-Cort\u00e8s_15des18_45CldJzzlCsn_Grnllrs-83x55.jpg 83w, https:\/\/tomajazz.com\/web\/wp-content\/uploads\/2018\/03\/04_Cslst-ls-\u00a9Joan-Cort\u00e8s_15des18_45CldJzzlCsn_Grnllrs-60x40.jpg 60w, https:\/\/tomajazz.com\/web\/wp-content\/uploads\/2018\/03\/04_Cslst-ls-\u00a9Joan-Cort\u00e8s_15des18_45CldJzzlCsn_Grnllrs-120x80.jpg 120w\" sizes=\"auto, (max-width: 600px) 100vw, 600px\" \/> <img loading=\"lazy\" decoding=\"async\" class=\"aligncenter size-large wp-image-35745\" src=\"https:\/\/tomajazz.com\/web\/wp-content\/uploads\/2018\/03\/05_Cslst-ls-\u00a9Joan-Cort\u00e8s_15des18_45CldJzzlCsn_Grnllrs-399x600.jpg\" alt=\"\" width=\"399\" height=\"600\" title=\"\" srcset=\"https:\/\/tomajazz.com\/web\/wp-content\/uploads\/2018\/03\/05_Cslst-ls-\u00a9Joan-Cort\u00e8s_15des18_45CldJzzlCsn_Grnllrs.jpg 399w, https:\/\/tomajazz.com\/web\/wp-content\/uploads\/2018\/03\/05_Cslst-ls-\u00a9Joan-Cort\u00e8s_15des18_45CldJzzlCsn_Grnllrs-200x300.jpg 200w, https:\/\/tomajazz.com\/web\/wp-content\/uploads\/2018\/03\/05_Cslst-ls-\u00a9Joan-Cort\u00e8s_15des18_45CldJzzlCsn_Grnllrs-37x55.jpg 37w\" sizes=\"auto, (max-width: 399px) 100vw, 399px\" \/> <img loading=\"lazy\" decoding=\"async\" class=\"aligncenter size-large wp-image-35746\" src=\"https:\/\/tomajazz.com\/web\/wp-content\/uploads\/2018\/03\/06_Cslst-ls-\u00a9Joan-Cort\u00e8s_15des18_45CldJzzlCsn_Grnllrs-600x399.jpg\" alt=\"\" width=\"600\" height=\"399\" title=\"\" srcset=\"https:\/\/tomajazz.com\/web\/wp-content\/uploads\/2018\/03\/06_Cslst-ls-\u00a9Joan-Cort\u00e8s_15des18_45CldJzzlCsn_Grnllrs.jpg 600w, https:\/\/tomajazz.com\/web\/wp-content\/uploads\/2018\/03\/06_Cslst-ls-\u00a9Joan-Cort\u00e8s_15des18_45CldJzzlCsn_Grnllrs-200x133.jpg 200w, https:\/\/tomajazz.com\/web\/wp-content\/uploads\/2018\/03\/06_Cslst-ls-\u00a9Joan-Cort\u00e8s_15des18_45CldJzzlCsn_Grnllrs-83x55.jpg 83w, https:\/\/tomajazz.com\/web\/wp-content\/uploads\/2018\/03\/06_Cslst-ls-\u00a9Joan-Cort\u00e8s_15des18_45CldJzzlCsn_Grnllrs-60x40.jpg 60w, https:\/\/tomajazz.com\/web\/wp-content\/uploads\/2018\/03\/06_Cslst-ls-\u00a9Joan-Cort\u00e8s_15des18_45CldJzzlCsn_Grnllrs-120x80.jpg 120w\" sizes=\"auto, (max-width: 600px) 100vw, 600px\" \/> <img loading=\"lazy\" decoding=\"async\" class=\"aligncenter size-large wp-image-35747\" src=\"https:\/\/tomajazz.com\/web\/wp-content\/uploads\/2018\/03\/07_Cslst-ls-\u00a9Joan-Cort\u00e8s_15des18_45CldJzzlCsn_Grnllrs-399x600.jpg\" alt=\"\" width=\"399\" height=\"600\" title=\"\" srcset=\"https:\/\/tomajazz.com\/web\/wp-content\/uploads\/2018\/03\/07_Cslst-ls-\u00a9Joan-Cort\u00e8s_15des18_45CldJzzlCsn_Grnllrs.jpg 399w, https:\/\/tomajazz.com\/web\/wp-content\/uploads\/2018\/03\/07_Cslst-ls-\u00a9Joan-Cort\u00e8s_15des18_45CldJzzlCsn_Grnllrs-200x300.jpg 200w, https:\/\/tomajazz.com\/web\/wp-content\/uploads\/2018\/03\/07_Cslst-ls-\u00a9Joan-Cort\u00e8s_15des18_45CldJzzlCsn_Grnllrs-37x55.jpg 37w\" sizes=\"auto, (max-width: 399px) 100vw, 399px\" \/> <img loading=\"lazy\" decoding=\"async\" class=\"aligncenter size-large wp-image-35748\" src=\"https:\/\/tomajazz.com\/web\/wp-content\/uploads\/2018\/03\/08_Cslst-ls-\u00a9Joan-Cort\u00e8s_15des18_45CldJzzlCsn_Grnllrs-600x399.jpg\" alt=\"\" width=\"600\" height=\"399\" title=\"\" srcset=\"https:\/\/tomajazz.com\/web\/wp-content\/uploads\/2018\/03\/08_Cslst-ls-\u00a9Joan-Cort\u00e8s_15des18_45CldJzzlCsn_Grnllrs.jpg 600w, https:\/\/tomajazz.com\/web\/wp-content\/uploads\/2018\/03\/08_Cslst-ls-\u00a9Joan-Cort\u00e8s_15des18_45CldJzzlCsn_Grnllrs-200x133.jpg 200w, https:\/\/tomajazz.com\/web\/wp-content\/uploads\/2018\/03\/08_Cslst-ls-\u00a9Joan-Cort\u00e8s_15des18_45CldJzzlCsn_Grnllrs-83x55.jpg 83w, https:\/\/tomajazz.com\/web\/wp-content\/uploads\/2018\/03\/08_Cslst-ls-\u00a9Joan-Cort\u00e8s_15des18_45CldJzzlCsn_Grnllrs-60x40.jpg 60w, https:\/\/tomajazz.com\/web\/wp-content\/uploads\/2018\/03\/08_Cslst-ls-\u00a9Joan-Cort\u00e8s_15des18_45CldJzzlCsn_Grnllrs-120x80.jpg 120w\" sizes=\"auto, (max-width: 600px) 100vw, 600px\" \/> <img loading=\"lazy\" decoding=\"async\" class=\"aligncenter size-large wp-image-35749\" src=\"https:\/\/tomajazz.com\/web\/wp-content\/uploads\/2018\/03\/09_Cslst-ls-\u00a9Joan-Cort\u00e8s_15des18_45CldJzzlCsn_Grnllrs-399x600.jpg\" alt=\"\" width=\"399\" height=\"600\" title=\"\" srcset=\"https:\/\/tomajazz.com\/web\/wp-content\/uploads\/2018\/03\/09_Cslst-ls-\u00a9Joan-Cort\u00e8s_15des18_45CldJzzlCsn_Grnllrs.jpg 399w, https:\/\/tomajazz.com\/web\/wp-content\/uploads\/2018\/03\/09_Cslst-ls-\u00a9Joan-Cort\u00e8s_15des18_45CldJzzlCsn_Grnllrs-200x300.jpg 200w, https:\/\/tomajazz.com\/web\/wp-content\/uploads\/2018\/03\/09_Cslst-ls-\u00a9Joan-Cort\u00e8s_15des18_45CldJzzlCsn_Grnllrs-37x55.jpg 37w\" sizes=\"auto, (max-width: 399px) 100vw, 399px\" \/> <img loading=\"lazy\" decoding=\"async\" class=\"aligncenter size-large wp-image-35750\" src=\"https:\/\/tomajazz.com\/web\/wp-content\/uploads\/2018\/03\/10_Cslst-ls-\u00a9Joan-Cort\u00e8s_15des18_45CldJzzlCsn_Grnllrs-600x399.jpg\" alt=\"\" width=\"600\" height=\"399\" title=\"\" srcset=\"https:\/\/tomajazz.com\/web\/wp-content\/uploads\/2018\/03\/10_Cslst-ls-\u00a9Joan-Cort\u00e8s_15des18_45CldJzzlCsn_Grnllrs.jpg 600w, https:\/\/tomajazz.com\/web\/wp-content\/uploads\/2018\/03\/10_Cslst-ls-\u00a9Joan-Cort\u00e8s_15des18_45CldJzzlCsn_Grnllrs-200x133.jpg 200w, https:\/\/tomajazz.com\/web\/wp-content\/uploads\/2018\/03\/10_Cslst-ls-\u00a9Joan-Cort\u00e8s_15des18_45CldJzzlCsn_Grnllrs-83x55.jpg 83w, https:\/\/tomajazz.com\/web\/wp-content\/uploads\/2018\/03\/10_Cslst-ls-\u00a9Joan-Cort\u00e8s_15des18_45CldJzzlCsn_Grnllrs-60x40.jpg 60w, https:\/\/tomajazz.com\/web\/wp-content\/uploads\/2018\/03\/10_Cslst-ls-\u00a9Joan-Cort\u00e8s_15des18_45CldJzzlCsn_Grnllrs-120x80.jpg 120w\" sizes=\"auto, (max-width: 600px) 100vw, 600px\" \/><\/p>\n<p style=\"text-align: right;\"><strong>Tomajazz<\/strong>:\u00a0\u00a9\u00a0<strong>Joan Cort\u00e8s<\/strong>, 2018<\/p>\n","protected":false},"excerpt":{"rendered":"<p>Fecha: Viernes, 15 de diciembre de 2017 Lugar: Casino de Granollers &#8211; Club de Ritme (Granollers -Barcelona-) Grupo: Celeste Al\u00edas \u201cHomenatge a Montserrat Abell\u00f3\u201d Celeste Al\u00edas, voz S\u00f2nia Moya, recitado Dani P\u00e9rez, guitarra David Mengual, contrabajo Oriol Roca, bater\u00eda Tomajazz:\u00a0\u00a9\u00a0Joan Cort\u00e8s, 2018<span class=\"more-link\"><a href=\"https:\/\/tomajazz.com\/web\/instantzz-celeste-alias-homenatge-a-montserrat-abello-45e-cicle-de-jazz-al-casino-casino-de-granollers-club-de-ritme-granollers-barcelona-2017-12-22-galeria-fotografica\/\">Contin\u00faa leyendo<\/a><\/span><\/p>\n","protected":false},"author":1,"featured_media":35748,"comment_status":"open","ping_status":"closed","sticky":false,"template":"","format":"standard","meta":{"jetpack_post_was_ever_published":false,"_jetpack_newsletter_access":"","_jetpack_dont_email_post_to_subs":false,"_jetpack_newsletter_tier_id":0,"_jetpack_memberships_contains_paywalled_content":false,"_jetpack_memberships_contains_paid_content":false,"footnotes":""},"categories":[17853,11262,15516,11261,1038],"tags":[4754,519,1042,1041,21092,1045,21091],"class_list":["entry","author-pachi","post-35740","post","type-post","status-publish","format-standard","has-post-thumbnail","category-joan-cortes","category-photoblogs","category-imagenes","category-instantzz","category-contenidos","tag-celeste-alias","tag-dani-perez","tag-david-mengual","tag-joan-cortes","tag-montserrat-abello","tag-oriol-roca","tag-sonia-moya"],"jetpack_featured_media_url":"https:\/\/tomajazz.com\/web\/wp-content\/uploads\/2018\/03\/08_Cslst-ls-\u00a9Joan-Cort\u00e8s_15des18_45CldJzzlCsn_Grnllrs.jpg","jetpack_likes_enabled":true,"jetpack_sharing_enabled":true,"jetpack-related-posts":[{"id":21983,"url":"https:\/\/tomajazz.com\/web\/instantzz-celeste-alias-tot-sembla-tan-senzill-homenatge-a-monserrat-abello-cafe-del-liceu-47e-voll-damm-festival-internacional-de-jazz-de-barcelona-barcelona-2015-11-14\/","url_meta":{"origin":35740,"position":0},"title":"INSTANTZZ: Celeste Al\u00edas \u201cTot sembla tan senzill (Homenatge a Monserrat Abell\u00f3)\u201d (Caf\u00e8 del Liceu, 47\u00e8 Voll-Damm Festival Internacional de Jazz de Barcelona, Barcelona. 2015-11-14)","author":"Tomajazz","date":"21 enero, 2016","format":"image","excerpt":"Fecha: S\u00e1bado, 14 de noviembre de 2015 Lugar: Caf\u00e9 del Liceu (Barcelona) Componentes: Celeste Al\u00edas, voz Laia Noguera, rapsoda Santi Careta, guitarra David Mengual, contrabajo Oriol Roca, bater\u00eda \u00a9 Joan Cort\u00e8s, 2016","rel":"","context":"En \u00ab*_Joan Cort\u00e8s\u00bb","block_context":{"text":"*_Joan Cort\u00e8s","link":"https:\/\/tomajazz.com\/web\/category\/joan-cortes\/"},"img":{"alt_text":"","src":"https:\/\/i0.wp.com\/tomajazz.com\/web\/wp-content\/uploads\/2016\/01\/03_Clst-ls-Hmntg-Mntsrrt-bll-%C2%A9Joan-Cort%C3%A8s_14nov15_Cf-Lc_47FIJB_Bcn.jpg?resize=350%2C200&ssl=1","width":350,"height":200,"srcset":"https:\/\/i0.wp.com\/tomajazz.com\/web\/wp-content\/uploads\/2016\/01\/03_Clst-ls-Hmntg-Mntsrrt-bll-%C2%A9Joan-Cort%C3%A8s_14nov15_Cf-Lc_47FIJB_Bcn.jpg?resize=350%2C200&ssl=1 1x, https:\/\/i0.wp.com\/tomajazz.com\/web\/wp-content\/uploads\/2016\/01\/03_Clst-ls-Hmntg-Mntsrrt-bll-%C2%A9Joan-Cort%C3%A8s_14nov15_Cf-Lc_47FIJB_Bcn.jpg?resize=525%2C300&ssl=1 1.5x"},"classes":[]},{"id":105012,"url":"https:\/\/tomajazz.com\/web\/lage-lund-trio-granollers-2026\/","url_meta":{"origin":35740,"position":1},"title":"Lage Lund Trio (36\u00e8 Jazz Granollers Festival \/ Casino, 2026-03-13 \/ Granollers -Barcelona-) [y III] Por Joan Cort\u00e8s [INSTANTZZ AKA Galer\u00eda fotogr\u00e1fica AKA Fotoblog de jazz, impro\u2026 y algo m\u00e1s]","author":"Tomajazz","date":"23 abril, 2026","format":false,"excerpt":"Lage Lund Trio actu\u00f3 en el 36\u00e8 Jazz Granollers Festival, el 13 de marzo de 2026. Joan Cort\u00e8s lo retrata en INSTANTZZ. Lage Lund Trio son Lage Lund, Orlando Le Fleming, Greg Hutchinson","rel":"","context":"En \u00ab36 Jazz Granollers Festival 2026\u00bb","block_context":{"text":"36 Jazz Granollers Festival 2026","link":"https:\/\/tomajazz.com\/web\/category\/contenidos\/especial-contenidos\/36-jazz-granollers-festival-2026\/"},"img":{"alt_text":"Lage Lund Trio (36\u00e8 Jazz Granollers Festival \/ Casino, 2026-03-13 \/ Granollers -Barcelona-) [y III] Por Joan Cort\u00e8s [INSTANTZZ AKA Galer\u00eda fotogr\u00e1fica AKA Fotoblog de jazz, impro\u2026 y algo m\u00e1s] - Tomajazz - Lage Lund Trio actu\u00f3 en el 36\u00e8 Jazz Granollers Festival, el 13 de marzo de 2026. Joan Cort\u00e8s lo retrata en INSTANTZZ. Lage Lund Trio son Lage Lund, Orlando Le Fleming, Greg Hutchinson","src":"https:\/\/i0.wp.com\/tomajazz.com\/web\/wp-content\/uploads\/2026\/04\/destacada-02-Lg-Lnd-Photo-by-Joan-Cortes-13mrc26-36JGF-Csn-Gr-bn.jpg?resize=350%2C200&ssl=1","width":350,"height":200,"srcset":"https:\/\/i0.wp.com\/tomajazz.com\/web\/wp-content\/uploads\/2026\/04\/destacada-02-Lg-Lnd-Photo-by-Joan-Cortes-13mrc26-36JGF-Csn-Gr-bn.jpg?resize=350%2C200&ssl=1 1x, https:\/\/i0.wp.com\/tomajazz.com\/web\/wp-content\/uploads\/2026\/04\/destacada-02-Lg-Lnd-Photo-by-Joan-Cortes-13mrc26-36JGF-Csn-Gr-bn.jpg?resize=525%2C300&ssl=1 1.5x"},"classes":[]},{"id":104657,"url":"https:\/\/tomajazz.com\/web\/joan-sanmarti-5t-36-jazz-granollers-2026\/","url_meta":{"origin":35740,"position":2},"title":"Joan Sanmart\u00ed 5t (36\u00e8 Jazz Granollers Festival 2026\/ Casino, 2026-02-20 \/ Granollers -Barcelona-) [I] Por Joan Cort\u00e8s [INSTANTZZ AKA Galer\u00eda fotogr\u00e1fica AKA Fotoblog de jazz, impro\u2026 y algo m\u00e1s]","author":"Tomajazz","date":"2 abril, 2026","format":false,"excerpt":"Joan Sanmart\u00ed 5t actu\u00f3 en el 36\u00e8 Jazz Granollers Festival 2026, el 20 de febrero de 2026. Joan Cort\u00e8s lo retrata en INSTANTZZ. Joan Sanmart\u00ed 5t son Joan Sanmart\u00ed, Gabriel Amargant, Pau Dom\u00e8nech, Marc Cuevas, Joan Vidal","rel":"","context":"En \u00ab36 Jazz Granollers Festival 2026\u00bb","block_context":{"text":"36 Jazz Granollers Festival 2026","link":"https:\/\/tomajazz.com\/web\/category\/contenidos\/especial-contenidos\/36-jazz-granollers-festival-2026\/"},"img":{"alt_text":"Joan Sanmart\u00ed 5t (36\u00e8 Jazz Granollers Festival 2026\/ Casino, 2026-02-20 \/ Granollers -Barcelona-) [I] Por Joan Cort\u00e8s [INSTANTZZ AKA Galer\u00eda fotogr\u00e1fica AKA Fotoblog de jazz, impro\u2026 y algo m\u00e1s] - Tomajazz - Joan Sanmart\u00ed 5t actu\u00f3 en el 36\u00e8 Jazz Granollers Festival 2026, el 20 de febrero de 2026. Joan Cort\u00e8s lo retrata en INSTANTZZ. Joan Sanmart\u00ed 5t son Joan Sanmart\u00ed, Gabriel Amargant, Pau Dom\u00e8nech, Marc Cuevas, Joan Vidal\n","src":"https:\/\/i0.wp.com\/tomajazz.com\/web\/wp-content\/uploads\/2026\/04\/destacada-09-Jn-Snmrt-5t-Photo-By-Joan-Cortes-20fbr26-36FJG-Csn-Grn.jpg?resize=350%2C200&ssl=1","width":350,"height":200},"classes":[]},{"id":104847,"url":"https:\/\/tomajazz.com\/web\/alba-careta-group-panical-jazz-granollers-2026\/","url_meta":{"origin":35740,"position":3},"title":"Alba Careta Group \u201cPanical\u201d (36\u00e8 Jazz Granollers Festival \/ Casino, 2026-02-27 \/ Granollers -Barcelona-) [II] Por Joan Cort\u00e8s [INSTANTZZ AKA Galer\u00eda fotogr\u00e1fica AKA Fotoblog de jazz, impro\u2026 y algo m\u00e1s]","author":"Tomajazz","date":"12 abril, 2026","format":false,"excerpt":"Alba Careta Group \u201cPanical\u201d actu\u00f3 en el 36\u00e8 Jazz Granollers Festival, el 27 de febrero de 2026. Joan Cort\u00e8s lo retrata en INSTANTZZ. Alba Careta Group \u201cPanical\u201d son Alba Careta, Lucas Mart\u00ednez, Roger Santacana, Giuseppe Campisi, Jordi Pallar\u00e9s","rel":"","context":"En \u00ab36 Jazz Granollers Festival 2026\u00bb","block_context":{"text":"36 Jazz Granollers Festival 2026","link":"https:\/\/tomajazz.com\/web\/category\/contenidos\/especial-contenidos\/36-jazz-granollers-festival-2026\/"},"img":{"alt_text":"Alba Careta Group \u201cPanical\u201d (36\u00e8 Jazz Granollers Festival \/ Casino, 2026-02-27 \/ Granollers -Barcelona-) [II] Por Joan Cort\u00e8s [INSTANTZZ AKA Galer\u00eda fotogr\u00e1fica AKA Fotoblog de jazz, impro\u2026 y algo m\u00e1s] - Tomajazz - Alba Careta Group \u201cPanical\u201d actu\u00f3 en el 36\u00e8 Jazz Granollers Festival, el 27 de febrero de 2026. Joan Cort\u00e8s lo retrata en INSTANTZZ. Alba Careta Group \u201cPanical\u201d son Alba Careta, Lucas Mart\u00ednez, Roger Santacana, Giuseppe Campisi, Jordi Pallar\u00e9s\n","src":"https:\/\/i0.wp.com\/tomajazz.com\/web\/wp-content\/uploads\/2026\/04\/destacada-03-lb-Crt-Grp-Photo-by-Joan-Cortes-27fbr26-36JGF-CG-CR-Grnllrs.jpg?resize=350%2C200&ssl=1","width":350,"height":200,"srcset":"https:\/\/i0.wp.com\/tomajazz.com\/web\/wp-content\/uploads\/2026\/04\/destacada-03-lb-Crt-Grp-Photo-by-Joan-Cortes-27fbr26-36JGF-CG-CR-Grnllrs.jpg?resize=350%2C200&ssl=1 1x, https:\/\/i0.wp.com\/tomajazz.com\/web\/wp-content\/uploads\/2026\/04\/destacada-03-lb-Crt-Grp-Photo-by-Joan-Cortes-27fbr26-36JGF-CG-CR-Grnllrs.jpg?resize=525%2C300&ssl=1 1.5x"},"classes":[]},{"id":26703,"url":"https:\/\/tomajazz.com\/web\/instantzz-guillem-arnedo-band-celeste-alias-casino-club-de-ritme-44e-cicle-de-jazzgranollers-granollers-2016-09-23-galeria-fotografica\/","url_meta":{"origin":35740,"position":4},"title":"INSTANTZZ: Guillem Arnedo Band &#038; Celeste Al\u00edas (Casino Club de Ritme, 44\u00e8 Cicle de JazzGranollers, Granollers. 2016-09-23) [Galer\u00eda fotogr\u00e1fica]","author":"Tomajazz","date":"4 octubre, 2016","format":false,"excerpt":"Fecha: Viernes, 23 de setiembre de 2016 Lugar: Casino Club de Ritme, Granollers (Barcelona) Componentes: Celeste Al\u00edas, voz Guillem Arnedo, bater\u00eda Roger Mas, piano Jaume Llombart, guitarra Dee Jay Foster, contrabajo \u00a9 Joan Cort\u00e8s, 2016","rel":"","context":"En \u00ab*_Joan Cort\u00e8s\u00bb","block_context":{"text":"*_Joan Cort\u00e8s","link":"https:\/\/tomajazz.com\/web\/category\/joan-cortes\/"},"img":{"alt_text":"","src":"https:\/\/i0.wp.com\/tomajazz.com\/web\/wp-content\/uploads\/2016\/10\/05_Gllm-rnd-Bnd-%C2%A9Joan-Cort%C3%A8s_23set16_CCR_44CJG_Grnllrs.jpg?resize=350%2C200&ssl=1","width":350,"height":200,"srcset":"https:\/\/i0.wp.com\/tomajazz.com\/web\/wp-content\/uploads\/2016\/10\/05_Gllm-rnd-Bnd-%C2%A9Joan-Cort%C3%A8s_23set16_CCR_44CJG_Grnllrs.jpg?resize=350%2C200&ssl=1 1x, https:\/\/i0.wp.com\/tomajazz.com\/web\/wp-content\/uploads\/2016\/10\/05_Gllm-rnd-Bnd-%C2%A9Joan-Cort%C3%A8s_23set16_CCR_44CJG_Grnllrs.jpg?resize=525%2C300&ssl=1 1.5x"},"classes":[]},{"id":24029,"url":"https:\/\/tomajazz.com\/web\/instantzz-memoria-uno-26e-jazz-granollers-festival-casino-club-de-ritme-barcelona-2016-02-26\/","url_meta":{"origin":35740,"position":5},"title":"INSTANTZZ: Memoria Uno (26\u00e8 Jazz Granollers Festival. Casino Club de Ritme, Barcelona. 2016-02-26)","author":"Tomajazz","date":"10 mayo, 2016","format":false,"excerpt":"Fecha: Viernes, 26 de febrero de 2016 Lugar: Casino Club de Ritme \/ Granollers (Barcelona) Componentes: Iv\u00e1n Gonz\u00e1lez, conducci\u00f3n Agust\u00ed Fern\u00e1ndez, piano Johannes N\u00e4stesj\u00f6, contrabajo \u00c0lex Reviriego, contrabajo Pablo Rega, guitarra Christer Both\u00e9n, clarinete bajo Tom Chant, saxo tenor y soprano Juli\u00e1n S\u00e1nchez, trompeta Pol Padr\u00f3s, trompeta Albert Cirera, saxo\u2026","rel":"","context":"En \u00ab*_Joan Cort\u00e8s\u00bb","block_context":{"text":"*_Joan Cort\u00e8s","link":"https:\/\/tomajazz.com\/web\/category\/joan-cortes\/"},"img":{"alt_text":"","src":"https:\/\/i0.wp.com\/tomajazz.com\/web\/wp-content\/uploads\/2016\/05\/10_Mmr-n-%C2%A9Joan-Cort%C3%A8s_26feb16_26JFG_Csn_Gr.jpg?resize=350%2C200&ssl=1","width":350,"height":200,"srcset":"https:\/\/i0.wp.com\/tomajazz.com\/web\/wp-content\/uploads\/2016\/05\/10_Mmr-n-%C2%A9Joan-Cort%C3%A8s_26feb16_26JFG_Csn_Gr.jpg?resize=350%2C200&ssl=1 1x, https:\/\/i0.wp.com\/tomajazz.com\/web\/wp-content\/uploads\/2016\/05\/10_Mmr-n-%C2%A9Joan-Cort%C3%A8s_26feb16_26JFG_Csn_Gr.jpg?resize=525%2C300&ssl=1 1.5x"},"classes":[]}],"_links":{"self":[{"href":"https:\/\/tomajazz.com\/web\/wp-json\/wp\/v2\/posts\/35740","targetHints":{"allow":["GET"]}}],"collection":[{"href":"https:\/\/tomajazz.com\/web\/wp-json\/wp\/v2\/posts"}],"about":[{"href":"https:\/\/tomajazz.com\/web\/wp-json\/wp\/v2\/types\/post"}],"author":[{"embeddable":true,"href":"https:\/\/tomajazz.com\/web\/wp-json\/wp\/v2\/users\/1"}],"replies":[{"embeddable":true,"href":"https:\/\/tomajazz.com\/web\/wp-json\/wp\/v2\/comments?post=35740"}],"version-history":[{"count":1,"href":"https:\/\/tomajazz.com\/web\/wp-json\/wp\/v2\/posts\/35740\/revisions"}],"predecessor-version":[{"id":35751,"href":"https:\/\/tomajazz.com\/web\/wp-json\/wp\/v2\/posts\/35740\/revisions\/35751"}],"wp:featuredmedia":[{"embeddable":true,"href":"https:\/\/tomajazz.com\/web\/wp-json\/wp\/v2\/media\/35748"}],"wp:attachment":[{"href":"https:\/\/tomajazz.com\/web\/wp-json\/wp\/v2\/media?parent=35740"}],"wp:term":[{"taxonomy":"category","embeddable":true,"href":"https:\/\/tomajazz.com\/web\/wp-json\/wp\/v2\/categories?post=35740"},{"taxonomy":"post_tag","embeddable":true,"href":"https:\/\/tomajazz.com\/web\/wp-json\/wp\/v2\/tags?post=35740"}],"curies":[{"name":"wp","href":"https:\/\/api.w.org\/{rel}","templated":true}]}}