{"id":35989,"date":"2018-04-09T11:00:33","date_gmt":"2018-04-09T09:00:33","guid":{"rendered":"https:\/\/www.tomajazz.com\/web\/?p=35989"},"modified":"2022-09-08T21:30:29","modified_gmt":"2022-09-08T19:30:29","slug":"instantzz-marcel%c2%b7li-bayer-oriol-roca-i-pablo-selnik-som-hi-som-hi-sinestesia-barcelona-2018-01-30-galeria-fotografica","status":"publish","type":"post","link":"https:\/\/tomajazz.com\/web\/instantzz-marcel%c2%b7li-bayer-oriol-roca-i-pablo-selnik-som-hi-som-hi-sinestesia-barcelona-2018-01-30-galeria-fotografica\/","title":{"rendered":"INSTANTZZ: Marcel\u00b7l\u00ed Bayer, Oriol Roca i Pablo Selnik (Som-hi? Som-hi!, Sinestesia, Barcelona. 2018-01-30) [Galer\u00eda fotogr\u00e1fica]"},"content":{"rendered":"<ul>\n<li>Fecha: Martes, 30 de enero de 2018<\/li>\n<li>Lugar: Sinestesia (Barcelona)<\/li>\n<li>Grupo:<br \/>\n<strong>Bayer &#8211; Selnik &#8211; Roca<\/strong><br \/>\nMarcel-l\u00ed Bayer, clarinetes<br \/>\nPablo Selnik, flautas<br \/>\nOriol Roca, bater\u00eda<\/li>\n<\/ul>\n<p style=\"text-align: center;\"><img loading=\"lazy\" decoding=\"async\" class=\"aligncenter size-large wp-image-35990\" src=\"https:\/\/tomajazz.com\/web\/wp-content\/uploads\/2018\/04\/01_Byr-Rc-Slnk-\u00a9Joan-Cort\u00e8s_30gen18_Snsts_Sm-mh-Sm-mh_Brcln-600x399.jpg\" alt=\"\" width=\"600\" height=\"399\" title=\"\" srcset=\"https:\/\/tomajazz.com\/web\/wp-content\/uploads\/2018\/04\/01_Byr-Rc-Slnk-\u00a9Joan-Cort\u00e8s_30gen18_Snsts_Sm-mh-Sm-mh_Brcln.jpg 600w, https:\/\/tomajazz.com\/web\/wp-content\/uploads\/2018\/04\/01_Byr-Rc-Slnk-\u00a9Joan-Cort\u00e8s_30gen18_Snsts_Sm-mh-Sm-mh_Brcln-200x133.jpg 200w, https:\/\/tomajazz.com\/web\/wp-content\/uploads\/2018\/04\/01_Byr-Rc-Slnk-\u00a9Joan-Cort\u00e8s_30gen18_Snsts_Sm-mh-Sm-mh_Brcln-83x55.jpg 83w, https:\/\/tomajazz.com\/web\/wp-content\/uploads\/2018\/04\/01_Byr-Rc-Slnk-\u00a9Joan-Cort\u00e8s_30gen18_Snsts_Sm-mh-Sm-mh_Brcln-60x40.jpg 60w, https:\/\/tomajazz.com\/web\/wp-content\/uploads\/2018\/04\/01_Byr-Rc-Slnk-\u00a9Joan-Cort\u00e8s_30gen18_Snsts_Sm-mh-Sm-mh_Brcln-120x80.jpg 120w\" sizes=\"auto, (max-width: 600px) 100vw, 600px\" \/> <img loading=\"lazy\" decoding=\"async\" class=\"aligncenter size-large wp-image-35991\" src=\"https:\/\/tomajazz.com\/web\/wp-content\/uploads\/2018\/04\/02_Byr-Rc-Slnk-\u00a9Joan-Cort\u00e8s_30gen18_Snsts_Sm-mh-Sm-mh_Brcln-399x600.jpg\" alt=\"\" width=\"399\" height=\"600\" title=\"\" srcset=\"https:\/\/tomajazz.com\/web\/wp-content\/uploads\/2018\/04\/02_Byr-Rc-Slnk-\u00a9Joan-Cort\u00e8s_30gen18_Snsts_Sm-mh-Sm-mh_Brcln.jpg 399w, https:\/\/tomajazz.com\/web\/wp-content\/uploads\/2018\/04\/02_Byr-Rc-Slnk-\u00a9Joan-Cort\u00e8s_30gen18_Snsts_Sm-mh-Sm-mh_Brcln-200x300.jpg 200w, https:\/\/tomajazz.com\/web\/wp-content\/uploads\/2018\/04\/02_Byr-Rc-Slnk-\u00a9Joan-Cort\u00e8s_30gen18_Snsts_Sm-mh-Sm-mh_Brcln-37x55.jpg 37w\" sizes=\"auto, (max-width: 399px) 100vw, 399px\" \/> <img loading=\"lazy\" decoding=\"async\" class=\"aligncenter size-large wp-image-35992\" src=\"https:\/\/tomajazz.com\/web\/wp-content\/uploads\/2018\/04\/03_Byr-Rc-Slnk-\u00a9Joan-Cort\u00e8s_30gen18_Snsts_Sm-mh-Sm-mh_Brcln-600x399.jpg\" alt=\"\" width=\"600\" height=\"399\" title=\"\" srcset=\"https:\/\/tomajazz.com\/web\/wp-content\/uploads\/2018\/04\/03_Byr-Rc-Slnk-\u00a9Joan-Cort\u00e8s_30gen18_Snsts_Sm-mh-Sm-mh_Brcln.jpg 600w, https:\/\/tomajazz.com\/web\/wp-content\/uploads\/2018\/04\/03_Byr-Rc-Slnk-\u00a9Joan-Cort\u00e8s_30gen18_Snsts_Sm-mh-Sm-mh_Brcln-200x133.jpg 200w, https:\/\/tomajazz.com\/web\/wp-content\/uploads\/2018\/04\/03_Byr-Rc-Slnk-\u00a9Joan-Cort\u00e8s_30gen18_Snsts_Sm-mh-Sm-mh_Brcln-83x55.jpg 83w, https:\/\/tomajazz.com\/web\/wp-content\/uploads\/2018\/04\/03_Byr-Rc-Slnk-\u00a9Joan-Cort\u00e8s_30gen18_Snsts_Sm-mh-Sm-mh_Brcln-60x40.jpg 60w, https:\/\/tomajazz.com\/web\/wp-content\/uploads\/2018\/04\/03_Byr-Rc-Slnk-\u00a9Joan-Cort\u00e8s_30gen18_Snsts_Sm-mh-Sm-mh_Brcln-120x80.jpg 120w\" sizes=\"auto, (max-width: 600px) 100vw, 600px\" \/> <img loading=\"lazy\" decoding=\"async\" class=\"aligncenter size-large wp-image-35993\" src=\"https:\/\/tomajazz.com\/web\/wp-content\/uploads\/2018\/04\/04_Byr-Rc-Slnk-\u00a9Joan-Cort\u00e8s_30gen18_Snsts_Sm-mh-Sm-mh_Brcln-600x399.jpg\" alt=\"\" width=\"600\" height=\"399\" title=\"\" srcset=\"https:\/\/tomajazz.com\/web\/wp-content\/uploads\/2018\/04\/04_Byr-Rc-Slnk-\u00a9Joan-Cort\u00e8s_30gen18_Snsts_Sm-mh-Sm-mh_Brcln.jpg 600w, https:\/\/tomajazz.com\/web\/wp-content\/uploads\/2018\/04\/04_Byr-Rc-Slnk-\u00a9Joan-Cort\u00e8s_30gen18_Snsts_Sm-mh-Sm-mh_Brcln-200x133.jpg 200w, https:\/\/tomajazz.com\/web\/wp-content\/uploads\/2018\/04\/04_Byr-Rc-Slnk-\u00a9Joan-Cort\u00e8s_30gen18_Snsts_Sm-mh-Sm-mh_Brcln-83x55.jpg 83w, https:\/\/tomajazz.com\/web\/wp-content\/uploads\/2018\/04\/04_Byr-Rc-Slnk-\u00a9Joan-Cort\u00e8s_30gen18_Snsts_Sm-mh-Sm-mh_Brcln-60x40.jpg 60w, https:\/\/tomajazz.com\/web\/wp-content\/uploads\/2018\/04\/04_Byr-Rc-Slnk-\u00a9Joan-Cort\u00e8s_30gen18_Snsts_Sm-mh-Sm-mh_Brcln-120x80.jpg 120w\" sizes=\"auto, (max-width: 600px) 100vw, 600px\" \/> <img loading=\"lazy\" decoding=\"async\" class=\"aligncenter size-large wp-image-35994\" src=\"https:\/\/tomajazz.com\/web\/wp-content\/uploads\/2018\/04\/05_Byr-Rc-Slnk-\u00a9Joan-Cort\u00e8s_30gen18_Snsts_Sm-mh-Sm-mh_Brcln-600x399.jpg\" alt=\"\" width=\"600\" height=\"399\" title=\"\" srcset=\"https:\/\/tomajazz.com\/web\/wp-content\/uploads\/2018\/04\/05_Byr-Rc-Slnk-\u00a9Joan-Cort\u00e8s_30gen18_Snsts_Sm-mh-Sm-mh_Brcln.jpg 600w, https:\/\/tomajazz.com\/web\/wp-content\/uploads\/2018\/04\/05_Byr-Rc-Slnk-\u00a9Joan-Cort\u00e8s_30gen18_Snsts_Sm-mh-Sm-mh_Brcln-200x133.jpg 200w, https:\/\/tomajazz.com\/web\/wp-content\/uploads\/2018\/04\/05_Byr-Rc-Slnk-\u00a9Joan-Cort\u00e8s_30gen18_Snsts_Sm-mh-Sm-mh_Brcln-83x55.jpg 83w, https:\/\/tomajazz.com\/web\/wp-content\/uploads\/2018\/04\/05_Byr-Rc-Slnk-\u00a9Joan-Cort\u00e8s_30gen18_Snsts_Sm-mh-Sm-mh_Brcln-60x40.jpg 60w, https:\/\/tomajazz.com\/web\/wp-content\/uploads\/2018\/04\/05_Byr-Rc-Slnk-\u00a9Joan-Cort\u00e8s_30gen18_Snsts_Sm-mh-Sm-mh_Brcln-120x80.jpg 120w\" sizes=\"auto, (max-width: 600px) 100vw, 600px\" \/> <img loading=\"lazy\" decoding=\"async\" class=\"aligncenter size-large wp-image-35995\" src=\"https:\/\/tomajazz.com\/web\/wp-content\/uploads\/2018\/04\/06_Byr-Rc-Slnk-\u00a9Joan-Cort\u00e8s_30gen18_Snsts_Sm-mh-Sm-mh_Brcln-600x399.jpg\" alt=\"\" width=\"600\" height=\"399\" title=\"\" srcset=\"https:\/\/tomajazz.com\/web\/wp-content\/uploads\/2018\/04\/06_Byr-Rc-Slnk-\u00a9Joan-Cort\u00e8s_30gen18_Snsts_Sm-mh-Sm-mh_Brcln.jpg 600w, https:\/\/tomajazz.com\/web\/wp-content\/uploads\/2018\/04\/06_Byr-Rc-Slnk-\u00a9Joan-Cort\u00e8s_30gen18_Snsts_Sm-mh-Sm-mh_Brcln-200x133.jpg 200w, https:\/\/tomajazz.com\/web\/wp-content\/uploads\/2018\/04\/06_Byr-Rc-Slnk-\u00a9Joan-Cort\u00e8s_30gen18_Snsts_Sm-mh-Sm-mh_Brcln-83x55.jpg 83w, https:\/\/tomajazz.com\/web\/wp-content\/uploads\/2018\/04\/06_Byr-Rc-Slnk-\u00a9Joan-Cort\u00e8s_30gen18_Snsts_Sm-mh-Sm-mh_Brcln-60x40.jpg 60w, https:\/\/tomajazz.com\/web\/wp-content\/uploads\/2018\/04\/06_Byr-Rc-Slnk-\u00a9Joan-Cort\u00e8s_30gen18_Snsts_Sm-mh-Sm-mh_Brcln-120x80.jpg 120w\" sizes=\"auto, (max-width: 600px) 100vw, 600px\" \/> <img loading=\"lazy\" decoding=\"async\" class=\"aligncenter size-large wp-image-35996\" src=\"https:\/\/tomajazz.com\/web\/wp-content\/uploads\/2018\/04\/07_Byr-Rc-Slnk-\u00a9Joan-Cort\u00e8s_30gen18_Snsts_Sm-mh-Sm-mh_Brcln-600x399.jpg\" alt=\"\" width=\"600\" height=\"399\" title=\"\" srcset=\"https:\/\/tomajazz.com\/web\/wp-content\/uploads\/2018\/04\/07_Byr-Rc-Slnk-\u00a9Joan-Cort\u00e8s_30gen18_Snsts_Sm-mh-Sm-mh_Brcln.jpg 600w, https:\/\/tomajazz.com\/web\/wp-content\/uploads\/2018\/04\/07_Byr-Rc-Slnk-\u00a9Joan-Cort\u00e8s_30gen18_Snsts_Sm-mh-Sm-mh_Brcln-200x133.jpg 200w, https:\/\/tomajazz.com\/web\/wp-content\/uploads\/2018\/04\/07_Byr-Rc-Slnk-\u00a9Joan-Cort\u00e8s_30gen18_Snsts_Sm-mh-Sm-mh_Brcln-83x55.jpg 83w, https:\/\/tomajazz.com\/web\/wp-content\/uploads\/2018\/04\/07_Byr-Rc-Slnk-\u00a9Joan-Cort\u00e8s_30gen18_Snsts_Sm-mh-Sm-mh_Brcln-60x40.jpg 60w, https:\/\/tomajazz.com\/web\/wp-content\/uploads\/2018\/04\/07_Byr-Rc-Slnk-\u00a9Joan-Cort\u00e8s_30gen18_Snsts_Sm-mh-Sm-mh_Brcln-120x80.jpg 120w\" sizes=\"auto, (max-width: 600px) 100vw, 600px\" \/> <img loading=\"lazy\" decoding=\"async\" class=\"aligncenter size-large wp-image-35997\" src=\"https:\/\/tomajazz.com\/web\/wp-content\/uploads\/2018\/04\/08_Byr-Rc-Slnk-\u00a9Joan-Cort\u00e8s_30gen18_Snsts_Sm-mh-Sm-mh_Brcln-600x399.jpg\" alt=\"\" width=\"600\" height=\"399\" title=\"\" srcset=\"https:\/\/tomajazz.com\/web\/wp-content\/uploads\/2018\/04\/08_Byr-Rc-Slnk-\u00a9Joan-Cort\u00e8s_30gen18_Snsts_Sm-mh-Sm-mh_Brcln.jpg 600w, https:\/\/tomajazz.com\/web\/wp-content\/uploads\/2018\/04\/08_Byr-Rc-Slnk-\u00a9Joan-Cort\u00e8s_30gen18_Snsts_Sm-mh-Sm-mh_Brcln-200x133.jpg 200w, https:\/\/tomajazz.com\/web\/wp-content\/uploads\/2018\/04\/08_Byr-Rc-Slnk-\u00a9Joan-Cort\u00e8s_30gen18_Snsts_Sm-mh-Sm-mh_Brcln-83x55.jpg 83w, https:\/\/tomajazz.com\/web\/wp-content\/uploads\/2018\/04\/08_Byr-Rc-Slnk-\u00a9Joan-Cort\u00e8s_30gen18_Snsts_Sm-mh-Sm-mh_Brcln-60x40.jpg 60w, https:\/\/tomajazz.com\/web\/wp-content\/uploads\/2018\/04\/08_Byr-Rc-Slnk-\u00a9Joan-Cort\u00e8s_30gen18_Snsts_Sm-mh-Sm-mh_Brcln-120x80.jpg 120w\" sizes=\"auto, (max-width: 600px) 100vw, 600px\" \/> <img loading=\"lazy\" decoding=\"async\" class=\"aligncenter size-large wp-image-35998\" src=\"https:\/\/tomajazz.com\/web\/wp-content\/uploads\/2018\/04\/09_Byr-Rc-Slnk-\u00a9Joan-Cort\u00e8s_30gen18_Snsts_Sm-mh-Sm-mh_Brcln-399x600.jpg\" alt=\"\" width=\"399\" height=\"600\" title=\"\" srcset=\"https:\/\/tomajazz.com\/web\/wp-content\/uploads\/2018\/04\/09_Byr-Rc-Slnk-\u00a9Joan-Cort\u00e8s_30gen18_Snsts_Sm-mh-Sm-mh_Brcln.jpg 399w, https:\/\/tomajazz.com\/web\/wp-content\/uploads\/2018\/04\/09_Byr-Rc-Slnk-\u00a9Joan-Cort\u00e8s_30gen18_Snsts_Sm-mh-Sm-mh_Brcln-200x300.jpg 200w, https:\/\/tomajazz.com\/web\/wp-content\/uploads\/2018\/04\/09_Byr-Rc-Slnk-\u00a9Joan-Cort\u00e8s_30gen18_Snsts_Sm-mh-Sm-mh_Brcln-37x55.jpg 37w\" sizes=\"auto, (max-width: 399px) 100vw, 399px\" \/> <img loading=\"lazy\" decoding=\"async\" class=\"aligncenter size-large wp-image-35999\" src=\"https:\/\/tomajazz.com\/web\/wp-content\/uploads\/2018\/04\/10_Byr-Rc-Slnk-\u00a9Joan-Cort\u00e8s_30gen18_Snsts_Sm-mh-Sm-mh_Brcln-600x399.jpg\" alt=\"\" width=\"600\" height=\"399\" title=\"\" srcset=\"https:\/\/tomajazz.com\/web\/wp-content\/uploads\/2018\/04\/10_Byr-Rc-Slnk-\u00a9Joan-Cort\u00e8s_30gen18_Snsts_Sm-mh-Sm-mh_Brcln.jpg 600w, https:\/\/tomajazz.com\/web\/wp-content\/uploads\/2018\/04\/10_Byr-Rc-Slnk-\u00a9Joan-Cort\u00e8s_30gen18_Snsts_Sm-mh-Sm-mh_Brcln-200x133.jpg 200w, https:\/\/tomajazz.com\/web\/wp-content\/uploads\/2018\/04\/10_Byr-Rc-Slnk-\u00a9Joan-Cort\u00e8s_30gen18_Snsts_Sm-mh-Sm-mh_Brcln-83x55.jpg 83w, https:\/\/tomajazz.com\/web\/wp-content\/uploads\/2018\/04\/10_Byr-Rc-Slnk-\u00a9Joan-Cort\u00e8s_30gen18_Snsts_Sm-mh-Sm-mh_Brcln-60x40.jpg 60w, https:\/\/tomajazz.com\/web\/wp-content\/uploads\/2018\/04\/10_Byr-Rc-Slnk-\u00a9Joan-Cort\u00e8s_30gen18_Snsts_Sm-mh-Sm-mh_Brcln-120x80.jpg 120w\" sizes=\"auto, (max-width: 600px) 100vw, 600px\" \/><\/p>\n<p style=\"text-align: right;\"><strong>Tomajazz<\/strong>:\u00a0\u00a9\u00a0<strong>Joan Cort\u00e8s<\/strong>, 2018<\/p>\n","protected":false},"excerpt":{"rendered":"<p>Fecha: Martes, 30 de enero de 2018 Lugar: Sinestesia (Barcelona) Grupo: Bayer &#8211; Selnik &#8211; Roca Marcel-l\u00ed Bayer, clarinetes Pablo Selnik, flautas Oriol Roca, bater\u00eda Tomajazz:\u00a0\u00a9\u00a0Joan Cort\u00e8s, 2018<span class=\"more-link\"><a href=\"https:\/\/tomajazz.com\/web\/instantzz-marcel%c2%b7li-bayer-oriol-roca-i-pablo-selnik-som-hi-som-hi-sinestesia-barcelona-2018-01-30-galeria-fotografica\/\">Contin\u00faa leyendo<\/a><\/span><\/p>\n","protected":false},"author":1,"featured_media":35995,"comment_status":"open","ping_status":"closed","sticky":false,"template":"","format":"standard","meta":{"jetpack_post_was_ever_published":false,"_jetpack_newsletter_access":"","_jetpack_dont_email_post_to_subs":false,"_jetpack_newsletter_tier_id":0,"_jetpack_memberships_contains_paywalled_content":false,"_jetpack_memberships_contains_paid_content":false,"footnotes":""},"categories":[17853,11262,15516,11261,1038],"tags":[21177,1041,12064,1045,1136],"class_list":["entry","author-pachi","post-35989","post","type-post","status-publish","format-standard","has-post-thumbnail","category-joan-cortes","category-photoblogs","category-imagenes","category-instantzz","category-contenidos","tag-bayer-selnik-roca","tag-joan-cortes","tag-marcelli-bayer","tag-oriol-roca","tag-pablo-selnik"],"jetpack_featured_media_url":"https:\/\/tomajazz.com\/web\/wp-content\/uploads\/2018\/04\/06_Byr-Rc-Slnk-\u00a9Joan-Cort\u00e8s_30gen18_Snsts_Sm-mh-Sm-mh_Brcln.jpg","jetpack_likes_enabled":true,"jetpack_sharing_enabled":true,"jetpack-related-posts":[{"id":34800,"url":"https:\/\/tomajazz.com\/web\/sinestesia-selnik-bayer-roca-ciclo-de-musica-improvisada-barcelona-2017-01-30-noticias\/","url_meta":{"origin":35989,"position":0},"title":"Sinestesia: Selnik &#8211; Bayer &#8211; Roca. Ciclo de M\u00fasica Improvisada (Barcelona. 2018-01-30) [Noticias]","author":"Tomajazz","date":"29 enero, 2018","format":false,"excerpt":"Sinestesia Ciclo de M\u00fasica Improvisada Martes 30 de enero de 2018 a las 20:00 Concierto de\u00a0Pablo Selnik - Marcel\u00b7l\u00ed Bayer - Oriol Roca Con la colaboraci\u00f3n de Marianne Brull Sinestesia C\/Santa Caterina 52-54 Barcelona \u2013 Sants","rel":"","context":"En \u00ab*_Redacci\u00f3n\u00bb","block_context":{"text":"*_Redacci\u00f3n","link":"https:\/\/tomajazz.com\/web\/category\/redaccion\/"},"img":{"alt_text":"","src":"https:\/\/i0.wp.com\/tomajazz.com\/web\/wp-content\/uploads\/2018\/01\/Sinestesia_20180130.jpg?resize=350%2C200&ssl=1","width":350,"height":200,"srcset":"https:\/\/i0.wp.com\/tomajazz.com\/web\/wp-content\/uploads\/2018\/01\/Sinestesia_20180130.jpg?resize=350%2C200&ssl=1 1x, https:\/\/i0.wp.com\/tomajazz.com\/web\/wp-content\/uploads\/2018\/01\/Sinestesia_20180130.jpg?resize=525%2C300&ssl=1 1.5x"},"classes":[]},{"id":50998,"url":"https:\/\/tomajazz.com\/web\/instantzz-pablo-selnik-monografico-galeria-fotografica-aka-fotoblog-de-jazz-impro-y-algo-mas\/","url_meta":{"origin":35989,"position":1},"title":"INSTANTZZ: Pablo Selnik (monogr\u00e1fico) [Galer\u00eda fotogr\u00e1fica AKA Fotoblog de jazz, impro&#8230; y algo m\u00e1s]","author":"Tomajazz","date":"2 julio, 2020","format":false,"excerpt":"Pablo Selnik es el protagonista de un nuevo especial de Joan Cort\u00e8s en INSTANTZZ. La galer\u00eda fotogr\u00e1fica recoge 14 instant\u00e1neas tomadas entre 2015 y 2019.","rel":"","context":"En \u00abFotoblog - Galer\u00eda fotogr\u00e1fica\u00bb","block_context":{"text":"Fotoblog - Galer\u00eda fotogr\u00e1fica","link":"https:\/\/tomajazz.com\/web\/category\/contenidos\/imagenes\/photoblogs\/"},"img":{"alt_text":"","src":"https:\/\/i0.wp.com\/tomajazz.com\/web\/wp-content\/uploads\/2020\/07\/03_Gl-Vll-Lbr-%C2%A9Joan-Cort%C3%A8s_Hrshm_13des15_Bcn.jpg?resize=350%2C200&ssl=1","width":350,"height":200,"srcset":"https:\/\/i0.wp.com\/tomajazz.com\/web\/wp-content\/uploads\/2020\/07\/03_Gl-Vll-Lbr-%C2%A9Joan-Cort%C3%A8s_Hrshm_13des15_Bcn.jpg?resize=350%2C200&ssl=1 1x, https:\/\/i0.wp.com\/tomajazz.com\/web\/wp-content\/uploads\/2020\/07\/03_Gl-Vll-Lbr-%C2%A9Joan-Cort%C3%A8s_Hrshm_13des15_Bcn.jpg?resize=525%2C300&ssl=1 1.5x"},"classes":[]},{"id":25654,"url":"https:\/\/tomajazz.com\/web\/instantzz-memoria-uno-11a-sessio-sala-fenix-barcelona-2016-05-31\/","url_meta":{"origin":35989,"position":2},"title":"INSTANTZZ: Memoria Uno -11a sessi\u00f3- (Sala F\u00e8nix, Barcelona. 2016-05-31) [Galer\u00eda fotogr\u00e1fica]","author":"Tomajazz","date":"27 julio, 2016","format":false,"excerpt":"Fecha: Martes, 31 de mayo de 2016 Lugar: Sala F\u00e8nix, Barcelona Componentes: Memoria Uno Iv\u00e1n Gonz\u00e1lez, conducci\u00f3n y trompeta Agust\u00ed Fern\u00e1ndez, piano y conducci\u00f3n Pablo Selnik, flauta N\u00faria Andorr\u00e0, percusi\u00f3n Pablo Rega, guitarra el\u00e9ctrica Oriol Roca, bater\u00eda Marc Cuevas, contrabajo \u00c0lex Reviriego, contrabajo Pol Padr\u00f3s, trompeta Marcel\u00b7l\u00ed Bayer, clarinete bajo\u2026","rel":"","context":"En \u00ab*_Joan Cort\u00e8s\u00bb","block_context":{"text":"*_Joan Cort\u00e8s","link":"https:\/\/tomajazz.com\/web\/category\/joan-cortes\/"},"img":{"alt_text":"","src":"https:\/\/i0.wp.com\/tomajazz.com\/web\/wp-content\/uploads\/2016\/07\/06_Mmr-n-11s-%C2%A9Joan-Cort%C3%A8s_31mai16_Sl-Fnx_Brcln.jpg?resize=350%2C200&ssl=1","width":350,"height":200,"srcset":"https:\/\/i0.wp.com\/tomajazz.com\/web\/wp-content\/uploads\/2016\/07\/06_Mmr-n-11s-%C2%A9Joan-Cort%C3%A8s_31mai16_Sl-Fnx_Brcln.jpg?resize=350%2C200&ssl=1 1x, https:\/\/i0.wp.com\/tomajazz.com\/web\/wp-content\/uploads\/2016\/07\/06_Mmr-n-11s-%C2%A9Joan-Cort%C3%A8s_31mai16_Sl-Fnx_Brcln.jpg?resize=525%2C300&ssl=1 1.5x"},"classes":[]},{"id":25257,"url":"https:\/\/tomajazz.com\/web\/instantzz-memoria-uno-10a-sessio-sala-fenix-barcelona-2016-04-26\/","url_meta":{"origin":35989,"position":3},"title":"INSTANTZZ: Memoria Uno -10a sessi\u00f3- (Sala F\u00e8nix, Barcelona. 2016-04-26) [Galer\u00eda fotogr\u00e1fica]","author":"Tomajazz","date":"7 julio, 2016","format":false,"excerpt":"Fecha: Martes, 26 de abril de 2016 Lugar: Sala F\u00e8nix (Barcelona) Componentes: Memoria Uno Iv\u00e1n Gonz\u00e1lez, conducci\u00f3n Celesta Al\u00edas, voz Ilona Schneider, voz Magal\u00ed Sare, voz Diana Palau, voz Joana Gomila, voz Marta Valero, voz Rub\u00e9n Fern\u00e1ndez, voz Bru Ferri, voz Marcel\u00b7l\u00ed Bayer, clarinete bajo Luiz Rocha, clarinete bajo Marc\u2026","rel":"","context":"En \u00ab*_Joan Cort\u00e8s\u00bb","block_context":{"text":"*_Joan Cort\u00e8s","link":"https:\/\/tomajazz.com\/web\/category\/joan-cortes\/"},"img":{"alt_text":"","src":"https:\/\/i0.wp.com\/tomajazz.com\/web\/wp-content\/uploads\/2016\/07\/09_Mmr-n-s10-%C2%A9Joan-Cort%C3%A8s_26abr16_Sl-Fnx_Brcln.jpg?resize=350%2C200&ssl=1","width":350,"height":200,"srcset":"https:\/\/i0.wp.com\/tomajazz.com\/web\/wp-content\/uploads\/2016\/07\/09_Mmr-n-s10-%C2%A9Joan-Cort%C3%A8s_26abr16_Sl-Fnx_Brcln.jpg?resize=350%2C200&ssl=1 1x, https:\/\/i0.wp.com\/tomajazz.com\/web\/wp-content\/uploads\/2016\/07\/09_Mmr-n-s10-%C2%A9Joan-Cort%C3%A8s_26abr16_Sl-Fnx_Brcln.jpg?resize=525%2C300&ssl=1 1.5x"},"classes":[]},{"id":30751,"url":"https:\/\/tomajazz.com\/web\/instantzz-memoria-uno-jamboree-jazz-barcelona-2017-04-18-galeria-fotografica\/","url_meta":{"origin":35989,"position":4},"title":"INSTANTZZ: Memoria Uno (Sinestesia, Barcelona. 2017-04-18) [Galer\u00eda fotogr\u00e1fica]","author":"Tomajazz","date":"1 junio, 2017","format":false,"excerpt":"Fecha: Martes, 18 de abril de 2017 Lugar: Sinestesia, Barcelona Grupo: Memoria Uno Iv\u00e1n Gonz\u00e1lez, conducci\u00f3n S\u00f2nia S\u00e1nchez, baile Ivo Sans, bater\u00eda Vasco Trilla, percusi\u00f3n Marc Cuevas, contrabajo y efectos Joan Anton Pich, violonchelo Pablo Selnik, flauta Pol Padr\u00f3s, trompeta Albert Cirera, saxo tenor Marcel\u00b7l\u00ed Bayer, clarinete contrabajo Tomajazz:\u00a0\u00a9 Joan\u2026","rel":"","context":"En \u00ab*_Joan Cort\u00e8s\u00bb","block_context":{"text":"*_Joan Cort\u00e8s","link":"https:\/\/tomajazz.com\/web\/category\/joan-cortes\/"},"img":{"alt_text":"","src":"https:\/\/i0.wp.com\/tomajazz.com\/web\/wp-content\/uploads\/2017\/05\/03_Mmr-n-n-Gnzlz-Sn-Snchz-%C2%A9Joan-Cort%C3%A8s_18abr17_Snsts_Brcln.jpg?resize=350%2C200&ssl=1","width":350,"height":200,"srcset":"https:\/\/i0.wp.com\/tomajazz.com\/web\/wp-content\/uploads\/2017\/05\/03_Mmr-n-n-Gnzlz-Sn-Snchz-%C2%A9Joan-Cort%C3%A8s_18abr17_Snsts_Brcln.jpg?resize=350%2C200&ssl=1 1x, https:\/\/i0.wp.com\/tomajazz.com\/web\/wp-content\/uploads\/2017\/05\/03_Mmr-n-n-Gnzlz-Sn-Snchz-%C2%A9Joan-Cort%C3%A8s_18abr17_Snsts_Brcln.jpg?resize=525%2C300&ssl=1 1.5x"},"classes":[]},{"id":30235,"url":"https:\/\/tomajazz.com\/web\/instantzz-nestor-gimenez-orchestra-consagracio-rite-lauditori-sala-2-oriol-martorell-barcelona-2017-04-18-galeria-fotografica\/","url_meta":{"origin":35989,"position":5},"title":"INSTANTZZ: N\u00e9stor Gim\u00e9nez Orchestra \u201cConsagraci\u00f3 -Rite-\u201d (L\u2019Auditori Sala 2-Oriol Martorell, Barcelona. 2017-03-18) [Galer\u00eda fotogr\u00e1fica]","author":"Tomajazz","date":"20 abril, 2017","format":false,"excerpt":"Fecha: S\u00e1bado, 18 de marzo de 2017 Lugar: L\u2019auditori Sala 2-Oriol Martorell (Barcelona) Grupo: N\u00e9stor Gim\u00e9nez Orchestra \u201cConsagraci\u00f3 -Rite-\u201d N\u00e9stor Gim\u00e9nez, piano, composici\u00f3n, arreglos y direcci\u00f3n Adri\u00e0 Plana, guitarra y percusi\u00f3n Vic Moliner, contrabajo Joan Terol, bater\u00eda Carlota Amarg\u00f3s, viol\u00edn Ana Fern\u00e1ndez, viol\u00edn Uixi Amarg\u00f3s, viola Mar\u00e7al Ayats, violonchelo Pablo\u2026","rel":"","context":"En \u00ab*_Joan Cort\u00e8s\u00bb","block_context":{"text":"*_Joan Cort\u00e8s","link":"https:\/\/tomajazz.com\/web\/category\/joan-cortes\/"},"img":{"alt_text":"","src":"https:\/\/i0.wp.com\/tomajazz.com\/web\/wp-content\/uploads\/2017\/04\/10_Nstr-Gmnz-rchstr-%C2%A9Joan-Cort%C3%A8s_18brl17_L%E2%80%99dtrS2_Brcln.jpg?resize=350%2C200&ssl=1","width":350,"height":200,"srcset":"https:\/\/i0.wp.com\/tomajazz.com\/web\/wp-content\/uploads\/2017\/04\/10_Nstr-Gmnz-rchstr-%C2%A9Joan-Cort%C3%A8s_18brl17_L%E2%80%99dtrS2_Brcln.jpg?resize=350%2C200&ssl=1 1x, https:\/\/i0.wp.com\/tomajazz.com\/web\/wp-content\/uploads\/2017\/04\/10_Nstr-Gmnz-rchstr-%C2%A9Joan-Cort%C3%A8s_18brl17_L%E2%80%99dtrS2_Brcln.jpg?resize=525%2C300&ssl=1 1.5x"},"classes":[]}],"_links":{"self":[{"href":"https:\/\/tomajazz.com\/web\/wp-json\/wp\/v2\/posts\/35989","targetHints":{"allow":["GET"]}}],"collection":[{"href":"https:\/\/tomajazz.com\/web\/wp-json\/wp\/v2\/posts"}],"about":[{"href":"https:\/\/tomajazz.com\/web\/wp-json\/wp\/v2\/types\/post"}],"author":[{"embeddable":true,"href":"https:\/\/tomajazz.com\/web\/wp-json\/wp\/v2\/users\/1"}],"replies":[{"embeddable":true,"href":"https:\/\/tomajazz.com\/web\/wp-json\/wp\/v2\/comments?post=35989"}],"version-history":[{"count":1,"href":"https:\/\/tomajazz.com\/web\/wp-json\/wp\/v2\/posts\/35989\/revisions"}],"predecessor-version":[{"id":36000,"href":"https:\/\/tomajazz.com\/web\/wp-json\/wp\/v2\/posts\/35989\/revisions\/36000"}],"wp:featuredmedia":[{"embeddable":true,"href":"https:\/\/tomajazz.com\/web\/wp-json\/wp\/v2\/media\/35995"}],"wp:attachment":[{"href":"https:\/\/tomajazz.com\/web\/wp-json\/wp\/v2\/media?parent=35989"}],"wp:term":[{"taxonomy":"category","embeddable":true,"href":"https:\/\/tomajazz.com\/web\/wp-json\/wp\/v2\/categories?post=35989"},{"taxonomy":"post_tag","embeddable":true,"href":"https:\/\/tomajazz.com\/web\/wp-json\/wp\/v2\/tags?post=35989"}],"curies":[{"name":"wp","href":"https:\/\/api.w.org\/{rel}","templated":true}]}}