{"id":36067,"date":"2018-04-13T11:11:02","date_gmt":"2018-04-13T09:11:02","guid":{"rendered":"https:\/\/www.tomajazz.com\/web\/?p=36067"},"modified":"2022-09-08T21:21:14","modified_gmt":"2022-09-08T19:21:14","slug":"instantzz-albert-cirera-tres-tambors-28e-jazz-granollers-festival-casino-de-granollers-club-de-ritme-granollers-barcelona-2018-02-02-galeria-fotografica","status":"publish","type":"post","link":"https:\/\/tomajazz.com\/web\/instantzz-albert-cirera-tres-tambors-28e-jazz-granollers-festival-casino-de-granollers-club-de-ritme-granollers-barcelona-2018-02-02-galeria-fotografica\/","title":{"rendered":"INSTANTZZ: Albert Cirera &#038; Tres Tambors (28\u00e8 Jazz Granollers Festival, Casino de Granollers \u2013 Club de Ritme, Granollers -Barcelona-.  2018-02-02) [Galer\u00eda fotogr\u00e1fica]"},"content":{"rendered":"<ul>\n<li>Fecha: Viernes, 02 de febrero de 2018<\/li>\n<li>Lugar: Casino de Granollers &#8211; Club de Ritme (Granollers -Barcelona-)<\/li>\n<li>Grupo:<br \/>\n<strong>Albert Cirera &amp; Tres Tambors<br \/>\n<\/strong>Albert Cirera, saxo tenor, soprano, flauta y percusi\u00f3n menor<br \/>\nMarco Mezquida, piano y percusi\u00f3n menor<br \/>\nMarco Lohikari, contrabajo y percusi\u00f3n menor<br \/>\n\u00d2scar Dom\u00e8nech, bater\u00eda<\/li>\n<\/ul>\n<p style=\"text-align: center;\"><img loading=\"lazy\" decoding=\"async\" class=\"aligncenter wp-image-36068 size-large\" src=\"https:\/\/tomajazz.com\/web\/wp-content\/uploads\/2018\/04\/01_lbrt-Crr-Trs-Tmbrs-\u00a9Joan-Cort\u00e8s_02fbr18_28JGF_Csn_Grnllrs-600x399.jpg\" alt=\"\" width=\"600\" height=\"399\" title=\"\" srcset=\"https:\/\/tomajazz.com\/web\/wp-content\/uploads\/2018\/04\/01_lbrt-Crr-Trs-Tmbrs-\u00a9Joan-Cort\u00e8s_02fbr18_28JGF_Csn_Grnllrs.jpg 600w, https:\/\/tomajazz.com\/web\/wp-content\/uploads\/2018\/04\/01_lbrt-Crr-Trs-Tmbrs-\u00a9Joan-Cort\u00e8s_02fbr18_28JGF_Csn_Grnllrs-200x133.jpg 200w, https:\/\/tomajazz.com\/web\/wp-content\/uploads\/2018\/04\/01_lbrt-Crr-Trs-Tmbrs-\u00a9Joan-Cort\u00e8s_02fbr18_28JGF_Csn_Grnllrs-83x55.jpg 83w, https:\/\/tomajazz.com\/web\/wp-content\/uploads\/2018\/04\/01_lbrt-Crr-Trs-Tmbrs-\u00a9Joan-Cort\u00e8s_02fbr18_28JGF_Csn_Grnllrs-60x40.jpg 60w, https:\/\/tomajazz.com\/web\/wp-content\/uploads\/2018\/04\/01_lbrt-Crr-Trs-Tmbrs-\u00a9Joan-Cort\u00e8s_02fbr18_28JGF_Csn_Grnllrs-120x80.jpg 120w\" sizes=\"auto, (max-width: 600px) 100vw, 600px\" \/> <img loading=\"lazy\" decoding=\"async\" class=\"aligncenter wp-image-36069 size-large\" src=\"https:\/\/tomajazz.com\/web\/wp-content\/uploads\/2018\/04\/02_lbrt-Crr-Trs-Tmbrs-\u00a9Joan-Cort\u00e8s_02fbr18_28JGF_Csn_Grnllrs-600x399.jpg\" alt=\"\" width=\"600\" height=\"399\" title=\"\" srcset=\"https:\/\/tomajazz.com\/web\/wp-content\/uploads\/2018\/04\/02_lbrt-Crr-Trs-Tmbrs-\u00a9Joan-Cort\u00e8s_02fbr18_28JGF_Csn_Grnllrs.jpg 600w, https:\/\/tomajazz.com\/web\/wp-content\/uploads\/2018\/04\/02_lbrt-Crr-Trs-Tmbrs-\u00a9Joan-Cort\u00e8s_02fbr18_28JGF_Csn_Grnllrs-200x133.jpg 200w, https:\/\/tomajazz.com\/web\/wp-content\/uploads\/2018\/04\/02_lbrt-Crr-Trs-Tmbrs-\u00a9Joan-Cort\u00e8s_02fbr18_28JGF_Csn_Grnllrs-83x55.jpg 83w, https:\/\/tomajazz.com\/web\/wp-content\/uploads\/2018\/04\/02_lbrt-Crr-Trs-Tmbrs-\u00a9Joan-Cort\u00e8s_02fbr18_28JGF_Csn_Grnllrs-60x40.jpg 60w, https:\/\/tomajazz.com\/web\/wp-content\/uploads\/2018\/04\/02_lbrt-Crr-Trs-Tmbrs-\u00a9Joan-Cort\u00e8s_02fbr18_28JGF_Csn_Grnllrs-120x80.jpg 120w\" sizes=\"auto, (max-width: 600px) 100vw, 600px\" \/> <img loading=\"lazy\" decoding=\"async\" class=\"aligncenter wp-image-36070 size-large\" src=\"https:\/\/tomajazz.com\/web\/wp-content\/uploads\/2018\/04\/03_lbrt-Crr-Trs-Tmbrs-\u00a9Joan-Cort\u00e8s_02fbr18_28JGF_Csn_Grnllrs-399x600.jpg\" alt=\"\" width=\"399\" height=\"600\" title=\"\" srcset=\"https:\/\/tomajazz.com\/web\/wp-content\/uploads\/2018\/04\/03_lbrt-Crr-Trs-Tmbrs-\u00a9Joan-Cort\u00e8s_02fbr18_28JGF_Csn_Grnllrs.jpg 399w, https:\/\/tomajazz.com\/web\/wp-content\/uploads\/2018\/04\/03_lbrt-Crr-Trs-Tmbrs-\u00a9Joan-Cort\u00e8s_02fbr18_28JGF_Csn_Grnllrs-200x300.jpg 200w, https:\/\/tomajazz.com\/web\/wp-content\/uploads\/2018\/04\/03_lbrt-Crr-Trs-Tmbrs-\u00a9Joan-Cort\u00e8s_02fbr18_28JGF_Csn_Grnllrs-37x55.jpg 37w\" sizes=\"auto, (max-width: 399px) 100vw, 399px\" \/> <img loading=\"lazy\" decoding=\"async\" class=\"aligncenter wp-image-36071 size-large\" src=\"https:\/\/tomajazz.com\/web\/wp-content\/uploads\/2018\/04\/04_lbrt-Crr-Trs-Tmbrs-\u00a9Joan-Cort\u00e8s_02fbr18_28JGF_Csn_Grnllrs-399x600.jpg\" alt=\"\" width=\"399\" height=\"600\" title=\"\" srcset=\"https:\/\/tomajazz.com\/web\/wp-content\/uploads\/2018\/04\/04_lbrt-Crr-Trs-Tmbrs-\u00a9Joan-Cort\u00e8s_02fbr18_28JGF_Csn_Grnllrs.jpg 399w, https:\/\/tomajazz.com\/web\/wp-content\/uploads\/2018\/04\/04_lbrt-Crr-Trs-Tmbrs-\u00a9Joan-Cort\u00e8s_02fbr18_28JGF_Csn_Grnllrs-200x300.jpg 200w, https:\/\/tomajazz.com\/web\/wp-content\/uploads\/2018\/04\/04_lbrt-Crr-Trs-Tmbrs-\u00a9Joan-Cort\u00e8s_02fbr18_28JGF_Csn_Grnllrs-37x55.jpg 37w\" sizes=\"auto, (max-width: 399px) 100vw, 399px\" \/> <img loading=\"lazy\" decoding=\"async\" class=\"aligncenter wp-image-36072 size-large\" src=\"https:\/\/tomajazz.com\/web\/wp-content\/uploads\/2018\/04\/05_lbrt-Crr-Trs-Tmbrs-\u00a9Joan-Cort\u00e8s_02fbr18_28JGF_Csn_Grnllrs-600x399.jpg\" alt=\"\" width=\"600\" height=\"399\" title=\"\" srcset=\"https:\/\/tomajazz.com\/web\/wp-content\/uploads\/2018\/04\/05_lbrt-Crr-Trs-Tmbrs-\u00a9Joan-Cort\u00e8s_02fbr18_28JGF_Csn_Grnllrs.jpg 600w, https:\/\/tomajazz.com\/web\/wp-content\/uploads\/2018\/04\/05_lbrt-Crr-Trs-Tmbrs-\u00a9Joan-Cort\u00e8s_02fbr18_28JGF_Csn_Grnllrs-200x133.jpg 200w, https:\/\/tomajazz.com\/web\/wp-content\/uploads\/2018\/04\/05_lbrt-Crr-Trs-Tmbrs-\u00a9Joan-Cort\u00e8s_02fbr18_28JGF_Csn_Grnllrs-83x55.jpg 83w, https:\/\/tomajazz.com\/web\/wp-content\/uploads\/2018\/04\/05_lbrt-Crr-Trs-Tmbrs-\u00a9Joan-Cort\u00e8s_02fbr18_28JGF_Csn_Grnllrs-60x40.jpg 60w, https:\/\/tomajazz.com\/web\/wp-content\/uploads\/2018\/04\/05_lbrt-Crr-Trs-Tmbrs-\u00a9Joan-Cort\u00e8s_02fbr18_28JGF_Csn_Grnllrs-120x80.jpg 120w\" sizes=\"auto, (max-width: 600px) 100vw, 600px\" \/> <img loading=\"lazy\" decoding=\"async\" class=\"aligncenter wp-image-36073 size-large\" src=\"https:\/\/tomajazz.com\/web\/wp-content\/uploads\/2018\/04\/06_lbrt-Crr-Trs-Tmbrs-\u00a9Joan-Cort\u00e8s_02fbr18_28JGF_Csn_Grnllrs-399x600.jpg\" alt=\"\" width=\"399\" height=\"600\" title=\"\" srcset=\"https:\/\/tomajazz.com\/web\/wp-content\/uploads\/2018\/04\/06_lbrt-Crr-Trs-Tmbrs-\u00a9Joan-Cort\u00e8s_02fbr18_28JGF_Csn_Grnllrs.jpg 399w, https:\/\/tomajazz.com\/web\/wp-content\/uploads\/2018\/04\/06_lbrt-Crr-Trs-Tmbrs-\u00a9Joan-Cort\u00e8s_02fbr18_28JGF_Csn_Grnllrs-200x300.jpg 200w, https:\/\/tomajazz.com\/web\/wp-content\/uploads\/2018\/04\/06_lbrt-Crr-Trs-Tmbrs-\u00a9Joan-Cort\u00e8s_02fbr18_28JGF_Csn_Grnllrs-37x55.jpg 37w\" sizes=\"auto, (max-width: 399px) 100vw, 399px\" \/> <img loading=\"lazy\" decoding=\"async\" class=\"aligncenter wp-image-36074 size-large\" src=\"https:\/\/tomajazz.com\/web\/wp-content\/uploads\/2018\/04\/07_lbrt-Crr-Trs-Tmbrs-\u00a9Joan-Cort\u00e8s_02fbr18_28JGF_Csn_Grnllrs-600x399.jpg\" alt=\"\" width=\"600\" height=\"399\" title=\"\" srcset=\"https:\/\/tomajazz.com\/web\/wp-content\/uploads\/2018\/04\/07_lbrt-Crr-Trs-Tmbrs-\u00a9Joan-Cort\u00e8s_02fbr18_28JGF_Csn_Grnllrs.jpg 600w, https:\/\/tomajazz.com\/web\/wp-content\/uploads\/2018\/04\/07_lbrt-Crr-Trs-Tmbrs-\u00a9Joan-Cort\u00e8s_02fbr18_28JGF_Csn_Grnllrs-200x133.jpg 200w, https:\/\/tomajazz.com\/web\/wp-content\/uploads\/2018\/04\/07_lbrt-Crr-Trs-Tmbrs-\u00a9Joan-Cort\u00e8s_02fbr18_28JGF_Csn_Grnllrs-83x55.jpg 83w, https:\/\/tomajazz.com\/web\/wp-content\/uploads\/2018\/04\/07_lbrt-Crr-Trs-Tmbrs-\u00a9Joan-Cort\u00e8s_02fbr18_28JGF_Csn_Grnllrs-60x40.jpg 60w, https:\/\/tomajazz.com\/web\/wp-content\/uploads\/2018\/04\/07_lbrt-Crr-Trs-Tmbrs-\u00a9Joan-Cort\u00e8s_02fbr18_28JGF_Csn_Grnllrs-120x80.jpg 120w\" sizes=\"auto, (max-width: 600px) 100vw, 600px\" \/> <img loading=\"lazy\" decoding=\"async\" class=\"aligncenter wp-image-36075 size-large\" src=\"https:\/\/tomajazz.com\/web\/wp-content\/uploads\/2018\/04\/08_lbrt-Crr-Trs-Tmbrs-\u00a9Joan-Cort\u00e8s_02fbr18_28JGF_Csn_Grnllrs-399x600.jpg\" alt=\"\" width=\"399\" height=\"600\" title=\"\" srcset=\"https:\/\/tomajazz.com\/web\/wp-content\/uploads\/2018\/04\/08_lbrt-Crr-Trs-Tmbrs-\u00a9Joan-Cort\u00e8s_02fbr18_28JGF_Csn_Grnllrs.jpg 399w, https:\/\/tomajazz.com\/web\/wp-content\/uploads\/2018\/04\/08_lbrt-Crr-Trs-Tmbrs-\u00a9Joan-Cort\u00e8s_02fbr18_28JGF_Csn_Grnllrs-200x300.jpg 200w, https:\/\/tomajazz.com\/web\/wp-content\/uploads\/2018\/04\/08_lbrt-Crr-Trs-Tmbrs-\u00a9Joan-Cort\u00e8s_02fbr18_28JGF_Csn_Grnllrs-37x55.jpg 37w\" sizes=\"auto, (max-width: 399px) 100vw, 399px\" \/> <img loading=\"lazy\" decoding=\"async\" class=\"aligncenter wp-image-36076 size-large\" src=\"https:\/\/tomajazz.com\/web\/wp-content\/uploads\/2018\/04\/09_lbrt-Crr-Trs-Tmbrs-\u00a9Joan-Cort\u00e8s_02fbr18_28JGF_Csn_Grnllrs-399x600.jpg\" alt=\"\" width=\"399\" height=\"600\" title=\"\" srcset=\"https:\/\/tomajazz.com\/web\/wp-content\/uploads\/2018\/04\/09_lbrt-Crr-Trs-Tmbrs-\u00a9Joan-Cort\u00e8s_02fbr18_28JGF_Csn_Grnllrs.jpg 399w, https:\/\/tomajazz.com\/web\/wp-content\/uploads\/2018\/04\/09_lbrt-Crr-Trs-Tmbrs-\u00a9Joan-Cort\u00e8s_02fbr18_28JGF_Csn_Grnllrs-200x300.jpg 200w, https:\/\/tomajazz.com\/web\/wp-content\/uploads\/2018\/04\/09_lbrt-Crr-Trs-Tmbrs-\u00a9Joan-Cort\u00e8s_02fbr18_28JGF_Csn_Grnllrs-37x55.jpg 37w\" sizes=\"auto, (max-width: 399px) 100vw, 399px\" \/> <img loading=\"lazy\" decoding=\"async\" class=\"aligncenter wp-image-36077 size-large\" src=\"https:\/\/tomajazz.com\/web\/wp-content\/uploads\/2018\/04\/10_lbrt-Crr-Trs-Tmbrs-\u00a9Joan-Cort\u00e8s_02fbr18_28JGF_Csn_Grnllrs-600x399.jpg\" alt=\"\" width=\"600\" height=\"399\" title=\"\" srcset=\"https:\/\/tomajazz.com\/web\/wp-content\/uploads\/2018\/04\/10_lbrt-Crr-Trs-Tmbrs-\u00a9Joan-Cort\u00e8s_02fbr18_28JGF_Csn_Grnllrs.jpg 600w, https:\/\/tomajazz.com\/web\/wp-content\/uploads\/2018\/04\/10_lbrt-Crr-Trs-Tmbrs-\u00a9Joan-Cort\u00e8s_02fbr18_28JGF_Csn_Grnllrs-200x133.jpg 200w, https:\/\/tomajazz.com\/web\/wp-content\/uploads\/2018\/04\/10_lbrt-Crr-Trs-Tmbrs-\u00a9Joan-Cort\u00e8s_02fbr18_28JGF_Csn_Grnllrs-83x55.jpg 83w, https:\/\/tomajazz.com\/web\/wp-content\/uploads\/2018\/04\/10_lbrt-Crr-Trs-Tmbrs-\u00a9Joan-Cort\u00e8s_02fbr18_28JGF_Csn_Grnllrs-60x40.jpg 60w, https:\/\/tomajazz.com\/web\/wp-content\/uploads\/2018\/04\/10_lbrt-Crr-Trs-Tmbrs-\u00a9Joan-Cort\u00e8s_02fbr18_28JGF_Csn_Grnllrs-120x80.jpg 120w\" sizes=\"auto, (max-width: 600px) 100vw, 600px\" \/><\/p>\n<p>&nbsp;<\/p>\n<p style=\"text-align: right;\"><strong>Tomajazz<\/strong>:\u00a0\u00a9\u00a0<strong>Joan Cort\u00e8s<\/strong>, 2018<\/p>\n","protected":false},"excerpt":{"rendered":"<p>Fecha: Viernes, 02 de febrero de 2018 Lugar: Casino de Granollers &#8211; Club de Ritme (Granollers -Barcelona-) Grupo: Albert Cirera &amp; Tres Tambors Albert Cirera, saxo tenor, soprano, flauta y percusi\u00f3n menor Marco Mezquida, piano y percusi\u00f3n menor Marco Lohikari, contrabajo y percusi\u00f3n menor \u00d2scar Dom\u00e8nech, bater\u00eda &nbsp; Tomajazz:\u00a0\u00a9\u00a0Joan Cort\u00e8s,<span class=\"more-link\"><a href=\"https:\/\/tomajazz.com\/web\/instantzz-albert-cirera-tres-tambors-28e-jazz-granollers-festival-casino-de-granollers-club-de-ritme-granollers-barcelona-2018-02-02-galeria-fotografica\/\">Contin\u00faa leyendo<\/a><\/span><\/p>\n","protected":false},"author":1,"featured_media":36077,"comment_status":"open","ping_status":"closed","sticky":false,"template":"","format":"standard","meta":{"jetpack_post_was_ever_published":false,"_jetpack_newsletter_access":"","_jetpack_dont_email_post_to_subs":false,"_jetpack_newsletter_tier_id":0,"_jetpack_memberships_contains_paywalled_content":false,"_jetpack_memberships_contains_paid_content":false,"footnotes":""},"categories":[17853,11262,15516,11261,1038],"tags":[109,21196,1041,21197,1151,5180],"class_list":["entry","author-pachi","post-36067","post","type-post","status-publish","format-standard","has-post-thumbnail","category-joan-cortes","category-photoblogs","category-imagenes","category-instantzz","category-contenidos","tag-albert-cirera","tag-albert-cirera-tres-tambors","tag-joan-cortes","tag-marco-lohikari","tag-marco-mezquida","tag-oscar-domenech"],"jetpack_featured_media_url":"https:\/\/tomajazz.com\/web\/wp-content\/uploads\/2018\/04\/10_lbrt-Crr-Trs-Tmbrs-\u00a9Joan-Cort\u00e8s_02fbr18_28JGF_Csn_Grnllrs.jpg","jetpack_likes_enabled":true,"jetpack_sharing_enabled":true,"jetpack-related-posts":[{"id":104019,"url":"https:\/\/tomajazz.com\/web\/albert-cirera-tres-tambors-strogoff-2026\/","url_meta":{"origin":36067,"position":0},"title":"Albert Cirera &#038; Tres Tambors \u201cOrangina\u201d (Sangarra de Nadal \/ Llibreria Strogoff, 2025-12-20 \/ La Garriga -Barcelona-) Por Joan Cort\u00e8s [INSTANTZZ AKA Galer\u00eda fotogr\u00e1fica AKA Fotoblog de jazz, impro\u2026 y algo m\u00e1s]","author":"Tomajazz","date":"14 febrero, 2026","format":false,"excerpt":"Albert Cirera & Tres Tambors \u201cOrangina\u201d actuaron en Llibreria Strogoff de La Garriga, Barcelona, el 20 de diciembre de 2025. Joan Cort\u00e8s lo retrata en INSTANTZZ. Actuaron Albert Cirera, Roger Mas, Marko Lohikari, \u00d2scar Dom\u00e8nech","rel":"","context":"En \u00abINSTANTZZ\u00bb","block_context":{"text":"INSTANTZZ","link":"https:\/\/tomajazz.com\/web\/category\/contenidos\/imagenes\/photoblogs\/instantzz\/"},"img":{"alt_text":"Albert Cirera & Tres Tambors \u201cOrangina\u201d (Sangarra de Nadal \/ Llibreria Strogoff, 2025-12-20 \/ La Garriga -Barcelona-) Por Joan Cort\u00e8s [INSTANTZZ AKA Galer\u00eda fotogr\u00e1fica AKA Fotoblog de jazz, impro\u2026 y algo m\u00e1s] - Tomajazz - Albert Cirera & Tres Tambors \u201cOrangina\u201d actuaron en Llibreria Strogoff de La Garriga, Barcelona, el 20 de diciembre de 2025. Joan Cort\u00e8s lo retrata en INSTANTZZ. Actuaron Albert Cirera, Roger Mas, Marko Lohikari, \u00d2scar Dom\u00e8nech\n","src":"https:\/\/i0.wp.com\/tomajazz.com\/web\/wp-content\/uploads\/2026\/02\/destacada-05-lbrt-Crr-trs-tmbrs-Photo-By-Joan-Cortes-20dsm25-SdN-Strgff-Recuperado.jpg?resize=350%2C200&ssl=1","width":350,"height":200,"srcset":"https:\/\/i0.wp.com\/tomajazz.com\/web\/wp-content\/uploads\/2026\/02\/destacada-05-lbrt-Crr-trs-tmbrs-Photo-By-Joan-Cortes-20dsm25-SdN-Strgff-Recuperado.jpg?resize=350%2C200&ssl=1 1x, https:\/\/i0.wp.com\/tomajazz.com\/web\/wp-content\/uploads\/2026\/02\/destacada-05-lbrt-Crr-trs-tmbrs-Photo-By-Joan-Cortes-20dsm25-SdN-Strgff-Recuperado.jpg?resize=525%2C300&ssl=1 1.5x"},"classes":[]},{"id":99999,"url":"https:\/\/tomajazz.com\/web\/albert-cirera-tres-tambors-orangina-2025\/","url_meta":{"origin":36067,"position":1},"title":"Albert Cirera &#038; Tres Tambors: Orangina (Underpool; 2025) Por Carlos Lara [Grabaci\u00f3n de jazz]","author":"Tomajazz","date":"2 octubre, 2025","format":false,"excerpt":"Orangina (Underpool; 2025) es lo nuevo de Albert Cirera & Tres Tambors. Carlos Lara repasa la grabaci\u00f3n. Intervienen Albert Cirera, Marco Mezquida, Marko Lohikari, Oscar Dom\u00e8nech","rel":"","context":"En \u00ab*_Carlos Lara\u00bb","block_context":{"text":"*_Carlos Lara","link":"https:\/\/tomajazz.com\/web\/category\/carlos-lara\/"},"img":{"alt_text":"Albert Cirera & Tres Tambors: Orangina (Underpool; 2025) Por Carlos Lara [Grabaci\u00f3n de jazz] - Tomajazz - Orangina (Underpool; 2025) es lo nuevo de Albert Cirera & Tres Tambors. Carlos Lara repasa la grabaci\u00f3n. Intervienen Albert Cirera, Marco Mezquida, Marko Lohikari, Oscar Dom\u00e8nech","src":"https:\/\/i0.wp.com\/tomajazz.com\/web\/wp-content\/uploads\/2025\/10\/Albert-Cirera-and-Tres-Tambors-Orangina-2025-Underpool-Tomajazz.jpg?resize=350%2C200&ssl=1","width":350,"height":200,"srcset":"https:\/\/i0.wp.com\/tomajazz.com\/web\/wp-content\/uploads\/2025\/10\/Albert-Cirera-and-Tres-Tambors-Orangina-2025-Underpool-Tomajazz.jpg?resize=350%2C200&ssl=1 1x, https:\/\/i0.wp.com\/tomajazz.com\/web\/wp-content\/uploads\/2025\/10\/Albert-Cirera-and-Tres-Tambors-Orangina-2025-Underpool-Tomajazz.jpg?resize=525%2C300&ssl=1 1.5x, https:\/\/i0.wp.com\/tomajazz.com\/web\/wp-content\/uploads\/2025\/10\/Albert-Cirera-and-Tres-Tambors-Orangina-2025-Underpool-Tomajazz.jpg?resize=700%2C400&ssl=1 2x"},"classes":[]},{"id":30146,"url":"https:\/\/tomajazz.com\/web\/hdo-262-en-concierto-con-albert-cirera-tres-tambors-podcast\/","url_meta":{"origin":36067,"position":2},"title":"HDO 262. En concierto con\u2026 Albert Cirera &#038; Tres Tambors [Podcast]","author":"Tomajazz","date":"12 abril, 2017","format":false,"excerpt":"Albert Cirera & Tres Tambors\u00a0(o lo que es lo mismo,\u00a0Marco Mezquida,\u00a0Marko Lohikari y\u00a0Oscar Domenech), presentar\u00e1n en directo\u00a0Suite Salada\u00a0(Underpool, 2016) en una peque\u00f1a gira que recalar\u00e1 en\u00a0Jamboree (Barcelona, jueves 13 de abril de 2017),\u00a0Olot\u00a0(viernes 14), y\u00a0Sunset Jazz Club\u00a0(Girona, domingo 16). En HDO 262 presentamos la grabaci\u00f3n, la gira y los m\u00fasicos,\u2026","rel":"","context":"En \u00ab*_Pachi Tapiz\u00bb","block_context":{"text":"*_Pachi Tapiz","link":"https:\/\/tomajazz.com\/web\/category\/pachi-tapiz\/"},"img":{"alt_text":"","src":"https:\/\/i0.wp.com\/www.tomajazz.com\/web\/wp-content\/uploads\/2017\/04\/Albert-Cirera-Tres-Tambors_Suite-Salada_Underpool_2016-200x200.jpg?resize=350%2C200","width":350,"height":200},"classes":[]},{"id":33701,"url":"https:\/\/tomajazz.com\/web\/hdo-356-al-habla-con-albert-cirera-podcast\/","url_meta":{"origin":36067,"position":3},"title":"HDO 356. Al habla con&#8230; Albert Cirera [Podcast]","author":"Tomajazz","date":"30 noviembre, 2017","format":false,"excerpt":"El saxofonista\u00a0Albert Cirera\u00a0ha publicado un par de obras en los \u00faltimos meses: su grabaci\u00f3n en solitario\u00a0Lisboa's Work\u00a0(Spontaneous music Tribune Series - Multikulti Project, 2017), y\u00a0Plays Bernouilli\u00a0(The Liquid Trio junto a Ramon Prats y Agust\u00ed Fern\u00e1ndez; Sluchaj, 2017). Estas se unen a\u00a0Food\u00a0(Duot + Andy Moor; Repetidor, 2017) y a\u00a0Suite Salada\u00a0(Albert Cirera\u2026","rel":"","context":"En \u00ab*_Joan Cort\u00e8s\u00bb","block_context":{"text":"*_Joan Cort\u00e8s","link":"https:\/\/tomajazz.com\/web\/category\/joan-cortes\/"},"img":{"alt_text":"","src":"https:\/\/i0.wp.com\/tomajazz.com\/web\/wp-content\/uploads\/2017\/06\/07_gstFrnndzLqdQntt-%C2%A9Joan-Cort%C3%A8s_05mai17_19FJV_JC_Vc.jpg?resize=350%2C200&ssl=1","width":350,"height":200,"srcset":"https:\/\/i0.wp.com\/tomajazz.com\/web\/wp-content\/uploads\/2017\/06\/07_gstFrnndzLqdQntt-%C2%A9Joan-Cort%C3%A8s_05mai17_19FJV_JC_Vc.jpg?resize=350%2C200&ssl=1 1x, https:\/\/i0.wp.com\/tomajazz.com\/web\/wp-content\/uploads\/2017\/06\/07_gstFrnndzLqdQntt-%C2%A9Joan-Cort%C3%A8s_05mai17_19FJV_JC_Vc.jpg?resize=525%2C300&ssl=1 1.5x"},"classes":[]},{"id":104657,"url":"https:\/\/tomajazz.com\/web\/joan-sanmarti-5t-36-jazz-granollers-2026\/","url_meta":{"origin":36067,"position":4},"title":"Joan Sanmart\u00ed 5t (36\u00e8 Jazz Granollers Festival 2026\/ Casino, 2026-02-20 \/ Granollers -Barcelona-) [I] Por Joan Cort\u00e8s [INSTANTZZ AKA Galer\u00eda fotogr\u00e1fica AKA Fotoblog de jazz, impro\u2026 y algo m\u00e1s]","author":"Tomajazz","date":"2 abril, 2026","format":false,"excerpt":"Joan Sanmart\u00ed 5t actu\u00f3 en el 36\u00e8 Jazz Granollers Festival 2026, el 20 de febrero de 2026. Joan Cort\u00e8s lo retrata en INSTANTZZ. Joan Sanmart\u00ed 5t son Joan Sanmart\u00ed, Gabriel Amargant, Pau Dom\u00e8nech, Marc Cuevas, Joan Vidal","rel":"","context":"En \u00ab36 Jazz Granollers Festival 2026\u00bb","block_context":{"text":"36 Jazz Granollers Festival 2026","link":"https:\/\/tomajazz.com\/web\/category\/contenidos\/especial-contenidos\/36-jazz-granollers-festival-2026\/"},"img":{"alt_text":"Joan Sanmart\u00ed 5t (36\u00e8 Jazz Granollers Festival 2026\/ Casino, 2026-02-20 \/ Granollers -Barcelona-) [I] Por Joan Cort\u00e8s [INSTANTZZ AKA Galer\u00eda fotogr\u00e1fica AKA Fotoblog de jazz, impro\u2026 y algo m\u00e1s] - Tomajazz - Joan Sanmart\u00ed 5t actu\u00f3 en el 36\u00e8 Jazz Granollers Festival 2026, el 20 de febrero de 2026. Joan Cort\u00e8s lo retrata en INSTANTZZ. Joan Sanmart\u00ed 5t son Joan Sanmart\u00ed, Gabriel Amargant, Pau Dom\u00e8nech, Marc Cuevas, Joan Vidal\n","src":"https:\/\/i0.wp.com\/tomajazz.com\/web\/wp-content\/uploads\/2026\/04\/destacada-09-Jn-Snmrt-5t-Photo-By-Joan-Cortes-20fbr26-36FJG-Csn-Grn.jpg?resize=350%2C200&ssl=1","width":350,"height":200},"classes":[]},{"id":42328,"url":"https:\/\/tomajazz.com\/web\/instantzz-marco-mezquida-piano-solo-28e-jazz-granollers-festival-casino-de-granollers-club-de-ritme-granollers-barcelona-2019-02-01-galeria-fotografica\/","url_meta":{"origin":36067,"position":5},"title":"INSTANTZZ: Marco Mezquida -Piano Solo- (28\u00e8 Jazz Granollers Festival, Casino de Granollers \u2013 Club de Ritme, Granollers -Barcelona-.  2019-02-01) [Galer\u00eda fotogr\u00e1fica]","author":"Tomajazz","date":"12 marzo, 2019","format":false,"excerpt":"Por\u00a0Joan Cort\u00e8s. Fecha: Viernes, 01 de febrero de 2019 Lugar: Casino de Granollers - Club de Ritme (Granollers -Barcelona-) Grupo: Marco Mezquida Marco Mezquida, piano y percusi\u00f3n menor Tomajazz: \u00a9\u00a0Joan Cort\u00e8s, 2019","rel":"","context":"En \u00ab*_Joan Cort\u00e8s\u00bb","block_context":{"text":"*_Joan Cort\u00e8s","link":"https:\/\/tomajazz.com\/web\/category\/joan-cortes\/"},"img":{"alt_text":"","src":"https:\/\/i0.wp.com\/tomajazz.com\/web\/wp-content\/uploads\/2019\/03\/06_Mrc-Mzqd-%C2%AEJoan-Cort%C3%A8s_01gen19_lCsn_29JzzGrnllrs.jpg?resize=350%2C200&ssl=1","width":350,"height":200,"srcset":"https:\/\/i0.wp.com\/tomajazz.com\/web\/wp-content\/uploads\/2019\/03\/06_Mrc-Mzqd-%C2%AEJoan-Cort%C3%A8s_01gen19_lCsn_29JzzGrnllrs.jpg?resize=350%2C200&ssl=1 1x, https:\/\/i0.wp.com\/tomajazz.com\/web\/wp-content\/uploads\/2019\/03\/06_Mrc-Mzqd-%C2%AEJoan-Cort%C3%A8s_01gen19_lCsn_29JzzGrnllrs.jpg?resize=525%2C300&ssl=1 1.5x"},"classes":[]}],"_links":{"self":[{"href":"https:\/\/tomajazz.com\/web\/wp-json\/wp\/v2\/posts\/36067","targetHints":{"allow":["GET"]}}],"collection":[{"href":"https:\/\/tomajazz.com\/web\/wp-json\/wp\/v2\/posts"}],"about":[{"href":"https:\/\/tomajazz.com\/web\/wp-json\/wp\/v2\/types\/post"}],"author":[{"embeddable":true,"href":"https:\/\/tomajazz.com\/web\/wp-json\/wp\/v2\/users\/1"}],"replies":[{"embeddable":true,"href":"https:\/\/tomajazz.com\/web\/wp-json\/wp\/v2\/comments?post=36067"}],"version-history":[{"count":1,"href":"https:\/\/tomajazz.com\/web\/wp-json\/wp\/v2\/posts\/36067\/revisions"}],"predecessor-version":[{"id":36078,"href":"https:\/\/tomajazz.com\/web\/wp-json\/wp\/v2\/posts\/36067\/revisions\/36078"}],"wp:featuredmedia":[{"embeddable":true,"href":"https:\/\/tomajazz.com\/web\/wp-json\/wp\/v2\/media\/36077"}],"wp:attachment":[{"href":"https:\/\/tomajazz.com\/web\/wp-json\/wp\/v2\/media?parent=36067"}],"wp:term":[{"taxonomy":"category","embeddable":true,"href":"https:\/\/tomajazz.com\/web\/wp-json\/wp\/v2\/categories?post=36067"},{"taxonomy":"post_tag","embeddable":true,"href":"https:\/\/tomajazz.com\/web\/wp-json\/wp\/v2\/tags?post=36067"}],"curies":[{"name":"wp","href":"https:\/\/api.w.org\/{rel}","templated":true}]}}