{"id":36126,"date":"2018-04-17T11:00:16","date_gmt":"2018-04-17T09:00:16","guid":{"rendered":"https:\/\/www.tomajazz.com\/web\/?p=36126"},"modified":"2022-09-08T21:19:50","modified_gmt":"2022-09-08T19:19:50","slug":"lorenzo-azcona-soplo-de-vida-autoeditado-2017","status":"publish","type":"post","link":"https:\/\/tomajazz.com\/web\/lorenzo-azcona-soplo-de-vida-autoeditado-2017\/","title":{"rendered":"Lorenzo Azcona: Soplo de vida (Autoeditado, 2017)"},"content":{"rendered":"<p><img loading=\"lazy\" decoding=\"async\" class=\"alignleft wp-image-36127 size-medium\" src=\"https:\/\/tomajazz.com\/web\/wp-content\/uploads\/2018\/04\/Lorenzo-Azcona-Soplo-de-vida-200x178.jpg\" alt=\"\" width=\"200\" height=\"178\" title=\"\" srcset=\"https:\/\/tomajazz.com\/web\/wp-content\/uploads\/2018\/04\/Lorenzo-Azcona-Soplo-de-vida-200x178.jpg 200w, https:\/\/tomajazz.com\/web\/wp-content\/uploads\/2018\/04\/Lorenzo-Azcona-Soplo-de-vida-768x684.jpg 768w, https:\/\/tomajazz.com\/web\/wp-content\/uploads\/2018\/04\/Lorenzo-Azcona-Soplo-de-vida-600x534.jpg 600w, https:\/\/tomajazz.com\/web\/wp-content\/uploads\/2018\/04\/Lorenzo-Azcona-Soplo-de-vida-62x55.jpg 62w, https:\/\/tomajazz.com\/web\/wp-content\/uploads\/2018\/04\/Lorenzo-Azcona-Soplo-de-vida.jpg 1680w\" sizes=\"auto, (max-width: 200px) 100vw, 200px\" \/>Tercer disco en solitario de Lorenzo Azcona, el multi instrumentista propone ocho composiciones entre las que encontramos una versi\u00f3n en directo del \u201cEn el lago\u201d que lleva la firma de Jes\u00fas de la Rosa del grupo Triana.<\/p>\n<p>Lorenzo Azcona es un todo terreno de la m\u00fasica en Espa\u00f1a ya que ha acompa\u00f1ado a multitud de artistas de distinto pelaje y condici\u00f3n entre los que podemos nombrar a Burning, Manolo Tena, Javier Krahe, Joaqu\u00edn Sabina, Hilario Camacho o La Uni\u00f3n, as\u00ed como a formaciones del Senegal y Sierra Leona o brasile\u00f1os como Urub\u00fa o Bat\u00e1-Kum-Tum.<\/p>\n<p>Su eclecticismo se plasma igualmente a la hora de elegir sus instrumentos, si bien se decanta m\u00e1s por los saxos por encima de otros como las percusiones o los teclados.<\/p>\n<p>En cuanto a la obra en s\u00ed comienza con un emblem\u00e1tico tema que responde al t\u00edtulo de \u201cD\u2019Abuty\u201d y que se debate entre el <em>smooth jazz<\/em> y la m\u00fasica caribe\u00f1a que recuerda al grupo Spyro Gyra de Jay Beckenstein y por concretar a su \u00e1lbum <em>Carnaval<\/em>.<\/p>\n<p>El disco finaliza con peque\u00f1o capricho \u201cEl Capricho de un Minuto\u201d, apenas 1 minuto basta para poner en solfa las prestaciones de la guitarra Antonio Toledo y las posibilidades instrumentistas de Lorenzo Azcona.<\/p>\n<p>Por en medio encontramos \u201cAgosto en Diciembre\u201d de parecidas caracter\u00edsticas sonoras que la obertura \u201cD\u2019Abuty\u201d si bien \u00e9sta \u00faltima se muestra baladista.<\/p>\n<p>En \u201cEl Influjo del 31\u201d, Lorenzo Azcona nos ofrece un fraseo fluido al saxo tenor que interact\u00faa con el bajo el\u00e9ctrico de Peter Oteo y los teclados de Rub\u00e9n Rebolleda a lo Gregg Rolie de Santana, por el medio se atraviesa un recitativo Benjamin Prado.<\/p>\n<p>\u201cTiempo Sanador\u201d nos regala una suerte variaciones instrumentales que van desde el clarinete bajo y el saxo soprano de Lorenzo Azcona y la belleza del viol\u00edn de Alberto Torres y la guitarra de Josete Ord\u00f3\u00f1ez que ti\u00f1e la composici\u00f3n de aires <em>folk<\/em>.<\/p>\n<p>La flauta travesera protagoniza al principio el \u201cRecreo\u201d donde se van presentando una guitarra el\u00e9ctrica de ritmo <em>funk<\/em> y de punteo de fusi\u00f3n en contraposici\u00f3n al discursivo teclado de Rub\u00e9n Rebolleda que acompa\u00f1a con maestr\u00eda el nombrado solo de guitarra y que desemboca en un solo gru\u00f1\u00f3n de clarinete bajo de Lorenzo Azcona que se diluye hasta apagarse.<\/p>\n<p>\u201cPaciencia\u201d es una pieza con sabor a bolero no muy alejada del <em>smooth jazz <\/em>dominada por el saxo tenor de Lorenzo Azcona con precisos arreglos de metales, percusiones y con un Fidel Cordero creando atm\u00f3sferas que complementa con la mel\u00f3dica y los teclados.<\/p>\n<p>\u201cEn el lago\u201d es el corte de mayor desarrollo (grabada en directo en la sala Manuel de Falla) este caleidosc\u00f3pico <em>Soplo de vida<\/em>. Una composici\u00f3n firmada por Jes\u00fas de la Rosa del grupo Triana.<\/p>\n<p>Alexis Fern\u00e1ndez al piano pone los pasajes arm\u00f3nicos y Lorenzo Azcona la melod\u00eda al saxo soprano en la canci\u00f3n m\u00e1s sentida y tierna del disco, no carente ni de energ\u00eda ni de pasi\u00f3n.<\/p>\n<p style=\"text-align: right;\">\u00a0\u00a9 Enrique Farelo, 2017<\/p>\n<p>Lorenzo Azcona: <em>Soplo de vida<\/em> (2017)<\/p>\n<p>1\/\u201cD\u2019Abuty\u201d (Lorenzo Azcona), 2\/\u201cAgosto en Diciembre\u201d (Lorenzo Azcona), 3\/\u201cEl Influjo del 31\u201d (Lorenzo Azcona-\u00c1ngela Bautista), 4\/\u201cTiempo Sanador\u201d (Lorenzo Azcona), 5\/\u201cRecreo\u201d (Lorenzo Azcona), 6\/\u201cPaciencia\u201d (Lorenzo Azcona), 7\/\u201cEn el Lago\u201d (Jes\u00fas de la Rosa), y 8\/\u201cEl Capricho de un Minuto\u201d (Lorenzo Azcona).<br \/>\nGrabado en Torestudios salvo \u201cEn el lago\u201d grabada en directo en la sala Manuel de Falla en el a\u00f1o 2017.<\/p>\n<p>Lorenzo Azcona (Saxos, Flauta, Clarinete Bajo, Percusi\u00f3n y Teclados) con colaboraci\u00f3n de:<br \/>\nRub\u00e9n Rebolleda (Piano y Teclados en 1, 2, 3 y 5), Luis P\u00e9rez Escribano (contrabajo en 1 y 6), Sergio Urqu\u00eda (Percusi\u00f3n en 1), Carlos Hip\u00f3lito (Tromb\u00f3n en 1 y 3), Nacho Mu\u00f1oz (Fliscorno en 1 y Trompeta en 3), Carlos Beceiro (Bajo en 2 y 7),\u00a0Peter Oteo (Bajo en 3 y 5), Jonatan Temprano (Bater\u00eda en 2, 3, 5 y 6),\u00a0Benjamin Prado (Voz en 3), Josete Ord\u00f3\u00f1ez (Guitarras en 4),\u00a0Alberto Torres (Viol\u00edn en 4), Fidel Cordero (Mel\u00f3dica y Teclados en 6),\u00a0Toni V\u00e1zquez (Platos en 6), Sebasti\u00e1n Rubio (Percusi\u00f3n en 6 y 7),\u00a0Alexis Fern\u00e1ndez (Piano y Teclados en 7) y Antonio Toledo (Guitarras en 8)<\/p>\n<p>&nbsp;<\/p>\n","protected":false},"excerpt":{"rendered":"<p>Tercer disco en solitario de Lorenzo Azcona, el multi instrumentista propone ocho composiciones entre las que encontramos una versi\u00f3n en directo del \u201cEn el lago\u201d que lleva la firma de Jes\u00fas de la Rosa del grupo Triana. Lorenzo Azcona es un todo terreno de la m\u00fasica en Espa\u00f1a ya que<span class=\"more-link\"><a href=\"https:\/\/tomajazz.com\/web\/lorenzo-azcona-soplo-de-vida-autoeditado-2017\/\">Contin\u00faa leyendo<\/a><\/span><\/p>\n","protected":false},"author":1,"featured_media":36127,"comment_status":"open","ping_status":"closed","sticky":false,"template":"","format":"standard","meta":{"jetpack_post_was_ever_published":false,"_jetpack_newsletter_access":"","_jetpack_dont_email_post_to_subs":false,"_jetpack_newsletter_tier_id":0,"_jetpack_memberships_contains_paywalled_content":false,"_jetpack_memberships_contains_paid_content":false,"footnotes":""},"categories":[17848,5,15517,1038],"tags":[21236,21240,21241,21234,21242,21230,304,21237,21233,21235,21226,21228,21231,21232,21227,21239,21229,21238],"class_list":["entry","author-pachi","post-36126","post","type-post","status-publish","format-standard","has-post-thumbnail","category-enrique-farelo","category-grabaciones","category-textos","category-contenidos","tag-alberto-torres","tag-alexis-fernandez","tag-antonio-toledo","tag-benjamin-prado","tag-carlos-beceiro","tag-carlos-hipolito","tag-enrique-farelo","tag-fidel-cordero","tag-jonatan-temprano","tag-josete-ordonez","tag-lorenzo-azcona","tag-luis-perez-escribano","tag-nacho-munoz","tag-peter-oteo","tag-ruben-rebolleda","tag-sebastian-rubio","tag-sergio-urquia","tag-toni-vazquez"],"jetpack_featured_media_url":"https:\/\/tomajazz.com\/web\/wp-content\/uploads\/2018\/04\/Lorenzo-Azcona-Soplo-de-vida.jpg","jetpack_likes_enabled":true,"jetpack_sharing_enabled":true,"jetpack-related-posts":[{"id":36935,"url":"https:\/\/tomajazz.com\/web\/lorenzo-azcona-galileo-galilei-madrid-2018-05-21-concierto\/","url_meta":{"origin":36126,"position":0},"title":"Lorenzo Azcona (Galileo Galilei, Madrid. 2018-05-21) [Concierto]","author":"Tomajazz","date":"28 mayo, 2018","format":false,"excerpt":"Fecha: 21 de mayo de 2018 Lugar: Sala Galileo Galilei (Madrid). Grupo: Lorenzo Azcona Lorenzo Azcona (saxo tenor, saxo soprano, y clarinete bajo);\u00a0Rub\u00e9n Rebolleda (teclados);\u00a0Jonatan Temprano (bater\u00eda);\u00a0Peter Oteo (bajo el\u00e9ctrico);\u00a0Sebasti\u00e1n Rubio (percusi\u00f3n);\u00a0Antonio Toledo (guitarra ac\u00fastica) A pesar de que era lunes y el tiempo era desapacible en Madrid, la Sala\u2026","rel":"","context":"En \u00ab*_Carlos Lara\u00bb","block_context":{"text":"*_Carlos Lara","link":"https:\/\/tomajazz.com\/web\/category\/carlos-lara\/"},"img":{"alt_text":"","src":"https:\/\/i0.wp.com\/tomajazz.com\/web\/wp-content\/uploads\/2018\/05\/Lorenzo-Azcona-grupo.jpg?resize=350%2C200&ssl=1","width":350,"height":200,"srcset":"https:\/\/i0.wp.com\/tomajazz.com\/web\/wp-content\/uploads\/2018\/05\/Lorenzo-Azcona-grupo.jpg?resize=350%2C200&ssl=1 1x, https:\/\/i0.wp.com\/tomajazz.com\/web\/wp-content\/uploads\/2018\/05\/Lorenzo-Azcona-grupo.jpg?resize=525%2C300&ssl=1 1.5x, https:\/\/i0.wp.com\/tomajazz.com\/web\/wp-content\/uploads\/2018\/05\/Lorenzo-Azcona-grupo.jpg?resize=700%2C400&ssl=1 2x, https:\/\/i0.wp.com\/tomajazz.com\/web\/wp-content\/uploads\/2018\/05\/Lorenzo-Azcona-grupo.jpg?resize=1050%2C600&ssl=1 3x"},"classes":[]},{"id":36195,"url":"https:\/\/tomajazz.com\/web\/universos-paralelos-emision-19-de-abril-de-2018-noticias\/","url_meta":{"origin":36126,"position":1},"title":"Universos Paralelos. Emisi\u00f3n 19 de abril de 2018 [Noticias]","author":"Tomajazz","date":"19 abril, 2018","format":false,"excerpt":"22 A\u00f1os en el aire (y unos pocos en la red)... \u00a1y seguimos descubriendo buena m\u00fasica! Ya est\u00e1 disponible una nueva emisi\u00f3n de Universos Paralelos, el programa de radio dirigido por\u00a0Sergio Cabanillas. En el programa del 19 de abril de 2018: Michael Landau, Dusan Jevtovic, Lorenzo Azcona, Santi De La\u2026","rel":"","context":"En \u00ab*_Redacci\u00f3n\u00bb","block_context":{"text":"*_Redacci\u00f3n","link":"https:\/\/tomajazz.com\/web\/category\/redaccion\/"},"img":{"alt_text":"Universos Paralelos. Emisi\u00f3n 23 de noviembre de 2017 [Noticias] - Tomajazz","src":"https:\/\/i0.wp.com\/tomajazz.com\/web\/wp-content\/uploads\/2017\/11\/UP_AVATAR2.jpg?resize=350%2C200&ssl=1","width":350,"height":200,"srcset":"https:\/\/i0.wp.com\/tomajazz.com\/web\/wp-content\/uploads\/2017\/11\/UP_AVATAR2.jpg?resize=350%2C200&ssl=1 1x, https:\/\/i0.wp.com\/tomajazz.com\/web\/wp-content\/uploads\/2017\/11\/UP_AVATAR2.jpg?resize=525%2C300&ssl=1 1.5x"},"classes":[]},{"id":37170,"url":"https:\/\/tomajazz.com\/web\/universos-paralelos-emision-7-de-junio-de-2018-noticias\/","url_meta":{"origin":36126,"position":2},"title":"Universos Paralelos. Emisi\u00f3n 7 de junio de 2018 [Noticias]","author":"Tomajazz","date":"7 junio, 2018","format":false,"excerpt":"22 A\u00f1os en el aire (y unos pocos en la red)... \u00a1y seguimos descubriendo buena m\u00fasica! Ya est\u00e1 disponible una nueva emisi\u00f3n de Universos Paralelos, el programa de radio dirigido por\u00a0Sergio Cabanillas. En el programa del 7 de junio de 2018: Jan Hammer Group, Tim Miller Trio, Dan Stern, Marko\u2026","rel":"","context":"En \u00ab*_Redacci\u00f3n\u00bb","block_context":{"text":"*_Redacci\u00f3n","link":"https:\/\/tomajazz.com\/web\/category\/redaccion\/"},"img":{"alt_text":"Universos Paralelos. Emisi\u00f3n 23 de noviembre de 2017 [Noticias] - Tomajazz","src":"https:\/\/i0.wp.com\/tomajazz.com\/web\/wp-content\/uploads\/2017\/11\/UP_AVATAR2.jpg?resize=350%2C200&ssl=1","width":350,"height":200,"srcset":"https:\/\/i0.wp.com\/tomajazz.com\/web\/wp-content\/uploads\/2017\/11\/UP_AVATAR2.jpg?resize=350%2C200&ssl=1 1x, https:\/\/i0.wp.com\/tomajazz.com\/web\/wp-content\/uploads\/2017\/11\/UP_AVATAR2.jpg?resize=525%2C300&ssl=1 1.5x"},"classes":[]},{"id":17271,"url":"https:\/\/tomajazz.com\/web\/joan-vidal-sextet-lorquestra-de-cambra-de-granollers-25e-granollers-festival-jazz-2015-02-1315\/","url_meta":{"origin":36126,"position":3},"title":"Joan Vidal Sextet &#038; L\u2019orquestra De Cambra De Granollers (25\u00e8 Granollers  Festival Jazz. 2015-02-13\/15)","author":"Tomajazz","date":"26 febrero, 2015","format":false,"excerpt":"25\u00e8 Granollers Jazz Festival Fecha: Viernes, 13 y 15 de febrero de 2015 Lugar: Teatre Auditori de Granollers (Barcelona) Componentes: Joan Vidal Sextet Joan Vidal, bater\u00eda y composiciones Gabriel Amargant, saxo tenor, soprano y clarinete Mart\u00ed Serra, saxo tenor y\u00a0soprano Marco Mezquida, piano Adri\u00e0 Plana, guitarra Miguel Serna, contrabajoOrquestra De\u2026","rel":"","context":"En \u00ab*_Joan Cort\u00e8s\u00bb","block_context":{"text":"*_Joan Cort\u00e8s","link":"https:\/\/tomajazz.com\/web\/category\/joan-cortes\/"},"img":{"alt_text":"","src":"https:\/\/i0.wp.com\/tomajazz.com\/web\/wp-content\/uploads\/2015\/02\/04_JVSOCGru00A9Joan-Cortu00E8s_15feb15_25FJG_Gra.jpg?resize=350%2C200&ssl=1","width":350,"height":200,"srcset":"https:\/\/i0.wp.com\/tomajazz.com\/web\/wp-content\/uploads\/2015\/02\/04_JVSOCGru00A9Joan-Cortu00E8s_15feb15_25FJG_Gra.jpg?resize=350%2C200&ssl=1 1x, https:\/\/i0.wp.com\/tomajazz.com\/web\/wp-content\/uploads\/2015\/02\/04_JVSOCGru00A9Joan-Cortu00E8s_15feb15_25FJG_Gra.jpg?resize=525%2C300&ssl=1 1.5x"},"classes":[]},{"id":12060,"url":"https:\/\/tomajazz.com\/web\/arte-literatura-rock-jazz-y-otras-hierbas-un-coctel-explosivo-en-manos-de-los-malaguenos-kermit-entrevista-por-enrique-farelo-y-carlos-lara\/","url_meta":{"origin":36126,"position":4},"title":"Arte, literatura, rock, jazz y otras hierbas, un c\u00f3ctel explosivo en manos de los malague\u00f1os Kermit. Entrevista por Enrique Farelo y Carlos Lara","author":"Tomajazz","date":"13 mayo, 2014","format":false,"excerpt":"El cuarteto Kermit naci\u00f3 a principios de 2012. A\u00f1o en el que apareci\u00f3 su primer disco llamado Autoficci\u00f3n, un trabajo de corte experimental, donde los gui\u00f1os al jazz y al rock progresivo estaban presentes, apuntando ya una interesante referencia al mundo de la literatura. Rasgos que se han visto corroborados\u2026","rel":"","context":"En \u00ab*_Carlos Lara\u00bb","block_context":{"text":"*_Carlos Lara","link":"https:\/\/tomajazz.com\/web\/category\/carlos-lara\/"},"img":{"alt_text":"","src":"https:\/\/i0.wp.com\/tomajazz.com\/web\/wp-content\/uploads\/2014\/05\/31012014-Kermit-74-2-2.jpg?resize=350%2C200&ssl=1","width":350,"height":200,"srcset":"https:\/\/i0.wp.com\/tomajazz.com\/web\/wp-content\/uploads\/2014\/05\/31012014-Kermit-74-2-2.jpg?resize=350%2C200&ssl=1 1x, https:\/\/i0.wp.com\/tomajazz.com\/web\/wp-content\/uploads\/2014\/05\/31012014-Kermit-74-2-2.jpg?resize=525%2C300&ssl=1 1.5x"},"classes":[]},{"id":4370,"url":"https:\/\/tomajazz.com\/web\/paesani-dal-pozzo-mazzucco-trio-waynes-playground-abeat-records-2011\/","url_meta":{"origin":36126,"position":5},"title":"Paesani Dal Pozzo Mazzucco Trio &#8211; Wayne\u2019s Playground (Abeat Records, 2011)","author":"Tomajazz","date":"15 septiembre, 2012","format":false,"excerpt":"Comentario:\u00a0La intenci\u00f3n del tr\u00edo italiano es clara, no existe m\u00e1s liderazgo que el compartido. En cuanto a las composiciones son en su totalidad de Wayne Shorter y los arreglos del tr\u00edo. La elecci\u00f3n de dedicar el disco al gran saxofonista americano es libre y decidida y conlleva ciertos riesgos a\u2026","rel":"","context":"En \u00ab*_Enrique Farelo\u00bb","block_context":{"text":"*_Enrique Farelo","link":"https:\/\/tomajazz.com\/web\/category\/enrique-farelo\/"},"img":{"alt_text":"","src":"https:\/\/i0.wp.com\/www.tomajazz.com\/discos\/2012_09\/pdpmt_wp.jpg?resize=350%2C200","width":350,"height":200},"classes":[]}],"_links":{"self":[{"href":"https:\/\/tomajazz.com\/web\/wp-json\/wp\/v2\/posts\/36126","targetHints":{"allow":["GET"]}}],"collection":[{"href":"https:\/\/tomajazz.com\/web\/wp-json\/wp\/v2\/posts"}],"about":[{"href":"https:\/\/tomajazz.com\/web\/wp-json\/wp\/v2\/types\/post"}],"author":[{"embeddable":true,"href":"https:\/\/tomajazz.com\/web\/wp-json\/wp\/v2\/users\/1"}],"replies":[{"embeddable":true,"href":"https:\/\/tomajazz.com\/web\/wp-json\/wp\/v2\/comments?post=36126"}],"version-history":[{"count":1,"href":"https:\/\/tomajazz.com\/web\/wp-json\/wp\/v2\/posts\/36126\/revisions"}],"predecessor-version":[{"id":36128,"href":"https:\/\/tomajazz.com\/web\/wp-json\/wp\/v2\/posts\/36126\/revisions\/36128"}],"wp:featuredmedia":[{"embeddable":true,"href":"https:\/\/tomajazz.com\/web\/wp-json\/wp\/v2\/media\/36127"}],"wp:attachment":[{"href":"https:\/\/tomajazz.com\/web\/wp-json\/wp\/v2\/media?parent=36126"}],"wp:term":[{"taxonomy":"category","embeddable":true,"href":"https:\/\/tomajazz.com\/web\/wp-json\/wp\/v2\/categories?post=36126"},{"taxonomy":"post_tag","embeddable":true,"href":"https:\/\/tomajazz.com\/web\/wp-json\/wp\/v2\/tags?post=36126"}],"curies":[{"name":"wp","href":"https:\/\/api.w.org\/{rel}","templated":true}]}}