{"id":36532,"date":"2018-05-11T11:11:12","date_gmt":"2018-05-11T09:11:12","guid":{"rendered":"https:\/\/www.tomajazz.com\/web\/?p=36532"},"modified":"2022-09-04T13:41:05","modified_gmt":"2022-09-04T11:41:05","slug":"instantzz-ramon-lopez-marco-mezquida-estreno-absoluto-artte-barcelona-18-03-13","status":"publish","type":"post","link":"https:\/\/tomajazz.com\/web\/instantzz-ramon-lopez-marco-mezquida-estreno-absoluto-artte-barcelona-18-03-13\/","title":{"rendered":"INSTANTZZ: Ram\u00f3n L\u00f3pez &#038; Marco Mezquida \u2013estreno absoluto- (Artte, Barcelona. 2018-03-13) [Galer\u00eda fotogr\u00e1fica]"},"content":{"rendered":"<ul>\n<li>Fecha: Martes, 13 de marzo de 2018<\/li>\n<li>Lugar: Artte (Barcelona)<\/li>\n<li>Grupo:<br \/>\n<strong>Ram\u00f3n L\u00f3pez &amp; Marco Mezquida \u2013estreno absoluto-<br \/>\n<\/strong>Ram\u00f3n L\u00f3pez, bater\u00eda y tabla<br \/>\nMarco Mezquida, piano y peque\u00f1a percusi\u00f3n<\/li>\n<\/ul>\n<p style=\"text-align: center;\"><img loading=\"lazy\" decoding=\"async\" class=\"aligncenter size-large wp-image-36533\" src=\"https:\/\/tomajazz.com\/web\/wp-content\/uploads\/2018\/05\/01_RmnLpzMrcMzqd-\u00a9Joan-Cort\u00e8s_13mr\u00e718_rtt_Brcln-600x399.jpg\" alt=\"\" width=\"600\" height=\"399\" title=\"\" srcset=\"https:\/\/tomajazz.com\/web\/wp-content\/uploads\/2018\/05\/01_RmnLpzMrcMzqd-\u00a9Joan-Cort\u00e8s_13mr\u00e718_rtt_Brcln.jpg 600w, https:\/\/tomajazz.com\/web\/wp-content\/uploads\/2018\/05\/01_RmnLpzMrcMzqd-\u00a9Joan-Cort\u00e8s_13mr\u00e718_rtt_Brcln-200x133.jpg 200w, https:\/\/tomajazz.com\/web\/wp-content\/uploads\/2018\/05\/01_RmnLpzMrcMzqd-\u00a9Joan-Cort\u00e8s_13mr\u00e718_rtt_Brcln-83x55.jpg 83w, https:\/\/tomajazz.com\/web\/wp-content\/uploads\/2018\/05\/01_RmnLpzMrcMzqd-\u00a9Joan-Cort\u00e8s_13mr\u00e718_rtt_Brcln-60x40.jpg 60w, https:\/\/tomajazz.com\/web\/wp-content\/uploads\/2018\/05\/01_RmnLpzMrcMzqd-\u00a9Joan-Cort\u00e8s_13mr\u00e718_rtt_Brcln-120x80.jpg 120w\" sizes=\"auto, (max-width: 600px) 100vw, 600px\" \/> <img loading=\"lazy\" decoding=\"async\" class=\"aligncenter size-large wp-image-36534\" src=\"https:\/\/tomajazz.com\/web\/wp-content\/uploads\/2018\/05\/02_RmnLpzMrcMzqd-\u00a9Joan-Cort\u00e8s_13mr\u00e718_rtt_Brcln-600x399.jpg\" alt=\"\" width=\"600\" height=\"399\" title=\"\" srcset=\"https:\/\/tomajazz.com\/web\/wp-content\/uploads\/2018\/05\/02_RmnLpzMrcMzqd-\u00a9Joan-Cort\u00e8s_13mr\u00e718_rtt_Brcln.jpg 600w, https:\/\/tomajazz.com\/web\/wp-content\/uploads\/2018\/05\/02_RmnLpzMrcMzqd-\u00a9Joan-Cort\u00e8s_13mr\u00e718_rtt_Brcln-200x133.jpg 200w, https:\/\/tomajazz.com\/web\/wp-content\/uploads\/2018\/05\/02_RmnLpzMrcMzqd-\u00a9Joan-Cort\u00e8s_13mr\u00e718_rtt_Brcln-83x55.jpg 83w, https:\/\/tomajazz.com\/web\/wp-content\/uploads\/2018\/05\/02_RmnLpzMrcMzqd-\u00a9Joan-Cort\u00e8s_13mr\u00e718_rtt_Brcln-60x40.jpg 60w, https:\/\/tomajazz.com\/web\/wp-content\/uploads\/2018\/05\/02_RmnLpzMrcMzqd-\u00a9Joan-Cort\u00e8s_13mr\u00e718_rtt_Brcln-120x80.jpg 120w\" sizes=\"auto, (max-width: 600px) 100vw, 600px\" \/> <img loading=\"lazy\" decoding=\"async\" class=\"aligncenter size-large wp-image-36535\" src=\"https:\/\/tomajazz.com\/web\/wp-content\/uploads\/2018\/05\/03_RmnLpzMrcMzqd-\u00a9Joan-Cort\u00e8s_13mr\u00e718_rtt_Brcln-399x600.jpg\" alt=\"\" width=\"399\" height=\"600\" title=\"\" srcset=\"https:\/\/tomajazz.com\/web\/wp-content\/uploads\/2018\/05\/03_RmnLpzMrcMzqd-\u00a9Joan-Cort\u00e8s_13mr\u00e718_rtt_Brcln.jpg 399w, https:\/\/tomajazz.com\/web\/wp-content\/uploads\/2018\/05\/03_RmnLpzMrcMzqd-\u00a9Joan-Cort\u00e8s_13mr\u00e718_rtt_Brcln-200x300.jpg 200w, https:\/\/tomajazz.com\/web\/wp-content\/uploads\/2018\/05\/03_RmnLpzMrcMzqd-\u00a9Joan-Cort\u00e8s_13mr\u00e718_rtt_Brcln-37x55.jpg 37w\" sizes=\"auto, (max-width: 399px) 100vw, 399px\" \/> <img loading=\"lazy\" decoding=\"async\" class=\"aligncenter size-large wp-image-36536\" src=\"https:\/\/tomajazz.com\/web\/wp-content\/uploads\/2018\/05\/04_RmnLpzMrcMzqd-\u00a9Joan-Cort\u00e8s_13mr\u00e718_rtt_Brcln-600x399.jpg\" alt=\"\" width=\"600\" height=\"399\" title=\"\" srcset=\"https:\/\/tomajazz.com\/web\/wp-content\/uploads\/2018\/05\/04_RmnLpzMrcMzqd-\u00a9Joan-Cort\u00e8s_13mr\u00e718_rtt_Brcln.jpg 600w, https:\/\/tomajazz.com\/web\/wp-content\/uploads\/2018\/05\/04_RmnLpzMrcMzqd-\u00a9Joan-Cort\u00e8s_13mr\u00e718_rtt_Brcln-200x133.jpg 200w, https:\/\/tomajazz.com\/web\/wp-content\/uploads\/2018\/05\/04_RmnLpzMrcMzqd-\u00a9Joan-Cort\u00e8s_13mr\u00e718_rtt_Brcln-83x55.jpg 83w, https:\/\/tomajazz.com\/web\/wp-content\/uploads\/2018\/05\/04_RmnLpzMrcMzqd-\u00a9Joan-Cort\u00e8s_13mr\u00e718_rtt_Brcln-60x40.jpg 60w, https:\/\/tomajazz.com\/web\/wp-content\/uploads\/2018\/05\/04_RmnLpzMrcMzqd-\u00a9Joan-Cort\u00e8s_13mr\u00e718_rtt_Brcln-120x80.jpg 120w\" sizes=\"auto, (max-width: 600px) 100vw, 600px\" \/> <img loading=\"lazy\" decoding=\"async\" class=\"aligncenter size-large wp-image-36537\" src=\"https:\/\/tomajazz.com\/web\/wp-content\/uploads\/2018\/05\/05_RmnLpzMrcMzqd-\u00a9Joan-Cort\u00e8s_13mr\u00e718_rtt_Brcln-399x600.jpg\" alt=\"\" width=\"399\" height=\"600\" title=\"\" srcset=\"https:\/\/tomajazz.com\/web\/wp-content\/uploads\/2018\/05\/05_RmnLpzMrcMzqd-\u00a9Joan-Cort\u00e8s_13mr\u00e718_rtt_Brcln.jpg 399w, https:\/\/tomajazz.com\/web\/wp-content\/uploads\/2018\/05\/05_RmnLpzMrcMzqd-\u00a9Joan-Cort\u00e8s_13mr\u00e718_rtt_Brcln-200x300.jpg 200w, https:\/\/tomajazz.com\/web\/wp-content\/uploads\/2018\/05\/05_RmnLpzMrcMzqd-\u00a9Joan-Cort\u00e8s_13mr\u00e718_rtt_Brcln-37x55.jpg 37w\" sizes=\"auto, (max-width: 399px) 100vw, 399px\" \/> <img loading=\"lazy\" decoding=\"async\" class=\"aligncenter size-large wp-image-36538\" src=\"https:\/\/tomajazz.com\/web\/wp-content\/uploads\/2018\/05\/06_RmnLpzMrcMzqd-\u00a9Joan-Cort\u00e8s_13mr\u00e718_rtt_Brcln-600x399.jpg\" alt=\"\" width=\"600\" height=\"399\" title=\"\" srcset=\"https:\/\/tomajazz.com\/web\/wp-content\/uploads\/2018\/05\/06_RmnLpzMrcMzqd-\u00a9Joan-Cort\u00e8s_13mr\u00e718_rtt_Brcln.jpg 600w, https:\/\/tomajazz.com\/web\/wp-content\/uploads\/2018\/05\/06_RmnLpzMrcMzqd-\u00a9Joan-Cort\u00e8s_13mr\u00e718_rtt_Brcln-200x133.jpg 200w, https:\/\/tomajazz.com\/web\/wp-content\/uploads\/2018\/05\/06_RmnLpzMrcMzqd-\u00a9Joan-Cort\u00e8s_13mr\u00e718_rtt_Brcln-83x55.jpg 83w, https:\/\/tomajazz.com\/web\/wp-content\/uploads\/2018\/05\/06_RmnLpzMrcMzqd-\u00a9Joan-Cort\u00e8s_13mr\u00e718_rtt_Brcln-60x40.jpg 60w, https:\/\/tomajazz.com\/web\/wp-content\/uploads\/2018\/05\/06_RmnLpzMrcMzqd-\u00a9Joan-Cort\u00e8s_13mr\u00e718_rtt_Brcln-120x80.jpg 120w\" sizes=\"auto, (max-width: 600px) 100vw, 600px\" \/> <img loading=\"lazy\" decoding=\"async\" class=\"aligncenter size-large wp-image-36539\" src=\"https:\/\/tomajazz.com\/web\/wp-content\/uploads\/2018\/05\/07_RmnLpzMrcMzqd-\u00a9Joan-Cort\u00e8s_13mr\u00e718_rtt_Brcln-600x399.jpg\" alt=\"\" width=\"600\" height=\"399\" title=\"\" srcset=\"https:\/\/tomajazz.com\/web\/wp-content\/uploads\/2018\/05\/07_RmnLpzMrcMzqd-\u00a9Joan-Cort\u00e8s_13mr\u00e718_rtt_Brcln.jpg 600w, https:\/\/tomajazz.com\/web\/wp-content\/uploads\/2018\/05\/07_RmnLpzMrcMzqd-\u00a9Joan-Cort\u00e8s_13mr\u00e718_rtt_Brcln-200x133.jpg 200w, https:\/\/tomajazz.com\/web\/wp-content\/uploads\/2018\/05\/07_RmnLpzMrcMzqd-\u00a9Joan-Cort\u00e8s_13mr\u00e718_rtt_Brcln-83x55.jpg 83w, https:\/\/tomajazz.com\/web\/wp-content\/uploads\/2018\/05\/07_RmnLpzMrcMzqd-\u00a9Joan-Cort\u00e8s_13mr\u00e718_rtt_Brcln-60x40.jpg 60w, https:\/\/tomajazz.com\/web\/wp-content\/uploads\/2018\/05\/07_RmnLpzMrcMzqd-\u00a9Joan-Cort\u00e8s_13mr\u00e718_rtt_Brcln-120x80.jpg 120w\" sizes=\"auto, (max-width: 600px) 100vw, 600px\" \/> <img loading=\"lazy\" decoding=\"async\" class=\"aligncenter size-large wp-image-36540\" src=\"https:\/\/tomajazz.com\/web\/wp-content\/uploads\/2018\/05\/08_RmnLpzMrcMzqd-\u00a9Joan-Cort\u00e8s_13mr\u00e718_rtt_Brcln-399x600.jpg\" alt=\"\" width=\"399\" height=\"600\" title=\"\" srcset=\"https:\/\/tomajazz.com\/web\/wp-content\/uploads\/2018\/05\/08_RmnLpzMrcMzqd-\u00a9Joan-Cort\u00e8s_13mr\u00e718_rtt_Brcln.jpg 399w, https:\/\/tomajazz.com\/web\/wp-content\/uploads\/2018\/05\/08_RmnLpzMrcMzqd-\u00a9Joan-Cort\u00e8s_13mr\u00e718_rtt_Brcln-200x300.jpg 200w, https:\/\/tomajazz.com\/web\/wp-content\/uploads\/2018\/05\/08_RmnLpzMrcMzqd-\u00a9Joan-Cort\u00e8s_13mr\u00e718_rtt_Brcln-37x55.jpg 37w\" sizes=\"auto, (max-width: 399px) 100vw, 399px\" \/> <img loading=\"lazy\" decoding=\"async\" class=\"aligncenter size-large wp-image-36541\" src=\"https:\/\/tomajazz.com\/web\/wp-content\/uploads\/2018\/05\/09_RmnLpzMrcMzqd-\u00a9Joan-Cort\u00e8s_13mr\u00e718_rtt_Brcln-399x600.jpg\" alt=\"\" width=\"399\" height=\"600\" title=\"\" srcset=\"https:\/\/tomajazz.com\/web\/wp-content\/uploads\/2018\/05\/09_RmnLpzMrcMzqd-\u00a9Joan-Cort\u00e8s_13mr\u00e718_rtt_Brcln.jpg 399w, https:\/\/tomajazz.com\/web\/wp-content\/uploads\/2018\/05\/09_RmnLpzMrcMzqd-\u00a9Joan-Cort\u00e8s_13mr\u00e718_rtt_Brcln-200x300.jpg 200w, https:\/\/tomajazz.com\/web\/wp-content\/uploads\/2018\/05\/09_RmnLpzMrcMzqd-\u00a9Joan-Cort\u00e8s_13mr\u00e718_rtt_Brcln-37x55.jpg 37w\" sizes=\"auto, (max-width: 399px) 100vw, 399px\" \/> <img loading=\"lazy\" decoding=\"async\" class=\"aligncenter size-large wp-image-36542\" src=\"https:\/\/tomajazz.com\/web\/wp-content\/uploads\/2018\/05\/10_RmnLpzMrcMzqd-\u00a9Joan-Cort\u00e8s_13mr\u00e718_rtt_Brcln-600x399.jpg\" alt=\"\" width=\"600\" height=\"399\" title=\"\" srcset=\"https:\/\/tomajazz.com\/web\/wp-content\/uploads\/2018\/05\/10_RmnLpzMrcMzqd-\u00a9Joan-Cort\u00e8s_13mr\u00e718_rtt_Brcln.jpg 600w, https:\/\/tomajazz.com\/web\/wp-content\/uploads\/2018\/05\/10_RmnLpzMrcMzqd-\u00a9Joan-Cort\u00e8s_13mr\u00e718_rtt_Brcln-200x133.jpg 200w, https:\/\/tomajazz.com\/web\/wp-content\/uploads\/2018\/05\/10_RmnLpzMrcMzqd-\u00a9Joan-Cort\u00e8s_13mr\u00e718_rtt_Brcln-83x55.jpg 83w, https:\/\/tomajazz.com\/web\/wp-content\/uploads\/2018\/05\/10_RmnLpzMrcMzqd-\u00a9Joan-Cort\u00e8s_13mr\u00e718_rtt_Brcln-60x40.jpg 60w, https:\/\/tomajazz.com\/web\/wp-content\/uploads\/2018\/05\/10_RmnLpzMrcMzqd-\u00a9Joan-Cort\u00e8s_13mr\u00e718_rtt_Brcln-120x80.jpg 120w\" sizes=\"auto, (max-width: 600px) 100vw, 600px\" \/> <img loading=\"lazy\" decoding=\"async\" class=\"aligncenter size-large wp-image-36543\" src=\"https:\/\/tomajazz.com\/web\/wp-content\/uploads\/2018\/05\/11_RmnLpzMrcMzqd-\u00a9Joan-Cort\u00e8s_13mr\u00e718_rtt_Brcln-600x399.jpg\" alt=\"\" width=\"600\" height=\"399\" title=\"\" srcset=\"https:\/\/tomajazz.com\/web\/wp-content\/uploads\/2018\/05\/11_RmnLpzMrcMzqd-\u00a9Joan-Cort\u00e8s_13mr\u00e718_rtt_Brcln.jpg 600w, https:\/\/tomajazz.com\/web\/wp-content\/uploads\/2018\/05\/11_RmnLpzMrcMzqd-\u00a9Joan-Cort\u00e8s_13mr\u00e718_rtt_Brcln-200x133.jpg 200w, https:\/\/tomajazz.com\/web\/wp-content\/uploads\/2018\/05\/11_RmnLpzMrcMzqd-\u00a9Joan-Cort\u00e8s_13mr\u00e718_rtt_Brcln-83x55.jpg 83w, https:\/\/tomajazz.com\/web\/wp-content\/uploads\/2018\/05\/11_RmnLpzMrcMzqd-\u00a9Joan-Cort\u00e8s_13mr\u00e718_rtt_Brcln-60x40.jpg 60w, https:\/\/tomajazz.com\/web\/wp-content\/uploads\/2018\/05\/11_RmnLpzMrcMzqd-\u00a9Joan-Cort\u00e8s_13mr\u00e718_rtt_Brcln-120x80.jpg 120w\" sizes=\"auto, (max-width: 600px) 100vw, 600px\" \/><\/p>\n<p style=\"text-align: right;\">Tomajazz:\u00a0<strong>Joan Cort\u00e8s<\/strong>, 2018<\/p>\n","protected":false},"excerpt":{"rendered":"<p>Fecha: Martes, 13 de marzo de 2018 Lugar: Artte (Barcelona) Grupo: Ram\u00f3n L\u00f3pez &amp; Marco Mezquida \u2013estreno absoluto- Ram\u00f3n L\u00f3pez, bater\u00eda y tabla Marco Mezquida, piano y peque\u00f1a percusi\u00f3n Tomajazz:\u00a0Joan Cort\u00e8s, 2018<span class=\"more-link\"><a href=\"https:\/\/tomajazz.com\/web\/instantzz-ramon-lopez-marco-mezquida-estreno-absoluto-artte-barcelona-18-03-13\/\">Contin\u00faa leyendo<\/a><\/span><\/p>\n","protected":false},"author":1,"featured_media":36541,"comment_status":"open","ping_status":"closed","sticky":false,"template":"","format":"standard","meta":{"jetpack_post_was_ever_published":false,"_jetpack_newsletter_access":"","_jetpack_dont_email_post_to_subs":false,"_jetpack_newsletter_tier_id":0,"_jetpack_memberships_contains_paywalled_content":false,"_jetpack_memberships_contains_paid_content":false,"footnotes":""},"categories":[17853,11262,15516,11261,1038],"tags":[1041,1151,284,21341],"class_list":["entry","author-pachi","post-36532","post","type-post","status-publish","format-standard","has-post-thumbnail","category-joan-cortes","category-photoblogs","category-imagenes","category-instantzz","category-contenidos","tag-joan-cortes","tag-marco-mezquida","tag-ramon-lopez","tag-ramon-lopez-marco-mezquida"],"jetpack_featured_media_url":"https:\/\/tomajazz.com\/web\/wp-content\/uploads\/2018\/05\/09_RmnLpzMrcMzqd-\u00a9Joan-Cort\u00e8s_13mr\u00e718_rtt_Brcln.jpg","jetpack_likes_enabled":true,"jetpack_sharing_enabled":true,"jetpack-related-posts":[{"id":100866,"url":"https:\/\/tomajazz.com\/web\/marco-mezquida-chicuelo-la-garriga-2025\/","url_meta":{"origin":36532,"position":0},"title":"Marco Mezquida &#038; Chicuelo \u00abDel Alma\u00bb (Teatre Patronat, 2025-10-04 \/ La Garriga -Barcelona-) Por Joan Cort\u00e8s [INSTANTZZ AKA Galer\u00eda fotogr\u00e1fica AKA Fotoblog de jazz, impro\u2026 y algo m\u00e1s]","author":"Tomajazz","date":"23 octubre, 2025","format":false,"excerpt":"Marco Mezquida & Chicuelo \u00abDel Alma\u00bb actuaron en el Teatre Patronat de La Garriga -Barcelona-, el 4 de octubre de 2025. Joan Cort\u00e8s los retrata en INSTANTZZ. Actuaron Marco Mezquida, Chicuelo, Paco de Mode","rel":"","context":"En \u00abINSTANTZZ\u00bb","block_context":{"text":"INSTANTZZ","link":"https:\/\/tomajazz.com\/web\/category\/contenidos\/imagenes\/photoblogs\/instantzz\/"},"img":{"alt_text":"Marco Mezquida & Chicuelo \u00abDel Alma\u00bb (Teatre Patronat, 2025-10-04 \/ La Garriga -Barcelona-) Por Joan Cort\u00e8s [INSTANTZZ AKA Galer\u00eda fotogr\u00e1fica AKA Fotoblog de jazz, impro\u2026 y algo m\u00e1s] - Tomajazz - Marco Mezquida & Chicuelo \u00abDel Alma\u00bb actuaron en el Teatre Patronat de La Garriga -Barcelona-, el 4 de octubre de 2025. Joan Cort\u00e8s los retrata en INSTANTZZ","src":"https:\/\/i0.wp.com\/tomajazz.com\/web\/wp-content\/uploads\/2025\/10\/05-Mrc-Mzqd-Chcl-Dl-lma-%C2%A9Joan-Cortes-04ctb25-TPlG-LG-bn.jpg?resize=350%2C200&ssl=1","width":350,"height":200,"srcset":"https:\/\/i0.wp.com\/tomajazz.com\/web\/wp-content\/uploads\/2025\/10\/05-Mrc-Mzqd-Chcl-Dl-lma-%C2%A9Joan-Cortes-04ctb25-TPlG-LG-bn.jpg?resize=350%2C200&ssl=1 1x, https:\/\/i0.wp.com\/tomajazz.com\/web\/wp-content\/uploads\/2025\/10\/05-Mrc-Mzqd-Chcl-Dl-lma-%C2%A9Joan-Cortes-04ctb25-TPlG-LG-bn.jpg?resize=525%2C300&ssl=1 1.5x"},"classes":[]},{"id":104591,"url":"https:\/\/tomajazz.com\/web\/marco-mezquida-25cdj-2026\/","url_meta":{"origin":36532,"position":1},"title":"Marco Mezquida (25 aniversario Club de Jazz \/ Jamboree-01, 2026-02-14 \/ Barcelona) [y III] Por Joan Cort\u00e8s [INSTANTZZ AKA Galer\u00eda fotogr\u00e1fica AKA Fotoblog de jazz, impro\u2026 y algo m\u00e1s]","author":"Tomajazz","date":"26 marzo, 2026","format":false,"excerpt":"Marco Mezquida actu\u00f3 en Jamboree en la celebraci\u00f3n CDJ25, el 14 de febrero de 2026. Joan Cort\u00e8s lo retrata en INSTANTZZ","rel":"","context":"En \u00abINSTANTZZ\u00bb","block_context":{"text":"INSTANTZZ","link":"https:\/\/tomajazz.com\/web\/category\/contenidos\/imagenes\/photoblogs\/instantzz\/"},"img":{"alt_text":"Marco Mezquida (25 aniversario Club de Jazz \/ Jamboree-01, 2026-02-14 \/ Barcelona) [y III] Por Joan Cort\u00e8s [INSTANTZZ AKA Galer\u00eda fotogr\u00e1fica AKA Fotoblog de jazz, impro\u2026 y algo m\u00e1s] - Tomajazz - Marco Mezquida actu\u00f3 en Jamboree en la celebraci\u00f3n CDJ25, el 14 de febrero de 2026. Joan Cort\u00e8s lo retrata en INSTANTZZ","src":"https:\/\/i0.wp.com\/tomajazz.com\/web\/wp-content\/uploads\/2026\/03\/destacada-10-Mrc-Mzqd-Photo-by-Joan-Cortes-14fbr26-25CdJ-Jmbrr01-Bcn-.jpg?resize=350%2C200&ssl=1","width":350,"height":200,"srcset":"https:\/\/i0.wp.com\/tomajazz.com\/web\/wp-content\/uploads\/2026\/03\/destacada-10-Mrc-Mzqd-Photo-by-Joan-Cortes-14fbr26-25CdJ-Jmbrr01-Bcn-.jpg?resize=350%2C200&ssl=1 1x, https:\/\/i0.wp.com\/tomajazz.com\/web\/wp-content\/uploads\/2026\/03\/destacada-10-Mrc-Mzqd-Photo-by-Joan-Cortes-14fbr26-25CdJ-Jmbrr01-Bcn-.jpg?resize=525%2C300&ssl=1 1.5x"},"classes":[]},{"id":103071,"url":"https:\/\/tomajazz.com\/web\/lina-marco-mezquida-o-fado-barcelona-2025\/","url_meta":{"origin":36532,"position":2},"title":"Lina &#038; Marco Mezquida \u201cO Fado\u201d (57\u00e8 Festival de Jazz de Barcelona 2025 \/ Conservatori del Liceu, 2025-11-21 \/ Barcelona) [03] Por Joan Cort\u00e8s [INSTANTZZ AKA Galer\u00eda fotogr\u00e1fica AKA Fotoblog de jazz, impro\u2026 y algo m\u00e1s]","author":"Tomajazz","date":"30 diciembre, 2025","format":false,"excerpt":"Lina & Marco Mezquida \u201cO Fado\u201d actuaron en el 57\u00e8 Festival de Jazz de Barcelona, el 21 de noviembre de 2025. Joan Cort\u00e8s lo retrata en INSTANTZZ","rel":"","context":"En \u00ab57 Festival de Jazz de Barcelona 2025\u00bb","block_context":{"text":"57 Festival de Jazz de Barcelona 2025","link":"https:\/\/tomajazz.com\/web\/category\/contenidos\/especial-contenidos\/57-festival-de-jazz-de-barcelona-2025\/"},"img":{"alt_text":"Lina & Marco Mezquida \u201cO Fado\u201d (59\u00e8 Festival de Jazz de Barcelona \/ Conservatori del Liceu, 2025-11-21 \/ Barcelona) [03] Por Joan Cort\u00e8s [INSTANTZZ AKA Galer\u00eda fotogr\u00e1fica AKA Fotoblog de jazz, impro\u2026 y algo m\u00e1s] - Tomajazz - Lina & Marco Mezquida \u201cO Fado\u201d actuaron en el 59\u00e8 Festival de Jazz de Barcelona, el 21 de noviembre de 2025. Joan Cort\u00e8s lo retrata en INSTANTZZ","src":"https:\/\/i0.wp.com\/tomajazz.com\/web\/wp-content\/uploads\/2025\/12\/destacada-07-Ln-Mrc-Mzqd-Photo-By-Joan-Cortes-21nov25-Cnsrvtr-dl-Lc-59FJBcn.jpg?resize=350%2C200&ssl=1","width":350,"height":200,"srcset":"https:\/\/i0.wp.com\/tomajazz.com\/web\/wp-content\/uploads\/2025\/12\/destacada-07-Ln-Mrc-Mzqd-Photo-By-Joan-Cortes-21nov25-Cnsrvtr-dl-Lc-59FJBcn.jpg?resize=350%2C200&ssl=1 1x, https:\/\/i0.wp.com\/tomajazz.com\/web\/wp-content\/uploads\/2025\/12\/destacada-07-Ln-Mrc-Mzqd-Photo-By-Joan-Cortes-21nov25-Cnsrvtr-dl-Lc-59FJBcn.jpg?resize=525%2C300&ssl=1 1.5x"},"classes":[]},{"id":103107,"url":"https:\/\/tomajazz.com\/web\/chicuelo-marco-mezquida-alternatilla-2025\/","url_meta":{"origin":36532,"position":3},"title":"Chicuelo &#038; Marco Mezquida (9\u00ba Alternatilla Jazz Festival 2025. Teatre Principal de Palma. 2025-12-03) Por Jos\u00e9 Luis Luna Rocafort [INSTANTZZ AKA Galer\u00eda fotogr\u00e1fica AKA Fotoblog de jazz, impro\u2026 y algo m\u00e1s]","author":"Tomajazz","date":"31 diciembre, 2025","format":false,"excerpt":"Chicuelo & Marco Mezquida actuaron en el 9\u00ba Alternatilla Jazz Festival en el Teatre Principal de Palma, el 3 de diciembre de 2025. Jos\u00e9 Luis Luna Rocafort lo retrata en INSTANTZZ. Con Chicuelo, Marco Mezquida, Paco de Mode","rel":"","context":"En \u00ab9\u00ba Alternatilla Jazz Festival 2025\u00bb","block_context":{"text":"9\u00ba Alternatilla Jazz Festival 2025","link":"https:\/\/tomajazz.com\/web\/category\/contenidos\/especial-contenidos\/9o-alternatilla-jazz-festival-2025\/"},"img":{"alt_text":"Chicuelo & Marco Mezquida (9\u00ba Alternatilla Jazz Festival 2025. Teatre Principal de Palma. 2025-12-03) Por Jos\u00e9 Luis Luna Rocafort [INSTANTZZ AKA Galer\u00eda fotogr\u00e1fica AKA Fotoblog de jazz, impro\u2026 y algo m\u00e1s] - Tomajazz - Chicuelo & Marco Mezquida actuaron en el 9\u00ba Alternatilla Jazz Festival en el Teatre Principal de Palma, el 3 de diciembre de 2025. Jos\u00e9 Luis Luna Rocafort lo retrata en INSTANTZZ. Con Chicuelo, Marco","src":"https:\/\/i0.wp.com\/tomajazz.com\/web\/wp-content\/uploads\/2025\/12\/020-6.jpg?resize=350%2C200&ssl=1","width":350,"height":200,"srcset":"https:\/\/i0.wp.com\/tomajazz.com\/web\/wp-content\/uploads\/2025\/12\/020-6.jpg?resize=350%2C200&ssl=1 1x, https:\/\/i0.wp.com\/tomajazz.com\/web\/wp-content\/uploads\/2025\/12\/020-6.jpg?resize=525%2C300&ssl=1 1.5x"},"classes":[]},{"id":50877,"url":"https:\/\/tomajazz.com\/web\/instantzz-ramon-lopez-monografico-galeria-fotografica-aka-fotoblog-de-jazz-impro-y-algo-mas\/","url_meta":{"origin":36532,"position":4},"title":"INSTANTZZ: Ram\u00f3n L\u00f3pez (monogr\u00e1fico) [Galer\u00eda fotogr\u00e1fica AKA Fotoblog de jazz, impro&#8230; y algo m\u00e1s]","author":"Tomajazz","date":"23 junio, 2020","format":false,"excerpt":"Ram\u00f3n L\u00f3pez es el protagonista del segundo especial de Joan Cort\u00e8s en INSTANTZZ. Este recoge trece im\u00e1genes tomadas entre 2013 y 2019, en glorioso blanco y negro del baterista, pintor y artista gr\u00e1fico en distintas formaciones, proyectos y propuestas art\u00edsticas.","rel":"","context":"En \u00abFotoblog - Galer\u00eda fotogr\u00e1fica\u00bb","block_context":{"text":"Fotoblog - Galer\u00eda fotogr\u00e1fica","link":"https:\/\/tomajazz.com\/web\/category\/contenidos\/imagenes\/photoblogs\/"},"img":{"alt_text":"","src":"https:\/\/i0.wp.com\/tomajazz.com\/web\/wp-content\/uploads\/2020\/06\/12_Bl-Shr-%C2%A9Joan-Cort%C3%A8s_07set19_Msn-d-Tmps-Lbr_LNds.jpg?resize=350%2C200&ssl=1","width":350,"height":200,"srcset":"https:\/\/i0.wp.com\/tomajazz.com\/web\/wp-content\/uploads\/2020\/06\/12_Bl-Shr-%C2%A9Joan-Cort%C3%A8s_07set19_Msn-d-Tmps-Lbr_LNds.jpg?resize=350%2C200&ssl=1 1x, https:\/\/i0.wp.com\/tomajazz.com\/web\/wp-content\/uploads\/2020\/06\/12_Bl-Shr-%C2%A9Joan-Cort%C3%A8s_07set19_Msn-d-Tmps-Lbr_LNds.jpg?resize=525%2C300&ssl=1 1.5x"},"classes":[]},{"id":51205,"url":"https:\/\/tomajazz.com\/web\/instantzz-marco-mezquida-monografico-galeria-fotografica-aka-fotoblog-de-jazz-impro-y-algo-mas\/","url_meta":{"origin":36532,"position":5},"title":"INSTANTZZ: Marco Mezquida (monogr\u00e1fico) [Galer\u00eda fotogr\u00e1fica AKA Fotoblog de jazz, impro&#8230; y algo m\u00e1s]","author":"Tomajazz","date":"23 julio, 2020","format":false,"excerpt":"Marco Mezquida es el protagonista de un nuevo monogr\u00e1fico de Joan Cort\u00e8s en INSTANTZZ. La galer\u00eda fotogr\u00e1fica recoge 15 im\u00e1genes tomadas entre los a\u00f1os 2014 y 2019.","rel":"","context":"En \u00abFotoblog - Galer\u00eda fotogr\u00e1fica\u00bb","block_context":{"text":"Fotoblog - Galer\u00eda fotogr\u00e1fica","link":"https:\/\/tomajazz.com\/web\/category\/contenidos\/imagenes\/photoblogs\/"},"img":{"alt_text":"","src":"https:\/\/i0.wp.com\/tomajazz.com\/web\/wp-content\/uploads\/2020\/07\/02_Mr-Mzqd-Trnd-Tr-%C2%A9Joan-Cort%C3%A8s_28mai16_ldtr_5FJ_LGrrg.jpg?resize=350%2C200&ssl=1","width":350,"height":200,"srcset":"https:\/\/i0.wp.com\/tomajazz.com\/web\/wp-content\/uploads\/2020\/07\/02_Mr-Mzqd-Trnd-Tr-%C2%A9Joan-Cort%C3%A8s_28mai16_ldtr_5FJ_LGrrg.jpg?resize=350%2C200&ssl=1 1x, https:\/\/i0.wp.com\/tomajazz.com\/web\/wp-content\/uploads\/2020\/07\/02_Mr-Mzqd-Trnd-Tr-%C2%A9Joan-Cort%C3%A8s_28mai16_ldtr_5FJ_LGrrg.jpg?resize=525%2C300&ssl=1 1.5x"},"classes":[]}],"_links":{"self":[{"href":"https:\/\/tomajazz.com\/web\/wp-json\/wp\/v2\/posts\/36532","targetHints":{"allow":["GET"]}}],"collection":[{"href":"https:\/\/tomajazz.com\/web\/wp-json\/wp\/v2\/posts"}],"about":[{"href":"https:\/\/tomajazz.com\/web\/wp-json\/wp\/v2\/types\/post"}],"author":[{"embeddable":true,"href":"https:\/\/tomajazz.com\/web\/wp-json\/wp\/v2\/users\/1"}],"replies":[{"embeddable":true,"href":"https:\/\/tomajazz.com\/web\/wp-json\/wp\/v2\/comments?post=36532"}],"version-history":[{"count":2,"href":"https:\/\/tomajazz.com\/web\/wp-json\/wp\/v2\/posts\/36532\/revisions"}],"predecessor-version":[{"id":36642,"href":"https:\/\/tomajazz.com\/web\/wp-json\/wp\/v2\/posts\/36532\/revisions\/36642"}],"wp:featuredmedia":[{"embeddable":true,"href":"https:\/\/tomajazz.com\/web\/wp-json\/wp\/v2\/media\/36541"}],"wp:attachment":[{"href":"https:\/\/tomajazz.com\/web\/wp-json\/wp\/v2\/media?parent=36532"}],"wp:term":[{"taxonomy":"category","embeddable":true,"href":"https:\/\/tomajazz.com\/web\/wp-json\/wp\/v2\/categories?post=36532"},{"taxonomy":"post_tag","embeddable":true,"href":"https:\/\/tomajazz.com\/web\/wp-json\/wp\/v2\/tags?post=36532"}],"curies":[{"name":"wp","href":"https:\/\/api.w.org\/{rel}","templated":true}]}}