{"id":36603,"date":"2018-05-10T11:12:08","date_gmt":"2018-05-10T09:12:08","guid":{"rendered":"https:\/\/www.tomajazz.com\/web\/?p=36603"},"modified":"2022-09-04T13:41:11","modified_gmt":"2022-09-04T11:41:11","slug":"art-vocal-ensemble-e-invitados-teatre-xesc-forteza-palma-de-mallorca-2018-05-04-galeria-fotografica","status":"publish","type":"post","link":"https:\/\/tomajazz.com\/web\/art-vocal-ensemble-e-invitados-teatre-xesc-forteza-palma-de-mallorca-2018-05-04-galeria-fotografica\/","title":{"rendered":"INSTANTZZ: Art Vocal Ensemble e invitados \u00abTribut a Cole Porter\u00bb (Teatre Xesc Forteza, Palma de Mallorca. 2018-05-04) [Galer\u00eda fotogr\u00e1fica]"},"content":{"rendered":"<ul>\n<li>Fecha: Viernes, 04 de mayo de 2018. 20:30h.<\/li>\n<li>Lugar: Teatre Xesc Forteza. Palma de Mallorca<\/li>\n<li>Grupo:<br \/>\n<strong>Art Vocal Ensemble e invitados\u00a0\u00abTribut a Cole Porter\u00bb<br \/>\nArt Vocal Ensemble<br \/>\n<\/strong>Lloren\u00e7 Gelabert: direcci\u00f3n musical, saxo soprano<br \/>\nCaty Figuerola, Teresa Oliver, Laura Penzin, Mar\u00eda Jos\u00e9 P\u00e9rez, Magdalena Borr\u00e0s, Susanna Escobar, Aina Cifre, Humbelina Balaguer, Sabela Oliver, Rose Marie Iglesias, Rosa Miquel, Mar\u00eda Francisca Cort\u00e8s, Miguel \u00c1ngel Heredia, Xavier Pujadas, Pep Ferrer, Bartomeu Portas, Antoni Ballester, N\u00e9stor Rodr\u00edguez, Francesc Ribas, David Jordi Llobet, Joan Cladera: voces<br \/>\n<strong>Invitados<\/strong><br \/>\nJ\u00falia Colom, El\u00edas Benito: voces solistas<br \/>\nMiquel \u00c0ngel Rigo: saxo tenor<br \/>\nFranco Bombelli: piano<br \/>\nAndr\u00e9s Enrique: contrabajo<br \/>\nSalvador Font: bater\u00eda<\/li>\n<\/ul>\n<p style=\"text-align: center;\"><img loading=\"lazy\" decoding=\"async\" class=\"aligncenter size-large wp-image-36604\" src=\"https:\/\/tomajazz.com\/web\/wp-content\/uploads\/2018\/05\/001-600x400.jpg\" alt=\"\" width=\"600\" height=\"400\" title=\"\" srcset=\"https:\/\/tomajazz.com\/web\/wp-content\/uploads\/2018\/05\/001.jpg 600w, https:\/\/tomajazz.com\/web\/wp-content\/uploads\/2018\/05\/001-200x133.jpg 200w, https:\/\/tomajazz.com\/web\/wp-content\/uploads\/2018\/05\/001-83x55.jpg 83w, https:\/\/tomajazz.com\/web\/wp-content\/uploads\/2018\/05\/001-60x40.jpg 60w, https:\/\/tomajazz.com\/web\/wp-content\/uploads\/2018\/05\/001-120x80.jpg 120w\" sizes=\"auto, (max-width: 600px) 100vw, 600px\" \/> <img loading=\"lazy\" decoding=\"async\" class=\"aligncenter size-large wp-image-36605\" src=\"https:\/\/tomajazz.com\/web\/wp-content\/uploads\/2018\/05\/002-600x400.jpg\" alt=\"\" width=\"600\" height=\"400\" title=\"\" srcset=\"https:\/\/tomajazz.com\/web\/wp-content\/uploads\/2018\/05\/002.jpg 600w, https:\/\/tomajazz.com\/web\/wp-content\/uploads\/2018\/05\/002-200x133.jpg 200w, https:\/\/tomajazz.com\/web\/wp-content\/uploads\/2018\/05\/002-83x55.jpg 83w, https:\/\/tomajazz.com\/web\/wp-content\/uploads\/2018\/05\/002-60x40.jpg 60w, https:\/\/tomajazz.com\/web\/wp-content\/uploads\/2018\/05\/002-120x80.jpg 120w\" sizes=\"auto, (max-width: 600px) 100vw, 600px\" \/> <img loading=\"lazy\" decoding=\"async\" class=\"aligncenter size-large wp-image-36606\" src=\"https:\/\/tomajazz.com\/web\/wp-content\/uploads\/2018\/05\/003-400x600.jpg\" alt=\"\" width=\"400\" height=\"600\" title=\"\" srcset=\"https:\/\/tomajazz.com\/web\/wp-content\/uploads\/2018\/05\/003.jpg 400w, https:\/\/tomajazz.com\/web\/wp-content\/uploads\/2018\/05\/003-200x300.jpg 200w, https:\/\/tomajazz.com\/web\/wp-content\/uploads\/2018\/05\/003-37x55.jpg 37w\" sizes=\"auto, (max-width: 400px) 100vw, 400px\" \/> <img loading=\"lazy\" decoding=\"async\" class=\"aligncenter size-large wp-image-36607\" src=\"https:\/\/tomajazz.com\/web\/wp-content\/uploads\/2018\/05\/004-400x600.jpg\" alt=\"\" width=\"400\" height=\"600\" title=\"\" srcset=\"https:\/\/tomajazz.com\/web\/wp-content\/uploads\/2018\/05\/004.jpg 400w, https:\/\/tomajazz.com\/web\/wp-content\/uploads\/2018\/05\/004-200x300.jpg 200w, https:\/\/tomajazz.com\/web\/wp-content\/uploads\/2018\/05\/004-37x55.jpg 37w\" sizes=\"auto, (max-width: 400px) 100vw, 400px\" \/> <img loading=\"lazy\" decoding=\"async\" class=\"aligncenter size-large wp-image-36608\" src=\"https:\/\/tomajazz.com\/web\/wp-content\/uploads\/2018\/05\/005-600x400.jpg\" alt=\"\" width=\"600\" height=\"400\" title=\"\" srcset=\"https:\/\/tomajazz.com\/web\/wp-content\/uploads\/2018\/05\/005.jpg 600w, https:\/\/tomajazz.com\/web\/wp-content\/uploads\/2018\/05\/005-200x133.jpg 200w, https:\/\/tomajazz.com\/web\/wp-content\/uploads\/2018\/05\/005-83x55.jpg 83w, https:\/\/tomajazz.com\/web\/wp-content\/uploads\/2018\/05\/005-60x40.jpg 60w, https:\/\/tomajazz.com\/web\/wp-content\/uploads\/2018\/05\/005-120x80.jpg 120w\" sizes=\"auto, (max-width: 600px) 100vw, 600px\" \/> <img loading=\"lazy\" decoding=\"async\" class=\"aligncenter size-large wp-image-36609\" src=\"https:\/\/tomajazz.com\/web\/wp-content\/uploads\/2018\/05\/006-400x600.jpg\" alt=\"\" width=\"400\" height=\"600\" title=\"\" srcset=\"https:\/\/tomajazz.com\/web\/wp-content\/uploads\/2018\/05\/006.jpg 400w, https:\/\/tomajazz.com\/web\/wp-content\/uploads\/2018\/05\/006-200x300.jpg 200w, https:\/\/tomajazz.com\/web\/wp-content\/uploads\/2018\/05\/006-37x55.jpg 37w\" sizes=\"auto, (max-width: 400px) 100vw, 400px\" \/> <img loading=\"lazy\" decoding=\"async\" class=\"aligncenter size-large wp-image-36610\" src=\"https:\/\/tomajazz.com\/web\/wp-content\/uploads\/2018\/05\/007-400x600.jpg\" alt=\"\" width=\"400\" height=\"600\" title=\"\" srcset=\"https:\/\/tomajazz.com\/web\/wp-content\/uploads\/2018\/05\/007.jpg 400w, https:\/\/tomajazz.com\/web\/wp-content\/uploads\/2018\/05\/007-200x300.jpg 200w, https:\/\/tomajazz.com\/web\/wp-content\/uploads\/2018\/05\/007-37x55.jpg 37w\" sizes=\"auto, (max-width: 400px) 100vw, 400px\" \/> <img loading=\"lazy\" decoding=\"async\" class=\"aligncenter size-large wp-image-36611\" src=\"https:\/\/tomajazz.com\/web\/wp-content\/uploads\/2018\/05\/008-400x600.jpg\" alt=\"\" width=\"400\" height=\"600\" title=\"\" srcset=\"https:\/\/tomajazz.com\/web\/wp-content\/uploads\/2018\/05\/008.jpg 400w, https:\/\/tomajazz.com\/web\/wp-content\/uploads\/2018\/05\/008-200x300.jpg 200w, https:\/\/tomajazz.com\/web\/wp-content\/uploads\/2018\/05\/008-37x55.jpg 37w\" sizes=\"auto, (max-width: 400px) 100vw, 400px\" \/> <img loading=\"lazy\" decoding=\"async\" class=\"aligncenter size-large wp-image-36612\" src=\"https:\/\/tomajazz.com\/web\/wp-content\/uploads\/2018\/05\/009-600x400.jpg\" alt=\"\" width=\"600\" height=\"400\" title=\"\" srcset=\"https:\/\/tomajazz.com\/web\/wp-content\/uploads\/2018\/05\/009.jpg 600w, https:\/\/tomajazz.com\/web\/wp-content\/uploads\/2018\/05\/009-200x133.jpg 200w, https:\/\/tomajazz.com\/web\/wp-content\/uploads\/2018\/05\/009-83x55.jpg 83w, https:\/\/tomajazz.com\/web\/wp-content\/uploads\/2018\/05\/009-60x40.jpg 60w, https:\/\/tomajazz.com\/web\/wp-content\/uploads\/2018\/05\/009-120x80.jpg 120w\" sizes=\"auto, (max-width: 600px) 100vw, 600px\" \/> <img loading=\"lazy\" decoding=\"async\" class=\"aligncenter size-large wp-image-36613\" src=\"https:\/\/tomajazz.com\/web\/wp-content\/uploads\/2018\/05\/010-600x400.jpg\" alt=\"\" width=\"600\" height=\"400\" title=\"\" srcset=\"https:\/\/tomajazz.com\/web\/wp-content\/uploads\/2018\/05\/010.jpg 600w, https:\/\/tomajazz.com\/web\/wp-content\/uploads\/2018\/05\/010-200x133.jpg 200w, https:\/\/tomajazz.com\/web\/wp-content\/uploads\/2018\/05\/010-83x55.jpg 83w, https:\/\/tomajazz.com\/web\/wp-content\/uploads\/2018\/05\/010-60x40.jpg 60w, https:\/\/tomajazz.com\/web\/wp-content\/uploads\/2018\/05\/010-120x80.jpg 120w\" sizes=\"auto, (max-width: 600px) 100vw, 600px\" \/> <img loading=\"lazy\" decoding=\"async\" class=\"aligncenter size-large wp-image-36614\" src=\"https:\/\/tomajazz.com\/web\/wp-content\/uploads\/2018\/05\/011-400x600.jpg\" alt=\"\" width=\"400\" height=\"600\" title=\"\" srcset=\"https:\/\/tomajazz.com\/web\/wp-content\/uploads\/2018\/05\/011.jpg 400w, https:\/\/tomajazz.com\/web\/wp-content\/uploads\/2018\/05\/011-200x300.jpg 200w, https:\/\/tomajazz.com\/web\/wp-content\/uploads\/2018\/05\/011-37x55.jpg 37w\" sizes=\"auto, (max-width: 400px) 100vw, 400px\" \/> <img loading=\"lazy\" decoding=\"async\" class=\"aligncenter size-large wp-image-36615\" src=\"https:\/\/tomajazz.com\/web\/wp-content\/uploads\/2018\/05\/012-600x400.jpg\" alt=\"\" width=\"600\" height=\"400\" title=\"\" srcset=\"https:\/\/tomajazz.com\/web\/wp-content\/uploads\/2018\/05\/012.jpg 600w, https:\/\/tomajazz.com\/web\/wp-content\/uploads\/2018\/05\/012-200x133.jpg 200w, https:\/\/tomajazz.com\/web\/wp-content\/uploads\/2018\/05\/012-83x55.jpg 83w, https:\/\/tomajazz.com\/web\/wp-content\/uploads\/2018\/05\/012-60x40.jpg 60w, https:\/\/tomajazz.com\/web\/wp-content\/uploads\/2018\/05\/012-120x80.jpg 120w\" sizes=\"auto, (max-width: 600px) 100vw, 600px\" \/><\/p>\n<p style=\"text-align: right;\">Tomajazz:\u00a0\u00a9\u00a0<strong>Jos\u00e9 Luis Luna Rocafort<\/strong>, 2018<\/p>\n","protected":false},"excerpt":{"rendered":"<p>Fecha: Viernes, 04 de mayo de 2018. 20:30h. Lugar: Teatre Xesc Forteza. Palma de Mallorca Grupo: Art Vocal Ensemble e invitados\u00a0\u00abTribut a Cole Porter\u00bb Art Vocal Ensemble Lloren\u00e7 Gelabert: direcci\u00f3n musical, saxo soprano Caty Figuerola, Teresa Oliver, Laura Penzin, Mar\u00eda Jos\u00e9 P\u00e9rez, Magdalena Borr\u00e0s, Susanna Escobar, Aina Cifre, Humbelina Balaguer,<span class=\"more-link\"><a href=\"https:\/\/tomajazz.com\/web\/art-vocal-ensemble-e-invitados-teatre-xesc-forteza-palma-de-mallorca-2018-05-04-galeria-fotografica\/\">Contin\u00faa leyendo<\/a><\/span><\/p>\n","protected":false},"author":1,"featured_media":36605,"comment_status":"open","ping_status":"closed","sticky":false,"template":"","format":"standard","meta":{"jetpack_post_was_ever_published":false,"_jetpack_newsletter_access":"","_jetpack_dont_email_post_to_subs":false,"_jetpack_newsletter_tier_id":0,"_jetpack_memberships_contains_paywalled_content":false,"_jetpack_memberships_contains_paid_content":false,"footnotes":""},"categories":[17846,11262,15516,11261,1038],"tags":[21366,21383,21376,21358,21375,21360,21379,21381,21378,21382,21367,21380,10088,20678,21362,21359,21364,21371,21363,21372,11546,21377,21374,21370,21369,21368,12139,21365,21361,21373],"class_list":["entry","author-pachi","post-36603","post","type-post","status-publish","format-standard","has-post-thumbnail","category-jose-luis-luna-rocafort","category-photoblogs","category-imagenes","category-instantzz","category-contenidos","tag-aina-cifre","tag-andres-enrique","tag-antoni-ballester","tag-art-vocal-ensemble","tag-bartomeu-portas","tag-caty-figuerola","tag-david-jordi-llobet","tag-elias-benito","tag-francesc-ribas","tag-franco-bombelli","tag-humbelina-balaguer","tag-joan-cladera","tag-jose-luis-luna-rocafort","tag-julia-colom","tag-laura-penzin","tag-llorenc-gelabert","tag-magdalena-borras","tag-maria-francisca-cortes","tag-maria-jose-perez","tag-miguel-angel-heredia","tag-miquel-angel-rigo","tag-nestor-rodriguez","tag-pep-ferrer","tag-rosa-miquel","tag-rose-marie-iglesias","tag-sabela-oliver","tag-salvador-font","tag-susanna-escobar","tag-teresa-oliver","tag-xavier-pujadas"],"jetpack_featured_media_url":"https:\/\/tomajazz.com\/web\/wp-content\/uploads\/2018\/05\/002.jpg","jetpack_likes_enabled":true,"jetpack_sharing_enabled":true,"jetpack-related-posts":[{"id":105083,"url":"https:\/\/tomajazz.com\/web\/mopia-xesc-forteza-palma-2026\/","url_meta":{"origin":36603,"position":0},"title":"M\u00f2pia (Teatre Xesc Forteza. Palma. 2026-04-24)  Por Jos\u00e9 Luis Luna Rocafort [INSTANTZZ AKA Galer\u00eda fotogr\u00e1fica AKA Fotoblog de jazz, impro\u2026 y algo m\u00e1s]","author":"Tomajazz","date":"27 abril, 2026","format":false,"excerpt":"M\u00f2pia present\u00f3 en Teatre Xesc Forteza de Palma su primera grabaci\u00f3n. Fue el 24 de abril de 2026. Jos\u00e9 Luis Luna Rocafort lo retrata en INSTANTZZ. M\u00f2pia son Josep Oliver, Jaume Rossell\u00f3, Pere Miquel Molina, Miki Ramon, Javier Nieto, Tom\u00e0s Montero, Jaume Bl\u00e0zquez, Samuel Mart\u00ednez, Dialen Niang Ka:, Sergio Vicente,\u2026","rel":"","context":"En \u00ab*_Jos\u00e9 Luis Luna Rocafort\u00bb","block_context":{"text":"*_Jos\u00e9 Luis Luna Rocafort","link":"https:\/\/tomajazz.com\/web\/category\/jose-luis-luna-rocafort\/"},"img":{"alt_text":"M\u00f2pia (Teatre Xesc Forteza. Palma. 2026-04-24)  Por Jos\u00e9 Luis Luna Rocafort [INSTANTZZ AKA Galer\u00eda fotogr\u00e1fica AKA Fotoblog de jazz, impro\u2026 y algo m\u00e1s] - Tomajazz - M\u00f2pia present\u00f3 en Teatre Xesc Forteza de Palma su primera grabaci\u00f3n. Fue el 24 de abril de 2026. Jos\u00e9 Luis Luna Rocafort lo retrata en INSTANTZZ. M\u00f2pia son Josep Oliver, Jaume Rossell\u00f3, Pere Miquel Molina, Miki Ramon, Javier Nieto, Tom\u00e0s Montero, Jaume Bl\u00e0zquez, Samuel Mart\u00ednez, Dialen Niang Ka:, Sergio Vicente, Diego Riudavets, Joan Frontera, Josep Sina, Toni Beltr\u00e1n","src":"https:\/\/i0.wp.com\/tomajazz.com\/web\/wp-content\/uploads\/2026\/04\/013-1.jpg?resize=350%2C200&ssl=1","width":350,"height":200,"srcset":"https:\/\/i0.wp.com\/tomajazz.com\/web\/wp-content\/uploads\/2026\/04\/013-1.jpg?resize=350%2C200&ssl=1 1x, https:\/\/i0.wp.com\/tomajazz.com\/web\/wp-content\/uploads\/2026\/04\/013-1.jpg?resize=525%2C300&ssl=1 1.5x"},"classes":[]},{"id":104472,"url":"https:\/\/tomajazz.com\/web\/opera-dels-tres-centims-palma-2026\/","url_meta":{"origin":36603,"position":1},"title":"\u00d2pera dels tres C\u00e8ntims (Teatre Xesc Forteza, Palma. 2026-03-15) Por Jos\u00e9 Luis Luna Rocafort [INSTANTZZ AKA Galer\u00eda fotogr\u00e1fica AKA Fotoblog de jazz, impro\u2026 y algo m\u00e1s]","author":"Tomajazz","date":"20 marzo, 2026","format":false,"excerpt":"\u00d2pera dels tres C\u00e8ntims se represent\u00f3 en Teatre Xesc Forteza de Palma, el 15 de marzo de 2026. Jos\u00e9 Luis Luna Rocafort lo retrata en INSTANTZZ","rel":"","context":"En \u00abINSTANTZZ\u00bb","block_context":{"text":"INSTANTZZ","link":"https:\/\/tomajazz.com\/web\/category\/contenidos\/imagenes\/photoblogs\/instantzz\/"},"img":{"alt_text":"\u00d2pera dels tres C\u00e8ntims (Teatre Xesc Forteza, Palma. 2026-03-15) Por Jos\u00e9 Luis Luna Rocafort [INSTANTZZ AKA Galer\u00eda fotogr\u00e1fica AKA Fotoblog de jazz, impro\u2026 y algo m\u00e1s] - Tomajazz - \u00d2pera dels tres C\u00e8ntims se represent\u00f3 en Teatre Xesc Forteza de Palma, el 15 de marzo de 2026. Jos\u00e9 Luis Luna Rocafort lo retrata en INSTANTZZ AKA Galer\u00eda fotogr\u00e1fica AKA Fotoblog de jazz, impro\u2026 y algo m\u00e1s]","src":"https:\/\/i0.wp.com\/tomajazz.com\/web\/wp-content\/uploads\/2026\/03\/006-1.jpg?resize=350%2C200&ssl=1","width":350,"height":200,"srcset":"https:\/\/i0.wp.com\/tomajazz.com\/web\/wp-content\/uploads\/2026\/03\/006-1.jpg?resize=350%2C200&ssl=1 1x, https:\/\/i0.wp.com\/tomajazz.com\/web\/wp-content\/uploads\/2026\/03\/006-1.jpg?resize=525%2C300&ssl=1 1.5x"},"classes":[]},{"id":104534,"url":"https:\/\/tomajazz.com\/web\/alicia-gibert-v-festival-paco-de-lucia-2026\/","url_meta":{"origin":36603,"position":2},"title":"Alicia Gibert (V Festival Paco de Luc\u00eda 2026. Teatre Xesc Forteza. 2026-03-17) Por Jos\u00e9 Luis Luna Rocafort [Flamencuras AKA INSTANTZZ AKA Galer\u00eda fotogr\u00e1fica AKA Fotoblog de jazz, impro\u2026 y algo m\u00e1s]","author":"Tomajazz","date":"23 marzo, 2026","format":false,"excerpt":"Alicia Gibert fue la Ganadora III Beca J\u00f3venes Talentos. Actu\u00f3 en el V Festival Paco de Luc\u00eda 2026, el 17 de marzo de 2026. Jos\u00e9 Luis Luna Rocafort la retrata en las Flamencuras de INSTANTZZ. Con Alicia Gibert, Ricardo Ju\u00e1rez, Nerea Fajardo, \u00c1ngela Bruno","rel":"","context":"En \u00abV Festival Paco de Luc\u00eda Mallorca 2026\u00bb","block_context":{"text":"V Festival Paco de Luc\u00eda Mallorca 2026","link":"https:\/\/tomajazz.com\/web\/category\/contenidos\/especial-contenidos\/v-festival-paco-de-lucia-mallorca-2026\/"},"img":{"alt_text":"Alicia Gibert (V Festival Paco de Luc\u00eda 2026. Teatre Xesc Forteza. 2026-03-17) Por Jos\u00e9 Luis Luna Rocafort [Flamencuras AKA INSTANTZZ AKA Galer\u00eda fotogr\u00e1fica AKA Fotoblog de jazz, impro\u2026 y algo m\u00e1s] - Tomajazz - Alicia Gibert fue la Ganadora III Beca J\u00f3venes Talentos, V Festival Paco de Luc\u00eda 2026. Teatre Xesc Forteza. 2026-03-17) Por Jos\u00e9 Luis Luna Rocafort [Flamencuras AKA INSTANTZZ","src":"https:\/\/i0.wp.com\/tomajazz.com\/web\/wp-content\/uploads\/2026\/03\/010-2.jpg?resize=350%2C200&ssl=1","width":350,"height":200,"srcset":"https:\/\/i0.wp.com\/tomajazz.com\/web\/wp-content\/uploads\/2026\/03\/010-2.jpg?resize=350%2C200&ssl=1 1x, https:\/\/i0.wp.com\/tomajazz.com\/web\/wp-content\/uploads\/2026\/03\/010-2.jpg?resize=525%2C300&ssl=1 1.5x"},"classes":[]},{"id":102185,"url":"https:\/\/tomajazz.com\/web\/biel-ballester-photonic-quintet-fira-b-2025\/","url_meta":{"origin":36603,"position":3},"title":"Biel Ballester Photonic Quintet (10 Fira B! Teatre Xesc Forteza, Palma. 2025-11-06) Por Jos\u00e9 Luis Luna Rocafort [INSTANTZZ AKA Galer\u00eda fotogr\u00e1fica AKA Fotoblog de jazz, impro\u2026 y algo m\u00e1s]","author":"Tomajazz","date":"26 noviembre, 2025","format":false,"excerpt":"Biel Ballester Photonic Quintet actu\u00f3 en 10 Fira B! 2025, el 6 de noviembre de 2025. Jos\u00e9 Luis Luna Rocafort lo retrata en INSTANTZZ. Actuaron Biel Ballester, V\u00edctor Parad\u00eds, Joan Garcias, Pep Garau, Tomeu Garc\u00edas","rel":"","context":"En \u00ab10 Fira B! 2025\u00bb","block_context":{"text":"10 Fira B! 2025","link":"https:\/\/tomajazz.com\/web\/category\/contenidos\/especial-contenidos\/10-fira-b-2025\/"},"img":{"alt_text":"Biel Ballester Photonic Quintet  (10 Fira B! Teatre Xesc Forteza, Palma. 2025-11-06) Por Jos\u00e9 Luis Luna Rocafort [INSTANTZZ AKA Galer\u00eda fotogr\u00e1fica AKA Fotoblog de jazz, impro\u2026 y algo m\u00e1s] - Tomajazz - Biel Ballester Photonic Quintet actu\u00f3 en 10 Fira B! 2025, el 6 de noviembre de 2025. Jos\u00e9 Luis Luna Rocafort lo retrata en INSTANTZZ. Actuaron Biel Ballester, V\u00edctor Parad\u00eds, Joan Garcias, Pep Garau, Tomeu Garc\u00edas","src":"https:\/\/i0.wp.com\/tomajazz.com\/web\/wp-content\/uploads\/2025\/11\/008-18.jpg?resize=350%2C200&ssl=1","width":350,"height":200,"srcset":"https:\/\/i0.wp.com\/tomajazz.com\/web\/wp-content\/uploads\/2025\/11\/008-18.jpg?resize=350%2C200&ssl=1 1x, https:\/\/i0.wp.com\/tomajazz.com\/web\/wp-content\/uploads\/2025\/11\/008-18.jpg?resize=525%2C300&ssl=1 1.5x"},"classes":[]},{"id":102144,"url":"https:\/\/tomajazz.com\/web\/ensemble-vocal-jazz-auditori-csmib-palma-2025\/","url_meta":{"origin":36603,"position":4},"title":"Ensemble Vocal Jazz (Auditori\u00a0del Conservatori Superior de M\u00fasica de les Illes Balears. Palma. 2025-11-14) Por Jos\u00e9 Luis Luna Rocafort [INSTANTZZ AKA Galer\u00eda fotogr\u00e1fica AKA Fotoblog de jazz, impro\u2026 y algo m\u00e1s]","author":"Tomajazz","date":"25 noviembre, 2025","format":false,"excerpt":"Ensemble Vocal Jazz actu\u00f3 en el Auditori\u00a0del Conservatori Superior de M\u00fasica de les Illes Balears de Palma el 14 de noviembre de 2025. Jos\u00e9 Luis Luna Rocafort lo retrata en INSTANTZZ","rel":"","context":"En \u00abINSTANTZZ\u00bb","block_context":{"text":"INSTANTZZ","link":"https:\/\/tomajazz.com\/web\/category\/contenidos\/imagenes\/photoblogs\/instantzz\/"},"img":{"alt_text":"Ensemble Vocal Jazz (Auditori\u00a0del Conservatori Superior de M\u00fasica de les Illes Balears. Palma. 2025-11-14) Por Jos\u00e9 Luis Luna Rocafort [INSTANTZZ AKA Galer\u00eda fotogr\u00e1fica AKA Fotoblog de jazz, impro\u2026 y algo m\u00e1s] - Tomajazz - Ensemble Vocal Jazz actu\u00f3 en el Auditori\u00a0del Conservatori Superior de M\u00fasica de les Illes Balears de Palma el 14 de noviembre de 2025. Jos\u00e9 Luis Luna Rocafort lo retrata en INSTANTZZ","src":"https:\/\/i0.wp.com\/tomajazz.com\/web\/wp-content\/uploads\/2025\/11\/011-17.jpg?resize=350%2C200&ssl=1","width":350,"height":200,"srcset":"https:\/\/i0.wp.com\/tomajazz.com\/web\/wp-content\/uploads\/2025\/11\/011-17.jpg?resize=350%2C200&ssl=1 1x, https:\/\/i0.wp.com\/tomajazz.com\/web\/wp-content\/uploads\/2025\/11\/011-17.jpg?resize=525%2C300&ssl=1 1.5x"},"classes":[]},{"id":34689,"url":"https:\/\/tomajazz.com\/web\/instantzz-sergi-verges-y-la-big-band-del-conservatori-de-palma-teatre-xesc-forteza-palma-de-mallorca-2018-01-13-galeria-fotografica\/","url_meta":{"origin":36603,"position":5},"title":"INSTANTZZ: Sergi Verg\u00e9s y la Big Band del Conservatori de Palma (Teatre Xesc Forteza. Palma de Mallorca. 2018-01-13) [Galer\u00eda fotogr\u00e1fica]","author":"Tomajazz","date":"23 enero, 2018","format":false,"excerpt":"Fecha: S\u00e1bado, 13 de enero de 2018. 21:00h. Lugar: Teatre Xesc Forteza. Palma de Mallorca. Formaci\u00f3n: Sergi Verg\u00e9s y la Big Band del Conservatori de Palma. Sergi Verg\u00e9s: direcci\u00f3n, arreglos Ivan Caro: flabiol sec,tambor\u00ed, gralla dol\u00e7a, ocarina, caramella, pandereta Alfredo Ardanaz: viol\u00edn Carlos Sanchis: acorde\u00f3n Margulis Rotger, Roger 'Pistola', Mas\u00e9\u2026","rel":"","context":"En \u00ab*_Jos\u00e9 Luis Luna Rocafort\u00bb","block_context":{"text":"*_Jos\u00e9 Luis Luna Rocafort","link":"https:\/\/tomajazz.com\/web\/category\/jose-luis-luna-rocafort\/"},"img":{"alt_text":"","src":"https:\/\/i0.wp.com\/tomajazz.com\/web\/wp-content\/uploads\/2018\/01\/009-1.jpg?resize=350%2C200&ssl=1","width":350,"height":200,"srcset":"https:\/\/i0.wp.com\/tomajazz.com\/web\/wp-content\/uploads\/2018\/01\/009-1.jpg?resize=350%2C200&ssl=1 1x, https:\/\/i0.wp.com\/tomajazz.com\/web\/wp-content\/uploads\/2018\/01\/009-1.jpg?resize=525%2C300&ssl=1 1.5x"},"classes":[]}],"_links":{"self":[{"href":"https:\/\/tomajazz.com\/web\/wp-json\/wp\/v2\/posts\/36603","targetHints":{"allow":["GET"]}}],"collection":[{"href":"https:\/\/tomajazz.com\/web\/wp-json\/wp\/v2\/posts"}],"about":[{"href":"https:\/\/tomajazz.com\/web\/wp-json\/wp\/v2\/types\/post"}],"author":[{"embeddable":true,"href":"https:\/\/tomajazz.com\/web\/wp-json\/wp\/v2\/users\/1"}],"replies":[{"embeddable":true,"href":"https:\/\/tomajazz.com\/web\/wp-json\/wp\/v2\/comments?post=36603"}],"version-history":[{"count":6,"href":"https:\/\/tomajazz.com\/web\/wp-json\/wp\/v2\/posts\/36603\/revisions"}],"predecessor-version":[{"id":66349,"href":"https:\/\/tomajazz.com\/web\/wp-json\/wp\/v2\/posts\/36603\/revisions\/66349"}],"wp:featuredmedia":[{"embeddable":true,"href":"https:\/\/tomajazz.com\/web\/wp-json\/wp\/v2\/media\/36605"}],"wp:attachment":[{"href":"https:\/\/tomajazz.com\/web\/wp-json\/wp\/v2\/media?parent=36603"}],"wp:term":[{"taxonomy":"category","embeddable":true,"href":"https:\/\/tomajazz.com\/web\/wp-json\/wp\/v2\/categories?post=36603"},{"taxonomy":"post_tag","embeddable":true,"href":"https:\/\/tomajazz.com\/web\/wp-json\/wp\/v2\/tags?post=36603"}],"curies":[{"name":"wp","href":"https:\/\/api.w.org\/{rel}","templated":true}]}}