{"id":36839,"date":"2018-05-23T11:11:26","date_gmt":"2018-05-23T09:11:26","guid":{"rendered":"https:\/\/www.tomajazz.com\/web\/?p=36839"},"modified":"2022-09-04T13:27:56","modified_gmt":"2022-09-04T11:27:56","slug":"instantzz-giulia-valle-ensemble-jamboree-barcelona-2018-04-06-galeria-fotografica","status":"publish","type":"post","link":"https:\/\/tomajazz.com\/web\/instantzz-giulia-valle-ensemble-jamboree-barcelona-2018-04-06-galeria-fotografica\/","title":{"rendered":"INSTANTZZ: Giulia Valle Ensemble (Jamboree, Barcelona. 2018-04-06) [Galer\u00eda fotogr\u00e1fica]"},"content":{"rendered":"<ul>\n<li>Fecha: Viernes, 06 de abril de 2018<\/li>\n<li>Lugar: Jamboree (Barcelona)<\/li>\n<li>Grupo:<br \/>\n<strong>Giulia Valle Ensemble<br \/>\n<\/strong>Giulia Valle, composiciones, contrabajo y bajo<br \/>\nDavid Pastor, trompeta<br \/>\nMart\u00ed Serra, saxo tenor y soprano<br \/>\nGuim G. Balasch, saxo alto y flauta<br \/>\nVicent P\u00e9rez, trompeta y electr\u00f3nica<br \/>\nRoger Mas, piano y teclados<br \/>\nDani Dom\u00ednguez, bater\u00eda<\/li>\n<\/ul>\n<p style=\"text-align: center;\"><img loading=\"lazy\" decoding=\"async\" class=\"aligncenter size-large wp-image-36840\" src=\"https:\/\/tomajazz.com\/web\/wp-content\/uploads\/2018\/05\/01_GlVll-nsmbl-\u00a9Joan-Cort\u00e8s_06abr18_Jmbr_Brcln-600x399.jpg\" alt=\"\" width=\"600\" height=\"399\" title=\"\" srcset=\"https:\/\/tomajazz.com\/web\/wp-content\/uploads\/2018\/05\/01_GlVll-nsmbl-\u00a9Joan-Cort\u00e8s_06abr18_Jmbr_Brcln.jpg 600w, https:\/\/tomajazz.com\/web\/wp-content\/uploads\/2018\/05\/01_GlVll-nsmbl-\u00a9Joan-Cort\u00e8s_06abr18_Jmbr_Brcln-200x133.jpg 200w, https:\/\/tomajazz.com\/web\/wp-content\/uploads\/2018\/05\/01_GlVll-nsmbl-\u00a9Joan-Cort\u00e8s_06abr18_Jmbr_Brcln-83x55.jpg 83w, https:\/\/tomajazz.com\/web\/wp-content\/uploads\/2018\/05\/01_GlVll-nsmbl-\u00a9Joan-Cort\u00e8s_06abr18_Jmbr_Brcln-60x40.jpg 60w, https:\/\/tomajazz.com\/web\/wp-content\/uploads\/2018\/05\/01_GlVll-nsmbl-\u00a9Joan-Cort\u00e8s_06abr18_Jmbr_Brcln-120x80.jpg 120w\" sizes=\"auto, (max-width: 600px) 100vw, 600px\" \/> <img loading=\"lazy\" decoding=\"async\" class=\"aligncenter size-large wp-image-36841\" src=\"https:\/\/tomajazz.com\/web\/wp-content\/uploads\/2018\/05\/02_GlVll-nsmbl-\u00a9Joan-Cort\u00e8s_06abr18_Jmbr_Brcln-399x600.jpg\" alt=\"\" width=\"399\" height=\"600\" title=\"\" srcset=\"https:\/\/tomajazz.com\/web\/wp-content\/uploads\/2018\/05\/02_GlVll-nsmbl-\u00a9Joan-Cort\u00e8s_06abr18_Jmbr_Brcln.jpg 399w, https:\/\/tomajazz.com\/web\/wp-content\/uploads\/2018\/05\/02_GlVll-nsmbl-\u00a9Joan-Cort\u00e8s_06abr18_Jmbr_Brcln-200x300.jpg 200w, https:\/\/tomajazz.com\/web\/wp-content\/uploads\/2018\/05\/02_GlVll-nsmbl-\u00a9Joan-Cort\u00e8s_06abr18_Jmbr_Brcln-37x55.jpg 37w\" sizes=\"auto, (max-width: 399px) 100vw, 399px\" \/> <img loading=\"lazy\" decoding=\"async\" class=\"aligncenter size-large wp-image-36842\" src=\"https:\/\/tomajazz.com\/web\/wp-content\/uploads\/2018\/05\/03_GlVll-nsmbl-\u00a9Joan-Cort\u00e8s_06abr18_Jmbr_Brcln-600x399.jpg\" alt=\"\" width=\"600\" height=\"399\" title=\"\" srcset=\"https:\/\/tomajazz.com\/web\/wp-content\/uploads\/2018\/05\/03_GlVll-nsmbl-\u00a9Joan-Cort\u00e8s_06abr18_Jmbr_Brcln.jpg 600w, https:\/\/tomajazz.com\/web\/wp-content\/uploads\/2018\/05\/03_GlVll-nsmbl-\u00a9Joan-Cort\u00e8s_06abr18_Jmbr_Brcln-200x133.jpg 200w, https:\/\/tomajazz.com\/web\/wp-content\/uploads\/2018\/05\/03_GlVll-nsmbl-\u00a9Joan-Cort\u00e8s_06abr18_Jmbr_Brcln-83x55.jpg 83w, https:\/\/tomajazz.com\/web\/wp-content\/uploads\/2018\/05\/03_GlVll-nsmbl-\u00a9Joan-Cort\u00e8s_06abr18_Jmbr_Brcln-60x40.jpg 60w, https:\/\/tomajazz.com\/web\/wp-content\/uploads\/2018\/05\/03_GlVll-nsmbl-\u00a9Joan-Cort\u00e8s_06abr18_Jmbr_Brcln-120x80.jpg 120w\" sizes=\"auto, (max-width: 600px) 100vw, 600px\" \/> <img loading=\"lazy\" decoding=\"async\" class=\"aligncenter size-large wp-image-36843\" src=\"https:\/\/tomajazz.com\/web\/wp-content\/uploads\/2018\/05\/04_GlVll-nsmbl-\u00a9Joan-Cort\u00e8s_06abr18_Jmbr_Brcln-399x600.jpg\" alt=\"\" width=\"399\" height=\"600\" title=\"\" srcset=\"https:\/\/tomajazz.com\/web\/wp-content\/uploads\/2018\/05\/04_GlVll-nsmbl-\u00a9Joan-Cort\u00e8s_06abr18_Jmbr_Brcln.jpg 399w, https:\/\/tomajazz.com\/web\/wp-content\/uploads\/2018\/05\/04_GlVll-nsmbl-\u00a9Joan-Cort\u00e8s_06abr18_Jmbr_Brcln-200x300.jpg 200w, https:\/\/tomajazz.com\/web\/wp-content\/uploads\/2018\/05\/04_GlVll-nsmbl-\u00a9Joan-Cort\u00e8s_06abr18_Jmbr_Brcln-37x55.jpg 37w\" sizes=\"auto, (max-width: 399px) 100vw, 399px\" \/> <img loading=\"lazy\" decoding=\"async\" class=\"aligncenter size-large wp-image-36844\" src=\"https:\/\/tomajazz.com\/web\/wp-content\/uploads\/2018\/05\/05_GlVll-nsmbl-\u00a9Joan-Cort\u00e8s_06abr18_Jmbr_Brcln-600x399.jpg\" alt=\"\" width=\"600\" height=\"399\" title=\"\" srcset=\"https:\/\/tomajazz.com\/web\/wp-content\/uploads\/2018\/05\/05_GlVll-nsmbl-\u00a9Joan-Cort\u00e8s_06abr18_Jmbr_Brcln.jpg 600w, https:\/\/tomajazz.com\/web\/wp-content\/uploads\/2018\/05\/05_GlVll-nsmbl-\u00a9Joan-Cort\u00e8s_06abr18_Jmbr_Brcln-200x133.jpg 200w, https:\/\/tomajazz.com\/web\/wp-content\/uploads\/2018\/05\/05_GlVll-nsmbl-\u00a9Joan-Cort\u00e8s_06abr18_Jmbr_Brcln-83x55.jpg 83w, https:\/\/tomajazz.com\/web\/wp-content\/uploads\/2018\/05\/05_GlVll-nsmbl-\u00a9Joan-Cort\u00e8s_06abr18_Jmbr_Brcln-60x40.jpg 60w, https:\/\/tomajazz.com\/web\/wp-content\/uploads\/2018\/05\/05_GlVll-nsmbl-\u00a9Joan-Cort\u00e8s_06abr18_Jmbr_Brcln-120x80.jpg 120w\" sizes=\"auto, (max-width: 600px) 100vw, 600px\" \/> <img loading=\"lazy\" decoding=\"async\" class=\"aligncenter size-large wp-image-36845\" src=\"https:\/\/tomajazz.com\/web\/wp-content\/uploads\/2018\/05\/06_GlVll-nsmbl-\u00a9Joan-Cort\u00e8s_06abr18_Jmbr_Brcln-399x600.jpg\" alt=\"\" width=\"399\" height=\"600\" title=\"\" srcset=\"https:\/\/tomajazz.com\/web\/wp-content\/uploads\/2018\/05\/06_GlVll-nsmbl-\u00a9Joan-Cort\u00e8s_06abr18_Jmbr_Brcln.jpg 399w, https:\/\/tomajazz.com\/web\/wp-content\/uploads\/2018\/05\/06_GlVll-nsmbl-\u00a9Joan-Cort\u00e8s_06abr18_Jmbr_Brcln-200x300.jpg 200w, https:\/\/tomajazz.com\/web\/wp-content\/uploads\/2018\/05\/06_GlVll-nsmbl-\u00a9Joan-Cort\u00e8s_06abr18_Jmbr_Brcln-37x55.jpg 37w\" sizes=\"auto, (max-width: 399px) 100vw, 399px\" \/> <img loading=\"lazy\" decoding=\"async\" class=\"aligncenter size-large wp-image-36846\" src=\"https:\/\/tomajazz.com\/web\/wp-content\/uploads\/2018\/05\/07_GlVll-nsmbl-\u00a9Joan-Cort\u00e8s_06abr18_Jmbr_Brcln-600x399.jpg\" alt=\"\" width=\"600\" height=\"399\" title=\"\" srcset=\"https:\/\/tomajazz.com\/web\/wp-content\/uploads\/2018\/05\/07_GlVll-nsmbl-\u00a9Joan-Cort\u00e8s_06abr18_Jmbr_Brcln.jpg 600w, https:\/\/tomajazz.com\/web\/wp-content\/uploads\/2018\/05\/07_GlVll-nsmbl-\u00a9Joan-Cort\u00e8s_06abr18_Jmbr_Brcln-200x133.jpg 200w, https:\/\/tomajazz.com\/web\/wp-content\/uploads\/2018\/05\/07_GlVll-nsmbl-\u00a9Joan-Cort\u00e8s_06abr18_Jmbr_Brcln-83x55.jpg 83w, https:\/\/tomajazz.com\/web\/wp-content\/uploads\/2018\/05\/07_GlVll-nsmbl-\u00a9Joan-Cort\u00e8s_06abr18_Jmbr_Brcln-60x40.jpg 60w, https:\/\/tomajazz.com\/web\/wp-content\/uploads\/2018\/05\/07_GlVll-nsmbl-\u00a9Joan-Cort\u00e8s_06abr18_Jmbr_Brcln-120x80.jpg 120w\" sizes=\"auto, (max-width: 600px) 100vw, 600px\" \/> <img loading=\"lazy\" decoding=\"async\" class=\"aligncenter size-large wp-image-36847\" src=\"https:\/\/tomajazz.com\/web\/wp-content\/uploads\/2018\/05\/08_GlVll-nsmbl-\u00a9Joan-Cort\u00e8s_06abr18_Jmbr_Brcln-399x600.jpg\" alt=\"\" width=\"399\" height=\"600\" title=\"\" srcset=\"https:\/\/tomajazz.com\/web\/wp-content\/uploads\/2018\/05\/08_GlVll-nsmbl-\u00a9Joan-Cort\u00e8s_06abr18_Jmbr_Brcln.jpg 399w, https:\/\/tomajazz.com\/web\/wp-content\/uploads\/2018\/05\/08_GlVll-nsmbl-\u00a9Joan-Cort\u00e8s_06abr18_Jmbr_Brcln-200x300.jpg 200w, https:\/\/tomajazz.com\/web\/wp-content\/uploads\/2018\/05\/08_GlVll-nsmbl-\u00a9Joan-Cort\u00e8s_06abr18_Jmbr_Brcln-37x55.jpg 37w\" sizes=\"auto, (max-width: 399px) 100vw, 399px\" \/> <img loading=\"lazy\" decoding=\"async\" class=\"aligncenter size-large wp-image-36848\" src=\"https:\/\/tomajazz.com\/web\/wp-content\/uploads\/2018\/05\/09_GlVll-nsmbl-\u00a9Joan-Cort\u00e8s_06abr18_Jmbr_Brcln-600x399.jpg\" alt=\"\" width=\"600\" height=\"399\" title=\"\" srcset=\"https:\/\/tomajazz.com\/web\/wp-content\/uploads\/2018\/05\/09_GlVll-nsmbl-\u00a9Joan-Cort\u00e8s_06abr18_Jmbr_Brcln.jpg 600w, https:\/\/tomajazz.com\/web\/wp-content\/uploads\/2018\/05\/09_GlVll-nsmbl-\u00a9Joan-Cort\u00e8s_06abr18_Jmbr_Brcln-200x133.jpg 200w, https:\/\/tomajazz.com\/web\/wp-content\/uploads\/2018\/05\/09_GlVll-nsmbl-\u00a9Joan-Cort\u00e8s_06abr18_Jmbr_Brcln-83x55.jpg 83w, https:\/\/tomajazz.com\/web\/wp-content\/uploads\/2018\/05\/09_GlVll-nsmbl-\u00a9Joan-Cort\u00e8s_06abr18_Jmbr_Brcln-60x40.jpg 60w, https:\/\/tomajazz.com\/web\/wp-content\/uploads\/2018\/05\/09_GlVll-nsmbl-\u00a9Joan-Cort\u00e8s_06abr18_Jmbr_Brcln-120x80.jpg 120w\" sizes=\"auto, (max-width: 600px) 100vw, 600px\" \/> <img loading=\"lazy\" decoding=\"async\" class=\"aligncenter size-large wp-image-36849\" src=\"https:\/\/tomajazz.com\/web\/wp-content\/uploads\/2018\/05\/10_GlVll-nsmbl-\u00a9Joan-Cort\u00e8s_06abr18_Jmbr_Brcln-600x399.jpg\" alt=\"\" width=\"600\" height=\"399\" title=\"\" srcset=\"https:\/\/tomajazz.com\/web\/wp-content\/uploads\/2018\/05\/10_GlVll-nsmbl-\u00a9Joan-Cort\u00e8s_06abr18_Jmbr_Brcln.jpg 600w, https:\/\/tomajazz.com\/web\/wp-content\/uploads\/2018\/05\/10_GlVll-nsmbl-\u00a9Joan-Cort\u00e8s_06abr18_Jmbr_Brcln-200x133.jpg 200w, https:\/\/tomajazz.com\/web\/wp-content\/uploads\/2018\/05\/10_GlVll-nsmbl-\u00a9Joan-Cort\u00e8s_06abr18_Jmbr_Brcln-83x55.jpg 83w, https:\/\/tomajazz.com\/web\/wp-content\/uploads\/2018\/05\/10_GlVll-nsmbl-\u00a9Joan-Cort\u00e8s_06abr18_Jmbr_Brcln-60x40.jpg 60w, https:\/\/tomajazz.com\/web\/wp-content\/uploads\/2018\/05\/10_GlVll-nsmbl-\u00a9Joan-Cort\u00e8s_06abr18_Jmbr_Brcln-120x80.jpg 120w\" sizes=\"auto, (max-width: 600px) 100vw, 600px\" \/> <img loading=\"lazy\" decoding=\"async\" class=\"aligncenter size-large wp-image-36850\" src=\"https:\/\/tomajazz.com\/web\/wp-content\/uploads\/2018\/05\/11_GlVll-nsmbl-\u00a9Joan-Cort\u00e8s_06abr18_Jmbr_Brcln-399x600.jpg\" alt=\"\" width=\"399\" height=\"600\" title=\"\" srcset=\"https:\/\/tomajazz.com\/web\/wp-content\/uploads\/2018\/05\/11_GlVll-nsmbl-\u00a9Joan-Cort\u00e8s_06abr18_Jmbr_Brcln.jpg 399w, https:\/\/tomajazz.com\/web\/wp-content\/uploads\/2018\/05\/11_GlVll-nsmbl-\u00a9Joan-Cort\u00e8s_06abr18_Jmbr_Brcln-200x300.jpg 200w, https:\/\/tomajazz.com\/web\/wp-content\/uploads\/2018\/05\/11_GlVll-nsmbl-\u00a9Joan-Cort\u00e8s_06abr18_Jmbr_Brcln-37x55.jpg 37w\" sizes=\"auto, (max-width: 399px) 100vw, 399px\" \/><\/p>\n<p style=\"text-align: right;\">Tomajazz:\u00a0\u00a9\u00a0<strong>Joan Cort\u00e8s<\/strong>, 2018<\/p>\n","protected":false},"excerpt":{"rendered":"<p>Fecha: Viernes, 06 de abril de 2018 Lugar: Jamboree (Barcelona) Grupo: Giulia Valle Ensemble Giulia Valle, composiciones, contrabajo y bajo David Pastor, trompeta Mart\u00ed Serra, saxo tenor y soprano Guim G. Balasch, saxo alto y flauta Vicent P\u00e9rez, trompeta y electr\u00f3nica Roger Mas, piano y teclados Dani Dom\u00ednguez, bater\u00eda Tomajazz:\u00a0\u00a9\u00a0Joan<span class=\"more-link\"><a href=\"https:\/\/tomajazz.com\/web\/instantzz-giulia-valle-ensemble-jamboree-barcelona-2018-04-06-galeria-fotografica\/\">Contin\u00faa leyendo<\/a><\/span><\/p>\n","protected":false},"author":1,"featured_media":36850,"comment_status":"open","ping_status":"closed","sticky":false,"template":"","format":"standard","meta":{"jetpack_post_was_ever_published":false,"_jetpack_newsletter_access":"","_jetpack_dont_email_post_to_subs":false,"_jetpack_newsletter_tier_id":0,"_jetpack_memberships_contains_paywalled_content":false,"_jetpack_memberships_contains_paid_content":false,"footnotes":""},"categories":[17853,11262,15516,11261,1038],"tags":[4841,7451,21447,21448,1041,99,323,13874],"class_list":["entry","author-pachi","post-36839","post","type-post","status-publish","format-standard","has-post-thumbnail","category-joan-cortes","category-photoblogs","category-imagenes","category-instantzz","category-contenidos","tag-dani-dominguez","tag-david-pastor","tag-giulia-valle-ensemble","tag-guim-g-balasch","tag-joan-cortes","tag-marti-serra","tag-roger-mas","tag-vicent-perez"],"jetpack_featured_media_url":"https:\/\/tomajazz.com\/web\/wp-content\/uploads\/2018\/05\/11_GlVll-nsmbl-\u00a9Joan-Cort\u00e8s_06abr18_Jmbr_Brcln.jpg","jetpack_likes_enabled":true,"jetpack_sharing_enabled":true,"jetpack-related-posts":[{"id":30923,"url":"https:\/\/tomajazz.com\/web\/instantzz-giulia-valle-group-2-petit-large-ensemble-sala-artte-barcelona-2017-04-26-galeria-fotografica\/","url_meta":{"origin":36839,"position":0},"title":"INSTANTZZ: Giulia Valle Group + 2 \u201cPetit Large Ensemble\u201d (Sala Artte,  Barcelona. 2017-04-26) [Galer\u00eda fotogr\u00e1fica]","author":"Tomajazz","date":"14 junio, 2017","format":false,"excerpt":"Fecha: Mi\u00e9rcoles, 26 de abril de 2017 Lugar: Sala Artte Grupo: Giulia Valle Group + 2 \u201cPetit Large Ensemble\u201d Giulia Valle, bajo, contrabajo y composiciones David Pastor, trompeta Marti Serra, saxo tenor y soprano Miguel \u201cPintxo\u201d Villar, saxo alto y tenor Vicent P\u00e9rez, tromb\u00f3n y efectos Marco Mezquida, piano Dani\u2026","rel":"","context":"En \u00ab*_Joan Cort\u00e8s\u00bb","block_context":{"text":"*_Joan Cort\u00e8s","link":"https:\/\/tomajazz.com\/web\/category\/joan-cortes\/"},"img":{"alt_text":"","src":"https:\/\/i0.wp.com\/tomajazz.com\/web\/wp-content\/uploads\/2017\/06\/02_GlVllGrp2-%C2%A9Joan-Cort%C3%A8s_26abr17_Sl-rtt_Brcln.jpg?resize=350%2C200&ssl=1","width":350,"height":200,"srcset":"https:\/\/i0.wp.com\/tomajazz.com\/web\/wp-content\/uploads\/2017\/06\/02_GlVllGrp2-%C2%A9Joan-Cort%C3%A8s_26abr17_Sl-rtt_Brcln.jpg?resize=350%2C200&ssl=1 1x, https:\/\/i0.wp.com\/tomajazz.com\/web\/wp-content\/uploads\/2017\/06\/02_GlVllGrp2-%C2%A9Joan-Cort%C3%A8s_26abr17_Sl-rtt_Brcln.jpg?resize=525%2C300&ssl=1 1.5x"},"classes":[]},{"id":56876,"url":"https:\/\/tomajazz.com\/web\/jazzx5260-giulia-valle-trance-eden-club-fresh-sound-new-talent-2020-minipodcast-por-pachi-tapiz\/","url_meta":{"origin":36839,"position":1},"title":"JazzX5#260. Giulia Valle: \u00abTrance\u00bb [Eden Club (Fresh Sound New Talent, 2020)] [Minipodcast] Por Pachi Tapiz","author":"Tomajazz","date":"2 septiembre, 2021","format":false,"excerpt":"En el minipodcast JazzX5 el tema \"Trance\" de la grabaci\u00f3n Eden Club (Fresh Sound New Talent) de Giulia Valle. JazzX5 es un podcast editado y producido por Pachi Tapiz.","rel":"","context":"En \u00abJazzX5\u00bb","block_context":{"text":"JazzX5","link":"https:\/\/tomajazz.com\/web\/category\/contenidos\/sonidos\/podcast\/jazzx5\/"},"img":{"alt_text":"","src":"https:\/\/i0.wp.com\/tomajazz.com\/web\/wp-content\/uploads\/2021\/09\/JazzX5_260.jpg?resize=350%2C200&ssl=1","width":350,"height":200,"srcset":"https:\/\/i0.wp.com\/tomajazz.com\/web\/wp-content\/uploads\/2021\/09\/JazzX5_260.jpg?resize=350%2C200&ssl=1 1x, https:\/\/i0.wp.com\/tomajazz.com\/web\/wp-content\/uploads\/2021\/09\/JazzX5_260.jpg?resize=525%2C300&ssl=1 1.5x, https:\/\/i0.wp.com\/tomajazz.com\/web\/wp-content\/uploads\/2021\/09\/JazzX5_260.jpg?resize=700%2C400&ssl=1 2x"},"classes":[]},{"id":44375,"url":"https:\/\/tomajazz.com\/web\/instantzz-giulia-valle-ensemble-jamboree-barcelona-2019-05-15-galeria-fotografica\/","url_meta":{"origin":36839,"position":2},"title":"INSTANTZZ: Giulia Valle Ensemble (Jamboree, Barcelona. 2019-05-15) [Galer\u00eda fotogr\u00e1fica]","author":"Tomajazz","date":"16 julio, 2019","format":false,"excerpt":"Por\u00a0Joan Cort\u00e8s. Fecha: Mi\u00e9rcoles, 15 de mayo de 2019 Lugar: Jamboree (Barcelona) Grupo: Giulia Valle Ensemble Giulia Valle, composici\u00f3n, direcci\u00f3n musical, contrabajo y bajo Carlos Sarduy, trompeta y percusi\u00f3n Victor Colomer, tromb\u00f3n Mart\u00ed Serra, saxo tenor y soprano Fran Ramos, saxo alto Tom Amat, piano Adri\u00e0 Claramunt, bateria Tomajazz: \u00a9\u00a0Joan\u2026","rel":"","context":"En \u00ab*_Joan Cort\u00e8s\u00bb","block_context":{"text":"*_Joan Cort\u00e8s","link":"https:\/\/tomajazz.com\/web\/category\/joan-cortes\/"},"img":{"alt_text":"","src":"https:\/\/i0.wp.com\/tomajazz.com\/web\/wp-content\/uploads\/2019\/07\/02_GlVll-nsmbl-%C2%A9Joan-Cort%C3%A8s_15mai19_Jmbr_Bcn.jpg?resize=350%2C200&ssl=1","width":350,"height":200,"srcset":"https:\/\/i0.wp.com\/tomajazz.com\/web\/wp-content\/uploads\/2019\/07\/02_GlVll-nsmbl-%C2%A9Joan-Cort%C3%A8s_15mai19_Jmbr_Bcn.jpg?resize=350%2C200&ssl=1 1x, https:\/\/i0.wp.com\/tomajazz.com\/web\/wp-content\/uploads\/2019\/07\/02_GlVll-nsmbl-%C2%A9Joan-Cort%C3%A8s_15mai19_Jmbr_Bcn.jpg?resize=525%2C300&ssl=1 1.5x"},"classes":[]},{"id":78871,"url":"https:\/\/tomajazz.com\/web\/giulia-valle-pablo-ruiz-synergic-ensemble-2023-img\/","url_meta":{"origin":36839,"position":3},"title":"Giulia Valle &#038; Pablo Ruiz Synergic Ensemble (Jamboree, sala 1, 2023-08-11. Barcelona) Por Joan Cort\u00e8s [INSTANTZZ AKA Galer\u00eda fotogr\u00e1fica AKA Fotoblog de jazz, impro\u2026 y algo m\u00e1s]","author":"Tomajazz","date":"26 septiembre, 2023","format":false,"excerpt":"Giulia Valle & Pablo Ruiz Synergic Ensemble actuaron en Jamboree el 11 de agosto de 2023. Joan Cort\u00e8s retrata el concierto en INSTANTZZ.","rel":"","context":"En \u00abINSTANTZZ\u00bb","block_context":{"text":"INSTANTZZ","link":"https:\/\/tomajazz.com\/web\/category\/contenidos\/imagenes\/photoblogs\/instantzz\/"},"img":{"alt_text":"Giulia Valle & Pablo Ruiz Synergic Ensemble (Jamboree, sala 1, 2023-08-11. Barcelona) Por Joan Cort\u00e8s [INSTANTZZ AKA Galer\u00eda fotogr\u00e1fica AKA Fotoblog de jazz, impro\u2026 y algo m\u00e1s] - Tomajazz 9.0 - Giulia Valle & Pablo Ruiz Synergic Ensemble actuaron en Jamboree el 11 de agosto de 2023. Joan Cort\u00e8s retrata el concierto en INSTANTZZ.","src":"https:\/\/i0.wp.com\/tomajazz.com\/web\/wp-content\/uploads\/2023\/09\/11-Gl-Vll-Pbl-Rz-SE-%C2%A9Joan-Cortes-11gst23-20MMF-Bcn-Giulia-Valle-and-Pablo-Ruiz-Synergic-Ensemble-Jamboree-2023-08-11-Joan-Cortes-INSTANTZZ-Tomajazz.jpg?resize=350%2C200&ssl=1","width":350,"height":200},"classes":[]},{"id":53065,"url":"https:\/\/tomajazz.com\/web\/giulia-valle-eden-club-cd-fresh-sound-records-2020-disco-de-jazz-por-rudy-de-juana\/","url_meta":{"origin":36839,"position":4},"title":"Giulia Valle: Eden Club (CD. Fresh Sound Records, 2020) [Disco de jazz] Por Rudy de Juana","author":"Tomajazz","date":"24 noviembre, 2020","format":false,"excerpt":"Rudy de Juana repasa \"Eden Club\" (Fresh Sound Records), la nueva grabaci\u00f3n de la contrabajista y compositora Giulia Valle.","rel":"","context":"En \u00abGrabaciones...\u00bb","block_context":{"text":"Grabaciones...","link":"https:\/\/tomajazz.com\/web\/category\/contenidos\/textos\/grabaciones\/"},"img":{"alt_text":"","src":"https:\/\/i0.wp.com\/tomajazz.com\/web\/wp-content\/uploads\/2020\/11\/Giulia-Valle_Eden-Club.jpg?resize=350%2C200&ssl=1","width":350,"height":200,"srcset":"https:\/\/i0.wp.com\/tomajazz.com\/web\/wp-content\/uploads\/2020\/11\/Giulia-Valle_Eden-Club.jpg?resize=350%2C200&ssl=1 1x, https:\/\/i0.wp.com\/tomajazz.com\/web\/wp-content\/uploads\/2020\/11\/Giulia-Valle_Eden-Club.jpg?resize=525%2C300&ssl=1 1.5x, https:\/\/i0.wp.com\/tomajazz.com\/web\/wp-content\/uploads\/2020\/11\/Giulia-Valle_Eden-Club.jpg?resize=700%2C400&ssl=1 2x"},"classes":[]},{"id":100882,"url":"https:\/\/tomajazz.com\/web\/giulia-valle-trio-jazz-palma-festival-2025\/","url_meta":{"origin":36839,"position":5},"title":"Giulia Valle Tr\u00edo (Jazz Palma Festival 2025. Castell de Bellver. Palma. 2025-08-21) Por Jos\u00e9 Luis Luna Rocafort [INSTANTZZ AKA Galer\u00eda fotogr\u00e1fica AKA Fotoblog de jazz, impro\u2026 y algo m\u00e1s]","author":"Tomajazz","date":"23 octubre, 2025","format":false,"excerpt":"Giulia Valle Tr\u00edo (actu\u00f3 en el Jazz Palma Festival 2025 en el Castell de Bellver el 21 de agosto de 2025. Jos\u00e9 Luis Luna Rocafort la retrata en INSTANTZZ. Actuaron Giulia Valle, Tom\u00e1s Amat, Adri\u00e0 Caramunt","rel":"","context":"En \u00abINSTANTZZ\u00bb","block_context":{"text":"INSTANTZZ","link":"https:\/\/tomajazz.com\/web\/category\/contenidos\/imagenes\/photoblogs\/instantzz\/"},"img":{"alt_text":"Giulia Valle Tr\u00edo (Jazz Palma Festival 2025. Castell de Bellver. Palma. 2025-08-21) Por Jos\u00e9 Luis Luna Rocafort [INSTANTZZ AKA Galer\u00eda fotogr\u00e1fica AKA Fotoblog de jazz, impro\u2026 y algo m\u00e1s] - Tomajazz - Giulia Valle Tr\u00edo (actu\u00f3 en el Jazz Palma Festival 2025 en el Castell de Bellver el 21 de agosto de 2025. Jos\u00e9 Luis Luna Rocafort la retrata en INSTANTZZ. Actuaron","src":"https:\/\/i0.wp.com\/tomajazz.com\/web\/wp-content\/uploads\/2025\/10\/016-13.jpg?resize=350%2C200&ssl=1","width":350,"height":200,"srcset":"https:\/\/i0.wp.com\/tomajazz.com\/web\/wp-content\/uploads\/2025\/10\/016-13.jpg?resize=350%2C200&ssl=1 1x, https:\/\/i0.wp.com\/tomajazz.com\/web\/wp-content\/uploads\/2025\/10\/016-13.jpg?resize=525%2C300&ssl=1 1.5x"},"classes":[]}],"_links":{"self":[{"href":"https:\/\/tomajazz.com\/web\/wp-json\/wp\/v2\/posts\/36839","targetHints":{"allow":["GET"]}}],"collection":[{"href":"https:\/\/tomajazz.com\/web\/wp-json\/wp\/v2\/posts"}],"about":[{"href":"https:\/\/tomajazz.com\/web\/wp-json\/wp\/v2\/types\/post"}],"author":[{"embeddable":true,"href":"https:\/\/tomajazz.com\/web\/wp-json\/wp\/v2\/users\/1"}],"replies":[{"embeddable":true,"href":"https:\/\/tomajazz.com\/web\/wp-json\/wp\/v2\/comments?post=36839"}],"version-history":[{"count":2,"href":"https:\/\/tomajazz.com\/web\/wp-json\/wp\/v2\/posts\/36839\/revisions"}],"predecessor-version":[{"id":36852,"href":"https:\/\/tomajazz.com\/web\/wp-json\/wp\/v2\/posts\/36839\/revisions\/36852"}],"wp:featuredmedia":[{"embeddable":true,"href":"https:\/\/tomajazz.com\/web\/wp-json\/wp\/v2\/media\/36850"}],"wp:attachment":[{"href":"https:\/\/tomajazz.com\/web\/wp-json\/wp\/v2\/media?parent=36839"}],"wp:term":[{"taxonomy":"category","embeddable":true,"href":"https:\/\/tomajazz.com\/web\/wp-json\/wp\/v2\/categories?post=36839"},{"taxonomy":"post_tag","embeddable":true,"href":"https:\/\/tomajazz.com\/web\/wp-json\/wp\/v2\/tags?post=36839"}],"curies":[{"name":"wp","href":"https:\/\/api.w.org\/{rel}","templated":true}]}}