{"id":37405,"date":"2018-06-25T11:11:18","date_gmt":"2018-06-25T09:11:18","guid":{"rendered":"https:\/\/www.tomajazz.com\/web\/?p=37405"},"modified":"2022-09-02T16:59:36","modified_gmt":"2022-09-02T14:59:36","slug":"instantzz-nuria-andorra-kokoro-convent-de-sant-agusti-barcelona-2017-05-04-galeria-fotografica","status":"publish","type":"post","link":"https:\/\/tomajazz.com\/web\/instantzz-nuria-andorra-kokoro-convent-de-sant-agusti-barcelona-2017-05-04-galeria-fotografica\/","title":{"rendered":"INSTANTZZ: N\u00faria Andorr\u00e0 \u201cKokoro\u201d (Convent de Sant Agust\u00ed, Barcelona-.  2017-05-04) [Galer\u00eda fotogr\u00e1fica]"},"content":{"rendered":"<ul>\n<li>Fecha: Viernes, 04 de mayo de 2018<\/li>\n<li>Lugar: Convent de Sant Agust\u00ed (Barcelona)<\/li>\n<li>Grupo:<br \/>\n<strong>N\u00faria Andorr\u00e0<br \/>\n<\/strong>N\u00faria Andorr\u00e0, percusi\u00f3n<br \/>\nColaboraciones breves y puntuales de:<br \/>\n\u00c0lvar Rossell, clarinete<br \/>\nPablo Selnik, flauta<br \/>\nParte del p\u00fablico \u2013en el cierre de la improvisaci\u00f3n-, mu\u00f1equitos de cuerda<\/li>\n<\/ul>\n<p style=\"text-align: center;\"><img loading=\"lazy\" decoding=\"async\" class=\"aligncenter size-large wp-image-37406\" src=\"https:\/\/tomajazz.com\/web\/wp-content\/uploads\/2018\/06\/01_Nr-ndrr-Kkr-\u00a9Joan-Cort\u00e8s_04mai18_Cnvnt-St-gst_Brcln-399x600.jpg\" alt=\"\" width=\"399\" height=\"600\" title=\"\" srcset=\"https:\/\/tomajazz.com\/web\/wp-content\/uploads\/2018\/06\/01_Nr-ndrr-Kkr-\u00a9Joan-Cort\u00e8s_04mai18_Cnvnt-St-gst_Brcln.jpg 399w, https:\/\/tomajazz.com\/web\/wp-content\/uploads\/2018\/06\/01_Nr-ndrr-Kkr-\u00a9Joan-Cort\u00e8s_04mai18_Cnvnt-St-gst_Brcln-200x300.jpg 200w, https:\/\/tomajazz.com\/web\/wp-content\/uploads\/2018\/06\/01_Nr-ndrr-Kkr-\u00a9Joan-Cort\u00e8s_04mai18_Cnvnt-St-gst_Brcln-37x55.jpg 37w\" sizes=\"auto, (max-width: 399px) 100vw, 399px\" \/> <img loading=\"lazy\" decoding=\"async\" class=\"aligncenter size-large wp-image-37407\" src=\"https:\/\/tomajazz.com\/web\/wp-content\/uploads\/2018\/06\/02_Nr-ndrr-Kkr-\u00a9Joan-Cort\u00e8s_04mai18_Cnvnt-St-gst_Brcln-600x399.jpg\" alt=\"\" width=\"600\" height=\"399\" title=\"\" srcset=\"https:\/\/tomajazz.com\/web\/wp-content\/uploads\/2018\/06\/02_Nr-ndrr-Kkr-\u00a9Joan-Cort\u00e8s_04mai18_Cnvnt-St-gst_Brcln.jpg 600w, https:\/\/tomajazz.com\/web\/wp-content\/uploads\/2018\/06\/02_Nr-ndrr-Kkr-\u00a9Joan-Cort\u00e8s_04mai18_Cnvnt-St-gst_Brcln-200x133.jpg 200w, https:\/\/tomajazz.com\/web\/wp-content\/uploads\/2018\/06\/02_Nr-ndrr-Kkr-\u00a9Joan-Cort\u00e8s_04mai18_Cnvnt-St-gst_Brcln-83x55.jpg 83w, https:\/\/tomajazz.com\/web\/wp-content\/uploads\/2018\/06\/02_Nr-ndrr-Kkr-\u00a9Joan-Cort\u00e8s_04mai18_Cnvnt-St-gst_Brcln-60x40.jpg 60w, https:\/\/tomajazz.com\/web\/wp-content\/uploads\/2018\/06\/02_Nr-ndrr-Kkr-\u00a9Joan-Cort\u00e8s_04mai18_Cnvnt-St-gst_Brcln-120x80.jpg 120w\" sizes=\"auto, (max-width: 600px) 100vw, 600px\" \/> <img loading=\"lazy\" decoding=\"async\" class=\"aligncenter size-large wp-image-37408\" src=\"https:\/\/tomajazz.com\/web\/wp-content\/uploads\/2018\/06\/03_Nr-ndrr-Kkr-\u00a9Joan-Cort\u00e8s_04mai18_Cnvnt-St-gst_Brcln-600x399.jpg\" alt=\"\" width=\"600\" height=\"399\" title=\"\" srcset=\"https:\/\/tomajazz.com\/web\/wp-content\/uploads\/2018\/06\/03_Nr-ndrr-Kkr-\u00a9Joan-Cort\u00e8s_04mai18_Cnvnt-St-gst_Brcln.jpg 600w, https:\/\/tomajazz.com\/web\/wp-content\/uploads\/2018\/06\/03_Nr-ndrr-Kkr-\u00a9Joan-Cort\u00e8s_04mai18_Cnvnt-St-gst_Brcln-200x133.jpg 200w, https:\/\/tomajazz.com\/web\/wp-content\/uploads\/2018\/06\/03_Nr-ndrr-Kkr-\u00a9Joan-Cort\u00e8s_04mai18_Cnvnt-St-gst_Brcln-83x55.jpg 83w, https:\/\/tomajazz.com\/web\/wp-content\/uploads\/2018\/06\/03_Nr-ndrr-Kkr-\u00a9Joan-Cort\u00e8s_04mai18_Cnvnt-St-gst_Brcln-60x40.jpg 60w, https:\/\/tomajazz.com\/web\/wp-content\/uploads\/2018\/06\/03_Nr-ndrr-Kkr-\u00a9Joan-Cort\u00e8s_04mai18_Cnvnt-St-gst_Brcln-120x80.jpg 120w\" sizes=\"auto, (max-width: 600px) 100vw, 600px\" \/> <img loading=\"lazy\" decoding=\"async\" class=\"aligncenter size-large wp-image-37409\" src=\"https:\/\/tomajazz.com\/web\/wp-content\/uploads\/2018\/06\/04_Nr-ndrr-Kkr-\u00a9Joan-Cort\u00e8s_04mai18_Cnvnt-St-gst_Brcln-399x600.jpg\" alt=\"\" width=\"399\" height=\"600\" title=\"\" srcset=\"https:\/\/tomajazz.com\/web\/wp-content\/uploads\/2018\/06\/04_Nr-ndrr-Kkr-\u00a9Joan-Cort\u00e8s_04mai18_Cnvnt-St-gst_Brcln.jpg 399w, https:\/\/tomajazz.com\/web\/wp-content\/uploads\/2018\/06\/04_Nr-ndrr-Kkr-\u00a9Joan-Cort\u00e8s_04mai18_Cnvnt-St-gst_Brcln-200x300.jpg 200w, https:\/\/tomajazz.com\/web\/wp-content\/uploads\/2018\/06\/04_Nr-ndrr-Kkr-\u00a9Joan-Cort\u00e8s_04mai18_Cnvnt-St-gst_Brcln-37x55.jpg 37w\" sizes=\"auto, (max-width: 399px) 100vw, 399px\" \/> <img loading=\"lazy\" decoding=\"async\" class=\"aligncenter size-large wp-image-37410\" src=\"https:\/\/tomajazz.com\/web\/wp-content\/uploads\/2018\/06\/05_Nr-ndrr-Kkr-\u00a9Joan-Cort\u00e8s_04mai18_Cnvnt-St-gst_Brcln-399x600.jpg\" alt=\"\" width=\"399\" height=\"600\" title=\"\" srcset=\"https:\/\/tomajazz.com\/web\/wp-content\/uploads\/2018\/06\/05_Nr-ndrr-Kkr-\u00a9Joan-Cort\u00e8s_04mai18_Cnvnt-St-gst_Brcln.jpg 399w, https:\/\/tomajazz.com\/web\/wp-content\/uploads\/2018\/06\/05_Nr-ndrr-Kkr-\u00a9Joan-Cort\u00e8s_04mai18_Cnvnt-St-gst_Brcln-200x300.jpg 200w, https:\/\/tomajazz.com\/web\/wp-content\/uploads\/2018\/06\/05_Nr-ndrr-Kkr-\u00a9Joan-Cort\u00e8s_04mai18_Cnvnt-St-gst_Brcln-37x55.jpg 37w\" sizes=\"auto, (max-width: 399px) 100vw, 399px\" \/> <img loading=\"lazy\" decoding=\"async\" class=\"aligncenter size-large wp-image-37411\" src=\"https:\/\/tomajazz.com\/web\/wp-content\/uploads\/2018\/06\/06_Nr-ndrr-Kkr-\u00a9Joan-Cort\u00e8s_04mai18_Cnvnt-St-gst_Brcln-600x399.jpg\" alt=\"\" width=\"600\" height=\"399\" title=\"\" srcset=\"https:\/\/tomajazz.com\/web\/wp-content\/uploads\/2018\/06\/06_Nr-ndrr-Kkr-\u00a9Joan-Cort\u00e8s_04mai18_Cnvnt-St-gst_Brcln.jpg 600w, https:\/\/tomajazz.com\/web\/wp-content\/uploads\/2018\/06\/06_Nr-ndrr-Kkr-\u00a9Joan-Cort\u00e8s_04mai18_Cnvnt-St-gst_Brcln-200x133.jpg 200w, https:\/\/tomajazz.com\/web\/wp-content\/uploads\/2018\/06\/06_Nr-ndrr-Kkr-\u00a9Joan-Cort\u00e8s_04mai18_Cnvnt-St-gst_Brcln-83x55.jpg 83w, https:\/\/tomajazz.com\/web\/wp-content\/uploads\/2018\/06\/06_Nr-ndrr-Kkr-\u00a9Joan-Cort\u00e8s_04mai18_Cnvnt-St-gst_Brcln-60x40.jpg 60w, https:\/\/tomajazz.com\/web\/wp-content\/uploads\/2018\/06\/06_Nr-ndrr-Kkr-\u00a9Joan-Cort\u00e8s_04mai18_Cnvnt-St-gst_Brcln-120x80.jpg 120w\" sizes=\"auto, (max-width: 600px) 100vw, 600px\" \/> <img loading=\"lazy\" decoding=\"async\" class=\"aligncenter size-large wp-image-37412\" src=\"https:\/\/tomajazz.com\/web\/wp-content\/uploads\/2018\/06\/07_Nr-ndrr-Kkr-\u00a9Joan-Cort\u00e8s_04mai18_Cnvnt-St-gst_Brcln-399x600.jpg\" alt=\"\" width=\"399\" height=\"600\" title=\"\" srcset=\"https:\/\/tomajazz.com\/web\/wp-content\/uploads\/2018\/06\/07_Nr-ndrr-Kkr-\u00a9Joan-Cort\u00e8s_04mai18_Cnvnt-St-gst_Brcln.jpg 399w, https:\/\/tomajazz.com\/web\/wp-content\/uploads\/2018\/06\/07_Nr-ndrr-Kkr-\u00a9Joan-Cort\u00e8s_04mai18_Cnvnt-St-gst_Brcln-200x300.jpg 200w, https:\/\/tomajazz.com\/web\/wp-content\/uploads\/2018\/06\/07_Nr-ndrr-Kkr-\u00a9Joan-Cort\u00e8s_04mai18_Cnvnt-St-gst_Brcln-37x55.jpg 37w\" sizes=\"auto, (max-width: 399px) 100vw, 399px\" \/> <img loading=\"lazy\" decoding=\"async\" class=\"aligncenter size-large wp-image-37413\" src=\"https:\/\/tomajazz.com\/web\/wp-content\/uploads\/2018\/06\/08_Nr-ndrr-Kkr-\u00a9Joan-Cort\u00e8s_04mai18_Cnvnt-St-gst_Brcln-399x600.jpg\" alt=\"\" width=\"399\" height=\"600\" title=\"\" srcset=\"https:\/\/tomajazz.com\/web\/wp-content\/uploads\/2018\/06\/08_Nr-ndrr-Kkr-\u00a9Joan-Cort\u00e8s_04mai18_Cnvnt-St-gst_Brcln.jpg 399w, https:\/\/tomajazz.com\/web\/wp-content\/uploads\/2018\/06\/08_Nr-ndrr-Kkr-\u00a9Joan-Cort\u00e8s_04mai18_Cnvnt-St-gst_Brcln-200x300.jpg 200w, https:\/\/tomajazz.com\/web\/wp-content\/uploads\/2018\/06\/08_Nr-ndrr-Kkr-\u00a9Joan-Cort\u00e8s_04mai18_Cnvnt-St-gst_Brcln-37x55.jpg 37w\" sizes=\"auto, (max-width: 399px) 100vw, 399px\" \/> <img loading=\"lazy\" decoding=\"async\" class=\"aligncenter size-large wp-image-37414\" src=\"https:\/\/tomajazz.com\/web\/wp-content\/uploads\/2018\/06\/09_Nr-ndrr-Kkr-\u00a9Joan-Cort\u00e8s_04mai18_Cnvnt-St-gst_Brcln-600x399.jpg\" alt=\"\" width=\"600\" height=\"399\" title=\"\" srcset=\"https:\/\/tomajazz.com\/web\/wp-content\/uploads\/2018\/06\/09_Nr-ndrr-Kkr-\u00a9Joan-Cort\u00e8s_04mai18_Cnvnt-St-gst_Brcln.jpg 600w, https:\/\/tomajazz.com\/web\/wp-content\/uploads\/2018\/06\/09_Nr-ndrr-Kkr-\u00a9Joan-Cort\u00e8s_04mai18_Cnvnt-St-gst_Brcln-200x133.jpg 200w, https:\/\/tomajazz.com\/web\/wp-content\/uploads\/2018\/06\/09_Nr-ndrr-Kkr-\u00a9Joan-Cort\u00e8s_04mai18_Cnvnt-St-gst_Brcln-83x55.jpg 83w, https:\/\/tomajazz.com\/web\/wp-content\/uploads\/2018\/06\/09_Nr-ndrr-Kkr-\u00a9Joan-Cort\u00e8s_04mai18_Cnvnt-St-gst_Brcln-60x40.jpg 60w, https:\/\/tomajazz.com\/web\/wp-content\/uploads\/2018\/06\/09_Nr-ndrr-Kkr-\u00a9Joan-Cort\u00e8s_04mai18_Cnvnt-St-gst_Brcln-120x80.jpg 120w\" sizes=\"auto, (max-width: 600px) 100vw, 600px\" \/> <img loading=\"lazy\" decoding=\"async\" class=\"aligncenter size-large wp-image-37415\" src=\"https:\/\/tomajazz.com\/web\/wp-content\/uploads\/2018\/06\/10_Nr-ndrr-Kkr-\u00a9Joan-Cort\u00e8s_04mai18_Cnvnt-St-gst_Brcln-399x600.jpg\" alt=\"\" width=\"399\" height=\"600\" title=\"\" srcset=\"https:\/\/tomajazz.com\/web\/wp-content\/uploads\/2018\/06\/10_Nr-ndrr-Kkr-\u00a9Joan-Cort\u00e8s_04mai18_Cnvnt-St-gst_Brcln.jpg 399w, https:\/\/tomajazz.com\/web\/wp-content\/uploads\/2018\/06\/10_Nr-ndrr-Kkr-\u00a9Joan-Cort\u00e8s_04mai18_Cnvnt-St-gst_Brcln-200x300.jpg 200w, https:\/\/tomajazz.com\/web\/wp-content\/uploads\/2018\/06\/10_Nr-ndrr-Kkr-\u00a9Joan-Cort\u00e8s_04mai18_Cnvnt-St-gst_Brcln-37x55.jpg 37w\" sizes=\"auto, (max-width: 399px) 100vw, 399px\" \/> <img loading=\"lazy\" decoding=\"async\" class=\"aligncenter size-large wp-image-37416\" src=\"https:\/\/tomajazz.com\/web\/wp-content\/uploads\/2018\/06\/11_Nr-ndrr-Kkr-\u00a9Joan-Cort\u00e8s_04mai18_Cnvnt-St-gst_Brcln-600x399.jpg\" alt=\"\" width=\"600\" height=\"399\" title=\"\" srcset=\"https:\/\/tomajazz.com\/web\/wp-content\/uploads\/2018\/06\/11_Nr-ndrr-Kkr-\u00a9Joan-Cort\u00e8s_04mai18_Cnvnt-St-gst_Brcln.jpg 600w, https:\/\/tomajazz.com\/web\/wp-content\/uploads\/2018\/06\/11_Nr-ndrr-Kkr-\u00a9Joan-Cort\u00e8s_04mai18_Cnvnt-St-gst_Brcln-200x133.jpg 200w, https:\/\/tomajazz.com\/web\/wp-content\/uploads\/2018\/06\/11_Nr-ndrr-Kkr-\u00a9Joan-Cort\u00e8s_04mai18_Cnvnt-St-gst_Brcln-83x55.jpg 83w, https:\/\/tomajazz.com\/web\/wp-content\/uploads\/2018\/06\/11_Nr-ndrr-Kkr-\u00a9Joan-Cort\u00e8s_04mai18_Cnvnt-St-gst_Brcln-60x40.jpg 60w, https:\/\/tomajazz.com\/web\/wp-content\/uploads\/2018\/06\/11_Nr-ndrr-Kkr-\u00a9Joan-Cort\u00e8s_04mai18_Cnvnt-St-gst_Brcln-120x80.jpg 120w\" sizes=\"auto, (max-width: 600px) 100vw, 600px\" \/><\/p>\n<p style=\"text-align: right;\">Tomajazz:\u00a0\u00a9\u00a0<strong>Joan Cort\u00e8s<\/strong>, 2018<\/p>\n","protected":false},"excerpt":{"rendered":"<p>Fecha: Viernes, 04 de mayo de 2018 Lugar: Convent de Sant Agust\u00ed (Barcelona) Grupo: N\u00faria Andorr\u00e0 N\u00faria Andorr\u00e0, percusi\u00f3n Colaboraciones breves y puntuales de: \u00c0lvar Rossell, clarinete Pablo Selnik, flauta Parte del p\u00fablico \u2013en el cierre de la improvisaci\u00f3n-, mu\u00f1equitos de cuerda Tomajazz:\u00a0\u00a9\u00a0Joan Cort\u00e8s, 2018<span class=\"more-link\"><a href=\"https:\/\/tomajazz.com\/web\/instantzz-nuria-andorra-kokoro-convent-de-sant-agusti-barcelona-2017-05-04-galeria-fotografica\/\">Contin\u00faa leyendo<\/a><\/span><\/p>\n","protected":false},"author":1,"featured_media":37408,"comment_status":"open","ping_status":"closed","sticky":false,"template":"","format":"standard","meta":{"jetpack_post_was_ever_published":false,"_jetpack_newsletter_access":"","_jetpack_dont_email_post_to_subs":false,"_jetpack_newsletter_tier_id":0,"_jetpack_memberships_contains_paywalled_content":false,"_jetpack_memberships_contains_paid_content":false,"footnotes":""},"categories":[17853,11262,15516,11261,1038],"tags":[21551,1041,9113,1136],"class_list":["entry","author-pachi","post-37405","post","type-post","status-publish","format-standard","has-post-thumbnail","category-joan-cortes","category-photoblogs","category-imagenes","category-instantzz","category-contenidos","tag-alvar-rossell","tag-joan-cortes","tag-nuria-andorra","tag-pablo-selnik"],"jetpack_featured_media_url":"https:\/\/tomajazz.com\/web\/wp-content\/uploads\/2018\/06\/03_Nr-ndrr-Kkr-\u00a9Joan-Cort\u00e8s_04mai18_Cnvnt-St-gst_Brcln.jpg","jetpack_likes_enabled":true,"jetpack_sharing_enabled":true,"jetpack-related-posts":[{"id":104340,"url":"https:\/\/tomajazz.com\/web\/nuria-andorra-roc-mateu-fundacio-joan-brossa-2026\/","url_meta":{"origin":37405,"position":0},"title":"N\u00faria Andorr\u00e0 &#038; Roc Mateu \u201cReflectir Brossa\u201d (Fundaci\u00f3 Joan Brossa, 2026-01-23 \/ Barcelona) Por Joan Cort\u00e8s [INSTANTZZ AKA Galer\u00eda fotogr\u00e1fica AKA Fotoblog de jazz, impro\u2026 y algo m\u00e1s]","author":"Tomajazz","date":"9 marzo, 2026","format":false,"excerpt":"N\u00faria Andorr\u00e0 & Roc Mateu \u201cReflectir Brossa\u201d actuaron en la Fundaci\u00f3 Joan Brossa de Barcelona el 23 de enero de 2026. Joan Cort\u00e8s lo retrata en INSTANTZZ","rel":"","context":"En \u00abINSTANTZZ\u00bb","block_context":{"text":"INSTANTZZ","link":"https:\/\/tomajazz.com\/web\/category\/contenidos\/imagenes\/photoblogs\/instantzz\/"},"img":{"alt_text":"N\u00faria Andorr\u00e0 & Roc Mateu \u201cReflectir Brossa\u201d (Fundaci\u00f3 Joan Brossa, 2026-01-23 \/ Barcelona) Por Joan Cort\u00e8s [INSTANTZZ AKA Galer\u00eda fotogr\u00e1fica AKA Fotoblog de jazz, impro\u2026 y algo m\u00e1s] - Tomajazz - N\u00faria Andorr\u00e0 & Roc Mateu \u201cReflectir Brossa\u201d actuaron en la Fundaci\u00f3 Joan Brossa de Barcelona el 23 de enero de 2026. Joan Cort\u00e8s lo retrata en INSTANTZZ","src":"https:\/\/i0.wp.com\/tomajazz.com\/web\/wp-content\/uploads\/2026\/03\/destacada04-Nr-ndrr-Rc-Mt-Photo-By-Joan-Cortes-23gnr26-Fndc-Brss-Bcn.jpg?resize=350%2C200&ssl=1","width":350,"height":200,"srcset":"https:\/\/i0.wp.com\/tomajazz.com\/web\/wp-content\/uploads\/2026\/03\/destacada04-Nr-ndrr-Rc-Mt-Photo-By-Joan-Cortes-23gnr26-Fndc-Brss-Bcn.jpg?resize=350%2C200&ssl=1 1x, https:\/\/i0.wp.com\/tomajazz.com\/web\/wp-content\/uploads\/2026\/03\/destacada04-Nr-ndrr-Rc-Mt-Photo-By-Joan-Cortes-23gnr26-Fndc-Brss-Bcn.jpg?resize=525%2C300&ssl=1 1.5x"},"classes":[]},{"id":31490,"url":"https:\/\/tomajazz.com\/web\/instantzz-improject-agusti-fernandez-esmuc-escola-superior-de-musica-de-catalunya-barcelona-2017-05-31-galeria-fotografica\/","url_meta":{"origin":37405,"position":1},"title":"INSTANTZZ: Improject &#038; Agust\u00ed Fern\u00e1ndez (ESMUC -Escola Superior de M\u00fasica de Catalunya-, Barcelona. 2017-05-31) [Galer\u00eda fotogr\u00e1fica]","author":"Tomajazz","date":"17 julio, 2017","format":false,"excerpt":"Fecha: Mi\u00e9rcoles, 31 de mayo de 2017 Lugar: ESMUC (Barcelona) Grupo: Improject & Agust\u00ed Fern\u00e1ndez Agust\u00ed Fern\u00e1ndez, conducci\u00f3n Celeste Al\u00edas, voz Pablo Selnik, flauta Joan Antoni Pich, violonchelo \u00c0lex Reviriego, contrabajo Jordina Mill\u00e0, piano Oriol Roca, bater\u00eda Laia Vall\u00e8s, electr\u00f3nica N\u00faria Andorr\u00e0, percusi\u00f3n y direcci\u00f3n art\u00edstica Tomajazz:\u00a0\u00a9\u00a0Joan Cort\u00e8s, 2017","rel":"","context":"En \u00ab*_Joan Cort\u00e8s\u00bb","block_context":{"text":"*_Joan Cort\u00e8s","link":"https:\/\/tomajazz.com\/web\/category\/joan-cortes\/"},"img":{"alt_text":"","src":"https:\/\/i0.wp.com\/tomajazz.com\/web\/wp-content\/uploads\/2017\/07\/05_mprjctgstFrnndz-%C2%A9Joan-Cort%C3%A8s_31mai17_sclSprrdMscdCtlny_Brcln.jpg?resize=350%2C200&ssl=1","width":350,"height":200,"srcset":"https:\/\/i0.wp.com\/tomajazz.com\/web\/wp-content\/uploads\/2017\/07\/05_mprjctgstFrnndz-%C2%A9Joan-Cort%C3%A8s_31mai17_sclSprrdMscdCtlny_Brcln.jpg?resize=350%2C200&ssl=1 1x, https:\/\/i0.wp.com\/tomajazz.com\/web\/wp-content\/uploads\/2017\/07\/05_mprjctgstFrnndz-%C2%A9Joan-Cort%C3%A8s_31mai17_sclSprrdMscdCtlny_Brcln.jpg?resize=525%2C300&ssl=1 1.5x"},"classes":[]},{"id":59474,"url":"https:\/\/tomajazz.com\/web\/instantzz-zlatko-kaucic-nuria-andorra-rafal-mazur-montmusic-ensemble-montmusic-festival-2021-la-quadra-santa-maria-de-palautordera-barcelona-2021-10-17-y-v-galeria-fotografica-aka-fot\/","url_meta":{"origin":37405,"position":2},"title":"INSTANTZZ: Zlatko Kau\u010di\u010d &#038; N\u00faria Andorr\u00e0 \/ Rafal Mazur &#038; MontMusic Ensemble (MontMusic Festival 2021\/ La Quadra, Santa Maria de Palautordera -Barcelona-. 2021-10-17) (y V) [Galer\u00eda fotogr\u00e1fica AKA Fotoblog de jazz, impro\u2026 y algo m\u00e1s] Por Joan Cort\u00e8s","author":"Tomajazz","date":"14 diciembre, 2021","format":false,"excerpt":"Joan Cort\u00e8s finaliza el respaso al MontMusic Festival 2021 con las im\u00e1genes en INSTANTZZ de las actuaciones de Zlatko Kau\u010di\u010d & N\u00faria Andorr\u00e0 y Rafal Mazur & MontMusic Ensemble.","rel":"","context":"En \u00abINSTANTZZ\u00bb","block_context":{"text":"INSTANTZZ","link":"https:\/\/tomajazz.com\/web\/category\/contenidos\/imagenes\/photoblogs\/instantzz\/"},"img":{"alt_text":"INSTANTZZ: Zlatko Kau\u010di\u010d & N\u00faria Andorr\u00e0 \/ Rafal Mazur & MontMusic Ensemble (MontMusic Festival 2021\/ La Quadra, Santa Maria de Palautordera -Barcelona-. 2021-10-17) (y V) [Galer\u00eda fotogr\u00e1fica AKA Fotoblog de jazz, impro\u2026 y algo m\u00e1s] Por Joan Cort\u00e8s","src":"https:\/\/i0.wp.com\/tomajazz.com\/web\/wp-content\/uploads\/2021\/12\/06_Zltk-Kcc-Nr-ndrr-Joan-Cortes_17oct21_MMF21_L-Qdr_Snt-Mr-Pltrdr.jpg?resize=350%2C200&ssl=1","width":350,"height":200,"srcset":"https:\/\/i0.wp.com\/tomajazz.com\/web\/wp-content\/uploads\/2021\/12\/06_Zltk-Kcc-Nr-ndrr-Joan-Cortes_17oct21_MMF21_L-Qdr_Snt-Mr-Pltrdr.jpg?resize=350%2C200&ssl=1 1x, https:\/\/i0.wp.com\/tomajazz.com\/web\/wp-content\/uploads\/2021\/12\/06_Zltk-Kcc-Nr-ndrr-Joan-Cortes_17oct21_MMF21_L-Qdr_Snt-Mr-Pltrdr.jpg?resize=525%2C300&ssl=1 1.5x"},"classes":[]},{"id":36416,"url":"https:\/\/tomajazz.com\/web\/nuria-andorra-presenta-kokoro-convent-de-sant-agusti-sala-noble-2018-05-04-noticias\/","url_meta":{"origin":37405,"position":3},"title":"N\u00faria Andorr\u00e0 presenta KOKORO (Convent de Sant Agust\u00ed, Sala Noble. 2018-05-04) [Noticias]","author":"Tomajazz","date":"30 abril, 2018","format":false,"excerpt":"N\u00faria Andorr\u00e0 presenta KOKORO\u00a0Convent de Sant Agust\u00ed, Sala Noble \/ Viernes 4 de mayo a las 20.30 8\u20ac anticipada \u2013 10 \u20ac el mismo d\u00eda del concierto KOKORO\u00a0es el primer trabajo en solitario de la percusionista N\u00faria Andorr\u00e0, un trabajo de s\u00edntesis y de b\u00fasqueda de un lenguaje propio con\u2026","rel":"","context":"En \u00ab*_Redacci\u00f3n\u00bb","block_context":{"text":"*_Redacci\u00f3n","link":"https:\/\/tomajazz.com\/web\/category\/redaccion\/"},"img":{"alt_text":"","src":"https:\/\/i0.wp.com\/tomajazz.com\/web\/wp-content\/uploads\/2018\/04\/N%C3%BAria-Andorr%C3%A0_.jpg?resize=350%2C200&ssl=1","width":350,"height":200,"srcset":"https:\/\/i0.wp.com\/tomajazz.com\/web\/wp-content\/uploads\/2018\/04\/N%C3%BAria-Andorr%C3%A0_.jpg?resize=350%2C200&ssl=1 1x, https:\/\/i0.wp.com\/tomajazz.com\/web\/wp-content\/uploads\/2018\/04\/N%C3%BAria-Andorr%C3%A0_.jpg?resize=525%2C300&ssl=1 1.5x"},"classes":[]},{"id":40818,"url":"https:\/\/tomajazz.com\/web\/instantzz-tres-duos-i-jordina-milla-nuria-andorra-agusti-fernandez-johannes-nastesjo-i-hara-alonso-sergio-andres-castrillon-la-quadra-i-can-balmes-montmusic-festival-2018-les-noves-musi\/","url_meta":{"origin":37405,"position":4},"title":"INSTANTZZ: Seis D\u00faos (I), Jordina Mill\u00e0 &#038; N\u00faria Andorra, Agust\u00ed Fern\u00e1ndez &#038; Johannes N\u00e4stesj\u00f6 y Hara Alonso &#038; Sergio Andr\u00e9s Castrill\u00f3n  (La Quadra i Can Balmes, MontMusic Festival 2018 -Les noves m\u00fasiques al Montseny- Santa Maria de Palautordera -Barcelona-.  2018-10-20) [I] [Galer\u00eda fotogr\u00e1fica]","author":"Tomajazz","date":"1 enero, 2019","format":false,"excerpt":"Por\u00a0Joan Cort\u00e8s. Fecha: S\u00e1bado, 20 de octubre de 2018 Lugar: La Quadra y Can Balmes (Santa Maria de Palautordera -Barcelona- ) Grupos: Jordina Mill\u00e0 & N\u00faria Andorr\u00e0 (La Quadra) Jordina Mill\u00e0, piano N\u00faria Andorr\u00e0, percusi\u00f3n Agust\u00ed Fern\u00e1ndez & Johannes N\u00e4stesj\u00f6 (La Quadra) Agust\u00ed Fern\u00e1ndez, piano Johannes N\u00e4stesj\u00f6, contrabajo Hara Alonso\u2026","rel":"","context":"En \u00ab*_Joan Cort\u00e8s\u00bb","block_context":{"text":"*_Joan Cort\u00e8s","link":"https:\/\/tomajazz.com\/web\/category\/joan-cortes\/"},"img":{"alt_text":"","src":"https:\/\/i0.wp.com\/tomajazz.com\/web\/wp-content\/uploads\/2019\/01\/13_Hr-lns-Srg-Cstrlln-%C2%A9Joan-Cort%C3%A8s_20oct18_Cn-Blms_2MMF_SMP.jpg?resize=350%2C200&ssl=1","width":350,"height":200,"srcset":"https:\/\/i0.wp.com\/tomajazz.com\/web\/wp-content\/uploads\/2019\/01\/13_Hr-lns-Srg-Cstrlln-%C2%A9Joan-Cort%C3%A8s_20oct18_Cn-Blms_2MMF_SMP.jpg?resize=350%2C200&ssl=1 1x, https:\/\/i0.wp.com\/tomajazz.com\/web\/wp-content\/uploads\/2019\/01\/13_Hr-lns-Srg-Cstrlln-%C2%A9Joan-Cort%C3%A8s_20oct18_Cn-Blms_2MMF_SMP.jpg?resize=525%2C300&ssl=1 1.5x"},"classes":[]},{"id":25654,"url":"https:\/\/tomajazz.com\/web\/instantzz-memoria-uno-11a-sessio-sala-fenix-barcelona-2016-05-31\/","url_meta":{"origin":37405,"position":5},"title":"INSTANTZZ: Memoria Uno -11a sessi\u00f3- (Sala F\u00e8nix, Barcelona. 2016-05-31) [Galer\u00eda fotogr\u00e1fica]","author":"Tomajazz","date":"27 julio, 2016","format":false,"excerpt":"Fecha: Martes, 31 de mayo de 2016 Lugar: Sala F\u00e8nix, Barcelona Componentes: Memoria Uno Iv\u00e1n Gonz\u00e1lez, conducci\u00f3n y trompeta Agust\u00ed Fern\u00e1ndez, piano y conducci\u00f3n Pablo Selnik, flauta N\u00faria Andorr\u00e0, percusi\u00f3n Pablo Rega, guitarra el\u00e9ctrica Oriol Roca, bater\u00eda Marc Cuevas, contrabajo \u00c0lex Reviriego, contrabajo Pol Padr\u00f3s, trompeta Marcel\u00b7l\u00ed Bayer, clarinete bajo\u2026","rel":"","context":"En \u00ab*_Joan Cort\u00e8s\u00bb","block_context":{"text":"*_Joan Cort\u00e8s","link":"https:\/\/tomajazz.com\/web\/category\/joan-cortes\/"},"img":{"alt_text":"","src":"https:\/\/i0.wp.com\/tomajazz.com\/web\/wp-content\/uploads\/2016\/07\/06_Mmr-n-11s-%C2%A9Joan-Cort%C3%A8s_31mai16_Sl-Fnx_Brcln.jpg?resize=350%2C200&ssl=1","width":350,"height":200,"srcset":"https:\/\/i0.wp.com\/tomajazz.com\/web\/wp-content\/uploads\/2016\/07\/06_Mmr-n-11s-%C2%A9Joan-Cort%C3%A8s_31mai16_Sl-Fnx_Brcln.jpg?resize=350%2C200&ssl=1 1x, https:\/\/i0.wp.com\/tomajazz.com\/web\/wp-content\/uploads\/2016\/07\/06_Mmr-n-11s-%C2%A9Joan-Cort%C3%A8s_31mai16_Sl-Fnx_Brcln.jpg?resize=525%2C300&ssl=1 1.5x"},"classes":[]}],"_links":{"self":[{"href":"https:\/\/tomajazz.com\/web\/wp-json\/wp\/v2\/posts\/37405","targetHints":{"allow":["GET"]}}],"collection":[{"href":"https:\/\/tomajazz.com\/web\/wp-json\/wp\/v2\/posts"}],"about":[{"href":"https:\/\/tomajazz.com\/web\/wp-json\/wp\/v2\/types\/post"}],"author":[{"embeddable":true,"href":"https:\/\/tomajazz.com\/web\/wp-json\/wp\/v2\/users\/1"}],"replies":[{"embeddable":true,"href":"https:\/\/tomajazz.com\/web\/wp-json\/wp\/v2\/comments?post=37405"}],"version-history":[{"count":2,"href":"https:\/\/tomajazz.com\/web\/wp-json\/wp\/v2\/posts\/37405\/revisions"}],"predecessor-version":[{"id":37418,"href":"https:\/\/tomajazz.com\/web\/wp-json\/wp\/v2\/posts\/37405\/revisions\/37418"}],"wp:featuredmedia":[{"embeddable":true,"href":"https:\/\/tomajazz.com\/web\/wp-json\/wp\/v2\/media\/37408"}],"wp:attachment":[{"href":"https:\/\/tomajazz.com\/web\/wp-json\/wp\/v2\/media?parent=37405"}],"wp:term":[{"taxonomy":"category","embeddable":true,"href":"https:\/\/tomajazz.com\/web\/wp-json\/wp\/v2\/categories?post=37405"},{"taxonomy":"post_tag","embeddable":true,"href":"https:\/\/tomajazz.com\/web\/wp-json\/wp\/v2\/tags?post=37405"}],"curies":[{"name":"wp","href":"https:\/\/api.w.org\/{rel}","templated":true}]}}