{"id":37426,"date":"2018-07-18T10:55:15","date_gmt":"2018-07-18T08:55:15","guid":{"rendered":"https:\/\/www.tomajazz.com\/web\/?p=37426"},"modified":"2022-09-02T16:17:19","modified_gmt":"2022-09-02T14:17:19","slug":"53-heineken-jazzaldia-san-sebastian-donostia-25-al-29-de-julio-de-2018-noticias","status":"publish","type":"post","link":"https:\/\/tomajazz.com\/web\/53-heineken-jazzaldia-san-sebastian-donostia-25-al-29-de-julio-de-2018-noticias\/","title":{"rendered":"53 Heineken Jazzaldia (San Sebasti\u00e1n &#8211; Donostia. 25 al 29 de julio de 2018) [Noticias]"},"content":{"rendered":"<p style=\"text-align: center;\"><img loading=\"lazy\" decoding=\"async\" class=\"aligncenter size-large wp-image-37427\" src=\"https:\/\/tomajazz.com\/web\/wp-content\/uploads\/2018\/06\/53-Heineken-Jazzaldia-420x600.jpg\" alt=\"\" width=\"420\" height=\"600\" title=\"\" srcset=\"https:\/\/tomajazz.com\/web\/wp-content\/uploads\/2018\/06\/53-Heineken-Jazzaldia-420x600.jpg 420w, https:\/\/tomajazz.com\/web\/wp-content\/uploads\/2018\/06\/53-Heineken-Jazzaldia-200x286.jpg 200w, https:\/\/tomajazz.com\/web\/wp-content\/uploads\/2018\/06\/53-Heineken-Jazzaldia-39x55.jpg 39w, https:\/\/tomajazz.com\/web\/wp-content\/uploads\/2018\/06\/53-Heineken-Jazzaldia.jpg 630w\" sizes=\"auto, (max-width: 420px) 100vw, 420px\" \/><\/p>\n<p>El 53 Heineken Jazzaldia tendr\u00e1 lugar en San Sebasti\u00e1n &#8211; Donostia, entre el 25 y el 29 de julio de 2018. Entre otros actuar\u00e1n Jacob Collier Quartet, R+R=Now (Christian Scott, Robert Glasper, Terrace Martin, Taylor McFerrin, Derrick Hodge, Justin Tayson), Dave Holland &#8211; Zakir Hussain &#8211; Chris Potter, C\u00e9cile McLorin Salvant &#8211; Aaron Diehl Trio, Benny Green, Curtis Stigers, Chick Corea Akustic Band, Gregory Porter, Brad Mehldau, Kenny Barron, Mary Stallings, Marco Mezquida \u00abLos Sue\u00f1os de Ravel\u00bb, Emile Parisien Quintet con Michel Portal y Vincent Peirani. Toda la informaci\u00f3n en <a href=\"http:\/\/heinekenjazzaldia.eus\/es\/programa\/\" target=\"_blank\" rel=\"noopener\">http:\/\/heinekenjazzaldia.eus\/es\/programa\/<\/a><\/p>\n","protected":false},"excerpt":{"rendered":"<p>El 53 Heineken Jazzaldia tendr\u00e1 lugar en San Sebasti\u00e1n &#8211; Donostia, entre el 25 y el 29 de julio de 2018. Entre otros actuar\u00e1n Jacob Collier Quartet, R+R=Now (Christian Scott, Robert Glasper, Terrace Martin, Taylor McFerrin, Derrick Hodge, Justin Tayson), Dave Holland &#8211; Zakir Hussain &#8211; Chris Potter, C\u00e9cile McLorin<span class=\"more-link\"><a href=\"https:\/\/tomajazz.com\/web\/53-heineken-jazzaldia-san-sebastian-donostia-25-al-29-de-julio-de-2018-noticias\/\">Contin\u00faa leyendo<\/a><\/span><\/p>\n","protected":false},"author":1,"featured_media":37427,"comment_status":"open","ping_status":"closed","sticky":false,"template":"","format":"standard","meta":{"_jetpack_newsletter_access":"","_jetpack_dont_email_post_to_subs":false,"_jetpack_newsletter_tier_id":0,"_jetpack_memberships_contains_paywalled_content":false,"_jetpack_feature_clip_id":0,"_jetpack_memberships_contains_paid_content":false,"footnotes":"","jetpack_post_was_ever_published":false},"categories":[17858,15795,1038],"tags":[11856,15296],"class_list":["entry","author-pachi","post-37426","post","type-post","status-publish","format-standard","has-post-thumbnail","category-redaccion","category-noticias-2","category-contenidos","tag-noticias","tag-noticias-de-jazz"],"jetpack_likes_enabled":true,"jetpack_sharing_enabled":true,"jetpack-related-posts":[{"id":30779,"url":"https:\/\/tomajazz.com\/web\/52-heineken-jazzaldia-san-sebastian-donosti-20-al-25-de-julio-de-2017-noticias\/","url_meta":{"origin":37426,"position":0},"title":"52 Heineken Jazzaldia (San Sebasti\u00e1n \u2013 Donosti, 20 al 25 de julio de 2017) [Noticias]","author":"Tomajazz","date":"5 junio, 2017","format":false,"excerpt":"52 Heineken Jazzaldia. San Sebasti\u00e1n - Donosti. 20 al 25 de julio de 2017 21 de julio de 2017 Wayne Shorter Quartet El Quinteto De Deborah Carter: 100 A\u00f1os Del Nacimiento De Ella Fitzgerald Jazz Band Ball 22 de julio de 2017 Charles Lloyd New Quartet Saxophone Summit Hiromi, Edmar\u2026","rel":"","context":"En \u00ab*_Redacci\u00f3n\u00bb","block_context":{"text":"*_Redacci\u00f3n","link":"https:\/\/tomajazz.com\/web\/category\/redaccion\/"},"img":{"alt_text":"","src":"https:\/\/i0.wp.com\/tomajazz.com\/web\/wp-content\/uploads\/2017\/06\/Cartel-52-Heineken-Jazzaldia-2017.jpg?resize=350%2C200&ssl=1","width":350,"height":200,"srcset":"https:\/\/i0.wp.com\/tomajazz.com\/web\/wp-content\/uploads\/2017\/06\/Cartel-52-Heineken-Jazzaldia-2017.jpg?resize=350%2C200&ssl=1 1x, https:\/\/i0.wp.com\/tomajazz.com\/web\/wp-content\/uploads\/2017\/06\/Cartel-52-Heineken-Jazzaldia-2017.jpg?resize=525%2C300&ssl=1 1.5x"},"classes":[]},{"id":25044,"url":"https:\/\/tomajazz.com\/web\/51-heineken-jazzaldia-donostia-san-sebastian-20-al-25-de-julio-de-2016-noticias\/","url_meta":{"origin":37426,"position":1},"title":"51 Heineken Jazzaldia (Donostia &#8211; San Sebasti\u00e1n. 20 al 25 de julio de 2016) [Noticias]","author":"Tomajazz","date":"24 junio, 2016","format":false,"excerpt":"Entre el 20 y el 25 de julio de 2016 tendr\u00e1 lugar la 51\u00aa Edici\u00f3n del Heineken Jazzaldia, Festival de Jazz de San Sebasti\u00e1n. Entre otros, actuar\u00e1n Jan Garbarek, Marco Mezquida, Dave Douglas, Cyrus Chestnut, Marc Ribot, Ellis y Brandford Marsalis, Kurt Elling, John Scofield, Brad Mehldau, Mikel Andueza, Broken\u2026","rel":"","context":"En \u00ab*_Redacci\u00f3n\u00bb","block_context":{"text":"*_Redacci\u00f3n","link":"https:\/\/tomajazz.com\/web\/category\/redaccion\/"},"img":{"alt_text":"","src":"https:\/\/i0.wp.com\/tomajazz.com\/web\/wp-content\/uploads\/2016\/06\/51-Heineken-Jazzaldia-2016.jpg?resize=350%2C200&ssl=1","width":350,"height":200,"srcset":"https:\/\/i0.wp.com\/tomajazz.com\/web\/wp-content\/uploads\/2016\/06\/51-Heineken-Jazzaldia-2016.jpg?resize=350%2C200&ssl=1 1x, https:\/\/i0.wp.com\/tomajazz.com\/web\/wp-content\/uploads\/2016\/06\/51-Heineken-Jazzaldia-2016.jpg?resize=525%2C300&ssl=1 1.5x"},"classes":[]},{"id":105286,"url":"https:\/\/tomajazz.com\/web\/xii-jazzene-2026-noticias\/","url_meta":{"origin":37426,"position":2},"title":"XII JazzE\u00f1e 2026 (Donostia \u2013 San Sebasti\u00e1n. 22 al 25 de julio de 2026) [Noticias de jazz]","author":"Tomajazz","date":"8 mayo, 2026","format":false,"excerpt":"Entre el 22 y el 25 de julio de 2026 tendr\u00e1 lugar la XII edici\u00f3n de JazzE\u00f1e en Donostia \u2013 San Sebasti\u00e1n. Ocho grupos seleccionados entre 145 propuestas actuar\u00e1n en un ciclo integrado dentro de la programaci\u00f3n del Jazzaldia 2026 #Noticiasdejazz","rel":"","context":"En \u00abXII JazzE\u00f1e 2026\u00bb","block_context":{"text":"XII JazzE\u00f1e 2026","link":"https:\/\/tomajazz.com\/web\/category\/contenidos\/especial-contenidos\/xii-jazzene-2026\/"},"img":{"alt_text":"XII JazzE\u00f1e 2026 (Donostia \u2013 San Sebasti\u00e1n. 22 al 25 de julio de 2026) [Noticias de jazz] - Tomajazz - Entre el 22 y el 25 de julio de 2026 tendr\u00e1 lugar la XII edici\u00f3n de JazzE\u00f1e en Donostia \u2013 San Sebasti\u00e1n. Ocho grupos seleccionados entre 145 propuestas actuar\u00e1n integrados dentro de la programaci\u00f3n del Jazzaldia 2026 #Noticiasdejazz","src":"https:\/\/i0.wp.com\/tomajazz.com\/web\/wp-content\/uploads\/2026\/05\/Jazzene-2026-cartel-Tomajazz.jpg?resize=350%2C200&ssl=1","width":350,"height":200,"srcset":"https:\/\/i0.wp.com\/tomajazz.com\/web\/wp-content\/uploads\/2026\/05\/Jazzene-2026-cartel-Tomajazz.jpg?resize=350%2C200&ssl=1 1x, https:\/\/i0.wp.com\/tomajazz.com\/web\/wp-content\/uploads\/2026\/05\/Jazzene-2026-cartel-Tomajazz.jpg?resize=525%2C300&ssl=1 1.5x, https:\/\/i0.wp.com\/tomajazz.com\/web\/wp-content\/uploads\/2026\/05\/Jazzene-2026-cartel-Tomajazz.jpg?resize=700%2C400&ssl=1 2x"},"classes":[]},{"id":54810,"url":"https:\/\/tomajazz.com\/web\/jazzene-2021-san-sebastian-donostia-del-22-al-25-de-julio-de-2021-noticias-de-jazz\/","url_meta":{"origin":37426,"position":3},"title":"JazzE\u00f1e 2021 (San Sebastian &#8211; Donostia. Del 22 al 25 de julio de 2021) [Noticias de jazz]","author":"Tomajazz","date":"26 mayo, 2021","format":false,"excerpt":"Entre el 22 y el 25 de julio tendr\u00e1 lugar en San Sebasti\u00e1n - Donostia la edici\u00f3n de 2021 de Jazz E\u00f1e.","rel":"","context":"En \u00abNoticias\u00bb","block_context":{"text":"Noticias","link":"https:\/\/tomajazz.com\/web\/category\/contenidos\/noticias-2\/"},"img":{"alt_text":"","src":"https:\/\/i0.wp.com\/tomajazz.com\/web\/wp-content\/uploads\/2021\/05\/JazzEne-2021.jpg?resize=350%2C200&ssl=1","width":350,"height":200,"srcset":"https:\/\/i0.wp.com\/tomajazz.com\/web\/wp-content\/uploads\/2021\/05\/JazzEne-2021.jpg?resize=350%2C200&ssl=1 1x, https:\/\/i0.wp.com\/tomajazz.com\/web\/wp-content\/uploads\/2021\/05\/JazzEne-2021.jpg?resize=525%2C300&ssl=1 1.5x, https:\/\/i0.wp.com\/tomajazz.com\/web\/wp-content\/uploads\/2021\/05\/JazzEne-2021.jpg?resize=700%2C400&ssl=1 2x, https:\/\/i0.wp.com\/tomajazz.com\/web\/wp-content\/uploads\/2021\/05\/JazzEne-2021.jpg?resize=1050%2C600&ssl=1 3x, https:\/\/i0.wp.com\/tomajazz.com\/web\/wp-content\/uploads\/2021\/05\/JazzEne-2021.jpg?resize=1400%2C800&ssl=1 4x"},"classes":[]},{"id":106922,"url":"https:\/\/tomajazz.com\/web\/david-murray-quartet-jazzaldia-2026\/","url_meta":{"origin":37426,"position":4},"title":"David Murray Quartet (61 Jazzaldia 2026. Donosti. 2026-07-23) Por Jos\u00e9 Luis Luna Rocafort [INSTANTZZ AKA Galer\u00eda fotogr\u00e1fica AKA Fotoblog de jazz, impro\u2026 y algo m\u00e1s]","author":"Tomajazz","date":"1 septiembre, 2026","format":false,"excerpt":"David Murray Quartet actu\u00f3 en el 61 Jazzaldia 2026, el 23 de julio de 2026. Jos\u00e9 Luis Luna Rocafort lo retrata en INSTANTZZ. Actuaron David Murray, Marta S\u00e1nchez, Luke Steward, Russell Carter, Francesca Cinelli","rel":"","context":"En \u00ab61 Festival de Jazz de San Sebasti\u00e1n 2026 \u2013 Jazzaldia 2026\u00bb","block_context":{"text":"61 Festival de Jazz de San Sebasti\u00e1n 2026 \u2013 Jazzaldia 2026","link":"https:\/\/tomajazz.com\/web\/category\/contenidos\/especial-contenidos\/61-festival-de-jazz-de-san-sebastian-2026-jazzaldia-2026\/"},"img":{"alt_text":"David Murray Quartet (61 Jazzaldia 2026. Donosti. 2026-07-23) Por Jos\u00e9 Luis Luna Rocafort [INSTANTZZ AKA Galer\u00eda fotogr\u00e1fica AKA Fotoblog de jazz, impro\u2026 y algo m\u00e1s] - Tomajazz - David Murray Quartet actu\u00f3 en el 61 Jazzaldia 2026, el 23 de julio de 2026. Jos\u00e9 Luis Luna Rocafort lo retrata en INSTANTZZ. Actuaron David Murray, Marta S\u00e1nchez, Luke Steward, Russell Carter, Francesca Cinelli","src":"https:\/\/i0.wp.com\/tomajazz.com\/web\/wp-content\/uploads\/2026\/08\/005-17.jpg?resize=350%2C200&ssl=1","width":350,"height":200,"srcset":"https:\/\/i0.wp.com\/tomajazz.com\/web\/wp-content\/uploads\/2026\/08\/005-17.jpg?resize=350%2C200&ssl=1 1x, https:\/\/i0.wp.com\/tomajazz.com\/web\/wp-content\/uploads\/2026\/08\/005-17.jpg?resize=525%2C300&ssl=1 1.5x"},"classes":[]},{"id":106757,"url":"https:\/\/tomajazz.com\/web\/lp-jazzaldia-2026\/","url_meta":{"origin":37426,"position":5},"title":"LP (61 Jazzaldia 2026. Donosti. 2026-07-22) Por Jos\u00e9 Luis Luna Rocafort [INSTANTZZ AKA Galer\u00eda fotogr\u00e1fica AKA Fotoblog de jazz, impro\u2026 y algo m\u00e1s]","author":"Tomajazz","date":"26 agosto, 2026","format":false,"excerpt":"LP actu\u00f3 en el 61 Jazzaldia 2026. Jos\u00e9 Luis Luna Rocafort lo retrata en INSTANTZZ. LP son Laura Pergolizzi, Andrew Martin, J. Ryan Kern, Jermaine Butler, Benjamin Hilzinger","rel":"","context":"En \u00ab61 Festival de Jazz de San Sebasti\u00e1n 2026 \u2013 Jazzaldia 2026\u00bb","block_context":{"text":"61 Festival de Jazz de San Sebasti\u00e1n 2026 \u2013 Jazzaldia 2026","link":"https:\/\/tomajazz.com\/web\/category\/contenidos\/especial-contenidos\/61-festival-de-jazz-de-san-sebastian-2026-jazzaldia-2026\/"},"img":{"alt_text":"LP (61 Jazzaldia 2026. Donosti. 2026-07-22) Por Jos\u00e9 Luis Luna Rocafort [INSTANTZZ AKA Galer\u00eda fotogr\u00e1fica AKA Fotoblog de jazz, impro\u2026 y algo m\u00e1s] - Tomajazz - LP actu\u00f3 en el 61 Jazzaldia 2026. Jos\u00e9 Luis Luna Rocafort lo retrata en INSTANTZZ. LP son Laura Pergolizzi, Andrew Martin, J. Ryan Kern, Jermaine Butler, Benjamin Hilzinger","src":"https:\/\/i0.wp.com\/tomajazz.com\/web\/wp-content\/uploads\/2026\/08\/014-11.jpg?resize=350%2C200&ssl=1","width":350,"height":200,"srcset":"https:\/\/i0.wp.com\/tomajazz.com\/web\/wp-content\/uploads\/2026\/08\/014-11.jpg?resize=350%2C200&ssl=1 1x, https:\/\/i0.wp.com\/tomajazz.com\/web\/wp-content\/uploads\/2026\/08\/014-11.jpg?resize=525%2C300&ssl=1 1.5x"},"classes":[]}],"jetpack_featured_media_url":"https:\/\/tomajazz.com\/web\/wp-content\/uploads\/2018\/06\/53-Heineken-Jazzaldia.jpg","_links":{"self":[{"href":"https:\/\/tomajazz.com\/web\/wp-json\/wp\/v2\/posts\/37426","targetHints":{"allow":["GET"]}}],"collection":[{"href":"https:\/\/tomajazz.com\/web\/wp-json\/wp\/v2\/posts"}],"about":[{"href":"https:\/\/tomajazz.com\/web\/wp-json\/wp\/v2\/types\/post"}],"author":[{"embeddable":true,"href":"https:\/\/tomajazz.com\/web\/wp-json\/wp\/v2\/users\/1"}],"replies":[{"embeddable":true,"href":"https:\/\/tomajazz.com\/web\/wp-json\/wp\/v2\/comments?post=37426"}],"version-history":[{"count":2,"href":"https:\/\/tomajazz.com\/web\/wp-json\/wp\/v2\/posts\/37426\/revisions"}],"predecessor-version":[{"id":66304,"href":"https:\/\/tomajazz.com\/web\/wp-json\/wp\/v2\/posts\/37426\/revisions\/66304"}],"wp:featuredmedia":[{"embeddable":true,"href":"https:\/\/tomajazz.com\/web\/wp-json\/wp\/v2\/media\/37427"}],"wp:attachment":[{"href":"https:\/\/tomajazz.com\/web\/wp-json\/wp\/v2\/media?parent=37426"}],"wp:term":[{"taxonomy":"category","embeddable":true,"href":"https:\/\/tomajazz.com\/web\/wp-json\/wp\/v2\/categories?post=37426"},{"taxonomy":"post_tag","embeddable":true,"href":"https:\/\/tomajazz.com\/web\/wp-json\/wp\/v2\/tags?post=37426"}],"curies":[{"name":"wp","href":"https:\/\/api.w.org\/{rel}","templated":true}]}}