{"id":37973,"date":"2018-07-19T11:00:36","date_gmt":"2018-07-19T09:00:36","guid":{"rendered":"https:\/\/www.tomajazz.com\/web\/?p=37973"},"modified":"2022-09-02T16:15:24","modified_gmt":"2022-09-02T14:15:24","slug":"jazz-en-espanol-emision-18-de-julio-de-2018-noticias","status":"publish","type":"post","link":"https:\/\/tomajazz.com\/web\/jazz-en-espanol-emision-18-de-julio-de-2018-noticias\/","title":{"rendered":"Jazz en espa\u00f1ol. Emisi\u00f3n 18 de julio de 2018 [Noticias]"},"content":{"rendered":"<p style=\"text-align: center;\"><img loading=\"lazy\" decoding=\"async\" class=\"aligncenter size-large wp-image-38034\" src=\"https:\/\/tomajazz.com\/web\/wp-content\/uploads\/2018\/07\/Jazz-en-espa\u00f1ol_LogoJulio2018-2-600x185.jpg\" alt=\"\" width=\"600\" height=\"185\" title=\"\" srcset=\"https:\/\/tomajazz.com\/web\/wp-content\/uploads\/2018\/07\/Jazz-en-espa\u00f1ol_LogoJulio2018-2-600x185.jpg 600w, https:\/\/tomajazz.com\/web\/wp-content\/uploads\/2018\/07\/Jazz-en-espa\u00f1ol_LogoJulio2018-2-200x62.jpg 200w, https:\/\/tomajazz.com\/web\/wp-content\/uploads\/2018\/07\/Jazz-en-espa\u00f1ol_LogoJulio2018-2-179x55.jpg 179w, https:\/\/tomajazz.com\/web\/wp-content\/uploads\/2018\/07\/Jazz-en-espa\u00f1ol_LogoJulio2018-2.jpg 650w\" sizes=\"auto, (max-width: 600px) 100vw, 600px\" \/><\/p>\n<p><strong>Juli\u00e1n Ruesga<\/strong> presenta un programa que explora y difunde el jazz de Hispanoam\u00e9rica y Espa\u00f1a. Un vuelo a los mundos sonoros del jazz de dos continentes: <em>Jazz en espa\u00f1ol.<\/em><\/p>\n<p>El programa de la semana del 18 de julio de 2018 tiene por t\u00edtulo \u00abFestival de Jazz Nacional de Priego de Cordoba\u00bb. Suena m\u00fasica de David Pastor &amp; Nu Roots, Kiko Aguado &amp; Flex a tune Trio, Corleone d\u00fao, Mar\u00eda Cavaes Quartet y Garum Tr\u00edo con Fernando Bronx.\u00a0Disponible en <a href=\"http:\/\/www.emartv.es\/jazz-en-espanol\/#.WhU8c7ZDmMI\" target=\"_blank\" rel=\"noopener\">http:\/\/www.emartv.es\/jazz-en-espanol\/#.WhU8c7ZDmMI<\/a> y <a href=\"https:\/\/www.ivoox.com\/podcast-jazz-espanol_sq_f1478867_1.html\" target=\"_blank\" rel=\"noopener\">https:\/\/www.ivoox.com\/podcast-jazz-espanol_sq_f1478867_1.html<\/a><\/p>\n<p><iframe id=\"audio_27114346\" style=\"border: 1px solid #EEE; box-sizing: border-box; width: 100%;\" src=\"https:\/\/www.ivoox.com\/player_ej_27114346_4_1.html?c1=ff6600\" height=\"200\" frameborder=\"0\" scrolling=\"no\" allowfullscreen=\"allowfullscreen\"><\/iframe><\/p>\n","protected":false},"excerpt":{"rendered":"<p>Juli\u00e1n Ruesga presenta un programa que explora y difunde el jazz de Hispanoam\u00e9rica y Espa\u00f1a. Un vuelo a los mundos sonoros del jazz de dos continentes: Jazz en espa\u00f1ol. El programa de la semana del 18 de julio de 2018 tiene por t\u00edtulo \u00abFestival de Jazz Nacional de Priego de<span class=\"more-link\"><a href=\"https:\/\/tomajazz.com\/web\/jazz-en-espanol-emision-18-de-julio-de-2018-noticias\/\">Contin\u00faa leyendo<\/a><\/span><\/p>\n","protected":false},"author":1,"featured_media":38034,"comment_status":"open","ping_status":"closed","sticky":false,"template":"","format":"standard","meta":{"_jetpack_newsletter_access":"","_jetpack_dont_email_post_to_subs":false,"_jetpack_newsletter_tier_id":0,"_jetpack_memberships_contains_paywalled_content":false,"_jetpack_feature_clip_id":0,"_jetpack_memberships_contains_paid_content":false,"footnotes":"","jetpack_post_was_ever_published":false},"categories":[17858,15795,1038],"tags":[11856,15296],"class_list":["entry","author-pachi","post-37973","post","type-post","status-publish","format-standard","has-post-thumbnail","category-redaccion","category-noticias-2","category-contenidos","tag-noticias","tag-noticias-de-jazz"],"jetpack_likes_enabled":true,"jetpack_sharing_enabled":true,"jetpack-related-posts":[{"id":101377,"url":"https:\/\/tomajazz.com\/web\/triplanetas-enrique-oliver-trio-vitoria-2025\/","url_meta":{"origin":37973,"position":0},"title":"Triplanetas &#8211; Enrique Oliver Tr\u00edo (48 Festival de Jazz de Vitoria. 2025-07-15) Por Jos\u00e9 Luis Luna Rocafort [INSTANTZZ AKA Galer\u00eda fotogr\u00e1fica AKA Fotoblog de jazz, impro\u2026 y algo m\u00e1s]","author":"Tomajazz","date":"4 noviembre, 2025","format":false,"excerpt":"Triplanetas - Enrique Oliver Tr\u00edo participaron en el 48 Festival de Jazz de Vitoria 2025, en el programa Club de Jazz. Jos\u00e9 Luis Luna Rocafort retrata la actuaci\u00f3n en INSTANTZZ. Triplanetas son Daahoud Salim, Juli\u00e1n S\u00e1nchez:, Bori Albero. Enrique Oliver Tr\u00edo son Enrique Oliver, Bori Albero, Andreu Pitarch","rel":"","context":"En \u00ab48 Festival de Jazz de Vitoria 2025\u00bb","block_context":{"text":"48 Festival de Jazz de Vitoria 2025","link":"https:\/\/tomajazz.com\/web\/category\/contenidos\/especial-contenidos\/48-festival-de-jazz-de-vitoria-2025\/"},"img":{"alt_text":"Triplanetas - Enrique Oliver Tr\u00edo (48 Festival de Jazz de Vitoria. 2025-07-15) Por Jos\u00e9 Luis Luna Rocafort [INSTANTZZ AKA Galer\u00eda fotogr\u00e1fica AKA Fotoblog de jazz, impro\u2026 y algo m\u00e1s] - Tomajazz - Triplanetas - Enrique Oliver Tr\u00edo participaron en el 48 Festival de Jazz de Vitoria 2025, en el programa Club de Jazz. Jos\u00e9 Luis Luna Rocafort retrata la actuaci\u00f3n en INSTANTZZ. Triplanetas son Daahoud Salim, Juli\u00e1n S\u00e1nchez:, Bori Albero. Enrique Oliver Tr\u00edo son Enrique Oliver, Bori Albero, Andreu Pitarch","src":"https:\/\/i0.wp.com\/tomajazz.com\/web\/wp-content\/uploads\/2025\/11\/009-2.jpg?resize=350%2C200&ssl=1","width":350,"height":200,"srcset":"https:\/\/i0.wp.com\/tomajazz.com\/web\/wp-content\/uploads\/2025\/11\/009-2.jpg?resize=350%2C200&ssl=1 1x, https:\/\/i0.wp.com\/tomajazz.com\/web\/wp-content\/uploads\/2025\/11\/009-2.jpg?resize=525%2C300&ssl=1 1.5x"},"classes":[]},{"id":106468,"url":"https:\/\/tomajazz.com\/web\/amaro-freitas-trio-vitoria-2026\/","url_meta":{"origin":37973,"position":1},"title":"Amaro Freitas Tr\u00edo (49 Festival de Jazz de Vitoria-Gasteiz 2026. 2026-07-13) Por Jos\u00e9 Luis Luna Rocafort [INSTANTZZ AKA Galer\u00eda fotogr\u00e1fica AKA Fotoblog de jazz, impro\u2026 y algo m\u00e1s]","author":"Tomajazz","date":"14 agosto, 2026","format":false,"excerpt":"Amaro Freitas Tr\u00edo actu\u00f3 en el 49 Festival de Jazz de Vitoria-Gasteiz 2026, el 13 de julio de 2026. Jos\u00e9 Luis Luna Rocafort lo retrata en INSTANTZZ. Actuaron Amaro Freitas, Sidiel Vieira, Rodrigo Digao Brez","rel":"","context":"En \u00ab*_Jos\u00e9 Luis Luna Rocafort\u00bb","block_context":{"text":"*_Jos\u00e9 Luis Luna Rocafort","link":"https:\/\/tomajazz.com\/web\/category\/jose-luis-luna-rocafort\/"},"img":{"alt_text":"Amaro Freitas Tr\u00edo (49 Festival de Jazz de Vitoria-Gasteiz 2026. 2026-07-13) Por Jos\u00e9 Luis Luna Rocafort [INSTANTZZ AKA Galer\u00eda fotogr\u00e1fica AKA Fotoblog de jazz, impro\u2026 y algo m\u00e1s] - Tomajazz - Amaro Freitas Tr\u00edo actu\u00f3 en el 49 Festival de Jazz de Vitoria-Gasteiz 2026, el 13 de julio de 2026. Jos\u00e9 Luis Luna Rocafort lo retrata en INSTANTZZ. Actuaron Amaro Freitas, Sidiel Vieira, Rodrigo Digao Brez","src":"https:\/\/i0.wp.com\/tomajazz.com\/web\/wp-content\/uploads\/2026\/08\/020-3.jpg?resize=350%2C200&ssl=1","width":350,"height":200,"srcset":"https:\/\/i0.wp.com\/tomajazz.com\/web\/wp-content\/uploads\/2026\/08\/020-3.jpg?resize=350%2C200&ssl=1 1x, https:\/\/i0.wp.com\/tomajazz.com\/web\/wp-content\/uploads\/2026\/08\/020-3.jpg?resize=525%2C300&ssl=1 1.5x"},"classes":[]},{"id":106862,"url":"https:\/\/tomajazz.com\/web\/bill-frisell-trio-tres-dies-de-jazz-2026\/","url_meta":{"origin":37973,"position":2},"title":"Bill Frisell Trio &#038; Greg Tardy (Tres dies de Jazz \/ Can Reon, 2026-07-05 \/ Tiana -Barcelona-)  [y 2] Por Joan Cort\u00e8s [INSTANTZZ AKA Galer\u00eda fotogr\u00e1fica AKA Fotoblog de jazz, impro\u2026 y algo m\u00e1s]","author":"Tomajazz","date":"30 agosto, 2026","format":false,"excerpt":"Bill Frisell Trio & Greg Tardy actu\u00f3 en Tres dies de Jazz de Can Reon, en Tiana, Barcelona, el 5 de julio de 2026. Joan Cort\u00e8s lo retrata en INSTANTZZ. Actuaron Bill Frisell, Greg Tardy, Thomas Morgan, Rudy Royston","rel":"","context":"En \u00abTres dies de jazz 2026. Can Reon\u00bb","block_context":{"text":"Tres dies de jazz 2026. Can Reon","link":"https:\/\/tomajazz.com\/web\/category\/contenidos\/especial-contenidos\/tres-dies-de-jazz-2026-can-reon\/"},"img":{"alt_text":"Bill Frisell Trio & Greg Tardy (Tres dies de Jazz \/ Can Reon, 2026-07-05 \/ Tiana -Barcelona-)  [y 2] Por Joan Cort\u00e8s [INSTANTZZ AKA Galer\u00eda fotogr\u00e1fica AKA Fotoblog de jazz, impro\u2026 y algo m\u00e1s] - Tomajazz - Bill Frisell Trio & Greg Tardy actu\u00f3 en Tres dies de Jazz de Can Reon, en Tiana, Barcelona, el 5 de julio de 2026. Joan Cort\u00e8s lo retrata en INSTANTZZ. Actuaron Bill Frisell, Greg Tardy, Thomas Morgan, Rudy Royston","src":"https:\/\/i0.wp.com\/tomajazz.com\/web\/wp-content\/uploads\/2026\/08\/destacada-10-Bll-Frsll-tr-Grg-Trd-Photo-by-Joan-Cortes-05jll26-Cn-Rn-Tn-Bcn.jpg?resize=350%2C200&ssl=1","width":350,"height":200,"srcset":"https:\/\/i0.wp.com\/tomajazz.com\/web\/wp-content\/uploads\/2026\/08\/destacada-10-Bll-Frsll-tr-Grg-Trd-Photo-by-Joan-Cortes-05jll26-Cn-Rn-Tn-Bcn.jpg?resize=350%2C200&ssl=1 1x, https:\/\/i0.wp.com\/tomajazz.com\/web\/wp-content\/uploads\/2026\/08\/destacada-10-Bll-Frsll-tr-Grg-Trd-Photo-by-Joan-Cortes-05jll26-Cn-Rn-Tn-Bcn.jpg?resize=525%2C300&ssl=1 1.5x"},"classes":[]},{"id":100117,"url":"https:\/\/tomajazz.com\/web\/kenny-barron-trio-vitoria-2025\/","url_meta":{"origin":37973,"position":3},"title":"Kenny Barron Trio (48 Festival de Jazz de Vitoria. 2025-07-18) Por Jos\u00e9 Luis Luna Rocafort [INSTANTZZ AKA Galer\u00eda fotogr\u00e1fica AKA Fotoblog de jazz, impro\u2026 y algo m\u00e1s]","author":"Tomajazz","date":"6 octubre, 2025","format":false,"excerpt":"Kenny Barron Trio actu\u00f3 en el 48 Festival de Jazz de Vitoria. Jos\u00e9 Luis Luna Rocafort lo retrata en INSTANTZZ. Actuaron Kenny Barron, Kiyoshi Kitagawa, Jonathan Blake","rel":"","context":"En \u00ab48 Festival de Jazz de Vitoria 2025\u00bb","block_context":{"text":"48 Festival de Jazz de Vitoria 2025","link":"https:\/\/tomajazz.com\/web\/category\/contenidos\/especial-contenidos\/48-festival-de-jazz-de-vitoria-2025\/"},"img":{"alt_text":"Kenny Barron Trio (48 Festival de Jazz de Vitoria. 2025-07-18) Por Jos\u00e9 Luis Luna Rocafort [INSTANTZZ AKA Galer\u00eda fotogr\u00e1fica AKA Fotoblog de jazz, impro\u2026 y algo m\u00e1s] - Tomajazz - Kenny Barron Trio actu\u00f3 en el 48 Festival de Jazz de Vitoria. Jos\u00e9 Luis Luna Rocafort lo retrata en INSTANTZZ. Actuaron Kenny Barron, Kiyoshi Kitagawa, Jonathan Blake","src":"https:\/\/i0.wp.com\/tomajazz.com\/web\/wp-content\/uploads\/2025\/10\/015-1.jpg?resize=350%2C200&ssl=1","width":350,"height":200,"srcset":"https:\/\/i0.wp.com\/tomajazz.com\/web\/wp-content\/uploads\/2025\/10\/015-1.jpg?resize=350%2C200&ssl=1 1x, https:\/\/i0.wp.com\/tomajazz.com\/web\/wp-content\/uploads\/2025\/10\/015-1.jpg?resize=525%2C300&ssl=1 1.5x"},"classes":[]},{"id":103666,"url":"https:\/\/tomajazz.com\/web\/urtarrijazz-2026-semana-3\/","url_meta":{"origin":37973,"position":4},"title":"Tercer fin de semana IX Urtarrijazz 2026 (Pamplona, Navarra. 23 y 24 de enero de 2026) [Noticias de jazz]","author":"Tomajazz","date":"23 enero, 2026","format":false,"excerpt":"El fin de semana del 23 y 24 de enero de 2026 tendr\u00e1 lugar el tercer fin de semana Urtarrrijazz 2026 en Pamplona con actuaciones de Ram\u00f3n Garc\u00eda Tr\u00edo, Mikel Gaztelurrutia Tr\u00edo #Noticiasdejazz","rel":"","context":"En \u00abUrtarrijazz '26\u00bb","block_context":{"text":"Urtarrijazz '26","link":"https:\/\/tomajazz.com\/web\/category\/contenidos\/especial-contenidos\/urtarrijazz-26\/"},"img":{"alt_text":"IX Urtarrijazz 2026 (Pamplona, Navarra. 9 al 31 de enero de 2026) [Noticias de jazz] - Tomajazz","src":"https:\/\/i0.wp.com\/tomajazz.com\/web\/wp-content\/uploads\/2025\/12\/Urtarrijazz-2026-noticias-Tomajazz.jpg?resize=350%2C200&ssl=1","width":350,"height":200,"srcset":"https:\/\/i0.wp.com\/tomajazz.com\/web\/wp-content\/uploads\/2025\/12\/Urtarrijazz-2026-noticias-Tomajazz.jpg?resize=350%2C200&ssl=1 1x, https:\/\/i0.wp.com\/tomajazz.com\/web\/wp-content\/uploads\/2025\/12\/Urtarrijazz-2026-noticias-Tomajazz.jpg?resize=525%2C300&ssl=1 1.5x"},"classes":[]},{"id":105584,"url":"https:\/\/tomajazz.com\/web\/marco-mezquida-trio-tactil-barcelona-2026\/","url_meta":{"origin":37973,"position":5},"title":"Marco Mezquida Trio \u201cT\u00e0ctil\u201d (60 anys Festival Jazz Barcelona \/ L\u2019Auditori, 2026-04-18 \/ Barcelona) Por Joan Cort\u00e8s [INSTANTZZ AKA Galer\u00eda fotogr\u00e1fica AKA Fotoblog de jazz, impro\u2026 y algo m\u00e1s]","author":"Tomajazz","date":"26 mayo, 2026","format":false,"excerpt":"Marco Mezquida Trio \u201cT\u00e0ctil\u201d actu\u00f3 con motivo de los 60 a\u00f1os del Festival de Jazz de Barcelona, el 18 de abril de 2026. Joan Cort\u00e8s lo retrata en INSTANTZZ. Marco Mezquida Tr\u00edo son Marco Mezquida, Mart\u00edn Mel\u00e9ndez, Aleix Tobias","rel":"","context":"En \u00ab*_Joan Cort\u00e8s\u00bb","block_context":{"text":"*_Joan Cort\u00e8s","link":"https:\/\/tomajazz.com\/web\/category\/joan-cortes\/"},"img":{"alt_text":"Marco Mezquida Trio \u201cT\u00e0ctil\u201d (60 anys Festival Jazz Barcelona \/ L\u2019Auditori, 2026-04-18 \/ Barcelona) Por Joan Cort\u00e8s [INSTANTZZ AKA Galer\u00eda fotogr\u00e1fica AKA Fotoblog de jazz, impro\u2026 y algo m\u00e1s] - Tomajazz - Marco Mezquida Trio \u201cT\u00e0ctil\u201d actu\u00f3 con motivo de los 60 a\u00f1os del Festival de Jazz de Barcelona, el 18 de abril de 2026. Joan Cort\u00e8s lo retrata en INSTANTZZ. Marco Mezquida Tr\u00edo son Marco Mezquida, Mart\u00edn Mel\u00e9ndez, Aleix Tobias","src":"https:\/\/i0.wp.com\/tomajazz.com\/web\/wp-content\/uploads\/2026\/05\/destacada-11-Mrc-Mzqd-Tctl-Photo-by-Joan-Cortes-18brl26-58FJB-Ldtr-Bcn-BN.jpg?resize=350%2C200&ssl=1","width":350,"height":200,"srcset":"https:\/\/i0.wp.com\/tomajazz.com\/web\/wp-content\/uploads\/2026\/05\/destacada-11-Mrc-Mzqd-Tctl-Photo-by-Joan-Cortes-18brl26-58FJB-Ldtr-Bcn-BN.jpg?resize=350%2C200&ssl=1 1x, https:\/\/i0.wp.com\/tomajazz.com\/web\/wp-content\/uploads\/2026\/05\/destacada-11-Mrc-Mzqd-Tctl-Photo-by-Joan-Cortes-18brl26-58FJB-Ldtr-Bcn-BN.jpg?resize=525%2C300&ssl=1 1.5x"},"classes":[]}],"jetpack_featured_media_url":"https:\/\/tomajazz.com\/web\/wp-content\/uploads\/2018\/07\/Jazz-en-espa\u00f1ol_LogoJulio2018-2.jpg","_links":{"self":[{"href":"https:\/\/tomajazz.com\/web\/wp-json\/wp\/v2\/posts\/37973","targetHints":{"allow":["GET"]}}],"collection":[{"href":"https:\/\/tomajazz.com\/web\/wp-json\/wp\/v2\/posts"}],"about":[{"href":"https:\/\/tomajazz.com\/web\/wp-json\/wp\/v2\/types\/post"}],"author":[{"embeddable":true,"href":"https:\/\/tomajazz.com\/web\/wp-json\/wp\/v2\/users\/1"}],"replies":[{"embeddable":true,"href":"https:\/\/tomajazz.com\/web\/wp-json\/wp\/v2\/comments?post=37973"}],"version-history":[{"count":5,"href":"https:\/\/tomajazz.com\/web\/wp-json\/wp\/v2\/posts\/37973\/revisions"}],"predecessor-version":[{"id":66303,"href":"https:\/\/tomajazz.com\/web\/wp-json\/wp\/v2\/posts\/37973\/revisions\/66303"}],"wp:featuredmedia":[{"embeddable":true,"href":"https:\/\/tomajazz.com\/web\/wp-json\/wp\/v2\/media\/38034"}],"wp:attachment":[{"href":"https:\/\/tomajazz.com\/web\/wp-json\/wp\/v2\/media?parent=37973"}],"wp:term":[{"taxonomy":"category","embeddable":true,"href":"https:\/\/tomajazz.com\/web\/wp-json\/wp\/v2\/categories?post=37973"},{"taxonomy":"post_tag","embeddable":true,"href":"https:\/\/tomajazz.com\/web\/wp-json\/wp\/v2\/tags?post=37973"}],"curies":[{"name":"wp","href":"https:\/\/api.w.org\/{rel}","templated":true}]}}