{"id":38265,"date":"2018-08-22T11:11:06","date_gmt":"2018-08-22T09:11:06","guid":{"rendered":"https:\/\/www.tomajazz.com\/web\/?p=38265"},"modified":"2022-09-01T20:50:18","modified_gmt":"2022-09-01T18:50:18","slug":"instantzz-cecile-mclorin-salvant-24a-edicion-mallorca-jazz-sa-pobla-mallorca-2018-07-30-galeria-fotografica","status":"publish","type":"post","link":"https:\/\/tomajazz.com\/web\/instantzz-cecile-mclorin-salvant-24a-edicion-mallorca-jazz-sa-pobla-mallorca-2018-07-30-galeria-fotografica\/","title":{"rendered":"INSTANTZZ: C\u00e9cile McLorin Salvant (24\u00aa edici\u00f3n Mallorca Jazz Sa Pobla. Mallorca. 2018-07-30) [Galer\u00eda fotogr\u00e1fica]"},"content":{"rendered":"<p>Por\u00a0<strong>Jos\u00e9 Luis Luna Rocafort .<\/strong><\/p>\n<p>24\u00aa edici\u00f3n Mallorca Jazz Sa Pobla<\/p>\n<ul>\n<li>Fecha: Lunes, 30 de julio de 2018. 22:30h.<\/li>\n<li>Lugar: Pla\u00e7a Alexandre Ballester. Sa Pobla (Mallorca)<\/li>\n<li>Grupo:<br \/>\n<strong>C\u00e9cile McLorin Salvant<\/strong><br \/>\nC\u00e9cile McLorin Salvant: voz<br \/>\nSullivan Fortner: piano<br \/>\nPaul Sikivie: contrabajo<br \/>\nKyle Poole: bater\u00eda<\/li>\n<\/ul>\n<p style=\"text-align: center;\"><img loading=\"lazy\" decoding=\"async\" class=\"aligncenter size-large wp-image-38266\" src=\"https:\/\/tomajazz.com\/web\/wp-content\/uploads\/2018\/08\/001-1-600x400.jpg\" alt=\"\" width=\"600\" height=\"400\" title=\"\" srcset=\"https:\/\/tomajazz.com\/web\/wp-content\/uploads\/2018\/08\/001-1.jpg 600w, https:\/\/tomajazz.com\/web\/wp-content\/uploads\/2018\/08\/001-1-200x133.jpg 200w, https:\/\/tomajazz.com\/web\/wp-content\/uploads\/2018\/08\/001-1-83x55.jpg 83w, https:\/\/tomajazz.com\/web\/wp-content\/uploads\/2018\/08\/001-1-60x40.jpg 60w, https:\/\/tomajazz.com\/web\/wp-content\/uploads\/2018\/08\/001-1-120x80.jpg 120w\" sizes=\"auto, (max-width: 600px) 100vw, 600px\" \/> <img loading=\"lazy\" decoding=\"async\" class=\"aligncenter size-large wp-image-38267\" src=\"https:\/\/tomajazz.com\/web\/wp-content\/uploads\/2018\/08\/002-1-400x600.jpg\" alt=\"\" width=\"400\" height=\"600\" title=\"\" srcset=\"https:\/\/tomajazz.com\/web\/wp-content\/uploads\/2018\/08\/002-1.jpg 400w, https:\/\/tomajazz.com\/web\/wp-content\/uploads\/2018\/08\/002-1-200x300.jpg 200w, https:\/\/tomajazz.com\/web\/wp-content\/uploads\/2018\/08\/002-1-37x55.jpg 37w\" sizes=\"auto, (max-width: 400px) 100vw, 400px\" \/> <img loading=\"lazy\" decoding=\"async\" class=\"aligncenter size-large wp-image-38268\" src=\"https:\/\/tomajazz.com\/web\/wp-content\/uploads\/2018\/08\/003-1-600x400.jpg\" alt=\"\" width=\"600\" height=\"400\" title=\"\" srcset=\"https:\/\/tomajazz.com\/web\/wp-content\/uploads\/2018\/08\/003-1.jpg 600w, https:\/\/tomajazz.com\/web\/wp-content\/uploads\/2018\/08\/003-1-200x133.jpg 200w, https:\/\/tomajazz.com\/web\/wp-content\/uploads\/2018\/08\/003-1-83x55.jpg 83w, https:\/\/tomajazz.com\/web\/wp-content\/uploads\/2018\/08\/003-1-60x40.jpg 60w, https:\/\/tomajazz.com\/web\/wp-content\/uploads\/2018\/08\/003-1-120x80.jpg 120w\" sizes=\"auto, (max-width: 600px) 100vw, 600px\" \/> <img loading=\"lazy\" decoding=\"async\" class=\"aligncenter size-large wp-image-38269\" src=\"https:\/\/tomajazz.com\/web\/wp-content\/uploads\/2018\/08\/004-1-600x400.jpg\" alt=\"\" width=\"600\" height=\"400\" title=\"\" srcset=\"https:\/\/tomajazz.com\/web\/wp-content\/uploads\/2018\/08\/004-1.jpg 600w, https:\/\/tomajazz.com\/web\/wp-content\/uploads\/2018\/08\/004-1-200x133.jpg 200w, https:\/\/tomajazz.com\/web\/wp-content\/uploads\/2018\/08\/004-1-83x55.jpg 83w, https:\/\/tomajazz.com\/web\/wp-content\/uploads\/2018\/08\/004-1-60x40.jpg 60w, https:\/\/tomajazz.com\/web\/wp-content\/uploads\/2018\/08\/004-1-120x80.jpg 120w\" sizes=\"auto, (max-width: 600px) 100vw, 600px\" \/> <img loading=\"lazy\" decoding=\"async\" class=\"aligncenter size-large wp-image-38270\" src=\"https:\/\/tomajazz.com\/web\/wp-content\/uploads\/2018\/08\/005-1-600x400.jpg\" alt=\"\" width=\"600\" height=\"400\" title=\"\" srcset=\"https:\/\/tomajazz.com\/web\/wp-content\/uploads\/2018\/08\/005-1.jpg 600w, https:\/\/tomajazz.com\/web\/wp-content\/uploads\/2018\/08\/005-1-200x133.jpg 200w, https:\/\/tomajazz.com\/web\/wp-content\/uploads\/2018\/08\/005-1-83x55.jpg 83w, https:\/\/tomajazz.com\/web\/wp-content\/uploads\/2018\/08\/005-1-60x40.jpg 60w, https:\/\/tomajazz.com\/web\/wp-content\/uploads\/2018\/08\/005-1-120x80.jpg 120w\" sizes=\"auto, (max-width: 600px) 100vw, 600px\" \/> <img loading=\"lazy\" decoding=\"async\" class=\"aligncenter size-large wp-image-38271\" src=\"https:\/\/tomajazz.com\/web\/wp-content\/uploads\/2018\/08\/006-1-600x400.jpg\" alt=\"\" width=\"600\" height=\"400\" title=\"\" srcset=\"https:\/\/tomajazz.com\/web\/wp-content\/uploads\/2018\/08\/006-1.jpg 600w, https:\/\/tomajazz.com\/web\/wp-content\/uploads\/2018\/08\/006-1-200x133.jpg 200w, https:\/\/tomajazz.com\/web\/wp-content\/uploads\/2018\/08\/006-1-83x55.jpg 83w, https:\/\/tomajazz.com\/web\/wp-content\/uploads\/2018\/08\/006-1-60x40.jpg 60w, https:\/\/tomajazz.com\/web\/wp-content\/uploads\/2018\/08\/006-1-120x80.jpg 120w\" sizes=\"auto, (max-width: 600px) 100vw, 600px\" \/> <img loading=\"lazy\" decoding=\"async\" class=\"aligncenter size-large wp-image-38272\" src=\"https:\/\/tomajazz.com\/web\/wp-content\/uploads\/2018\/08\/007-1-400x600.jpg\" alt=\"\" width=\"400\" height=\"600\" title=\"\" srcset=\"https:\/\/tomajazz.com\/web\/wp-content\/uploads\/2018\/08\/007-1.jpg 400w, https:\/\/tomajazz.com\/web\/wp-content\/uploads\/2018\/08\/007-1-200x300.jpg 200w, https:\/\/tomajazz.com\/web\/wp-content\/uploads\/2018\/08\/007-1-37x55.jpg 37w\" sizes=\"auto, (max-width: 400px) 100vw, 400px\" \/> <img loading=\"lazy\" decoding=\"async\" class=\"aligncenter size-large wp-image-38273\" src=\"https:\/\/tomajazz.com\/web\/wp-content\/uploads\/2018\/08\/008-1-600x400.jpg\" alt=\"\" width=\"600\" height=\"400\" title=\"\" srcset=\"https:\/\/tomajazz.com\/web\/wp-content\/uploads\/2018\/08\/008-1.jpg 600w, https:\/\/tomajazz.com\/web\/wp-content\/uploads\/2018\/08\/008-1-200x133.jpg 200w, https:\/\/tomajazz.com\/web\/wp-content\/uploads\/2018\/08\/008-1-83x55.jpg 83w, https:\/\/tomajazz.com\/web\/wp-content\/uploads\/2018\/08\/008-1-60x40.jpg 60w, https:\/\/tomajazz.com\/web\/wp-content\/uploads\/2018\/08\/008-1-120x80.jpg 120w\" sizes=\"auto, (max-width: 600px) 100vw, 600px\" \/> <img loading=\"lazy\" decoding=\"async\" class=\"aligncenter size-large wp-image-38274\" src=\"https:\/\/tomajazz.com\/web\/wp-content\/uploads\/2018\/08\/009-1-600x400.jpg\" alt=\"\" width=\"600\" height=\"400\" title=\"\" srcset=\"https:\/\/tomajazz.com\/web\/wp-content\/uploads\/2018\/08\/009-1.jpg 600w, https:\/\/tomajazz.com\/web\/wp-content\/uploads\/2018\/08\/009-1-200x133.jpg 200w, https:\/\/tomajazz.com\/web\/wp-content\/uploads\/2018\/08\/009-1-83x55.jpg 83w, https:\/\/tomajazz.com\/web\/wp-content\/uploads\/2018\/08\/009-1-60x40.jpg 60w, https:\/\/tomajazz.com\/web\/wp-content\/uploads\/2018\/08\/009-1-120x80.jpg 120w\" sizes=\"auto, (max-width: 600px) 100vw, 600px\" \/> <img loading=\"lazy\" decoding=\"async\" class=\"aligncenter size-large wp-image-38275\" src=\"https:\/\/tomajazz.com\/web\/wp-content\/uploads\/2018\/08\/010-1-600x400.jpg\" alt=\"\" width=\"600\" height=\"400\" title=\"\" srcset=\"https:\/\/tomajazz.com\/web\/wp-content\/uploads\/2018\/08\/010-1.jpg 600w, https:\/\/tomajazz.com\/web\/wp-content\/uploads\/2018\/08\/010-1-200x133.jpg 200w, https:\/\/tomajazz.com\/web\/wp-content\/uploads\/2018\/08\/010-1-83x55.jpg 83w, https:\/\/tomajazz.com\/web\/wp-content\/uploads\/2018\/08\/010-1-60x40.jpg 60w, https:\/\/tomajazz.com\/web\/wp-content\/uploads\/2018\/08\/010-1-120x80.jpg 120w\" sizes=\"auto, (max-width: 600px) 100vw, 600px\" \/> <img loading=\"lazy\" decoding=\"async\" class=\"aligncenter size-large wp-image-38276\" src=\"https:\/\/tomajazz.com\/web\/wp-content\/uploads\/2018\/08\/011-1-600x400.jpg\" alt=\"\" width=\"600\" height=\"400\" title=\"\" srcset=\"https:\/\/tomajazz.com\/web\/wp-content\/uploads\/2018\/08\/011-1.jpg 600w, https:\/\/tomajazz.com\/web\/wp-content\/uploads\/2018\/08\/011-1-200x133.jpg 200w, https:\/\/tomajazz.com\/web\/wp-content\/uploads\/2018\/08\/011-1-83x55.jpg 83w, https:\/\/tomajazz.com\/web\/wp-content\/uploads\/2018\/08\/011-1-60x40.jpg 60w, https:\/\/tomajazz.com\/web\/wp-content\/uploads\/2018\/08\/011-1-120x80.jpg 120w\" sizes=\"auto, (max-width: 600px) 100vw, 600px\" \/> <img loading=\"lazy\" decoding=\"async\" class=\"aligncenter size-large wp-image-38277\" src=\"https:\/\/tomajazz.com\/web\/wp-content\/uploads\/2018\/08\/012-1-600x400.jpg\" alt=\"\" width=\"600\" height=\"400\" title=\"\" srcset=\"https:\/\/tomajazz.com\/web\/wp-content\/uploads\/2018\/08\/012-1.jpg 600w, https:\/\/tomajazz.com\/web\/wp-content\/uploads\/2018\/08\/012-1-200x133.jpg 200w, https:\/\/tomajazz.com\/web\/wp-content\/uploads\/2018\/08\/012-1-83x55.jpg 83w, https:\/\/tomajazz.com\/web\/wp-content\/uploads\/2018\/08\/012-1-60x40.jpg 60w, https:\/\/tomajazz.com\/web\/wp-content\/uploads\/2018\/08\/012-1-120x80.jpg 120w\" sizes=\"auto, (max-width: 600px) 100vw, 600px\" \/> <img loading=\"lazy\" decoding=\"async\" class=\"aligncenter size-large wp-image-38278\" src=\"https:\/\/tomajazz.com\/web\/wp-content\/uploads\/2018\/08\/013-1-600x400.jpg\" alt=\"\" width=\"600\" height=\"400\" title=\"\" srcset=\"https:\/\/tomajazz.com\/web\/wp-content\/uploads\/2018\/08\/013-1.jpg 600w, https:\/\/tomajazz.com\/web\/wp-content\/uploads\/2018\/08\/013-1-200x133.jpg 200w, https:\/\/tomajazz.com\/web\/wp-content\/uploads\/2018\/08\/013-1-83x55.jpg 83w, https:\/\/tomajazz.com\/web\/wp-content\/uploads\/2018\/08\/013-1-60x40.jpg 60w, https:\/\/tomajazz.com\/web\/wp-content\/uploads\/2018\/08\/013-1-120x80.jpg 120w\" sizes=\"auto, (max-width: 600px) 100vw, 600px\" \/> <img loading=\"lazy\" decoding=\"async\" class=\"aligncenter size-large wp-image-38279\" src=\"https:\/\/tomajazz.com\/web\/wp-content\/uploads\/2018\/08\/014-1-600x400.jpg\" alt=\"\" width=\"600\" height=\"400\" title=\"\" srcset=\"https:\/\/tomajazz.com\/web\/wp-content\/uploads\/2018\/08\/014-1.jpg 600w, https:\/\/tomajazz.com\/web\/wp-content\/uploads\/2018\/08\/014-1-200x133.jpg 200w, https:\/\/tomajazz.com\/web\/wp-content\/uploads\/2018\/08\/014-1-83x55.jpg 83w, https:\/\/tomajazz.com\/web\/wp-content\/uploads\/2018\/08\/014-1-60x40.jpg 60w, https:\/\/tomajazz.com\/web\/wp-content\/uploads\/2018\/08\/014-1-120x80.jpg 120w\" sizes=\"auto, (max-width: 600px) 100vw, 600px\" \/><\/p>\n<p style=\"text-align: right;\">Tomajazz:\u00a0\u00a9\u00a0<strong>Jos\u00e9 Luis Luna Rocafort<\/strong>, 2018<\/p>\n","protected":false},"excerpt":{"rendered":"<p>Por\u00a0Jos\u00e9 Luis Luna Rocafort . 24\u00aa edici\u00f3n Mallorca Jazz Sa Pobla Fecha: Lunes, 30 de julio de 2018. 22:30h. Lugar: Pla\u00e7a Alexandre Ballester. Sa Pobla (Mallorca) Grupo: C\u00e9cile McLorin Salvant C\u00e9cile McLorin Salvant: voz Sullivan Fortner: piano Paul Sikivie: contrabajo Kyle Poole: bater\u00eda Tomajazz:\u00a0\u00a9\u00a0Jos\u00e9 Luis Luna Rocafort, 2018<span class=\"more-link\"><a href=\"https:\/\/tomajazz.com\/web\/instantzz-cecile-mclorin-salvant-24a-edicion-mallorca-jazz-sa-pobla-mallorca-2018-07-30-galeria-fotografica\/\">Contin\u00faa leyendo<\/a><\/span><\/p>\n","protected":false},"author":1,"featured_media":38266,"comment_status":"open","ping_status":"closed","sticky":false,"template":"","format":"standard","meta":{"_jetpack_newsletter_access":"","_jetpack_dont_email_post_to_subs":false,"_jetpack_newsletter_tier_id":0,"_jetpack_memberships_contains_paywalled_content":false,"_jetpack_feature_clip_id":0,"_jetpack_memberships_contains_paid_content":false,"footnotes":"","jetpack_post_was_ever_published":false},"categories":[17846,11262,15516,11261,1038],"tags":[21713,7497,13497,10088,21630,17003,21712,139],"class_list":["entry","author-pachi","post-38265","post","type-post","status-publish","format-standard","has-post-thumbnail","category-jose-luis-luna-rocafort","category-photoblogs","category-imagenes","category-instantzz","category-contenidos","tag-24a-edicion-mallorca-jazz-sa-pobla","tag-cecile-mclorin-salvant","tag-festival-mallorca-jazz-sa-pobla","tag-jose-luis-luna-rocafort","tag-kyle-poole","tag-mallorca-jazz-sa-pobla","tag-paul-skivie","tag-sullivan-fortner"],"jetpack_likes_enabled":true,"jetpack_sharing_enabled":true,"jetpack-related-posts":[{"id":90347,"url":"https:\/\/tomajazz.com\/web\/cecile-mclorin-salvant-vitoria-2024\/","url_meta":{"origin":38265,"position":0},"title":"C\u00e9cile McLorin Salvant (47 Festival de Jazz de Vitoria &#8211; Gasteiz. 2024-07-18) Por Jos\u00e9 Luis Luna Rocafort [INSTANTZZ AKA Galer\u00eda fotogr\u00e1fica AKA Fotoblog de jazz, impro\u2026 y algo m\u00e1s]","author":"Tomajazz","date":"11 octubre, 2024","format":false,"excerpt":"C\u00e9cile McLorin Salvant actu\u00f3 en el 47 Festival de Jazz de Vitoria - Gasteiz, el 19 de julio de 2024. Jos\u00e9 Luis Luna Rocafort el concierto en INSTANTZZ. Actuaron C\u00e9cile McLorin Salvant, Sullivant Fortner, Yasushi Nakamura, Kyle Poole","rel":"","context":"En \u00ab47 Festival de Jazz de Vitoria Gasteiz 2024\u00bb","block_context":{"text":"47 Festival de Jazz de Vitoria Gasteiz 2024","link":"https:\/\/tomajazz.com\/web\/category\/contenidos\/especial-contenidos\/47-festival-de-jazz-de-vitoria-gasteiz-2024\/"},"img":{"alt_text":"C\u00e9cile McLorin Salvant (47 Festival de Jazz de Vitoria - Gasteiz. 2024-07-18) Por Jos\u00e9 Luis Luna Rocafort [INSTANTZZ AKA Galer\u00eda fotogr\u00e1fica AKA Fotoblog de jazz, impro\u2026 y algo m\u00e1s] - Tomajazz - C\u00e9cile McLorin Salvant actu\u00f3 en el 47 Festival de Jazz de Vitoria - Gasteiz, el 19 de julio de 2024. Jos\u00e9 Luis Luna Rocafort el concierto en INSTANTZZ. Actuaron C\u00e9cile McLorin Salvant, Sullivant Fortner, Yasushi Nakamura, Kyle Poole","src":"https:\/\/i0.wp.com\/tomajazz.com\/web\/wp-content\/uploads\/2024\/10\/006-7.jpg?resize=350%2C200&ssl=1","width":350,"height":200,"srcset":"https:\/\/i0.wp.com\/tomajazz.com\/web\/wp-content\/uploads\/2024\/10\/006-7.jpg?resize=350%2C200&ssl=1 1x, https:\/\/i0.wp.com\/tomajazz.com\/web\/wp-content\/uploads\/2024\/10\/006-7.jpg?resize=525%2C300&ssl=1 1.5x"},"classes":[]},{"id":89918,"url":"https:\/\/tomajazz.com\/web\/cecile-mclorin-salvant-mas-i-mas-2024\/","url_meta":{"origin":38265,"position":1},"title":"C\u00e9cile McLorin Salvant (Mas i Mas Festival \/ La Paloma, 2024-07-25. Barcelona) Por Joan Cort\u00e8s [INSTANTZZ AKA Galer\u00eda fotogr\u00e1fica AKA Fotoblog de jazz, impro\u2026 y algo m\u00e1s]","author":"Tomajazz","date":"29 septiembre, 2024","format":false,"excerpt":"C\u00e9cile McLorin Salvant actu\u00f3 en el Mas i Mas Festival el 25 de julio de 2024. Joan Cort\u00e8s retrata en INSTANTZZ a la cantante. Actuaron C\u00e9cile McLorin Salvant, Sullivan Fortner, Yasushi Nakamura, Kyle Poole","rel":"","context":"En \u00abINSTANTZZ\u00bb","block_context":{"text":"INSTANTZZ","link":"https:\/\/tomajazz.com\/web\/category\/contenidos\/imagenes\/photoblogs\/instantzz\/"},"img":{"alt_text":"C\u00e9cile McLorin Salvant (Mas i Mas Festival \/ La Paloma, 2024-07-25. Barcelona) Por Joan Cort\u00e8s [INSTANTZZ AKA Galer\u00eda fotogr\u00e1fica AKA Fotoblog de jazz, impro\u2026 y algo m\u00e1s] - Tomajazz - C\u00e9cile McLorin Salvant actu\u00f3 en el Mas i Mas Festival el 25 de julio de 2024. Joan Cort\u00e8s retrata en INSTANTZZ a la cantante. Actuaron C\u00e9cile McLorin Salvant, Sullivan Fortner, Yasushi Nakamura, Kyle Poole\n","src":"https:\/\/i0.wp.com\/tomajazz.com\/web\/wp-content\/uploads\/2024\/09\/destacada07-Ccl-McLrn-Slvnt-Photo-By-Joan-Cortes-25jll24-LPlm-M-MF-Bcn.jpg?resize=350%2C200&ssl=1","width":350,"height":200,"srcset":"https:\/\/i0.wp.com\/tomajazz.com\/web\/wp-content\/uploads\/2024\/09\/destacada07-Ccl-McLrn-Slvnt-Photo-By-Joan-Cortes-25jll24-LPlm-M-MF-Bcn.jpg?resize=350%2C200&ssl=1 1x, https:\/\/i0.wp.com\/tomajazz.com\/web\/wp-content\/uploads\/2024\/09\/destacada07-Ccl-McLrn-Slvnt-Photo-By-Joan-Cortes-25jll24-LPlm-M-MF-Bcn.jpg?resize=525%2C300&ssl=1 1.5x"},"classes":[]},{"id":106583,"url":"https:\/\/tomajazz.com\/web\/fran-ramos-quartet-sa-pobla-2026\/","url_meta":{"origin":38265,"position":2},"title":"Fran Ramos Quartet (32 Mallorca Jazz Sa Pobla 2026. Sa Pobla, Mallorca. 2026-07-30) Por Jos\u00e9 Luis Luna Rocafort [INSTANTZZ AKA Galer\u00eda fotogr\u00e1fica AKA Fotoblog de jazz, impro\u2026 y algo m\u00e1s]","author":"Tomajazz","date":"19 agosto, 2026","format":false,"excerpt":"Fran Ramos Quartet actu\u00f3 en el 32 Mallorca Jazz Sa Pobla 2026 en Mallorca, el 30 de julio de 2026. Jos\u00e9 Luis Luna Rocafort lo retrata en INSTANTZZ. Actuaron Fran Ramos, Diego Hervalejo, Camil Alcarazo, Enric\u00a0Fuster, Gaizka Taro","rel":"","context":"En \u00ab32 Mallorca Jazz Sa Pobla 2026\u00bb","block_context":{"text":"32 Mallorca Jazz Sa Pobla 2026","link":"https:\/\/tomajazz.com\/web\/category\/contenidos\/especial-contenidos\/32-mallorca-jazz-sa-pobla-2026\/"},"img":{"alt_text":"Fran Ramos Quartet (32 Mallorca Jazz Sa Pobla 2026. Sa Pobla, Mallorca. 2026-07-30) Por Jos\u00e9 Luis Luna Rocafort [INSTANTZZ AKA Galer\u00eda fotogr\u00e1fica AKA Fotoblog de jazz, impro\u2026 y algo m\u00e1s] - Tomajazz - Fran Ramos Quartet actu\u00f3 en el 32 Mallorca Jazz Sa Pobla 2026 en Mallorca, el 30 de julio de 202. Sa Pobla, Mallorca. 2026-07-30) Por Jos\u00e9 Luis Luna Rocafort [INSTANTZZ AKA Galer\u00eda fotogr\u00e1fica AKA Fotoblog de jazz, impro\u2026 y algo m\u00e1s]","src":"https:\/\/i0.wp.com\/tomajazz.com\/web\/wp-content\/uploads\/2026\/08\/018-4.jpg?resize=350%2C200&ssl=1","width":350,"height":200,"srcset":"https:\/\/i0.wp.com\/tomajazz.com\/web\/wp-content\/uploads\/2026\/08\/018-4.jpg?resize=350%2C200&ssl=1 1x, https:\/\/i0.wp.com\/tomajazz.com\/web\/wp-content\/uploads\/2026\/08\/018-4.jpg?resize=525%2C300&ssl=1 1.5x"},"classes":[]},{"id":101757,"url":"https:\/\/tomajazz.com\/web\/sa-pobla-jazz-collective-sa-pobla-2025\/","url_meta":{"origin":38265,"position":3},"title":"Sa Pobla Jazz Collective (31 Mallorca Jazz Sa Pobla 2025. Sa Pobla. Mallorca. 2025-08-11) Por Jos\u00e9 Luis Luna Rocafort [INSTANTZZ AKA Galer\u00eda fotogr\u00e1fica AKA Fotoblog de jazz, impro\u2026 y algo m\u00e1s]","author":"Tomajazz","date":"14 noviembre, 2025","format":false,"excerpt":"Sa Pobla Jazz Collective actu\u00f3 en el 31 Mallorca Jazz Sa Pobla 2025 el 11 de agosto de 2025. Jos\u00e9 Luis Luna Rocafort retrata el concierto en INSTANTZZ","rel":"","context":"En \u00abINSTANTZZ\u00bb","block_context":{"text":"INSTANTZZ","link":"https:\/\/tomajazz.com\/web\/category\/contenidos\/imagenes\/photoblogs\/instantzz\/"},"img":{"alt_text":"Sa Pobla Jazz Collective (31 Mallorca Jazz Sa Pobla 2025. Sa Pobla. Mallorca. 2025-08-11) Por Jos\u00e9 Luis Luna Rocafort [INSTANTZZ AKA Galer\u00eda fotogr\u00e1fica AKA Fotoblog de jazz, impro\u2026 y algo m\u00e1s] - Tomajazz - Sa Pobla Jazz Collective actu\u00f3 en el 31 Mallorca Jazz Sa Pobla 2025 el 11 de agosto de 2025. Jos\u00e9 Luis Luna Rocafort retrata el concierto en INSTANTZZ","src":"https:\/\/i0.wp.com\/tomajazz.com\/web\/wp-content\/uploads\/2025\/11\/014-9.jpg?resize=350%2C200&ssl=1","width":350,"height":200,"srcset":"https:\/\/i0.wp.com\/tomajazz.com\/web\/wp-content\/uploads\/2025\/11\/014-9.jpg?resize=350%2C200&ssl=1 1x, https:\/\/i0.wp.com\/tomajazz.com\/web\/wp-content\/uploads\/2025\/11\/014-9.jpg?resize=525%2C300&ssl=1 1.5x"},"classes":[]},{"id":38293,"url":"https:\/\/tomajazz.com\/web\/instantzz-trempera-24a-edicion-mallorca-jazz-sa-pobla-mallorca-2018-08-06-galeria-fotografica\/","url_meta":{"origin":38265,"position":4},"title":"INSTANTZZ: Trempera! (24\u00aa edici\u00f3n Mallorca Jazz Sa Pobla. Mallorca. 2018-08-06) [Galer\u00eda fotogr\u00e1fica]","author":"Tomajazz","date":"24 agosto, 2018","format":false,"excerpt":"Por\u00a0Jos\u00e9 Luis Luna Rocafort. 24\u00aa edici\u00f3n Mallorca Jazz Sa Pobla Fecha: Lunes, 06 de agosto de 2018. 22:30h. Lugar: Pla\u00e7a Major. Sa Pobla (Mallorca) Grupo: Trempera! Xavi Torres: piano Bruno Calvo: trompeta Lluc Casares: saxo tenor Giuseppe Romagnoli: contrabajo Joan Terol: bater\u00eda Tomajazz:\u00a0\u00a9\u00a0Jos\u00e9 Luis Luna Rocafort, 2018","rel":"","context":"En \u00ab*_Jos\u00e9 Luis Luna Rocafort\u00bb","block_context":{"text":"*_Jos\u00e9 Luis Luna Rocafort","link":"https:\/\/tomajazz.com\/web\/category\/jose-luis-luna-rocafort\/"},"img":{"alt_text":"","src":"https:\/\/i0.wp.com\/tomajazz.com\/web\/wp-content\/uploads\/2018\/08\/003-2.jpg?resize=350%2C200&ssl=1","width":350,"height":200,"srcset":"https:\/\/i0.wp.com\/tomajazz.com\/web\/wp-content\/uploads\/2018\/08\/003-2.jpg?resize=350%2C200&ssl=1 1x, https:\/\/i0.wp.com\/tomajazz.com\/web\/wp-content\/uploads\/2018\/08\/003-2.jpg?resize=525%2C300&ssl=1 1.5x"},"classes":[]},{"id":38339,"url":"https:\/\/tomajazz.com\/web\/instantzz-enrico-rava-new-quartet-24a-edicion-mallorca-jazz-sa-pobla-mallorca-2018-08-09-galeria-fotografica\/","url_meta":{"origin":38265,"position":5},"title":"INSTANTZZ: Enrico Rava New Quartet (24\u00aa edici\u00f3n Mallorca Jazz Sa Pobla. Mallorca. 2018-08-09) [Galer\u00eda fotogr\u00e1fica]","author":"Tomajazz","date":"27 agosto, 2018","format":false,"excerpt":"Por\u00a0Jos\u00e9 Luis Luna Rocafort. 24\u00aa edici\u00f3n Mallorca Jazz Sa Pobla Fecha: Jueves, 09 de agosto de 2018. 22:30h. Lugar: Pla\u00e7a Major. Sa Pobla (Mallorca) Grupo: Enrico Rava New Quartet Enrico Rava: fiscorno Francesco Diodati: guitarra el\u00e9ctrica Francesco Ponticelli: contrabajo Enrico Morello: bater\u00eda Tomajazz:\u00a0\u00a9\u00a0Jos\u00e9 Luis Luna Rocafort, 2018","rel":"","context":"En \u00ab*_Jos\u00e9 Luis Luna Rocafort\u00bb","block_context":{"text":"*_Jos\u00e9 Luis Luna Rocafort","link":"https:\/\/tomajazz.com\/web\/category\/jose-luis-luna-rocafort\/"},"img":{"alt_text":"","src":"https:\/\/i0.wp.com\/tomajazz.com\/web\/wp-content\/uploads\/2018\/08\/004-3.jpg?resize=350%2C200&ssl=1","width":350,"height":200,"srcset":"https:\/\/i0.wp.com\/tomajazz.com\/web\/wp-content\/uploads\/2018\/08\/004-3.jpg?resize=350%2C200&ssl=1 1x, https:\/\/i0.wp.com\/tomajazz.com\/web\/wp-content\/uploads\/2018\/08\/004-3.jpg?resize=525%2C300&ssl=1 1.5x"},"classes":[]}],"jetpack_featured_media_url":"https:\/\/tomajazz.com\/web\/wp-content\/uploads\/2018\/08\/001-1.jpg","_links":{"self":[{"href":"https:\/\/tomajazz.com\/web\/wp-json\/wp\/v2\/posts\/38265","targetHints":{"allow":["GET"]}}],"collection":[{"href":"https:\/\/tomajazz.com\/web\/wp-json\/wp\/v2\/posts"}],"about":[{"href":"https:\/\/tomajazz.com\/web\/wp-json\/wp\/v2\/types\/post"}],"author":[{"embeddable":true,"href":"https:\/\/tomajazz.com\/web\/wp-json\/wp\/v2\/users\/1"}],"replies":[{"embeddable":true,"href":"https:\/\/tomajazz.com\/web\/wp-json\/wp\/v2\/comments?post=38265"}],"version-history":[{"count":1,"href":"https:\/\/tomajazz.com\/web\/wp-json\/wp\/v2\/posts\/38265\/revisions"}],"predecessor-version":[{"id":38280,"href":"https:\/\/tomajazz.com\/web\/wp-json\/wp\/v2\/posts\/38265\/revisions\/38280"}],"wp:featuredmedia":[{"embeddable":true,"href":"https:\/\/tomajazz.com\/web\/wp-json\/wp\/v2\/media\/38266"}],"wp:attachment":[{"href":"https:\/\/tomajazz.com\/web\/wp-json\/wp\/v2\/media?parent=38265"}],"wp:term":[{"taxonomy":"category","embeddable":true,"href":"https:\/\/tomajazz.com\/web\/wp-json\/wp\/v2\/categories?post=38265"},{"taxonomy":"post_tag","embeddable":true,"href":"https:\/\/tomajazz.com\/web\/wp-json\/wp\/v2\/tags?post=38265"}],"curies":[{"name":"wp","href":"https:\/\/api.w.org\/{rel}","templated":true}]}}