{"id":38586,"date":"2018-09-11T11:11:29","date_gmt":"2018-09-11T09:11:29","guid":{"rendered":"https:\/\/www.tomajazz.com\/web\/?p=38586"},"modified":"2024-08-25T18:27:52","modified_gmt":"2024-08-25T16:27:52","slug":"ron-carter-golden-striker-trio-vijazz-2018","status":"publish","type":"post","link":"https:\/\/tomajazz.com\/web\/ron-carter-golden-striker-trio-vijazz-2018\/","title":{"rendered":"INSTANTZZ: Ron Carter Golden Striker Trio (Pla\u00e7a Jaume I, 12\u00e8 ViJazz Pened\u00e8s, Vilafranca Del Pened\u00e8s -Barcelona-. 2018-07-08) [Galer\u00eda fotogr\u00e1fica]"},"content":{"rendered":"<p>Por\u00a0<strong>Joan Cort\u00e8s<\/strong>.<\/p>\n<h3>Ron Carter Golden Striker Trio<\/h3>\n<h3>12\u00e8 ViJazz Pened\u00e8s<\/h3>\n<ul>\n<li>Fecha: Domingo, 08 de julio de 2018<\/li>\n<li>Lugar: Pla\u00e7a Jaume I ( Vilafranca del Pened\u00e8s -Barcelona- )<\/li>\n<li>Grupo:<br \/>\n<strong>Ron Carter Golden Striker Trio<br \/>\n<\/strong>Ron Carter, contrabajo<br \/>\nRussell Malone, guitarra<br \/>\nDonald Vega, piano<\/li>\n<\/ul>\n<p style=\"text-align: center;\"><img loading=\"lazy\" decoding=\"async\" class=\"aligncenter size-large wp-image-38587\" title=\"INSTANTZZ: Ron Carter Golden Striker Trio (Pla\u00e7a Jaume I, 12\u00e8 ViJazz Pened\u00e8s, Vilafranca Del Pened\u00e8s -Barcelona-. 2018-07-08) [Galer\u00eda fotogr\u00e1fica] Tomajazz 01 Rn Crtr Gldn Strkr tr \u00a9Joan Cort\u00e8s 08jul18 PL\u00e7JmI 12VJzzPnds Vlfrnc\" src=\"https:\/\/tomajazz.com\/web\/wp-content\/uploads\/2018\/09\/01_Rn-Crtr-Gldn-Strkr-tr-\u00a9Joan-Cort\u00e8s_08jul18_PL\u00e7JmI_12VJzzPnds_Vlfrnc-399x600.jpg\" alt=\"INSTANTZZ: Ron Carter Golden Striker Trio (Pla\u00e7a Jaume I, 12\u00e8 ViJazz Pened\u00e8s, Vilafranca Del Pened\u00e8s -Barcelona-. 2018-07-08) [Galer\u00eda fotogr\u00e1fica] - Tomajazz - Ron Carter Golden Striker Trio actu\u00f3 en el 12\u00e8 ViJazz Pened\u00e8s el 8 de julio de 2018. Joan Cort\u00e8s retrata el concierto en INSTANTZZ. Actuaron Ron Carter, Russell Malone, Donald Vega\" width=\"399\" height=\"600\" srcset=\"https:\/\/tomajazz.com\/web\/wp-content\/uploads\/2018\/09\/01_Rn-Crtr-Gldn-Strkr-tr-\u00a9Joan-Cort\u00e8s_08jul18_PL\u00e7JmI_12VJzzPnds_Vlfrnc.jpg 399w, https:\/\/tomajazz.com\/web\/wp-content\/uploads\/2018\/09\/01_Rn-Crtr-Gldn-Strkr-tr-\u00a9Joan-Cort\u00e8s_08jul18_PL\u00e7JmI_12VJzzPnds_Vlfrnc-200x300.jpg 200w, https:\/\/tomajazz.com\/web\/wp-content\/uploads\/2018\/09\/01_Rn-Crtr-Gldn-Strkr-tr-\u00a9Joan-Cort\u00e8s_08jul18_PL\u00e7JmI_12VJzzPnds_Vlfrnc-37x55.jpg 37w\" sizes=\"auto, (max-width: 399px) 100vw, 399px\" \/> <img loading=\"lazy\" decoding=\"async\" class=\"aligncenter size-large wp-image-38588\" title=\"INSTANTZZ: Ron Carter Golden Striker Trio (Pla\u00e7a Jaume I, 12\u00e8 ViJazz Pened\u00e8s, Vilafranca Del Pened\u00e8s -Barcelona-. 2018-07-08) [Galer\u00eda fotogr\u00e1fica] Tomajazz 02 Rn Crtr Gldn Strkr tr \u00a9Joan Cort\u00e8s 08jul18 PL\u00e7JmI 12VJzzPnds Vlfrnc\" src=\"https:\/\/tomajazz.com\/web\/wp-content\/uploads\/2018\/09\/02_Rn-Crtr-Gldn-Strkr-tr-\u00a9Joan-Cort\u00e8s_08jul18_PL\u00e7JmI_12VJzzPnds_Vlfrnc-399x600.jpg\" alt=\"INSTANTZZ: Ron Carter Golden Striker Trio (Pla\u00e7a Jaume I, 12\u00e8 ViJazz Pened\u00e8s, Vilafranca Del Pened\u00e8s -Barcelona-. 2018-07-08) [Galer\u00eda fotogr\u00e1fica] - Tomajazz - Ron Carter Golden Striker Trio actu\u00f3 en el 12\u00e8 ViJazz Pened\u00e8s el 8 de julio de 2018. Joan Cort\u00e8s retrata el concierto en INSTANTZZ. Actuaron Ron Carter, Russell Malone, Donald Vega\" width=\"399\" height=\"600\" srcset=\"https:\/\/tomajazz.com\/web\/wp-content\/uploads\/2018\/09\/02_Rn-Crtr-Gldn-Strkr-tr-\u00a9Joan-Cort\u00e8s_08jul18_PL\u00e7JmI_12VJzzPnds_Vlfrnc.jpg 399w, https:\/\/tomajazz.com\/web\/wp-content\/uploads\/2018\/09\/02_Rn-Crtr-Gldn-Strkr-tr-\u00a9Joan-Cort\u00e8s_08jul18_PL\u00e7JmI_12VJzzPnds_Vlfrnc-200x300.jpg 200w, https:\/\/tomajazz.com\/web\/wp-content\/uploads\/2018\/09\/02_Rn-Crtr-Gldn-Strkr-tr-\u00a9Joan-Cort\u00e8s_08jul18_PL\u00e7JmI_12VJzzPnds_Vlfrnc-37x55.jpg 37w\" sizes=\"auto, (max-width: 399px) 100vw, 399px\" \/> <img loading=\"lazy\" decoding=\"async\" class=\"aligncenter size-large wp-image-38589\" title=\"INSTANTZZ: Ron Carter Golden Striker Trio (Pla\u00e7a Jaume I, 12\u00e8 ViJazz Pened\u00e8s, Vilafranca Del Pened\u00e8s -Barcelona-. 2018-07-08) [Galer\u00eda fotogr\u00e1fica] Tomajazz 03 Rn Crtr Gldn Strkr tr \u00a9Joan Cort\u00e8s 08jul18 PL\u00e7JmI 12VJzzPnds Vlfrnc\" src=\"https:\/\/tomajazz.com\/web\/wp-content\/uploads\/2018\/09\/03_Rn-Crtr-Gldn-Strkr-tr-\u00a9Joan-Cort\u00e8s_08jul18_PL\u00e7JmI_12VJzzPnds_Vlfrnc-600x399.jpg\" alt=\"INSTANTZZ: Ron Carter Golden Striker Trio (Pla\u00e7a Jaume I, 12\u00e8 ViJazz Pened\u00e8s, Vilafranca Del Pened\u00e8s -Barcelona-. 2018-07-08) [Galer\u00eda fotogr\u00e1fica] - Tomajazz - Ron Carter Golden Striker Trio actu\u00f3 en el 12\u00e8 ViJazz Pened\u00e8s el 8 de julio de 2018. Joan Cort\u00e8s retrata el concierto en INSTANTZZ. Actuaron Ron Carter, Russell Malone, Donald Vega\" width=\"600\" height=\"399\" srcset=\"https:\/\/tomajazz.com\/web\/wp-content\/uploads\/2018\/09\/03_Rn-Crtr-Gldn-Strkr-tr-\u00a9Joan-Cort\u00e8s_08jul18_PL\u00e7JmI_12VJzzPnds_Vlfrnc.jpg 600w, https:\/\/tomajazz.com\/web\/wp-content\/uploads\/2018\/09\/03_Rn-Crtr-Gldn-Strkr-tr-\u00a9Joan-Cort\u00e8s_08jul18_PL\u00e7JmI_12VJzzPnds_Vlfrnc-200x133.jpg 200w, https:\/\/tomajazz.com\/web\/wp-content\/uploads\/2018\/09\/03_Rn-Crtr-Gldn-Strkr-tr-\u00a9Joan-Cort\u00e8s_08jul18_PL\u00e7JmI_12VJzzPnds_Vlfrnc-83x55.jpg 83w, https:\/\/tomajazz.com\/web\/wp-content\/uploads\/2018\/09\/03_Rn-Crtr-Gldn-Strkr-tr-\u00a9Joan-Cort\u00e8s_08jul18_PL\u00e7JmI_12VJzzPnds_Vlfrnc-60x40.jpg 60w, https:\/\/tomajazz.com\/web\/wp-content\/uploads\/2018\/09\/03_Rn-Crtr-Gldn-Strkr-tr-\u00a9Joan-Cort\u00e8s_08jul18_PL\u00e7JmI_12VJzzPnds_Vlfrnc-120x80.jpg 120w\" sizes=\"auto, (max-width: 600px) 100vw, 600px\" \/> <img loading=\"lazy\" decoding=\"async\" class=\"aligncenter size-large wp-image-38590\" title=\"INSTANTZZ: Ron Carter Golden Striker Trio (Pla\u00e7a Jaume I, 12\u00e8 ViJazz Pened\u00e8s, Vilafranca Del Pened\u00e8s -Barcelona-. 2018-07-08) [Galer\u00eda fotogr\u00e1fica] Tomajazz 04 Rn Crtr Gldn Strkr tr \u00a9Joan Cort\u00e8s 08jul18 PL\u00e7JmI 12VJzzPnds Vlfrnc\" src=\"https:\/\/tomajazz.com\/web\/wp-content\/uploads\/2018\/09\/04_Rn-Crtr-Gldn-Strkr-tr-\u00a9Joan-Cort\u00e8s_08jul18_PL\u00e7JmI_12VJzzPnds_Vlfrnc-399x600.jpg\" alt=\"INSTANTZZ: Ron Carter Golden Striker Trio (Pla\u00e7a Jaume I, 12\u00e8 ViJazz Pened\u00e8s, Vilafranca Del Pened\u00e8s -Barcelona-. 2018-07-08) [Galer\u00eda fotogr\u00e1fica] - Tomajazz - Ron Carter Golden Striker Trio actu\u00f3 en el 12\u00e8 ViJazz Pened\u00e8s el 8 de julio de 2018. Joan Cort\u00e8s retrata el concierto en INSTANTZZ. Actuaron Ron Carter, Russell Malone, Donald Vega\" width=\"399\" height=\"600\" srcset=\"https:\/\/tomajazz.com\/web\/wp-content\/uploads\/2018\/09\/04_Rn-Crtr-Gldn-Strkr-tr-\u00a9Joan-Cort\u00e8s_08jul18_PL\u00e7JmI_12VJzzPnds_Vlfrnc.jpg 399w, https:\/\/tomajazz.com\/web\/wp-content\/uploads\/2018\/09\/04_Rn-Crtr-Gldn-Strkr-tr-\u00a9Joan-Cort\u00e8s_08jul18_PL\u00e7JmI_12VJzzPnds_Vlfrnc-200x300.jpg 200w, https:\/\/tomajazz.com\/web\/wp-content\/uploads\/2018\/09\/04_Rn-Crtr-Gldn-Strkr-tr-\u00a9Joan-Cort\u00e8s_08jul18_PL\u00e7JmI_12VJzzPnds_Vlfrnc-37x55.jpg 37w\" sizes=\"auto, (max-width: 399px) 100vw, 399px\" \/> <img loading=\"lazy\" decoding=\"async\" class=\"aligncenter size-large wp-image-38591\" title=\"INSTANTZZ: Ron Carter Golden Striker Trio (Pla\u00e7a Jaume I, 12\u00e8 ViJazz Pened\u00e8s, Vilafranca Del Pened\u00e8s -Barcelona-. 2018-07-08) [Galer\u00eda fotogr\u00e1fica] Tomajazz 05 Rn Crtr Gldn Strkr tr \u00a9Joan Cort\u00e8s 08jul18 PL\u00e7JmI 12VJzzPnds Vlfrnc\" src=\"https:\/\/tomajazz.com\/web\/wp-content\/uploads\/2018\/09\/05_Rn-Crtr-Gldn-Strkr-tr-\u00a9Joan-Cort\u00e8s_08jul18_PL\u00e7JmI_12VJzzPnds_Vlfrnc-399x600.jpg\" alt=\"INSTANTZZ: Ron Carter Golden Striker Trio (Pla\u00e7a Jaume I, 12\u00e8 ViJazz Pened\u00e8s, Vilafranca Del Pened\u00e8s -Barcelona-. 2018-07-08) [Galer\u00eda fotogr\u00e1fica] - Tomajazz - Ron Carter Golden Striker Trio actu\u00f3 en el 12\u00e8 ViJazz Pened\u00e8s el 8 de julio de 2018. Joan Cort\u00e8s retrata el concierto en INSTANTZZ. Actuaron Ron Carter, Russell Malone, Donald Vega\" width=\"399\" height=\"600\" srcset=\"https:\/\/tomajazz.com\/web\/wp-content\/uploads\/2018\/09\/05_Rn-Crtr-Gldn-Strkr-tr-\u00a9Joan-Cort\u00e8s_08jul18_PL\u00e7JmI_12VJzzPnds_Vlfrnc.jpg 399w, https:\/\/tomajazz.com\/web\/wp-content\/uploads\/2018\/09\/05_Rn-Crtr-Gldn-Strkr-tr-\u00a9Joan-Cort\u00e8s_08jul18_PL\u00e7JmI_12VJzzPnds_Vlfrnc-200x300.jpg 200w, https:\/\/tomajazz.com\/web\/wp-content\/uploads\/2018\/09\/05_Rn-Crtr-Gldn-Strkr-tr-\u00a9Joan-Cort\u00e8s_08jul18_PL\u00e7JmI_12VJzzPnds_Vlfrnc-37x55.jpg 37w\" sizes=\"auto, (max-width: 399px) 100vw, 399px\" \/> <img loading=\"lazy\" decoding=\"async\" class=\"aligncenter size-large wp-image-38592\" title=\"INSTANTZZ: Ron Carter Golden Striker Trio (Pla\u00e7a Jaume I, 12\u00e8 ViJazz Pened\u00e8s, Vilafranca Del Pened\u00e8s -Barcelona-. 2018-07-08) [Galer\u00eda fotogr\u00e1fica] Tomajazz 06 Rn Crtr Gldn Strkr tr \u00a9Joan Cort\u00e8s 08jul18 PL\u00e7JmI 12VJzzPnds Vlfrnc\" src=\"https:\/\/tomajazz.com\/web\/wp-content\/uploads\/2018\/09\/06_Rn-Crtr-Gldn-Strkr-tr-\u00a9Joan-Cort\u00e8s_08jul18_PL\u00e7JmI_12VJzzPnds_Vlfrnc-600x399.jpg\" alt=\"INSTANTZZ: Ron Carter Golden Striker Trio (Pla\u00e7a Jaume I, 12\u00e8 ViJazz Pened\u00e8s, Vilafranca Del Pened\u00e8s -Barcelona-. 2018-07-08) [Galer\u00eda fotogr\u00e1fica] - Tomajazz - Ron Carter Golden Striker Trio actu\u00f3 en el 12\u00e8 ViJazz Pened\u00e8s el 8 de julio de 2018. Joan Cort\u00e8s retrata el concierto en INSTANTZZ. Actuaron Ron Carter, Russell Malone, Donald Vega\" width=\"600\" height=\"399\" srcset=\"https:\/\/tomajazz.com\/web\/wp-content\/uploads\/2018\/09\/06_Rn-Crtr-Gldn-Strkr-tr-\u00a9Joan-Cort\u00e8s_08jul18_PL\u00e7JmI_12VJzzPnds_Vlfrnc.jpg 600w, https:\/\/tomajazz.com\/web\/wp-content\/uploads\/2018\/09\/06_Rn-Crtr-Gldn-Strkr-tr-\u00a9Joan-Cort\u00e8s_08jul18_PL\u00e7JmI_12VJzzPnds_Vlfrnc-200x133.jpg 200w, https:\/\/tomajazz.com\/web\/wp-content\/uploads\/2018\/09\/06_Rn-Crtr-Gldn-Strkr-tr-\u00a9Joan-Cort\u00e8s_08jul18_PL\u00e7JmI_12VJzzPnds_Vlfrnc-83x55.jpg 83w, https:\/\/tomajazz.com\/web\/wp-content\/uploads\/2018\/09\/06_Rn-Crtr-Gldn-Strkr-tr-\u00a9Joan-Cort\u00e8s_08jul18_PL\u00e7JmI_12VJzzPnds_Vlfrnc-60x40.jpg 60w, https:\/\/tomajazz.com\/web\/wp-content\/uploads\/2018\/09\/06_Rn-Crtr-Gldn-Strkr-tr-\u00a9Joan-Cort\u00e8s_08jul18_PL\u00e7JmI_12VJzzPnds_Vlfrnc-120x80.jpg 120w\" sizes=\"auto, (max-width: 600px) 100vw, 600px\" \/> <img loading=\"lazy\" decoding=\"async\" class=\"aligncenter size-large wp-image-38593\" title=\"INSTANTZZ: Ron Carter Golden Striker Trio (Pla\u00e7a Jaume I, 12\u00e8 ViJazz Pened\u00e8s, Vilafranca Del Pened\u00e8s -Barcelona-. 2018-07-08) [Galer\u00eda fotogr\u00e1fica] Tomajazz 07 Rn Crtr Gldn Strkr tr \u00a9Joan Cort\u00e8s 08jul18 PL\u00e7JmI 12VJzzPnds Vlfrnc\" src=\"https:\/\/tomajazz.com\/web\/wp-content\/uploads\/2018\/09\/07_Rn-Crtr-Gldn-Strkr-tr-\u00a9Joan-Cort\u00e8s_08jul18_PL\u00e7JmI_12VJzzPnds_Vlfrnc-399x600.jpg\" alt=\"INSTANTZZ: Ron Carter Golden Striker Trio (Pla\u00e7a Jaume I, 12\u00e8 ViJazz Pened\u00e8s, Vilafranca Del Pened\u00e8s -Barcelona-. 2018-07-08) [Galer\u00eda fotogr\u00e1fica] - Tomajazz - Ron Carter Golden Striker Trio actu\u00f3 en el 12\u00e8 ViJazz Pened\u00e8s el 8 de julio de 2018. Joan Cort\u00e8s retrata el concierto en INSTANTZZ. Actuaron Ron Carter, Russell Malone, Donald Vega\" width=\"399\" height=\"600\" srcset=\"https:\/\/tomajazz.com\/web\/wp-content\/uploads\/2018\/09\/07_Rn-Crtr-Gldn-Strkr-tr-\u00a9Joan-Cort\u00e8s_08jul18_PL\u00e7JmI_12VJzzPnds_Vlfrnc.jpg 399w, https:\/\/tomajazz.com\/web\/wp-content\/uploads\/2018\/09\/07_Rn-Crtr-Gldn-Strkr-tr-\u00a9Joan-Cort\u00e8s_08jul18_PL\u00e7JmI_12VJzzPnds_Vlfrnc-200x300.jpg 200w, https:\/\/tomajazz.com\/web\/wp-content\/uploads\/2018\/09\/07_Rn-Crtr-Gldn-Strkr-tr-\u00a9Joan-Cort\u00e8s_08jul18_PL\u00e7JmI_12VJzzPnds_Vlfrnc-37x55.jpg 37w\" sizes=\"auto, (max-width: 399px) 100vw, 399px\" \/> <img loading=\"lazy\" decoding=\"async\" class=\"aligncenter size-large wp-image-38594\" title=\"INSTANTZZ: Ron Carter Golden Striker Trio (Pla\u00e7a Jaume I, 12\u00e8 ViJazz Pened\u00e8s, Vilafranca Del Pened\u00e8s -Barcelona-. 2018-07-08) [Galer\u00eda fotogr\u00e1fica] Tomajazz 08 Rn Crtr Gldn Strkr tr \u00a9Joan Cort\u00e8s 08jul18 PL\u00e7JmI 12VJzzPnds Vlfrnc\" src=\"https:\/\/tomajazz.com\/web\/wp-content\/uploads\/2018\/09\/08_Rn-Crtr-Gldn-Strkr-tr-\u00a9Joan-Cort\u00e8s_08jul18_PL\u00e7JmI_12VJzzPnds_Vlfrnc-600x399.jpg\" alt=\"INSTANTZZ: Ron Carter Golden Striker Trio (Pla\u00e7a Jaume I, 12\u00e8 ViJazz Pened\u00e8s, Vilafranca Del Pened\u00e8s -Barcelona-. 2018-07-08) [Galer\u00eda fotogr\u00e1fica] - Tomajazz - Ron Carter Golden Striker Trio actu\u00f3 en el 12\u00e8 ViJazz Pened\u00e8s el 8 de julio de 2018. Joan Cort\u00e8s retrata el concierto en INSTANTZZ. Actuaron Ron Carter, Russell Malone, Donald Vega\" width=\"600\" height=\"399\" srcset=\"https:\/\/tomajazz.com\/web\/wp-content\/uploads\/2018\/09\/08_Rn-Crtr-Gldn-Strkr-tr-\u00a9Joan-Cort\u00e8s_08jul18_PL\u00e7JmI_12VJzzPnds_Vlfrnc.jpg 600w, https:\/\/tomajazz.com\/web\/wp-content\/uploads\/2018\/09\/08_Rn-Crtr-Gldn-Strkr-tr-\u00a9Joan-Cort\u00e8s_08jul18_PL\u00e7JmI_12VJzzPnds_Vlfrnc-200x133.jpg 200w, https:\/\/tomajazz.com\/web\/wp-content\/uploads\/2018\/09\/08_Rn-Crtr-Gldn-Strkr-tr-\u00a9Joan-Cort\u00e8s_08jul18_PL\u00e7JmI_12VJzzPnds_Vlfrnc-83x55.jpg 83w, https:\/\/tomajazz.com\/web\/wp-content\/uploads\/2018\/09\/08_Rn-Crtr-Gldn-Strkr-tr-\u00a9Joan-Cort\u00e8s_08jul18_PL\u00e7JmI_12VJzzPnds_Vlfrnc-60x40.jpg 60w, https:\/\/tomajazz.com\/web\/wp-content\/uploads\/2018\/09\/08_Rn-Crtr-Gldn-Strkr-tr-\u00a9Joan-Cort\u00e8s_08jul18_PL\u00e7JmI_12VJzzPnds_Vlfrnc-120x80.jpg 120w\" sizes=\"auto, (max-width: 600px) 100vw, 600px\" \/> <img loading=\"lazy\" decoding=\"async\" class=\"aligncenter size-large wp-image-38595\" title=\"INSTANTZZ: Ron Carter Golden Striker Trio (Pla\u00e7a Jaume I, 12\u00e8 ViJazz Pened\u00e8s, Vilafranca Del Pened\u00e8s -Barcelona-. 2018-07-08) [Galer\u00eda fotogr\u00e1fica] Tomajazz 09 Rn Crtr Gldn Strkr tr\u00a9Joan Cort\u00e8s 08jul18 PL\u00e7JmI 12VJzzPnds Vlfrnc\" src=\"https:\/\/tomajazz.com\/web\/wp-content\/uploads\/2018\/09\/09_Rn-Crtr-Gldn-Strkr-tr\u00a9Joan-Cort\u00e8s_08jul18_PL\u00e7JmI_12VJzzPnds_Vlfrnc-600x399.jpg\" alt=\"INSTANTZZ: Ron Carter Golden Striker Trio (Pla\u00e7a Jaume I, 12\u00e8 ViJazz Pened\u00e8s, Vilafranca Del Pened\u00e8s -Barcelona-. 2018-07-08) [Galer\u00eda fotogr\u00e1fica] - Tomajazz - Ron Carter Golden Striker Trio actu\u00f3 en el 12\u00e8 ViJazz Pened\u00e8s el 8 de julio de 2018. Joan Cort\u00e8s retrata el concierto en INSTANTZZ. Actuaron Ron Carter, Russell Malone, Donald Vega\" width=\"600\" height=\"399\" srcset=\"https:\/\/tomajazz.com\/web\/wp-content\/uploads\/2018\/09\/09_Rn-Crtr-Gldn-Strkr-tr\u00a9Joan-Cort\u00e8s_08jul18_PL\u00e7JmI_12VJzzPnds_Vlfrnc.jpg 600w, https:\/\/tomajazz.com\/web\/wp-content\/uploads\/2018\/09\/09_Rn-Crtr-Gldn-Strkr-tr\u00a9Joan-Cort\u00e8s_08jul18_PL\u00e7JmI_12VJzzPnds_Vlfrnc-200x133.jpg 200w, https:\/\/tomajazz.com\/web\/wp-content\/uploads\/2018\/09\/09_Rn-Crtr-Gldn-Strkr-tr\u00a9Joan-Cort\u00e8s_08jul18_PL\u00e7JmI_12VJzzPnds_Vlfrnc-83x55.jpg 83w, https:\/\/tomajazz.com\/web\/wp-content\/uploads\/2018\/09\/09_Rn-Crtr-Gldn-Strkr-tr\u00a9Joan-Cort\u00e8s_08jul18_PL\u00e7JmI_12VJzzPnds_Vlfrnc-60x40.jpg 60w, https:\/\/tomajazz.com\/web\/wp-content\/uploads\/2018\/09\/09_Rn-Crtr-Gldn-Strkr-tr\u00a9Joan-Cort\u00e8s_08jul18_PL\u00e7JmI_12VJzzPnds_Vlfrnc-120x80.jpg 120w\" sizes=\"auto, (max-width: 600px) 100vw, 600px\" \/> <img loading=\"lazy\" decoding=\"async\" class=\"aligncenter size-large wp-image-38596\" title=\"INSTANTZZ: Ron Carter Golden Striker Trio (Pla\u00e7a Jaume I, 12\u00e8 ViJazz Pened\u00e8s, Vilafranca Del Pened\u00e8s -Barcelona-. 2018-07-08) [Galer\u00eda fotogr\u00e1fica] Tomajazz 10 Rn Crtr Gldn Strkr tr \u00a9Joan Cort\u00e8s 08jul18 PL\u00e7JmI 12VJzzPnds Vlfrnc\" src=\"https:\/\/tomajazz.com\/web\/wp-content\/uploads\/2018\/09\/10_Rn-Crtr-Gldn-Strkr-tr-\u00a9Joan-Cort\u00e8s_08jul18_PL\u00e7JmI_12VJzzPnds_Vlfrnc-399x600.jpg\" alt=\"INSTANTZZ: Ron Carter Golden Striker Trio (Pla\u00e7a Jaume I, 12\u00e8 ViJazz Pened\u00e8s, Vilafranca Del Pened\u00e8s -Barcelona-. 2018-07-08) [Galer\u00eda fotogr\u00e1fica] - Tomajazz - Ron Carter Golden Striker Trio actu\u00f3 en el 12\u00e8 ViJazz Pened\u00e8s el 8 de julio de 2018. Joan Cort\u00e8s retrata el concierto en INSTANTZZ. Actuaron Ron Carter, Russell Malone, Donald Vega\" width=\"399\" height=\"600\" srcset=\"https:\/\/tomajazz.com\/web\/wp-content\/uploads\/2018\/09\/10_Rn-Crtr-Gldn-Strkr-tr-\u00a9Joan-Cort\u00e8s_08jul18_PL\u00e7JmI_12VJzzPnds_Vlfrnc.jpg 399w, https:\/\/tomajazz.com\/web\/wp-content\/uploads\/2018\/09\/10_Rn-Crtr-Gldn-Strkr-tr-\u00a9Joan-Cort\u00e8s_08jul18_PL\u00e7JmI_12VJzzPnds_Vlfrnc-200x300.jpg 200w, https:\/\/tomajazz.com\/web\/wp-content\/uploads\/2018\/09\/10_Rn-Crtr-Gldn-Strkr-tr-\u00a9Joan-Cort\u00e8s_08jul18_PL\u00e7JmI_12VJzzPnds_Vlfrnc-37x55.jpg 37w\" sizes=\"auto, (max-width: 399px) 100vw, 399px\" \/> <img loading=\"lazy\" decoding=\"async\" class=\"aligncenter size-large wp-image-38597\" title=\"INSTANTZZ: Ron Carter Golden Striker Trio (Pla\u00e7a Jaume I, 12\u00e8 ViJazz Pened\u00e8s, Vilafranca Del Pened\u00e8s -Barcelona-. 2018-07-08) [Galer\u00eda fotogr\u00e1fica] Tomajazz 11 Rn Crtr Gldn Strkr tr \u00a9Joan Cort\u00e8s 08jul18 PL\u00e7JmI 12VJzzPnds Vlfrnc\" src=\"https:\/\/tomajazz.com\/web\/wp-content\/uploads\/2018\/09\/11_Rn-Crtr-Gldn-Strkr-tr-\u00a9Joan-Cort\u00e8s_08jul18_PL\u00e7JmI_12VJzzPnds_Vlfrnc-600x399.jpg\" alt=\"INSTANTZZ: Ron Carter Golden Striker Trio (Pla\u00e7a Jaume I, 12\u00e8 ViJazz Pened\u00e8s, Vilafranca Del Pened\u00e8s -Barcelona-. 2018-07-08) [Galer\u00eda fotogr\u00e1fica] - Tomajazz - Ron Carter Golden Striker Trio actu\u00f3 en el 12\u00e8 ViJazz Pened\u00e8s el 8 de julio de 2018. Joan Cort\u00e8s retrata el concierto en INSTANTZZ. Actuaron Ron Carter, Russell Malone, Donald Vega\" width=\"600\" height=\"399\" srcset=\"https:\/\/tomajazz.com\/web\/wp-content\/uploads\/2018\/09\/11_Rn-Crtr-Gldn-Strkr-tr-\u00a9Joan-Cort\u00e8s_08jul18_PL\u00e7JmI_12VJzzPnds_Vlfrnc.jpg 600w, https:\/\/tomajazz.com\/web\/wp-content\/uploads\/2018\/09\/11_Rn-Crtr-Gldn-Strkr-tr-\u00a9Joan-Cort\u00e8s_08jul18_PL\u00e7JmI_12VJzzPnds_Vlfrnc-200x133.jpg 200w, https:\/\/tomajazz.com\/web\/wp-content\/uploads\/2018\/09\/11_Rn-Crtr-Gldn-Strkr-tr-\u00a9Joan-Cort\u00e8s_08jul18_PL\u00e7JmI_12VJzzPnds_Vlfrnc-83x55.jpg 83w, https:\/\/tomajazz.com\/web\/wp-content\/uploads\/2018\/09\/11_Rn-Crtr-Gldn-Strkr-tr-\u00a9Joan-Cort\u00e8s_08jul18_PL\u00e7JmI_12VJzzPnds_Vlfrnc-60x40.jpg 60w, https:\/\/tomajazz.com\/web\/wp-content\/uploads\/2018\/09\/11_Rn-Crtr-Gldn-Strkr-tr-\u00a9Joan-Cort\u00e8s_08jul18_PL\u00e7JmI_12VJzzPnds_Vlfrnc-120x80.jpg 120w\" sizes=\"auto, (max-width: 600px) 100vw, 600px\" \/><\/p>\n<p style=\"text-align: right;\">Tomajazz: \u00a9\u00a0<strong>Joan Cort\u00e8s<\/strong>, 2018<\/p>\n","protected":false},"excerpt":{"rendered":"<p>Ron Carter Golden Striker Trio actu\u00f3 en el 12\u00e8 ViJazz Pened\u00e8s el 8 de julio de 2018. Joan Cort\u00e8s retrata el concierto en INSTANTZZ. Actuaron Ron Carter, Russell Malone, Donald Vega<span class=\"more-link\"><a href=\"https:\/\/tomajazz.com\/web\/ron-carter-golden-striker-trio-vijazz-2018\/\">Contin\u00faa leyendo<\/a><\/span><\/p>\n","protected":false},"author":1,"featured_media":38592,"comment_status":"open","ping_status":"closed","sticky":false,"template":"","format":"standard","meta":{"jetpack_post_was_ever_published":false,"_jetpack_newsletter_access":"","_jetpack_dont_email_post_to_subs":false,"_jetpack_newsletter_tier_id":0,"_jetpack_memberships_contains_paywalled_content":false,"_jetpack_memberships_contains_paid_content":false,"footnotes":""},"categories":[17853,11262,15516,11261,1038],"tags":[21774,1041,2158,21775,8237],"class_list":["entry","author-pachi","has-excerpt","post-38586","post","type-post","status-publish","format-standard","has-post-thumbnail","category-joan-cortes","category-photoblogs","category-imagenes","category-instantzz","category-contenidos","tag-donald-vega","tag-joan-cortes","tag-ron-carter","tag-ron-carter-golden-striker-trio","tag-russell-malone"],"jetpack_featured_media_url":"https:\/\/tomajazz.com\/web\/wp-content\/uploads\/2018\/09\/06_Rn-Crtr-Gldn-Strkr-tr-\u00a9Joan-Cort\u00e8s_08jul18_PL\u00e7JmI_12VJzzPnds_Vlfrnc.jpg","jetpack_likes_enabled":true,"jetpack_sharing_enabled":true,"jetpack-related-posts":[{"id":88439,"url":"https:\/\/tomajazz.com\/web\/russell-malone-1963-2024-in-memoriam\/","url_meta":{"origin":38586,"position":0},"title":"Russell Malone (1963-2024) In Memoriam","author":"Tomajazz","date":"25 agosto, 2024","format":false,"excerpt":"Russell Malone fallec\u00eda el 23 de agosto de 2024. Desde Tomajazz le dedicamos un In Memoriam con una imagen de Joan Cort\u00e8s y una cita de una entrevista con Fred Jung","rel":"","context":"En \u00ab*_Joan Cort\u00e8s\u00bb","block_context":{"text":"*_Joan Cort\u00e8s","link":"https:\/\/tomajazz.com\/web\/category\/joan-cortes\/"},"img":{"alt_text":"Russell Malone (1963-2024) In Memoriam - Tomajazz - Russell Malone fallec\u00eda el 23 de agosto de 2024. Desde Tomajazz le dedicamos un In Memoriam con una imagen de Joan Cort\u00e8s y una cita de una entrevista con Fred Jung.","src":"https:\/\/i0.wp.com\/tomajazz.com\/web\/wp-content\/uploads\/2024\/08\/destacada-240823-Ob-Rssl-Mln-Joan-Cortes-Russell-Malone-In-Memoriam-Tomajazz-Photo-by-Joan-Cortes-2024.jpg?resize=350%2C200&ssl=1","width":350,"height":200,"srcset":"https:\/\/i0.wp.com\/tomajazz.com\/web\/wp-content\/uploads\/2024\/08\/destacada-240823-Ob-Rssl-Mln-Joan-Cortes-Russell-Malone-In-Memoriam-Tomajazz-Photo-by-Joan-Cortes-2024.jpg?resize=350%2C200&ssl=1 1x, https:\/\/i0.wp.com\/tomajazz.com\/web\/wp-content\/uploads\/2024\/08\/destacada-240823-Ob-Rssl-Mln-Joan-Cortes-Russell-Malone-In-Memoriam-Tomajazz-Photo-by-Joan-Cortes-2024.jpg?resize=525%2C300&ssl=1 1.5x"},"classes":[]},{"id":38459,"url":"https:\/\/tomajazz.com\/web\/instantzz-avishai-cohen-big-vicious-placa-jaume-i-12e-vijazz-penedes-vilafranca-del-penedes-barcelona-2018-07-07-galeria-fotografica\/","url_meta":{"origin":38586,"position":1},"title":"INSTANTZZ: Avishai Cohen Big Vicious (Pla\u00e7a Jaume I, 12\u00e8 ViJazz Pened\u00e8s, Vilafranca Del Pened\u00e8s -Barcelona-. 2018-07-07) [Galer\u00eda fotogr\u00e1fica]","author":"Tomajazz","date":"6 septiembre, 2018","format":false,"excerpt":"Por\u00a0Joan Cort\u00e8s. Fecha: S\u00e1bado, 07 de julio de 2018 Lugar: Pla\u00e7a Jaume I ( Vilafranca del Pened\u00e8s -Barcelona- ) Grupo: Avihai Cohen Big Vicious Avishai Cohen, trompeta i electr\u00f3nica Uzi Ram\u00edrez, guitarra Yonathan Albalak, bajo Aviv Cohen, bater\u00eda y electr\u00f3nica Ziv Ravitz, bater\u00eda Tomajazz: \u00a9\u00a0Joan Cort\u00e8s, 2018","rel":"","context":"En \u00ab*_Joan Cort\u00e8s\u00bb","block_context":{"text":"*_Joan Cort\u00e8s","link":"https:\/\/tomajazz.com\/web\/category\/joan-cortes\/"},"img":{"alt_text":"","src":"https:\/\/i0.wp.com\/tomajazz.com\/web\/wp-content\/uploads\/2018\/09\/04_vsh-Chn-Bg-Vcs-%C2%A9Joan-Cort%C3%A8s_07jul18_PL%C3%A7JmI_12VJzzPnds_Vlfrnc.jpg?resize=350%2C200&ssl=1","width":350,"height":200,"srcset":"https:\/\/i0.wp.com\/tomajazz.com\/web\/wp-content\/uploads\/2018\/09\/04_vsh-Chn-Bg-Vcs-%C2%A9Joan-Cort%C3%A8s_07jul18_PL%C3%A7JmI_12VJzzPnds_Vlfrnc.jpg?resize=350%2C200&ssl=1 1x, https:\/\/i0.wp.com\/tomajazz.com\/web\/wp-content\/uploads\/2018\/09\/04_vsh-Chn-Bg-Vcs-%C2%A9Joan-Cort%C3%A8s_07jul18_PL%C3%A7JmI_12VJzzPnds_Vlfrnc.jpg?resize=525%2C300&ssl=1 1.5x"},"classes":[]},{"id":38446,"url":"https:\/\/tomajazz.com\/web\/instantzz-charles-lloyd-the-marvels-placa-jaume-i-12e-vijazz-penedes-vilafranca-del-penedes-barcelona-2018-07-06-galeria-fotografica\/","url_meta":{"origin":38586,"position":2},"title":"INSTANTZZ: Charles Lloyd &#038; The Marvels (Pla\u00e7a Jaume I, 12\u00e8 ViJazz Pened\u00e8s, Vilafranca Del Pened\u00e8s -Barcelona-. 2018-07-06) [Galer\u00eda fotogr\u00e1fica]","author":"Tomajazz","date":"4 septiembre, 2018","format":false,"excerpt":"Por\u00a0Joan Cort\u00e8s. Fecha: Viernes, 06 de julio de 2018 Lugar: Pla\u00e7a Jaume I ( Vilafranca del Pened\u00e8s -Barcelona- ) Grupo: Charles Lloyd & The Marvels Charles Lloyd, saxo tenor y flauta alto Bill Frisell, guitarra Greg Leisz, steel guitar Reuben Rogers, bajo Eric Harland, bater\u00eda Tomajazz: \u00a9\u00a0Joan Cort\u00e8s, 2018","rel":"","context":"En \u00ab*_Joan Cort\u00e8s\u00bb","block_context":{"text":"*_Joan Cort\u00e8s","link":"https:\/\/tomajazz.com\/web\/category\/joan-cortes\/"},"img":{"alt_text":"","src":"https:\/\/i0.wp.com\/tomajazz.com\/web\/wp-content\/uploads\/2018\/09\/06_Chrls-Llyd-nd-Th-Mrvls-%C2%A9Joan-Cort%C3%A8s_06jul18_PL%C3%A7JmI_12VJzzPnds_Vlfrnc.jpg?resize=350%2C200&ssl=1","width":350,"height":200,"srcset":"https:\/\/i0.wp.com\/tomajazz.com\/web\/wp-content\/uploads\/2018\/09\/06_Chrls-Llyd-nd-Th-Mrvls-%C2%A9Joan-Cort%C3%A8s_06jul18_PL%C3%A7JmI_12VJzzPnds_Vlfrnc.jpg?resize=350%2C200&ssl=1 1x, https:\/\/i0.wp.com\/tomajazz.com\/web\/wp-content\/uploads\/2018\/09\/06_Chrls-Llyd-nd-Th-Mrvls-%C2%A9Joan-Cort%C3%A8s_06jul18_PL%C3%A7JmI_12VJzzPnds_Vlfrnc.jpg?resize=525%2C300&ssl=1 1.5x"},"classes":[]},{"id":98324,"url":"https:\/\/tomajazz.com\/web\/joe-lovano-marcin-wasilewski-trio-vijazz-2025\/","url_meta":{"origin":38586,"position":3},"title":"Joe Lovano &#038; Marcin Wasilewski Trio (ViJazz Vilafranca 2025 \/ Pla\u00e7a Jaume I, 2025-07-06 \/ Vilafranca del Pened\u00e8s -Barcelona-) Por Joan Cort\u00e8s [INSTANTZZ AKA Galer\u00eda fotogr\u00e1fica AKA Fotoblog de jazz, impro\u2026 y algo m\u00e1s]","author":"Tomajazz","date":"26 agosto, 2025","format":false,"excerpt":"Joe Lovano & Marcin Wasilewski Trio actuaron en ViJazz Vilafranca 2025. Joan Cort\u00e8s lo retrata en INSTANTZZ. Actuaron Joe Lovano, Marcin Wasilewski, Slawomir Kurkiewicz, Michal Miskiewicz","rel":"","context":"En \u00abViJazz Vilafranca 2025\u00bb","block_context":{"text":"ViJazz Vilafranca 2025","link":"https:\/\/tomajazz.com\/web\/category\/contenidos\/especial-contenidos\/vijazz-vilafranca-2025\/"},"img":{"alt_text":"Joe Lovano & Marcin Wasilewski Trio (ViJazz Vilafranca 2025 \/ Pla\u00e7a Jaume I, 2025-07-06 \/ Vilafranca del Pened\u00e8s -Barcelona-) Por Joan Cort\u00e8s [INSTANTZZ AKA Galer\u00eda fotogr\u00e1fica AKA Fotoblog de jazz, impro\u2026 y algo m\u00e1s] - Tomajazz - Joe Lovano & Marcin Wasilewski Trio actuaron en ViJazz Vilafranca 2025. Joan Cort\u00e8s lo retrata en INSTANTZZ. Actuaron Joe Lovano, Marcin Wasilewski, Slawomir Kurkiewicz, Michal Miskiewicz\n","src":"https:\/\/i0.wp.com\/tomajazz.com\/web\/wp-content\/uploads\/2025\/08\/destacada-07-J-Lvn-Mrcn-Wslwsk-tr-Photo-By-Joan-Cortes-06jll25-VJzz-Vlfrnc-VdP-Bcn.jpg?resize=350%2C200&ssl=1","width":350,"height":200,"srcset":"https:\/\/i0.wp.com\/tomajazz.com\/web\/wp-content\/uploads\/2025\/08\/destacada-07-J-Lvn-Mrcn-Wslwsk-tr-Photo-By-Joan-Cortes-06jll25-VJzz-Vlfrnc-VdP-Bcn.jpg?resize=350%2C200&ssl=1 1x, https:\/\/i0.wp.com\/tomajazz.com\/web\/wp-content\/uploads\/2025\/08\/destacada-07-J-Lvn-Mrcn-Wslwsk-tr-Photo-By-Joan-Cortes-06jll25-VJzz-Vlfrnc-VdP-Bcn.jpg?resize=525%2C300&ssl=1 1.5x"},"classes":[]},{"id":77595,"url":"https:\/\/tomajazz.com\/web\/mark-guiliana-4t-16-vijazz-2023\/","url_meta":{"origin":38586,"position":4},"title":"Mark Guiliana 4t (16\u00e8 ViJazz Vilafrancar\/Pla\u00e7a Jaume I, 2023-07-08. Vilafranca del Pened\u00e8s -Barcelona-) Por Joan Cort\u00e8s [INSTANTZZ AKA Galer\u00eda fotogr\u00e1fica AKA Fotoblog de jazz, impro\u2026 y algo m\u00e1s]","author":"Tomajazz","date":"22 agosto, 2023","format":false,"excerpt":"Mark Guiliana 4t actu\u00f3 en el 16\u00e8 ViJazz Vilafranca en Vilafranca del Pened\u00e8s -Barcelona-, el 8 de julio de 2023. Joan Cort\u00e8s retrata su actuaci\u00f3n en INSTANTZZ.","rel":"","context":"En \u00abINSTANTZZ\u00bb","block_context":{"text":"INSTANTZZ","link":"https:\/\/tomajazz.com\/web\/category\/contenidos\/imagenes\/photoblogs\/instantzz\/"},"img":{"alt_text":"Mark Guiliana 4t (16\u00e8 ViJazz Vilafrancar\/Pla\u00e7a Jaume I, 2023-07-08. Vilafranca del Pened\u00e8s -Barcelona-) Por Joan Cort\u00e8s [INSTANTZZ AKA Galer\u00eda fotogr\u00e1fica AKA Fotoblog de jazz, impro\u2026 y algo m\u00e1s] - Tomajazz 9.0 - Mark Guiliana 4t actu\u00f3 en el 16\u00e8 ViJazz Vilafranca en Vilafranca del Pened\u00e8s -Barcelona-, el 8 de julio de 2023. Joan Cort\u00e8s retrata su actuaci\u00f3n en INSTANTZZ.","src":"https:\/\/i0.wp.com\/tomajazz.com\/web\/wp-content\/uploads\/2023\/08\/09-Mrk-Gln-4t-%C2%A9Joan-Cortes-08jll23-VJzz-Vlfrnc-VdP-bn-Mark-Guiliana-4t-16e-ViJazz-2023-07-08-Vilafranca-del-Penedes-Barcelona-INSTANTZZ-Tomajazz.jpg?resize=350%2C200&ssl=1","width":350,"height":200,"srcset":"https:\/\/i0.wp.com\/tomajazz.com\/web\/wp-content\/uploads\/2023\/08\/09-Mrk-Gln-4t-%C2%A9Joan-Cortes-08jll23-VJzz-Vlfrnc-VdP-bn-Mark-Guiliana-4t-16e-ViJazz-2023-07-08-Vilafranca-del-Penedes-Barcelona-INSTANTZZ-Tomajazz.jpg?resize=350%2C200&ssl=1 1x, https:\/\/i0.wp.com\/tomajazz.com\/web\/wp-content\/uploads\/2023\/08\/09-Mrk-Gln-4t-%C2%A9Joan-Cortes-08jll23-VJzz-Vlfrnc-VdP-bn-Mark-Guiliana-4t-16e-ViJazz-2023-07-08-Vilafranca-del-Penedes-Barcelona-INSTANTZZ-Tomajazz.jpg?resize=525%2C300&ssl=1 1.5x"},"classes":[]},{"id":98252,"url":"https:\/\/tomajazz.com\/web\/makaya-mccraven-vijazz-2025\/","url_meta":{"origin":38586,"position":5},"title":"Makaya McCraven (ViJazz Vilafranca 2025 \/ Pla\u00e7a Jaume I, 2025-07-06 \/ Vilafranca del Pened\u00e8s -Barcelona-) Por Joan Cort\u00e8s [INSTANTZZ AKA Galer\u00eda fotogr\u00e1fica AKA Fotoblog de jazz, impro\u2026 y algo m\u00e1s]","author":"Tomajazz","date":"23 agosto, 2025","format":false,"excerpt":"Makaya McCraven actu\u00f3 en ViJazz Vilafranca 2025 en Vilafranca del Pened\u00e8s -Barcelona-. Joan Cort\u00e8s retrata el concierto en INSTANTZZ. Actuaron Makaya McCraven, Junius Paul, Marquis Hill, Matt Golg","rel":"","context":"En \u00abViJazz Vilafranca 2025\u00bb","block_context":{"text":"ViJazz Vilafranca 2025","link":"https:\/\/tomajazz.com\/web\/category\/contenidos\/especial-contenidos\/vijazz-vilafranca-2025\/"},"img":{"alt_text":"Makaya McCraven (ViJazz Vilafranca 2025 \/ Pla\u00e7a Jaume I, 2025-07-06 \/ Vilafranca del Pened\u00e8s -Barcelona-) Por Joan Cort\u00e8s [INSTANTZZ AKA Galer\u00eda fotogr\u00e1fica AKA Fotoblog de jazz, impro\u2026 y algo m\u00e1s] - Tomajazz - Makaya McCraven actu\u00f3 en ViJazz Vilafranca 2025 en Vilafranca del Pened\u00e8s -Barcelona-. Joan Cort\u00e8s retrata el concierto en INSTANTZZ. Actuaron Makaya McCraven, Junius Paul, Marquis Hill, Matt Golg\n","src":"https:\/\/i0.wp.com\/tomajazz.com\/web\/wp-content\/uploads\/2025\/08\/destacada-11-Mky-McCrvn-Photo-By-Joan-Cortes-06jll25-VJzz-Pc-Jm-I-Vlfrnc.jpg?resize=350%2C200&ssl=1","width":350,"height":200,"srcset":"https:\/\/i0.wp.com\/tomajazz.com\/web\/wp-content\/uploads\/2025\/08\/destacada-11-Mky-McCrvn-Photo-By-Joan-Cortes-06jll25-VJzz-Pc-Jm-I-Vlfrnc.jpg?resize=350%2C200&ssl=1 1x, https:\/\/i0.wp.com\/tomajazz.com\/web\/wp-content\/uploads\/2025\/08\/destacada-11-Mky-McCrvn-Photo-By-Joan-Cortes-06jll25-VJzz-Pc-Jm-I-Vlfrnc.jpg?resize=525%2C300&ssl=1 1.5x"},"classes":[]}],"_links":{"self":[{"href":"https:\/\/tomajazz.com\/web\/wp-json\/wp\/v2\/posts\/38586","targetHints":{"allow":["GET"]}}],"collection":[{"href":"https:\/\/tomajazz.com\/web\/wp-json\/wp\/v2\/posts"}],"about":[{"href":"https:\/\/tomajazz.com\/web\/wp-json\/wp\/v2\/types\/post"}],"author":[{"embeddable":true,"href":"https:\/\/tomajazz.com\/web\/wp-json\/wp\/v2\/users\/1"}],"replies":[{"embeddable":true,"href":"https:\/\/tomajazz.com\/web\/wp-json\/wp\/v2\/comments?post=38586"}],"version-history":[{"count":6,"href":"https:\/\/tomajazz.com\/web\/wp-json\/wp\/v2\/posts\/38586\/revisions"}],"predecessor-version":[{"id":88446,"href":"https:\/\/tomajazz.com\/web\/wp-json\/wp\/v2\/posts\/38586\/revisions\/88446"}],"wp:featuredmedia":[{"embeddable":true,"href":"https:\/\/tomajazz.com\/web\/wp-json\/wp\/v2\/media\/38592"}],"wp:attachment":[{"href":"https:\/\/tomajazz.com\/web\/wp-json\/wp\/v2\/media?parent=38586"}],"wp:term":[{"taxonomy":"category","embeddable":true,"href":"https:\/\/tomajazz.com\/web\/wp-json\/wp\/v2\/categories?post=38586"},{"taxonomy":"post_tag","embeddable":true,"href":"https:\/\/tomajazz.com\/web\/wp-json\/wp\/v2\/tags?post=38586"}],"curies":[{"name":"wp","href":"https:\/\/api.w.org\/{rel}","templated":true}]}}