{"id":38599,"date":"2018-09-13T11:11:06","date_gmt":"2018-09-13T09:11:06","guid":{"rendered":"https:\/\/www.tomajazz.com\/web\/?p=38599"},"modified":"2022-08-31T20:21:17","modified_gmt":"2022-08-31T18:21:17","slug":"instantzz-david-lagos-y-alfredo-lagos-el-dorado-sociedad-flamenca-barcelonesa-centre-civic-parc-sandaru-2018-06-21-galeria-fotografica","status":"publish","type":"post","link":"https:\/\/tomajazz.com\/web\/instantzz-david-lagos-y-alfredo-lagos-el-dorado-sociedad-flamenca-barcelonesa-centre-civic-parc-sandaru-2018-06-21-galeria-fotografica\/","title":{"rendered":"INSTANTZZ: David Lagos y Alfredo Lagos (El Dorado Sociedad Flamenca Barcelonesa \u2013 Centre C\u00edvic Parc Sandaru. 2018-06-21) [Galer\u00eda fotogr\u00e1fica]"},"content":{"rendered":"<p>Por\u00a0<strong>Joan Cort\u00e8s<\/strong>.<\/p>\n<ul>\n<li>Fecha: Jueves, 21 de junio de 2018<\/li>\n<li>Lugar: El Dorado Sociedad Flamenca Barcelonesa \u2013 Centre C\u00efvic Parc Sandar ( Barcelona )<\/li>\n<li>Grupo:<br \/>\n<strong>David Lagos y Alfredo Lagos<br \/>\n<\/strong>David Lagos, cante<br \/>\nAlfredo Lagos, guitarra<br \/>\nZorri, baile \u2013invitado especial-<\/li>\n<\/ul>\n<p style=\"text-align: center;\"><img loading=\"lazy\" decoding=\"async\" class=\"aligncenter size-large wp-image-38600\" src=\"https:\/\/tomajazz.com\/web\/wp-content\/uploads\/2018\/09\/01_Dvd-lfrd-Lgs-\u00a9Joan-Cort\u00e8s_21jun18-lDrdsfb-CCPS_Brcln-399x600.jpg\" alt=\"\" width=\"399\" height=\"600\" title=\"\" srcset=\"https:\/\/tomajazz.com\/web\/wp-content\/uploads\/2018\/09\/01_Dvd-lfrd-Lgs-\u00a9Joan-Cort\u00e8s_21jun18-lDrdsfb-CCPS_Brcln.jpg 399w, https:\/\/tomajazz.com\/web\/wp-content\/uploads\/2018\/09\/01_Dvd-lfrd-Lgs-\u00a9Joan-Cort\u00e8s_21jun18-lDrdsfb-CCPS_Brcln-200x300.jpg 200w, https:\/\/tomajazz.com\/web\/wp-content\/uploads\/2018\/09\/01_Dvd-lfrd-Lgs-\u00a9Joan-Cort\u00e8s_21jun18-lDrdsfb-CCPS_Brcln-37x55.jpg 37w\" sizes=\"auto, (max-width: 399px) 100vw, 399px\" \/> <img loading=\"lazy\" decoding=\"async\" class=\"aligncenter size-large wp-image-38601\" src=\"https:\/\/tomajazz.com\/web\/wp-content\/uploads\/2018\/09\/02_Dvd-lfrd-Lgs-\u00a9Joan-Cort\u00e8s_21jun18-lDrdsfb-CCPS_Brcln-399x600.jpg\" alt=\"\" width=\"399\" height=\"600\" title=\"\" srcset=\"https:\/\/tomajazz.com\/web\/wp-content\/uploads\/2018\/09\/02_Dvd-lfrd-Lgs-\u00a9Joan-Cort\u00e8s_21jun18-lDrdsfb-CCPS_Brcln.jpg 399w, https:\/\/tomajazz.com\/web\/wp-content\/uploads\/2018\/09\/02_Dvd-lfrd-Lgs-\u00a9Joan-Cort\u00e8s_21jun18-lDrdsfb-CCPS_Brcln-200x300.jpg 200w, https:\/\/tomajazz.com\/web\/wp-content\/uploads\/2018\/09\/02_Dvd-lfrd-Lgs-\u00a9Joan-Cort\u00e8s_21jun18-lDrdsfb-CCPS_Brcln-37x55.jpg 37w\" sizes=\"auto, (max-width: 399px) 100vw, 399px\" \/> <img loading=\"lazy\" decoding=\"async\" class=\"aligncenter size-large wp-image-38602\" src=\"https:\/\/tomajazz.com\/web\/wp-content\/uploads\/2018\/09\/03_Dvd-lfrd-Lgs-\u00a9Joan-Cort\u00e8s_21jun18-lDrdsfb-CCPS_Brcln-399x600.jpg\" alt=\"\" width=\"399\" height=\"600\" title=\"\" srcset=\"https:\/\/tomajazz.com\/web\/wp-content\/uploads\/2018\/09\/03_Dvd-lfrd-Lgs-\u00a9Joan-Cort\u00e8s_21jun18-lDrdsfb-CCPS_Brcln.jpg 399w, https:\/\/tomajazz.com\/web\/wp-content\/uploads\/2018\/09\/03_Dvd-lfrd-Lgs-\u00a9Joan-Cort\u00e8s_21jun18-lDrdsfb-CCPS_Brcln-200x300.jpg 200w, https:\/\/tomajazz.com\/web\/wp-content\/uploads\/2018\/09\/03_Dvd-lfrd-Lgs-\u00a9Joan-Cort\u00e8s_21jun18-lDrdsfb-CCPS_Brcln-37x55.jpg 37w\" sizes=\"auto, (max-width: 399px) 100vw, 399px\" \/> <img loading=\"lazy\" decoding=\"async\" class=\"aligncenter size-large wp-image-38603\" src=\"https:\/\/tomajazz.com\/web\/wp-content\/uploads\/2018\/09\/04_Dvd-lfrd-Lgs-\u00a9Joan-Cort\u00e8s_21jun18-lDrdsfb-CCPS_Brcln-600x399.jpg\" alt=\"\" width=\"600\" height=\"399\" title=\"\" srcset=\"https:\/\/tomajazz.com\/web\/wp-content\/uploads\/2018\/09\/04_Dvd-lfrd-Lgs-\u00a9Joan-Cort\u00e8s_21jun18-lDrdsfb-CCPS_Brcln.jpg 600w, https:\/\/tomajazz.com\/web\/wp-content\/uploads\/2018\/09\/04_Dvd-lfrd-Lgs-\u00a9Joan-Cort\u00e8s_21jun18-lDrdsfb-CCPS_Brcln-200x133.jpg 200w, https:\/\/tomajazz.com\/web\/wp-content\/uploads\/2018\/09\/04_Dvd-lfrd-Lgs-\u00a9Joan-Cort\u00e8s_21jun18-lDrdsfb-CCPS_Brcln-83x55.jpg 83w, https:\/\/tomajazz.com\/web\/wp-content\/uploads\/2018\/09\/04_Dvd-lfrd-Lgs-\u00a9Joan-Cort\u00e8s_21jun18-lDrdsfb-CCPS_Brcln-60x40.jpg 60w, https:\/\/tomajazz.com\/web\/wp-content\/uploads\/2018\/09\/04_Dvd-lfrd-Lgs-\u00a9Joan-Cort\u00e8s_21jun18-lDrdsfb-CCPS_Brcln-120x80.jpg 120w\" sizes=\"auto, (max-width: 600px) 100vw, 600px\" \/> <img loading=\"lazy\" decoding=\"async\" class=\"aligncenter size-large wp-image-38604\" src=\"https:\/\/tomajazz.com\/web\/wp-content\/uploads\/2018\/09\/05_Dvd-lfrd-Lgs-\u00a9Joan-Cort\u00e8s_21jun18-lDrdsfb-CCPS_Brcln-600x399.jpg\" alt=\"\" width=\"600\" height=\"399\" title=\"\" srcset=\"https:\/\/tomajazz.com\/web\/wp-content\/uploads\/2018\/09\/05_Dvd-lfrd-Lgs-\u00a9Joan-Cort\u00e8s_21jun18-lDrdsfb-CCPS_Brcln.jpg 600w, https:\/\/tomajazz.com\/web\/wp-content\/uploads\/2018\/09\/05_Dvd-lfrd-Lgs-\u00a9Joan-Cort\u00e8s_21jun18-lDrdsfb-CCPS_Brcln-200x133.jpg 200w, https:\/\/tomajazz.com\/web\/wp-content\/uploads\/2018\/09\/05_Dvd-lfrd-Lgs-\u00a9Joan-Cort\u00e8s_21jun18-lDrdsfb-CCPS_Brcln-83x55.jpg 83w, https:\/\/tomajazz.com\/web\/wp-content\/uploads\/2018\/09\/05_Dvd-lfrd-Lgs-\u00a9Joan-Cort\u00e8s_21jun18-lDrdsfb-CCPS_Brcln-60x40.jpg 60w, https:\/\/tomajazz.com\/web\/wp-content\/uploads\/2018\/09\/05_Dvd-lfrd-Lgs-\u00a9Joan-Cort\u00e8s_21jun18-lDrdsfb-CCPS_Brcln-120x80.jpg 120w\" sizes=\"auto, (max-width: 600px) 100vw, 600px\" \/> <img loading=\"lazy\" decoding=\"async\" class=\"aligncenter size-large wp-image-38605\" src=\"https:\/\/tomajazz.com\/web\/wp-content\/uploads\/2018\/09\/06_Dvd-lfrd-Lgs-\u00a9Joan-Cort\u00e8s_21jun18-lDrdsfb-CCPS_Brcln-600x399.jpg\" alt=\"\" width=\"600\" height=\"399\" title=\"\" srcset=\"https:\/\/tomajazz.com\/web\/wp-content\/uploads\/2018\/09\/06_Dvd-lfrd-Lgs-\u00a9Joan-Cort\u00e8s_21jun18-lDrdsfb-CCPS_Brcln.jpg 600w, https:\/\/tomajazz.com\/web\/wp-content\/uploads\/2018\/09\/06_Dvd-lfrd-Lgs-\u00a9Joan-Cort\u00e8s_21jun18-lDrdsfb-CCPS_Brcln-200x133.jpg 200w, https:\/\/tomajazz.com\/web\/wp-content\/uploads\/2018\/09\/06_Dvd-lfrd-Lgs-\u00a9Joan-Cort\u00e8s_21jun18-lDrdsfb-CCPS_Brcln-83x55.jpg 83w, https:\/\/tomajazz.com\/web\/wp-content\/uploads\/2018\/09\/06_Dvd-lfrd-Lgs-\u00a9Joan-Cort\u00e8s_21jun18-lDrdsfb-CCPS_Brcln-60x40.jpg 60w, https:\/\/tomajazz.com\/web\/wp-content\/uploads\/2018\/09\/06_Dvd-lfrd-Lgs-\u00a9Joan-Cort\u00e8s_21jun18-lDrdsfb-CCPS_Brcln-120x80.jpg 120w\" sizes=\"auto, (max-width: 600px) 100vw, 600px\" \/> <img loading=\"lazy\" decoding=\"async\" class=\"aligncenter size-large wp-image-38606\" src=\"https:\/\/tomajazz.com\/web\/wp-content\/uploads\/2018\/09\/07_Dvd-lfrd-Lgs-\u00a9Joan-Cort\u00e8s_21jun18-lDrdsfb-CCPS_Brcln-399x600.jpg\" alt=\"\" width=\"399\" height=\"600\" title=\"\" srcset=\"https:\/\/tomajazz.com\/web\/wp-content\/uploads\/2018\/09\/07_Dvd-lfrd-Lgs-\u00a9Joan-Cort\u00e8s_21jun18-lDrdsfb-CCPS_Brcln.jpg 399w, https:\/\/tomajazz.com\/web\/wp-content\/uploads\/2018\/09\/07_Dvd-lfrd-Lgs-\u00a9Joan-Cort\u00e8s_21jun18-lDrdsfb-CCPS_Brcln-200x300.jpg 200w, https:\/\/tomajazz.com\/web\/wp-content\/uploads\/2018\/09\/07_Dvd-lfrd-Lgs-\u00a9Joan-Cort\u00e8s_21jun18-lDrdsfb-CCPS_Brcln-37x55.jpg 37w\" sizes=\"auto, (max-width: 399px) 100vw, 399px\" \/> <img loading=\"lazy\" decoding=\"async\" class=\"aligncenter size-large wp-image-38607\" src=\"https:\/\/tomajazz.com\/web\/wp-content\/uploads\/2018\/09\/08_Dvd-lfrd-Lgs-\u00a9Joan-Cort\u00e8s_21jun18-lDrdsfb-CCPS_Brcln-399x600.jpg\" alt=\"\" width=\"399\" height=\"600\" title=\"\" srcset=\"https:\/\/tomajazz.com\/web\/wp-content\/uploads\/2018\/09\/08_Dvd-lfrd-Lgs-\u00a9Joan-Cort\u00e8s_21jun18-lDrdsfb-CCPS_Brcln.jpg 399w, https:\/\/tomajazz.com\/web\/wp-content\/uploads\/2018\/09\/08_Dvd-lfrd-Lgs-\u00a9Joan-Cort\u00e8s_21jun18-lDrdsfb-CCPS_Brcln-200x300.jpg 200w, https:\/\/tomajazz.com\/web\/wp-content\/uploads\/2018\/09\/08_Dvd-lfrd-Lgs-\u00a9Joan-Cort\u00e8s_21jun18-lDrdsfb-CCPS_Brcln-37x55.jpg 37w\" sizes=\"auto, (max-width: 399px) 100vw, 399px\" \/> <img loading=\"lazy\" decoding=\"async\" class=\"aligncenter size-large wp-image-38608\" src=\"https:\/\/tomajazz.com\/web\/wp-content\/uploads\/2018\/09\/09_Dvd-lfrd-Lgs-\u00a9Joan-Cort\u00e8s_21jun18-lDrdsfb-CCPS_Brcln-600x399.jpg\" alt=\"\" width=\"600\" height=\"399\" title=\"\" srcset=\"https:\/\/tomajazz.com\/web\/wp-content\/uploads\/2018\/09\/09_Dvd-lfrd-Lgs-\u00a9Joan-Cort\u00e8s_21jun18-lDrdsfb-CCPS_Brcln.jpg 600w, https:\/\/tomajazz.com\/web\/wp-content\/uploads\/2018\/09\/09_Dvd-lfrd-Lgs-\u00a9Joan-Cort\u00e8s_21jun18-lDrdsfb-CCPS_Brcln-200x133.jpg 200w, https:\/\/tomajazz.com\/web\/wp-content\/uploads\/2018\/09\/09_Dvd-lfrd-Lgs-\u00a9Joan-Cort\u00e8s_21jun18-lDrdsfb-CCPS_Brcln-83x55.jpg 83w, https:\/\/tomajazz.com\/web\/wp-content\/uploads\/2018\/09\/09_Dvd-lfrd-Lgs-\u00a9Joan-Cort\u00e8s_21jun18-lDrdsfb-CCPS_Brcln-60x40.jpg 60w, https:\/\/tomajazz.com\/web\/wp-content\/uploads\/2018\/09\/09_Dvd-lfrd-Lgs-\u00a9Joan-Cort\u00e8s_21jun18-lDrdsfb-CCPS_Brcln-120x80.jpg 120w\" sizes=\"auto, (max-width: 600px) 100vw, 600px\" \/> <img loading=\"lazy\" decoding=\"async\" class=\"aligncenter size-large wp-image-38609\" src=\"https:\/\/tomajazz.com\/web\/wp-content\/uploads\/2018\/09\/10_Dvd-lfrd-Lgs-\u00a9Joan-Cort\u00e8s_21jun18-lDrdsfb-CCPS_Brcln-600x399.jpg\" alt=\"\" width=\"600\" height=\"399\" title=\"\" srcset=\"https:\/\/tomajazz.com\/web\/wp-content\/uploads\/2018\/09\/10_Dvd-lfrd-Lgs-\u00a9Joan-Cort\u00e8s_21jun18-lDrdsfb-CCPS_Brcln.jpg 600w, https:\/\/tomajazz.com\/web\/wp-content\/uploads\/2018\/09\/10_Dvd-lfrd-Lgs-\u00a9Joan-Cort\u00e8s_21jun18-lDrdsfb-CCPS_Brcln-200x133.jpg 200w, https:\/\/tomajazz.com\/web\/wp-content\/uploads\/2018\/09\/10_Dvd-lfrd-Lgs-\u00a9Joan-Cort\u00e8s_21jun18-lDrdsfb-CCPS_Brcln-83x55.jpg 83w, https:\/\/tomajazz.com\/web\/wp-content\/uploads\/2018\/09\/10_Dvd-lfrd-Lgs-\u00a9Joan-Cort\u00e8s_21jun18-lDrdsfb-CCPS_Brcln-60x40.jpg 60w, https:\/\/tomajazz.com\/web\/wp-content\/uploads\/2018\/09\/10_Dvd-lfrd-Lgs-\u00a9Joan-Cort\u00e8s_21jun18-lDrdsfb-CCPS_Brcln-120x80.jpg 120w\" sizes=\"auto, (max-width: 600px) 100vw, 600px\" \/> <img loading=\"lazy\" decoding=\"async\" class=\"aligncenter size-large wp-image-38610\" src=\"https:\/\/tomajazz.com\/web\/wp-content\/uploads\/2018\/09\/11_Dvd-lfrd-Lgs-399x600.jpg\" alt=\"\" width=\"399\" height=\"600\" title=\"\" srcset=\"https:\/\/tomajazz.com\/web\/wp-content\/uploads\/2018\/09\/11_Dvd-lfrd-Lgs.jpg 399w, https:\/\/tomajazz.com\/web\/wp-content\/uploads\/2018\/09\/11_Dvd-lfrd-Lgs-200x300.jpg 200w, https:\/\/tomajazz.com\/web\/wp-content\/uploads\/2018\/09\/11_Dvd-lfrd-Lgs-37x55.jpg 37w\" sizes=\"auto, (max-width: 399px) 100vw, 399px\" \/><\/p>\n<p style=\"text-align: right;\">Tomajazz:\u00a0\u00a9\u00a0<strong>Joan Cort\u00e9s<\/strong>, 2018<\/p>\n","protected":false},"excerpt":{"rendered":"<p>En Instantzz una nueva flamencura de Joan Cort\u00e8s. <span class=\"more-link\"><a href=\"https:\/\/tomajazz.com\/web\/instantzz-david-lagos-y-alfredo-lagos-el-dorado-sociedad-flamenca-barcelonesa-centre-civic-parc-sandaru-2018-06-21-galeria-fotografica\/\">Contin\u00faa leyendo<\/a><\/span><\/p>\n","protected":false},"author":1,"featured_media":38609,"comment_status":"open","ping_status":"closed","sticky":false,"template":"","format":"standard","meta":{"jetpack_post_was_ever_published":false,"_jetpack_newsletter_access":"","_jetpack_dont_email_post_to_subs":false,"_jetpack_newsletter_tier_id":0,"_jetpack_memberships_contains_paywalled_content":false,"_jetpack_memberships_contains_paid_content":false,"footnotes":""},"categories":[17853,21243,11262,15516,11261,1038],"tags":[21778,21777,21776,1041,21779],"class_list":["entry","author-pachi","has-excerpt","post-38599","post","type-post","status-publish","format-standard","has-post-thumbnail","category-joan-cortes","category-flamencuras","category-photoblogs","category-imagenes","category-instantzz","category-contenidos","tag-alfredo-lagos","tag-david-lagos","tag-david-lagos-y-alfredo-lagos","tag-joan-cortes","tag-zorri"],"jetpack_featured_media_url":"https:\/\/tomajazz.com\/web\/wp-content\/uploads\/2018\/09\/10_Dvd-lfrd-Lgs-\u00a9Joan-Cort\u00e8s_21jun18-lDrdsfb-CCPS_Brcln.jpg","jetpack_likes_enabled":true,"jetpack_sharing_enabled":true,"jetpack-related-posts":[{"id":93669,"url":"https:\/\/tomajazz.com\/web\/lagos-lagos-marin-el-dorado-sfb-2024\/","url_meta":{"origin":38599,"position":0},"title":"Lagos-Lagos-Mar\u00edn \u201cTr\u00edptico\u201d (El Dorado sfb \/ Centre C\u00edvic Parc Sandaru, 2024-11-07. Barcelona) Por Joan Cort\u00e8s [Flamencuras AKA INSTANTZZ AKA Galer\u00eda fotogr\u00e1fica AKA Fotoblog de jazz, impro\u2026 y algo m\u00e1s]","author":"Tomajazz","date":"11 enero, 2025","format":false,"excerpt":"Lagos-Lagos-Mar\u00edn \u201cTr\u00edptico\u201d actu\u00f3 en El Dorado sfb de Barcelona, el 7 de noviembre de 2024. Joan Cort\u00e8s recoge im\u00e1genes de la actuaci\u00f3n en las Flamencuras de INSTANTZZ. Actuaron Alfredo Lagos, David Lagos, Andr\u00e9s Mar\u00edn","rel":"","context":"En \u00ab*_Joan Cort\u00e8s\u00bb","block_context":{"text":"*_Joan Cort\u00e8s","link":"https:\/\/tomajazz.com\/web\/category\/joan-cortes\/"},"img":{"alt_text":"Lagos-Lagos-Mar\u00edn \u201cTr\u00edptico\u201d (El Dorado sfb \/ Centre C\u00edvic Parc Sandaru, 2024-11-07. Barcelona)  Por Joan Cort\u00e8s [Flamencuras AKA INSTANTZZ AKA Galer\u00eda fotogr\u00e1fica AKA Fotoblog de jazz, impro\u2026 y algo m\u00e1s] - Tomajazz - Lagos-Lagos-Mar\u00edn \u201cTr\u00edptico\u201d actu\u00f3 en El Dorado sfb de Barcelona, el 7 de noviembre de 2024. Joan Cort\u00e8s recoge im\u00e1genes de la actuaci\u00f3n en las Flamencuras de INSTANTZZ. Actuaron Alfredo Lagos, David Lagos, Andr\u00e9s Mar\u00edn","src":"https:\/\/i0.wp.com\/tomajazz.com\/web\/wp-content\/uploads\/2025\/01\/destacada-08-Mrn-Lgs-Photo-By-Joan-Cortes-07nvm24-l-Drd-sfb-Bcn.jpg?resize=350%2C200&ssl=1","width":350,"height":200,"srcset":"https:\/\/i0.wp.com\/tomajazz.com\/web\/wp-content\/uploads\/2025\/01\/destacada-08-Mrn-Lgs-Photo-By-Joan-Cortes-07nvm24-l-Drd-sfb-Bcn.jpg?resize=350%2C200&ssl=1 1x, https:\/\/i0.wp.com\/tomajazz.com\/web\/wp-content\/uploads\/2025\/01\/destacada-08-Mrn-Lgs-Photo-By-Joan-Cortes-07nvm24-l-Drd-sfb-Bcn.jpg?resize=525%2C300&ssl=1 1.5x"},"classes":[]},{"id":81187,"url":"https:\/\/tomajazz.com\/web\/alfredo-lagos-solo-barcelona-2023\/","url_meta":{"origin":38599,"position":1},"title":"Alfredo Lagos -solo- (El Dorado sfb, Centre C\u00edvic Parc Sandaru, 2023-11-02. Barcelona) Por Joan Cort\u00e8s [Flamencura AKA INSTANTZZ AKA Galer\u00eda fotogr\u00e1fica AKA Fotoblog de jazz, impro\u2026 y algo m\u00e1s]","author":"Tomajazz","date":"2 diciembre, 2023","format":false,"excerpt":"El guitarrista Alfredo Lagos actu\u00f3 en solitario dentro de la programaci\u00f3n de El Dorado sfb, el 2 de noviembre de 2023 en Centre C\u00edvic Parc Sandaru, de Barcelona. Joan Cort\u00e8s retrata la Flamencura en INSTANTZZ.","rel":"","context":"En \u00ab*_Joan Cort\u00e8s\u00bb","block_context":{"text":"*_Joan Cort\u00e8s","link":"https:\/\/tomajazz.com\/web\/category\/joan-cortes\/"},"img":{"alt_text":"Alfredo Lagos -solo- (El Dorado sfb, Centre C\u00edvic Parc Sandaru, 2023-11-02. Barcelona) Por Joan Cort\u00e8s [Flamencura AKA INSTANTZZ AKA Galer\u00eda fotogr\u00e1fica AKA Fotoblog de jazz, impro\u2026 y algo m\u00e1s] - Tomajazz 9.0 - El guitarrista Alfredo Lagos actu\u00f3 en solitario dentro de la programaci\u00f3n de El Dorado sfb, el 2 de noviembre de 2023 en Centre C\u00edvic Parc Sandaru, de Barcelona. Joan Cort\u00e8s retrata la Flamencura en INSTANTZZ.","src":"https:\/\/i0.wp.com\/tomajazz.com\/web\/wp-content\/uploads\/2023\/12\/05-lfrd-Lgs-%C2%A9Joan-Cortes-02nvm23-lDrd-CCPS-Bcn-bn-Alfredo-Lagos-solo-2023-11-02-Barcelona-Por-Joan-Cortes-Flamencura-INSTANTZZ-Tomajazz.jpg?resize=350%2C200&ssl=1","width":350,"height":200,"srcset":"https:\/\/i0.wp.com\/tomajazz.com\/web\/wp-content\/uploads\/2023\/12\/05-lfrd-Lgs-%C2%A9Joan-Cortes-02nvm23-lDrd-CCPS-Bcn-bn-Alfredo-Lagos-solo-2023-11-02-Barcelona-Por-Joan-Cortes-Flamencura-INSTANTZZ-Tomajazz.jpg?resize=350%2C200&ssl=1 1x, https:\/\/i0.wp.com\/tomajazz.com\/web\/wp-content\/uploads\/2023\/12\/05-lfrd-Lgs-%C2%A9Joan-Cortes-02nvm23-lDrd-CCPS-Bcn-bn-Alfredo-Lagos-solo-2023-11-02-Barcelona-Por-Joan-Cortes-Flamencura-INSTANTZZ-Tomajazz.jpg?resize=525%2C300&ssl=1 1.5x"},"classes":[]},{"id":50174,"url":"https:\/\/tomajazz.com\/web\/instantzz-vanesa-aibar-liminal-el-dorado-sociedad-flamenca-barcelonesa-auditori-del-centre-civic-parc-sandaru-barcelona-2020-02-06-galeria-fotografica-yomequedoencasa-ist\/","url_meta":{"origin":38599,"position":2},"title":"INSTANTZZ: Vanesa Aibar \u201cLiminal\u201d (El Dorado -Sociedad Flamenca Barcelonesa-, Auditori del Centre C\u00edvic Parc Sandaru, Barcelona. 2020-02-06) [Galer\u00eda fotogr\u00e1fica] #YoMeQuedoEnCasa #IStayAtHome","author":"Tomajazz","date":"9 abril, 2020","format":false,"excerpt":"Joan Cort\u00e8s repasa en INSTANTZZ la actuaci\u00f3n de Vanesa Aibar \u201cLiminal\u201d en El Dorado -Sociedad Flamenca Barcelonesa-, por medio de una vistosa galer\u00eda fotogr\u00e1fica, lo que se puede denominar como una Flamencura. Y recuerda... #YoMeQuedoEnCasa #IStayAtHome","rel":"","context":"En \u00abFotoblog - Galer\u00eda fotogr\u00e1fica\u00bb","block_context":{"text":"Fotoblog - Galer\u00eda fotogr\u00e1fica","link":"https:\/\/tomajazz.com\/web\/category\/contenidos\/imagenes\/photoblogs\/"},"img":{"alt_text":"","src":"https:\/\/i0.wp.com\/tomajazz.com\/web\/wp-content\/uploads\/2020\/04\/05_Vns-br-Joan-Cort%C3%A8s_06feb20_l-Drd-sfb_CCPS_Bcn.jpg?resize=350%2C200&ssl=1","width":350,"height":200,"srcset":"https:\/\/i0.wp.com\/tomajazz.com\/web\/wp-content\/uploads\/2020\/04\/05_Vns-br-Joan-Cort%C3%A8s_06feb20_l-Drd-sfb_CCPS_Bcn.jpg?resize=350%2C200&ssl=1 1x, https:\/\/i0.wp.com\/tomajazz.com\/web\/wp-content\/uploads\/2020\/04\/05_Vns-br-Joan-Cort%C3%A8s_06feb20_l-Drd-sfb_CCPS_Bcn.jpg?resize=525%2C300&ssl=1 1.5x"},"classes":[]},{"id":57938,"url":"https:\/\/tomajazz.com\/web\/instantzz-david-lagos-alfredo-lagos-flamenco-a-nou-barris-2021-pati-de-la-seu-del-districte-de-nou-barris-barcelona-2021-09-19-i-iv-flamencura-aka-galeria-fotografica-aka-fotoblog-de-jaz\/","url_meta":{"origin":38599,"position":3},"title":"INSTANTZZ: David Lagos &#038; Alfredo Lagos [Flamenco a Nou Barris 2021 \/ Pati de la Seu del Districte de Nou Barris, Barcelona.  2021-09-19 (I\/IV)] [Flamencura AKA Galer\u00eda fotogr\u00e1fica AKA Fotoblog de jazz, impro\u2026 y algo m\u00e1s] Por Joan Cort\u00e8s","author":"Tomajazz","date":"19 octubre, 2021","format":false,"excerpt":"David Lagos y Alfredo Lagos son los protagonistas de una nueva Flamencura de Joan Cort\u00e8s en INSTANTZZ.","rel":"","context":"En \u00abFlamencuras\u00bb","block_context":{"text":"Flamencuras","link":"https:\/\/tomajazz.com\/web\/category\/contenidos\/imagenes\/photoblogs\/flamencuras\/"},"img":{"alt_text":"","src":"https:\/\/i0.wp.com\/tomajazz.com\/web\/wp-content\/uploads\/2021\/10\/07_Dvd-lfrd-Lgs-Joan-Cortes_19set21_Flmnc-N-Brrs_Bcn.jpg?resize=350%2C200&ssl=1","width":350,"height":200},"classes":[]},{"id":104835,"url":"https:\/\/tomajazz.com\/web\/david-de-arahal-barcelona-sfb-2026\/","url_meta":{"origin":38599,"position":4},"title":"David de Arahal \u201cAvenida de los Cisnes\u201d (El Dorado sfb \/ CCPS, 2026-02-26 \/ Barcelona) Por Joan Cort\u00e8s [Flamencuras AKA INSTANTZZ AKA Galer\u00eda fotogr\u00e1fica AKA Fotoblog de jazz, impro\u2026 y algo m\u00e1s]","author":"Tomajazz","date":"11 abril, 2026","format":false,"excerpt":"David de Arahal \u201cAvenida de los Cisnes\u201d actu\u00f3 en El Dorado sfb, Barcelona, el 26 de febrero de 2026. Joan Cort\u00e8s lo retrata en las Flamencuras de INSTANTZZ","rel":"","context":"En \u00abFlamencuras\u00bb","block_context":{"text":"Flamencuras","link":"https:\/\/tomajazz.com\/web\/category\/contenidos\/imagenes\/photoblogs\/flamencuras\/"},"img":{"alt_text":"David de Arahal \u201cAvenida de los Cisnes\u201d (El Dorado sfb \/ CCPS, 2026-02-26 \/ Barcelona) Por Joan Cort\u00e8s [Flamencuras AKA INSTANTZZ AKA Galer\u00eda fotogr\u00e1fica AKA Fotoblog de jazz, impro\u2026 y algo m\u00e1s] - Tomajazz - David de Arahal \u201cAvenida de los Cisnes\u201d actu\u00f3 en El Dorado sfb, Barcelona, el 26 de febrero de 2026. Joan Cort\u00e8s lo retrata en las Flamencuras de INSTANTZZ","src":"https:\/\/i0.wp.com\/tomajazz.com\/web\/wp-content\/uploads\/2026\/04\/destadada-07-Dvd-rhl-Photo-By-Joan-Cortes-26fbr26-l-Drd-sfb-CCPS-Bcn.jpg?resize=350%2C200&ssl=1","width":350,"height":200,"srcset":"https:\/\/i0.wp.com\/tomajazz.com\/web\/wp-content\/uploads\/2026\/04\/destadada-07-Dvd-rhl-Photo-By-Joan-Cortes-26fbr26-l-Drd-sfb-CCPS-Bcn.jpg?resize=350%2C200&ssl=1 1x, https:\/\/i0.wp.com\/tomajazz.com\/web\/wp-content\/uploads\/2026\/04\/destadada-07-Dvd-rhl-Photo-By-Joan-Cortes-26fbr26-l-Drd-sfb-CCPS-Bcn.jpg?resize=525%2C300&ssl=1 1.5x"},"classes":[]},{"id":102129,"url":"https:\/\/tomajazz.com\/web\/javier-conde-sfb-barcelona-2025\/","url_meta":{"origin":38599,"position":5},"title":"Javier Conde \u201cHomenaje a los Maestro\u201d (El Dorado sfb \/ Centre C\u00edvic Parc Sandaru , 2025-10-30 \/ Barcelona) Por Joan Cort\u00e8s [Flamencuras AKA INSTANTZZ AKA Galer\u00eda fotogr\u00e1fica AKA Fotoblog de jazz, impro\u2026 y algo m\u00e1s]","author":"Tomajazz","date":"25 noviembre, 2025","format":false,"excerpt":"Javier Conde \u201cHomenaje a los Maestro\u201d actu\u00f3 en El Dorado sfb, el 30 de octubre de 2025. Joan Cort\u00e8s lo retrata en las Flamencuras de INSTANTZZ","rel":"","context":"En \u00abFlamencuras\u00bb","block_context":{"text":"Flamencuras","link":"https:\/\/tomajazz.com\/web\/category\/contenidos\/imagenes\/photoblogs\/flamencuras\/"},"img":{"alt_text":"Javier Conde \u201cHomenaje a los Maestro\u201d (El Dorado sfb \/ Centre C\u00edvic Parc Sandaru , 2025-10-30 \/ Barcelona) Por Joan Cort\u00e8s [Flamencuras AKA INSTANTZZ AKA Galer\u00eda fotogr\u00e1fica AKA Fotoblog de jazz, impro\u2026 y algo m\u00e1s] - Tomajazz - Javier Conde \u201cHomenaje a los Maestro\u201d actu\u00f3 en El Dorado sfb, el 30 de octubre de 2025. Joan Cort\u00e8s lo retrata en las Flamencuras de INSTANTZZ","src":"https:\/\/i0.wp.com\/tomajazz.com\/web\/wp-content\/uploads\/2025\/11\/destacada-03-Jvr-Cnd-Photo-By-Joan-Cortes-30ctb25-l-Drd-CCPS-Bcn.jpg?resize=350%2C200&ssl=1","width":350,"height":200,"srcset":"https:\/\/i0.wp.com\/tomajazz.com\/web\/wp-content\/uploads\/2025\/11\/destacada-03-Jvr-Cnd-Photo-By-Joan-Cortes-30ctb25-l-Drd-CCPS-Bcn.jpg?resize=350%2C200&ssl=1 1x, https:\/\/i0.wp.com\/tomajazz.com\/web\/wp-content\/uploads\/2025\/11\/destacada-03-Jvr-Cnd-Photo-By-Joan-Cortes-30ctb25-l-Drd-CCPS-Bcn.jpg?resize=525%2C300&ssl=1 1.5x"},"classes":[]}],"_links":{"self":[{"href":"https:\/\/tomajazz.com\/web\/wp-json\/wp\/v2\/posts\/38599","targetHints":{"allow":["GET"]}}],"collection":[{"href":"https:\/\/tomajazz.com\/web\/wp-json\/wp\/v2\/posts"}],"about":[{"href":"https:\/\/tomajazz.com\/web\/wp-json\/wp\/v2\/types\/post"}],"author":[{"embeddable":true,"href":"https:\/\/tomajazz.com\/web\/wp-json\/wp\/v2\/users\/1"}],"replies":[{"embeddable":true,"href":"https:\/\/tomajazz.com\/web\/wp-json\/wp\/v2\/comments?post=38599"}],"version-history":[{"count":2,"href":"https:\/\/tomajazz.com\/web\/wp-json\/wp\/v2\/posts\/38599\/revisions"}],"predecessor-version":[{"id":38612,"href":"https:\/\/tomajazz.com\/web\/wp-json\/wp\/v2\/posts\/38599\/revisions\/38612"}],"wp:featuredmedia":[{"embeddable":true,"href":"https:\/\/tomajazz.com\/web\/wp-json\/wp\/v2\/media\/38609"}],"wp:attachment":[{"href":"https:\/\/tomajazz.com\/web\/wp-json\/wp\/v2\/media?parent=38599"}],"wp:term":[{"taxonomy":"category","embeddable":true,"href":"https:\/\/tomajazz.com\/web\/wp-json\/wp\/v2\/categories?post=38599"},{"taxonomy":"post_tag","embeddable":true,"href":"https:\/\/tomajazz.com\/web\/wp-json\/wp\/v2\/tags?post=38599"}],"curies":[{"name":"wp","href":"https:\/\/api.w.org\/{rel}","templated":true}]}}