{"id":39425,"date":"2018-10-29T07:50:43","date_gmt":"2018-10-29T06:50:43","guid":{"rendered":"https:\/\/www.tomajazz.com\/web\/?p=39425"},"modified":"2022-08-30T17:50:53","modified_gmt":"2022-08-30T15:50:53","slug":"instantzz-cristina-mora-especial-jazzene-2018-i-galeria-fotografica","status":"publish","type":"post","link":"https:\/\/tomajazz.com\/web\/instantzz-cristina-mora-especial-jazzene-2018-i-galeria-fotografica\/","title":{"rendered":"INSTANTZZ: Cristina Mora [Especial Jazze\u00f1e 2018 I] [Galer\u00eda fotogr\u00e1fica]"},"content":{"rendered":"<p>Por\u00a0<strong>Jos\u00e9 Luis Luna Rocafort<\/strong>.<\/p>\n<p>JazzE\u00f1e 2018. Organizado por la Fundaci\u00f3n SGAE.<\/p>\n<ul>\n<li>Fecha: Jueves, 04 de octubre de 2018. 19.00h.<\/li>\n<li>Lugar: Auditorio de Zaragoza. Sala Luis Galve. Zaragoza.<\/li>\n<li>Festival: Jazz E\u00f1e 2018<\/li>\n<li>Grupo:<br \/>\n<strong>Cristina Mora<\/strong><br \/>\nCristina Mora: voz<br \/>\nMois\u00e9s P. S\u00e1nchez: piano, teclados<br \/>\nPablo Mart\u00edn Jones: bater\u00eda<\/li>\n<\/ul>\n<p style=\"text-align: center;\"><img loading=\"lazy\" decoding=\"async\" class=\"aligncenter size-large wp-image-39426\" src=\"https:\/\/tomajazz.com\/web\/wp-content\/uploads\/2018\/10\/001-2-600x400.jpg\" alt=\"\" width=\"600\" height=\"400\" title=\"\" srcset=\"https:\/\/tomajazz.com\/web\/wp-content\/uploads\/2018\/10\/001-2.jpg 600w, https:\/\/tomajazz.com\/web\/wp-content\/uploads\/2018\/10\/001-2-200x133.jpg 200w, https:\/\/tomajazz.com\/web\/wp-content\/uploads\/2018\/10\/001-2-83x55.jpg 83w, https:\/\/tomajazz.com\/web\/wp-content\/uploads\/2018\/10\/001-2-60x40.jpg 60w, https:\/\/tomajazz.com\/web\/wp-content\/uploads\/2018\/10\/001-2-120x80.jpg 120w\" sizes=\"auto, (max-width: 600px) 100vw, 600px\" \/> <img loading=\"lazy\" decoding=\"async\" class=\"aligncenter size-large wp-image-39427\" src=\"https:\/\/tomajazz.com\/web\/wp-content\/uploads\/2018\/10\/002-2-400x600.jpg\" alt=\"\" width=\"400\" height=\"600\" title=\"\" srcset=\"https:\/\/tomajazz.com\/web\/wp-content\/uploads\/2018\/10\/002-2.jpg 400w, https:\/\/tomajazz.com\/web\/wp-content\/uploads\/2018\/10\/002-2-200x300.jpg 200w, https:\/\/tomajazz.com\/web\/wp-content\/uploads\/2018\/10\/002-2-37x55.jpg 37w\" sizes=\"auto, (max-width: 400px) 100vw, 400px\" \/> <img loading=\"lazy\" decoding=\"async\" class=\"aligncenter size-large wp-image-39428\" src=\"https:\/\/tomajazz.com\/web\/wp-content\/uploads\/2018\/10\/003-2-600x400.jpg\" alt=\"\" width=\"600\" height=\"400\" title=\"\" srcset=\"https:\/\/tomajazz.com\/web\/wp-content\/uploads\/2018\/10\/003-2.jpg 600w, https:\/\/tomajazz.com\/web\/wp-content\/uploads\/2018\/10\/003-2-200x133.jpg 200w, https:\/\/tomajazz.com\/web\/wp-content\/uploads\/2018\/10\/003-2-83x55.jpg 83w, https:\/\/tomajazz.com\/web\/wp-content\/uploads\/2018\/10\/003-2-60x40.jpg 60w, https:\/\/tomajazz.com\/web\/wp-content\/uploads\/2018\/10\/003-2-120x80.jpg 120w\" sizes=\"auto, (max-width: 600px) 100vw, 600px\" \/> <img loading=\"lazy\" decoding=\"async\" class=\"aligncenter size-large wp-image-39429\" src=\"https:\/\/tomajazz.com\/web\/wp-content\/uploads\/2018\/10\/004-2-400x600.jpg\" alt=\"\" width=\"400\" height=\"600\" title=\"\" srcset=\"https:\/\/tomajazz.com\/web\/wp-content\/uploads\/2018\/10\/004-2.jpg 400w, https:\/\/tomajazz.com\/web\/wp-content\/uploads\/2018\/10\/004-2-200x300.jpg 200w, https:\/\/tomajazz.com\/web\/wp-content\/uploads\/2018\/10\/004-2-37x55.jpg 37w\" sizes=\"auto, (max-width: 400px) 100vw, 400px\" \/> <img loading=\"lazy\" decoding=\"async\" class=\"aligncenter size-large wp-image-39430\" src=\"https:\/\/tomajazz.com\/web\/wp-content\/uploads\/2018\/10\/005-2-600x400.jpg\" alt=\"\" width=\"600\" height=\"400\" title=\"\" srcset=\"https:\/\/tomajazz.com\/web\/wp-content\/uploads\/2018\/10\/005-2.jpg 600w, https:\/\/tomajazz.com\/web\/wp-content\/uploads\/2018\/10\/005-2-200x133.jpg 200w, https:\/\/tomajazz.com\/web\/wp-content\/uploads\/2018\/10\/005-2-83x55.jpg 83w, https:\/\/tomajazz.com\/web\/wp-content\/uploads\/2018\/10\/005-2-60x40.jpg 60w, https:\/\/tomajazz.com\/web\/wp-content\/uploads\/2018\/10\/005-2-120x80.jpg 120w\" sizes=\"auto, (max-width: 600px) 100vw, 600px\" \/> <img loading=\"lazy\" decoding=\"async\" class=\"aligncenter size-large wp-image-39431\" src=\"https:\/\/tomajazz.com\/web\/wp-content\/uploads\/2018\/10\/006-2-600x400.jpg\" alt=\"\" width=\"600\" height=\"400\" title=\"\" srcset=\"https:\/\/tomajazz.com\/web\/wp-content\/uploads\/2018\/10\/006-2.jpg 600w, https:\/\/tomajazz.com\/web\/wp-content\/uploads\/2018\/10\/006-2-200x133.jpg 200w, https:\/\/tomajazz.com\/web\/wp-content\/uploads\/2018\/10\/006-2-83x55.jpg 83w, https:\/\/tomajazz.com\/web\/wp-content\/uploads\/2018\/10\/006-2-60x40.jpg 60w, https:\/\/tomajazz.com\/web\/wp-content\/uploads\/2018\/10\/006-2-120x80.jpg 120w\" sizes=\"auto, (max-width: 600px) 100vw, 600px\" \/> <img loading=\"lazy\" decoding=\"async\" class=\"aligncenter size-large wp-image-39432\" src=\"https:\/\/tomajazz.com\/web\/wp-content\/uploads\/2018\/10\/007-2-600x400.jpg\" alt=\"\" width=\"600\" height=\"400\" title=\"\" srcset=\"https:\/\/tomajazz.com\/web\/wp-content\/uploads\/2018\/10\/007-2.jpg 600w, https:\/\/tomajazz.com\/web\/wp-content\/uploads\/2018\/10\/007-2-200x133.jpg 200w, https:\/\/tomajazz.com\/web\/wp-content\/uploads\/2018\/10\/007-2-83x55.jpg 83w, https:\/\/tomajazz.com\/web\/wp-content\/uploads\/2018\/10\/007-2-60x40.jpg 60w, https:\/\/tomajazz.com\/web\/wp-content\/uploads\/2018\/10\/007-2-120x80.jpg 120w\" sizes=\"auto, (max-width: 600px) 100vw, 600px\" \/> <img loading=\"lazy\" decoding=\"async\" class=\"aligncenter size-large wp-image-39433\" src=\"https:\/\/tomajazz.com\/web\/wp-content\/uploads\/2018\/10\/008-2-600x400.jpg\" alt=\"\" width=\"600\" height=\"400\" title=\"\" srcset=\"https:\/\/tomajazz.com\/web\/wp-content\/uploads\/2018\/10\/008-2.jpg 600w, https:\/\/tomajazz.com\/web\/wp-content\/uploads\/2018\/10\/008-2-200x133.jpg 200w, https:\/\/tomajazz.com\/web\/wp-content\/uploads\/2018\/10\/008-2-83x55.jpg 83w, https:\/\/tomajazz.com\/web\/wp-content\/uploads\/2018\/10\/008-2-60x40.jpg 60w, https:\/\/tomajazz.com\/web\/wp-content\/uploads\/2018\/10\/008-2-120x80.jpg 120w\" sizes=\"auto, (max-width: 600px) 100vw, 600px\" \/> <img loading=\"lazy\" decoding=\"async\" class=\"aligncenter size-large wp-image-39434\" src=\"https:\/\/tomajazz.com\/web\/wp-content\/uploads\/2018\/10\/009-2-600x400.jpg\" alt=\"\" width=\"600\" height=\"400\" title=\"\" srcset=\"https:\/\/tomajazz.com\/web\/wp-content\/uploads\/2018\/10\/009-2.jpg 600w, https:\/\/tomajazz.com\/web\/wp-content\/uploads\/2018\/10\/009-2-200x133.jpg 200w, https:\/\/tomajazz.com\/web\/wp-content\/uploads\/2018\/10\/009-2-83x55.jpg 83w, https:\/\/tomajazz.com\/web\/wp-content\/uploads\/2018\/10\/009-2-60x40.jpg 60w, https:\/\/tomajazz.com\/web\/wp-content\/uploads\/2018\/10\/009-2-120x80.jpg 120w\" sizes=\"auto, (max-width: 600px) 100vw, 600px\" \/> <img loading=\"lazy\" decoding=\"async\" class=\"aligncenter size-large wp-image-39435\" src=\"https:\/\/tomajazz.com\/web\/wp-content\/uploads\/2018\/10\/010-2-600x400.jpg\" alt=\"\" width=\"600\" height=\"400\" title=\"\" srcset=\"https:\/\/tomajazz.com\/web\/wp-content\/uploads\/2018\/10\/010-2.jpg 600w, https:\/\/tomajazz.com\/web\/wp-content\/uploads\/2018\/10\/010-2-200x133.jpg 200w, https:\/\/tomajazz.com\/web\/wp-content\/uploads\/2018\/10\/010-2-83x55.jpg 83w, https:\/\/tomajazz.com\/web\/wp-content\/uploads\/2018\/10\/010-2-60x40.jpg 60w, https:\/\/tomajazz.com\/web\/wp-content\/uploads\/2018\/10\/010-2-120x80.jpg 120w\" sizes=\"auto, (max-width: 600px) 100vw, 600px\" \/> <img loading=\"lazy\" decoding=\"async\" class=\"aligncenter size-large wp-image-39436\" src=\"https:\/\/tomajazz.com\/web\/wp-content\/uploads\/2018\/10\/011-2-400x600.jpg\" alt=\"\" width=\"400\" height=\"600\" title=\"\" srcset=\"https:\/\/tomajazz.com\/web\/wp-content\/uploads\/2018\/10\/011-2.jpg 400w, https:\/\/tomajazz.com\/web\/wp-content\/uploads\/2018\/10\/011-2-200x300.jpg 200w, https:\/\/tomajazz.com\/web\/wp-content\/uploads\/2018\/10\/011-2-37x55.jpg 37w\" sizes=\"auto, (max-width: 400px) 100vw, 400px\" \/> <img loading=\"lazy\" decoding=\"async\" class=\"aligncenter size-large wp-image-39437\" src=\"https:\/\/tomajazz.com\/web\/wp-content\/uploads\/2018\/10\/012-3-600x400.jpg\" alt=\"\" width=\"600\" height=\"400\" title=\"\" srcset=\"https:\/\/tomajazz.com\/web\/wp-content\/uploads\/2018\/10\/012-3.jpg 600w, https:\/\/tomajazz.com\/web\/wp-content\/uploads\/2018\/10\/012-3-200x133.jpg 200w, https:\/\/tomajazz.com\/web\/wp-content\/uploads\/2018\/10\/012-3-83x55.jpg 83w, https:\/\/tomajazz.com\/web\/wp-content\/uploads\/2018\/10\/012-3-60x40.jpg 60w, https:\/\/tomajazz.com\/web\/wp-content\/uploads\/2018\/10\/012-3-120x80.jpg 120w\" sizes=\"auto, (max-width: 600px) 100vw, 600px\" \/><\/p>\n<p style=\"text-align: right;\">Tomajazz:\u00a0\u00a9\u00a0<strong>Jos\u00e9 Luis Luna Rocafort<\/strong>, 2018<\/p>\n","protected":false},"excerpt":{"rendered":"<p>Por\u00a0Jos\u00e9 Luis Luna Rocafort. JazzE\u00f1e 2018. Organizado por la Fundaci\u00f3n SGAE. Fecha: Jueves, 04 de octubre de 2018. 19.00h. Lugar: Auditorio de Zaragoza. Sala Luis Galve. Zaragoza. Festival: Jazz E\u00f1e 2018 Grupo: Cristina Mora Cristina Mora: voz Mois\u00e9s P. S\u00e1nchez: piano, teclados Pablo Mart\u00edn Jones: bater\u00eda Tomajazz:\u00a0\u00a9\u00a0Jos\u00e9 Luis Luna Rocafort,<span class=\"more-link\"><a href=\"https:\/\/tomajazz.com\/web\/instantzz-cristina-mora-especial-jazzene-2018-i-galeria-fotografica\/\">Contin\u00faa leyendo<\/a><\/span><\/p>\n","protected":false},"author":1,"featured_media":39426,"comment_status":"open","ping_status":"closed","sticky":false,"template":"","format":"standard","meta":{"_jetpack_newsletter_access":"","_jetpack_dont_email_post_to_subs":false,"_jetpack_newsletter_tier_id":0,"_jetpack_memberships_contains_paywalled_content":false,"_jetpack_feature_clip_id":0,"_jetpack_memberships_contains_paid_content":false,"footnotes":"","jetpack_post_was_ever_published":false},"categories":[17846,11262,15516,11261,22009,1038],"tags":[1071,12211,21406,10088,8784,18863],"class_list":["entry","author-pachi","post-39425","post","type-post","status-publish","format-standard","has-post-thumbnail","category-jose-luis-luna-rocafort","category-photoblogs","category-imagenes","category-instantzz","category-jazzene-2018","category-contenidos","tag-cristina-mora","tag-jazzene","tag-jazzene-2018","tag-jose-luis-luna-rocafort","tag-moises-p-sanchez","tag-pablo-martin-jones"],"jetpack_likes_enabled":true,"jetpack_sharing_enabled":true,"jetpack-related-posts":[{"id":106822,"url":"https:\/\/tomajazz.com\/web\/javi-ruibal-cuarteto-xxii-jazzene-2026\/","url_meta":{"origin":39425,"position":0},"title":"Javi Ruibal Cuarteto (XII JazzE\u00f1e 2026. Teatro Victoria Eugenia, Donostia &#8211; San Sebasti\u00e1n. 2026-07-22) Por Jos\u00e9 Luis Luna Rocafort [INSTANTZZ AKA Galer\u00eda fotogr\u00e1fica AKA Fotoblog de jazz, impro\u2026 y algo m\u00e1s]","author":"Tomajazz","date":"28 agosto, 2026","format":false,"excerpt":"Javi Ruibal Cuarteto actu\u00f3 en el XXII JazzE\u00f1e 2026. Jos\u00e9 Luis Luna Rocafort lo retrata en INSTANTZZ. Javi Ruibal Cuarteto son Javi Ruibal, Diego Villegas, Oscar \u00c1lvarez, Alejandro Marcos","rel":"","context":"En \u00abXII JazzE\u00f1e 2026\u00bb","block_context":{"text":"XII JazzE\u00f1e 2026","link":"https:\/\/tomajazz.com\/web\/category\/contenidos\/especial-contenidos\/xii-jazzene-2026\/"},"img":{"alt_text":"Javi Ruibal Cuarteto (XXII JazzE\u00f1e 2026. Teatro Victoria Eugenia, Donostia - San Sebasti\u00e1n. 2026-07-22) Por Jos\u00e9 Luis Luna Rocafort [INSTANTZZ AKA Galer\u00eda fotogr\u00e1fica AKA Fotoblog de jazz, impro\u2026 y algo m\u00e1s] - Tomajazz - Javi Ruibal Cuarteto actu\u00f3 en el XXII JazzE\u00f1e 2026. Jos\u00e9 Luis Luna Rocafort lo retrata en INSTANTZZ. Javi Ruibal Cuarteto son Javi Ruibal, Diego Villegas, Oscar \u00c1lvarez, Alejandro Marcos","src":"https:\/\/i0.wp.com\/tomajazz.com\/web\/wp-content\/uploads\/2026\/08\/016-13.jpg?resize=350%2C200&ssl=1","width":350,"height":200,"srcset":"https:\/\/i0.wp.com\/tomajazz.com\/web\/wp-content\/uploads\/2026\/08\/016-13.jpg?resize=350%2C200&ssl=1 1x, https:\/\/i0.wp.com\/tomajazz.com\/web\/wp-content\/uploads\/2026\/08\/016-13.jpg?resize=525%2C300&ssl=1 1.5x"},"classes":[]},{"id":106987,"url":"https:\/\/tomajazz.com\/web\/xan-campos-jazzene-2026\/","url_meta":{"origin":39425,"position":1},"title":"Xan Campos : Amorodios (XII JazzE\u00f1e 2026. Teatro Victoria Eugenia, Donostia &#8211; San Sebasti\u00e1n. 2026-07-22) Por Jos\u00e9 Luis Luna Rocafort [INSTANTZZ AKA Galer\u00eda fotogr\u00e1fica AKA Fotoblog de jazz, impro\u2026 y algo m\u00e1s]","author":"Tomajazz","date":"3 septiembre, 2026","format":false,"excerpt":"Xan Campos: Amorodios actu\u00f3 en el XII JazzE\u00f1e 2026 en el Teatro Victoria Eugenia, de San Sebasti\u00e1n el 22 de julio de 2026. Jos\u00e9 Luis Luna Rocafort lo retrata en INSTANTZZ. Actuaron Xan Campos, Faia D\u00edaz, Felix Barth, Iago Fern\u00e1ndez","rel":"","context":"En \u00ab*_Jos\u00e9 Luis Luna Rocafort\u00bb","block_context":{"text":"*_Jos\u00e9 Luis Luna Rocafort","link":"https:\/\/tomajazz.com\/web\/category\/jose-luis-luna-rocafort\/"},"img":{"alt_text":"Xan Campos : Amorodios (XII JazzE\u00f1e 2026. Teatro Victoria Eugenia, Donostia - San Sebasti\u00e1n. 2026-07-22) Por Jos\u00e9 Luis Luna Rocafort [INSTANTZZ AKA Galer\u00eda fotogr\u00e1fica AKA Fotoblog de jazz, impro\u2026 y algo m\u00e1s] - Tomajazz - Xan Campos: Amorodios actu\u00f3 en el XII JazzE\u00f1e 2026 en el Teatro Victoria Eugenia, de San Sebasti\u00e1n el 22 de julio de 2026. Jos\u00e9 Luis Luna Rocafort lo retrata en INSTANTZZ. Actuaron Xan Campos, Faia D\u00edaz, Feliz Barth, Iago Fern\u00e1ndez","src":"https:\/\/i0.wp.com\/tomajazz.com\/web\/wp-content\/uploads\/2026\/09\/019-1.jpg?resize=350%2C200&ssl=1","width":350,"height":200,"srcset":"https:\/\/i0.wp.com\/tomajazz.com\/web\/wp-content\/uploads\/2026\/09\/019-1.jpg?resize=350%2C200&ssl=1 1x, https:\/\/i0.wp.com\/tomajazz.com\/web\/wp-content\/uploads\/2026\/09\/019-1.jpg?resize=525%2C300&ssl=1 1.5x"},"classes":[]},{"id":56457,"url":"https:\/\/tomajazz.com\/web\/instantzz-caminero-quinteto-especial-jazzene-2021-ii-galeria-fotografica-aka-fotoblog-de-jazz-impro-y-algo-mas-por-jose-luis-luna-rocafort\/","url_meta":{"origin":39425,"position":2},"title":"INSTANTZZ: Caminero Quinteto [Especial Jazze\u00f1e 2021 II] [Galer\u00eda fotogr\u00e1fica AKA Fotoblog de jazz, impro\u2026 y algo m\u00e1s] Por Jos\u00e9 Luis Luna Rocafort","author":"Tomajazz","date":"18 agosto, 2021","format":false,"excerpt":"Caminero Quinteto es el protagonista del segundo reportaje fotogr\u00e1fico de Jos\u00e9 Luis Luna Rocafort dedicado a JazzE\u00f1e 2021.","rel":"","context":"En \u00ab*_Jos\u00e9 Luis Luna Rocafort\u00bb","block_context":{"text":"*_Jos\u00e9 Luis Luna Rocafort","link":"https:\/\/tomajazz.com\/web\/category\/jose-luis-luna-rocafort\/"},"img":{"alt_text":"","src":"https:\/\/i0.wp.com\/tomajazz.com\/web\/wp-content\/uploads\/2021\/08\/01-1.jpg?resize=350%2C200&ssl=1","width":350,"height":200,"srcset":"https:\/\/i0.wp.com\/tomajazz.com\/web\/wp-content\/uploads\/2021\/08\/01-1.jpg?resize=350%2C200&ssl=1 1x, https:\/\/i0.wp.com\/tomajazz.com\/web\/wp-content\/uploads\/2021\/08\/01-1.jpg?resize=525%2C300&ssl=1 1.5x"},"classes":[]},{"id":39735,"url":"https:\/\/tomajazz.com\/web\/instantzz-amos-lora-especial-jazzene-2018-vi-galeria-fotografica\/","url_meta":{"origin":39425,"position":3},"title":"INSTANTZZ: Am\u00f3s Lora [Especial Jazze\u00f1e 2018 VII] [Galer\u00eda fotogr\u00e1fica]","author":"Tomajazz","date":"12 noviembre, 2018","format":false,"excerpt":"Por\u00a0Jos\u00e9 Luis Luna Rocafort. JazzE\u00f1e 2018. Organizado por la\u00a0Fundaci\u00f3n SGAE. Fecha: Viernes, 05 de octubre de 2018. 22:00h. Lugar: Auditorio de Zaragoza. Sala Luis Galve. Zaragoza. Festival: Jazz E\u00f1e 2018 Grupo: Am\u00f3s Lora Am\u00f3s Lora: guitarra espa\u00f1ola Gito Malet\u00e1: piano, percusiones Tomajazz:\u00a0\u00a9\u00a0Jos\u00e9 Luis Luna Rocafort, 2018","rel":"","context":"En \u00ab*_Jos\u00e9 Luis Luna Rocafort\u00bb","block_context":{"text":"*_Jos\u00e9 Luis Luna Rocafort","link":"https:\/\/tomajazz.com\/web\/category\/jose-luis-luna-rocafort\/"},"img":{"alt_text":"","src":"https:\/\/i0.wp.com\/tomajazz.com\/web\/wp-content\/uploads\/2018\/11\/006-4.jpg?resize=350%2C200&ssl=1","width":350,"height":200,"srcset":"https:\/\/i0.wp.com\/tomajazz.com\/web\/wp-content\/uploads\/2018\/11\/006-4.jpg?resize=350%2C200&ssl=1 1x, https:\/\/i0.wp.com\/tomajazz.com\/web\/wp-content\/uploads\/2018\/11\/006-4.jpg?resize=525%2C300&ssl=1 1.5x"},"classes":[]},{"id":39574,"url":"https:\/\/tomajazz.com\/web\/instantzz-daniel-juarez-quinteto-especial-jazzene-2018-ivv-galeria-fotografica\/","url_meta":{"origin":39425,"position":4},"title":"INSTANTZZ: Jerez Texas [Especial Jazze\u00f1e 2018 IV] [Galer\u00eda fotogr\u00e1fica]","author":"Tomajazz","date":"5 noviembre, 2018","format":false,"excerpt":"Por\u00a0Jos\u00e9 Luis Luna Rocafort. JazzE\u00f1e 2018. Organizado por la\u00a0Fundaci\u00f3n SGAE. Fecha: Jueves, 04 de octubre de 2018. 23.00h. Lugar: Auditorio de Zaragoza. Sala Luis Galve. Zaragoza. Festival: Jazz E\u00f1e 2018 Grupo: Jerez Texas Ricardo Esteve: guitarra espa\u00f1ola Matthieu Saglio: violonchelo Jes\u00fas Gimeno: bater\u00eda Tomajazz:\u00a0\u00a9\u00a0Jos\u00e9 Luis Luna Rocafort, 2018","rel":"","context":"En \u00ab*_Jos\u00e9 Luis Luna Rocafort\u00bb","block_context":{"text":"*_Jos\u00e9 Luis Luna Rocafort","link":"https:\/\/tomajazz.com\/web\/category\/jose-luis-luna-rocafort\/"},"img":{"alt_text":"","src":"https:\/\/i0.wp.com\/tomajazz.com\/web\/wp-content\/uploads\/2018\/11\/001-1.jpg?resize=350%2C200&ssl=1","width":350,"height":200,"srcset":"https:\/\/i0.wp.com\/tomajazz.com\/web\/wp-content\/uploads\/2018\/11\/001-1.jpg?resize=350%2C200&ssl=1 1x, https:\/\/i0.wp.com\/tomajazz.com\/web\/wp-content\/uploads\/2018\/11\/001-1.jpg?resize=525%2C300&ssl=1 1.5x"},"classes":[]},{"id":39457,"url":"https:\/\/tomajazz.com\/web\/instantzz-enriquito-especial-jazzene-2018-ii-galeria-fotografica\/","url_meta":{"origin":39425,"position":5},"title":"INSTANTZZ: Enriquito [Especial Jazze\u00f1e 2018 II] [Galer\u00eda fotogr\u00e1fica]","author":"Tomajazz","date":"31 octubre, 2018","format":false,"excerpt":"Por\u00a0Jos\u00e9 Luis Luna Rocafort. JazzE\u00f1e 2018. Organizado por la Fundaci\u00f3n SGAE. Fecha: Jueves, 04 de octubre de 2018. 20.00h. Lugar: Auditorio de Zaragoza. Sala Luis Galve. Zaragoza. Festival: Jazz E\u00f1e 2018 Grupo: Enriquito Quinteto \"Enriquito\" Rodriguez: trompeta, fliscorno Jos\u00e9 Mar\u00eda Pedraza: piano, teclados Paco Soto: guitarra espa\u00f1ola Jes\u00fas Bachiller: bajo\u2026","rel":"","context":"En \u00ab*_Jos\u00e9 Luis Luna Rocafort\u00bb","block_context":{"text":"*_Jos\u00e9 Luis Luna Rocafort","link":"https:\/\/tomajazz.com\/web\/category\/jose-luis-luna-rocafort\/"},"img":{"alt_text":"","src":"https:\/\/i0.wp.com\/tomajazz.com\/web\/wp-content\/uploads\/2018\/10\/006-3.jpg?resize=350%2C200&ssl=1","width":350,"height":200,"srcset":"https:\/\/i0.wp.com\/tomajazz.com\/web\/wp-content\/uploads\/2018\/10\/006-3.jpg?resize=350%2C200&ssl=1 1x, https:\/\/i0.wp.com\/tomajazz.com\/web\/wp-content\/uploads\/2018\/10\/006-3.jpg?resize=525%2C300&ssl=1 1.5x"},"classes":[]}],"jetpack_featured_media_url":"https:\/\/tomajazz.com\/web\/wp-content\/uploads\/2018\/10\/001-2.jpg","_links":{"self":[{"href":"https:\/\/tomajazz.com\/web\/wp-json\/wp\/v2\/posts\/39425","targetHints":{"allow":["GET"]}}],"collection":[{"href":"https:\/\/tomajazz.com\/web\/wp-json\/wp\/v2\/posts"}],"about":[{"href":"https:\/\/tomajazz.com\/web\/wp-json\/wp\/v2\/types\/post"}],"author":[{"embeddable":true,"href":"https:\/\/tomajazz.com\/web\/wp-json\/wp\/v2\/users\/1"}],"replies":[{"embeddable":true,"href":"https:\/\/tomajazz.com\/web\/wp-json\/wp\/v2\/comments?post=39425"}],"version-history":[{"count":1,"href":"https:\/\/tomajazz.com\/web\/wp-json\/wp\/v2\/posts\/39425\/revisions"}],"predecessor-version":[{"id":39438,"href":"https:\/\/tomajazz.com\/web\/wp-json\/wp\/v2\/posts\/39425\/revisions\/39438"}],"wp:featuredmedia":[{"embeddable":true,"href":"https:\/\/tomajazz.com\/web\/wp-json\/wp\/v2\/media\/39426"}],"wp:attachment":[{"href":"https:\/\/tomajazz.com\/web\/wp-json\/wp\/v2\/media?parent=39425"}],"wp:term":[{"taxonomy":"category","embeddable":true,"href":"https:\/\/tomajazz.com\/web\/wp-json\/wp\/v2\/categories?post=39425"},{"taxonomy":"post_tag","embeddable":true,"href":"https:\/\/tomajazz.com\/web\/wp-json\/wp\/v2\/tags?post=39425"}],"curies":[{"name":"wp","href":"https:\/\/api.w.org\/{rel}","templated":true}]}}