{"id":39532,"date":"2018-11-02T07:45:04","date_gmt":"2018-11-02T06:45:04","guid":{"rendered":"https:\/\/www.tomajazz.com\/web\/?p=39532"},"modified":"2022-08-30T17:43:50","modified_gmt":"2022-08-30T15:43:50","slug":"instantzz-daniel-juarez-quinteto-especial-jazzene-2018-iii-galeria-fotografica","status":"publish","type":"post","link":"https:\/\/tomajazz.com\/web\/instantzz-daniel-juarez-quinteto-especial-jazzene-2018-iii-galeria-fotografica\/","title":{"rendered":"INSTANTZZ: Daniel Ju\u00e1rez Quinteto [Especial Jazze\u00f1e 2018 III] [Galer\u00eda fotogr\u00e1fica]"},"content":{"rendered":"<p>Por\u00a0<strong>Jos\u00e9 Luis Luna Rocafort<\/strong>.<\/p>\n<p><strong>JazzE\u00f1e 2018<\/strong>. Organizado por la <strong>Fundaci\u00f3n SGAE<\/strong>.<\/p>\n<ul>\n<li>Fecha: Jueves, 04 de octubre de 2018. 22.00h.<\/li>\n<li>Lugar: Auditorio de Zaragoza. Sala Luis Galve. Zaragoza.<\/li>\n<li>Festival: Jazz E\u00f1e 2018<\/li>\n<li>Grupo:<br \/>\n<strong>Daniel Ju\u00e1rez Quinteto<\/strong><br \/>\nDaniel Ju\u00e1rez: saxo tenor<br \/>\n\u00c1lvaro del Valle: guitarra el\u00e9ctrica<br \/>\nJorge Casta\u00f1eda: piano<br \/>\nAnder Garc\u00eda: contrabajo<br \/>\nMikel Urretagoiena: bater\u00eda<\/li>\n<\/ul>\n<p style=\"text-align: center;\"><img loading=\"lazy\" decoding=\"async\" class=\"aligncenter size-large wp-image-39533\" src=\"https:\/\/tomajazz.com\/web\/wp-content\/uploads\/2018\/11\/001-600x400.jpg\" alt=\"\" width=\"600\" height=\"400\" title=\"\" srcset=\"https:\/\/tomajazz.com\/web\/wp-content\/uploads\/2018\/11\/001.jpg 600w, https:\/\/tomajazz.com\/web\/wp-content\/uploads\/2018\/11\/001-200x133.jpg 200w, https:\/\/tomajazz.com\/web\/wp-content\/uploads\/2018\/11\/001-83x55.jpg 83w, https:\/\/tomajazz.com\/web\/wp-content\/uploads\/2018\/11\/001-60x40.jpg 60w, https:\/\/tomajazz.com\/web\/wp-content\/uploads\/2018\/11\/001-120x80.jpg 120w\" sizes=\"auto, (max-width: 600px) 100vw, 600px\" \/> <img loading=\"lazy\" decoding=\"async\" class=\"aligncenter size-large wp-image-39534\" src=\"https:\/\/tomajazz.com\/web\/wp-content\/uploads\/2018\/11\/002-600x400.jpg\" alt=\"\" width=\"600\" height=\"400\" title=\"\" srcset=\"https:\/\/tomajazz.com\/web\/wp-content\/uploads\/2018\/11\/002.jpg 600w, https:\/\/tomajazz.com\/web\/wp-content\/uploads\/2018\/11\/002-200x133.jpg 200w, https:\/\/tomajazz.com\/web\/wp-content\/uploads\/2018\/11\/002-83x55.jpg 83w, https:\/\/tomajazz.com\/web\/wp-content\/uploads\/2018\/11\/002-60x40.jpg 60w, https:\/\/tomajazz.com\/web\/wp-content\/uploads\/2018\/11\/002-120x80.jpg 120w\" sizes=\"auto, (max-width: 600px) 100vw, 600px\" \/> <img loading=\"lazy\" decoding=\"async\" class=\"aligncenter size-large wp-image-39535\" src=\"https:\/\/tomajazz.com\/web\/wp-content\/uploads\/2018\/11\/003-400x600.jpg\" alt=\"\" width=\"400\" height=\"600\" title=\"\" srcset=\"https:\/\/tomajazz.com\/web\/wp-content\/uploads\/2018\/11\/003.jpg 400w, https:\/\/tomajazz.com\/web\/wp-content\/uploads\/2018\/11\/003-200x300.jpg 200w, https:\/\/tomajazz.com\/web\/wp-content\/uploads\/2018\/11\/003-37x55.jpg 37w\" sizes=\"auto, (max-width: 400px) 100vw, 400px\" \/> <img loading=\"lazy\" decoding=\"async\" class=\"aligncenter size-large wp-image-39536\" src=\"https:\/\/tomajazz.com\/web\/wp-content\/uploads\/2018\/11\/004-400x600.jpg\" alt=\"\" width=\"400\" height=\"600\" title=\"\" srcset=\"https:\/\/tomajazz.com\/web\/wp-content\/uploads\/2018\/11\/004.jpg 400w, https:\/\/tomajazz.com\/web\/wp-content\/uploads\/2018\/11\/004-200x300.jpg 200w, https:\/\/tomajazz.com\/web\/wp-content\/uploads\/2018\/11\/004-37x55.jpg 37w\" sizes=\"auto, (max-width: 400px) 100vw, 400px\" \/> <img loading=\"lazy\" decoding=\"async\" class=\"aligncenter size-large wp-image-39537\" src=\"https:\/\/tomajazz.com\/web\/wp-content\/uploads\/2018\/11\/005-400x600.jpg\" alt=\"\" width=\"400\" height=\"600\" title=\"\" srcset=\"https:\/\/tomajazz.com\/web\/wp-content\/uploads\/2018\/11\/005.jpg 400w, https:\/\/tomajazz.com\/web\/wp-content\/uploads\/2018\/11\/005-200x300.jpg 200w, https:\/\/tomajazz.com\/web\/wp-content\/uploads\/2018\/11\/005-37x55.jpg 37w\" sizes=\"auto, (max-width: 400px) 100vw, 400px\" \/> <img loading=\"lazy\" decoding=\"async\" class=\"aligncenter size-large wp-image-39538\" src=\"https:\/\/tomajazz.com\/web\/wp-content\/uploads\/2018\/11\/006-600x400.jpg\" alt=\"\" width=\"600\" height=\"400\" title=\"\" srcset=\"https:\/\/tomajazz.com\/web\/wp-content\/uploads\/2018\/11\/006.jpg 600w, https:\/\/tomajazz.com\/web\/wp-content\/uploads\/2018\/11\/006-200x133.jpg 200w, https:\/\/tomajazz.com\/web\/wp-content\/uploads\/2018\/11\/006-83x55.jpg 83w, https:\/\/tomajazz.com\/web\/wp-content\/uploads\/2018\/11\/006-60x40.jpg 60w, https:\/\/tomajazz.com\/web\/wp-content\/uploads\/2018\/11\/006-120x80.jpg 120w\" sizes=\"auto, (max-width: 600px) 100vw, 600px\" \/> <img loading=\"lazy\" decoding=\"async\" class=\"aligncenter size-large wp-image-39539\" src=\"https:\/\/tomajazz.com\/web\/wp-content\/uploads\/2018\/11\/007-400x600.jpg\" alt=\"\" width=\"400\" height=\"600\" title=\"\" srcset=\"https:\/\/tomajazz.com\/web\/wp-content\/uploads\/2018\/11\/007.jpg 400w, https:\/\/tomajazz.com\/web\/wp-content\/uploads\/2018\/11\/007-200x300.jpg 200w, https:\/\/tomajazz.com\/web\/wp-content\/uploads\/2018\/11\/007-37x55.jpg 37w\" sizes=\"auto, (max-width: 400px) 100vw, 400px\" \/> <img loading=\"lazy\" decoding=\"async\" class=\"aligncenter size-large wp-image-39540\" src=\"https:\/\/tomajazz.com\/web\/wp-content\/uploads\/2018\/11\/008-400x600.jpg\" alt=\"\" width=\"400\" height=\"600\" title=\"\" srcset=\"https:\/\/tomajazz.com\/web\/wp-content\/uploads\/2018\/11\/008.jpg 400w, https:\/\/tomajazz.com\/web\/wp-content\/uploads\/2018\/11\/008-200x300.jpg 200w, https:\/\/tomajazz.com\/web\/wp-content\/uploads\/2018\/11\/008-37x55.jpg 37w\" sizes=\"auto, (max-width: 400px) 100vw, 400px\" \/> <img loading=\"lazy\" decoding=\"async\" class=\"aligncenter size-large wp-image-39541\" src=\"https:\/\/tomajazz.com\/web\/wp-content\/uploads\/2018\/11\/009-400x600.jpg\" alt=\"\" width=\"400\" height=\"600\" title=\"\" srcset=\"https:\/\/tomajazz.com\/web\/wp-content\/uploads\/2018\/11\/009.jpg 400w, https:\/\/tomajazz.com\/web\/wp-content\/uploads\/2018\/11\/009-200x300.jpg 200w, https:\/\/tomajazz.com\/web\/wp-content\/uploads\/2018\/11\/009-37x55.jpg 37w\" sizes=\"auto, (max-width: 400px) 100vw, 400px\" \/> <img loading=\"lazy\" decoding=\"async\" class=\"aligncenter size-large wp-image-39542\" src=\"https:\/\/tomajazz.com\/web\/wp-content\/uploads\/2018\/11\/010-600x400.jpg\" alt=\"\" width=\"600\" height=\"400\" title=\"\" srcset=\"https:\/\/tomajazz.com\/web\/wp-content\/uploads\/2018\/11\/010.jpg 600w, https:\/\/tomajazz.com\/web\/wp-content\/uploads\/2018\/11\/010-200x133.jpg 200w, https:\/\/tomajazz.com\/web\/wp-content\/uploads\/2018\/11\/010-83x55.jpg 83w, https:\/\/tomajazz.com\/web\/wp-content\/uploads\/2018\/11\/010-60x40.jpg 60w, https:\/\/tomajazz.com\/web\/wp-content\/uploads\/2018\/11\/010-120x80.jpg 120w\" sizes=\"auto, (max-width: 600px) 100vw, 600px\" \/> <img loading=\"lazy\" decoding=\"async\" class=\"aligncenter size-large wp-image-39543\" src=\"https:\/\/tomajazz.com\/web\/wp-content\/uploads\/2018\/11\/011-600x400.jpg\" alt=\"\" width=\"600\" height=\"400\" title=\"\" srcset=\"https:\/\/tomajazz.com\/web\/wp-content\/uploads\/2018\/11\/011.jpg 600w, https:\/\/tomajazz.com\/web\/wp-content\/uploads\/2018\/11\/011-200x133.jpg 200w, https:\/\/tomajazz.com\/web\/wp-content\/uploads\/2018\/11\/011-83x55.jpg 83w, https:\/\/tomajazz.com\/web\/wp-content\/uploads\/2018\/11\/011-60x40.jpg 60w, https:\/\/tomajazz.com\/web\/wp-content\/uploads\/2018\/11\/011-120x80.jpg 120w\" sizes=\"auto, (max-width: 600px) 100vw, 600px\" \/> <img loading=\"lazy\" decoding=\"async\" class=\"aligncenter size-large wp-image-39544\" src=\"https:\/\/tomajazz.com\/web\/wp-content\/uploads\/2018\/11\/012-600x400.jpg\" alt=\"\" width=\"600\" height=\"400\" title=\"\" srcset=\"https:\/\/tomajazz.com\/web\/wp-content\/uploads\/2018\/11\/012.jpg 600w, https:\/\/tomajazz.com\/web\/wp-content\/uploads\/2018\/11\/012-200x133.jpg 200w, https:\/\/tomajazz.com\/web\/wp-content\/uploads\/2018\/11\/012-83x55.jpg 83w, https:\/\/tomajazz.com\/web\/wp-content\/uploads\/2018\/11\/012-60x40.jpg 60w, https:\/\/tomajazz.com\/web\/wp-content\/uploads\/2018\/11\/012-120x80.jpg 120w\" sizes=\"auto, (max-width: 600px) 100vw, 600px\" \/><\/p>\n<p style=\"text-align: right;\">Tomajazz:\u00a0\u00a9\u00a0<strong>Jos\u00e9 Luis Luna Rocafort<\/strong>, 2018<\/p>\n","protected":false},"excerpt":{"rendered":"<p>Por\u00a0Jos\u00e9 Luis Luna Rocafort. JazzE\u00f1e 2018. Organizado por la Fundaci\u00f3n SGAE. Fecha: Jueves, 04 de octubre de 2018. 22.00h. Lugar: Auditorio de Zaragoza. Sala Luis Galve. Zaragoza. Festival: Jazz E\u00f1e 2018 Grupo: Daniel Ju\u00e1rez Quinteto Daniel Ju\u00e1rez: saxo tenor \u00c1lvaro del Valle: guitarra el\u00e9ctrica Jorge Casta\u00f1eda: piano Ander Garc\u00eda: contrabajo<span class=\"more-link\"><a href=\"https:\/\/tomajazz.com\/web\/instantzz-daniel-juarez-quinteto-especial-jazzene-2018-iii-galeria-fotografica\/\">Contin\u00faa leyendo<\/a><\/span><\/p>\n","protected":false},"author":1,"featured_media":39533,"comment_status":"open","ping_status":"closed","sticky":false,"template":"","format":"standard","meta":{"_jetpack_newsletter_access":"","_jetpack_dont_email_post_to_subs":false,"_jetpack_newsletter_tier_id":0,"_jetpack_memberships_contains_paywalled_content":false,"_jetpack_feature_clip_id":0,"_jetpack_memberships_contains_paid_content":false,"footnotes":"","jetpack_post_was_ever_published":false},"categories":[17846,11262,15516,11261,22009,1038],"tags":[22027,5077,18302,22026,12211,21406,22028,10088,22029],"class_list":["entry","author-pachi","post-39532","post","type-post","status-publish","format-standard","has-post-thumbnail","category-jose-luis-luna-rocafort","category-photoblogs","category-imagenes","category-instantzz","category-jazzene-2018","category-contenidos","tag-alvaro-del-valle","tag-ander-garcia","tag-daniel-juarez","tag-daniel-juarez-quinteto","tag-jazzene","tag-jazzene-2018","tag-jorge-castaneda","tag-jose-luis-luna-rocafort","tag-mikel-urretagoiena"],"jetpack_likes_enabled":true,"jetpack_sharing_enabled":true,"jetpack-related-posts":[{"id":47109,"url":"https:\/\/tomajazz.com\/web\/instantzz-the-machetazo-especial-jazzene-2019-xi-galeria-fotografica\/","url_meta":{"origin":39532,"position":0},"title":"INSTANTZZ: The Machetazo [Especial Jazze\u00f1e 2019 XI] [Galer\u00eda fotogr\u00e1fica]","author":"Tomajazz","date":"13 noviembre, 2019","format":false,"excerpt":"Jos\u00e9 Luis Luna Rocafort trae al fotoblog INSTANTZZ la und\u00e9cima entrega dedicada a JazzE\u00f1e 2019. El grupo protagonista, en esta ocasi\u00f3n, es The Machetazo.","rel":"","context":"En \u00abFotoblog - Galer\u00eda fotogr\u00e1fica\u00bb","block_context":{"text":"Fotoblog - Galer\u00eda fotogr\u00e1fica","link":"https:\/\/tomajazz.com\/web\/category\/contenidos\/imagenes\/photoblogs\/"},"img":{"alt_text":"","src":"https:\/\/i0.wp.com\/tomajazz.com\/web\/wp-content\/uploads\/2019\/11\/015-4.jpg?resize=350%2C200&ssl=1","width":350,"height":200,"srcset":"https:\/\/i0.wp.com\/tomajazz.com\/web\/wp-content\/uploads\/2019\/11\/015-4.jpg?resize=350%2C200&ssl=1 1x, https:\/\/i0.wp.com\/tomajazz.com\/web\/wp-content\/uploads\/2019\/11\/015-4.jpg?resize=525%2C300&ssl=1 1.5x"},"classes":[]},{"id":106822,"url":"https:\/\/tomajazz.com\/web\/javi-ruibal-cuarteto-xxii-jazzene-2026\/","url_meta":{"origin":39532,"position":1},"title":"Javi Ruibal Cuarteto (XII JazzE\u00f1e 2026. Teatro Victoria Eugenia, Donostia &#8211; San Sebasti\u00e1n. 2026-07-22) Por Jos\u00e9 Luis Luna Rocafort [INSTANTZZ AKA Galer\u00eda fotogr\u00e1fica AKA Fotoblog de jazz, impro\u2026 y algo m\u00e1s]","author":"Tomajazz","date":"28 agosto, 2026","format":false,"excerpt":"Javi Ruibal Cuarteto actu\u00f3 en el XXII JazzE\u00f1e 2026. Jos\u00e9 Luis Luna Rocafort lo retrata en INSTANTZZ. Javi Ruibal Cuarteto son Javi Ruibal, Diego Villegas, Oscar \u00c1lvarez, Alejandro Marcos","rel":"","context":"En \u00abXII JazzE\u00f1e 2026\u00bb","block_context":{"text":"XII JazzE\u00f1e 2026","link":"https:\/\/tomajazz.com\/web\/category\/contenidos\/especial-contenidos\/xii-jazzene-2026\/"},"img":{"alt_text":"Javi Ruibal Cuarteto (XXII JazzE\u00f1e 2026. Teatro Victoria Eugenia, Donostia - San Sebasti\u00e1n. 2026-07-22) Por Jos\u00e9 Luis Luna Rocafort [INSTANTZZ AKA Galer\u00eda fotogr\u00e1fica AKA Fotoblog de jazz, impro\u2026 y algo m\u00e1s] - Tomajazz - Javi Ruibal Cuarteto actu\u00f3 en el XXII JazzE\u00f1e 2026. Jos\u00e9 Luis Luna Rocafort lo retrata en INSTANTZZ. Javi Ruibal Cuarteto son Javi Ruibal, Diego Villegas, Oscar \u00c1lvarez, Alejandro Marcos","src":"https:\/\/i0.wp.com\/tomajazz.com\/web\/wp-content\/uploads\/2026\/08\/016-13.jpg?resize=350%2C200&ssl=1","width":350,"height":200,"srcset":"https:\/\/i0.wp.com\/tomajazz.com\/web\/wp-content\/uploads\/2026\/08\/016-13.jpg?resize=350%2C200&ssl=1 1x, https:\/\/i0.wp.com\/tomajazz.com\/web\/wp-content\/uploads\/2026\/08\/016-13.jpg?resize=525%2C300&ssl=1 1.5x"},"classes":[]},{"id":106987,"url":"https:\/\/tomajazz.com\/web\/xan-campos-jazzene-2026\/","url_meta":{"origin":39532,"position":2},"title":"Xan Campos : Amorodios (XII JazzE\u00f1e 2026. Teatro Victoria Eugenia, Donostia &#8211; San Sebasti\u00e1n. 2026-07-22) Por Jos\u00e9 Luis Luna Rocafort [INSTANTZZ AKA Galer\u00eda fotogr\u00e1fica AKA Fotoblog de jazz, impro\u2026 y algo m\u00e1s]","author":"Tomajazz","date":"3 septiembre, 2026","format":false,"excerpt":"Xan Campos: Amorodios actu\u00f3 en el XII JazzE\u00f1e 2026 en el Teatro Victoria Eugenia, de San Sebasti\u00e1n el 22 de julio de 2026. Jos\u00e9 Luis Luna Rocafort lo retrata en INSTANTZZ. Actuaron Xan Campos, Faia D\u00edaz, Felix Barth, Iago Fern\u00e1ndez","rel":"","context":"En \u00ab*_Jos\u00e9 Luis Luna Rocafort\u00bb","block_context":{"text":"*_Jos\u00e9 Luis Luna Rocafort","link":"https:\/\/tomajazz.com\/web\/category\/jose-luis-luna-rocafort\/"},"img":{"alt_text":"Xan Campos : Amorodios (XII JazzE\u00f1e 2026. Teatro Victoria Eugenia, Donostia - San Sebasti\u00e1n. 2026-07-22) Por Jos\u00e9 Luis Luna Rocafort [INSTANTZZ AKA Galer\u00eda fotogr\u00e1fica AKA Fotoblog de jazz, impro\u2026 y algo m\u00e1s] - Tomajazz - Xan Campos: Amorodios actu\u00f3 en el XII JazzE\u00f1e 2026 en el Teatro Victoria Eugenia, de San Sebasti\u00e1n el 22 de julio de 2026. Jos\u00e9 Luis Luna Rocafort lo retrata en INSTANTZZ. Actuaron Xan Campos, Faia D\u00edaz, Feliz Barth, Iago Fern\u00e1ndez","src":"https:\/\/i0.wp.com\/tomajazz.com\/web\/wp-content\/uploads\/2026\/09\/019-1.jpg?resize=350%2C200&ssl=1","width":350,"height":200,"srcset":"https:\/\/i0.wp.com\/tomajazz.com\/web\/wp-content\/uploads\/2026\/09\/019-1.jpg?resize=350%2C200&ssl=1 1x, https:\/\/i0.wp.com\/tomajazz.com\/web\/wp-content\/uploads\/2026\/09\/019-1.jpg?resize=525%2C300&ssl=1 1.5x"},"classes":[]},{"id":39574,"url":"https:\/\/tomajazz.com\/web\/instantzz-daniel-juarez-quinteto-especial-jazzene-2018-ivv-galeria-fotografica\/","url_meta":{"origin":39532,"position":3},"title":"INSTANTZZ: Jerez Texas [Especial Jazze\u00f1e 2018 IV] [Galer\u00eda fotogr\u00e1fica]","author":"Tomajazz","date":"5 noviembre, 2018","format":false,"excerpt":"Por\u00a0Jos\u00e9 Luis Luna Rocafort. JazzE\u00f1e 2018. Organizado por la\u00a0Fundaci\u00f3n SGAE. Fecha: Jueves, 04 de octubre de 2018. 23.00h. Lugar: Auditorio de Zaragoza. Sala Luis Galve. Zaragoza. Festival: Jazz E\u00f1e 2018 Grupo: Jerez Texas Ricardo Esteve: guitarra espa\u00f1ola Matthieu Saglio: violonchelo Jes\u00fas Gimeno: bater\u00eda Tomajazz:\u00a0\u00a9\u00a0Jos\u00e9 Luis Luna Rocafort, 2018","rel":"","context":"En \u00ab*_Jos\u00e9 Luis Luna Rocafort\u00bb","block_context":{"text":"*_Jos\u00e9 Luis Luna Rocafort","link":"https:\/\/tomajazz.com\/web\/category\/jose-luis-luna-rocafort\/"},"img":{"alt_text":"","src":"https:\/\/i0.wp.com\/tomajazz.com\/web\/wp-content\/uploads\/2018\/11\/001-1.jpg?resize=350%2C200&ssl=1","width":350,"height":200,"srcset":"https:\/\/i0.wp.com\/tomajazz.com\/web\/wp-content\/uploads\/2018\/11\/001-1.jpg?resize=350%2C200&ssl=1 1x, https:\/\/i0.wp.com\/tomajazz.com\/web\/wp-content\/uploads\/2018\/11\/001-1.jpg?resize=525%2C300&ssl=1 1.5x"},"classes":[]},{"id":99791,"url":"https:\/\/tomajazz.com\/web\/daniel-roman-jazz-quintet-xi-jazzene-2025\/","url_meta":{"origin":39532,"position":4},"title":"Daniel Rom\u00e1n Jazz Quintet (XI JazzE\u00f1e 2025. Teatro Victoria Eugenia, Donosti \u2013 San Sebasti\u00e1n. 2025-07-26) Por Jos\u00e9 Luis Luna Rocafort [INSTANTZZ AKA Galer\u00eda fotogr\u00e1fica AKA Fotoblog de jazz, impro\u2026 y algo m\u00e1s]","author":"Tomajazz","date":"29 septiembre, 2025","format":false,"excerpt":"Daniel Rom\u00e1n Jazz Quintet actu\u00f3 en XI JazzE\u00f1e 2025. Jos\u00e9 Luis Luna Rocafort lo retrata en INSTANTZZ. Actuaron Daniel Rom\u00e1n, Rom\u00e1n Fili\u00fa, C\u00e9sar Fili\u00fa, \u00c1lvaro del Valle, Na\u00edma Acu\u00f1a","rel":"","context":"En \u00abXI Jazze\u00f1e 2025\u00bb","block_context":{"text":"XI Jazze\u00f1e 2025","link":"https:\/\/tomajazz.com\/web\/category\/contenidos\/especial-contenidos\/xi-jazzene-2025\/"},"img":{"alt_text":"Daniel Rom\u00e1n Jazz Quintet (XI JazzE\u00f1e 2025. Teatro Victoria Eugenia, Donosti \u2013 San Sebasti\u00e1n. 2025-07-26) Por Jos\u00e9 Luis Luna Rocafort [INSTANTZZ AKA Galer\u00eda fotogr\u00e1fica AKA Fotoblog de jazz, impro\u2026 y algo m\u00e1s] - Tomajazz - Daniel Rom\u00e1n Jazz Quintet actu\u00f3 en XI JazzE\u00f1e 2025. Jos\u00e9 Luis Luna Rocafort lo retrata en INSTANTZZ. Actuaron Daniel Rom\u00e1n, Rom\u00e1n Fili\u00fa, C\u00e9sar Fili\u00fa, \u00c1lvaro del Valle, Na\u00edma Acu\u00f1a","src":"https:\/\/i0.wp.com\/tomajazz.com\/web\/wp-content\/uploads\/2025\/09\/013-18.jpg?resize=350%2C200&ssl=1","width":350,"height":200,"srcset":"https:\/\/i0.wp.com\/tomajazz.com\/web\/wp-content\/uploads\/2025\/09\/013-18.jpg?resize=350%2C200&ssl=1 1x, https:\/\/i0.wp.com\/tomajazz.com\/web\/wp-content\/uploads\/2025\/09\/013-18.jpg?resize=525%2C300&ssl=1 1.5x"},"classes":[]},{"id":38823,"url":"https:\/\/tomajazz.com\/web\/jazzene-2018-zaragoza-del-4-al-6-de-octubre-de-2018-noticias\/","url_meta":{"origin":39532,"position":5},"title":"JazzE\u00f1e 2018 (Zaragoza. Del 4 al 6 de octubre de 2018) [Noticias]","author":"Tomajazz","date":"22 septiembre, 2018","format":false,"excerpt":"\u00a0 La Fundaci\u00f3n SGAE, en colaboraci\u00f3n con el Ayuntamiento de Zaragoza, Acci\u00f3n Cultural Espa\u00f1ola (AC\/E) y Radio 3, ha organizado la V edici\u00f3n de\u00a0JazzE\u00f1e entre el 4 y el 6 de octubre de 2018. Conciertos en formato showcase de 45 minutos Sesiones: 19 horas y 22 horas Lugar: Auditorio de\u2026","rel":"","context":"En \u00ab*_Redacci\u00f3n\u00bb","block_context":{"text":"*_Redacci\u00f3n","link":"https:\/\/tomajazz.com\/web\/category\/redaccion\/"},"img":{"alt_text":"","src":"https:\/\/i0.wp.com\/tomajazz.com\/web\/wp-content\/uploads\/2018\/09\/JazzEne-2018-360x512.jpg?resize=350%2C200&ssl=1","width":350,"height":200},"classes":[]}],"jetpack_featured_media_url":"https:\/\/tomajazz.com\/web\/wp-content\/uploads\/2018\/11\/001.jpg","_links":{"self":[{"href":"https:\/\/tomajazz.com\/web\/wp-json\/wp\/v2\/posts\/39532","targetHints":{"allow":["GET"]}}],"collection":[{"href":"https:\/\/tomajazz.com\/web\/wp-json\/wp\/v2\/posts"}],"about":[{"href":"https:\/\/tomajazz.com\/web\/wp-json\/wp\/v2\/types\/post"}],"author":[{"embeddable":true,"href":"https:\/\/tomajazz.com\/web\/wp-json\/wp\/v2\/users\/1"}],"replies":[{"embeddable":true,"href":"https:\/\/tomajazz.com\/web\/wp-json\/wp\/v2\/comments?post=39532"}],"version-history":[{"count":1,"href":"https:\/\/tomajazz.com\/web\/wp-json\/wp\/v2\/posts\/39532\/revisions"}],"predecessor-version":[{"id":39545,"href":"https:\/\/tomajazz.com\/web\/wp-json\/wp\/v2\/posts\/39532\/revisions\/39545"}],"wp:featuredmedia":[{"embeddable":true,"href":"https:\/\/tomajazz.com\/web\/wp-json\/wp\/v2\/media\/39533"}],"wp:attachment":[{"href":"https:\/\/tomajazz.com\/web\/wp-json\/wp\/v2\/media?parent=39532"}],"wp:term":[{"taxonomy":"category","embeddable":true,"href":"https:\/\/tomajazz.com\/web\/wp-json\/wp\/v2\/categories?post=39532"},{"taxonomy":"post_tag","embeddable":true,"href":"https:\/\/tomajazz.com\/web\/wp-json\/wp\/v2\/tags?post=39532"}],"curies":[{"name":"wp","href":"https:\/\/api.w.org\/{rel}","templated":true}]}}