{"id":39574,"date":"2018-11-05T07:30:17","date_gmt":"2018-11-05T06:30:17","guid":{"rendered":"https:\/\/www.tomajazz.com\/web\/?p=39574"},"modified":"2022-08-30T17:43:44","modified_gmt":"2022-08-30T15:43:44","slug":"instantzz-daniel-juarez-quinteto-especial-jazzene-2018-ivv-galeria-fotografica","status":"publish","type":"post","link":"https:\/\/tomajazz.com\/web\/instantzz-daniel-juarez-quinteto-especial-jazzene-2018-ivv-galeria-fotografica\/","title":{"rendered":"INSTANTZZ: Jerez Texas [Especial Jazze\u00f1e 2018 IV] [Galer\u00eda fotogr\u00e1fica]"},"content":{"rendered":"<p>Por\u00a0<strong>Jos\u00e9 Luis Luna Rocafort<\/strong>.<\/p>\n<p><strong>JazzE\u00f1e 2018<\/strong>. Organizado por la\u00a0<strong>Fundaci\u00f3n SGAE<\/strong>.<\/p>\n<ul>\n<li>Fecha: Jueves, 04 de octubre de 2018. 23.00h.<\/li>\n<li>Lugar: Auditorio de Zaragoza. Sala Luis Galve. Zaragoza.<\/li>\n<li>Festival: Jazz E\u00f1e 2018<\/li>\n<li>Grupo:<br \/>\n<strong>Jerez Texas<\/strong><br \/>\nRicardo Esteve: guitarra espa\u00f1ola<br \/>\nMatthieu Saglio: violonchelo<br \/>\nJes\u00fas Gimeno: bater\u00eda<\/li>\n<\/ul>\n<p style=\"text-align: center;\"><img loading=\"lazy\" decoding=\"async\" class=\"aligncenter size-large wp-image-39575\" src=\"https:\/\/tomajazz.com\/web\/wp-content\/uploads\/2018\/11\/001-1-600x400.jpg\" alt=\"\" width=\"600\" height=\"400\" title=\"\" srcset=\"https:\/\/tomajazz.com\/web\/wp-content\/uploads\/2018\/11\/001-1.jpg 600w, https:\/\/tomajazz.com\/web\/wp-content\/uploads\/2018\/11\/001-1-200x133.jpg 200w, https:\/\/tomajazz.com\/web\/wp-content\/uploads\/2018\/11\/001-1-83x55.jpg 83w, https:\/\/tomajazz.com\/web\/wp-content\/uploads\/2018\/11\/001-1-60x40.jpg 60w, https:\/\/tomajazz.com\/web\/wp-content\/uploads\/2018\/11\/001-1-120x80.jpg 120w\" sizes=\"auto, (max-width: 600px) 100vw, 600px\" \/> <img loading=\"lazy\" decoding=\"async\" class=\"aligncenter size-large wp-image-39576\" src=\"https:\/\/tomajazz.com\/web\/wp-content\/uploads\/2018\/11\/002-1-600x400.jpg\" alt=\"\" width=\"600\" height=\"400\" title=\"\" srcset=\"https:\/\/tomajazz.com\/web\/wp-content\/uploads\/2018\/11\/002-1.jpg 600w, https:\/\/tomajazz.com\/web\/wp-content\/uploads\/2018\/11\/002-1-200x133.jpg 200w, https:\/\/tomajazz.com\/web\/wp-content\/uploads\/2018\/11\/002-1-83x55.jpg 83w, https:\/\/tomajazz.com\/web\/wp-content\/uploads\/2018\/11\/002-1-60x40.jpg 60w, https:\/\/tomajazz.com\/web\/wp-content\/uploads\/2018\/11\/002-1-120x80.jpg 120w\" sizes=\"auto, (max-width: 600px) 100vw, 600px\" \/> <img loading=\"lazy\" decoding=\"async\" class=\"aligncenter size-large wp-image-39577\" src=\"https:\/\/tomajazz.com\/web\/wp-content\/uploads\/2018\/11\/003-1-600x400.jpg\" alt=\"\" width=\"600\" height=\"400\" title=\"\" srcset=\"https:\/\/tomajazz.com\/web\/wp-content\/uploads\/2018\/11\/003-1.jpg 600w, https:\/\/tomajazz.com\/web\/wp-content\/uploads\/2018\/11\/003-1-200x133.jpg 200w, https:\/\/tomajazz.com\/web\/wp-content\/uploads\/2018\/11\/003-1-83x55.jpg 83w, https:\/\/tomajazz.com\/web\/wp-content\/uploads\/2018\/11\/003-1-60x40.jpg 60w, https:\/\/tomajazz.com\/web\/wp-content\/uploads\/2018\/11\/003-1-120x80.jpg 120w\" sizes=\"auto, (max-width: 600px) 100vw, 600px\" \/> <img loading=\"lazy\" decoding=\"async\" class=\"aligncenter size-large wp-image-39578\" src=\"https:\/\/tomajazz.com\/web\/wp-content\/uploads\/2018\/11\/004-1-600x400.jpg\" alt=\"\" width=\"600\" height=\"400\" title=\"\" srcset=\"https:\/\/tomajazz.com\/web\/wp-content\/uploads\/2018\/11\/004-1.jpg 600w, https:\/\/tomajazz.com\/web\/wp-content\/uploads\/2018\/11\/004-1-200x133.jpg 200w, https:\/\/tomajazz.com\/web\/wp-content\/uploads\/2018\/11\/004-1-83x55.jpg 83w, https:\/\/tomajazz.com\/web\/wp-content\/uploads\/2018\/11\/004-1-60x40.jpg 60w, https:\/\/tomajazz.com\/web\/wp-content\/uploads\/2018\/11\/004-1-120x80.jpg 120w\" sizes=\"auto, (max-width: 600px) 100vw, 600px\" \/> <img loading=\"lazy\" decoding=\"async\" class=\"aligncenter size-large wp-image-39579\" src=\"https:\/\/tomajazz.com\/web\/wp-content\/uploads\/2018\/11\/005-1-600x400.jpg\" alt=\"\" width=\"600\" height=\"400\" title=\"\" srcset=\"https:\/\/tomajazz.com\/web\/wp-content\/uploads\/2018\/11\/005-1.jpg 600w, https:\/\/tomajazz.com\/web\/wp-content\/uploads\/2018\/11\/005-1-200x133.jpg 200w, https:\/\/tomajazz.com\/web\/wp-content\/uploads\/2018\/11\/005-1-83x55.jpg 83w, https:\/\/tomajazz.com\/web\/wp-content\/uploads\/2018\/11\/005-1-60x40.jpg 60w, https:\/\/tomajazz.com\/web\/wp-content\/uploads\/2018\/11\/005-1-120x80.jpg 120w\" sizes=\"auto, (max-width: 600px) 100vw, 600px\" \/> <img loading=\"lazy\" decoding=\"async\" class=\"aligncenter size-large wp-image-39580\" src=\"https:\/\/tomajazz.com\/web\/wp-content\/uploads\/2018\/11\/006-1-600x400.jpg\" alt=\"\" width=\"600\" height=\"400\" title=\"\" srcset=\"https:\/\/tomajazz.com\/web\/wp-content\/uploads\/2018\/11\/006-1.jpg 600w, https:\/\/tomajazz.com\/web\/wp-content\/uploads\/2018\/11\/006-1-200x133.jpg 200w, https:\/\/tomajazz.com\/web\/wp-content\/uploads\/2018\/11\/006-1-83x55.jpg 83w, https:\/\/tomajazz.com\/web\/wp-content\/uploads\/2018\/11\/006-1-60x40.jpg 60w, https:\/\/tomajazz.com\/web\/wp-content\/uploads\/2018\/11\/006-1-120x80.jpg 120w\" sizes=\"auto, (max-width: 600px) 100vw, 600px\" \/> <img loading=\"lazy\" decoding=\"async\" class=\"aligncenter size-large wp-image-39581\" src=\"https:\/\/tomajazz.com\/web\/wp-content\/uploads\/2018\/11\/007-1-600x400.jpg\" alt=\"\" width=\"600\" height=\"400\" title=\"\" srcset=\"https:\/\/tomajazz.com\/web\/wp-content\/uploads\/2018\/11\/007-1.jpg 600w, https:\/\/tomajazz.com\/web\/wp-content\/uploads\/2018\/11\/007-1-200x133.jpg 200w, https:\/\/tomajazz.com\/web\/wp-content\/uploads\/2018\/11\/007-1-83x55.jpg 83w, https:\/\/tomajazz.com\/web\/wp-content\/uploads\/2018\/11\/007-1-60x40.jpg 60w, https:\/\/tomajazz.com\/web\/wp-content\/uploads\/2018\/11\/007-1-120x80.jpg 120w\" sizes=\"auto, (max-width: 600px) 100vw, 600px\" \/> <img loading=\"lazy\" decoding=\"async\" class=\"aligncenter size-large wp-image-39582\" src=\"https:\/\/tomajazz.com\/web\/wp-content\/uploads\/2018\/11\/008-1-600x400.jpg\" alt=\"\" width=\"600\" height=\"400\" title=\"\" srcset=\"https:\/\/tomajazz.com\/web\/wp-content\/uploads\/2018\/11\/008-1.jpg 600w, https:\/\/tomajazz.com\/web\/wp-content\/uploads\/2018\/11\/008-1-200x133.jpg 200w, https:\/\/tomajazz.com\/web\/wp-content\/uploads\/2018\/11\/008-1-83x55.jpg 83w, https:\/\/tomajazz.com\/web\/wp-content\/uploads\/2018\/11\/008-1-60x40.jpg 60w, https:\/\/tomajazz.com\/web\/wp-content\/uploads\/2018\/11\/008-1-120x80.jpg 120w\" sizes=\"auto, (max-width: 600px) 100vw, 600px\" \/> <img loading=\"lazy\" decoding=\"async\" class=\"aligncenter size-large wp-image-39583\" src=\"https:\/\/tomajazz.com\/web\/wp-content\/uploads\/2018\/11\/009-1-600x400.jpg\" alt=\"\" width=\"600\" height=\"400\" title=\"\" srcset=\"https:\/\/tomajazz.com\/web\/wp-content\/uploads\/2018\/11\/009-1.jpg 600w, https:\/\/tomajazz.com\/web\/wp-content\/uploads\/2018\/11\/009-1-200x133.jpg 200w, https:\/\/tomajazz.com\/web\/wp-content\/uploads\/2018\/11\/009-1-83x55.jpg 83w, https:\/\/tomajazz.com\/web\/wp-content\/uploads\/2018\/11\/009-1-60x40.jpg 60w, https:\/\/tomajazz.com\/web\/wp-content\/uploads\/2018\/11\/009-1-120x80.jpg 120w\" sizes=\"auto, (max-width: 600px) 100vw, 600px\" \/> <img loading=\"lazy\" decoding=\"async\" class=\"aligncenter size-large wp-image-39584\" src=\"https:\/\/tomajazz.com\/web\/wp-content\/uploads\/2018\/11\/010-1-600x400.jpg\" alt=\"\" width=\"600\" height=\"400\" title=\"\" srcset=\"https:\/\/tomajazz.com\/web\/wp-content\/uploads\/2018\/11\/010-1.jpg 600w, https:\/\/tomajazz.com\/web\/wp-content\/uploads\/2018\/11\/010-1-200x133.jpg 200w, https:\/\/tomajazz.com\/web\/wp-content\/uploads\/2018\/11\/010-1-83x55.jpg 83w, https:\/\/tomajazz.com\/web\/wp-content\/uploads\/2018\/11\/010-1-60x40.jpg 60w, https:\/\/tomajazz.com\/web\/wp-content\/uploads\/2018\/11\/010-1-120x80.jpg 120w\" sizes=\"auto, (max-width: 600px) 100vw, 600px\" \/> <img loading=\"lazy\" decoding=\"async\" class=\"aligncenter size-large wp-image-39585\" src=\"https:\/\/tomajazz.com\/web\/wp-content\/uploads\/2018\/11\/011-1-600x400.jpg\" alt=\"\" width=\"600\" height=\"400\" title=\"\" srcset=\"https:\/\/tomajazz.com\/web\/wp-content\/uploads\/2018\/11\/011-1.jpg 600w, https:\/\/tomajazz.com\/web\/wp-content\/uploads\/2018\/11\/011-1-200x133.jpg 200w, https:\/\/tomajazz.com\/web\/wp-content\/uploads\/2018\/11\/011-1-83x55.jpg 83w, https:\/\/tomajazz.com\/web\/wp-content\/uploads\/2018\/11\/011-1-60x40.jpg 60w, https:\/\/tomajazz.com\/web\/wp-content\/uploads\/2018\/11\/011-1-120x80.jpg 120w\" sizes=\"auto, (max-width: 600px) 100vw, 600px\" \/> <img loading=\"lazy\" decoding=\"async\" class=\"aligncenter size-large wp-image-39586\" src=\"https:\/\/tomajazz.com\/web\/wp-content\/uploads\/2018\/11\/012-1-400x600.jpg\" alt=\"\" width=\"400\" height=\"600\" title=\"\" srcset=\"https:\/\/tomajazz.com\/web\/wp-content\/uploads\/2018\/11\/012-1.jpg 400w, https:\/\/tomajazz.com\/web\/wp-content\/uploads\/2018\/11\/012-1-200x300.jpg 200w, https:\/\/tomajazz.com\/web\/wp-content\/uploads\/2018\/11\/012-1-37x55.jpg 37w\" sizes=\"auto, (max-width: 400px) 100vw, 400px\" \/> <img loading=\"lazy\" decoding=\"async\" class=\"aligncenter size-large wp-image-39587\" src=\"https:\/\/tomajazz.com\/web\/wp-content\/uploads\/2018\/11\/013-600x400.jpg\" alt=\"\" width=\"600\" height=\"400\" title=\"\" srcset=\"https:\/\/tomajazz.com\/web\/wp-content\/uploads\/2018\/11\/013.jpg 600w, https:\/\/tomajazz.com\/web\/wp-content\/uploads\/2018\/11\/013-200x133.jpg 200w, https:\/\/tomajazz.com\/web\/wp-content\/uploads\/2018\/11\/013-83x55.jpg 83w, https:\/\/tomajazz.com\/web\/wp-content\/uploads\/2018\/11\/013-60x40.jpg 60w, https:\/\/tomajazz.com\/web\/wp-content\/uploads\/2018\/11\/013-120x80.jpg 120w\" sizes=\"auto, (max-width: 600px) 100vw, 600px\" \/><\/p>\n<p style=\"text-align: right;\">Tomajazz:\u00a0\u00a9\u00a0<strong>Jos\u00e9 Luis Luna Rocafort<\/strong>, 2018<\/p>\n","protected":false},"excerpt":{"rendered":"<p>Por\u00a0Jos\u00e9 Luis Luna Rocafort. JazzE\u00f1e 2018. Organizado por la\u00a0Fundaci\u00f3n SGAE. Fecha: Jueves, 04 de octubre de 2018. 23.00h. Lugar: Auditorio de Zaragoza. Sala Luis Galve. Zaragoza. Festival: Jazz E\u00f1e 2018 Grupo: Jerez Texas Ricardo Esteve: guitarra espa\u00f1ola Matthieu Saglio: violonchelo Jes\u00fas Gimeno: bater\u00eda Tomajazz:\u00a0\u00a9\u00a0Jos\u00e9 Luis Luna Rocafort, 2018<span class=\"more-link\"><a href=\"https:\/\/tomajazz.com\/web\/instantzz-daniel-juarez-quinteto-especial-jazzene-2018-ivv-galeria-fotografica\/\">Contin\u00faa leyendo<\/a><\/span><\/p>\n","protected":false},"author":1,"featured_media":39575,"comment_status":"open","ping_status":"closed","sticky":false,"template":"","format":"standard","meta":{"_jetpack_newsletter_access":"","_jetpack_dont_email_post_to_subs":false,"_jetpack_newsletter_tier_id":0,"_jetpack_memberships_contains_paywalled_content":false,"_jetpack_feature_clip_id":0,"_jetpack_memberships_contains_paid_content":false,"footnotes":"","jetpack_post_was_ever_published":false},"categories":[17846,11262,15516,11261,22009,1038],"tags":[12211,21406,22047,22049,10088,6813,22048],"class_list":["entry","author-pachi","post-39574","post","type-post","status-publish","format-standard","has-post-thumbnail","category-jose-luis-luna-rocafort","category-photoblogs","category-imagenes","category-instantzz","category-jazzene-2018","category-contenidos","tag-jazzene","tag-jazzene-2018","tag-jerez-texas","tag-jesus-gimeno","tag-jose-luis-luna-rocafort","tag-matthieu-saglio","tag-ricardo-esteve"],"jetpack_likes_enabled":true,"jetpack_sharing_enabled":true,"jetpack-related-posts":[{"id":106822,"url":"https:\/\/tomajazz.com\/web\/javi-ruibal-cuarteto-xxii-jazzene-2026\/","url_meta":{"origin":39574,"position":0},"title":"Javi Ruibal Cuarteto (XII JazzE\u00f1e 2026. Teatro Victoria Eugenia, Donostia &#8211; San Sebasti\u00e1n. 2026-07-22) Por Jos\u00e9 Luis Luna Rocafort [INSTANTZZ AKA Galer\u00eda fotogr\u00e1fica AKA Fotoblog de jazz, impro\u2026 y algo m\u00e1s]","author":"Tomajazz","date":"28 agosto, 2026","format":false,"excerpt":"Javi Ruibal Cuarteto actu\u00f3 en el XXII JazzE\u00f1e 2026. Jos\u00e9 Luis Luna Rocafort lo retrata en INSTANTZZ. Javi Ruibal Cuarteto son Javi Ruibal, Diego Villegas, Oscar \u00c1lvarez, Alejandro Marcos","rel":"","context":"En \u00abXII JazzE\u00f1e 2026\u00bb","block_context":{"text":"XII JazzE\u00f1e 2026","link":"https:\/\/tomajazz.com\/web\/category\/contenidos\/especial-contenidos\/xii-jazzene-2026\/"},"img":{"alt_text":"Javi Ruibal Cuarteto (XXII JazzE\u00f1e 2026. Teatro Victoria Eugenia, Donostia - San Sebasti\u00e1n. 2026-07-22) Por Jos\u00e9 Luis Luna Rocafort [INSTANTZZ AKA Galer\u00eda fotogr\u00e1fica AKA Fotoblog de jazz, impro\u2026 y algo m\u00e1s] - Tomajazz - Javi Ruibal Cuarteto actu\u00f3 en el XXII JazzE\u00f1e 2026. Jos\u00e9 Luis Luna Rocafort lo retrata en INSTANTZZ. Javi Ruibal Cuarteto son Javi Ruibal, Diego Villegas, Oscar \u00c1lvarez, Alejandro Marcos","src":"https:\/\/i0.wp.com\/tomajazz.com\/web\/wp-content\/uploads\/2026\/08\/016-13.jpg?resize=350%2C200&ssl=1","width":350,"height":200,"srcset":"https:\/\/i0.wp.com\/tomajazz.com\/web\/wp-content\/uploads\/2026\/08\/016-13.jpg?resize=350%2C200&ssl=1 1x, https:\/\/i0.wp.com\/tomajazz.com\/web\/wp-content\/uploads\/2026\/08\/016-13.jpg?resize=525%2C300&ssl=1 1.5x"},"classes":[]},{"id":106987,"url":"https:\/\/tomajazz.com\/web\/xan-campos-jazzene-2026\/","url_meta":{"origin":39574,"position":1},"title":"Xan Campos : Amorodios (XII JazzE\u00f1e 2026. Teatro Victoria Eugenia, Donostia &#8211; San Sebasti\u00e1n. 2026-07-22) Por Jos\u00e9 Luis Luna Rocafort [INSTANTZZ AKA Galer\u00eda fotogr\u00e1fica AKA Fotoblog de jazz, impro\u2026 y algo m\u00e1s]","author":"Tomajazz","date":"3 septiembre, 2026","format":false,"excerpt":"Xan Campos: Amorodios actu\u00f3 en el XII JazzE\u00f1e 2026 en el Teatro Victoria Eugenia, de San Sebasti\u00e1n el 22 de julio de 2026. Jos\u00e9 Luis Luna Rocafort lo retrata en INSTANTZZ. Actuaron Xan Campos, Faia D\u00edaz, Felix Barth, Iago Fern\u00e1ndez","rel":"","context":"En \u00ab*_Jos\u00e9 Luis Luna Rocafort\u00bb","block_context":{"text":"*_Jos\u00e9 Luis Luna Rocafort","link":"https:\/\/tomajazz.com\/web\/category\/jose-luis-luna-rocafort\/"},"img":{"alt_text":"Xan Campos : Amorodios (XII JazzE\u00f1e 2026. Teatro Victoria Eugenia, Donostia - San Sebasti\u00e1n. 2026-07-22) Por Jos\u00e9 Luis Luna Rocafort [INSTANTZZ AKA Galer\u00eda fotogr\u00e1fica AKA Fotoblog de jazz, impro\u2026 y algo m\u00e1s] - Tomajazz - Xan Campos: Amorodios actu\u00f3 en el XII JazzE\u00f1e 2026 en el Teatro Victoria Eugenia, de San Sebasti\u00e1n el 22 de julio de 2026. Jos\u00e9 Luis Luna Rocafort lo retrata en INSTANTZZ. Actuaron Xan Campos, Faia D\u00edaz, Feliz Barth, Iago Fern\u00e1ndez","src":"https:\/\/i0.wp.com\/tomajazz.com\/web\/wp-content\/uploads\/2026\/09\/019-1.jpg?resize=350%2C200&ssl=1","width":350,"height":200,"srcset":"https:\/\/i0.wp.com\/tomajazz.com\/web\/wp-content\/uploads\/2026\/09\/019-1.jpg?resize=350%2C200&ssl=1 1x, https:\/\/i0.wp.com\/tomajazz.com\/web\/wp-content\/uploads\/2026\/09\/019-1.jpg?resize=525%2C300&ssl=1 1.5x"},"classes":[]},{"id":38823,"url":"https:\/\/tomajazz.com\/web\/jazzene-2018-zaragoza-del-4-al-6-de-octubre-de-2018-noticias\/","url_meta":{"origin":39574,"position":2},"title":"JazzE\u00f1e 2018 (Zaragoza. Del 4 al 6 de octubre de 2018) [Noticias]","author":"Tomajazz","date":"22 septiembre, 2018","format":false,"excerpt":"\u00a0 La Fundaci\u00f3n SGAE, en colaboraci\u00f3n con el Ayuntamiento de Zaragoza, Acci\u00f3n Cultural Espa\u00f1ola (AC\/E) y Radio 3, ha organizado la V edici\u00f3n de\u00a0JazzE\u00f1e entre el 4 y el 6 de octubre de 2018. Conciertos en formato showcase de 45 minutos Sesiones: 19 horas y 22 horas Lugar: Auditorio de\u2026","rel":"","context":"En \u00ab*_Redacci\u00f3n\u00bb","block_context":{"text":"*_Redacci\u00f3n","link":"https:\/\/tomajazz.com\/web\/category\/redaccion\/"},"img":{"alt_text":"","src":"https:\/\/i0.wp.com\/tomajazz.com\/web\/wp-content\/uploads\/2018\/09\/JazzEne-2018-360x512.jpg?resize=350%2C200&ssl=1","width":350,"height":200},"classes":[]},{"id":39457,"url":"https:\/\/tomajazz.com\/web\/instantzz-enriquito-especial-jazzene-2018-ii-galeria-fotografica\/","url_meta":{"origin":39574,"position":3},"title":"INSTANTZZ: Enriquito [Especial Jazze\u00f1e 2018 II] [Galer\u00eda fotogr\u00e1fica]","author":"Tomajazz","date":"31 octubre, 2018","format":false,"excerpt":"Por\u00a0Jos\u00e9 Luis Luna Rocafort. JazzE\u00f1e 2018. Organizado por la Fundaci\u00f3n SGAE. Fecha: Jueves, 04 de octubre de 2018. 20.00h. Lugar: Auditorio de Zaragoza. Sala Luis Galve. Zaragoza. Festival: Jazz E\u00f1e 2018 Grupo: Enriquito Quinteto \"Enriquito\" Rodriguez: trompeta, fliscorno Jos\u00e9 Mar\u00eda Pedraza: piano, teclados Paco Soto: guitarra espa\u00f1ola Jes\u00fas Bachiller: bajo\u2026","rel":"","context":"En \u00ab*_Jos\u00e9 Luis Luna Rocafort\u00bb","block_context":{"text":"*_Jos\u00e9 Luis Luna Rocafort","link":"https:\/\/tomajazz.com\/web\/category\/jose-luis-luna-rocafort\/"},"img":{"alt_text":"","src":"https:\/\/i0.wp.com\/tomajazz.com\/web\/wp-content\/uploads\/2018\/10\/006-3.jpg?resize=350%2C200&ssl=1","width":350,"height":200,"srcset":"https:\/\/i0.wp.com\/tomajazz.com\/web\/wp-content\/uploads\/2018\/10\/006-3.jpg?resize=350%2C200&ssl=1 1x, https:\/\/i0.wp.com\/tomajazz.com\/web\/wp-content\/uploads\/2018\/10\/006-3.jpg?resize=525%2C300&ssl=1 1.5x"},"classes":[]},{"id":39887,"url":"https:\/\/tomajazz.com\/web\/instantzz-nanjazz-especial-jazzene-2018-ix-galeria-fotografica\/","url_meta":{"origin":39574,"position":4},"title":"INSTANTZZ: Nanjazz [Especial Jazze\u00f1e 2018 X] [Galer\u00eda fotogr\u00e1fica]","author":"Tomajazz","date":"19 noviembre, 2018","format":false,"excerpt":"Por\u00a0Jos\u00e9 Luis Luna Rocafort. JazzE\u00f1e 2018. Organizado por la\u00a0Fundaci\u00f3n SGAE. Fecha: S\u00e1bado, 06 de octubre de 2018. 20:00h. Lugar: Auditorio de Zaragoza. Sala Luis Galve. Zaragoza. Festival: Jazz E\u00f1e 2018 Grupo: Nanjazz Ad\u00e1n Gim\u00e9nez: piano Gerardo L\u00f3pez Pontaque: trompeta, fiscorno Jes\u00fas Mart\u00ed: bajo el\u00e9ctrico Ra\u00fal Gim\u00e9nez: cante Marcos Gim\u00e9nez: percusi\u00f3n\u2026","rel":"","context":"En \u00ab*_Jos\u00e9 Luis Luna Rocafort\u00bb","block_context":{"text":"*_Jos\u00e9 Luis Luna Rocafort","link":"https:\/\/tomajazz.com\/web\/category\/jose-luis-luna-rocafort\/"},"img":{"alt_text":"","src":"https:\/\/i0.wp.com\/tomajazz.com\/web\/wp-content\/uploads\/2018\/11\/012-7.jpg?resize=350%2C200&ssl=1","width":350,"height":200,"srcset":"https:\/\/i0.wp.com\/tomajazz.com\/web\/wp-content\/uploads\/2018\/11\/012-7.jpg?resize=350%2C200&ssl=1 1x, https:\/\/i0.wp.com\/tomajazz.com\/web\/wp-content\/uploads\/2018\/11\/012-7.jpg?resize=525%2C300&ssl=1 1.5x"},"classes":[]},{"id":39735,"url":"https:\/\/tomajazz.com\/web\/instantzz-amos-lora-especial-jazzene-2018-vi-galeria-fotografica\/","url_meta":{"origin":39574,"position":5},"title":"INSTANTZZ: Am\u00f3s Lora [Especial Jazze\u00f1e 2018 VII] [Galer\u00eda fotogr\u00e1fica]","author":"Tomajazz","date":"12 noviembre, 2018","format":false,"excerpt":"Por\u00a0Jos\u00e9 Luis Luna Rocafort. JazzE\u00f1e 2018. Organizado por la\u00a0Fundaci\u00f3n SGAE. Fecha: Viernes, 05 de octubre de 2018. 22:00h. Lugar: Auditorio de Zaragoza. Sala Luis Galve. Zaragoza. Festival: Jazz E\u00f1e 2018 Grupo: Am\u00f3s Lora Am\u00f3s Lora: guitarra espa\u00f1ola Gito Malet\u00e1: piano, percusiones Tomajazz:\u00a0\u00a9\u00a0Jos\u00e9 Luis Luna Rocafort, 2018","rel":"","context":"En \u00ab*_Jos\u00e9 Luis Luna Rocafort\u00bb","block_context":{"text":"*_Jos\u00e9 Luis Luna Rocafort","link":"https:\/\/tomajazz.com\/web\/category\/jose-luis-luna-rocafort\/"},"img":{"alt_text":"","src":"https:\/\/i0.wp.com\/tomajazz.com\/web\/wp-content\/uploads\/2018\/11\/006-4.jpg?resize=350%2C200&ssl=1","width":350,"height":200,"srcset":"https:\/\/i0.wp.com\/tomajazz.com\/web\/wp-content\/uploads\/2018\/11\/006-4.jpg?resize=350%2C200&ssl=1 1x, https:\/\/i0.wp.com\/tomajazz.com\/web\/wp-content\/uploads\/2018\/11\/006-4.jpg?resize=525%2C300&ssl=1 1.5x"},"classes":[]}],"jetpack_featured_media_url":"https:\/\/tomajazz.com\/web\/wp-content\/uploads\/2018\/11\/001-1.jpg","_links":{"self":[{"href":"https:\/\/tomajazz.com\/web\/wp-json\/wp\/v2\/posts\/39574","targetHints":{"allow":["GET"]}}],"collection":[{"href":"https:\/\/tomajazz.com\/web\/wp-json\/wp\/v2\/posts"}],"about":[{"href":"https:\/\/tomajazz.com\/web\/wp-json\/wp\/v2\/types\/post"}],"author":[{"embeddable":true,"href":"https:\/\/tomajazz.com\/web\/wp-json\/wp\/v2\/users\/1"}],"replies":[{"embeddable":true,"href":"https:\/\/tomajazz.com\/web\/wp-json\/wp\/v2\/comments?post=39574"}],"version-history":[{"count":2,"href":"https:\/\/tomajazz.com\/web\/wp-json\/wp\/v2\/posts\/39574\/revisions"}],"predecessor-version":[{"id":39590,"href":"https:\/\/tomajazz.com\/web\/wp-json\/wp\/v2\/posts\/39574\/revisions\/39590"}],"wp:featuredmedia":[{"embeddable":true,"href":"https:\/\/tomajazz.com\/web\/wp-json\/wp\/v2\/media\/39575"}],"wp:attachment":[{"href":"https:\/\/tomajazz.com\/web\/wp-json\/wp\/v2\/media?parent=39574"}],"wp:term":[{"taxonomy":"category","embeddable":true,"href":"https:\/\/tomajazz.com\/web\/wp-json\/wp\/v2\/categories?post=39574"},{"taxonomy":"post_tag","embeddable":true,"href":"https:\/\/tomajazz.com\/web\/wp-json\/wp\/v2\/tags?post=39574"}],"curies":[{"name":"wp","href":"https:\/\/api.w.org\/{rel}","templated":true}]}}