{"id":41661,"date":"2019-02-08T18:30:12","date_gmt":"2019-02-08T17:30:12","guid":{"rendered":"https:\/\/www.tomajazz.com\/web\/?p=41661"},"modified":"2022-08-28T18:52:58","modified_gmt":"2022-08-28T16:52:58","slug":"instantzz-nayla-yenkis-the-funkers-revetla-sant-sebastia-palma-de-mallorca-2019-01-19-galeria-fotografica-2","status":"publish","type":"post","link":"https:\/\/tomajazz.com\/web\/instantzz-nayla-yenkis-the-funkers-revetla-sant-sebastia-palma-de-mallorca-2019-01-19-galeria-fotografica-2\/","title":{"rendered":"INSTANTZZ: 3MA (CaixaForum Palma. 2019-01-22) [Galer\u00eda fotogr\u00e1fica]"},"content":{"rendered":"<p>Por\u00a0<strong>Jos\u00e9 Luis Luna Rocafort<\/strong>.<\/p>\n<ul>\n<li>Fecha: Martes, 22 de enero de 2019. 19:00h.<\/li>\n<li>Lugar: CaixaForum Palma.<\/li>\n<li>Grupo:<br \/>\n<strong>3MA<\/strong><br \/>\nBallak\u00e9 Sissoko: kora, voces<br \/>\nDriss El Maloumi : oud, voces<br \/>\nRajery: valiha, voces<\/li>\n<\/ul>\n<p style=\"text-align: center;\"><img loading=\"lazy\" decoding=\"async\" class=\"aligncenter size-large wp-image-41662\" src=\"https:\/\/tomajazz.com\/web\/wp-content\/uploads\/2019\/02\/001-2-600x400.jpg\" alt=\"\" width=\"600\" height=\"400\" title=\"\" srcset=\"https:\/\/tomajazz.com\/web\/wp-content\/uploads\/2019\/02\/001-2.jpg 600w, https:\/\/tomajazz.com\/web\/wp-content\/uploads\/2019\/02\/001-2-200x133.jpg 200w, https:\/\/tomajazz.com\/web\/wp-content\/uploads\/2019\/02\/001-2-83x55.jpg 83w, https:\/\/tomajazz.com\/web\/wp-content\/uploads\/2019\/02\/001-2-60x40.jpg 60w, https:\/\/tomajazz.com\/web\/wp-content\/uploads\/2019\/02\/001-2-120x80.jpg 120w\" sizes=\"auto, (max-width: 600px) 100vw, 600px\" \/> <img loading=\"lazy\" decoding=\"async\" class=\"aligncenter size-large wp-image-41663\" src=\"https:\/\/tomajazz.com\/web\/wp-content\/uploads\/2019\/02\/002-2-400x600.jpg\" alt=\"\" width=\"400\" height=\"600\" title=\"\" srcset=\"https:\/\/tomajazz.com\/web\/wp-content\/uploads\/2019\/02\/002-2.jpg 400w, https:\/\/tomajazz.com\/web\/wp-content\/uploads\/2019\/02\/002-2-200x300.jpg 200w, https:\/\/tomajazz.com\/web\/wp-content\/uploads\/2019\/02\/002-2-37x55.jpg 37w\" sizes=\"auto, (max-width: 400px) 100vw, 400px\" \/> <img loading=\"lazy\" decoding=\"async\" class=\"aligncenter size-large wp-image-41664\" src=\"https:\/\/tomajazz.com\/web\/wp-content\/uploads\/2019\/02\/003-2-600x400.jpg\" alt=\"\" width=\"600\" height=\"400\" title=\"\" srcset=\"https:\/\/tomajazz.com\/web\/wp-content\/uploads\/2019\/02\/003-2.jpg 600w, https:\/\/tomajazz.com\/web\/wp-content\/uploads\/2019\/02\/003-2-200x133.jpg 200w, https:\/\/tomajazz.com\/web\/wp-content\/uploads\/2019\/02\/003-2-83x55.jpg 83w, https:\/\/tomajazz.com\/web\/wp-content\/uploads\/2019\/02\/003-2-60x40.jpg 60w, https:\/\/tomajazz.com\/web\/wp-content\/uploads\/2019\/02\/003-2-120x80.jpg 120w\" sizes=\"auto, (max-width: 600px) 100vw, 600px\" \/> <img loading=\"lazy\" decoding=\"async\" class=\"aligncenter size-large wp-image-41665\" src=\"https:\/\/tomajazz.com\/web\/wp-content\/uploads\/2019\/02\/004-2-600x400.jpg\" alt=\"\" width=\"600\" height=\"400\" title=\"\" srcset=\"https:\/\/tomajazz.com\/web\/wp-content\/uploads\/2019\/02\/004-2.jpg 600w, https:\/\/tomajazz.com\/web\/wp-content\/uploads\/2019\/02\/004-2-200x133.jpg 200w, https:\/\/tomajazz.com\/web\/wp-content\/uploads\/2019\/02\/004-2-83x55.jpg 83w, https:\/\/tomajazz.com\/web\/wp-content\/uploads\/2019\/02\/004-2-60x40.jpg 60w, https:\/\/tomajazz.com\/web\/wp-content\/uploads\/2019\/02\/004-2-120x80.jpg 120w\" sizes=\"auto, (max-width: 600px) 100vw, 600px\" \/> <img loading=\"lazy\" decoding=\"async\" class=\"aligncenter size-large wp-image-41666\" src=\"https:\/\/tomajazz.com\/web\/wp-content\/uploads\/2019\/02\/005-2-600x400.jpg\" alt=\"\" width=\"600\" height=\"400\" title=\"\" srcset=\"https:\/\/tomajazz.com\/web\/wp-content\/uploads\/2019\/02\/005-2.jpg 600w, https:\/\/tomajazz.com\/web\/wp-content\/uploads\/2019\/02\/005-2-200x133.jpg 200w, https:\/\/tomajazz.com\/web\/wp-content\/uploads\/2019\/02\/005-2-83x55.jpg 83w, https:\/\/tomajazz.com\/web\/wp-content\/uploads\/2019\/02\/005-2-60x40.jpg 60w, https:\/\/tomajazz.com\/web\/wp-content\/uploads\/2019\/02\/005-2-120x80.jpg 120w\" sizes=\"auto, (max-width: 600px) 100vw, 600px\" \/> <img loading=\"lazy\" decoding=\"async\" class=\"aligncenter size-large wp-image-41667\" src=\"https:\/\/tomajazz.com\/web\/wp-content\/uploads\/2019\/02\/006-2-600x400.jpg\" alt=\"\" width=\"600\" height=\"400\" title=\"\" srcset=\"https:\/\/tomajazz.com\/web\/wp-content\/uploads\/2019\/02\/006-2.jpg 600w, https:\/\/tomajazz.com\/web\/wp-content\/uploads\/2019\/02\/006-2-200x133.jpg 200w, https:\/\/tomajazz.com\/web\/wp-content\/uploads\/2019\/02\/006-2-83x55.jpg 83w, https:\/\/tomajazz.com\/web\/wp-content\/uploads\/2019\/02\/006-2-60x40.jpg 60w, https:\/\/tomajazz.com\/web\/wp-content\/uploads\/2019\/02\/006-2-120x80.jpg 120w\" sizes=\"auto, (max-width: 600px) 100vw, 600px\" \/> <img loading=\"lazy\" decoding=\"async\" class=\"aligncenter size-large wp-image-41668\" src=\"https:\/\/tomajazz.com\/web\/wp-content\/uploads\/2019\/02\/007-2-400x600.jpg\" alt=\"\" width=\"400\" height=\"600\" title=\"\" srcset=\"https:\/\/tomajazz.com\/web\/wp-content\/uploads\/2019\/02\/007-2.jpg 400w, https:\/\/tomajazz.com\/web\/wp-content\/uploads\/2019\/02\/007-2-200x300.jpg 200w, https:\/\/tomajazz.com\/web\/wp-content\/uploads\/2019\/02\/007-2-37x55.jpg 37w\" sizes=\"auto, (max-width: 400px) 100vw, 400px\" \/> <img loading=\"lazy\" decoding=\"async\" class=\"aligncenter size-large wp-image-41669\" src=\"https:\/\/tomajazz.com\/web\/wp-content\/uploads\/2019\/02\/008-2-600x400.jpg\" alt=\"\" width=\"600\" height=\"400\" title=\"\" srcset=\"https:\/\/tomajazz.com\/web\/wp-content\/uploads\/2019\/02\/008-2.jpg 600w, https:\/\/tomajazz.com\/web\/wp-content\/uploads\/2019\/02\/008-2-200x133.jpg 200w, https:\/\/tomajazz.com\/web\/wp-content\/uploads\/2019\/02\/008-2-83x55.jpg 83w, https:\/\/tomajazz.com\/web\/wp-content\/uploads\/2019\/02\/008-2-60x40.jpg 60w, https:\/\/tomajazz.com\/web\/wp-content\/uploads\/2019\/02\/008-2-120x80.jpg 120w\" sizes=\"auto, (max-width: 600px) 100vw, 600px\" \/> <img loading=\"lazy\" decoding=\"async\" class=\"aligncenter size-large wp-image-41670\" src=\"https:\/\/tomajazz.com\/web\/wp-content\/uploads\/2019\/02\/009-2-600x400.jpg\" alt=\"\" width=\"600\" height=\"400\" title=\"\" srcset=\"https:\/\/tomajazz.com\/web\/wp-content\/uploads\/2019\/02\/009-2.jpg 600w, https:\/\/tomajazz.com\/web\/wp-content\/uploads\/2019\/02\/009-2-200x133.jpg 200w, https:\/\/tomajazz.com\/web\/wp-content\/uploads\/2019\/02\/009-2-83x55.jpg 83w, https:\/\/tomajazz.com\/web\/wp-content\/uploads\/2019\/02\/009-2-60x40.jpg 60w, https:\/\/tomajazz.com\/web\/wp-content\/uploads\/2019\/02\/009-2-120x80.jpg 120w\" sizes=\"auto, (max-width: 600px) 100vw, 600px\" \/> <img loading=\"lazy\" decoding=\"async\" class=\"aligncenter size-large wp-image-41671\" src=\"https:\/\/tomajazz.com\/web\/wp-content\/uploads\/2019\/02\/010-2-600x400.jpg\" alt=\"\" width=\"600\" height=\"400\" title=\"\" srcset=\"https:\/\/tomajazz.com\/web\/wp-content\/uploads\/2019\/02\/010-2.jpg 600w, https:\/\/tomajazz.com\/web\/wp-content\/uploads\/2019\/02\/010-2-200x133.jpg 200w, https:\/\/tomajazz.com\/web\/wp-content\/uploads\/2019\/02\/010-2-83x55.jpg 83w, https:\/\/tomajazz.com\/web\/wp-content\/uploads\/2019\/02\/010-2-60x40.jpg 60w, https:\/\/tomajazz.com\/web\/wp-content\/uploads\/2019\/02\/010-2-120x80.jpg 120w\" sizes=\"auto, (max-width: 600px) 100vw, 600px\" \/> <img loading=\"lazy\" decoding=\"async\" class=\"aligncenter size-large wp-image-41672\" src=\"https:\/\/tomajazz.com\/web\/wp-content\/uploads\/2019\/02\/011-2-600x400.jpg\" alt=\"\" width=\"600\" height=\"400\" title=\"\" srcset=\"https:\/\/tomajazz.com\/web\/wp-content\/uploads\/2019\/02\/011-2.jpg 600w, https:\/\/tomajazz.com\/web\/wp-content\/uploads\/2019\/02\/011-2-200x133.jpg 200w, https:\/\/tomajazz.com\/web\/wp-content\/uploads\/2019\/02\/011-2-83x55.jpg 83w, https:\/\/tomajazz.com\/web\/wp-content\/uploads\/2019\/02\/011-2-60x40.jpg 60w, https:\/\/tomajazz.com\/web\/wp-content\/uploads\/2019\/02\/011-2-120x80.jpg 120w\" sizes=\"auto, (max-width: 600px) 100vw, 600px\" \/> <img loading=\"lazy\" decoding=\"async\" class=\"aligncenter size-large wp-image-41673\" src=\"https:\/\/tomajazz.com\/web\/wp-content\/uploads\/2019\/02\/012-2-400x600.jpg\" alt=\"\" width=\"400\" height=\"600\" title=\"\" srcset=\"https:\/\/tomajazz.com\/web\/wp-content\/uploads\/2019\/02\/012-2.jpg 400w, https:\/\/tomajazz.com\/web\/wp-content\/uploads\/2019\/02\/012-2-200x300.jpg 200w, https:\/\/tomajazz.com\/web\/wp-content\/uploads\/2019\/02\/012-2-37x55.jpg 37w\" sizes=\"auto, (max-width: 400px) 100vw, 400px\" \/> <img loading=\"lazy\" decoding=\"async\" class=\"aligncenter size-large wp-image-41674\" src=\"https:\/\/tomajazz.com\/web\/wp-content\/uploads\/2019\/02\/013-1-600x400.jpg\" alt=\"\" width=\"600\" height=\"400\" title=\"\" srcset=\"https:\/\/tomajazz.com\/web\/wp-content\/uploads\/2019\/02\/013-1.jpg 600w, https:\/\/tomajazz.com\/web\/wp-content\/uploads\/2019\/02\/013-1-200x133.jpg 200w, https:\/\/tomajazz.com\/web\/wp-content\/uploads\/2019\/02\/013-1-83x55.jpg 83w, https:\/\/tomajazz.com\/web\/wp-content\/uploads\/2019\/02\/013-1-60x40.jpg 60w, https:\/\/tomajazz.com\/web\/wp-content\/uploads\/2019\/02\/013-1-120x80.jpg 120w\" sizes=\"auto, (max-width: 600px) 100vw, 600px\" \/> <img loading=\"lazy\" decoding=\"async\" class=\"aligncenter size-large wp-image-41675\" src=\"https:\/\/tomajazz.com\/web\/wp-content\/uploads\/2019\/02\/014-1-400x600.jpg\" alt=\"\" width=\"400\" height=\"600\" title=\"\" srcset=\"https:\/\/tomajazz.com\/web\/wp-content\/uploads\/2019\/02\/014-1.jpg 400w, https:\/\/tomajazz.com\/web\/wp-content\/uploads\/2019\/02\/014-1-200x300.jpg 200w, https:\/\/tomajazz.com\/web\/wp-content\/uploads\/2019\/02\/014-1-37x55.jpg 37w\" sizes=\"auto, (max-width: 400px) 100vw, 400px\" \/> <img loading=\"lazy\" decoding=\"async\" class=\"aligncenter size-large wp-image-41676\" src=\"https:\/\/tomajazz.com\/web\/wp-content\/uploads\/2019\/02\/015-1-600x400.jpg\" alt=\"\" width=\"600\" height=\"400\" title=\"\" srcset=\"https:\/\/tomajazz.com\/web\/wp-content\/uploads\/2019\/02\/015-1.jpg 600w, https:\/\/tomajazz.com\/web\/wp-content\/uploads\/2019\/02\/015-1-200x133.jpg 200w, https:\/\/tomajazz.com\/web\/wp-content\/uploads\/2019\/02\/015-1-83x55.jpg 83w, https:\/\/tomajazz.com\/web\/wp-content\/uploads\/2019\/02\/015-1-60x40.jpg 60w, https:\/\/tomajazz.com\/web\/wp-content\/uploads\/2019\/02\/015-1-120x80.jpg 120w\" sizes=\"auto, (max-width: 600px) 100vw, 600px\" \/><\/p>\n<p style=\"text-align: right;\">Tomajazz:\u00a0\u00a9\u00a0<strong>Jos\u00e9 Luis Luna Rocafort<\/strong>, 2019<\/p>\n","protected":false},"excerpt":{"rendered":"<p>Por\u00a0Jos\u00e9 Luis Luna Rocafort. Fecha: Martes, 22 de enero de 2019. 19:00h. Lugar: CaixaForum Palma. Grupo: 3MA Ballak\u00e9 Sissoko: kora, voces Driss El Maloumi : oud, voces Rajery: valiha, voces Tomajazz:\u00a0\u00a9\u00a0Jos\u00e9 Luis Luna Rocafort, 2019<span class=\"more-link\"><a href=\"https:\/\/tomajazz.com\/web\/instantzz-nayla-yenkis-the-funkers-revetla-sant-sebastia-palma-de-mallorca-2019-01-19-galeria-fotografica-2\/\">Contin\u00faa leyendo<\/a><\/span><\/p>\n","protected":false},"author":1,"featured_media":41672,"comment_status":"open","ping_status":"closed","sticky":false,"template":"","format":"standard","meta":{"jetpack_post_was_ever_published":false,"_jetpack_newsletter_access":"","_jetpack_dont_email_post_to_subs":false,"_jetpack_newsletter_tier_id":0,"_jetpack_memberships_contains_paywalled_content":false,"_jetpack_memberships_contains_paid_content":false,"footnotes":""},"categories":[17846,11262,15516,11261,1038],"tags":[22536,22537,22538,10088,22539],"class_list":["entry","author-pachi","post-41661","post","type-post","status-publish","format-standard","has-post-thumbnail","category-jose-luis-luna-rocafort","category-photoblogs","category-imagenes","category-instantzz","category-contenidos","tag-3ma","tag-ballake-sissoko","tag-driss-el-maloumi","tag-jose-luis-luna-rocafort","tag-rajery"],"jetpack_featured_media_url":"https:\/\/tomajazz.com\/web\/wp-content\/uploads\/2019\/02\/011-2.jpg","jetpack_likes_enabled":true,"jetpack_sharing_enabled":true,"jetpack-related-posts":[{"id":104926,"url":"https:\/\/tomajazz.com\/web\/ringmasters-caixaforum-palma-2026\/","url_meta":{"origin":41661,"position":0},"title":"Ringmasters (Caixaforum Palma. 2026-04-14) Por Jos\u00e9 Luis Luna Rocafort [INSTANTZZ AKA Galer\u00eda fotogr\u00e1fica AKA Fotoblog de jazz, impro\u2026 y algo m\u00e1s]","author":"Tomajazz","date":"17 abril, 2026","format":false,"excerpt":"Ringmasters actu\u00f3 en Caixaforum Palma, el 14 de abril de 2026. Jos\u00e9 Luis Luna Rocafort retrata el concierto en INSTANTZZ. Con Jakob Stenberg, V\u00edctor Nilsson, Didier Linder, Philip H\u00e4llstr\u00f6m","rel":"","context":"En \u00ab*_Jos\u00e9 Luis Luna Rocafort\u00bb","block_context":{"text":"*_Jos\u00e9 Luis Luna Rocafort","link":"https:\/\/tomajazz.com\/web\/category\/jose-luis-luna-rocafort\/"},"img":{"alt_text":"Ringmasters (Caixaforum Palma. 2026-04-14) Por Jos\u00e9 Luis Luna Rocafort [INSTANTZZ AKA Galer\u00eda fotogr\u00e1fica AKA Fotoblog de jazz, impro\u2026 y algo m\u00e1s] - Tomajazz - Ringmasters actu\u00f3 en Caixaforum Palma, el 14 de abril de 2026. Jos\u00e9 Luis Luna Rocafort retrata el concierto en INSTANTZZ. Con Jakob Stenberg, V\u00edctor Nilsson, Didier Linder","src":"https:\/\/i0.wp.com\/tomajazz.com\/web\/wp-content\/uploads\/2026\/04\/007.jpg?resize=350%2C200&ssl=1","width":350,"height":200,"srcset":"https:\/\/i0.wp.com\/tomajazz.com\/web\/wp-content\/uploads\/2026\/04\/007.jpg?resize=350%2C200&ssl=1 1x, https:\/\/i0.wp.com\/tomajazz.com\/web\/wp-content\/uploads\/2026\/04\/007.jpg?resize=525%2C300&ssl=1 1.5x"},"classes":[]},{"id":103790,"url":"https:\/\/tomajazz.com\/web\/new-orleans-gospel-4tet-caixaforum-palma-2026\/","url_meta":{"origin":41661,"position":1},"title":"New Orleans Gospel 4tet (Caixaforum Palma. 2026-01-27) Por Jos\u00e9 Luis Luna Rocafort [INSTANTZZ AKA Galer\u00eda fotogr\u00e1fica AKA Fotoblog de jazz, impro\u2026 y algo m\u00e1s]","author":"Tomajazz","date":"30 enero, 2026","format":false,"excerpt":"New Orleans Gospel 4tet actu\u00f3 en Caixaforum Palma el 27 de enero de 2026. Jos\u00e9 Luis Luna Rocafort lo retrata en INSTANTZZ. Con Flora Sicot, Rachel Ratsizafy, David Bardy, Sylvain Padra","rel":"","context":"En \u00abINSTANTZZ\u00bb","block_context":{"text":"INSTANTZZ","link":"https:\/\/tomajazz.com\/web\/category\/contenidos\/imagenes\/photoblogs\/instantzz\/"},"img":{"alt_text":"New Orleans Gospel 4tet (Caixaforum Palma. 2026-01-27) Por Jos\u00e9 Luis Luna Rocafort [INSTANTZZ AKA Galer\u00eda fotogr\u00e1fica AKA Fotoblog de jazz, impro\u2026 y algo m\u00e1s] - Tomajazz - New Orleans Gospel 4tet actu\u00f3 en Caixaforum Palma el 27 de enero de 2026. Jos\u00e9 Luis Luna Rocafort lo retrata en INSTANTZZ","src":"https:\/\/i0.wp.com\/tomajazz.com\/web\/wp-content\/uploads\/2026\/01\/018-9.jpg?resize=350%2C200&ssl=1","width":350,"height":200,"srcset":"https:\/\/i0.wp.com\/tomajazz.com\/web\/wp-content\/uploads\/2026\/01\/018-9.jpg?resize=350%2C200&ssl=1 1x, https:\/\/i0.wp.com\/tomajazz.com\/web\/wp-content\/uploads\/2026\/01\/018-9.jpg?resize=525%2C300&ssl=1 1.5x"},"classes":[]},{"id":103631,"url":"https:\/\/tomajazz.com\/web\/baiao-de-duas-caixaforum-palma-2025\/","url_meta":{"origin":41661,"position":2},"title":"Baiao de Duas (Caixaforum Palma. 2025-12-27) Por Jos\u00e9 Luis Luna Rocafort [INSTANTZZ AKA Galer\u00eda fotogr\u00e1fica AKA Fotoblog de jazz, impro\u2026 y algo m\u00e1s]","author":"Tomajazz","date":"21 enero, 2026","format":false,"excerpt":"Baiao de Duas actu\u00f3 en Caixaforum Palma el 27 de diciembre de 2025. Jos\u00e9 Luis Luna Rocafort lo retrata en INSTANTZZ. Actuaron Aninha Paschoal, Kadija Teles","rel":"","context":"En \u00abINSTANTZZ\u00bb","block_context":{"text":"INSTANTZZ","link":"https:\/\/tomajazz.com\/web\/category\/contenidos\/imagenes\/photoblogs\/instantzz\/"},"img":{"alt_text":"Baiao de Duas (Caixaforum Palma. 2025-12-27) Por Jos\u00e9 Luis Luna Rocafort [INSTANTZZ AKA Galer\u00eda fotogr\u00e1fica AKA Fotoblog de jazz, impro\u2026 y algo m\u00e1s] - Tomajazz - Baiao de Duas actu\u00f3 en Caixaforum Palma el 27 de diciembre de 2025. Jos\u00e9 Luis Luna Rocafort lo retrata en INSTANTZZ. Actuaron Aninha Paschoal, Kadija Teles","src":"https:\/\/i0.wp.com\/tomajazz.com\/web\/wp-content\/uploads\/2026\/01\/012-7.jpg?resize=350%2C200&ssl=1","width":350,"height":200,"srcset":"https:\/\/i0.wp.com\/tomajazz.com\/web\/wp-content\/uploads\/2026\/01\/012-7.jpg?resize=350%2C200&ssl=1 1x, https:\/\/i0.wp.com\/tomajazz.com\/web\/wp-content\/uploads\/2026\/01\/012-7.jpg?resize=525%2C300&ssl=1 1.5x"},"classes":[]},{"id":101685,"url":"https:\/\/tomajazz.com\/web\/geometrical-sardine-caixaforum-palma-2025\/","url_meta":{"origin":41661,"position":3},"title":"Geometrical Sardine (CaixaForum. Palma. 2025-10-24) Por Jos\u00e9 Luis Luna Rocafort [INSTANTZZ AKA Galer\u00eda fotogr\u00e1fica AKA Fotoblog de jazz, impro\u2026 y algo m\u00e1s]","author":"Tomajazz","date":"12 noviembre, 2025","format":false,"excerpt":"Geometrical Sardine actu\u00f3 en CaixaForum Palma, el 24 de octubre de 2025. Jos\u00e9 Luis Luna Rocafort lo retrata en INSTANTZZ. Intervinieron Jaume Rossell\u00f3, Joan Roca, Pep Aspas, Toni Cobos","rel":"","context":"En \u00abINSTANTZZ\u00bb","block_context":{"text":"INSTANTZZ","link":"https:\/\/tomajazz.com\/web\/category\/contenidos\/imagenes\/photoblogs\/instantzz\/"},"img":{"alt_text":"Geometrical Sardine (CaixaForum. Palma. 2025-10-24) Por Jos\u00e9 Luis Luna Rocafort [INSTANTZZ AKA Galer\u00eda fotogr\u00e1fica AKA Fotoblog de jazz, impro\u2026 y algo m\u00e1s] - Tomajazz - Geometrical Sardine actu\u00f3 en CaixaForum Palma, el 24 de octubre de 2025. Jos\u00e9 Luis Luna Rocafort lo retrata en INSTANTZZ. Intervinieron Jaume Rossell\u00f3, Joan Roca, Pep Aspas, Toni Cobos","src":"https:\/\/i0.wp.com\/tomajazz.com\/web\/wp-content\/uploads\/2025\/11\/016-8.jpg?resize=350%2C200&ssl=1","width":350,"height":200,"srcset":"https:\/\/i0.wp.com\/tomajazz.com\/web\/wp-content\/uploads\/2025\/11\/016-8.jpg?resize=350%2C200&ssl=1 1x, https:\/\/i0.wp.com\/tomajazz.com\/web\/wp-content\/uploads\/2025\/11\/016-8.jpg?resize=525%2C300&ssl=1 1.5x"},"classes":[]},{"id":102904,"url":"https:\/\/tomajazz.com\/web\/sara-dowling-ignasi-terraza-trio-caixaforum-2025\/","url_meta":{"origin":41661,"position":4},"title":"Sara Dowling &#038; Ignasi Terraza Tr\u00edo (Caixaforum Palma. 2025-11-25) Por Jos\u00e9 Luis Luna Rocafort [INSTANTZZ AKA Galer\u00eda fotogr\u00e1fica AKA Fotoblog de jazz, impro\u2026 y algo m\u00e1s]","author":"Tomajazz","date":"23 diciembre, 2025","format":false,"excerpt":"Sara Dowling & Ignasi Terraza Tr\u00edo actuaron en Caixaforum Palma, el 25 de noviembre de 2025. Jos\u00e9 Luis Luna Rocafort los retrata en INSTANTZZ. Actuaron Sara Dowling, Ignasi Terraza, Dario Di Lecce, Esteve Pi","rel":"","context":"En \u00ab*_Jos\u00e9 Luis Luna Rocafort\u00bb","block_context":{"text":"*_Jos\u00e9 Luis Luna Rocafort","link":"https:\/\/tomajazz.com\/web\/category\/jose-luis-luna-rocafort\/"},"img":{"alt_text":"Sara Dowling & Ignasi Terraza Tr\u00edo (Caixaforum Palma. 2025-11-25) Por Jos\u00e9 Luis Luna Rocafort [INSTANTZZ AKA Galer\u00eda fotogr\u00e1fica AKA Fotoblog de jazz, impro\u2026 y algo m\u00e1s] - Tomajazz - Sara Dowling & Ignasi Terraza Tr\u00edo actuaron en Caixaforum Palma, el 25 de noviembre de 2025. Jos\u00e9 Luis Luna Rocafort los retrata en INSTANTZZ. Actuaron Sara Dowling, Ignasi Terraza, Dario Di Lecce, Esteve Pi","src":"https:\/\/i0.wp.com\/tomajazz.com\/web\/wp-content\/uploads\/2025\/12\/015-8.jpg?resize=350%2C200&ssl=1","width":350,"height":200,"srcset":"https:\/\/i0.wp.com\/tomajazz.com\/web\/wp-content\/uploads\/2025\/12\/015-8.jpg?resize=350%2C200&ssl=1 1x, https:\/\/i0.wp.com\/tomajazz.com\/web\/wp-content\/uploads\/2025\/12\/015-8.jpg?resize=525%2C300&ssl=1 1.5x"},"classes":[]},{"id":46137,"url":"https:\/\/tomajazz.com\/web\/instantzz-trio-chemirani-et-ballake-sissoko-26-jazz-a-junas-voyage-en-orient-carrieres-junas-2019-07-20-galeria-fotografica\/","url_meta":{"origin":41661,"position":5},"title":"INSTANTZZ: Trio Chemirani et Ballak\u00e9 Sissoko (26 Jazz \u00e0 Junas, \u201cVoyage en Orient\u201d, Carri\u00e8res, Junas. 2019-07-20) [Galer\u00eda fotogr\u00e1fica]","author":"Tomajazz","date":"1 octubre, 2019","format":false,"excerpt":"Por\u00a0Joan Cort\u00e8s. Fecha: S\u00e1bado, 20 de agosto de 2019 Lugar: Carri\u00e8res (Junas) Grupo: Trio Chemirani et Ballak\u00e9 Sissoko Djamchid Chemirani, zarb y voz Bijan Chemirani, zarb, daf y saz Keyvan Chemirani, zarb, daf y santour Ballak\u00e9 Sissoko, kora Tomajazz: \u00a9\u00a0Joan Cort\u00e8s, 2019","rel":"","context":"En \u00ab*_Joan Cort\u00e8s\u00bb","block_context":{"text":"*_Joan Cort\u00e8s","link":"https:\/\/tomajazz.com\/web\/category\/joan-cortes\/"},"img":{"alt_text":"INSTANTZZ: Trio Chemirani et Ballak\u00e9 Sissoko (26 Jazz \u00e0 Junas, \u201cVoyage en Orient\u201d, Carri\u00e8res, Junas. 2019-07-20) [Galer\u00eda fotogr\u00e1fica]","src":"https:\/\/i0.wp.com\/tomajazz.com\/web\/wp-content\/uploads\/2019\/09\/11_Chmrn-Tr-6-Bllk-Sssk-%C2%A9Joan-Cort%C3%A8s_20jul19_Crrrs_26Jzz-Jns.jpg?resize=350%2C200&ssl=1","width":350,"height":200,"srcset":"https:\/\/i0.wp.com\/tomajazz.com\/web\/wp-content\/uploads\/2019\/09\/11_Chmrn-Tr-6-Bllk-Sssk-%C2%A9Joan-Cort%C3%A8s_20jul19_Crrrs_26Jzz-Jns.jpg?resize=350%2C200&ssl=1 1x, https:\/\/i0.wp.com\/tomajazz.com\/web\/wp-content\/uploads\/2019\/09\/11_Chmrn-Tr-6-Bllk-Sssk-%C2%A9Joan-Cort%C3%A8s_20jul19_Crrrs_26Jzz-Jns.jpg?resize=525%2C300&ssl=1 1.5x"},"classes":[]}],"_links":{"self":[{"href":"https:\/\/tomajazz.com\/web\/wp-json\/wp\/v2\/posts\/41661","targetHints":{"allow":["GET"]}}],"collection":[{"href":"https:\/\/tomajazz.com\/web\/wp-json\/wp\/v2\/posts"}],"about":[{"href":"https:\/\/tomajazz.com\/web\/wp-json\/wp\/v2\/types\/post"}],"author":[{"embeddable":true,"href":"https:\/\/tomajazz.com\/web\/wp-json\/wp\/v2\/users\/1"}],"replies":[{"embeddable":true,"href":"https:\/\/tomajazz.com\/web\/wp-json\/wp\/v2\/comments?post=41661"}],"version-history":[{"count":2,"href":"https:\/\/tomajazz.com\/web\/wp-json\/wp\/v2\/posts\/41661\/revisions"}],"predecessor-version":[{"id":41709,"href":"https:\/\/tomajazz.com\/web\/wp-json\/wp\/v2\/posts\/41661\/revisions\/41709"}],"wp:featuredmedia":[{"embeddable":true,"href":"https:\/\/tomajazz.com\/web\/wp-json\/wp\/v2\/media\/41672"}],"wp:attachment":[{"href":"https:\/\/tomajazz.com\/web\/wp-json\/wp\/v2\/media?parent=41661"}],"wp:term":[{"taxonomy":"category","embeddable":true,"href":"https:\/\/tomajazz.com\/web\/wp-json\/wp\/v2\/categories?post=41661"},{"taxonomy":"post_tag","embeddable":true,"href":"https:\/\/tomajazz.com\/web\/wp-json\/wp\/v2\/tags?post=41661"}],"curies":[{"name":"wp","href":"https:\/\/api.w.org\/{rel}","templated":true}]}}