{"id":41710,"date":"2019-02-09T18:00:59","date_gmt":"2019-02-09T17:00:59","guid":{"rendered":"https:\/\/www.tomajazz.com\/web\/?p=41710"},"modified":"2022-08-28T18:53:04","modified_gmt":"2022-08-28T16:53:04","slug":"instantzz-gardenas-perez-palet-trio-casino-46e-cicle-jazzgranollers-granollers-2018-11-09-galeria-fotografica","status":"publish","type":"post","link":"https:\/\/tomajazz.com\/web\/instantzz-gardenas-perez-palet-trio-casino-46e-cicle-jazzgranollers-granollers-2018-11-09-galeria-fotografica\/","title":{"rendered":"INSTANTZZ: Garde\u00f1as-P\u00e9rez-Palet Trio  (Casino, 46\u00e8 Cicle JazzGranollers, \/ Granollers.  2018-11-09) [Galer\u00eda fotogr\u00e1fica]"},"content":{"rendered":"<p>Por\u00a0<strong>Joan Cort\u00e8s<\/strong>.<\/p>\n<ul>\n<li>Fecha: Viernes, 09 de noviembre de 2018<\/li>\n<li>Lugar: Casino (Granollers)<\/li>\n<li>Componentes:<br \/>\n<strong>Garde\u00f1as-P\u00e9rez-Palet Trio<br \/>\n<\/strong>Benet Palet, trompeta<br \/>\nDani P\u00e9rez, guitarra<br \/>\nJordi Garde\u00f1as, bater\u00eda<\/li>\n<\/ul>\n<p style=\"text-align: center;\"><img loading=\"lazy\" decoding=\"async\" class=\"aligncenter size-large wp-image-41722\" src=\"https:\/\/tomajazz.com\/web\/wp-content\/uploads\/2019\/02\/01_Grd\u00f1s-Prz-Plt-\u00a9Joan-Cort\u00e8s_09nov18_46CJG_Csn_Grnllrs-1-600x399.jpg\" alt=\"\" width=\"600\" height=\"399\" title=\"\" srcset=\"https:\/\/tomajazz.com\/web\/wp-content\/uploads\/2019\/02\/01_Grd\u00f1s-Prz-Plt-\u00a9Joan-Cort\u00e8s_09nov18_46CJG_Csn_Grnllrs-1.jpg 600w, https:\/\/tomajazz.com\/web\/wp-content\/uploads\/2019\/02\/01_Grd\u00f1s-Prz-Plt-\u00a9Joan-Cort\u00e8s_09nov18_46CJG_Csn_Grnllrs-1-200x133.jpg 200w, https:\/\/tomajazz.com\/web\/wp-content\/uploads\/2019\/02\/01_Grd\u00f1s-Prz-Plt-\u00a9Joan-Cort\u00e8s_09nov18_46CJG_Csn_Grnllrs-1-83x55.jpg 83w, https:\/\/tomajazz.com\/web\/wp-content\/uploads\/2019\/02\/01_Grd\u00f1s-Prz-Plt-\u00a9Joan-Cort\u00e8s_09nov18_46CJG_Csn_Grnllrs-1-60x40.jpg 60w, https:\/\/tomajazz.com\/web\/wp-content\/uploads\/2019\/02\/01_Grd\u00f1s-Prz-Plt-\u00a9Joan-Cort\u00e8s_09nov18_46CJG_Csn_Grnllrs-1-120x80.jpg 120w\" sizes=\"auto, (max-width: 600px) 100vw, 600px\" \/> <img loading=\"lazy\" decoding=\"async\" class=\"aligncenter size-large wp-image-41723\" src=\"https:\/\/tomajazz.com\/web\/wp-content\/uploads\/2019\/02\/02_Grd\u00f1s-Prz-Plt-\u00a9Joan-Cort\u00e8s_09nov18_46CJG_Csn_Grnllrs-1-600x399.jpg\" alt=\"\" width=\"600\" height=\"399\" title=\"\" srcset=\"https:\/\/tomajazz.com\/web\/wp-content\/uploads\/2019\/02\/02_Grd\u00f1s-Prz-Plt-\u00a9Joan-Cort\u00e8s_09nov18_46CJG_Csn_Grnllrs-1.jpg 600w, https:\/\/tomajazz.com\/web\/wp-content\/uploads\/2019\/02\/02_Grd\u00f1s-Prz-Plt-\u00a9Joan-Cort\u00e8s_09nov18_46CJG_Csn_Grnllrs-1-200x133.jpg 200w, https:\/\/tomajazz.com\/web\/wp-content\/uploads\/2019\/02\/02_Grd\u00f1s-Prz-Plt-\u00a9Joan-Cort\u00e8s_09nov18_46CJG_Csn_Grnllrs-1-83x55.jpg 83w, https:\/\/tomajazz.com\/web\/wp-content\/uploads\/2019\/02\/02_Grd\u00f1s-Prz-Plt-\u00a9Joan-Cort\u00e8s_09nov18_46CJG_Csn_Grnllrs-1-60x40.jpg 60w, https:\/\/tomajazz.com\/web\/wp-content\/uploads\/2019\/02\/02_Grd\u00f1s-Prz-Plt-\u00a9Joan-Cort\u00e8s_09nov18_46CJG_Csn_Grnllrs-1-120x80.jpg 120w\" sizes=\"auto, (max-width: 600px) 100vw, 600px\" \/> <img loading=\"lazy\" decoding=\"async\" class=\"aligncenter size-large wp-image-41724\" src=\"https:\/\/tomajazz.com\/web\/wp-content\/uploads\/2019\/02\/03_Grd\u00f1s-Prz-Plt-\u00a9Joan-Cort\u00e8s_09nov18_46CJG_Csn_Grnllrs-1-399x600.jpg\" alt=\"\" width=\"399\" height=\"600\" title=\"\" srcset=\"https:\/\/tomajazz.com\/web\/wp-content\/uploads\/2019\/02\/03_Grd\u00f1s-Prz-Plt-\u00a9Joan-Cort\u00e8s_09nov18_46CJG_Csn_Grnllrs-1.jpg 399w, https:\/\/tomajazz.com\/web\/wp-content\/uploads\/2019\/02\/03_Grd\u00f1s-Prz-Plt-\u00a9Joan-Cort\u00e8s_09nov18_46CJG_Csn_Grnllrs-1-200x300.jpg 200w, https:\/\/tomajazz.com\/web\/wp-content\/uploads\/2019\/02\/03_Grd\u00f1s-Prz-Plt-\u00a9Joan-Cort\u00e8s_09nov18_46CJG_Csn_Grnllrs-1-37x55.jpg 37w\" sizes=\"auto, (max-width: 399px) 100vw, 399px\" \/> <img loading=\"lazy\" decoding=\"async\" class=\"aligncenter size-large wp-image-41725\" src=\"https:\/\/tomajazz.com\/web\/wp-content\/uploads\/2019\/02\/04_Grd\u00f1s-Prz-Plt-\u00a9Joan-Cort\u00e8s_09nov18_46CJG_Csn_Grnllrs-1-600x399.jpg\" alt=\"\" width=\"600\" height=\"399\" title=\"\" srcset=\"https:\/\/tomajazz.com\/web\/wp-content\/uploads\/2019\/02\/04_Grd\u00f1s-Prz-Plt-\u00a9Joan-Cort\u00e8s_09nov18_46CJG_Csn_Grnllrs-1.jpg 600w, https:\/\/tomajazz.com\/web\/wp-content\/uploads\/2019\/02\/04_Grd\u00f1s-Prz-Plt-\u00a9Joan-Cort\u00e8s_09nov18_46CJG_Csn_Grnllrs-1-200x133.jpg 200w, https:\/\/tomajazz.com\/web\/wp-content\/uploads\/2019\/02\/04_Grd\u00f1s-Prz-Plt-\u00a9Joan-Cort\u00e8s_09nov18_46CJG_Csn_Grnllrs-1-83x55.jpg 83w, https:\/\/tomajazz.com\/web\/wp-content\/uploads\/2019\/02\/04_Grd\u00f1s-Prz-Plt-\u00a9Joan-Cort\u00e8s_09nov18_46CJG_Csn_Grnllrs-1-60x40.jpg 60w, https:\/\/tomajazz.com\/web\/wp-content\/uploads\/2019\/02\/04_Grd\u00f1s-Prz-Plt-\u00a9Joan-Cort\u00e8s_09nov18_46CJG_Csn_Grnllrs-1-120x80.jpg 120w\" sizes=\"auto, (max-width: 600px) 100vw, 600px\" \/> <img loading=\"lazy\" decoding=\"async\" class=\"aligncenter size-large wp-image-41726\" src=\"https:\/\/tomajazz.com\/web\/wp-content\/uploads\/2019\/02\/05_Grd\u00f1s-Prz-Plt-\u00a9Joan-Cort\u00e8s_09nov18_46CJG_Csn_Grnllrs-1-600x399.jpg\" alt=\"\" width=\"600\" height=\"399\" title=\"\" srcset=\"https:\/\/tomajazz.com\/web\/wp-content\/uploads\/2019\/02\/05_Grd\u00f1s-Prz-Plt-\u00a9Joan-Cort\u00e8s_09nov18_46CJG_Csn_Grnllrs-1.jpg 600w, https:\/\/tomajazz.com\/web\/wp-content\/uploads\/2019\/02\/05_Grd\u00f1s-Prz-Plt-\u00a9Joan-Cort\u00e8s_09nov18_46CJG_Csn_Grnllrs-1-200x133.jpg 200w, https:\/\/tomajazz.com\/web\/wp-content\/uploads\/2019\/02\/05_Grd\u00f1s-Prz-Plt-\u00a9Joan-Cort\u00e8s_09nov18_46CJG_Csn_Grnllrs-1-83x55.jpg 83w, https:\/\/tomajazz.com\/web\/wp-content\/uploads\/2019\/02\/05_Grd\u00f1s-Prz-Plt-\u00a9Joan-Cort\u00e8s_09nov18_46CJG_Csn_Grnllrs-1-60x40.jpg 60w, https:\/\/tomajazz.com\/web\/wp-content\/uploads\/2019\/02\/05_Grd\u00f1s-Prz-Plt-\u00a9Joan-Cort\u00e8s_09nov18_46CJG_Csn_Grnllrs-1-120x80.jpg 120w\" sizes=\"auto, (max-width: 600px) 100vw, 600px\" \/> <img loading=\"lazy\" decoding=\"async\" class=\"aligncenter size-large wp-image-41727\" src=\"https:\/\/tomajazz.com\/web\/wp-content\/uploads\/2019\/02\/06_Grd\u00f1s-Prz-Plt-\u00a9Joan-Cort\u00e8s_09nov18_46CJG_Csn_Grnllrs-1-600x399.jpg\" alt=\"\" width=\"600\" height=\"399\" title=\"\" srcset=\"https:\/\/tomajazz.com\/web\/wp-content\/uploads\/2019\/02\/06_Grd\u00f1s-Prz-Plt-\u00a9Joan-Cort\u00e8s_09nov18_46CJG_Csn_Grnllrs-1.jpg 600w, https:\/\/tomajazz.com\/web\/wp-content\/uploads\/2019\/02\/06_Grd\u00f1s-Prz-Plt-\u00a9Joan-Cort\u00e8s_09nov18_46CJG_Csn_Grnllrs-1-200x133.jpg 200w, https:\/\/tomajazz.com\/web\/wp-content\/uploads\/2019\/02\/06_Grd\u00f1s-Prz-Plt-\u00a9Joan-Cort\u00e8s_09nov18_46CJG_Csn_Grnllrs-1-83x55.jpg 83w, https:\/\/tomajazz.com\/web\/wp-content\/uploads\/2019\/02\/06_Grd\u00f1s-Prz-Plt-\u00a9Joan-Cort\u00e8s_09nov18_46CJG_Csn_Grnllrs-1-60x40.jpg 60w, https:\/\/tomajazz.com\/web\/wp-content\/uploads\/2019\/02\/06_Grd\u00f1s-Prz-Plt-\u00a9Joan-Cort\u00e8s_09nov18_46CJG_Csn_Grnllrs-1-120x80.jpg 120w\" sizes=\"auto, (max-width: 600px) 100vw, 600px\" \/> <img loading=\"lazy\" decoding=\"async\" class=\"aligncenter size-large wp-image-41728\" src=\"https:\/\/tomajazz.com\/web\/wp-content\/uploads\/2019\/02\/07_Grd\u00f1s-Prz-Plt-\u00a9Joan-Cort\u00e8s_09nov18_46CJG_Csn_Grnllrs-1-600x399.jpg\" alt=\"\" width=\"600\" height=\"399\" title=\"\" srcset=\"https:\/\/tomajazz.com\/web\/wp-content\/uploads\/2019\/02\/07_Grd\u00f1s-Prz-Plt-\u00a9Joan-Cort\u00e8s_09nov18_46CJG_Csn_Grnllrs-1.jpg 600w, https:\/\/tomajazz.com\/web\/wp-content\/uploads\/2019\/02\/07_Grd\u00f1s-Prz-Plt-\u00a9Joan-Cort\u00e8s_09nov18_46CJG_Csn_Grnllrs-1-200x133.jpg 200w, https:\/\/tomajazz.com\/web\/wp-content\/uploads\/2019\/02\/07_Grd\u00f1s-Prz-Plt-\u00a9Joan-Cort\u00e8s_09nov18_46CJG_Csn_Grnllrs-1-83x55.jpg 83w, https:\/\/tomajazz.com\/web\/wp-content\/uploads\/2019\/02\/07_Grd\u00f1s-Prz-Plt-\u00a9Joan-Cort\u00e8s_09nov18_46CJG_Csn_Grnllrs-1-60x40.jpg 60w, https:\/\/tomajazz.com\/web\/wp-content\/uploads\/2019\/02\/07_Grd\u00f1s-Prz-Plt-\u00a9Joan-Cort\u00e8s_09nov18_46CJG_Csn_Grnllrs-1-120x80.jpg 120w\" sizes=\"auto, (max-width: 600px) 100vw, 600px\" \/> <img loading=\"lazy\" decoding=\"async\" class=\"aligncenter size-large wp-image-41729\" src=\"https:\/\/tomajazz.com\/web\/wp-content\/uploads\/2019\/02\/008_Grd\u00f1s-Prz-Plt-\u00a9Joan-Cort\u00e8s_09nov18_46CJG_Csn_Grnllrs-1-600x399.jpg\" alt=\"\" width=\"600\" height=\"399\" title=\"\" srcset=\"https:\/\/tomajazz.com\/web\/wp-content\/uploads\/2019\/02\/008_Grd\u00f1s-Prz-Plt-\u00a9Joan-Cort\u00e8s_09nov18_46CJG_Csn_Grnllrs-1.jpg 600w, https:\/\/tomajazz.com\/web\/wp-content\/uploads\/2019\/02\/008_Grd\u00f1s-Prz-Plt-\u00a9Joan-Cort\u00e8s_09nov18_46CJG_Csn_Grnllrs-1-200x133.jpg 200w, https:\/\/tomajazz.com\/web\/wp-content\/uploads\/2019\/02\/008_Grd\u00f1s-Prz-Plt-\u00a9Joan-Cort\u00e8s_09nov18_46CJG_Csn_Grnllrs-1-83x55.jpg 83w, https:\/\/tomajazz.com\/web\/wp-content\/uploads\/2019\/02\/008_Grd\u00f1s-Prz-Plt-\u00a9Joan-Cort\u00e8s_09nov18_46CJG_Csn_Grnllrs-1-60x40.jpg 60w, https:\/\/tomajazz.com\/web\/wp-content\/uploads\/2019\/02\/008_Grd\u00f1s-Prz-Plt-\u00a9Joan-Cort\u00e8s_09nov18_46CJG_Csn_Grnllrs-1-120x80.jpg 120w\" sizes=\"auto, (max-width: 600px) 100vw, 600px\" \/> <img loading=\"lazy\" decoding=\"async\" class=\"aligncenter size-large wp-image-41730\" src=\"https:\/\/tomajazz.com\/web\/wp-content\/uploads\/2019\/02\/09_Grd\u00f1s-Prz-Plt-\u00a9Joan-Cort\u00e8s_09nov18_46CJG_Csn_Grnllrs-1-600x399.jpg\" alt=\"\" width=\"600\" height=\"399\" title=\"\" srcset=\"https:\/\/tomajazz.com\/web\/wp-content\/uploads\/2019\/02\/09_Grd\u00f1s-Prz-Plt-\u00a9Joan-Cort\u00e8s_09nov18_46CJG_Csn_Grnllrs-1.jpg 600w, https:\/\/tomajazz.com\/web\/wp-content\/uploads\/2019\/02\/09_Grd\u00f1s-Prz-Plt-\u00a9Joan-Cort\u00e8s_09nov18_46CJG_Csn_Grnllrs-1-200x133.jpg 200w, https:\/\/tomajazz.com\/web\/wp-content\/uploads\/2019\/02\/09_Grd\u00f1s-Prz-Plt-\u00a9Joan-Cort\u00e8s_09nov18_46CJG_Csn_Grnllrs-1-83x55.jpg 83w, https:\/\/tomajazz.com\/web\/wp-content\/uploads\/2019\/02\/09_Grd\u00f1s-Prz-Plt-\u00a9Joan-Cort\u00e8s_09nov18_46CJG_Csn_Grnllrs-1-60x40.jpg 60w, https:\/\/tomajazz.com\/web\/wp-content\/uploads\/2019\/02\/09_Grd\u00f1s-Prz-Plt-\u00a9Joan-Cort\u00e8s_09nov18_46CJG_Csn_Grnllrs-1-120x80.jpg 120w\" sizes=\"auto, (max-width: 600px) 100vw, 600px\" \/> <img loading=\"lazy\" decoding=\"async\" class=\"aligncenter size-large wp-image-41731\" src=\"https:\/\/tomajazz.com\/web\/wp-content\/uploads\/2019\/02\/10_Grd\u00f1s-Prz-Plt-\u00a9Joan-Cort\u00e8s_09nov18_46CJG_Csn_Grnllrs-1-600x399.jpg\" alt=\"\" width=\"600\" height=\"399\" title=\"\" srcset=\"https:\/\/tomajazz.com\/web\/wp-content\/uploads\/2019\/02\/10_Grd\u00f1s-Prz-Plt-\u00a9Joan-Cort\u00e8s_09nov18_46CJG_Csn_Grnllrs-1.jpg 600w, https:\/\/tomajazz.com\/web\/wp-content\/uploads\/2019\/02\/10_Grd\u00f1s-Prz-Plt-\u00a9Joan-Cort\u00e8s_09nov18_46CJG_Csn_Grnllrs-1-200x133.jpg 200w, https:\/\/tomajazz.com\/web\/wp-content\/uploads\/2019\/02\/10_Grd\u00f1s-Prz-Plt-\u00a9Joan-Cort\u00e8s_09nov18_46CJG_Csn_Grnllrs-1-83x55.jpg 83w, https:\/\/tomajazz.com\/web\/wp-content\/uploads\/2019\/02\/10_Grd\u00f1s-Prz-Plt-\u00a9Joan-Cort\u00e8s_09nov18_46CJG_Csn_Grnllrs-1-60x40.jpg 60w, https:\/\/tomajazz.com\/web\/wp-content\/uploads\/2019\/02\/10_Grd\u00f1s-Prz-Plt-\u00a9Joan-Cort\u00e8s_09nov18_46CJG_Csn_Grnllrs-1-120x80.jpg 120w\" sizes=\"auto, (max-width: 600px) 100vw, 600px\" \/><\/p>\n<p style=\"text-align: right;\">Tomajazz:\u00a0\u00a9 <strong>Joan Cort\u00e8s<\/strong>, 2019<\/p>\n<p>&nbsp;<\/p>\n","protected":false},"excerpt":{"rendered":"<p>Por\u00a0Joan Cort\u00e8s. Fecha: Viernes, 09 de noviembre de 2018 Lugar: Casino (Granollers) Componentes: Garde\u00f1as-P\u00e9rez-Palet Trio Benet Palet, trompeta Dani P\u00e9rez, guitarra Jordi Garde\u00f1as, bater\u00eda Tomajazz:\u00a0\u00a9 Joan Cort\u00e8s, 2019 &nbsp;<span class=\"more-link\"><a href=\"https:\/\/tomajazz.com\/web\/instantzz-gardenas-perez-palet-trio-casino-46e-cicle-jazzgranollers-granollers-2018-11-09-galeria-fotografica\/\">Contin\u00faa leyendo<\/a><\/span><\/p>\n","protected":false},"author":1,"featured_media":41728,"comment_status":"open","ping_status":"closed","sticky":false,"template":"","format":"standard","meta":{"jetpack_post_was_ever_published":false,"_jetpack_newsletter_access":"","_jetpack_dont_email_post_to_subs":false,"_jetpack_newsletter_tier_id":0,"_jetpack_memberships_contains_paywalled_content":false,"_jetpack_memberships_contains_paid_content":false,"footnotes":""},"categories":[17853,11262,15516,11261,1038],"tags":[21432,519,22551,1041,5162],"class_list":["entry","author-pachi","post-41710","post","type-post","status-publish","format-standard","has-post-thumbnail","category-joan-cortes","category-photoblogs","category-imagenes","category-instantzz","category-contenidos","tag-benet-palet","tag-dani-perez","tag-gardenas-perez-palet-trio","tag-joan-cortes","tag-jordi-gardenas"],"jetpack_featured_media_url":"https:\/\/tomajazz.com\/web\/wp-content\/uploads\/2019\/02\/07_Grd\u00f1s-Prz-Plt-\u00a9Joan-Cort\u00e8s_09nov18_46CJG_Csn_Grnllrs-1.jpg","jetpack_likes_enabled":true,"jetpack_sharing_enabled":true,"jetpack-related-posts":[{"id":44844,"url":"https:\/\/tomajazz.com\/web\/instantzz-gardenas-palet-perez-can-ramos-festival-de-jazz-de-la-garriga-la-garriga-barcelona-2019-06-01-galeria-fotografica\/","url_meta":{"origin":41710,"position":0},"title":"INSTANTZZ: Garde\u00f1as-Palet-P\u00e9rez (Can Ramos, Festival de Jazz de La Garriga, La Garriga -Barcelona-. 2019-06-01) [Galer\u00eda fotogr\u00e1fica]","author":"Tomajazz","date":"6 agosto, 2019","format":false,"excerpt":"Por\u00a0Joan Cort\u00e8s. Fecha: S\u00e1bado, 01 de junio de 2019 Lugar: Can Ramos (La Garriga -Barcelona-) Grupo: Garde\u00f1as-Palet-P\u00e9rez Jordi Garde\u00f1as, bater\u00eda Benet Palet, trompeta Dani P\u00e9rez, guitarra \u00a0 Tomajazz: \u00a9\u00a0Joan Cort\u00e8s, 2019","rel":"","context":"En \u00ab*_Joan Cort\u00e8s\u00bb","block_context":{"text":"*_Joan Cort\u00e8s","link":"https:\/\/tomajazz.com\/web\/category\/joan-cortes\/"},"img":{"alt_text":"","src":"https:\/\/i0.wp.com\/tomajazz.com\/web\/wp-content\/uploads\/2019\/08\/06_Grd%C3%B1s-Plt-Prz-%C2%A9Joan-Cort%C3%A8s_Cn-Rms_Fstvl-Jzz_LGrrg.jpg?resize=350%2C200&ssl=1","width":350,"height":200,"srcset":"https:\/\/i0.wp.com\/tomajazz.com\/web\/wp-content\/uploads\/2019\/08\/06_Grd%C3%B1s-Plt-Prz-%C2%A9Joan-Cort%C3%A8s_Cn-Rms_Fstvl-Jzz_LGrrg.jpg?resize=350%2C200&ssl=1 1x, https:\/\/i0.wp.com\/tomajazz.com\/web\/wp-content\/uploads\/2019\/08\/06_Grd%C3%B1s-Plt-Prz-%C2%A9Joan-Cort%C3%A8s_Cn-Rms_Fstvl-Jzz_LGrrg.jpg?resize=525%2C300&ssl=1 1.5x"},"classes":[]},{"id":45070,"url":"https:\/\/tomajazz.com\/web\/jazzx5049-sergi-sirvent-octopussy-cats-impressions-minipodcast\/","url_meta":{"origin":41710,"position":1},"title":"JazzX5#049. Sergi Sirvent Octopussy Cats: Impressions [Minipodcast]","author":"Tomajazz","date":"18 agosto, 2019","format":false,"excerpt":"Por\u00a0Pachi Tapiz. \"Impressions\". Sergi Sirvent Octopussy Cats: Flax-Golden Tales (Fresh Sound New Talent) Sergi Sirvent, Jordi Gaspar, Jordi Garde\u00f1as, Jaume Llombart, Benet Palet, Pau Dom\u00e9nech \u00a9\u00a0Pachi Tapiz, 2019 JazzX5 es un minipodcast de HDO de la Factor\u00eda Tomajazz presentado, editado y producido por\u00a0Pachi Tapiz. JazzX5 comenz\u00f3 su andadura el 24\u2026","rel":"","context":"En \u00ab*_Pachi Tapiz\u00bb","block_context":{"text":"*_Pachi Tapiz","link":"https:\/\/tomajazz.com\/web\/category\/pachi-tapiz\/"},"img":{"alt_text":"","src":"https:\/\/i0.wp.com\/tomajazz.com\/web\/wp-content\/uploads\/2019\/08\/JazzX5_049.jpg?resize=350%2C200&ssl=1","width":350,"height":200,"srcset":"https:\/\/i0.wp.com\/tomajazz.com\/web\/wp-content\/uploads\/2019\/08\/JazzX5_049.jpg?resize=350%2C200&ssl=1 1x, https:\/\/i0.wp.com\/tomajazz.com\/web\/wp-content\/uploads\/2019\/08\/JazzX5_049.jpg?resize=525%2C300&ssl=1 1.5x, https:\/\/i0.wp.com\/tomajazz.com\/web\/wp-content\/uploads\/2019\/08\/JazzX5_049.jpg?resize=700%2C400&ssl=1 2x"},"classes":[]},{"id":65078,"url":"https:\/\/tomajazz.com\/web\/dani-perez-contrafacts-jamboree-barcelona-2022-06-10-por-joan-cortes-instantzz-aka-galeria-fotografica-aka-fotoblog-de-jazz-impro-y-algo-mas\/","url_meta":{"origin":41710,"position":2},"title":"Dani P\u00e9rez \u201cContrafacts\u201d (Jamboree \/ Barcelona. 2022-06-10) Por Joan Cort\u00e8s [INSTANTZZ AKA Galer\u00eda fotogr\u00e1fica AKA Fotoblog de jazz, impro\u2026 y algo m\u00e1s]","author":"Tomajazz","date":"4 agosto, 2022","format":false,"excerpt":"En INSTANZZ una galer\u00eda fotogr\u00e1fica con la presentaci\u00f3n de Contrafacts del guitarrista Dani P\u00e9rez. Le acompa\u00f1aron David Mengual, David Xirgu y Benet Palet. Joan Cort\u00e8s es el autor de las im\u00e1genes.","rel":"","context":"En \u00abINSTANTZZ\u00bb","block_context":{"text":"INSTANTZZ","link":"https:\/\/tomajazz.com\/web\/category\/contenidos\/imagenes\/photoblogs\/instantzz\/"},"img":{"alt_text":"Dani P\u00e9rez \u201cContrafacts\u201d (Jamboree \/ Barcelona. 2022-06-10) Por Joan Cort\u00e8s [INSTANTZZ AKA Galer\u00eda fotogr\u00e1fica AKA Fotoblog de jazz, impro\u2026 y algo m\u00e1s]","src":"https:\/\/i0.wp.com\/tomajazz.com\/web\/wp-content\/uploads\/2022\/08\/01_Dn-Prz-Cntrfcts-%C2%A9Joan-Cortes_07jny22_Jmbr_Bcn.jpg?resize=350%2C200&ssl=1","width":350,"height":200,"srcset":"https:\/\/i0.wp.com\/tomajazz.com\/web\/wp-content\/uploads\/2022\/08\/01_Dn-Prz-Cntrfcts-%C2%A9Joan-Cortes_07jny22_Jmbr_Bcn.jpg?resize=350%2C200&ssl=1 1x, https:\/\/i0.wp.com\/tomajazz.com\/web\/wp-content\/uploads\/2022\/08\/01_Dn-Prz-Cntrfcts-%C2%A9Joan-Cortes_07jny22_Jmbr_Bcn.jpg?resize=525%2C300&ssl=1 1.5x"},"classes":[]},{"id":105012,"url":"https:\/\/tomajazz.com\/web\/lage-lund-trio-granollers-2026\/","url_meta":{"origin":41710,"position":3},"title":"Lage Lund Trio (36\u00e8 Jazz Granollers Festival \/ Casino, 2026-03-13 \/ Granollers -Barcelona-) [y III] Por Joan Cort\u00e8s [INSTANTZZ AKA Galer\u00eda fotogr\u00e1fica AKA Fotoblog de jazz, impro\u2026 y algo m\u00e1s]","author":"Tomajazz","date":"23 abril, 2026","format":false,"excerpt":"Lage Lund Trio actu\u00f3 en el 36\u00e8 Jazz Granollers Festival, el 13 de marzo de 2026. Joan Cort\u00e8s lo retrata en INSTANTZZ. Lage Lund Trio son Lage Lund, Orlando Le Fleming, Greg Hutchinson","rel":"","context":"En \u00ab36 Jazz Granollers Festival 2026\u00bb","block_context":{"text":"36 Jazz Granollers Festival 2026","link":"https:\/\/tomajazz.com\/web\/category\/contenidos\/especial-contenidos\/36-jazz-granollers-festival-2026\/"},"img":{"alt_text":"Lage Lund Trio (36\u00e8 Jazz Granollers Festival \/ Casino, 2026-03-13 \/ Granollers -Barcelona-) [y III] Por Joan Cort\u00e8s [INSTANTZZ AKA Galer\u00eda fotogr\u00e1fica AKA Fotoblog de jazz, impro\u2026 y algo m\u00e1s] - Tomajazz - Lage Lund Trio actu\u00f3 en el 36\u00e8 Jazz Granollers Festival, el 13 de marzo de 2026. Joan Cort\u00e8s lo retrata en INSTANTZZ. Lage Lund Trio son Lage Lund, Orlando Le Fleming, Greg Hutchinson","src":"https:\/\/i0.wp.com\/tomajazz.com\/web\/wp-content\/uploads\/2026\/04\/destacada-02-Lg-Lnd-Photo-by-Joan-Cortes-13mrc26-36JGF-Csn-Gr-bn.jpg?resize=350%2C200&ssl=1","width":350,"height":200,"srcset":"https:\/\/i0.wp.com\/tomajazz.com\/web\/wp-content\/uploads\/2026\/04\/destacada-02-Lg-Lnd-Photo-by-Joan-Cortes-13mrc26-36JGF-Csn-Gr-bn.jpg?resize=350%2C200&ssl=1 1x, https:\/\/i0.wp.com\/tomajazz.com\/web\/wp-content\/uploads\/2026\/04\/destacada-02-Lg-Lnd-Photo-by-Joan-Cortes-13mrc26-36JGF-Csn-Gr-bn.jpg?resize=525%2C300&ssl=1 1.5x"},"classes":[]},{"id":104847,"url":"https:\/\/tomajazz.com\/web\/alba-careta-group-panical-jazz-granollers-2026\/","url_meta":{"origin":41710,"position":4},"title":"Alba Careta Group \u201cPanical\u201d (36\u00e8 Jazz Granollers Festival \/ Casino, 2026-02-27 \/ Granollers -Barcelona-) [II] Por Joan Cort\u00e8s [INSTANTZZ AKA Galer\u00eda fotogr\u00e1fica AKA Fotoblog de jazz, impro\u2026 y algo m\u00e1s]","author":"Tomajazz","date":"12 abril, 2026","format":false,"excerpt":"Alba Careta Group \u201cPanical\u201d actu\u00f3 en el 36\u00e8 Jazz Granollers Festival, el 27 de febrero de 2026. Joan Cort\u00e8s lo retrata en INSTANTZZ. Alba Careta Group \u201cPanical\u201d son Alba Careta, Lucas Mart\u00ednez, Roger Santacana, Giuseppe Campisi, Jordi Pallar\u00e9s","rel":"","context":"En \u00ab36 Jazz Granollers Festival 2026\u00bb","block_context":{"text":"36 Jazz Granollers Festival 2026","link":"https:\/\/tomajazz.com\/web\/category\/contenidos\/especial-contenidos\/36-jazz-granollers-festival-2026\/"},"img":{"alt_text":"Alba Careta Group \u201cPanical\u201d (36\u00e8 Jazz Granollers Festival \/ Casino, 2026-02-27 \/ Granollers -Barcelona-) [II] Por Joan Cort\u00e8s [INSTANTZZ AKA Galer\u00eda fotogr\u00e1fica AKA Fotoblog de jazz, impro\u2026 y algo m\u00e1s] - Tomajazz - Alba Careta Group \u201cPanical\u201d actu\u00f3 en el 36\u00e8 Jazz Granollers Festival, el 27 de febrero de 2026. Joan Cort\u00e8s lo retrata en INSTANTZZ. Alba Careta Group \u201cPanical\u201d son Alba Careta, Lucas Mart\u00ednez, Roger Santacana, Giuseppe Campisi, Jordi Pallar\u00e9s\n","src":"https:\/\/i0.wp.com\/tomajazz.com\/web\/wp-content\/uploads\/2026\/04\/destacada-03-lb-Crt-Grp-Photo-by-Joan-Cortes-27fbr26-36JGF-CG-CR-Grnllrs.jpg?resize=350%2C200&ssl=1","width":350,"height":200,"srcset":"https:\/\/i0.wp.com\/tomajazz.com\/web\/wp-content\/uploads\/2026\/04\/destacada-03-lb-Crt-Grp-Photo-by-Joan-Cortes-27fbr26-36JGF-CG-CR-Grnllrs.jpg?resize=350%2C200&ssl=1 1x, https:\/\/i0.wp.com\/tomajazz.com\/web\/wp-content\/uploads\/2026\/04\/destacada-03-lb-Crt-Grp-Photo-by-Joan-Cortes-27fbr26-36JGF-CG-CR-Grnllrs.jpg?resize=525%2C300&ssl=1 1.5x"},"classes":[]},{"id":42580,"url":"https:\/\/tomajazz.com\/web\/instantzz-gonzalo-del-val-trio-benet-palet-jamboree-barcelona-2019-02-06-galeria-fotografica\/","url_meta":{"origin":41710,"position":5},"title":"INSTANTZZ: Gonzalo del Val Trio + Benet Palet ( Jamboree \/ Barcelona.  2019-02-06) [Galer\u00eda fotogr\u00e1fica]","author":"Tomajazz","date":"26 marzo, 2019","format":false,"excerpt":"Por\u00a0Joan Cort\u00e8s. Fecha: Mi\u00e9rcoles, 6 de febrero de 2019 Lugar: Jamboree (Barcelona) Grupo: Gonzalo del Val Trio + Benet Palet Benet Palet, trompeta Marco Mezquida, piano David Mengual, contrabajo Gonzalo del Val, bater\u00eda Tomajazz: \u00a9\u00a0Joan Cort\u00e8s, 2019","rel":"","context":"En \u00ab*_Joan Cort\u00e8s\u00bb","block_context":{"text":"*_Joan Cort\u00e8s","link":"https:\/\/tomajazz.com\/web\/category\/joan-cortes\/"},"img":{"alt_text":"","src":"https:\/\/i0.wp.com\/tomajazz.com\/web\/wp-content\/uploads\/2019\/03\/08_Gnzl-Dl-Vl-Bnt-Plt-%C2%A9Joan-Cort%C3%A8s_13feb19_Jambrr_Bcn.jpg?resize=350%2C200&ssl=1","width":350,"height":200,"srcset":"https:\/\/i0.wp.com\/tomajazz.com\/web\/wp-content\/uploads\/2019\/03\/08_Gnzl-Dl-Vl-Bnt-Plt-%C2%A9Joan-Cort%C3%A8s_13feb19_Jambrr_Bcn.jpg?resize=350%2C200&ssl=1 1x, https:\/\/i0.wp.com\/tomajazz.com\/web\/wp-content\/uploads\/2019\/03\/08_Gnzl-Dl-Vl-Bnt-Plt-%C2%A9Joan-Cort%C3%A8s_13feb19_Jambrr_Bcn.jpg?resize=525%2C300&ssl=1 1.5x"},"classes":[]}],"_links":{"self":[{"href":"https:\/\/tomajazz.com\/web\/wp-json\/wp\/v2\/posts\/41710","targetHints":{"allow":["GET"]}}],"collection":[{"href":"https:\/\/tomajazz.com\/web\/wp-json\/wp\/v2\/posts"}],"about":[{"href":"https:\/\/tomajazz.com\/web\/wp-json\/wp\/v2\/types\/post"}],"author":[{"embeddable":true,"href":"https:\/\/tomajazz.com\/web\/wp-json\/wp\/v2\/users\/1"}],"replies":[{"embeddable":true,"href":"https:\/\/tomajazz.com\/web\/wp-json\/wp\/v2\/comments?post=41710"}],"version-history":[{"count":2,"href":"https:\/\/tomajazz.com\/web\/wp-json\/wp\/v2\/posts\/41710\/revisions"}],"predecessor-version":[{"id":41732,"href":"https:\/\/tomajazz.com\/web\/wp-json\/wp\/v2\/posts\/41710\/revisions\/41732"}],"wp:featuredmedia":[{"embeddable":true,"href":"https:\/\/tomajazz.com\/web\/wp-json\/wp\/v2\/media\/41728"}],"wp:attachment":[{"href":"https:\/\/tomajazz.com\/web\/wp-json\/wp\/v2\/media?parent=41710"}],"wp:term":[{"taxonomy":"category","embeddable":true,"href":"https:\/\/tomajazz.com\/web\/wp-json\/wp\/v2\/categories?post=41710"},{"taxonomy":"post_tag","embeddable":true,"href":"https:\/\/tomajazz.com\/web\/wp-json\/wp\/v2\/tags?post=41710"}],"curies":[{"name":"wp","href":"https:\/\/api.w.org\/{rel}","templated":true}]}}