{"id":41932,"date":"2019-02-21T18:30:34","date_gmt":"2019-02-21T17:30:34","guid":{"rendered":"https:\/\/www.tomajazz.com\/web\/?p=41932"},"modified":"2022-08-28T15:28:27","modified_gmt":"2022-08-28T13:28:27","slug":"hdo-494-ran-blake-jeanne-lee-ineditos-the-newest-sound-you-never-heard-1966-67-podcast","status":"publish","type":"post","link":"https:\/\/tomajazz.com\/web\/hdo-494-ran-blake-jeanne-lee-ineditos-the-newest-sound-you-never-heard-1966-67-podcast\/","title":{"rendered":"HDO 494. Ran Blake &#8211; Jeanne Lee in\u00e9ditos: The Newest Sound You Never Heard 1966-67 [Podcast]"},"content":{"rendered":"<p>Por\u00a0<strong>Pachi Tapiz<\/strong>.<\/p>\n<p style=\"text-align: center;\"><img loading=\"lazy\" decoding=\"async\" class=\"aligncenter size-large wp-image-41934\" src=\"https:\/\/tomajazz.com\/web\/wp-content\/uploads\/2019\/02\/Ran-Blake-Jeanne-Lee_The-Newest-Sound-you-never-heard-600x554.png\" alt=\"\" width=\"600\" height=\"554\" title=\"\" srcset=\"https:\/\/tomajazz.com\/web\/wp-content\/uploads\/2019\/02\/Ran-Blake-Jeanne-Lee_The-Newest-Sound-you-never-heard-600x554.png 600w, https:\/\/tomajazz.com\/web\/wp-content\/uploads\/2019\/02\/Ran-Blake-Jeanne-Lee_The-Newest-Sound-you-never-heard-200x185.png 200w, https:\/\/tomajazz.com\/web\/wp-content\/uploads\/2019\/02\/Ran-Blake-Jeanne-Lee_The-Newest-Sound-you-never-heard-768x709.png 768w, https:\/\/tomajazz.com\/web\/wp-content\/uploads\/2019\/02\/Ran-Blake-Jeanne-Lee_The-Newest-Sound-you-never-heard-60x55.png 60w, https:\/\/tomajazz.com\/web\/wp-content\/uploads\/2019\/02\/Ran-Blake-Jeanne-Lee_The-Newest-Sound-you-never-heard.png 1244w\" sizes=\"auto, (max-width: 600px) 100vw, 600px\" \/><\/p>\n<p>En\u00a0<strong>HDO 494\u00a0<\/strong>escuchamos una selecci\u00f3n de temas que aparecen en el CD doble e in\u00e9dito de\u00a0<strong>Ran Blake\u00a0<\/strong>(piano) y\u00a0<strong>Jeanne Lee\u00a0<\/strong>(voz), que se ha publicado en 2019 y que contiene 33 temas grabados en 1966 y 1967 con el t\u00edtulo\u00a0<em>The Newest Sound You Never Heard. European Recordings 1966\/1967\u00a0<\/em>(A Side Records &#8211; NEC New England Conservatory &#8211; Ran Blake Foundation). La grabaci\u00f3n recoge, en un excepcional estado de forma, al pianista y a la cantante revisando standards, alg\u00fan tema propio y tambi\u00e9n temas procedentes del pop y del folk.<\/p>\n<p style=\"text-align: right;\">Tomajazz: \u00a9\u00a0<strong>Pachi Tapiz<\/strong>, 2019<\/p>\n<p>HDO 493 te gustar\u00e1&#8230; si te gusta el jazz&#8230; si te gusta el jazz vocal&#8230; si te gusta Ran Blake&#8230;<\/p>\n<p>HDO es un podcast de jazz e improvisaci\u00f3n (libre en mayor o menor grado) que est\u00e1 editado, presentado y producido por Pachi Tapiz.<\/p>\n<p><iframe id=\"audio_32654997\" style=\"border: 1px solid #EEE; box-sizing: border-box; width: 100%;\" src=\"https:\/\/www.ivoox.com\/player_ej_32654997_4_1.html?c1=ff6600\" height=\"200\" frameborder=\"0\" scrolling=\"no\" allowfullscreen=\"allowfullscreen\"><\/iframe><\/p>\n<p>Para quejas, sugerencias, protestas, peticiones, presentaciones y\/u opiniones env\u00edanos un correo a hdo@tomajazz.com<\/p>\n","protected":false},"excerpt":{"rendered":"<p>Por\u00a0Pachi Tapiz. En\u00a0HDO 494\u00a0escuchamos una selecci\u00f3n de temas que aparecen en el CD doble e in\u00e9dito de\u00a0Ran Blake\u00a0(piano) y\u00a0Jeanne Lee\u00a0(voz), que se ha publicado en 2019 y que contiene 33 temas grabados en 1966 y 1967 con el t\u00edtulo\u00a0The Newest Sound You Never Heard. European Recordings 1966\/1967\u00a0(A Side Records &#8211;<span class=\"more-link\"><a href=\"https:\/\/tomajazz.com\/web\/hdo-494-ran-blake-jeanne-lee-ineditos-the-newest-sound-you-never-heard-1966-67-podcast\/\">Contin\u00faa leyendo<\/a><\/span><\/p>\n","protected":false},"author":1,"featured_media":41933,"comment_status":"open","ping_status":"closed","sticky":false,"template":"","format":"standard","meta":{"jetpack_post_was_ever_published":false,"_jetpack_newsletter_access":"","_jetpack_dont_email_post_to_subs":false,"_jetpack_newsletter_tier_id":0,"_jetpack_memberships_contains_paywalled_content":false,"_jetpack_memberships_contains_paid_content":false,"footnotes":""},"categories":[17847,5,13298,21698,12814,15518,1038],"tags":[13299,9317,31,8407],"class_list":["entry","author-pachi","post-41932","post","type-post","status-publish","format-standard","has-post-thumbnail","category-pachi-tapiz","category-grabaciones","category-hablando-de-oidas-hdo","category-t05-2018-19","category-podcast","category-sonidos","category-contenidos","tag-hdo","tag-jeanne-lee","tag-pachi-tapiz","tag-ran-blake"],"jetpack_featured_media_url":"https:\/\/tomajazz.com\/web\/wp-content\/uploads\/2019\/02\/Collage_programa-0494-Ran-Blake-Jeanne-Lee-in\u00e9ditos.jpg","jetpack_likes_enabled":true,"jetpack_sharing_enabled":true,"jetpack-related-posts":[{"id":22212,"url":"https:\/\/tomajazz.com\/web\/bill-frisell-ran-blake-y-david-krakauer-jazz-de-cine-hdo-0069-audioblog\/","url_meta":{"origin":41932,"position":0},"title":"Bill Frisell, Ran Blake y David Krakauer: \u00a1jazz de cine! HDO 0069 [Audioblog]","author":"Tomajazz","date":"3 febrero, 2016","format":false,"excerpt":"Tres propuestas basadas en m\u00fasica de cine en una nueva entrega de HDO. El guitarrista Bill Frisell con Whe You Wish Upon A Star (Okeh, 2016); el pianista Ran Blake en solitario (salvo unos momentos puntuales) con Chabrol Noir (Impulse!, 2016); y el clarinetista David Krakauer con The Big Picture\u2026","rel":"","context":"En \u00ab*_Pachi Tapiz\u00bb","block_context":{"text":"*_Pachi Tapiz","link":"https:\/\/tomajazz.com\/web\/category\/pachi-tapiz\/"},"img":{"alt_text":"","src":"https:\/\/i0.wp.com\/tomajazz.com\/web\/wp-content\/uploads\/2016\/02\/WP_20160202_003-e1454450736489.jpg?resize=350%2C200&ssl=1","width":350,"height":200,"srcset":"https:\/\/i0.wp.com\/tomajazz.com\/web\/wp-content\/uploads\/2016\/02\/WP_20160202_003-e1454450736489.jpg?resize=350%2C200&ssl=1 1x, https:\/\/i0.wp.com\/tomajazz.com\/web\/wp-content\/uploads\/2016\/02\/WP_20160202_003-e1454450736489.jpg?resize=525%2C300&ssl=1 1.5x, https:\/\/i0.wp.com\/tomajazz.com\/web\/wp-content\/uploads\/2016\/02\/WP_20160202_003-e1454450736489.jpg?resize=700%2C400&ssl=1 2x"},"classes":[]},{"id":45424,"url":"https:\/\/tomajazz.com\/web\/hdo-521-homenaje-a-bogui-jazz-escuchando-a-dick-angstadt-podcast\/","url_meta":{"origin":41932,"position":1},"title":"HDO 521. Homenaje a Bogui Jazz: escuchando a Dick Angstadt [Podcast]","author":"Tomajazz","date":"4 septiembre, 2019","format":false,"excerpt":"Por Pachi Tapiz. \u00a0 El pasado 31 de agosto de 2019 Bogui Jazz ces\u00f3 su programaci\u00f3n. Desde hace meses se sab\u00eda que este templo del jazz en directo en Madrid dirigido por el venerable Dick Angstadt cesar\u00eda su actividad, pero no por advertidos los aficionados al jazz de todo Espa\u00f1a\u2026","rel":"","context":"En \u00ab*_Pachi Tapiz\u00bb","block_context":{"text":"*_Pachi Tapiz","link":"https:\/\/tomajazz.com\/web\/category\/pachi-tapiz\/"},"img":{"alt_text":"HDO 521. Homenaje a Bogui Jazz: escuchando a Dick Angstadt [Podcast]","src":"https:\/\/i0.wp.com\/tomajazz.com\/web\/wp-content\/uploads\/2019\/09\/Collage_programa-0521_Homenaje-a-Bogui-Jazz.jpg?resize=350%2C200&ssl=1","width":350,"height":200,"srcset":"https:\/\/i0.wp.com\/tomajazz.com\/web\/wp-content\/uploads\/2019\/09\/Collage_programa-0521_Homenaje-a-Bogui-Jazz.jpg?resize=350%2C200&ssl=1 1x, https:\/\/i0.wp.com\/tomajazz.com\/web\/wp-content\/uploads\/2019\/09\/Collage_programa-0521_Homenaje-a-Bogui-Jazz.jpg?resize=525%2C300&ssl=1 1.5x, https:\/\/i0.wp.com\/tomajazz.com\/web\/wp-content\/uploads\/2019\/09\/Collage_programa-0521_Homenaje-a-Bogui-Jazz.jpg?resize=700%2C400&ssl=1 2x"},"classes":[]},{"id":2473,"url":"https:\/\/tomajazz.com\/web\/ran-blake-dominique-eade-whirlpool-jazz-project-2011\/","url_meta":{"origin":41932,"position":2},"title":"Ran Blake &#8211; Dominique Eade: Whirlpool (Jazz Project, 2011)","author":"Tomajazz","date":"30 noviembre, 2011","format":false,"excerpt":"Tres de las \u00faltimas grabaciones de Ran Blake han sido d\u00faos en compa\u00f1\u00eda de cantantes: Out of the Shadows con Christine Correa, el prescindible Camera Obscura con Sara Serpa, y el \u00faltimo de todos, Whirlpool con Dominique Eade. En esas grabaciones, compuestas en gran parte por standards, una cantante al\u2026","rel":"","context":"En \u00abToma Jazz\u00bb","block_context":{"text":"Toma Jazz","link":"https:\/\/tomajazz.com\/web\/tag\/toma-jazz\/"},"img":{"alt_text":"","src":"https:\/\/i0.wp.com\/4.bp.blogspot.com\/-BjdZ-tjNfWE\/Tta7pweoJAI\/AAAAAAAADwE\/XjVpTHya5zY\/s200\/blake_eade_whirlpool.jpg?resize=350%2C200","width":350,"height":200},"classes":[]},{"id":2432,"url":"https:\/\/tomajazz.com\/web\/ran-blake-solo-duo-with-david-knife-fabris-vilnius-noir-nobusiness-records-lp-2011\/","url_meta":{"origin":41932,"position":3},"title":"Ran Blake solo \/ duo with David \u201cKnife\u201d Fabris : Vilnius Noir (NoBusiness Records -LP-, 2011)","author":"Tomajazz","date":"19 enero, 2012","format":false,"excerpt":"Quiz\u00e1s sea exagerado afirmar que todo lo que toca Ran Blake, cual sanador, lo mejora. Quiz\u00e1s sea excesivo, pero es la impresi\u00f3n que queda escuchando sus \u00faltimos discos, bien sea acompa\u00f1ando a cantantes, bien sea en solitario y a d\u00fao con David \u201cKnife\u201d Fabris (formaci\u00f3n que visit\u00f3 el Festival Internacional\u2026","rel":"","context":"En \u00abDuke Ellington\u00bb","block_context":{"text":"Duke Ellington","link":"https:\/\/tomajazz.com\/web\/tag\/duke-ellington\/"},"img":{"alt_text":"","src":"https:\/\/i0.wp.com\/4.bp.blogspot.com\/-484OhN89dUc\/TxiTj8Ivy6I\/AAAAAAAAD-I\/Uh7TwOjqHG4\/s200\/vilnius-noir.jpg?resize=350%2C200","width":350,"height":200},"classes":[]},{"id":57434,"url":"https:\/\/tomajazz.com\/web\/hdo-531-albert-cirera-tocando-alla-y-mas-alla-podcast-de-improvisacion-libre-por-pachi-tapiz\/","url_meta":{"origin":41932,"position":4},"title":"HDO 531. Albert Cirera: tocando all\u00e1&#8230; \u00a1y m\u00e1s all\u00e1! [Podcast de improvisaci\u00f3n libre] Por Pachi Tapiz","author":"Tomajazz","date":"29 septiembre, 2021","format":false,"excerpt":"En HDO 531 presentamos cinco grabaciones recientes del saxofonista Albert Cirera registradas en Polonia, Dinamarca y Argentina.","rel":"","context":"En \u00abHDO\u00bb","block_context":{"text":"HDO","link":"https:\/\/tomajazz.com\/web\/category\/contenidos\/sonidos\/podcast\/hablando-de-oidas-hdo\/"},"img":{"alt_text":"","src":"https:\/\/i0.wp.com\/tomajazz.com\/web\/wp-content\/uploads\/2021\/09\/Collage_programa-0531_Albert-Cirera_definitivo.jpg?resize=350%2C200&ssl=1","width":350,"height":200,"srcset":"https:\/\/i0.wp.com\/tomajazz.com\/web\/wp-content\/uploads\/2021\/09\/Collage_programa-0531_Albert-Cirera_definitivo.jpg?resize=350%2C200&ssl=1 1x, https:\/\/i0.wp.com\/tomajazz.com\/web\/wp-content\/uploads\/2021\/09\/Collage_programa-0531_Albert-Cirera_definitivo.jpg?resize=525%2C300&ssl=1 1.5x, https:\/\/i0.wp.com\/tomajazz.com\/web\/wp-content\/uploads\/2021\/09\/Collage_programa-0531_Albert-Cirera_definitivo.jpg?resize=700%2C400&ssl=1 2x"},"classes":[]},{"id":22443,"url":"https:\/\/tomajazz.com\/web\/dueuasp-i-tejero-webster-serrato-diaz-trio-allalba-hristo-vitchev-quartet-dr-lonnie-smith-samo-salamon-bassless-trio-hdo-0079-podcast\/","url_meta":{"origin":41932,"position":5},"title":"DUEUASP I : Tejero \/ Webster \/ Serrato \/ D\u00edaz, Trio All\u2019Alba, Hristo Vitchev Quartet, Dr. Lonnie Smith, Samo Salamon Bassless Trio. HDO 0079 [Podcast]","author":"Tomajazz","date":"27 febrero, 2016","format":false,"excerpt":"De uno en uno a ser posible, viva la variedad en la que se dice que est\u00e1 el gusto (que quien sabe si es cierto), pero en la que de un modo u otro \u2013al menos algunas veces- se est\u00e1 la mar de a gusto. El cuarteto formado por Ricardo\u2026","rel":"","context":"En \u00ab*_Pachi Tapiz\u00bb","block_context":{"text":"*_Pachi Tapiz","link":"https:\/\/tomajazz.com\/web\/category\/pachi-tapiz\/"},"img":{"alt_text":"","src":"https:\/\/i0.wp.com\/tomajazz.com\/web\/wp-content\/uploads\/2016\/02\/Tejero-Webster-Serrato-Diaz_Spain-Is-The-Place_Raw-Tonk-Records_2016.jpg?resize=350%2C200&ssl=1","width":350,"height":200,"srcset":"https:\/\/i0.wp.com\/tomajazz.com\/web\/wp-content\/uploads\/2016\/02\/Tejero-Webster-Serrato-Diaz_Spain-Is-The-Place_Raw-Tonk-Records_2016.jpg?resize=350%2C200&ssl=1 1x, https:\/\/i0.wp.com\/tomajazz.com\/web\/wp-content\/uploads\/2016\/02\/Tejero-Webster-Serrato-Diaz_Spain-Is-The-Place_Raw-Tonk-Records_2016.jpg?resize=525%2C300&ssl=1 1.5x, https:\/\/i0.wp.com\/tomajazz.com\/web\/wp-content\/uploads\/2016\/02\/Tejero-Webster-Serrato-Diaz_Spain-Is-The-Place_Raw-Tonk-Records_2016.jpg?resize=700%2C400&ssl=1 2x"},"classes":[]}],"_links":{"self":[{"href":"https:\/\/tomajazz.com\/web\/wp-json\/wp\/v2\/posts\/41932","targetHints":{"allow":["GET"]}}],"collection":[{"href":"https:\/\/tomajazz.com\/web\/wp-json\/wp\/v2\/posts"}],"about":[{"href":"https:\/\/tomajazz.com\/web\/wp-json\/wp\/v2\/types\/post"}],"author":[{"embeddable":true,"href":"https:\/\/tomajazz.com\/web\/wp-json\/wp\/v2\/users\/1"}],"replies":[{"embeddable":true,"href":"https:\/\/tomajazz.com\/web\/wp-json\/wp\/v2\/comments?post=41932"}],"version-history":[{"count":4,"href":"https:\/\/tomajazz.com\/web\/wp-json\/wp\/v2\/posts\/41932\/revisions"}],"predecessor-version":[{"id":66118,"href":"https:\/\/tomajazz.com\/web\/wp-json\/wp\/v2\/posts\/41932\/revisions\/66118"}],"wp:featuredmedia":[{"embeddable":true,"href":"https:\/\/tomajazz.com\/web\/wp-json\/wp\/v2\/media\/41933"}],"wp:attachment":[{"href":"https:\/\/tomajazz.com\/web\/wp-json\/wp\/v2\/media?parent=41932"}],"wp:term":[{"taxonomy":"category","embeddable":true,"href":"https:\/\/tomajazz.com\/web\/wp-json\/wp\/v2\/categories?post=41932"},{"taxonomy":"post_tag","embeddable":true,"href":"https:\/\/tomajazz.com\/web\/wp-json\/wp\/v2\/tags?post=41932"}],"curies":[{"name":"wp","href":"https:\/\/api.w.org\/{rel}","templated":true}]}}