{"id":42198,"date":"2019-03-09T18:30:33","date_gmt":"2019-03-09T17:30:33","guid":{"rendered":"https:\/\/www.tomajazz.com\/web\/?p=42198"},"modified":"2024-11-23T16:04:55","modified_gmt":"2024-11-23T15:04:55","slug":"instantzz-ramon-prats-solot-robadors-23-barcelona-2019-01-31-galeria-fotografica","status":"publish","type":"post","link":"https:\/\/tomajazz.com\/web\/instantzz-ramon-prats-solot-robadors-23-barcelona-2019-01-31-galeria-fotografica\/","title":{"rendered":"INSTANTZZ: Ramon Prats \u201cSolot\u201d (Robadors 23 \/ Barcelona.  2019-01-31) [Galer\u00eda fotogr\u00e1fica]"},"content":{"rendered":"<p>Por\u00a0<strong>Joan Cort\u00e8s<\/strong>.<\/p>\n<ul>\n<li>Fecha: Jueves, 31 de enero de 2019<\/li>\n<li>Lugar: Robadors 23 (Barcelona)<\/li>\n<li>Grupo:<br \/>\n<strong>Solot<br \/>\n<\/strong>Ramon Prats, bater\u00eda<\/li>\n<\/ul>\n<p style=\"text-align: center;\"><img loading=\"lazy\" decoding=\"async\" class=\"aligncenter size-large wp-image-42199\" src=\"https:\/\/tomajazz.com\/web\/wp-content\/uploads\/2019\/03\/01_RmnPrtsSlt-\u00a9Joan-Cort\u00e8s_31gen19_Rbdrs23_Brcln-600x399.jpg\" alt=\"\" width=\"600\" height=\"399\" title=\"\" srcset=\"https:\/\/tomajazz.com\/web\/wp-content\/uploads\/2019\/03\/01_RmnPrtsSlt-\u00a9Joan-Cort\u00e8s_31gen19_Rbdrs23_Brcln.jpg 600w, https:\/\/tomajazz.com\/web\/wp-content\/uploads\/2019\/03\/01_RmnPrtsSlt-\u00a9Joan-Cort\u00e8s_31gen19_Rbdrs23_Brcln-200x133.jpg 200w, https:\/\/tomajazz.com\/web\/wp-content\/uploads\/2019\/03\/01_RmnPrtsSlt-\u00a9Joan-Cort\u00e8s_31gen19_Rbdrs23_Brcln-83x55.jpg 83w, https:\/\/tomajazz.com\/web\/wp-content\/uploads\/2019\/03\/01_RmnPrtsSlt-\u00a9Joan-Cort\u00e8s_31gen19_Rbdrs23_Brcln-60x40.jpg 60w, https:\/\/tomajazz.com\/web\/wp-content\/uploads\/2019\/03\/01_RmnPrtsSlt-\u00a9Joan-Cort\u00e8s_31gen19_Rbdrs23_Brcln-120x80.jpg 120w\" sizes=\"auto, (max-width: 600px) 100vw, 600px\" \/> <img loading=\"lazy\" decoding=\"async\" class=\"aligncenter size-large wp-image-42200\" src=\"https:\/\/tomajazz.com\/web\/wp-content\/uploads\/2019\/03\/02_RmnPrtsSlt-\u00a9Joan-Cort\u00e8s_31gen19_Rbdrs23_Brcln-399x600.jpg\" alt=\"\" width=\"399\" height=\"600\" title=\"\" srcset=\"https:\/\/tomajazz.com\/web\/wp-content\/uploads\/2019\/03\/02_RmnPrtsSlt-\u00a9Joan-Cort\u00e8s_31gen19_Rbdrs23_Brcln.jpg 399w, https:\/\/tomajazz.com\/web\/wp-content\/uploads\/2019\/03\/02_RmnPrtsSlt-\u00a9Joan-Cort\u00e8s_31gen19_Rbdrs23_Brcln-200x300.jpg 200w, https:\/\/tomajazz.com\/web\/wp-content\/uploads\/2019\/03\/02_RmnPrtsSlt-\u00a9Joan-Cort\u00e8s_31gen19_Rbdrs23_Brcln-37x55.jpg 37w\" sizes=\"auto, (max-width: 399px) 100vw, 399px\" \/> <img loading=\"lazy\" decoding=\"async\" class=\"aligncenter size-large wp-image-42201\" src=\"https:\/\/tomajazz.com\/web\/wp-content\/uploads\/2019\/03\/03_RmnPrtsSlt-\u00a9Joan-Cort\u00e8s_31gen19_Rbdrs23_Brcln-399x600.jpg\" alt=\"\" width=\"399\" height=\"600\" title=\"\" srcset=\"https:\/\/tomajazz.com\/web\/wp-content\/uploads\/2019\/03\/03_RmnPrtsSlt-\u00a9Joan-Cort\u00e8s_31gen19_Rbdrs23_Brcln.jpg 399w, https:\/\/tomajazz.com\/web\/wp-content\/uploads\/2019\/03\/03_RmnPrtsSlt-\u00a9Joan-Cort\u00e8s_31gen19_Rbdrs23_Brcln-200x300.jpg 200w, https:\/\/tomajazz.com\/web\/wp-content\/uploads\/2019\/03\/03_RmnPrtsSlt-\u00a9Joan-Cort\u00e8s_31gen19_Rbdrs23_Brcln-37x55.jpg 37w\" sizes=\"auto, (max-width: 399px) 100vw, 399px\" \/> <img loading=\"lazy\" decoding=\"async\" class=\"aligncenter size-large wp-image-42202\" src=\"https:\/\/tomajazz.com\/web\/wp-content\/uploads\/2019\/03\/04_RmnPrtsSlt-\u00a9Joan-Cort\u00e8s_31gen19_Rbdrs23_Brcln-600x399.jpg\" alt=\"\" width=\"600\" height=\"399\" title=\"\" srcset=\"https:\/\/tomajazz.com\/web\/wp-content\/uploads\/2019\/03\/04_RmnPrtsSlt-\u00a9Joan-Cort\u00e8s_31gen19_Rbdrs23_Brcln.jpg 600w, https:\/\/tomajazz.com\/web\/wp-content\/uploads\/2019\/03\/04_RmnPrtsSlt-\u00a9Joan-Cort\u00e8s_31gen19_Rbdrs23_Brcln-200x133.jpg 200w, https:\/\/tomajazz.com\/web\/wp-content\/uploads\/2019\/03\/04_RmnPrtsSlt-\u00a9Joan-Cort\u00e8s_31gen19_Rbdrs23_Brcln-83x55.jpg 83w, https:\/\/tomajazz.com\/web\/wp-content\/uploads\/2019\/03\/04_RmnPrtsSlt-\u00a9Joan-Cort\u00e8s_31gen19_Rbdrs23_Brcln-60x40.jpg 60w, https:\/\/tomajazz.com\/web\/wp-content\/uploads\/2019\/03\/04_RmnPrtsSlt-\u00a9Joan-Cort\u00e8s_31gen19_Rbdrs23_Brcln-120x80.jpg 120w\" sizes=\"auto, (max-width: 600px) 100vw, 600px\" \/> <img loading=\"lazy\" decoding=\"async\" class=\"aligncenter size-large wp-image-42203\" src=\"https:\/\/tomajazz.com\/web\/wp-content\/uploads\/2019\/03\/05_RmnPrtsSlt-\u00a9Joan-Cort\u00e8s_31gen19_Rbdrs23_Brcln-399x600.jpg\" alt=\"\" width=\"399\" height=\"600\" title=\"\" srcset=\"https:\/\/tomajazz.com\/web\/wp-content\/uploads\/2019\/03\/05_RmnPrtsSlt-\u00a9Joan-Cort\u00e8s_31gen19_Rbdrs23_Brcln.jpg 399w, https:\/\/tomajazz.com\/web\/wp-content\/uploads\/2019\/03\/05_RmnPrtsSlt-\u00a9Joan-Cort\u00e8s_31gen19_Rbdrs23_Brcln-200x300.jpg 200w, https:\/\/tomajazz.com\/web\/wp-content\/uploads\/2019\/03\/05_RmnPrtsSlt-\u00a9Joan-Cort\u00e8s_31gen19_Rbdrs23_Brcln-37x55.jpg 37w\" sizes=\"auto, (max-width: 399px) 100vw, 399px\" \/> <img loading=\"lazy\" decoding=\"async\" class=\"aligncenter size-large wp-image-42204\" src=\"https:\/\/tomajazz.com\/web\/wp-content\/uploads\/2019\/03\/06_RmnPrtsSlt-\u00a9Joan-Cort\u00e8s_31gen19_Rbdrs23_Brcln-600x399.jpg\" alt=\"\" width=\"600\" height=\"399\" title=\"\" srcset=\"https:\/\/tomajazz.com\/web\/wp-content\/uploads\/2019\/03\/06_RmnPrtsSlt-\u00a9Joan-Cort\u00e8s_31gen19_Rbdrs23_Brcln.jpg 600w, https:\/\/tomajazz.com\/web\/wp-content\/uploads\/2019\/03\/06_RmnPrtsSlt-\u00a9Joan-Cort\u00e8s_31gen19_Rbdrs23_Brcln-200x133.jpg 200w, https:\/\/tomajazz.com\/web\/wp-content\/uploads\/2019\/03\/06_RmnPrtsSlt-\u00a9Joan-Cort\u00e8s_31gen19_Rbdrs23_Brcln-83x55.jpg 83w, https:\/\/tomajazz.com\/web\/wp-content\/uploads\/2019\/03\/06_RmnPrtsSlt-\u00a9Joan-Cort\u00e8s_31gen19_Rbdrs23_Brcln-60x40.jpg 60w, https:\/\/tomajazz.com\/web\/wp-content\/uploads\/2019\/03\/06_RmnPrtsSlt-\u00a9Joan-Cort\u00e8s_31gen19_Rbdrs23_Brcln-120x80.jpg 120w\" sizes=\"auto, (max-width: 600px) 100vw, 600px\" \/> <img loading=\"lazy\" decoding=\"async\" class=\"aligncenter size-large wp-image-42205\" src=\"https:\/\/tomajazz.com\/web\/wp-content\/uploads\/2019\/03\/07_RmnPrtsSlt-\u00a9Joan-Cort\u00e8s_31gen19_Rbdrs23_Brcln-399x600.jpg\" alt=\"\" width=\"399\" height=\"600\" title=\"\" srcset=\"https:\/\/tomajazz.com\/web\/wp-content\/uploads\/2019\/03\/07_RmnPrtsSlt-\u00a9Joan-Cort\u00e8s_31gen19_Rbdrs23_Brcln.jpg 399w, https:\/\/tomajazz.com\/web\/wp-content\/uploads\/2019\/03\/07_RmnPrtsSlt-\u00a9Joan-Cort\u00e8s_31gen19_Rbdrs23_Brcln-200x300.jpg 200w, https:\/\/tomajazz.com\/web\/wp-content\/uploads\/2019\/03\/07_RmnPrtsSlt-\u00a9Joan-Cort\u00e8s_31gen19_Rbdrs23_Brcln-37x55.jpg 37w\" sizes=\"auto, (max-width: 399px) 100vw, 399px\" \/> <img loading=\"lazy\" decoding=\"async\" class=\"aligncenter size-large wp-image-42206\" src=\"https:\/\/tomajazz.com\/web\/wp-content\/uploads\/2019\/03\/08_RmnPrtsSlt-\u00a9Joan-Cort\u00e8s_31gen19_Rbdrs23_Brcln-600x399.jpg\" alt=\"\" width=\"600\" height=\"399\" title=\"\" srcset=\"https:\/\/tomajazz.com\/web\/wp-content\/uploads\/2019\/03\/08_RmnPrtsSlt-\u00a9Joan-Cort\u00e8s_31gen19_Rbdrs23_Brcln.jpg 600w, https:\/\/tomajazz.com\/web\/wp-content\/uploads\/2019\/03\/08_RmnPrtsSlt-\u00a9Joan-Cort\u00e8s_31gen19_Rbdrs23_Brcln-200x133.jpg 200w, https:\/\/tomajazz.com\/web\/wp-content\/uploads\/2019\/03\/08_RmnPrtsSlt-\u00a9Joan-Cort\u00e8s_31gen19_Rbdrs23_Brcln-83x55.jpg 83w, https:\/\/tomajazz.com\/web\/wp-content\/uploads\/2019\/03\/08_RmnPrtsSlt-\u00a9Joan-Cort\u00e8s_31gen19_Rbdrs23_Brcln-60x40.jpg 60w, https:\/\/tomajazz.com\/web\/wp-content\/uploads\/2019\/03\/08_RmnPrtsSlt-\u00a9Joan-Cort\u00e8s_31gen19_Rbdrs23_Brcln-120x80.jpg 120w\" sizes=\"auto, (max-width: 600px) 100vw, 600px\" \/> <img loading=\"lazy\" decoding=\"async\" class=\"aligncenter size-large wp-image-42207\" src=\"https:\/\/tomajazz.com\/web\/wp-content\/uploads\/2019\/03\/09_RmnPrtsSlt-\u00a9Joan-Cort\u00e8s_31gen19_Rbdrs23_Brcln-600x399.jpg\" alt=\"\" width=\"600\" height=\"399\" title=\"\" srcset=\"https:\/\/tomajazz.com\/web\/wp-content\/uploads\/2019\/03\/09_RmnPrtsSlt-\u00a9Joan-Cort\u00e8s_31gen19_Rbdrs23_Brcln.jpg 600w, https:\/\/tomajazz.com\/web\/wp-content\/uploads\/2019\/03\/09_RmnPrtsSlt-\u00a9Joan-Cort\u00e8s_31gen19_Rbdrs23_Brcln-200x133.jpg 200w, https:\/\/tomajazz.com\/web\/wp-content\/uploads\/2019\/03\/09_RmnPrtsSlt-\u00a9Joan-Cort\u00e8s_31gen19_Rbdrs23_Brcln-83x55.jpg 83w, https:\/\/tomajazz.com\/web\/wp-content\/uploads\/2019\/03\/09_RmnPrtsSlt-\u00a9Joan-Cort\u00e8s_31gen19_Rbdrs23_Brcln-60x40.jpg 60w, https:\/\/tomajazz.com\/web\/wp-content\/uploads\/2019\/03\/09_RmnPrtsSlt-\u00a9Joan-Cort\u00e8s_31gen19_Rbdrs23_Brcln-120x80.jpg 120w\" sizes=\"auto, (max-width: 600px) 100vw, 600px\" \/> <img loading=\"lazy\" decoding=\"async\" class=\"aligncenter size-large wp-image-42208\" src=\"https:\/\/tomajazz.com\/web\/wp-content\/uploads\/2019\/03\/10_RmnPrtsSlt-\u00a9Joan-Cort\u00e8s_31gen19_Rbdrs23_Brcln-600x399.jpg\" alt=\"\" width=\"600\" height=\"399\" title=\"\" srcset=\"https:\/\/tomajazz.com\/web\/wp-content\/uploads\/2019\/03\/10_RmnPrtsSlt-\u00a9Joan-Cort\u00e8s_31gen19_Rbdrs23_Brcln.jpg 600w, https:\/\/tomajazz.com\/web\/wp-content\/uploads\/2019\/03\/10_RmnPrtsSlt-\u00a9Joan-Cort\u00e8s_31gen19_Rbdrs23_Brcln-200x133.jpg 200w, https:\/\/tomajazz.com\/web\/wp-content\/uploads\/2019\/03\/10_RmnPrtsSlt-\u00a9Joan-Cort\u00e8s_31gen19_Rbdrs23_Brcln-83x55.jpg 83w, https:\/\/tomajazz.com\/web\/wp-content\/uploads\/2019\/03\/10_RmnPrtsSlt-\u00a9Joan-Cort\u00e8s_31gen19_Rbdrs23_Brcln-60x40.jpg 60w, https:\/\/tomajazz.com\/web\/wp-content\/uploads\/2019\/03\/10_RmnPrtsSlt-\u00a9Joan-Cort\u00e8s_31gen19_Rbdrs23_Brcln-120x80.jpg 120w\" sizes=\"auto, (max-width: 600px) 100vw, 600px\" \/> <img loading=\"lazy\" decoding=\"async\" class=\"aligncenter size-large wp-image-42209\" src=\"https:\/\/tomajazz.com\/web\/wp-content\/uploads\/2019\/03\/11_RmnPrtsSlt-\u00a9Joan-Cort\u00e8s_31gen19_Rbdrs23_Brcln-600x399.jpg\" alt=\"\" width=\"600\" height=\"399\" title=\"\" srcset=\"https:\/\/tomajazz.com\/web\/wp-content\/uploads\/2019\/03\/11_RmnPrtsSlt-\u00a9Joan-Cort\u00e8s_31gen19_Rbdrs23_Brcln.jpg 600w, https:\/\/tomajazz.com\/web\/wp-content\/uploads\/2019\/03\/11_RmnPrtsSlt-\u00a9Joan-Cort\u00e8s_31gen19_Rbdrs23_Brcln-200x133.jpg 200w, https:\/\/tomajazz.com\/web\/wp-content\/uploads\/2019\/03\/11_RmnPrtsSlt-\u00a9Joan-Cort\u00e8s_31gen19_Rbdrs23_Brcln-83x55.jpg 83w, https:\/\/tomajazz.com\/web\/wp-content\/uploads\/2019\/03\/11_RmnPrtsSlt-\u00a9Joan-Cort\u00e8s_31gen19_Rbdrs23_Brcln-60x40.jpg 60w, https:\/\/tomajazz.com\/web\/wp-content\/uploads\/2019\/03\/11_RmnPrtsSlt-\u00a9Joan-Cort\u00e8s_31gen19_Rbdrs23_Brcln-120x80.jpg 120w\" sizes=\"auto, (max-width: 600px) 100vw, 600px\" \/><\/p>\n<p style=\"text-align: right;\">Tomajazz: \u00a9\u00a0<strong>Joan Cort\u00e8s<\/strong>, 2019<\/p>\n","protected":false},"excerpt":{"rendered":"<p>Por\u00a0Joan Cort\u00e8s. Fecha: Jueves, 31 de enero de 2019 Lugar: Robadors 23 (Barcelona) Grupo: Solot Ramon Prats, bater\u00eda Tomajazz: \u00a9\u00a0Joan Cort\u00e8s, 2019<span class=\"more-link\"><a href=\"https:\/\/tomajazz.com\/web\/instantzz-ramon-prats-solot-robadors-23-barcelona-2019-01-31-galeria-fotografica\/\">Contin\u00faa leyendo<\/a><\/span><\/p>\n","protected":false},"author":1,"featured_media":42207,"comment_status":"open","ping_status":"closed","sticky":false,"template":"","format":"standard","meta":{"jetpack_post_was_ever_published":false,"_jetpack_newsletter_access":"","_jetpack_dont_email_post_to_subs":false,"_jetpack_newsletter_tier_id":0,"_jetpack_memberships_contains_paywalled_content":false,"_jetpack_memberships_contains_paid_content":false,"footnotes":""},"categories":[17853,11262,15516,11261,1038],"tags":[1041,108,10224],"class_list":["entry","author-pachi","post-42198","post","type-post","status-publish","format-standard","has-post-thumbnail","category-joan-cortes","category-photoblogs","category-imagenes","category-instantzz","category-contenidos","tag-joan-cortes","tag-ramon-prats","tag-solot"],"jetpack_featured_media_url":"https:\/\/tomajazz.com\/web\/wp-content\/uploads\/2019\/03\/09_RmnPrtsSlt-\u00a9Joan-Cort\u00e8s_31gen19_Rbdrs23_Brcln.jpg","jetpack_likes_enabled":true,"jetpack_sharing_enabled":true,"jetpack-related-posts":[{"id":31417,"url":"https:\/\/tomajazz.com\/web\/instantzz-ramon-prats-solot-basement-bcn-jazz-festival-robadors-23-barcelona-2017-05-30-galeria-fotografica\/","url_meta":{"origin":42198,"position":0},"title":"INSTANTZZ: Ramon Prats \u201cSolot\u201d (Basement BCN Jazz Festival, Robadors 23, Barcelona. 2017-05-30) [Galer\u00eda fotogr\u00e1fica]","author":"Tomajazz","date":"14 julio, 2017","format":false,"excerpt":"Fecha: Martes, 30 de mayo de 2017 Lugar: Robadors 23, Barcelona Grupo: Ramon Prats \"Solot\" Ramon Prats, bater\u00eda y percusi\u00f3n Tomajazz:\u00a0\u00a9\u00a0Joan Cort\u00e8s, 2017","rel":"","context":"En \u00ab*_Joan Cort\u00e8s\u00bb","block_context":{"text":"*_Joan Cort\u00e8s","link":"https:\/\/tomajazz.com\/web\/category\/joan-cortes\/"},"img":{"alt_text":"","src":"https:\/\/i0.wp.com\/tomajazz.com\/web\/wp-content\/uploads\/2017\/07\/04_RmnPrtsSlt-%C2%A9Joan-Cort%C3%A8s_30mai17_BsmntBcnJzzFstvl_R23_Bcn.jpg?resize=350%2C200&ssl=1","width":350,"height":200,"srcset":"https:\/\/i0.wp.com\/tomajazz.com\/web\/wp-content\/uploads\/2017\/07\/04_RmnPrtsSlt-%C2%A9Joan-Cort%C3%A8s_30mai17_BsmntBcnJzzFstvl_R23_Bcn.jpg?resize=350%2C200&ssl=1 1x, https:\/\/i0.wp.com\/tomajazz.com\/web\/wp-content\/uploads\/2017\/07\/04_RmnPrtsSlt-%C2%A9Joan-Cort%C3%A8s_30mai17_BsmntBcnJzzFstvl_R23_Bcn.jpg?resize=525%2C300&ssl=1 1.5x"},"classes":[]},{"id":71976,"url":"https:\/\/tomajazz.com\/web\/ramon-prats-solot-31-dies-2023\/","url_meta":{"origin":42198,"position":1},"title":"Ramon Prats \u201cSolot -31 dies, 31 improvisacions\u201d (Fundaci\u00f3 Llu\u00eds Coromina, Espai Eat Art, 2023-01-11. Banyoles -Girona-) Por Joan Cort\u00e8s [INSTANTZZ AKA Galer\u00eda fotogr\u00e1fica AKA Fotoblog de jazz, impro\u2026 y algo m\u00e1s]","author":"Tomajazz","date":"11 marzo, 2023","format":false,"excerpt":"Ramon Prats ha realizado 31 improvisaciones en solitario en enero de 2023. Joan Cort\u00e8s trae a INSTANTZZ una galer\u00eda fotogr\u00e1fica del und\u00e9cimo d\u00eda.","rel":"","context":"En \u00abINSTANTZZ\u00bb","block_context":{"text":"INSTANTZZ","link":"https:\/\/tomajazz.com\/web\/category\/contenidos\/imagenes\/photoblogs\/instantzz\/"},"img":{"alt_text":"Ramon Prats \u201cSolot -31 dies, 31 improvisacions\u201d (Fundaci\u00f3 Llu\u00eds Coromina, Espai Eat Art, 2023-01-11. Banyoles -Girona-) Por Joan Cort\u00e8s [INSTANTZZ AKA Galer\u00eda fotogr\u00e1fica AKA Fotoblog de jazz, impro\u2026 y algo m\u00e1s]","src":"https:\/\/i0.wp.com\/tomajazz.com\/web\/wp-content\/uploads\/2023\/03\/11_Rmn-Prts-slt-%C2%A9Joan-Cortes_11gen23_FLlC_Bnyls_bn.jpg?resize=350%2C200&ssl=1","width":350,"height":200,"srcset":"https:\/\/i0.wp.com\/tomajazz.com\/web\/wp-content\/uploads\/2023\/03\/11_Rmn-Prts-slt-%C2%A9Joan-Cortes_11gen23_FLlC_Bnyls_bn.jpg?resize=350%2C200&ssl=1 1x, https:\/\/i0.wp.com\/tomajazz.com\/web\/wp-content\/uploads\/2023\/03\/11_Rmn-Prts-slt-%C2%A9Joan-Cortes_11gen23_FLlC_Bnyls_bn.jpg?resize=525%2C300&ssl=1 1.5x"},"classes":[]},{"id":102503,"url":"https:\/\/tomajazz.com\/web\/eddie-mejia-jamboree-2025\/","url_meta":{"origin":42198,"position":2},"title":"Eddie Mej\u00eda 4t \u201cPar\u00e9ntesis del Miedo\u201d (Jamboree -sala 1-, 2025-11-14 \/ Barcelona) Por Joan Cort\u00e8s [INSTANTZZ AKA Galer\u00eda fotogr\u00e1fica AKA Fotoblog de jazz, impro\u2026 y algo m\u00e1s]","author":"Tomajazz","date":"4 diciembre, 2025","format":false,"excerpt":"Eddie Mej\u00eda 4t present\u00f3 \u201cPar\u00e9ntesis del Miedo\u201d en Jamboree, Barcelona, el 14 de noviembre de 2025. Joan Cort\u00e8s lo retrata en INSTANTZZ. Actuaron Eddie Mej\u00eda, Bill McHenry, Masa Kamaguchi, Ramon Prats, Magda Garre","rel":"","context":"En \u00ab*_Joan Cort\u00e8s\u00bb","block_context":{"text":"*_Joan Cort\u00e8s","link":"https:\/\/tomajazz.com\/web\/category\/joan-cortes\/"},"img":{"alt_text":"Eddie Mej\u00eda 4t \u201cPar\u00e9ntesis del Miedo\u201d (Jamboree -sala 1-, 2025-11-14 \/ Barcelona) Por Joan Cort\u00e8s [INSTANTZZ AKA Galer\u00eda fotogr\u00e1fica AKA Fotoblog de jazz, impro\u2026 y algo m\u00e1s] - Tomajazz - Eddie Mej\u00eda 4t present\u00f3 \u201cPar\u00e9ntesis del Miedo\u201d en Jamboree, Barcelona, el 14 de noviembre de 2025. Joan Cort\u00e8s lo retrata en INSTANTZZ. Actuaron Eddie Mej\u00eda, Bill McHenry, Masa Kamaguchi, Ramon Prats, Magda Garre\n","src":"https:\/\/i0.wp.com\/tomajazz.com\/web\/wp-content\/uploads\/2025\/12\/destacado-02-dd-Mj-4t-Photo-By-Joan-Cortes-14nov25-Jmbrr.jpg?resize=350%2C200&ssl=1","width":350,"height":200,"srcset":"https:\/\/i0.wp.com\/tomajazz.com\/web\/wp-content\/uploads\/2025\/12\/destacado-02-dd-Mj-4t-Photo-By-Joan-Cortes-14nov25-Jmbrr.jpg?resize=350%2C200&ssl=1 1x, https:\/\/i0.wp.com\/tomajazz.com\/web\/wp-content\/uploads\/2025\/12\/destacado-02-dd-Mj-4t-Photo-By-Joan-Cortes-14nov25-Jmbrr.jpg?resize=525%2C300&ssl=1 1.5x"},"classes":[]},{"id":41679,"url":"https:\/\/tomajazz.com\/web\/instantzz-robadors-quartet-1930-robadors-23-barcelona-2018-10-24-galeria-fotografica\/","url_meta":{"origin":42198,"position":3},"title":"INSTANTZZ: Robadors Quartet \u201c19:30\u201d  (Robadors 23 \/ Barcelona.  2018-10-24) [Galer\u00eda fotogr\u00e1fica]","author":"Tomajazz","date":"7 febrero, 2019","format":false,"excerpt":"Por\u00a0Joan Cort\u00e8s. Fecha: Mi\u00e9rcoles, 24 de octubre de 2018 Lugar: Robadors 23 (Barcelona) Grupo: Robadors Quartet Tom Chant, saxo tenor y piano Marco Mezquida, piano Johanes N\u00e4stesj\u00f6, contrabajo Ramon Prats, bater\u00eda Tomajazz:\u00a0\u00a9 Joan Cort\u00e8s, 2019","rel":"","context":"En \u00ab*_Joan Cort\u00e8s\u00bb","block_context":{"text":"*_Joan Cort\u00e8s","link":"https:\/\/tomajazz.com\/web\/category\/joan-cortes\/"},"img":{"alt_text":"","src":"https:\/\/i0.wp.com\/tomajazz.com\/web\/wp-content\/uploads\/2019\/02\/05_Rbdrs-Qrtt-%C2%A9Jn-Crts_24oct18_Rbdrs23_Bcn.jpg?resize=350%2C200&ssl=1","width":350,"height":200,"srcset":"https:\/\/i0.wp.com\/tomajazz.com\/web\/wp-content\/uploads\/2019\/02\/05_Rbdrs-Qrtt-%C2%A9Jn-Crts_24oct18_Rbdrs23_Bcn.jpg?resize=350%2C200&ssl=1 1x, https:\/\/i0.wp.com\/tomajazz.com\/web\/wp-content\/uploads\/2019\/02\/05_Rbdrs-Qrtt-%C2%A9Jn-Crts_24oct18_Rbdrs23_Bcn.jpg?resize=525%2C300&ssl=1 1.5x"},"classes":[]},{"id":42045,"url":"https:\/\/tomajazz.com\/web\/instantzz-duot-robadors-23-barcelona-2018-12-27-galeria-fotografica\/","url_meta":{"origin":42198,"position":4},"title":"INSTANTZZ: Duot  (Robadors 23 \/ Barcelona.  2018-12-27) [Galer\u00eda fotogr\u00e1fica]","author":"Tomajazz","date":"26 febrero, 2019","format":false,"excerpt":"Por\u00a0Joan Cort\u00e8s. Fecha: Jueves, 27 de diciembre de 2018 Lugar: Robadors 23 (Barcelona) Grupo: Duot Albert Cirera, saxo tenor y soprano Ramon Prats, bater\u00eda Tomajazz: \u00a9 Joan Cort\u00e8s, 2019","rel":"","context":"En \u00ab*_Joan Cort\u00e8s\u00bb","block_context":{"text":"*_Joan Cort\u00e8s","link":"https:\/\/tomajazz.com\/web\/category\/joan-cortes\/"},"img":{"alt_text":"","src":"https:\/\/i0.wp.com\/tomajazz.com\/web\/wp-content\/uploads\/2019\/02\/07_Dt-%C2%A9Joan-Cort%C3%A8s_27dsm18_Rbdrs23_Brcln.jpg?resize=350%2C200&ssl=1","width":350,"height":200,"srcset":"https:\/\/i0.wp.com\/tomajazz.com\/web\/wp-content\/uploads\/2019\/02\/07_Dt-%C2%A9Joan-Cort%C3%A8s_27dsm18_Rbdrs23_Brcln.jpg?resize=350%2C200&ssl=1 1x, https:\/\/i0.wp.com\/tomajazz.com\/web\/wp-content\/uploads\/2019\/02\/07_Dt-%C2%A9Joan-Cort%C3%A8s_27dsm18_Rbdrs23_Brcln.jpg?resize=525%2C300&ssl=1 1.5x"},"classes":[]},{"id":69424,"url":"https:\/\/tomajazz.com\/web\/ramon-prats-31-dias-31-improvisaciones\/","url_meta":{"origin":42198,"position":5},"title":"Ramon Prats: 31 d\u00edas, 31 improvisaciones, enero 2023. Por Joan Cort\u00e8s [Art\u00edculo de jazz]","author":"Tomajazz","date":"30 diciembre, 2022","format":false,"excerpt":"El baterista, percusionista, compositor y vitalista, Ramon Prats, realizar\u00e1 una improvisaci\u00f3n diaria a lo largo de todo el mes de enero de 2023. Treinta y un solos de bater\u00eda, Solot, los denomina, en la galer\u00eda Eat Art de Banyoles (Girona), a las nueve de la noche, con tan s\u00f3lo la\u2026","rel":"","context":"En \u00abArt\u00edculos...\u00bb","block_context":{"text":"Art\u00edculos...","link":"https:\/\/tomajazz.com\/web\/category\/contenidos\/textos\/articulos\/"},"img":{"alt_text":"","src":"https:\/\/i0.wp.com\/tomajazz.com\/web\/wp-content\/uploads\/2022\/12\/01_rmn-Prts-Joan-Cortes_17jll20.jpg?resize=350%2C200&ssl=1","width":350,"height":200},"classes":[]}],"_links":{"self":[{"href":"https:\/\/tomajazz.com\/web\/wp-json\/wp\/v2\/posts\/42198","targetHints":{"allow":["GET"]}}],"collection":[{"href":"https:\/\/tomajazz.com\/web\/wp-json\/wp\/v2\/posts"}],"about":[{"href":"https:\/\/tomajazz.com\/web\/wp-json\/wp\/v2\/types\/post"}],"author":[{"embeddable":true,"href":"https:\/\/tomajazz.com\/web\/wp-json\/wp\/v2\/users\/1"}],"replies":[{"embeddable":true,"href":"https:\/\/tomajazz.com\/web\/wp-json\/wp\/v2\/comments?post=42198"}],"version-history":[{"count":2,"href":"https:\/\/tomajazz.com\/web\/wp-json\/wp\/v2\/posts\/42198\/revisions"}],"predecessor-version":[{"id":66097,"href":"https:\/\/tomajazz.com\/web\/wp-json\/wp\/v2\/posts\/42198\/revisions\/66097"}],"wp:featuredmedia":[{"embeddable":true,"href":"https:\/\/tomajazz.com\/web\/wp-json\/wp\/v2\/media\/42207"}],"wp:attachment":[{"href":"https:\/\/tomajazz.com\/web\/wp-json\/wp\/v2\/media?parent=42198"}],"wp:term":[{"taxonomy":"category","embeddable":true,"href":"https:\/\/tomajazz.com\/web\/wp-json\/wp\/v2\/categories?post=42198"},{"taxonomy":"post_tag","embeddable":true,"href":"https:\/\/tomajazz.com\/web\/wp-json\/wp\/v2\/tags?post=42198"}],"curies":[{"name":"wp","href":"https:\/\/api.w.org\/{rel}","templated":true}]}}