{"id":42328,"date":"2019-03-12T18:15:13","date_gmt":"2019-03-12T17:15:13","guid":{"rendered":"https:\/\/www.tomajazz.com\/web\/?p=42328"},"modified":"2022-08-28T15:07:54","modified_gmt":"2022-08-28T13:07:54","slug":"instantzz-marco-mezquida-piano-solo-28e-jazz-granollers-festival-casino-de-granollers-club-de-ritme-granollers-barcelona-2019-02-01-galeria-fotografica","status":"publish","type":"post","link":"https:\/\/tomajazz.com\/web\/instantzz-marco-mezquida-piano-solo-28e-jazz-granollers-festival-casino-de-granollers-club-de-ritme-granollers-barcelona-2019-02-01-galeria-fotografica\/","title":{"rendered":"INSTANTZZ: Marco Mezquida -Piano Solo- (28\u00e8 Jazz Granollers Festival, Casino de Granollers \u2013 Club de Ritme, Granollers -Barcelona-.  2019-02-01) [Galer\u00eda fotogr\u00e1fica]"},"content":{"rendered":"<p>Por\u00a0<strong>Joan Cort\u00e8s<\/strong>.<\/p>\n<ul>\n<li>Fecha: Viernes, 01 de febrero de 2019<\/li>\n<li>Lugar: Casino de Granollers &#8211; Club de Ritme (Granollers -Barcelona-)<\/li>\n<li>Grupo:<br \/>\n<strong>Marco Mezquida<br \/>\n<\/strong>Marco Mezquida, piano y percusi\u00f3n menor<\/li>\n<\/ul>\n<p style=\"text-align: center;\"><img loading=\"lazy\" decoding=\"async\" class=\"aligncenter size-large wp-image-42329\" src=\"https:\/\/tomajazz.com\/web\/wp-content\/uploads\/2019\/03\/01_Mrc-Mzqd-\u00aeJoan-Cort\u00e8s_01gen19_lCsn_29JzzGrnllrs-600x399.jpg\" alt=\"\" width=\"600\" height=\"399\" title=\"\" srcset=\"https:\/\/tomajazz.com\/web\/wp-content\/uploads\/2019\/03\/01_Mrc-Mzqd-\u00aeJoan-Cort\u00e8s_01gen19_lCsn_29JzzGrnllrs.jpg 600w, https:\/\/tomajazz.com\/web\/wp-content\/uploads\/2019\/03\/01_Mrc-Mzqd-\u00aeJoan-Cort\u00e8s_01gen19_lCsn_29JzzGrnllrs-200x133.jpg 200w, https:\/\/tomajazz.com\/web\/wp-content\/uploads\/2019\/03\/01_Mrc-Mzqd-\u00aeJoan-Cort\u00e8s_01gen19_lCsn_29JzzGrnllrs-83x55.jpg 83w, https:\/\/tomajazz.com\/web\/wp-content\/uploads\/2019\/03\/01_Mrc-Mzqd-\u00aeJoan-Cort\u00e8s_01gen19_lCsn_29JzzGrnllrs-60x40.jpg 60w, https:\/\/tomajazz.com\/web\/wp-content\/uploads\/2019\/03\/01_Mrc-Mzqd-\u00aeJoan-Cort\u00e8s_01gen19_lCsn_29JzzGrnllrs-120x80.jpg 120w\" sizes=\"auto, (max-width: 600px) 100vw, 600px\" \/> <img loading=\"lazy\" decoding=\"async\" class=\"aligncenter size-large wp-image-42330\" src=\"https:\/\/tomajazz.com\/web\/wp-content\/uploads\/2019\/03\/02_Mrc-Mzqd-\u00aeJoan-Cort\u00e8s_01gen19_lCsn_29JzzGrnllrs-600x399.jpg\" alt=\"\" width=\"600\" height=\"399\" title=\"\" srcset=\"https:\/\/tomajazz.com\/web\/wp-content\/uploads\/2019\/03\/02_Mrc-Mzqd-\u00aeJoan-Cort\u00e8s_01gen19_lCsn_29JzzGrnllrs.jpg 600w, https:\/\/tomajazz.com\/web\/wp-content\/uploads\/2019\/03\/02_Mrc-Mzqd-\u00aeJoan-Cort\u00e8s_01gen19_lCsn_29JzzGrnllrs-200x133.jpg 200w, https:\/\/tomajazz.com\/web\/wp-content\/uploads\/2019\/03\/02_Mrc-Mzqd-\u00aeJoan-Cort\u00e8s_01gen19_lCsn_29JzzGrnllrs-83x55.jpg 83w, https:\/\/tomajazz.com\/web\/wp-content\/uploads\/2019\/03\/02_Mrc-Mzqd-\u00aeJoan-Cort\u00e8s_01gen19_lCsn_29JzzGrnllrs-60x40.jpg 60w, https:\/\/tomajazz.com\/web\/wp-content\/uploads\/2019\/03\/02_Mrc-Mzqd-\u00aeJoan-Cort\u00e8s_01gen19_lCsn_29JzzGrnllrs-120x80.jpg 120w\" sizes=\"auto, (max-width: 600px) 100vw, 600px\" \/> <img loading=\"lazy\" decoding=\"async\" class=\"aligncenter size-large wp-image-42331\" src=\"https:\/\/tomajazz.com\/web\/wp-content\/uploads\/2019\/03\/03_Mrc-Mzqd-\u00aeJoan-Cort\u00e8s_01gen19_lCsn_29JzzGrnllrs-399x600.jpg\" alt=\"\" width=\"399\" height=\"600\" title=\"\" srcset=\"https:\/\/tomajazz.com\/web\/wp-content\/uploads\/2019\/03\/03_Mrc-Mzqd-\u00aeJoan-Cort\u00e8s_01gen19_lCsn_29JzzGrnllrs.jpg 399w, https:\/\/tomajazz.com\/web\/wp-content\/uploads\/2019\/03\/03_Mrc-Mzqd-\u00aeJoan-Cort\u00e8s_01gen19_lCsn_29JzzGrnllrs-200x300.jpg 200w, https:\/\/tomajazz.com\/web\/wp-content\/uploads\/2019\/03\/03_Mrc-Mzqd-\u00aeJoan-Cort\u00e8s_01gen19_lCsn_29JzzGrnllrs-37x55.jpg 37w\" sizes=\"auto, (max-width: 399px) 100vw, 399px\" \/> <img loading=\"lazy\" decoding=\"async\" class=\"aligncenter size-large wp-image-42332\" src=\"https:\/\/tomajazz.com\/web\/wp-content\/uploads\/2019\/03\/04_Mrc-Mzqd-\u00aeJoan-Cort\u00e8s_01gen19_lCsn_29JzzGrnllrs-399x600.jpg\" alt=\"\" width=\"399\" height=\"600\" title=\"\" srcset=\"https:\/\/tomajazz.com\/web\/wp-content\/uploads\/2019\/03\/04_Mrc-Mzqd-\u00aeJoan-Cort\u00e8s_01gen19_lCsn_29JzzGrnllrs.jpg 399w, https:\/\/tomajazz.com\/web\/wp-content\/uploads\/2019\/03\/04_Mrc-Mzqd-\u00aeJoan-Cort\u00e8s_01gen19_lCsn_29JzzGrnllrs-200x300.jpg 200w, https:\/\/tomajazz.com\/web\/wp-content\/uploads\/2019\/03\/04_Mrc-Mzqd-\u00aeJoan-Cort\u00e8s_01gen19_lCsn_29JzzGrnllrs-37x55.jpg 37w\" sizes=\"auto, (max-width: 399px) 100vw, 399px\" \/> <img loading=\"lazy\" decoding=\"async\" class=\"aligncenter size-large wp-image-42333\" src=\"https:\/\/tomajazz.com\/web\/wp-content\/uploads\/2019\/03\/05_Mrc-Mzqd-\u00aeJoan-Cort\u00e8s_01gen19_lCsn_29JzzGrnllrs-399x600.jpg\" alt=\"\" width=\"399\" height=\"600\" title=\"\" srcset=\"https:\/\/tomajazz.com\/web\/wp-content\/uploads\/2019\/03\/05_Mrc-Mzqd-\u00aeJoan-Cort\u00e8s_01gen19_lCsn_29JzzGrnllrs.jpg 399w, https:\/\/tomajazz.com\/web\/wp-content\/uploads\/2019\/03\/05_Mrc-Mzqd-\u00aeJoan-Cort\u00e8s_01gen19_lCsn_29JzzGrnllrs-200x300.jpg 200w, https:\/\/tomajazz.com\/web\/wp-content\/uploads\/2019\/03\/05_Mrc-Mzqd-\u00aeJoan-Cort\u00e8s_01gen19_lCsn_29JzzGrnllrs-37x55.jpg 37w\" sizes=\"auto, (max-width: 399px) 100vw, 399px\" \/> <img loading=\"lazy\" decoding=\"async\" class=\"aligncenter size-large wp-image-42334\" src=\"https:\/\/tomajazz.com\/web\/wp-content\/uploads\/2019\/03\/06_Mrc-Mzqd-\u00aeJoan-Cort\u00e8s_01gen19_lCsn_29JzzGrnllrs-600x399.jpg\" alt=\"\" width=\"600\" height=\"399\" title=\"\" srcset=\"https:\/\/tomajazz.com\/web\/wp-content\/uploads\/2019\/03\/06_Mrc-Mzqd-\u00aeJoan-Cort\u00e8s_01gen19_lCsn_29JzzGrnllrs.jpg 600w, https:\/\/tomajazz.com\/web\/wp-content\/uploads\/2019\/03\/06_Mrc-Mzqd-\u00aeJoan-Cort\u00e8s_01gen19_lCsn_29JzzGrnllrs-200x133.jpg 200w, https:\/\/tomajazz.com\/web\/wp-content\/uploads\/2019\/03\/06_Mrc-Mzqd-\u00aeJoan-Cort\u00e8s_01gen19_lCsn_29JzzGrnllrs-83x55.jpg 83w, https:\/\/tomajazz.com\/web\/wp-content\/uploads\/2019\/03\/06_Mrc-Mzqd-\u00aeJoan-Cort\u00e8s_01gen19_lCsn_29JzzGrnllrs-60x40.jpg 60w, https:\/\/tomajazz.com\/web\/wp-content\/uploads\/2019\/03\/06_Mrc-Mzqd-\u00aeJoan-Cort\u00e8s_01gen19_lCsn_29JzzGrnllrs-120x80.jpg 120w\" sizes=\"auto, (max-width: 600px) 100vw, 600px\" \/> <img loading=\"lazy\" decoding=\"async\" class=\"aligncenter size-large wp-image-42335\" src=\"https:\/\/tomajazz.com\/web\/wp-content\/uploads\/2019\/03\/07_Mrc-Mzqd-\u00aeJoan-Cort\u00e8s_01gen19_lCsn_29JzzGrnllrs-399x600.jpg\" alt=\"\" width=\"399\" height=\"600\" title=\"\" srcset=\"https:\/\/tomajazz.com\/web\/wp-content\/uploads\/2019\/03\/07_Mrc-Mzqd-\u00aeJoan-Cort\u00e8s_01gen19_lCsn_29JzzGrnllrs.jpg 399w, https:\/\/tomajazz.com\/web\/wp-content\/uploads\/2019\/03\/07_Mrc-Mzqd-\u00aeJoan-Cort\u00e8s_01gen19_lCsn_29JzzGrnllrs-200x300.jpg 200w, https:\/\/tomajazz.com\/web\/wp-content\/uploads\/2019\/03\/07_Mrc-Mzqd-\u00aeJoan-Cort\u00e8s_01gen19_lCsn_29JzzGrnllrs-37x55.jpg 37w\" sizes=\"auto, (max-width: 399px) 100vw, 399px\" \/> <img loading=\"lazy\" decoding=\"async\" class=\"aligncenter size-large wp-image-42336\" src=\"https:\/\/tomajazz.com\/web\/wp-content\/uploads\/2019\/03\/08_Mrc-Mzqd-\u00aeJoan-Cort\u00e8s_01gen19_lCsn_29JzzGrnllrs-600x399.jpg\" alt=\"\" width=\"600\" height=\"399\" title=\"\" srcset=\"https:\/\/tomajazz.com\/web\/wp-content\/uploads\/2019\/03\/08_Mrc-Mzqd-\u00aeJoan-Cort\u00e8s_01gen19_lCsn_29JzzGrnllrs.jpg 600w, https:\/\/tomajazz.com\/web\/wp-content\/uploads\/2019\/03\/08_Mrc-Mzqd-\u00aeJoan-Cort\u00e8s_01gen19_lCsn_29JzzGrnllrs-200x133.jpg 200w, https:\/\/tomajazz.com\/web\/wp-content\/uploads\/2019\/03\/08_Mrc-Mzqd-\u00aeJoan-Cort\u00e8s_01gen19_lCsn_29JzzGrnllrs-83x55.jpg 83w, https:\/\/tomajazz.com\/web\/wp-content\/uploads\/2019\/03\/08_Mrc-Mzqd-\u00aeJoan-Cort\u00e8s_01gen19_lCsn_29JzzGrnllrs-60x40.jpg 60w, https:\/\/tomajazz.com\/web\/wp-content\/uploads\/2019\/03\/08_Mrc-Mzqd-\u00aeJoan-Cort\u00e8s_01gen19_lCsn_29JzzGrnllrs-120x80.jpg 120w\" sizes=\"auto, (max-width: 600px) 100vw, 600px\" \/> <img loading=\"lazy\" decoding=\"async\" class=\"aligncenter size-large wp-image-42337\" src=\"https:\/\/tomajazz.com\/web\/wp-content\/uploads\/2019\/03\/09_Mrc-Mzqd-\u00aeJoan-Cort\u00e8s_01gen19_lCsn_29JzzGrnllrs-600x399.jpg\" alt=\"\" width=\"600\" height=\"399\" title=\"\" srcset=\"https:\/\/tomajazz.com\/web\/wp-content\/uploads\/2019\/03\/09_Mrc-Mzqd-\u00aeJoan-Cort\u00e8s_01gen19_lCsn_29JzzGrnllrs.jpg 600w, https:\/\/tomajazz.com\/web\/wp-content\/uploads\/2019\/03\/09_Mrc-Mzqd-\u00aeJoan-Cort\u00e8s_01gen19_lCsn_29JzzGrnllrs-200x133.jpg 200w, https:\/\/tomajazz.com\/web\/wp-content\/uploads\/2019\/03\/09_Mrc-Mzqd-\u00aeJoan-Cort\u00e8s_01gen19_lCsn_29JzzGrnllrs-83x55.jpg 83w, https:\/\/tomajazz.com\/web\/wp-content\/uploads\/2019\/03\/09_Mrc-Mzqd-\u00aeJoan-Cort\u00e8s_01gen19_lCsn_29JzzGrnllrs-60x40.jpg 60w, https:\/\/tomajazz.com\/web\/wp-content\/uploads\/2019\/03\/09_Mrc-Mzqd-\u00aeJoan-Cort\u00e8s_01gen19_lCsn_29JzzGrnllrs-120x80.jpg 120w\" sizes=\"auto, (max-width: 600px) 100vw, 600px\" \/> <img loading=\"lazy\" decoding=\"async\" class=\"aligncenter size-large wp-image-42338\" src=\"https:\/\/tomajazz.com\/web\/wp-content\/uploads\/2019\/03\/10_Mrc-Mzqd-\u00aeJoan-Cort\u00e8s_01gen19_lCsn_29JzzGrnllrs-399x600.jpg\" alt=\"\" width=\"399\" height=\"600\" title=\"\" srcset=\"https:\/\/tomajazz.com\/web\/wp-content\/uploads\/2019\/03\/10_Mrc-Mzqd-\u00aeJoan-Cort\u00e8s_01gen19_lCsn_29JzzGrnllrs.jpg 399w, https:\/\/tomajazz.com\/web\/wp-content\/uploads\/2019\/03\/10_Mrc-Mzqd-\u00aeJoan-Cort\u00e8s_01gen19_lCsn_29JzzGrnllrs-200x300.jpg 200w, https:\/\/tomajazz.com\/web\/wp-content\/uploads\/2019\/03\/10_Mrc-Mzqd-\u00aeJoan-Cort\u00e8s_01gen19_lCsn_29JzzGrnllrs-37x55.jpg 37w\" sizes=\"auto, (max-width: 399px) 100vw, 399px\" \/> <img loading=\"lazy\" decoding=\"async\" class=\"aligncenter size-large wp-image-42339\" src=\"https:\/\/tomajazz.com\/web\/wp-content\/uploads\/2019\/03\/11_Mrc-Mzqd-\u00aeJoan-Cort\u00e8s_01gen19_lCsn_29JzzGrnllrs-399x600.jpg\" alt=\"\" width=\"399\" height=\"600\" title=\"\" srcset=\"https:\/\/tomajazz.com\/web\/wp-content\/uploads\/2019\/03\/11_Mrc-Mzqd-\u00aeJoan-Cort\u00e8s_01gen19_lCsn_29JzzGrnllrs.jpg 399w, https:\/\/tomajazz.com\/web\/wp-content\/uploads\/2019\/03\/11_Mrc-Mzqd-\u00aeJoan-Cort\u00e8s_01gen19_lCsn_29JzzGrnllrs-200x300.jpg 200w, https:\/\/tomajazz.com\/web\/wp-content\/uploads\/2019\/03\/11_Mrc-Mzqd-\u00aeJoan-Cort\u00e8s_01gen19_lCsn_29JzzGrnllrs-37x55.jpg 37w\" sizes=\"auto, (max-width: 399px) 100vw, 399px\" \/><\/p>\n<p style=\"text-align: right;\">Tomajazz: \u00a9\u00a0<strong>Joan Cort\u00e8s<\/strong>, 2019<\/p>\n","protected":false},"excerpt":{"rendered":"<p>Por\u00a0Joan Cort\u00e8s. Fecha: Viernes, 01 de febrero de 2019 Lugar: Casino de Granollers &#8211; Club de Ritme (Granollers -Barcelona-) Grupo: Marco Mezquida Marco Mezquida, piano y percusi\u00f3n menor Tomajazz: \u00a9\u00a0Joan Cort\u00e8s, 2019<span class=\"more-link\"><a href=\"https:\/\/tomajazz.com\/web\/instantzz-marco-mezquida-piano-solo-28e-jazz-granollers-festival-casino-de-granollers-club-de-ritme-granollers-barcelona-2019-02-01-galeria-fotografica\/\">Contin\u00faa leyendo<\/a><\/span><\/p>\n","protected":false},"author":1,"featured_media":42334,"comment_status":"open","ping_status":"closed","sticky":false,"template":"","format":"standard","meta":{"jetpack_post_was_ever_published":false,"_jetpack_newsletter_access":"","_jetpack_dont_email_post_to_subs":false,"_jetpack_newsletter_tier_id":0,"_jetpack_memberships_contains_paywalled_content":false,"_jetpack_memberships_contains_paid_content":false,"footnotes":""},"categories":[17853,11262,15516,11261,1038],"tags":[1041,1151],"class_list":["entry","author-pachi","post-42328","post","type-post","status-publish","format-standard","has-post-thumbnail","category-joan-cortes","category-photoblogs","category-imagenes","category-instantzz","category-contenidos","tag-joan-cortes","tag-marco-mezquida"],"jetpack_featured_media_url":"https:\/\/tomajazz.com\/web\/wp-content\/uploads\/2019\/03\/06_Mrc-Mzqd-\u00aeJoan-Cort\u00e8s_01gen19_lCsn_29JzzGrnllrs.jpg","jetpack_likes_enabled":true,"jetpack_sharing_enabled":true,"jetpack-related-posts":[{"id":103512,"url":"https:\/\/tomajazz.com\/web\/36-jazz-granollers-festival-2026\/","url_meta":{"origin":42328,"position":0},"title":"36 Jazz Granollers Festival 2026 (del 23 de enero al 27 de marzo 2026. Granollers, Barcelona) [Noticias de jazz]","author":"Tomajazz","date":"18 enero, 2026","format":false,"excerpt":"El 36\u00e8 Jazz Granollers Festival 2026 se celebrar\u00e1 del 23 de enero al 27 de marzo de 2026 con quince jornadas y actuaciones de Lluc Casares, Irene Reig, Alba Careta, Marco Mezquida y m\u00e1s #Noticiasdejazz","rel":"","context":"En \u00ab36 Jazz Granollers Festival 2026\u00bb","block_context":{"text":"36 Jazz Granollers Festival 2026","link":"https:\/\/tomajazz.com\/web\/category\/contenidos\/especial-contenidos\/36-jazz-granollers-festival-2026\/"},"img":{"alt_text":"36 Jazz Granollers Festival 2026 (del 23 de enero al 27 de marzo 2026. Granollers, Barcelona) [Noticias de jazz] - Tomajazz - El 36\u00e8 Jazz Granollers Festival 2026 se celebrar\u00e1 del 23 de enero al 27 de marzo de 2026 con quince jornadas y actuaciones de Lluc Casares, Irene Reig, Alba Careta, Marco Mezquida y m\u00e1s #Noticiasdejazz","src":"https:\/\/i0.wp.com\/tomajazz.com\/web\/wp-content\/uploads\/2026\/01\/Cartell-36e-Jazz-Granollers-Festival-2026.jpg?resize=350%2C200&ssl=1","width":350,"height":200,"srcset":"https:\/\/i0.wp.com\/tomajazz.com\/web\/wp-content\/uploads\/2026\/01\/Cartell-36e-Jazz-Granollers-Festival-2026.jpg?resize=350%2C200&ssl=1 1x, https:\/\/i0.wp.com\/tomajazz.com\/web\/wp-content\/uploads\/2026\/01\/Cartell-36e-Jazz-Granollers-Festival-2026.jpg?resize=525%2C300&ssl=1 1.5x, https:\/\/i0.wp.com\/tomajazz.com\/web\/wp-content\/uploads\/2026\/01\/Cartell-36e-Jazz-Granollers-Festival-2026.jpg?resize=700%2C400&ssl=1 2x"},"classes":[]},{"id":104657,"url":"https:\/\/tomajazz.com\/web\/joan-sanmarti-5t-36-jazz-granollers-2026\/","url_meta":{"origin":42328,"position":1},"title":"Joan Sanmart\u00ed 5t (36\u00e8 Jazz Granollers Festival 2026\/ Casino, 2026-02-20 \/ Granollers -Barcelona-) [I] Por Joan Cort\u00e8s [INSTANTZZ AKA Galer\u00eda fotogr\u00e1fica AKA Fotoblog de jazz, impro\u2026 y algo m\u00e1s]","author":"Tomajazz","date":"2 abril, 2026","format":false,"excerpt":"Joan Sanmart\u00ed 5t actu\u00f3 en el 36\u00e8 Jazz Granollers Festival 2026, el 20 de febrero de 2026. Joan Cort\u00e8s lo retrata en INSTANTZZ. Joan Sanmart\u00ed 5t son Joan Sanmart\u00ed, Gabriel Amargant, Pau Dom\u00e8nech, Marc Cuevas, Joan Vidal","rel":"","context":"En \u00ab36 Jazz Granollers Festival 2026\u00bb","block_context":{"text":"36 Jazz Granollers Festival 2026","link":"https:\/\/tomajazz.com\/web\/category\/contenidos\/especial-contenidos\/36-jazz-granollers-festival-2026\/"},"img":{"alt_text":"Joan Sanmart\u00ed 5t (36\u00e8 Jazz Granollers Festival 2026\/ Casino, 2026-02-20 \/ Granollers -Barcelona-) [I] Por Joan Cort\u00e8s [INSTANTZZ AKA Galer\u00eda fotogr\u00e1fica AKA Fotoblog de jazz, impro\u2026 y algo m\u00e1s] - Tomajazz - Joan Sanmart\u00ed 5t actu\u00f3 en el 36\u00e8 Jazz Granollers Festival 2026, el 20 de febrero de 2026. Joan Cort\u00e8s lo retrata en INSTANTZZ. Joan Sanmart\u00ed 5t son Joan Sanmart\u00ed, Gabriel Amargant, Pau Dom\u00e8nech, Marc Cuevas, Joan Vidal\n","src":"https:\/\/i0.wp.com\/tomajazz.com\/web\/wp-content\/uploads\/2026\/04\/destacada-09-Jn-Snmrt-5t-Photo-By-Joan-Cortes-20fbr26-36FJG-Csn-Grn.jpg?resize=350%2C200&ssl=1","width":350,"height":200},"classes":[]},{"id":105012,"url":"https:\/\/tomajazz.com\/web\/lage-lund-trio-granollers-2026\/","url_meta":{"origin":42328,"position":2},"title":"Lage Lund Trio (36\u00e8 Jazz Granollers Festival \/ Casino, 2026-03-13 \/ Granollers -Barcelona-) [y III] Por Joan Cort\u00e8s [INSTANTZZ AKA Galer\u00eda fotogr\u00e1fica AKA Fotoblog de jazz, impro\u2026 y algo m\u00e1s]","author":"Tomajazz","date":"23 abril, 2026","format":false,"excerpt":"Lage Lund Trio actu\u00f3 en el 36\u00e8 Jazz Granollers Festival, el 13 de marzo de 2026. Joan Cort\u00e8s lo retrata en INSTANTZZ. Lage Lund Trio son Lage Lund, Orlando Le Fleming, Greg Hutchinson","rel":"","context":"En \u00ab36 Jazz Granollers Festival 2026\u00bb","block_context":{"text":"36 Jazz Granollers Festival 2026","link":"https:\/\/tomajazz.com\/web\/category\/contenidos\/especial-contenidos\/36-jazz-granollers-festival-2026\/"},"img":{"alt_text":"Lage Lund Trio (36\u00e8 Jazz Granollers Festival \/ Casino, 2026-03-13 \/ Granollers -Barcelona-) [y III] Por Joan Cort\u00e8s [INSTANTZZ AKA Galer\u00eda fotogr\u00e1fica AKA Fotoblog de jazz, impro\u2026 y algo m\u00e1s] - Tomajazz - Lage Lund Trio actu\u00f3 en el 36\u00e8 Jazz Granollers Festival, el 13 de marzo de 2026. Joan Cort\u00e8s lo retrata en INSTANTZZ. Lage Lund Trio son Lage Lund, Orlando Le Fleming, Greg Hutchinson","src":"https:\/\/i0.wp.com\/tomajazz.com\/web\/wp-content\/uploads\/2026\/04\/destacada-02-Lg-Lnd-Photo-by-Joan-Cortes-13mrc26-36JGF-Csn-Gr-bn.jpg?resize=350%2C200&ssl=1","width":350,"height":200,"srcset":"https:\/\/i0.wp.com\/tomajazz.com\/web\/wp-content\/uploads\/2026\/04\/destacada-02-Lg-Lnd-Photo-by-Joan-Cortes-13mrc26-36JGF-Csn-Gr-bn.jpg?resize=350%2C200&ssl=1 1x, https:\/\/i0.wp.com\/tomajazz.com\/web\/wp-content\/uploads\/2026\/04\/destacada-02-Lg-Lnd-Photo-by-Joan-Cortes-13mrc26-36JGF-Csn-Gr-bn.jpg?resize=525%2C300&ssl=1 1.5x"},"classes":[]},{"id":104847,"url":"https:\/\/tomajazz.com\/web\/alba-careta-group-panical-jazz-granollers-2026\/","url_meta":{"origin":42328,"position":3},"title":"Alba Careta Group \u201cPanical\u201d (36\u00e8 Jazz Granollers Festival \/ Casino, 2026-02-27 \/ Granollers -Barcelona-) [II] Por Joan Cort\u00e8s [INSTANTZZ AKA Galer\u00eda fotogr\u00e1fica AKA Fotoblog de jazz, impro\u2026 y algo m\u00e1s]","author":"Tomajazz","date":"12 abril, 2026","format":false,"excerpt":"Alba Careta Group \u201cPanical\u201d actu\u00f3 en el 36\u00e8 Jazz Granollers Festival, el 27 de febrero de 2026. Joan Cort\u00e8s lo retrata en INSTANTZZ. Alba Careta Group \u201cPanical\u201d son Alba Careta, Lucas Mart\u00ednez, Roger Santacana, Giuseppe Campisi, Jordi Pallar\u00e9s","rel":"","context":"En \u00ab36 Jazz Granollers Festival 2026\u00bb","block_context":{"text":"36 Jazz Granollers Festival 2026","link":"https:\/\/tomajazz.com\/web\/category\/contenidos\/especial-contenidos\/36-jazz-granollers-festival-2026\/"},"img":{"alt_text":"Alba Careta Group \u201cPanical\u201d (36\u00e8 Jazz Granollers Festival \/ Casino, 2026-02-27 \/ Granollers -Barcelona-) [II] Por Joan Cort\u00e8s [INSTANTZZ AKA Galer\u00eda fotogr\u00e1fica AKA Fotoblog de jazz, impro\u2026 y algo m\u00e1s] - Tomajazz - Alba Careta Group \u201cPanical\u201d actu\u00f3 en el 36\u00e8 Jazz Granollers Festival, el 27 de febrero de 2026. Joan Cort\u00e8s lo retrata en INSTANTZZ. Alba Careta Group \u201cPanical\u201d son Alba Careta, Lucas Mart\u00ednez, Roger Santacana, Giuseppe Campisi, Jordi Pallar\u00e9s\n","src":"https:\/\/i0.wp.com\/tomajazz.com\/web\/wp-content\/uploads\/2026\/04\/destacada-03-lb-Crt-Grp-Photo-by-Joan-Cortes-27fbr26-36JGF-CG-CR-Grnllrs.jpg?resize=350%2C200&ssl=1","width":350,"height":200,"srcset":"https:\/\/i0.wp.com\/tomajazz.com\/web\/wp-content\/uploads\/2026\/04\/destacada-03-lb-Crt-Grp-Photo-by-Joan-Cortes-27fbr26-36JGF-CG-CR-Grnllrs.jpg?resize=350%2C200&ssl=1 1x, https:\/\/i0.wp.com\/tomajazz.com\/web\/wp-content\/uploads\/2026\/04\/destacada-03-lb-Crt-Grp-Photo-by-Joan-Cortes-27fbr26-36JGF-CG-CR-Grnllrs.jpg?resize=525%2C300&ssl=1 1.5x"},"classes":[]},{"id":35671,"url":"https:\/\/tomajazz.com\/web\/instantzz-eliot-zigmund-trios-jamboree-barcelona-2017-11-29-45e-cicle-de-jazz-al-casino-casino-de-granollers-club-de-ritme-granollers-barcelona-2017-12-01-galeria-fotografica\/","url_meta":{"origin":42328,"position":4},"title":"INSTANTZZ: Eliot Zigmund Trios (Jamboree \u2013Barcelona-. 2017-11-29 \/ 45\u00e8 Cicle de Jazz al Casino, Casino de Granollers &#8211; Club de Ritme, Granollers -Barcelona-.  2017-12-01) [Galer\u00eda fotogr\u00e1fica]","author":"Tomajazz","date":"16 marzo, 2018","format":false,"excerpt":"Fechas: Mi\u00e9rcoles, 29 de noviembre \/ Viernes, 01 de diciembre de 2017 Lugares: Jamboree \u2013Barcelona- \/ Casino de Granollers - Club de Ritme (Granollers -Barcelona-) Grupo: Eliot Zigmund Trios Eliot Zigmund, bater\u00eda Manel Fortia, contrabajo Marco Mezquida, piano (Barcelona, 29-nov-17) Bill McHenry (Granollers, 01-dic-2017) Tomajazz:\u00a0\u00a9\u00a0Joan Cort\u00e8s, 2018","rel":"","context":"En \u00ab*_Joan Cort\u00e8s\u00bb","block_context":{"text":"*_Joan Cort\u00e8s","link":"https:\/\/tomajazz.com\/web\/category\/joan-cortes\/"},"img":{"alt_text":"","src":"https:\/\/i0.wp.com\/tomajazz.com\/web\/wp-content\/uploads\/2018\/03\/09_lt-Zgmnd-trs-%C2%A9Joan-Cort%C3%A8s%C2%A9Joan-Cort%C3%A8s_01dsm17_CsnClbRtm_Grnllrs.jpg?resize=350%2C200&ssl=1","width":350,"height":200,"srcset":"https:\/\/i0.wp.com\/tomajazz.com\/web\/wp-content\/uploads\/2018\/03\/09_lt-Zgmnd-trs-%C2%A9Joan-Cort%C3%A8s%C2%A9Joan-Cort%C3%A8s_01dsm17_CsnClbRtm_Grnllrs.jpg?resize=350%2C200&ssl=1 1x, https:\/\/i0.wp.com\/tomajazz.com\/web\/wp-content\/uploads\/2018\/03\/09_lt-Zgmnd-trs-%C2%A9Joan-Cort%C3%A8s%C2%A9Joan-Cort%C3%A8s_01dsm17_CsnClbRtm_Grnllrs.jpg?resize=525%2C300&ssl=1 1.5x"},"classes":[]},{"id":54155,"url":"https:\/\/tomajazz.com\/web\/instantzz-marco-mezquida-trio-talisman-31e-jazz-granollers-festival-casino-de-granollers-club-de-ritme-granollers-barcelona-2021-03-05-galeria-fotografica-aka-fotoblog-de\/","url_meta":{"origin":42328,"position":5},"title":"INSTANTZZ: Marco Mezquida Trio \u201cTalism\u00e1n\u201d (31\u00e8 Jazz Granollers Festival \/ Casino de Granollers Club de Ritme, Granollers -Barcelona-.  2021-03-05) [Galer\u00eda fotogr\u00e1fica AKA Fotoblog de jazz, impro\u2026 y algo m\u00e1s] Por Joan Cort\u00e8s","author":"Tomajazz","date":"27 marzo, 2021","format":false,"excerpt":"Joan Cort\u00e8s retrata en INSTANTZZ la actuaci\u00f3n de Marco Mezquida Trio con el proyecto \u201cTalism\u00e1n\u201d en el 31\u00e8 Jazz Granollers Festival.","rel":"","context":"En \u00abIm\u00e1genes\u00bb","block_context":{"text":"Im\u00e1genes","link":"https:\/\/tomajazz.com\/web\/category\/contenidos\/imagenes\/"},"img":{"alt_text":"","src":"https:\/\/i0.wp.com\/tomajazz.com\/web\/wp-content\/uploads\/2021\/03\/05_Mrc-Mzqd-Tlsmn-Joan-Cortes_05mar21_CGCR_31FJG_Grnllrs.jpg?resize=350%2C200&ssl=1","width":350,"height":200,"srcset":"https:\/\/i0.wp.com\/tomajazz.com\/web\/wp-content\/uploads\/2021\/03\/05_Mrc-Mzqd-Tlsmn-Joan-Cortes_05mar21_CGCR_31FJG_Grnllrs.jpg?resize=350%2C200&ssl=1 1x, https:\/\/i0.wp.com\/tomajazz.com\/web\/wp-content\/uploads\/2021\/03\/05_Mrc-Mzqd-Tlsmn-Joan-Cortes_05mar21_CGCR_31FJG_Grnllrs.jpg?resize=525%2C300&ssl=1 1.5x"},"classes":[]}],"_links":{"self":[{"href":"https:\/\/tomajazz.com\/web\/wp-json\/wp\/v2\/posts\/42328","targetHints":{"allow":["GET"]}}],"collection":[{"href":"https:\/\/tomajazz.com\/web\/wp-json\/wp\/v2\/posts"}],"about":[{"href":"https:\/\/tomajazz.com\/web\/wp-json\/wp\/v2\/types\/post"}],"author":[{"embeddable":true,"href":"https:\/\/tomajazz.com\/web\/wp-json\/wp\/v2\/users\/1"}],"replies":[{"embeddable":true,"href":"https:\/\/tomajazz.com\/web\/wp-json\/wp\/v2\/comments?post=42328"}],"version-history":[{"count":2,"href":"https:\/\/tomajazz.com\/web\/wp-json\/wp\/v2\/posts\/42328\/revisions"}],"predecessor-version":[{"id":42385,"href":"https:\/\/tomajazz.com\/web\/wp-json\/wp\/v2\/posts\/42328\/revisions\/42385"}],"wp:featuredmedia":[{"embeddable":true,"href":"https:\/\/tomajazz.com\/web\/wp-json\/wp\/v2\/media\/42334"}],"wp:attachment":[{"href":"https:\/\/tomajazz.com\/web\/wp-json\/wp\/v2\/media?parent=42328"}],"wp:term":[{"taxonomy":"category","embeddable":true,"href":"https:\/\/tomajazz.com\/web\/wp-json\/wp\/v2\/categories?post=42328"},{"taxonomy":"post_tag","embeddable":true,"href":"https:\/\/tomajazz.com\/web\/wp-json\/wp\/v2\/tags?post=42328"}],"curies":[{"name":"wp","href":"https:\/\/api.w.org\/{rel}","templated":true}]}}